{"id":4993,"date":"2026-02-27T07:15:57","date_gmt":"2026-02-27T07:15:57","guid":{"rendered":"https:\/\/mastorrencito.com\/?p=4993"},"modified":"2026-02-27T07:15:58","modified_gmt":"2026-02-27T07:15:58","slug":"turisme-rural-per-habitacions-girona-realitat","status":"publish","type":"post","link":"https:\/\/mastorrencito.com\/cat\/turisme-rural-per-habitacions-girona-realitat\/","title":{"rendered":"3 mesos bons i 9 de pen\u00faria | La veritat del turisme rural per habitacions"},"content":{"rendered":"\n<h2 class=\"wp-block-heading\">El turisme rural sona id\u00edl\u00b7lic.<br>Natura. Esmorzars al sol. Gossos corrent feli\u00e7os.<\/h2>\n\n\n\n<p>Per\u00f2 la realitat \u00e9s una altra.<\/p>\n\n\n\n<p>En el model de&nbsp;<strong>turisme rural per habitacions a Girona<\/strong>, el calendari es resumeix aix\u00ed:<\/p>\n\n\n\n<p>\ud83d\udc49&nbsp;<strong>3 mesos bons. 9 de pen\u00faria i angoixa.<\/strong><\/p>\n\n\n\n<p>No \u00e9s dramatitzaci\u00f3.<br>\u00c9s matem\u00e0tica.<\/p>\n\n\n\n<figure class=\"wp-block-image size-full\"><img decoding=\"async\" src=\"https:\/\/mastorrencito.com\/es\/wp-content\/uploads\/sites\/1\/ChatGPT-Image-27-feb-2026-08_05_42.png\" alt=\"Ilustraci\u00f3n humor\u00edstica de un propietario de turismo rural desbordado entre facturas, limpieza y mantenimiento mientras fuera luce el verano y un perro sonr\u00ede con un zapato en la boca bajo el t\u00edtulo \u201c3 meses buenos y 9 de penuria y agobios\u201d.\" class=\"wp-image-2197\" \/><figcaption class=\"wp-element-caption\">La cara real del turismo rural por habitaciones: verano lleno\u2026 y nueve meses haciendo malabares entre facturas, limpieza, perros y supervivencia. \ud83c\udf3e\ud83d\udc3e<\/figcaption><\/figure>\n\n\n\n<hr class=\"wp-block-separator has-alpha-channel-opacity\" \/>\n\n\n\n<h2 class=\"wp-block-heading\">El mite que l\u2019estiu ho compensa tot<\/h2>\n\n\n\n<p>Des de fora sembla f\u00e0cil:<\/p>\n\n\n\n<p>\u201cAmb juliol i agost ja feu l\u2019any.\u201d<br>\u201cSetmana Santa us salva.\u201d<br>\u201cEls ponts s\u00f3n espectaculars.\u201d<\/p>\n\n\n\n<p>No.<\/p>\n\n\n\n<p>Juny, juliol i agost funcionen.<br>La resta de l\u2019any es sobreviu.<\/p>\n\n\n\n<p>Fa 10 anys:<\/p>\n\n\n\n<ul class=\"wp-block-list\">\n<li>Cap de setmana = divendres + dissabte.<\/li>\n\n\n\n<li>Setmana Santa = setmana sencera.<\/li>\n\n\n\n<li>Pont = m\u00ednim 3 nits.<\/li>\n<\/ul>\n\n\n\n<p>Ara:<\/p>\n\n\n\n<ul class=\"wp-block-list\">\n<li>Cap de setmana = dissabte.<\/li>\n\n\n\n<li>Setmana Santa = divendres, dissabte i diumenge.<\/li>\n\n\n\n<li>Pont = 2 nits si hi ha sort.<\/li>\n<\/ul>\n\n\n\n<p>L\u2019estada mitjana ha baixat.<br>El marge tamb\u00e9.<\/p>\n\n\n\n<hr class=\"wp-block-separator has-alpha-channel-opacity\" \/>\n\n\n\n<h2 class=\"wp-block-heading\">Les despeses no reserven nom\u00e9s dissabte<\/h2>\n\n\n\n<p>Mentre el client reserva una o dues nits\u2026<\/p>\n\n\n\n<p>Les despeses treballen tot el mes.<\/p>\n\n\n\n<p>Tradu\u00eft al llenguatge rural:<\/p>\n\n\n\n<ul class=\"wp-block-list\">\n<li>Impostos \u2192 un cap de setmana.<\/li>\n\n\n\n<li>Seguretat Social\/aut\u00f2noms \u2192 mig cap de setmana.<\/li>\n\n\n\n<li>Llum \u2192 mig cap de setmana (encara que tinguis plaques i bateries).<\/li>\n\n\n\n<li>Personal \u2192 un altre cap de setmana.<\/li>\n\n\n\n<li>Jardins i manteniment \u2192 un altre.<\/li>\n\n\n\n<li>Pintura, reparacions, imprevistos \u2192 un m\u00e9s.<\/li>\n<\/ul>\n\n\n\n<p>Hem convertit el mes en&nbsp;<strong>sis caps de setmana<\/strong>.<\/p>\n\n\n\n<p>Per\u00f2 el calendari continua igual.<\/p>\n\n\n\n<hr class=\"wp-block-separator has-alpha-channel-opacity\" \/>\n\n\n\n<h2 class=\"wp-block-heading\">I si admetes gossos\u2026 multiplica la feina<\/h2>\n\n\n\n<p>Ser petfriendly no \u00e9s una etiqueta bonica.<\/p>\n\n\n\n<p>\u00c9s log\u00edstica.<\/p>\n\n\n\n<ul class=\"wp-block-list\">\n<li>M\u00e9s neteja.<\/li>\n\n\n\n<li>M\u00e9s bugades.<\/li>\n\n\n\n<li>M\u00e9s t\u00e8xtils.<\/li>\n\n\n\n<li>M\u00e9s desgast.<\/li>\n\n\n\n<li>M\u00e9s manteniment.<\/li>\n<\/ul>\n\n\n\n<p>Hi ha una feina invisible que no surt a Instagram.<\/p>\n\n\n\n<p>La que comen\u00e7a quan tothom dorm.<\/p>\n\n\n\n<p>I si vols estalviar\u2026<\/p>\n\n\n\n<p>Te la fas tu.<\/p>\n\n\n\n<hr class=\"wp-block-separator has-alpha-channel-opacity\" \/>\n\n\n\n<h2 class=\"wp-block-heading\">La multinacional unipersonal amb jard\u00ed<\/h2>\n\n\n\n<p>En el model per habitacions, el propietari \u00e9s:<\/p>\n\n\n\n<ul class=\"wp-block-list\">\n<li>Recepcionista.<\/li>\n\n\n\n<li>Comercial.<\/li>\n\n\n\n<li>Responsable de m\u00e0rqueting.<\/li>\n\n\n\n<li>Community manager.<\/li>\n\n\n\n<li>Fot\u00f2graf.<\/li>\n\n\n\n<li>Organitzador d\u2019esmorzars.<\/li>\n\n\n\n<li>Guia de rutes.<\/li>\n\n\n\n<li>Responsable d\u2019atenci\u00f3 al client.<\/li>\n\n\n\n<li>Comptable.<\/li>\n\n\n\n<li>Jardiner ocasional.<\/li>\n\n\n\n<li>T\u00e8cnic de manteniment.<\/li>\n\n\n\n<li>I gestor emocional.<\/li>\n<\/ul>\n\n\n\n<p>No \u00e9s nom\u00e9s un allotjament.<\/p>\n\n\n\n<p>\u00c9s una&nbsp;<strong>multinacional unipersonal amb jard\u00ed i gossos.<\/strong><\/p>\n\n\n\n<p>El dia t\u00e9 24 hores.<br>I el turisme rural les vol totes.<\/p>\n\n\n\n<hr class=\"wp-block-separator has-alpha-channel-opacity\" \/>\n\n\n\n<h2 class=\"wp-block-heading\">El fenomen HUT<\/h2>\n\n\n\n<p>Moltes cases rurals a Girona han passat al model HUT.<\/p>\n\n\n\n<p>No \u00e9s casualitat.<\/p>\n\n\n\n<p>Un HUT:<\/p>\n\n\n\n<ul class=\"wp-block-list\">\n<li>Simplifica personal.<\/li>\n\n\n\n<li>Redueix pres\u00e8ncia di\u00e0ria.<\/li>\n\n\n\n<li>Automatitza processos.<\/li>\n\n\n\n<li>Minimitza desgast.<\/li>\n<\/ul>\n\n\n\n<p>El model per habitacions exigeix pres\u00e8ncia constant.<\/p>\n\n\n\n<p>I aix\u00f2, avui, \u00e9s dif\u00edcil de sostenir.<\/p>\n\n\n\n<hr class=\"wp-block-separator has-alpha-channel-opacity\" \/>\n\n\n\n<h2 class=\"wp-block-heading\">I despr\u00e9s\u2026 el temps de pregar<\/h2>\n\n\n\n<p>Entre:<\/p>\n\n\n\n<ul class=\"wp-block-list\">\n<li>Normatives canviants.<\/li>\n\n\n\n<li>Impostos.<\/li>\n\n\n\n<li>Plataformes.<\/li>\n\n\n\n<li>Costos energ\u00e8tics.<\/li>\n\n\n\n<li>Compet\u00e8ncia irregular.<\/li>\n<\/ul>\n\n\n\n<p>Un blasfema.<\/p>\n\n\n\n<p>I com que blasfema molt\u2026<\/p>\n\n\n\n<p>Despr\u00e9s toca confessar-se.<\/p>\n\n\n\n<p>El turisme rural tamb\u00e9 t\u00e9 una dimensi\u00f3 espiritual.<\/p>\n\n\n\n<p>Sobretot al novembre.<\/p>\n\n\n\n<hr class=\"wp-block-separator has-alpha-channel-opacity\" \/>\n\n\n\n<h2 class=\"wp-block-heading\">Per qu\u00e8 seguim?<\/h2>\n\n\n\n<p>Perqu\u00e8 quan alg\u00fa et diu:<\/p>\n\n\n\n<p>\u201cEns heu fet sentir com a casa.\u201d<\/p>\n\n\n\n<p>Quan un gos no vol marxar.<\/p>\n\n\n\n<p>Quan un client repeteix per quarta vegada.<\/p>\n\n\n\n<p>Aleshores entens que aix\u00f2 no \u00e9s nom\u00e9s negoci.<\/p>\n\n\n\n<p>\u00c9s vocaci\u00f3.<br>\u00c9s identitat.<br>\u00c9s resist\u00e8ncia.<\/p>\n\n\n\n<p>_____________<\/p>\n\n\n\n<p><strong>Viatges amb gos?<\/strong><br>Descobreix per qu\u00e8 Mas Torrencito \u00e9s una de les cases rurals petfriendly m\u00e9s aut\u00e8ntiques d\u2019Espanya.<\/p>\n\n\n\n<div class=\"wp-block-buttons is-content-justification-center is-layout-flex wp-container-core-buttons-is-layout-a89b3969 wp-block-buttons-is-layout-flex\">\n<div class=\"wp-block-button\"><a class=\"wp-block-button__link wp-element-button\" href=\"http:\/\/www.mastorrencito.com\">RESERVAR<\/a><\/div>\n<\/div>\n\n\n\n<hr class=\"wp-block-separator has-alpha-channel-opacity\" \/>\n\n\n\n<p>\ud83d\udc3e&nbsp;<strong>Mas Torrencito<\/strong><\/p>\n\n\n\n<p>Turisme rural petfriendly a Girona<br>On els gossos no hi passen.<br>S\u2019hi queden.<\/p>\n\n\n\n<p>\ud83d\udc3e\ud83d\udc9b<\/p>\n\n\n\n<p>Des de MasTorrencito et desitgem un bon dia i que els teus gossos t\u2019acompanyin!!!!<strong>.<\/strong><\/p>\n\n\n\n<figure class=\"wp-block-embed is-type-video is-provider-youtube wp-block-embed-youtube wp-embed-aspect-16-9 wp-has-aspect-ratio\"><div class=\"wp-block-embed__wrapper\">\n<iframe title=\"mastorrencito corporativo 2020\" width=\"800\" height=\"450\" src=\"https:\/\/www.youtube.com\/embed\/L7Gk6MoyqpQ?feature=oembed\" frameborder=\"0\" allow=\"accelerometer; autoplay; clipboard-write; encrypted-media; gyroscope; picture-in-picture; web-share\" referrerpolicy=\"strict-origin-when-cross-origin\" allowfullscreen><\/iframe>\n<\/div><\/figure>\n","protected":false},"excerpt":{"rendered":"<p>Descobreix la realitat del turisme rural per habitacions a Girona: nom\u00e9s 3 mesos forts, 9 de superviv\u00e8ncia, m\u00e9s feina si admetes gossos i una pressi\u00f3 fiscal constant.<\/p>\n","protected":false},"author":2,"featured_media":4994,"comment_status":"closed","ping_status":"closed","sticky":false,"template":"","format":"standard","meta":{"_acf_changed":false,"footnotes":""},"categories":[1],"tags":[162,153,152,151,150,156,165,160,159,168,170,158,167,166,157,155,169,161,154,163,146,148,147,149,164],"class_list":["post-4993","post","type-post","status-publish","format-standard","has-post-thumbnail","hentry","category-sin-categoria","tag-allotjament-amb-animals-de-companyia","tag-allotjament-petfriendly-girona","tag-allotjament-rural-amb-gossos","tag-cases-rurals-catalunya","tag-cases-rurals-girona","tag-crisi-turisme-rural","tag-dificultats-turisme-rural","tag-economia-rural","tag-emprendre-en-el-mon-rural","tag-emprenedoria-rural","tag-experiencia-rural-autentica","tag-gestio-casa-rural","tag-habitatge-dus-turistic","tag-model-hut-catalunya","tag-negoci-rural-a-catalunya","tag-realitat-del-turisme-rural","tag-sector-turistic-catala","tag-sostenibilitat-rural","tag-turisme-petfriendly-catalunya","tag-turisme-responsable","tag-turisme-rural","tag-turisme-rural-catalunya","tag-turisme-rural-girona","tag-turisme-rural-per-habitacions","tag-vida-rural-real"],"yoast_head":"<!-- This site is optimized with the Yoast SEO Premium plugin v27.3 (Yoast SEO v27.4) - https:\/\/yoast.com\/product\/yoast-seo-premium-wordpress\/ -->\n<title>3 mesos bons i 9 de pen\u00faria | La veritat del turisme rural per habitacions - Mas Torrencito CAT<\/title>\n<meta name=\"robots\" content=\"index, follow, max-snippet:-1, max-image-preview:large, max-video-preview:-1\" \/>\n<link rel=\"canonical\" href=\"https:\/\/mastorrencito.com\/cat\/turisme-rural-per-habitacions-girona-realitat\/\" \/>\n<meta property=\"og:locale\" content=\"es_ES\" \/>\n<meta property=\"og:type\" content=\"article\" \/>\n<meta property=\"og:title\" content=\"3 mesos bons i 9 de pen\u00faria | La veritat del turisme rural per habitacions\" \/>\n<meta property=\"og:description\" content=\"Descobreix la realitat del turisme rural per habitacions a Girona: nom\u00e9s 3 mesos forts, 9 de superviv\u00e8ncia, m\u00e9s feina si admetes gossos i una pressi\u00f3 fiscal constant.\" \/>\n<meta property=\"og:url\" content=\"https:\/\/mastorrencito.com\/cat\/turisme-rural-per-habitacions-girona-realitat\/\" \/>\n<meta property=\"og:site_name\" content=\"Mas Torrencito CAT\" \/>\n<meta property=\"article:published_time\" content=\"2026-02-27T07:15:57+00:00\" \/>\n<meta property=\"article:modified_time\" content=\"2026-02-27T07:15:58+00:00\" \/>\n<meta property=\"og:image\" content=\"https:\/\/mastorrencito.com\/cat\/wp-content\/uploads\/sites\/3\/ChatGPT-Image-27-feb-2026-08_05_42.png\" \/>\n\t<meta property=\"og:image:width\" content=\"510\" \/>\n\t<meta property=\"og:image:height\" content=\"765\" \/>\n\t<meta property=\"og:image:type\" content=\"image\/png\" \/>\n<meta name=\"author\" content=\"Mastorrencito\" \/>\n<meta name=\"twitter:card\" content=\"summary_large_image\" \/>\n<meta name=\"twitter:label1\" content=\"Escrito por\" \/>\n\t<meta name=\"twitter:data1\" content=\"Mastorrencito\" \/>\n\t<meta name=\"twitter:label2\" content=\"Tiempo de lectura\" \/>\n\t<meta name=\"twitter:data2\" content=\"3 minutos\" \/>\n<script type=\"application\/ld+json\" class=\"yoast-schema-graph\">{\"@context\":\"https:\\\/\\\/schema.org\",\"@graph\":[{\"@type\":\"Article\",\"@id\":\"https:\\\/\\\/mastorrencito.com\\\/cat\\\/turisme-rural-per-habitacions-girona-realitat\\\/#article\",\"isPartOf\":{\"@id\":\"https:\\\/\\\/mastorrencito.com\\\/cat\\\/turisme-rural-per-habitacions-girona-realitat\\\/\"},\"author\":{\"name\":\"Mastorrencito\",\"@id\":\"https:\\\/\\\/mastorrencito.com\\\/#\\\/schema\\\/person\\\/18c619be80d4ae2667c702911625f790\"},\"headline\":\"3 mesos bons i 9 de pen\u00faria | La veritat del turisme rural per habitacions\",\"datePublished\":\"2026-02-27T07:15:57+00:00\",\"dateModified\":\"2026-02-27T07:15:58+00:00\",\"mainEntityOfPage\":{\"@id\":\"https:\\\/\\\/mastorrencito.com\\\/cat\\\/turisme-rural-per-habitacions-girona-realitat\\\/\"},\"wordCount\":570,\"publisher\":{\"@id\":\"https:\\\/\\\/mastorrencito.com\\\/#organization\"},\"image\":{\"@id\":\"https:\\\/\\\/mastorrencito.com\\\/cat\\\/turisme-rural-per-habitacions-girona-realitat\\\/#primaryimage\"},\"thumbnailUrl\":\"https:\\\/\\\/mastorrencito.com\\\/cat\\\/wp-content\\\/uploads\\\/sites\\\/3\\\/ChatGPT-Image-27-feb-2026-08_05_42.png\",\"keywords\":[\"allotjament amb animals de companyia\",\"allotjament petfriendly Girona\",\"allotjament rural amb gossos\",\"cases rurals Catalunya\",\"cases rurals Girona\",\"crisi turisme rural\",\"dificultats turisme rural\",\"economia rural\",\"emprendre en el m\u00f3n rural\",\"emprenedoria rural\",\"experi\u00e8ncia rural aut\u00e8ntica\",\"gesti\u00f3 casa rural\",\"habitatge d\u2019\u00fas tur\u00edstic\",\"model HUT Catalunya\",\"negoci rural a Catalunya\",\"realitat del turisme rural\",\"sector tur\u00edstic catal\u00e0\",\"sostenibilitat rural\",\"turisme petfriendly Catalunya\",\"turisme responsable\",\"turisme rural\",\"turisme rural Catalunya\",\"turisme rural Girona\",\"turisme rural per habitacions\",\"vida rural real\"],\"inLanguage\":\"es\"},{\"@type\":\"WebPage\",\"@id\":\"https:\\\/\\\/mastorrencito.com\\\/cat\\\/turisme-rural-per-habitacions-girona-realitat\\\/\",\"url\":\"https:\\\/\\\/mastorrencito.com\\\/cat\\\/turisme-rural-per-habitacions-girona-realitat\\\/\",\"name\":\"3 mesos bons i 9 de pen\u00faria | La veritat del turisme rural per habitacions - Mas Torrencito CAT\",\"isPartOf\":{\"@id\":\"https:\\\/\\\/mastorrencito.com\\\/#website\"},\"primaryImageOfPage\":{\"@id\":\"https:\\\/\\\/mastorrencito.com\\\/cat\\\/turisme-rural-per-habitacions-girona-realitat\\\/#primaryimage\"},\"image\":{\"@id\":\"https:\\\/\\\/mastorrencito.com\\\/cat\\\/turisme-rural-per-habitacions-girona-realitat\\\/#primaryimage\"},\"thumbnailUrl\":\"https:\\\/\\\/mastorrencito.com\\\/cat\\\/wp-content\\\/uploads\\\/sites\\\/3\\\/ChatGPT-Image-27-feb-2026-08_05_42.png\",\"datePublished\":\"2026-02-27T07:15:57+00:00\",\"dateModified\":\"2026-02-27T07:15:58+00:00\",\"breadcrumb\":{\"@id\":\"https:\\\/\\\/mastorrencito.com\\\/cat\\\/turisme-rural-per-habitacions-girona-realitat\\\/#breadcrumb\"},\"inLanguage\":\"es\",\"potentialAction\":[{\"@type\":\"ReadAction\",\"target\":[\"https:\\\/\\\/mastorrencito.com\\\/cat\\\/turisme-rural-per-habitacions-girona-realitat\\\/\"]}]},{\"@type\":\"ImageObject\",\"inLanguage\":\"es\",\"@id\":\"https:\\\/\\\/mastorrencito.com\\\/cat\\\/turisme-rural-per-habitacions-girona-realitat\\\/#primaryimage\",\"url\":\"https:\\\/\\\/mastorrencito.com\\\/cat\\\/wp-content\\\/uploads\\\/sites\\\/3\\\/ChatGPT-Image-27-feb-2026-08_05_42.png\",\"contentUrl\":\"https:\\\/\\\/mastorrencito.com\\\/cat\\\/wp-content\\\/uploads\\\/sites\\\/3\\\/ChatGPT-Image-27-feb-2026-08_05_42.png\",\"width\":510,\"height\":765,\"caption\":\"La cara real del turismo rural por habitaciones: verano lleno\u2026 y nueve meses haciendo malabares entre facturas, limpieza, perros y supervivencia. \ud83c\udf3e\ud83d\udc3e\"},{\"@type\":\"BreadcrumbList\",\"@id\":\"https:\\\/\\\/mastorrencito.com\\\/cat\\\/turisme-rural-per-habitacions-girona-realitat\\\/#breadcrumb\",\"itemListElement\":[{\"@type\":\"ListItem\",\"position\":1,\"name\":\"Portada\",\"item\":\"https:\\\/\\\/mastorrencito.com\\\/\"},{\"@type\":\"ListItem\",\"position\":2,\"name\":\"3 mesos bons i 9 de pen\u00faria | La veritat del turisme rural per habitacions\"}]},{\"@type\":\"WebSite\",\"@id\":\"https:\\\/\\\/mastorrencito.com\\\/#website\",\"url\":\"https:\\\/\\\/mastorrencito.com\\\/\",\"name\":\"Mas Torrencito CAT\",\"description\":\"Casa rural pet friendly en Girona\",\"publisher\":{\"@id\":\"https:\\\/\\\/mastorrencito.com\\\/#organization\"},\"potentialAction\":[{\"@type\":\"SearchAction\",\"target\":{\"@type\":\"EntryPoint\",\"urlTemplate\":\"https:\\\/\\\/mastorrencito.com\\\/?s={search_term_string}\"},\"query-input\":{\"@type\":\"PropertyValueSpecification\",\"valueRequired\":true,\"valueName\":\"search_term_string\"}}],\"inLanguage\":\"es\"},{\"@type\":\"Organization\",\"@id\":\"https:\\\/\\\/mastorrencito.com\\\/#organization\",\"name\":\"Mas Torrencito CAT\",\"url\":\"https:\\\/\\\/mastorrencito.com\\\/\",\"logo\":{\"@type\":\"ImageObject\",\"inLanguage\":\"es\",\"@id\":\"https:\\\/\\\/mastorrencito.com\\\/#\\\/schema\\\/logo\\\/image\\\/\",\"url\":\"https:\\\/\\\/mastorrencito.com\\\/cat\\\/wp-content\\\/uploads\\\/sites\\\/3\\\/Logo-Mastorrencito-horizontal.webp\",\"contentUrl\":\"https:\\\/\\\/mastorrencito.com\\\/cat\\\/wp-content\\\/uploads\\\/sites\\\/3\\\/Logo-Mastorrencito-horizontal.webp\",\"width\":161,\"height\":54,\"caption\":\"Mas Torrencito CAT\"},\"image\":{\"@id\":\"https:\\\/\\\/mastorrencito.com\\\/#\\\/schema\\\/logo\\\/image\\\/\"}},{\"@type\":\"Person\",\"@id\":\"https:\\\/\\\/mastorrencito.com\\\/#\\\/schema\\\/person\\\/18c619be80d4ae2667c702911625f790\",\"name\":\"Mastorrencito\",\"image\":{\"@type\":\"ImageObject\",\"inLanguage\":\"es\",\"@id\":\"https:\\\/\\\/secure.gravatar.com\\\/avatar\\\/3ef55e0519f987a734c21caee1423b51df7b760b7d81a38ecd31cab0a5115f6d?s=96&d=mm&r=g\",\"url\":\"https:\\\/\\\/secure.gravatar.com\\\/avatar\\\/3ef55e0519f987a734c21caee1423b51df7b760b7d81a38ecd31cab0a5115f6d?s=96&d=mm&r=g\",\"contentUrl\":\"https:\\\/\\\/secure.gravatar.com\\\/avatar\\\/3ef55e0519f987a734c21caee1423b51df7b760b7d81a38ecd31cab0a5115f6d?s=96&d=mm&r=g\",\"caption\":\"Mastorrencito\"},\"url\":\"https:\\\/\\\/mastorrencito.com\\\/cat\\\/author\\\/mastorrencito\\\/\"}]}<\/script>\n<!-- \/ Yoast SEO Premium plugin. -->","yoast_head_json":{"title":"3 mesos bons i 9 de pen\u00faria | La veritat del turisme rural per habitacions - Mas Torrencito CAT","robots":{"index":"index","follow":"follow","max-snippet":"max-snippet:-1","max-image-preview":"max-image-preview:large","max-video-preview":"max-video-preview:-1"},"canonical":"https:\/\/mastorrencito.com\/cat\/turisme-rural-per-habitacions-girona-realitat\/","og_locale":"es_ES","og_type":"article","og_title":"3 mesos bons i 9 de pen\u00faria | La veritat del turisme rural per habitacions","og_description":"Descobreix la realitat del turisme rural per habitacions a Girona: nom\u00e9s 3 mesos forts, 9 de superviv\u00e8ncia, m\u00e9s feina si admetes gossos i una pressi\u00f3 fiscal constant.","og_url":"https:\/\/mastorrencito.com\/cat\/turisme-rural-per-habitacions-girona-realitat\/","og_site_name":"Mas Torrencito CAT","article_published_time":"2026-02-27T07:15:57+00:00","article_modified_time":"2026-02-27T07:15:58+00:00","og_image":[{"width":510,"height":765,"url":"https:\/\/mastorrencito.com\/cat\/wp-content\/uploads\/sites\/3\/ChatGPT-Image-27-feb-2026-08_05_42.png","type":"image\/png"}],"author":"Mastorrencito","twitter_card":"summary_large_image","twitter_misc":{"Escrito por":"Mastorrencito","Tiempo de lectura":"3 minutos"},"schema":{"@context":"https:\/\/schema.org","@graph":[{"@type":"Article","@id":"https:\/\/mastorrencito.com\/cat\/turisme-rural-per-habitacions-girona-realitat\/#article","isPartOf":{"@id":"https:\/\/mastorrencito.com\/cat\/turisme-rural-per-habitacions-girona-realitat\/"},"author":{"name":"Mastorrencito","@id":"https:\/\/mastorrencito.com\/#\/schema\/person\/18c619be80d4ae2667c702911625f790"},"headline":"3 mesos bons i 9 de pen\u00faria | La veritat del turisme rural per habitacions","datePublished":"2026-02-27T07:15:57+00:00","dateModified":"2026-02-27T07:15:58+00:00","mainEntityOfPage":{"@id":"https:\/\/mastorrencito.com\/cat\/turisme-rural-per-habitacions-girona-realitat\/"},"wordCount":570,"publisher":{"@id":"https:\/\/mastorrencito.com\/#organization"},"image":{"@id":"https:\/\/mastorrencito.com\/cat\/turisme-rural-per-habitacions-girona-realitat\/#primaryimage"},"thumbnailUrl":"https:\/\/mastorrencito.com\/cat\/wp-content\/uploads\/sites\/3\/ChatGPT-Image-27-feb-2026-08_05_42.png","keywords":["allotjament amb animals de companyia","allotjament petfriendly Girona","allotjament rural amb gossos","cases rurals Catalunya","cases rurals Girona","crisi turisme rural","dificultats turisme rural","economia rural","emprendre en el m\u00f3n rural","emprenedoria rural","experi\u00e8ncia rural aut\u00e8ntica","gesti\u00f3 casa rural","habitatge d\u2019\u00fas tur\u00edstic","model HUT Catalunya","negoci rural a Catalunya","realitat del turisme rural","sector tur\u00edstic catal\u00e0","sostenibilitat rural","turisme petfriendly Catalunya","turisme responsable","turisme rural","turisme rural Catalunya","turisme rural Girona","turisme rural per habitacions","vida rural real"],"inLanguage":"es"},{"@type":"WebPage","@id":"https:\/\/mastorrencito.com\/cat\/turisme-rural-per-habitacions-girona-realitat\/","url":"https:\/\/mastorrencito.com\/cat\/turisme-rural-per-habitacions-girona-realitat\/","name":"3 mesos bons i 9 de pen\u00faria | La veritat del turisme rural per habitacions - Mas Torrencito CAT","isPartOf":{"@id":"https:\/\/mastorrencito.com\/#website"},"primaryImageOfPage":{"@id":"https:\/\/mastorrencito.com\/cat\/turisme-rural-per-habitacions-girona-realitat\/#primaryimage"},"image":{"@id":"https:\/\/mastorrencito.com\/cat\/turisme-rural-per-habitacions-girona-realitat\/#primaryimage"},"thumbnailUrl":"https:\/\/mastorrencito.com\/cat\/wp-content\/uploads\/sites\/3\/ChatGPT-Image-27-feb-2026-08_05_42.png","datePublished":"2026-02-27T07:15:57+00:00","dateModified":"2026-02-27T07:15:58+00:00","breadcrumb":{"@id":"https:\/\/mastorrencito.com\/cat\/turisme-rural-per-habitacions-girona-realitat\/#breadcrumb"},"inLanguage":"es","potentialAction":[{"@type":"ReadAction","target":["https:\/\/mastorrencito.com\/cat\/turisme-rural-per-habitacions-girona-realitat\/"]}]},{"@type":"ImageObject","inLanguage":"es","@id":"https:\/\/mastorrencito.com\/cat\/turisme-rural-per-habitacions-girona-realitat\/#primaryimage","url":"https:\/\/mastorrencito.com\/cat\/wp-content\/uploads\/sites\/3\/ChatGPT-Image-27-feb-2026-08_05_42.png","contentUrl":"https:\/\/mastorrencito.com\/cat\/wp-content\/uploads\/sites\/3\/ChatGPT-Image-27-feb-2026-08_05_42.png","width":510,"height":765,"caption":"La cara real del turismo rural por habitaciones: verano lleno\u2026 y nueve meses haciendo malabares entre facturas, limpieza, perros y supervivencia. \ud83c\udf3e\ud83d\udc3e"},{"@type":"BreadcrumbList","@id":"https:\/\/mastorrencito.com\/cat\/turisme-rural-per-habitacions-girona-realitat\/#breadcrumb","itemListElement":[{"@type":"ListItem","position":1,"name":"Portada","item":"https:\/\/mastorrencito.com\/"},{"@type":"ListItem","position":2,"name":"3 mesos bons i 9 de pen\u00faria | La veritat del turisme rural per habitacions"}]},{"@type":"WebSite","@id":"https:\/\/mastorrencito.com\/#website","url":"https:\/\/mastorrencito.com\/","name":"Mas Torrencito CAT","description":"Casa rural pet friendly en Girona","publisher":{"@id":"https:\/\/mastorrencito.com\/#organization"},"potentialAction":[{"@type":"SearchAction","target":{"@type":"EntryPoint","urlTemplate":"https:\/\/mastorrencito.com\/?s={search_term_string}"},"query-input":{"@type":"PropertyValueSpecification","valueRequired":true,"valueName":"search_term_string"}}],"inLanguage":"es"},{"@type":"Organization","@id":"https:\/\/mastorrencito.com\/#organization","name":"Mas Torrencito CAT","url":"https:\/\/mastorrencito.com\/","logo":{"@type":"ImageObject","inLanguage":"es","@id":"https:\/\/mastorrencito.com\/#\/schema\/logo\/image\/","url":"https:\/\/mastorrencito.com\/cat\/wp-content\/uploads\/sites\/3\/Logo-Mastorrencito-horizontal.webp","contentUrl":"https:\/\/mastorrencito.com\/cat\/wp-content\/uploads\/sites\/3\/Logo-Mastorrencito-horizontal.webp","width":161,"height":54,"caption":"Mas Torrencito CAT"},"image":{"@id":"https:\/\/mastorrencito.com\/#\/schema\/logo\/image\/"}},{"@type":"Person","@id":"https:\/\/mastorrencito.com\/#\/schema\/person\/18c619be80d4ae2667c702911625f790","name":"Mastorrencito","image":{"@type":"ImageObject","inLanguage":"es","@id":"https:\/\/secure.gravatar.com\/avatar\/3ef55e0519f987a734c21caee1423b51df7b760b7d81a38ecd31cab0a5115f6d?s=96&d=mm&r=g","url":"https:\/\/secure.gravatar.com\/avatar\/3ef55e0519f987a734c21caee1423b51df7b760b7d81a38ecd31cab0a5115f6d?s=96&d=mm&r=g","contentUrl":"https:\/\/secure.gravatar.com\/avatar\/3ef55e0519f987a734c21caee1423b51df7b760b7d81a38ecd31cab0a5115f6d?s=96&d=mm&r=g","caption":"Mastorrencito"},"url":"https:\/\/mastorrencito.com\/cat\/author\/mastorrencito\/"}]}},"acf":[],"_links":{"self":[{"href":"https:\/\/mastorrencito.com\/cat\/wp-json\/wp\/v2\/posts\/4993","targetHints":{"allow":["GET"]}}],"collection":[{"href":"https:\/\/mastorrencito.com\/cat\/wp-json\/wp\/v2\/posts"}],"about":[{"href":"https:\/\/mastorrencito.com\/cat\/wp-json\/wp\/v2\/types\/post"}],"author":[{"embeddable":true,"href":"https:\/\/mastorrencito.com\/cat\/wp-json\/wp\/v2\/users\/2"}],"replies":[{"embeddable":true,"href":"https:\/\/mastorrencito.com\/cat\/wp-json\/wp\/v2\/comments?post=4993"}],"version-history":[{"count":2,"href":"https:\/\/mastorrencito.com\/cat\/wp-json\/wp\/v2\/posts\/4993\/revisions"}],"predecessor-version":[{"id":4996,"href":"https:\/\/mastorrencito.com\/cat\/wp-json\/wp\/v2\/posts\/4993\/revisions\/4996"}],"wp:featuredmedia":[{"embeddable":true,"href":"https:\/\/mastorrencito.com\/cat\/wp-json\/wp\/v2\/media\/4994"}],"wp:attachment":[{"href":"https:\/\/mastorrencito.com\/cat\/wp-json\/wp\/v2\/media?parent=4993"}],"wp:term":[{"taxonomy":"category","embeddable":true,"href":"https:\/\/mastorrencito.com\/cat\/wp-json\/wp\/v2\/categories?post=4993"},{"taxonomy":"post_tag","embeddable":true,"href":"https:\/\/mastorrencito.com\/cat\/wp-json\/wp\/v2\/tags?post=4993"}],"curies":[{"name":"wp","href":"https:\/\/api.w.org\/{rel}","templated":true}]}}