{"id":4971,"date":"2026-02-22T05:43:18","date_gmt":"2026-02-22T05:43:18","guid":{"rendered":"https:\/\/mastorrencito.com\/estiu-casa-rural-petfriendly-girona\/"},"modified":"2026-02-22T05:48:38","modified_gmt":"2026-02-22T05:48:38","slug":"estiu-casa-rural-petfriendly-girona","status":"publish","type":"post","link":"https:\/\/mastorrencito.com\/cat\/estiu-casa-rural-petfriendly-girona\/","title":{"rendered":"\ud83d\udc36 Aquest estiu\u2026 el meu hum\u00e0 em porta a Mas Torrencito (i no saps el que et perds)"},"content":{"rendered":"\n<p><\/p>\n\n\n\n<hr class=\"wp-block-separator has-alpha-channel-opacity\" \/>\n\n\n\n<h2 class=\"wp-block-heading\">\ud83d\udc3e Hola humano\u2026 tenemos que hablar del verano<\/h2>\n\n\n\n<p>Ja t\u2019ho dic ara.<\/p>\n\n\n\n<p>Aquest estiu no vull:<\/p>\n\n\n\n<ul class=\"wp-block-list\">\n<li>ni asfalt cremant<\/li>\n\n\n\n<li>ni balc\u00f3 trist<\/li>\n\n\n\n<li>ni \u201cara no que fa calor\u201d<\/li>\n<\/ul>\n\n\n\n<p>Vull camp.<br>Vull llibertat.<br>Vull Mas Torrencito.<\/p>\n\n\n\n<p>I si a m\u00e9s aprofitem la nova promoci\u00f3\u2026 ja ni t\u2019explico \ud83d\ude0f<\/p>\n\n\n\n<figure class=\"wp-block-image size-full\"><img decoding=\"async\" src=\"https:\/\/mastorrencito.com\/es\/wp-content\/uploads\/sites\/1\/ChatGPT-Image-22-feb-2026-06_37_43.png\" alt=\"Perro feliz disfrutando del verano en Mas Torrencito, casa rural petfriendly en Girona, con piscina, playa, desayunos en terraza y pueblos con encanto del Empord\u00e0.\" class=\"wp-image-2176\" \/><figcaption class=\"wp-element-caption\">Aquest estiu a Mas Torrencito: piscina amb el teu hum\u00e0, platges de l\u2019Empord\u00e0, pobles amb encant i esmorzars interminables a la terrassa \ud83d\udc3e\u2600\ufe0f\ud83c\udf7a<\/figcaption><\/figure>\n\n\n\n<hr class=\"wp-block-separator has-alpha-channel-opacity\" \/>\n\n\n\n<h2 class=\"wp-block-heading\">\ud83c\udf3f Passejar sense presses (i sense rellotges)<\/h2>\n\n\n\n<p>Aqu\u00ed els passejos no s\u00f3n \u201cvinga r\u00e0pid que tinc una reuni\u00f3\u201d.<\/p>\n\n\n\n<p>Aqu\u00ed s\u00f3n:<\/p>\n\n\n\n<p>Herba fresca sota les potes.<br>Olors noves.<br>Camins rurals.<br>Camps infinits de l\u2019Empord\u00e0.<\/p>\n\n\n\n<p>I tu caminant amb mi. Sense m\u00f2bil. Sense estr\u00e8s.<\/p>\n\n\n\n<hr class=\"wp-block-separator has-alpha-channel-opacity\" \/>\n\n\n\n<h2 class=\"wp-block-heading\">\ud83c\udfca Piscina amb tu (s\u00ed, amb tu)<\/h2>\n\n\n\n<p>El millor de tot.<\/p>\n\n\n\n<p>Ficar-me a la piscina amb tu.<br>Esquitxar-te.<br>Sacsejar-me quan surts.<\/p>\n\n\n\n<p>Aix\u00f2 no ho tenim a casa.<br>Aix\u00f2 \u00e9s felicitat compartida.<\/p>\n\n\n\n<hr class=\"wp-block-separator has-alpha-channel-opacity\" \/>\n\n\n\n<h2 class=\"wp-block-heading\">\ud83c\udf0a Platja, sorra i llibertat<\/h2>\n\n\n\n<p>Molt a prop tens platges meravelloses com:<\/p>\n\n\n\n<ul class=\"wp-block-list\">\n<li>L&#8217;Escala<\/li>\n\n\n\n<li>Sant Pere Pescador<\/li>\n\n\n\n<li>Roses<\/li>\n<\/ul>\n\n\n\n<p>Sorra a les potes.<br>Nas ple de sal.<br>Carreres al capvespre.<\/p>\n\n\n\n<p>I tu rient perqu\u00e8 torno fet un croissant de sorra \ud83e\udd50\ud83d\udc36<\/p>\n\n\n\n<hr class=\"wp-block-separator has-alpha-channel-opacity\" \/>\n\n\n\n<h2 class=\"wp-block-heading\">\ud83d\udca4 Migdiades que saben a estiu<\/h2>\n\n\n\n<p>Despr\u00e9s de tant moviment\u2026<\/p>\n\n\n\n<p>Migdiada.<\/p>\n\n\n\n<p>A l\u2019habitaci\u00f3 fresqueta.<br>O a la terrassa.<br>O sota una ombra perfecta.<\/p>\n\n\n\n<p>Sense presses.<br>Sense soroll.<br>Nom\u00e9s grills\u2026 i pau.<\/p>\n\n\n\n<hr class=\"wp-block-separator has-alpha-channel-opacity\" \/>\n\n\n\n<h2 class=\"wp-block-heading\">\ud83d\udc15 Jugar amb molts gossets<\/h2>\n\n\n\n<p>Aqu\u00ed no estic sol.<\/p>\n\n\n\n<p>N\u2019hi ha m\u00e9s com jo.<br>Grans. Petits. Intensos. Dormilegues.<\/p>\n\n\n\n<p>Correm.<br>Juguem.<br>Ens entenem sense parlar.<\/p>\n\n\n\n<p>I tu ens mires amb aquell somriure que poses quan saps que s\u00f3c feli\u00e7.<\/p>\n\n\n\n<hr class=\"wp-block-separator has-alpha-channel-opacity\" \/>\n\n\n\n<h2 class=\"wp-block-heading\">\ud83e\udd50 AYYY\u2026 aquests esmorzars interminables a la terrassa\u2026<\/h2>\n\n\n\n<p>Aix\u00f2 ho he d\u2019explicar b\u00e9.<\/p>\n\n\n\n<p>Tu assegut.<br>Caf\u00e8.<br>Pa recent fet.<br>Converses lentes.<\/p>\n\n\n\n<p>I de fons\u2026 nom\u00e9s ocellets.<\/p>\n\n\n\n<p>Res de cotxes.<br>Res de cl\u00e0xons.<br>Res d\u2019estr\u00e8s.<\/p>\n\n\n\n<p>Nom\u00e9s terrassa, sol suau i aquell moment en qu\u00e8 dius:<\/p>\n\n\n\n<p>\u201cHaur\u00edem de fer aix\u00f2 m\u00e9s sovint.\u201d<\/p>\n\n\n\n<hr class=\"wp-block-separator has-alpha-channel-opacity\" \/>\n\n\n\n<h2 class=\"wp-block-heading\">\ud83c\udfd8\ufe0f Pobles que semblen de conte<\/h2>\n\n\n\n<p>Despr\u00e9s de l\u2019esmorzar et pots perdre per llocs com:<\/p>\n\n\n\n<ul class=\"wp-block-list\">\n<li>Peratallada<\/li>\n\n\n\n<li>Monells<\/li>\n\n\n\n<li>Pals<\/li>\n\n\n\n<li>Besal\u00fa<\/li>\n<\/ul>\n\n\n\n<p>Carrers de pedra.<br>Ombres fresques.<br>Gelats.<br>Fotos.<\/p>\n\n\n\n<p>I jo caminant orgull\u00f3s al teu costat.<\/p>\n\n\n\n<hr class=\"wp-block-separator has-alpha-channel-opacity\" \/>\n\n\n\n<h2 class=\"wp-block-heading\">\ud83c\udf7a I quan cau la nit\u2026<\/h2>\n\n\n\n<p>Ayyyy hum\u00e0\u2026<\/p>\n\n\n\n<p>Quan baixa el sol.<br>Quan la calor es torna suau.<br>Quan el cel es pinta de taronja.<\/p>\n\n\n\n<p>Aquelles cervesetes a la terrassa.<\/p>\n\n\n\n<p>Converses llargues.<br>Rialles tranquil\u00b7les.<br>Jo estirat als teus peus.<\/p>\n\n\n\n<p>Aquell moment en qu\u00e8 penses:<\/p>\n\n\n\n<p>\u201cQue b\u00e9 hem triat.\u201d<\/p>\n\n\n\n<hr class=\"wp-block-separator has-alpha-channel-opacity\" \/>\n\n\n\n<h2 class=\"wp-block-heading\">\ud83d\udc3e Aquest estiu no vull quedar-me a casa<\/h2>\n\n\n\n<p>T\u2019ho dic clar.<\/p>\n\n\n\n<p>No vull que marxis i em deixis.<br>Vull venir amb tu.<br>Vull viure amb tu.<br>Vull gaudir amb tu.<\/p>\n\n\n\n<p>I si a m\u00e9s aprofitem la nova promoci\u00f3\u2026 encara millor.<\/p>\n\n\n\n<p>Perqu\u00e8 l\u2019estiu no es mesura en dies.<br>Es mesura en moments.<\/p>\n\n\n\n<p>I jo els vull viure tots\u2026 amb tu.<\/p>\n\n\n\n<p>_____________<\/p>\n\n\n\n<p><strong>Viatges amb gos?<\/strong><br>Descobreix per qu\u00e8 Mas Torrencito \u00e9s una de les cases rurals petfriendly m\u00e9s aut\u00e8ntiques d\u2019Espanya.<\/p>\n\n\n\n<div class=\"wp-block-buttons is-content-justification-center is-layout-flex wp-container-core-buttons-is-layout-a89b3969 wp-block-buttons-is-layout-flex\">\n<div class=\"wp-block-button\"><a class=\"wp-block-button__link wp-element-button\" href=\"http:\/\/www.mastorrencito.com\">RESERVAR<\/a><\/div>\n<\/div>\n\n\n\n<hr class=\"wp-block-separator has-alpha-channel-opacity\" \/>\n\n\n\n<p>\ud83d\udc3e&nbsp;<strong>Mas Torrencito<\/strong><\/p>\n\n\n\n<p>Turisme rural petfriendly a Girona<br>On els gossos no hi passen.<br>S\u2019hi queden.<\/p>\n\n\n\n<p>\ud83d\udc3e\ud83d\udc9b<\/p>\n\n\n\n<p>Des de MasTorrencito et desitgem un bon dia i que els teus gossos t\u2019acompanyin!!!!<strong>.<\/strong><\/p>\n\n\n\n<figure class=\"wp-block-embed is-type-video is-provider-youtube wp-block-embed-youtube wp-embed-aspect-16-9 wp-has-aspect-ratio\"><div class=\"wp-block-embed__wrapper\">\n<iframe title=\"mastorrencito corporativo 2020\" width=\"800\" height=\"450\" src=\"https:\/\/www.youtube.com\/embed\/L7Gk6MoyqpQ?feature=oembed\" frameborder=\"0\" allow=\"accelerometer; autoplay; clipboard-write; encrypted-media; gyroscope; picture-in-picture; web-share\" referrerpolicy=\"strict-origin-when-cross-origin\" allowfullscreen><\/iframe>\n<\/div><\/figure>\n","protected":false},"excerpt":{"rendered":"<p>Descobreix tot el que podr\u00e0s fer aquest estiu a Mas Torrencito, casa rural petfriendly a Girona. Piscina amb el teu gos, platja, pobles amb encant i esmorzars interminables a la terrassa.<\/p>\n","protected":false},"author":2,"featured_media":4972,"comment_status":"closed","ping_status":"closed","sticky":false,"template":"","format":"standard","meta":{"_acf_changed":false,"footnotes":""},"categories":[72,28],"tags":[105,115,109,101,104,81,113,116,99,111,112,118,94,106,107,114,117,102,110,108,100,103,119],"class_list":["post-4971","post","type-post","status-publish","format-standard","has-post-thumbnail","hentry","category-articles-dinteres","category-blog","tag-allotjament-petfriendly-catalunya","tag-capvespres-a-lemporda","tag-casa-rural-amb-piscina-girona","tag-casa-rural-petfriendly-girona","tag-emporda-amb-gos","tag-escapada-rural-amb-gos","tag-esmorzars-a-la-terrassa","tag-estiu-a-mas-torrencito","tag-estiu-amb-gos","tag-experiencies-amb-gos","tag-felicitat-perruna","tag-la-primera-casa-rural-per-a-mascotes-que-accepta-persones","tag-mas-torrencito","tag-piscina-amb-gos","tag-platges-per-a-gossos-girona","tag-pobles-amb-encant-girona","tag-promocio-estiu-mas-torrencito","tag-turisme-rural-amb-gos","tag-turisme-rural-girona-estiu","tag-vacances-a-lemporda","tag-vacances-amb-gos","tag-viatjar-amb-gos-a-lestiu","tag-viure-lestiu-amb-el-teu-gos"],"yoast_head":"<!-- This site is optimized with the Yoast SEO Premium plugin v27.3 (Yoast SEO v27.5) - https:\/\/yoast.com\/product\/yoast-seo-premium-wordpress\/ -->\n<title>\ud83d\udc36 Aquest estiu\u2026 el meu hum\u00e0 em porta a Mas Torrencito (i no saps el que et perds) - Mas Torrencito CAT<\/title>\n<meta name=\"robots\" content=\"index, follow, max-snippet:-1, max-image-preview:large, max-video-preview:-1\" \/>\n<link rel=\"canonical\" href=\"https:\/\/mastorrencito.com\/cat\/estiu-casa-rural-petfriendly-girona\/\" \/>\n<meta property=\"og:locale\" content=\"es_ES\" \/>\n<meta property=\"og:type\" content=\"article\" \/>\n<meta property=\"og:title\" content=\"\ud83d\udc36 Aquest estiu\u2026 el meu hum\u00e0 em porta a Mas Torrencito (i no saps el que et perds)\" \/>\n<meta property=\"og:description\" content=\"Descobreix tot el que podr\u00e0s fer aquest estiu a Mas Torrencito, casa rural petfriendly a Girona. Piscina amb el teu gos, platja, pobles amb encant i esmorzars interminables a la terrassa.\" \/>\n<meta property=\"og:url\" content=\"https:\/\/mastorrencito.com\/cat\/estiu-casa-rural-petfriendly-girona\/\" \/>\n<meta property=\"og:site_name\" content=\"Mas Torrencito CAT\" \/>\n<meta property=\"article:published_time\" content=\"2026-02-22T05:43:18+00:00\" \/>\n<meta property=\"article:modified_time\" content=\"2026-02-22T05:48:38+00:00\" \/>\n<meta property=\"og:image\" content=\"https:\/\/mastorrencito.com\/cat\/wp-content\/uploads\/sites\/3\/ChatGPT-Image-22-feb-2026-06_37_43.png\" \/>\n\t<meta property=\"og:image:width\" content=\"539\" \/>\n\t<meta property=\"og:image:height\" content=\"808\" \/>\n\t<meta property=\"og:image:type\" content=\"image\/png\" \/>\n<meta name=\"author\" content=\"Mastorrencito\" \/>\n<meta name=\"twitter:card\" content=\"summary_large_image\" \/>\n<meta name=\"twitter:label1\" content=\"Escrito por\" \/>\n\t<meta name=\"twitter:data1\" content=\"Mastorrencito\" \/>\n\t<meta name=\"twitter:label2\" content=\"Tiempo de lectura\" \/>\n\t<meta name=\"twitter:data2\" content=\"3 minutos\" \/>\n<script type=\"application\/ld+json\" class=\"yoast-schema-graph\">{\"@context\":\"https:\\\/\\\/schema.org\",\"@graph\":[{\"@type\":\"Article\",\"@id\":\"https:\\\/\\\/mastorrencito.com\\\/cat\\\/estiu-casa-rural-petfriendly-girona\\\/#article\",\"isPartOf\":{\"@id\":\"https:\\\/\\\/mastorrencito.com\\\/cat\\\/estiu-casa-rural-petfriendly-girona\\\/\"},\"author\":{\"name\":\"Mastorrencito\",\"@id\":\"https:\\\/\\\/mastorrencito.com\\\/#\\\/schema\\\/person\\\/18c619be80d4ae2667c702911625f790\"},\"headline\":\"\ud83d\udc36 Aquest estiu\u2026 el meu hum\u00e0 em porta a Mas Torrencito (i no saps el que et perds)\",\"datePublished\":\"2026-02-22T05:43:18+00:00\",\"dateModified\":\"2026-02-22T05:48:38+00:00\",\"mainEntityOfPage\":{\"@id\":\"https:\\\/\\\/mastorrencito.com\\\/cat\\\/estiu-casa-rural-petfriendly-girona\\\/\"},\"wordCount\":539,\"publisher\":{\"@id\":\"https:\\\/\\\/mastorrencito.com\\\/#organization\"},\"image\":{\"@id\":\"https:\\\/\\\/mastorrencito.com\\\/cat\\\/estiu-casa-rural-petfriendly-girona\\\/#primaryimage\"},\"thumbnailUrl\":\"https:\\\/\\\/mastorrencito.com\\\/cat\\\/wp-content\\\/uploads\\\/sites\\\/3\\\/ChatGPT-Image-22-feb-2026-06_37_43.png\",\"keywords\":[\"allotjament petfriendly Catalunya\",\"capvespres a l\u2019Empord\u00e0\",\"casa rural amb piscina Girona\",\"casa rural petfriendly Girona\",\"Empord\u00e0 amb gos\",\"escapada rural amb gos\",\"esmorzars a la terrassa\",\"estiu a Mas Torrencito\",\"estiu amb gos\",\"experi\u00e8ncies amb gos\",\"felicitat perruna\",\"la primera casa rural per a mascotes que accepta persones\",\"Mas Torrencito\",\"piscina amb gos\",\"platges per a gossos Girona\",\"pobles amb encant Girona\",\"promoci\u00f3 estiu Mas Torrencito\",\"turisme rural amb gos\",\"turisme rural Girona estiu\",\"vacances a l\u2019Empord\u00e0\",\"vacances amb gos\",\"viatjar amb gos a l\u2019estiu\",\"viure l\u2019estiu amb el teu gos\"],\"articleSection\":[\"Articles d'Interes\",\"Blog\"],\"inLanguage\":\"es\"},{\"@type\":\"WebPage\",\"@id\":\"https:\\\/\\\/mastorrencito.com\\\/cat\\\/estiu-casa-rural-petfriendly-girona\\\/\",\"url\":\"https:\\\/\\\/mastorrencito.com\\\/cat\\\/estiu-casa-rural-petfriendly-girona\\\/\",\"name\":\"\ud83d\udc36 Aquest estiu\u2026 el meu hum\u00e0 em porta a Mas Torrencito (i no saps el que et perds) - Mas Torrencito CAT\",\"isPartOf\":{\"@id\":\"https:\\\/\\\/mastorrencito.com\\\/#website\"},\"primaryImageOfPage\":{\"@id\":\"https:\\\/\\\/mastorrencito.com\\\/cat\\\/estiu-casa-rural-petfriendly-girona\\\/#primaryimage\"},\"image\":{\"@id\":\"https:\\\/\\\/mastorrencito.com\\\/cat\\\/estiu-casa-rural-petfriendly-girona\\\/#primaryimage\"},\"thumbnailUrl\":\"https:\\\/\\\/mastorrencito.com\\\/cat\\\/wp-content\\\/uploads\\\/sites\\\/3\\\/ChatGPT-Image-22-feb-2026-06_37_43.png\",\"datePublished\":\"2026-02-22T05:43:18+00:00\",\"dateModified\":\"2026-02-22T05:48:38+00:00\",\"breadcrumb\":{\"@id\":\"https:\\\/\\\/mastorrencito.com\\\/cat\\\/estiu-casa-rural-petfriendly-girona\\\/#breadcrumb\"},\"inLanguage\":\"es\",\"potentialAction\":[{\"@type\":\"ReadAction\",\"target\":[\"https:\\\/\\\/mastorrencito.com\\\/cat\\\/estiu-casa-rural-petfriendly-girona\\\/\"]}]},{\"@type\":\"ImageObject\",\"inLanguage\":\"es\",\"@id\":\"https:\\\/\\\/mastorrencito.com\\\/cat\\\/estiu-casa-rural-petfriendly-girona\\\/#primaryimage\",\"url\":\"https:\\\/\\\/mastorrencito.com\\\/cat\\\/wp-content\\\/uploads\\\/sites\\\/3\\\/ChatGPT-Image-22-feb-2026-06_37_43.png\",\"contentUrl\":\"https:\\\/\\\/mastorrencito.com\\\/cat\\\/wp-content\\\/uploads\\\/sites\\\/3\\\/ChatGPT-Image-22-feb-2026-06_37_43.png\",\"width\":539,\"height\":808,\"caption\":\"Este verano en Mas Torrencito: piscina con tu humano, playas del Empord\u00e0, pueblos con encanto y desayunos interminables en la terraza \ud83d\udc3e\u2600\ufe0f\ud83c\udf7a\"},{\"@type\":\"BreadcrumbList\",\"@id\":\"https:\\\/\\\/mastorrencito.com\\\/cat\\\/estiu-casa-rural-petfriendly-girona\\\/#breadcrumb\",\"itemListElement\":[{\"@type\":\"ListItem\",\"position\":1,\"name\":\"Portada\",\"item\":\"https:\\\/\\\/mastorrencito.com\\\/\"},{\"@type\":\"ListItem\",\"position\":2,\"name\":\"\ud83d\udc36 Aquest estiu\u2026 el meu hum\u00e0 em porta a Mas Torrencito (i no saps el que et perds)\"}]},{\"@type\":\"WebSite\",\"@id\":\"https:\\\/\\\/mastorrencito.com\\\/#website\",\"url\":\"https:\\\/\\\/mastorrencito.com\\\/\",\"name\":\"Mas Torrencito CAT\",\"description\":\"Casa rural pet friendly en Girona\",\"publisher\":{\"@id\":\"https:\\\/\\\/mastorrencito.com\\\/#organization\"},\"potentialAction\":[{\"@type\":\"SearchAction\",\"target\":{\"@type\":\"EntryPoint\",\"urlTemplate\":\"https:\\\/\\\/mastorrencito.com\\\/?s={search_term_string}\"},\"query-input\":{\"@type\":\"PropertyValueSpecification\",\"valueRequired\":true,\"valueName\":\"search_term_string\"}}],\"inLanguage\":\"es\"},{\"@type\":\"Organization\",\"@id\":\"https:\\\/\\\/mastorrencito.com\\\/#organization\",\"name\":\"Mas Torrencito CAT\",\"url\":\"https:\\\/\\\/mastorrencito.com\\\/\",\"logo\":{\"@type\":\"ImageObject\",\"inLanguage\":\"es\",\"@id\":\"https:\\\/\\\/mastorrencito.com\\\/#\\\/schema\\\/logo\\\/image\\\/\",\"url\":\"https:\\\/\\\/mastorrencito.com\\\/cat\\\/wp-content\\\/uploads\\\/sites\\\/3\\\/Logo-Mastorrencito-horizontal.webp\",\"contentUrl\":\"https:\\\/\\\/mastorrencito.com\\\/cat\\\/wp-content\\\/uploads\\\/sites\\\/3\\\/Logo-Mastorrencito-horizontal.webp\",\"width\":161,\"height\":54,\"caption\":\"Mas Torrencito CAT\"},\"image\":{\"@id\":\"https:\\\/\\\/mastorrencito.com\\\/#\\\/schema\\\/logo\\\/image\\\/\"}},{\"@type\":\"Person\",\"@id\":\"https:\\\/\\\/mastorrencito.com\\\/#\\\/schema\\\/person\\\/18c619be80d4ae2667c702911625f790\",\"name\":\"Mastorrencito\",\"image\":{\"@type\":\"ImageObject\",\"inLanguage\":\"es\",\"@id\":\"https:\\\/\\\/secure.gravatar.com\\\/avatar\\\/3ef55e0519f987a734c21caee1423b51df7b760b7d81a38ecd31cab0a5115f6d?s=96&d=mm&r=g\",\"url\":\"https:\\\/\\\/secure.gravatar.com\\\/avatar\\\/3ef55e0519f987a734c21caee1423b51df7b760b7d81a38ecd31cab0a5115f6d?s=96&d=mm&r=g\",\"contentUrl\":\"https:\\\/\\\/secure.gravatar.com\\\/avatar\\\/3ef55e0519f987a734c21caee1423b51df7b760b7d81a38ecd31cab0a5115f6d?s=96&d=mm&r=g\",\"caption\":\"Mastorrencito\"},\"url\":\"https:\\\/\\\/mastorrencito.com\\\/cat\\\/author\\\/mastorrencito\\\/\"}]}<\/script>\n<!-- \/ Yoast SEO Premium plugin. -->","yoast_head_json":{"title":"\ud83d\udc36 Aquest estiu\u2026 el meu hum\u00e0 em porta a Mas Torrencito (i no saps el que et perds) - Mas Torrencito CAT","robots":{"index":"index","follow":"follow","max-snippet":"max-snippet:-1","max-image-preview":"max-image-preview:large","max-video-preview":"max-video-preview:-1"},"canonical":"https:\/\/mastorrencito.com\/cat\/estiu-casa-rural-petfriendly-girona\/","og_locale":"es_ES","og_type":"article","og_title":"\ud83d\udc36 Aquest estiu\u2026 el meu hum\u00e0 em porta a Mas Torrencito (i no saps el que et perds)","og_description":"Descobreix tot el que podr\u00e0s fer aquest estiu a Mas Torrencito, casa rural petfriendly a Girona. Piscina amb el teu gos, platja, pobles amb encant i esmorzars interminables a la terrassa.","og_url":"https:\/\/mastorrencito.com\/cat\/estiu-casa-rural-petfriendly-girona\/","og_site_name":"Mas Torrencito CAT","article_published_time":"2026-02-22T05:43:18+00:00","article_modified_time":"2026-02-22T05:48:38+00:00","og_image":[{"width":539,"height":808,"url":"https:\/\/mastorrencito.com\/cat\/wp-content\/uploads\/sites\/3\/ChatGPT-Image-22-feb-2026-06_37_43.png","type":"image\/png"}],"author":"Mastorrencito","twitter_card":"summary_large_image","twitter_misc":{"Escrito por":"Mastorrencito","Tiempo de lectura":"3 minutos"},"schema":{"@context":"https:\/\/schema.org","@graph":[{"@type":"Article","@id":"https:\/\/mastorrencito.com\/cat\/estiu-casa-rural-petfriendly-girona\/#article","isPartOf":{"@id":"https:\/\/mastorrencito.com\/cat\/estiu-casa-rural-petfriendly-girona\/"},"author":{"name":"Mastorrencito","@id":"https:\/\/mastorrencito.com\/#\/schema\/person\/18c619be80d4ae2667c702911625f790"},"headline":"\ud83d\udc36 Aquest estiu\u2026 el meu hum\u00e0 em porta a Mas Torrencito (i no saps el que et perds)","datePublished":"2026-02-22T05:43:18+00:00","dateModified":"2026-02-22T05:48:38+00:00","mainEntityOfPage":{"@id":"https:\/\/mastorrencito.com\/cat\/estiu-casa-rural-petfriendly-girona\/"},"wordCount":539,"publisher":{"@id":"https:\/\/mastorrencito.com\/#organization"},"image":{"@id":"https:\/\/mastorrencito.com\/cat\/estiu-casa-rural-petfriendly-girona\/#primaryimage"},"thumbnailUrl":"https:\/\/mastorrencito.com\/cat\/wp-content\/uploads\/sites\/3\/ChatGPT-Image-22-feb-2026-06_37_43.png","keywords":["allotjament petfriendly Catalunya","capvespres a l\u2019Empord\u00e0","casa rural amb piscina Girona","casa rural petfriendly Girona","Empord\u00e0 amb gos","escapada rural amb gos","esmorzars a la terrassa","estiu a Mas Torrencito","estiu amb gos","experi\u00e8ncies amb gos","felicitat perruna","la primera casa rural per a mascotes que accepta persones","Mas Torrencito","piscina amb gos","platges per a gossos Girona","pobles amb encant Girona","promoci\u00f3 estiu Mas Torrencito","turisme rural amb gos","turisme rural Girona estiu","vacances a l\u2019Empord\u00e0","vacances amb gos","viatjar amb gos a l\u2019estiu","viure l\u2019estiu amb el teu gos"],"articleSection":["Articles d'Interes","Blog"],"inLanguage":"es"},{"@type":"WebPage","@id":"https:\/\/mastorrencito.com\/cat\/estiu-casa-rural-petfriendly-girona\/","url":"https:\/\/mastorrencito.com\/cat\/estiu-casa-rural-petfriendly-girona\/","name":"\ud83d\udc36 Aquest estiu\u2026 el meu hum\u00e0 em porta a Mas Torrencito (i no saps el que et perds) - Mas Torrencito CAT","isPartOf":{"@id":"https:\/\/mastorrencito.com\/#website"},"primaryImageOfPage":{"@id":"https:\/\/mastorrencito.com\/cat\/estiu-casa-rural-petfriendly-girona\/#primaryimage"},"image":{"@id":"https:\/\/mastorrencito.com\/cat\/estiu-casa-rural-petfriendly-girona\/#primaryimage"},"thumbnailUrl":"https:\/\/mastorrencito.com\/cat\/wp-content\/uploads\/sites\/3\/ChatGPT-Image-22-feb-2026-06_37_43.png","datePublished":"2026-02-22T05:43:18+00:00","dateModified":"2026-02-22T05:48:38+00:00","breadcrumb":{"@id":"https:\/\/mastorrencito.com\/cat\/estiu-casa-rural-petfriendly-girona\/#breadcrumb"},"inLanguage":"es","potentialAction":[{"@type":"ReadAction","target":["https:\/\/mastorrencito.com\/cat\/estiu-casa-rural-petfriendly-girona\/"]}]},{"@type":"ImageObject","inLanguage":"es","@id":"https:\/\/mastorrencito.com\/cat\/estiu-casa-rural-petfriendly-girona\/#primaryimage","url":"https:\/\/mastorrencito.com\/cat\/wp-content\/uploads\/sites\/3\/ChatGPT-Image-22-feb-2026-06_37_43.png","contentUrl":"https:\/\/mastorrencito.com\/cat\/wp-content\/uploads\/sites\/3\/ChatGPT-Image-22-feb-2026-06_37_43.png","width":539,"height":808,"caption":"Este verano en Mas Torrencito: piscina con tu humano, playas del Empord\u00e0, pueblos con encanto y desayunos interminables en la terraza \ud83d\udc3e\u2600\ufe0f\ud83c\udf7a"},{"@type":"BreadcrumbList","@id":"https:\/\/mastorrencito.com\/cat\/estiu-casa-rural-petfriendly-girona\/#breadcrumb","itemListElement":[{"@type":"ListItem","position":1,"name":"Portada","item":"https:\/\/mastorrencito.com\/"},{"@type":"ListItem","position":2,"name":"\ud83d\udc36 Aquest estiu\u2026 el meu hum\u00e0 em porta a Mas Torrencito (i no saps el que et perds)"}]},{"@type":"WebSite","@id":"https:\/\/mastorrencito.com\/#website","url":"https:\/\/mastorrencito.com\/","name":"Mas Torrencito CAT","description":"Casa rural pet friendly en Girona","publisher":{"@id":"https:\/\/mastorrencito.com\/#organization"},"potentialAction":[{"@type":"SearchAction","target":{"@type":"EntryPoint","urlTemplate":"https:\/\/mastorrencito.com\/?s={search_term_string}"},"query-input":{"@type":"PropertyValueSpecification","valueRequired":true,"valueName":"search_term_string"}}],"inLanguage":"es"},{"@type":"Organization","@id":"https:\/\/mastorrencito.com\/#organization","name":"Mas Torrencito CAT","url":"https:\/\/mastorrencito.com\/","logo":{"@type":"ImageObject","inLanguage":"es","@id":"https:\/\/mastorrencito.com\/#\/schema\/logo\/image\/","url":"https:\/\/mastorrencito.com\/cat\/wp-content\/uploads\/sites\/3\/Logo-Mastorrencito-horizontal.webp","contentUrl":"https:\/\/mastorrencito.com\/cat\/wp-content\/uploads\/sites\/3\/Logo-Mastorrencito-horizontal.webp","width":161,"height":54,"caption":"Mas Torrencito CAT"},"image":{"@id":"https:\/\/mastorrencito.com\/#\/schema\/logo\/image\/"}},{"@type":"Person","@id":"https:\/\/mastorrencito.com\/#\/schema\/person\/18c619be80d4ae2667c702911625f790","name":"Mastorrencito","image":{"@type":"ImageObject","inLanguage":"es","@id":"https:\/\/secure.gravatar.com\/avatar\/3ef55e0519f987a734c21caee1423b51df7b760b7d81a38ecd31cab0a5115f6d?s=96&d=mm&r=g","url":"https:\/\/secure.gravatar.com\/avatar\/3ef55e0519f987a734c21caee1423b51df7b760b7d81a38ecd31cab0a5115f6d?s=96&d=mm&r=g","contentUrl":"https:\/\/secure.gravatar.com\/avatar\/3ef55e0519f987a734c21caee1423b51df7b760b7d81a38ecd31cab0a5115f6d?s=96&d=mm&r=g","caption":"Mastorrencito"},"url":"https:\/\/mastorrencito.com\/cat\/author\/mastorrencito\/"}]}},"acf":[],"_links":{"self":[{"href":"https:\/\/mastorrencito.com\/cat\/wp-json\/wp\/v2\/posts\/4971","targetHints":{"allow":["GET"]}}],"collection":[{"href":"https:\/\/mastorrencito.com\/cat\/wp-json\/wp\/v2\/posts"}],"about":[{"href":"https:\/\/mastorrencito.com\/cat\/wp-json\/wp\/v2\/types\/post"}],"author":[{"embeddable":true,"href":"https:\/\/mastorrencito.com\/cat\/wp-json\/wp\/v2\/users\/2"}],"replies":[{"embeddable":true,"href":"https:\/\/mastorrencito.com\/cat\/wp-json\/wp\/v2\/comments?post=4971"}],"version-history":[{"count":3,"href":"https:\/\/mastorrencito.com\/cat\/wp-json\/wp\/v2\/posts\/4971\/revisions"}],"predecessor-version":[{"id":4976,"href":"https:\/\/mastorrencito.com\/cat\/wp-json\/wp\/v2\/posts\/4971\/revisions\/4976"}],"wp:featuredmedia":[{"embeddable":true,"href":"https:\/\/mastorrencito.com\/cat\/wp-json\/wp\/v2\/media\/4972"}],"wp:attachment":[{"href":"https:\/\/mastorrencito.com\/cat\/wp-json\/wp\/v2\/media?parent=4971"}],"wp:term":[{"taxonomy":"category","embeddable":true,"href":"https:\/\/mastorrencito.com\/cat\/wp-json\/wp\/v2\/categories?post=4971"},{"taxonomy":"post_tag","embeddable":true,"href":"https:\/\/mastorrencito.com\/cat\/wp-json\/wp\/v2\/tags?post=4971"}],"curies":[{"name":"wp","href":"https:\/\/api.w.org\/{rel}","templated":true}]}}