{"id":4962,"date":"2026-02-20T05:40:13","date_gmt":"2026-02-20T05:40:13","guid":{"rendered":"https:\/\/mastorrencito.com\/triaries-entre-el-teu-gos-i-la-teva-parella\/"},"modified":"2026-02-20T05:53:25","modified_gmt":"2026-02-20T05:53:25","slug":"triaries-entre-el-teu-gos-i-la-teva-parella","status":"publish","type":"post","link":"https:\/\/mastorrencito.com\/cat\/triaries-entre-el-teu-gos-i-la-teva-parella\/","title":{"rendered":"triaries entre el teu gos i la teva parella"},"content":{"rendered":"\n<p>Imagina-t\u2019ho.<\/p>\n\n\n\n<p>La teva parella mirant-te als ulls, seriosa.<br>Sense crits. Sense drama exagerat.<br>Nom\u00e9s una frase clara:<\/p>\n\n\n\n<p>\u2014O el gos\u2026 o jo.<\/p>\n\n\n\n<p>Qu\u00e8 faries?<\/p>\n\n\n\n<p>No \u00e9s una pregunta c\u00f2moda.<br>No \u00e9s te\u00f2rica.<br>No \u00e9s exagerada.<\/p>\n\n\n\n<p>Passa m\u00e9s del que pensem.<\/p>\n\n\n\n<p>Perqu\u00e8 quan alg\u00fa entra a la teva vida despr\u00e9s del teu gos, entra en una hist\u00f2ria que ja estava comen\u00e7ada.<br>En un vincle que no va n\u00e9ixer per competir.<br>En una relaci\u00f3 on no hi ha ultim\u00e0tums, nom\u00e9s lleialtat.<\/p>\n\n\n\n<p>I llavors arriba el conflicte.<\/p>\n\n\n\n<p>Els p\u00e8ls.<br>Els passejos.<br>El temps compartit.<br>La llibertat.<br>El llit. El sof\u00e0. La prioritat.<\/p>\n\n\n\n<p>Per\u00f2 al fons, gaireb\u00e9 mai va d\u2019aix\u00f2.<\/p>\n\n\n\n<figure class=\"wp-block-image size-full\"><img decoding=\"async\" src=\"https:\/\/mastorrencito.com\/es\/wp-content\/uploads\/sites\/1\/ChatGPT-Image-20-feb-2026-06_36_47.png\" alt=\"Dejarias a tu mascota si tu pareja te lo pidiera? by MasTorrencito Turismo Petgriendly Girona\" class=\"wp-image-2170\" \/><figcaption class=\"wp-element-caption\">Dejarias a tu mascota si tu pareja te lo pidiera? by MasTorrencito Turismo Petgriendly Girona<\/figcaption><\/figure>\n\n\n\n<h2 class=\"wp-block-heading\">\ud83d\udc36 Quan el problema no \u00e9s el gos<\/h2>\n\n\n\n<p>Gaireb\u00e9 mai va de p\u00e8ls.<\/p>\n\n\n\n<p>Va de valors.<br>Va de com entens l\u2019amor.<br>Va de si l\u2019afecte es mesura en exclusivitat\u2026 o en capacitat de compartir.<\/p>\n\n\n\n<p>Perqu\u00e8 de vegades els humans creuen que trien parella\u2026<br>quan en realitat estan triant quin tipus de persona volen ser.<\/p>\n\n\n\n<p>En un lloc com aquest \u2014on els gossos no \u201cs\u2019admeten\u201d\u2026 viuen\u2014 aquesta pregunta no \u00e9s ficci\u00f3.<\/p>\n\n\n\n<p>Fa anys, jo mateixa vaig veure una cosa aix\u00ed.<\/p>\n\n\n\n<p>I ara t\u2019ho explicar\u00e9.<\/p>\n\n\n\n<hr class=\"wp-block-separator has-alpha-channel-opacity\" \/>\n\n\n\n<h1 class=\"wp-block-heading\">\ud83d\udc3e El dia que gaireb\u00e9 la van perdre\u2026 per amor<\/h1>\n\n\n\n<p><em>Relat de la Manuela, que va viure 16 anys en aquesta casa<\/em><\/p>\n\n\n\n<p>Jo ja era gran.<br>No tant com per perdre\u2019m coses\u2026 per\u00f2 prou com per olorar quan l\u2019aire venia estrany.<\/p>\n\n\n\n<p>Va ser fa uns anys.<br>Tardor.<br>D\u2019aquells caps de setmana en qu\u00e8 les fulles cruixen i els humans parlen fluixet.<\/p>\n\n\n\n<p>Van arribar tres.<br>Ella.<br>Ell.<br>I una labradora amb el musell platejat com el meu.<\/p>\n\n\n\n<p>Es deia Nala.<\/p>\n\n\n\n<p>Jo la vaig mirar.<br>Ella em va mirar.<br>Les velles ens sabem recon\u00e8ixer.<\/p>\n\n\n\n<hr class=\"wp-block-separator has-alpha-channel-opacity\" \/>\n\n\n\n<h2 class=\"wp-block-heading\">\ud83d\udc3e La frase que feia mal<\/h2>\n\n\n\n<p>Mentre en Miguel feia el check-in, l\u2019hum\u00e0 mascle va dir una cosa que no em va agradar gens:<\/p>\n\n\n\n<p>\u2014A veure si aquest cap de setmana decidim qu\u00e8 fem amb ella\u2026<\/p>\n\n\n\n<p>Els gossos no entenem totes les paraules.<br>Per\u00f2 entenem el to.<\/p>\n\n\n\n<p>I aquell to feia olor de comiat.<\/p>\n\n\n\n<p>Ella no va dir res.<br>Per\u00f2 els seus ulls s\u00ed.<\/p>\n\n\n\n<hr class=\"wp-block-separator has-alpha-channel-opacity\" \/>\n\n\n\n<h2 class=\"wp-block-heading\">\ud83c\udf3f El que ell no veia<\/h2>\n\n\n\n<p>La Nala no era \u201cun gos m\u00e9s\u201d.<\/p>\n\n\n\n<p>Havia estat abans que ell.<br>Havia dormit enganxada al seu pit quan plorava per un altre amor trencat.<br>Havia estat casa quan no hi havia casa.<\/p>\n\n\n\n<p>Ell veia p\u00e8ls.<br>Ella veia hist\u00f2ria.<\/p>\n\n\n\n<p>Ell veia incomoditat.<br>Ella veia lleialtat.<\/p>\n\n\n\n<hr class=\"wp-block-separator has-alpha-channel-opacity\" \/>\n\n\n\n<h2 class=\"wp-block-heading\">\ud83d\udca7 L\u2019escena que ho va canviar tot<\/h2>\n\n\n\n<p>Dissabte a la tarda jo estava estirada prop de la piscina.<br>Vigilant, \u00e9s clar. Sempre vaig ser la cap.<\/p>\n\n\n\n<p>La Nala va caminar a poc a poc cap a la seva humana.<\/p>\n\n\n\n<p>No corria.<br>No jugava.<br>Nom\u00e9s buscava contacte.<\/p>\n\n\n\n<p>Ella es va asseure a terra.<br>La va abra\u00e7ar fort.<br>Com si alg\u00fa se l\u2019hagu\u00e9s d\u2019endur.<\/p>\n\n\n\n<p>I l\u2019hum\u00e0 es va quedar mirant.<\/p>\n\n\n\n<p>En silenci.<\/p>\n\n\n\n<p>Jo el vaig observar.<br>I vaig veure alguna cosa canviar.<\/p>\n\n\n\n<p>No va ser m\u00e0gic.<br>No hi va haver m\u00fasica.<br>Per\u00f2 hi va haver comprensi\u00f3.<\/p>\n\n\n\n<hr class=\"wp-block-separator has-alpha-channel-opacity\" \/>\n\n\n\n<h2 class=\"wp-block-heading\">\ud83d\udc36 La frase final<\/h2>\n\n\n\n<p>Diumenge, abans de pujar al cotxe, l\u2019hum\u00e0 va parlar fluixet amb en Miguel.<\/p>\n\n\n\n<p>Jo era a prop. Sempre soc a prop.<\/p>\n\n\n\n<p>\u2014Crec que el problema no era la gossa\u2026 era que jo no estava sabent estimar aix\u00ed.<\/p>\n\n\n\n<p>Van marxar els tres.<\/p>\n\n\n\n<p>I la Nala va recolzar el cap a la falda d\u2019ell durant tot el temps que els vaig poder veure.<\/p>\n\n\n\n<hr class=\"wp-block-separator has-alpha-channel-opacity\" \/>\n\n\n\n<h1 class=\"wp-block-heading\">\ud83d\udc3e Renunciaries al teu gos per amor?<\/h1>\n\n\n\n<p>Els humans sou estranys.<\/p>\n\n\n\n<p>A vegades competiu amb nosaltres.<br>A vegades us sentiu despla\u00e7ats.<br>A vegades confoneu amor amb exclusivitat.<\/p>\n\n\n\n<p>Per\u00f2 quan enteneu\u2026<br>quan enteneu de veritat\u2026<\/p>\n\n\n\n<p>Deixeu de veure un gos.<\/p>\n\n\n\n<p>I comenceu a veure un vincle.<\/p>\n\n\n\n<p>I jo, que vaig viure setze anys en aquesta casa rural petfriendly a Girona on els gossos no s\u2019admeten\u2026 viuen\u2026<\/p>\n\n\n\n<p>Et dic una cosa:<\/p>\n\n\n\n<p>Si alg\u00fa et demana triar entre el teu gos i el seu amor\u2026<br>no t\u2019est\u00e0 demanant una elecci\u00f3.<\/p>\n\n\n\n<p>T\u2019est\u00e0 mostrant fins a quin punt ent\u00e9n el teu.<\/p>\n\n\n\n<p>\u2014 Manuela \ud83c\udf3c\ud83d\udc3e<\/p>\n\n\n\n<p>__________________________<\/p>\n\n\n\n<p><strong>Viatges amb gos?<\/strong><br>Descobreix per qu\u00e8 Mas Torrencito \u00e9s una de les cases rurals petfriendly m\u00e9s aut\u00e8ntiques d\u2019Espanya.<\/p>\n\n\n\n<div class=\"wp-block-buttons is-content-justification-center is-layout-flex wp-container-core-buttons-is-layout-a89b3969 wp-block-buttons-is-layout-flex\">\n<div class=\"wp-block-button\"><a class=\"wp-block-button__link wp-element-button\" href=\"http:\/\/www.mastorrencito.com\">RESERVAR<\/a><\/div>\n<\/div>\n\n\n\n<hr class=\"wp-block-separator has-alpha-channel-opacity\" \/>\n\n\n\n<p>\ud83d\udc3e&nbsp;<strong>Mas Torrencito<\/strong><\/p>\n\n\n\n<p>Turisme rural petfriendly a Girona<br>On els gossos no hi passen.<br>S\u2019hi queden.<\/p>\n\n\n\n<p>\ud83d\udc3e\ud83d\udc9b<\/p>\n\n\n\n<p>Des de MasTorrencito et desitgem un bon dia i que els teus gossos t\u2019acompanyin!!!!<\/p>\n\n\n\n<p>\u2014\u2013<br>Si vols, pots veure els nostres bons per a caps de setmana, bons per a jubilats, a un preu incre\u00efble\u2026 entra a&nbsp;<a href=\"http:\/\/www.mastorrencito.com\/\">www.mastorrencito.com<\/a><\/p>\n\n\n\n<figure class=\"wp-block-embed is-type-video is-provider-youtube wp-block-embed-youtube wp-embed-aspect-16-9 wp-has-aspect-ratio\"><div class=\"wp-block-embed__wrapper\">\n<iframe title=\"mastorrencito corporativo 2020\" width=\"800\" height=\"450\" src=\"https:\/\/www.youtube.com\/embed\/L7Gk6MoyqpQ?feature=oembed\" frameborder=\"0\" allow=\"accelerometer; autoplay; clipboard-write; encrypted-media; gyroscope; picture-in-picture; web-share\" referrerpolicy=\"strict-origin-when-cross-origin\" allowfullscreen><\/iframe>\n<\/div><\/figure>\n","protected":false},"excerpt":{"rendered":"<p>Renunciaries al teu gos si la teva parella t\u2019ho deman\u00e9s? A Mas Torrencito vam viure una hist\u00f2ria real que ens va fer reflexionar sobre amor, lleialtat i valors.<\/p>\n","protected":false},"author":2,"featured_media":4963,"comment_status":"closed","ping_status":"closed","sticky":false,"template":"","format":"standard","meta":{"_acf_changed":false,"footnotes":""},"categories":[71,28,34],"tags":[58,47,42,51,61,56],"class_list":["post-4962","post","type-post","status-publish","format-standard","has-post-thumbnail","hentry","category-articles-of-interest","category-blog","category-mastorrencitos-stories","tag-gironaconmascotas-en","tag-gironaconmascotas","tag-turismoconmascotas","tag-turismocostabrava","tag-turismocostabrava-en","tag-viatjar-amb-gossos"],"yoast_head":"<!-- This site is optimized with the Yoast SEO Premium plugin v27.3 (Yoast SEO v27.4) - https:\/\/yoast.com\/product\/yoast-seo-premium-wordpress\/ -->\n<title>triaries entre el teu gos i la teva parella - Mas Torrencito CAT<\/title>\n<meta name=\"robots\" content=\"index, follow, max-snippet:-1, max-image-preview:large, max-video-preview:-1\" \/>\n<link rel=\"canonical\" href=\"https:\/\/mastorrencito.com\/cat\/triaries-entre-el-teu-gos-i-la-teva-parella\/\" \/>\n<meta property=\"og:locale\" content=\"es_ES\" \/>\n<meta property=\"og:type\" content=\"article\" \/>\n<meta property=\"og:title\" content=\"triaries entre el teu gos i la teva parella\" \/>\n<meta property=\"og:description\" content=\"Renunciaries al teu gos si la teva parella t\u2019ho deman\u00e9s? A Mas Torrencito vam viure una hist\u00f2ria real que ens va fer reflexionar sobre amor, lleialtat i valors.\" \/>\n<meta property=\"og:url\" content=\"https:\/\/mastorrencito.com\/cat\/triaries-entre-el-teu-gos-i-la-teva-parella\/\" \/>\n<meta property=\"og:site_name\" content=\"Mas Torrencito CAT\" \/>\n<meta property=\"article:published_time\" content=\"2026-02-20T05:40:13+00:00\" \/>\n<meta property=\"article:modified_time\" content=\"2026-02-20T05:53:25+00:00\" \/>\n<meta property=\"og:image\" content=\"https:\/\/mastorrencito.com\/cat\/wp-content\/uploads\/sites\/3\/ChatGPT-Image-20-feb-2026-06_36_47.png\" \/>\n\t<meta property=\"og:image:width\" content=\"482\" \/>\n\t<meta property=\"og:image:height\" content=\"723\" \/>\n\t<meta property=\"og:image:type\" content=\"image\/png\" \/>\n<meta name=\"author\" content=\"Mastorrencito\" \/>\n<meta name=\"twitter:card\" content=\"summary_large_image\" \/>\n<meta name=\"twitter:label1\" content=\"Escrito por\" \/>\n\t<meta name=\"twitter:data1\" content=\"Mastorrencito\" \/>\n\t<meta name=\"twitter:label2\" content=\"Tiempo de lectura\" \/>\n\t<meta name=\"twitter:data2\" content=\"4 minutos\" \/>\n<script type=\"application\/ld+json\" class=\"yoast-schema-graph\">{\"@context\":\"https:\\\/\\\/schema.org\",\"@graph\":[{\"@type\":\"Article\",\"@id\":\"https:\\\/\\\/mastorrencito.com\\\/cat\\\/triaries-entre-el-teu-gos-i-la-teva-parella\\\/#article\",\"isPartOf\":{\"@id\":\"https:\\\/\\\/mastorrencito.com\\\/cat\\\/triaries-entre-el-teu-gos-i-la-teva-parella\\\/\"},\"author\":{\"name\":\"Mastorrencito\",\"@id\":\"https:\\\/\\\/mastorrencito.com\\\/#\\\/schema\\\/person\\\/18c619be80d4ae2667c702911625f790\"},\"headline\":\"triaries entre el teu gos i la teva parella\",\"datePublished\":\"2026-02-20T05:40:13+00:00\",\"dateModified\":\"2026-02-20T05:53:25+00:00\",\"mainEntityOfPage\":{\"@id\":\"https:\\\/\\\/mastorrencito.com\\\/cat\\\/triaries-entre-el-teu-gos-i-la-teva-parella\\\/\"},\"wordCount\":799,\"publisher\":{\"@id\":\"https:\\\/\\\/mastorrencito.com\\\/#organization\"},\"image\":{\"@id\":\"https:\\\/\\\/mastorrencito.com\\\/cat\\\/triaries-entre-el-teu-gos-i-la-teva-parella\\\/#primaryimage\"},\"thumbnailUrl\":\"https:\\\/\\\/mastorrencito.com\\\/cat\\\/wp-content\\\/uploads\\\/sites\\\/3\\\/ChatGPT-Image-20-feb-2026-06_36_47.png\",\"keywords\":[\"Gironaconmascotas\",\"Gironaconmascotas\",\"turismoconmascotas\",\"turismocostabrava\",\"turismocostabrava\",\"viatjar amb gossos\"],\"articleSection\":[\"Articles of Interest\",\"Blog\",\"Mastorrencito's Stories\"],\"inLanguage\":\"es\"},{\"@type\":\"WebPage\",\"@id\":\"https:\\\/\\\/mastorrencito.com\\\/cat\\\/triaries-entre-el-teu-gos-i-la-teva-parella\\\/\",\"url\":\"https:\\\/\\\/mastorrencito.com\\\/cat\\\/triaries-entre-el-teu-gos-i-la-teva-parella\\\/\",\"name\":\"triaries entre el teu gos i la teva parella - Mas Torrencito CAT\",\"isPartOf\":{\"@id\":\"https:\\\/\\\/mastorrencito.com\\\/#website\"},\"primaryImageOfPage\":{\"@id\":\"https:\\\/\\\/mastorrencito.com\\\/cat\\\/triaries-entre-el-teu-gos-i-la-teva-parella\\\/#primaryimage\"},\"image\":{\"@id\":\"https:\\\/\\\/mastorrencito.com\\\/cat\\\/triaries-entre-el-teu-gos-i-la-teva-parella\\\/#primaryimage\"},\"thumbnailUrl\":\"https:\\\/\\\/mastorrencito.com\\\/cat\\\/wp-content\\\/uploads\\\/sites\\\/3\\\/ChatGPT-Image-20-feb-2026-06_36_47.png\",\"datePublished\":\"2026-02-20T05:40:13+00:00\",\"dateModified\":\"2026-02-20T05:53:25+00:00\",\"breadcrumb\":{\"@id\":\"https:\\\/\\\/mastorrencito.com\\\/cat\\\/triaries-entre-el-teu-gos-i-la-teva-parella\\\/#breadcrumb\"},\"inLanguage\":\"es\",\"potentialAction\":[{\"@type\":\"ReadAction\",\"target\":[\"https:\\\/\\\/mastorrencito.com\\\/cat\\\/triaries-entre-el-teu-gos-i-la-teva-parella\\\/\"]}]},{\"@type\":\"ImageObject\",\"inLanguage\":\"es\",\"@id\":\"https:\\\/\\\/mastorrencito.com\\\/cat\\\/triaries-entre-el-teu-gos-i-la-teva-parella\\\/#primaryimage\",\"url\":\"https:\\\/\\\/mastorrencito.com\\\/cat\\\/wp-content\\\/uploads\\\/sites\\\/3\\\/ChatGPT-Image-20-feb-2026-06_36_47.png\",\"contentUrl\":\"https:\\\/\\\/mastorrencito.com\\\/cat\\\/wp-content\\\/uploads\\\/sites\\\/3\\\/ChatGPT-Image-20-feb-2026-06_36_47.png\",\"width\":482,\"height\":723,\"caption\":\"Dejarias a tu mascota si tu pareja te lo pidiera? by MasTorrencito Turismo Petgriendly Girona\"},{\"@type\":\"BreadcrumbList\",\"@id\":\"https:\\\/\\\/mastorrencito.com\\\/cat\\\/triaries-entre-el-teu-gos-i-la-teva-parella\\\/#breadcrumb\",\"itemListElement\":[{\"@type\":\"ListItem\",\"position\":1,\"name\":\"Portada\",\"item\":\"https:\\\/\\\/mastorrencito.com\\\/\"},{\"@type\":\"ListItem\",\"position\":2,\"name\":\"triaries entre el teu gos i la teva parella\"}]},{\"@type\":\"WebSite\",\"@id\":\"https:\\\/\\\/mastorrencito.com\\\/#website\",\"url\":\"https:\\\/\\\/mastorrencito.com\\\/\",\"name\":\"Mas Torrencito CAT\",\"description\":\"Casa rural pet friendly en Girona\",\"publisher\":{\"@id\":\"https:\\\/\\\/mastorrencito.com\\\/#organization\"},\"potentialAction\":[{\"@type\":\"SearchAction\",\"target\":{\"@type\":\"EntryPoint\",\"urlTemplate\":\"https:\\\/\\\/mastorrencito.com\\\/?s={search_term_string}\"},\"query-input\":{\"@type\":\"PropertyValueSpecification\",\"valueRequired\":true,\"valueName\":\"search_term_string\"}}],\"inLanguage\":\"es\"},{\"@type\":\"Organization\",\"@id\":\"https:\\\/\\\/mastorrencito.com\\\/#organization\",\"name\":\"Mas Torrencito CAT\",\"url\":\"https:\\\/\\\/mastorrencito.com\\\/\",\"logo\":{\"@type\":\"ImageObject\",\"inLanguage\":\"es\",\"@id\":\"https:\\\/\\\/mastorrencito.com\\\/#\\\/schema\\\/logo\\\/image\\\/\",\"url\":\"https:\\\/\\\/mastorrencito.com\\\/cat\\\/wp-content\\\/uploads\\\/sites\\\/3\\\/Logo-Mastorrencito-horizontal.webp\",\"contentUrl\":\"https:\\\/\\\/mastorrencito.com\\\/cat\\\/wp-content\\\/uploads\\\/sites\\\/3\\\/Logo-Mastorrencito-horizontal.webp\",\"width\":161,\"height\":54,\"caption\":\"Mas Torrencito CAT\"},\"image\":{\"@id\":\"https:\\\/\\\/mastorrencito.com\\\/#\\\/schema\\\/logo\\\/image\\\/\"}},{\"@type\":\"Person\",\"@id\":\"https:\\\/\\\/mastorrencito.com\\\/#\\\/schema\\\/person\\\/18c619be80d4ae2667c702911625f790\",\"name\":\"Mastorrencito\",\"image\":{\"@type\":\"ImageObject\",\"inLanguage\":\"es\",\"@id\":\"https:\\\/\\\/secure.gravatar.com\\\/avatar\\\/3ef55e0519f987a734c21caee1423b51df7b760b7d81a38ecd31cab0a5115f6d?s=96&d=mm&r=g\",\"url\":\"https:\\\/\\\/secure.gravatar.com\\\/avatar\\\/3ef55e0519f987a734c21caee1423b51df7b760b7d81a38ecd31cab0a5115f6d?s=96&d=mm&r=g\",\"contentUrl\":\"https:\\\/\\\/secure.gravatar.com\\\/avatar\\\/3ef55e0519f987a734c21caee1423b51df7b760b7d81a38ecd31cab0a5115f6d?s=96&d=mm&r=g\",\"caption\":\"Mastorrencito\"},\"url\":\"https:\\\/\\\/mastorrencito.com\\\/cat\\\/author\\\/mastorrencito\\\/\"}]}<\/script>\n<!-- \/ Yoast SEO Premium plugin. -->","yoast_head_json":{"title":"triaries entre el teu gos i la teva parella - Mas Torrencito CAT","robots":{"index":"index","follow":"follow","max-snippet":"max-snippet:-1","max-image-preview":"max-image-preview:large","max-video-preview":"max-video-preview:-1"},"canonical":"https:\/\/mastorrencito.com\/cat\/triaries-entre-el-teu-gos-i-la-teva-parella\/","og_locale":"es_ES","og_type":"article","og_title":"triaries entre el teu gos i la teva parella","og_description":"Renunciaries al teu gos si la teva parella t\u2019ho deman\u00e9s? A Mas Torrencito vam viure una hist\u00f2ria real que ens va fer reflexionar sobre amor, lleialtat i valors.","og_url":"https:\/\/mastorrencito.com\/cat\/triaries-entre-el-teu-gos-i-la-teva-parella\/","og_site_name":"Mas Torrencito CAT","article_published_time":"2026-02-20T05:40:13+00:00","article_modified_time":"2026-02-20T05:53:25+00:00","og_image":[{"width":482,"height":723,"url":"https:\/\/mastorrencito.com\/cat\/wp-content\/uploads\/sites\/3\/ChatGPT-Image-20-feb-2026-06_36_47.png","type":"image\/png"}],"author":"Mastorrencito","twitter_card":"summary_large_image","twitter_misc":{"Escrito por":"Mastorrencito","Tiempo de lectura":"4 minutos"},"schema":{"@context":"https:\/\/schema.org","@graph":[{"@type":"Article","@id":"https:\/\/mastorrencito.com\/cat\/triaries-entre-el-teu-gos-i-la-teva-parella\/#article","isPartOf":{"@id":"https:\/\/mastorrencito.com\/cat\/triaries-entre-el-teu-gos-i-la-teva-parella\/"},"author":{"name":"Mastorrencito","@id":"https:\/\/mastorrencito.com\/#\/schema\/person\/18c619be80d4ae2667c702911625f790"},"headline":"triaries entre el teu gos i la teva parella","datePublished":"2026-02-20T05:40:13+00:00","dateModified":"2026-02-20T05:53:25+00:00","mainEntityOfPage":{"@id":"https:\/\/mastorrencito.com\/cat\/triaries-entre-el-teu-gos-i-la-teva-parella\/"},"wordCount":799,"publisher":{"@id":"https:\/\/mastorrencito.com\/#organization"},"image":{"@id":"https:\/\/mastorrencito.com\/cat\/triaries-entre-el-teu-gos-i-la-teva-parella\/#primaryimage"},"thumbnailUrl":"https:\/\/mastorrencito.com\/cat\/wp-content\/uploads\/sites\/3\/ChatGPT-Image-20-feb-2026-06_36_47.png","keywords":["Gironaconmascotas","Gironaconmascotas","turismoconmascotas","turismocostabrava","turismocostabrava","viatjar amb gossos"],"articleSection":["Articles of Interest","Blog","Mastorrencito's Stories"],"inLanguage":"es"},{"@type":"WebPage","@id":"https:\/\/mastorrencito.com\/cat\/triaries-entre-el-teu-gos-i-la-teva-parella\/","url":"https:\/\/mastorrencito.com\/cat\/triaries-entre-el-teu-gos-i-la-teva-parella\/","name":"triaries entre el teu gos i la teva parella - Mas Torrencito CAT","isPartOf":{"@id":"https:\/\/mastorrencito.com\/#website"},"primaryImageOfPage":{"@id":"https:\/\/mastorrencito.com\/cat\/triaries-entre-el-teu-gos-i-la-teva-parella\/#primaryimage"},"image":{"@id":"https:\/\/mastorrencito.com\/cat\/triaries-entre-el-teu-gos-i-la-teva-parella\/#primaryimage"},"thumbnailUrl":"https:\/\/mastorrencito.com\/cat\/wp-content\/uploads\/sites\/3\/ChatGPT-Image-20-feb-2026-06_36_47.png","datePublished":"2026-02-20T05:40:13+00:00","dateModified":"2026-02-20T05:53:25+00:00","breadcrumb":{"@id":"https:\/\/mastorrencito.com\/cat\/triaries-entre-el-teu-gos-i-la-teva-parella\/#breadcrumb"},"inLanguage":"es","potentialAction":[{"@type":"ReadAction","target":["https:\/\/mastorrencito.com\/cat\/triaries-entre-el-teu-gos-i-la-teva-parella\/"]}]},{"@type":"ImageObject","inLanguage":"es","@id":"https:\/\/mastorrencito.com\/cat\/triaries-entre-el-teu-gos-i-la-teva-parella\/#primaryimage","url":"https:\/\/mastorrencito.com\/cat\/wp-content\/uploads\/sites\/3\/ChatGPT-Image-20-feb-2026-06_36_47.png","contentUrl":"https:\/\/mastorrencito.com\/cat\/wp-content\/uploads\/sites\/3\/ChatGPT-Image-20-feb-2026-06_36_47.png","width":482,"height":723,"caption":"Dejarias a tu mascota si tu pareja te lo pidiera? by MasTorrencito Turismo Petgriendly Girona"},{"@type":"BreadcrumbList","@id":"https:\/\/mastorrencito.com\/cat\/triaries-entre-el-teu-gos-i-la-teva-parella\/#breadcrumb","itemListElement":[{"@type":"ListItem","position":1,"name":"Portada","item":"https:\/\/mastorrencito.com\/"},{"@type":"ListItem","position":2,"name":"triaries entre el teu gos i la teva parella"}]},{"@type":"WebSite","@id":"https:\/\/mastorrencito.com\/#website","url":"https:\/\/mastorrencito.com\/","name":"Mas Torrencito CAT","description":"Casa rural pet friendly en Girona","publisher":{"@id":"https:\/\/mastorrencito.com\/#organization"},"potentialAction":[{"@type":"SearchAction","target":{"@type":"EntryPoint","urlTemplate":"https:\/\/mastorrencito.com\/?s={search_term_string}"},"query-input":{"@type":"PropertyValueSpecification","valueRequired":true,"valueName":"search_term_string"}}],"inLanguage":"es"},{"@type":"Organization","@id":"https:\/\/mastorrencito.com\/#organization","name":"Mas Torrencito CAT","url":"https:\/\/mastorrencito.com\/","logo":{"@type":"ImageObject","inLanguage":"es","@id":"https:\/\/mastorrencito.com\/#\/schema\/logo\/image\/","url":"https:\/\/mastorrencito.com\/cat\/wp-content\/uploads\/sites\/3\/Logo-Mastorrencito-horizontal.webp","contentUrl":"https:\/\/mastorrencito.com\/cat\/wp-content\/uploads\/sites\/3\/Logo-Mastorrencito-horizontal.webp","width":161,"height":54,"caption":"Mas Torrencito CAT"},"image":{"@id":"https:\/\/mastorrencito.com\/#\/schema\/logo\/image\/"}},{"@type":"Person","@id":"https:\/\/mastorrencito.com\/#\/schema\/person\/18c619be80d4ae2667c702911625f790","name":"Mastorrencito","image":{"@type":"ImageObject","inLanguage":"es","@id":"https:\/\/secure.gravatar.com\/avatar\/3ef55e0519f987a734c21caee1423b51df7b760b7d81a38ecd31cab0a5115f6d?s=96&d=mm&r=g","url":"https:\/\/secure.gravatar.com\/avatar\/3ef55e0519f987a734c21caee1423b51df7b760b7d81a38ecd31cab0a5115f6d?s=96&d=mm&r=g","contentUrl":"https:\/\/secure.gravatar.com\/avatar\/3ef55e0519f987a734c21caee1423b51df7b760b7d81a38ecd31cab0a5115f6d?s=96&d=mm&r=g","caption":"Mastorrencito"},"url":"https:\/\/mastorrencito.com\/cat\/author\/mastorrencito\/"}]}},"acf":[],"_links":{"self":[{"href":"https:\/\/mastorrencito.com\/cat\/wp-json\/wp\/v2\/posts\/4962","targetHints":{"allow":["GET"]}}],"collection":[{"href":"https:\/\/mastorrencito.com\/cat\/wp-json\/wp\/v2\/posts"}],"about":[{"href":"https:\/\/mastorrencito.com\/cat\/wp-json\/wp\/v2\/types\/post"}],"author":[{"embeddable":true,"href":"https:\/\/mastorrencito.com\/cat\/wp-json\/wp\/v2\/users\/2"}],"replies":[{"embeddable":true,"href":"https:\/\/mastorrencito.com\/cat\/wp-json\/wp\/v2\/comments?post=4962"}],"version-history":[{"count":1,"href":"https:\/\/mastorrencito.com\/cat\/wp-json\/wp\/v2\/posts\/4962\/revisions"}],"predecessor-version":[{"id":4965,"href":"https:\/\/mastorrencito.com\/cat\/wp-json\/wp\/v2\/posts\/4962\/revisions\/4965"}],"wp:featuredmedia":[{"embeddable":true,"href":"https:\/\/mastorrencito.com\/cat\/wp-json\/wp\/v2\/media\/4963"}],"wp:attachment":[{"href":"https:\/\/mastorrencito.com\/cat\/wp-json\/wp\/v2\/media?parent=4962"}],"wp:term":[{"taxonomy":"category","embeddable":true,"href":"https:\/\/mastorrencito.com\/cat\/wp-json\/wp\/v2\/categories?post=4962"},{"taxonomy":"post_tag","embeddable":true,"href":"https:\/\/mastorrencito.com\/cat\/wp-json\/wp\/v2\/tags?post=4962"}],"curies":[{"name":"wp","href":"https:\/\/api.w.org\/{rel}","templated":true}]}}