{"id":4942,"date":"2026-02-17T06:28:58","date_gmt":"2026-02-17T06:28:58","guid":{"rendered":"https:\/\/mastorrencito.com\/malinois-sense-control-casa-rural\/"},"modified":"2026-02-17T06:36:37","modified_gmt":"2026-02-17T06:36:37","slug":"malinois-sense-control-casa-rural","status":"publish","type":"post","link":"https:\/\/mastorrencito.com\/cat\/malinois-sense-control-casa-rural\/","title":{"rendered":"Malinois sense control en una casa rural: el problema no \u00e9s el gos"},"content":{"rendered":"\n<hr class=\"wp-block-separator has-alpha-channel-opacity\" \/>\n\n\n\n<h2 class=\"wp-block-heading\">De verdad. No lo entiendo.<\/h2>\n\n\n\n<p>\ud83d\udc15 El Malinois no \u00e9s el perill. La manca de control s\u00ed.<\/p>\n\n\n\n<p>De veritat.<br>No ho entenc.<\/p>\n\n\n\n<p>Ahir a la nit van venir uns clients amb dos Malinois mascles.<br>Dos animals potents. Intensos. Energia d\u2019unitat especial.<\/p>\n\n\n\n<p>I ho repeteixo, que quedi clar:<br>\ud83d\udc49 El problema no s\u00f3n els Malinois.<br>El problema \u00e9s no saber qu\u00e8 portes a la corretja.<\/p>\n\n\n\n<p>Parella d\u2019uns 70 anys.<br>A ella gaireb\u00e9 la fa caure un.<br>A ell li clava un cop contra la taula que encara estic veient la repetici\u00f3.<\/p>\n\n\n\n<p>I jo pensant:<br>\u201cAix\u00f2 no \u00e9s mala sort. Aix\u00f2 \u00e9s mala gesti\u00f3.\u201d<\/p>\n\n\n\n<hr class=\"wp-block-separator has-alpha-channel-opacity\" \/>\n\n\n<figure class=\"wp-block-post-featured-image\"><img fetchpriority=\"high\" decoding=\"async\" width=\"794\" height=\"529\" src=\"https:\/\/mastorrencito.com\/cat\/wp-content\/uploads\/sites\/3\/ChatGPT-Image-17-feb-2026-06_55_40.png\" class=\"attachment-post-thumbnail size-post-thumbnail wp-post-image\" alt=\"Por que complicarnos la vida.... MasTorrencito, turismo rural petfriendly Girona\" style=\"object-fit:cover;\" srcset=\"https:\/\/mastorrencito.com\/cat\/wp-content\/uploads\/sites\/3\/ChatGPT-Image-17-feb-2026-06_55_40.png 794w, https:\/\/mastorrencito.com\/cat\/wp-content\/uploads\/sites\/3\/ChatGPT-Image-17-feb-2026-06_55_40-300x200.png 300w, https:\/\/mastorrencito.com\/cat\/wp-content\/uploads\/sites\/3\/ChatGPT-Image-17-feb-2026-06_55_40-768x512.png 768w\" sizes=\"(max-width: 794px) 100vw, 794px\" \/><\/figure>\n\n\n<hr class=\"wp-block-separator has-alpha-channel-opacity\" \/>\n\n\n\n<h2 class=\"wp-block-heading\">\ud83c\udfe1 Seguretat en una casa rural petfriendly: anticipar no \u00e9s exagerar<\/h2>\n\n\n\n<p>Els faig el check-in.<br>Nom\u00e9s a ell. Ella al cotxe.<br>Encara no havia vist els gossos.<\/p>\n\n\n\n<p>Trien habitaci\u00f3 amb terrassa.<br>Sortida directa a l\u2019exterior. Perfecte per a gossos potents.<\/p>\n\n\n\n<p>Per\u00f2 en lloc d\u2019entrar i sortir per la terrassa\u2026<br>\ud83d\udc49 Baixen i pugen per l\u2019interior. Per les escales.<\/p>\n\n\n\n<p>Amb dos Malinois excitables.<\/p>\n\n\n\n<p>I jo mirant aquelles escales pensant:<\/p>\n\n\n\n<p>Com es creui un gat\u2026<br>Com passi un altre gos\u2026<br>Com baixi un nen mig adormit\u2026<\/p>\n\n\n\n<p>Aix\u00f2 no \u00e9s dramatitzar.<br>\u00c9s preveure.<\/p>\n\n\n\n<p>En turisme rural amb gossos, la conviv\u00e8ncia dep\u00e8n de la responsabilitat.<\/p>\n\n\n\n<hr class=\"wp-block-separator has-alpha-channel-opacity\" \/>\n\n\n\n<h2 class=\"wp-block-heading\">\ud83d\udc3e Conviv\u00e8ncia entre gossos grans i petits en allotjaments rurals<\/h2>\n\n\n\n<p>M\u00e9s tard, terrassa comuna.<br>Vi amunt, vi avall. Tot perfecte.<\/p>\n\n\n\n<p>Fins que arriben nous clients amb un chihuahua.<\/p>\n\n\n\n<p>Cadires movent-se.<br>Mirades tenses.<br>El chihuahua en mode \u201cjo no he vingut per aix\u00f2\u201d.<\/p>\n\n\n\n<p>Baixo a buscar una cervesa.<br>Els pregunto qu\u00e8 tal.<\/p>\n\n\n\n<p>\u201cAix\u00f2 \u00e9s un parad\u00eds.\u201d<\/p>\n\n\n\n<p>S\u00ed, clar.<\/p>\n\n\n\n<p>\u2014 \u00c9s bo? Es deixa acariciar?<\/p>\n\n\n\n<p>La dona em mira amb desaprovaci\u00f3.<br>Ell: \u201cS\u00ed, s\u00ed, s\u00f3n molt bons.\u201d<\/p>\n\n\n\n<p>S\u2019acosta.<\/p>\n\n\n\n<p>Jo mans sumises.<br>I en mig segon li vaig veure fins a la campanilla.<\/p>\n\n\n\n<p>Si no retiro la m\u00e0 s\u00f3c:<br>Miguel, el manco de l\u2019Empord\u00e0.<\/p>\n\n\n\n<hr class=\"wp-block-separator has-alpha-channel-opacity\" \/>\n\n\n\n<h2 class=\"wp-block-heading\">\u2696\ufe0f Viatjar amb un gos potent exigeix responsabilitat<\/h2>\n\n\n\n<p>No va passar res.<br>Perqu\u00e8 el tenia subjectat.<\/p>\n\n\n\n<p>Per\u00f2 si en comptes de la meva m\u00e0 \u00e9s un nen\u2026<\/p>\n\n\n\n<p>JO perqu\u00e8 s\u00f3c el propietari.<br>JO perqu\u00e8 visc d\u2019aix\u00f2.<br>JO perqu\u00e8 m\u2019ho he d\u2019empassar.<\/p>\n\n\n\n<p>Per\u00f2 aix\u00f2 no va d\u2019aguantar.<\/p>\n\n\n\n<p>Va de responsabilitat.<\/p>\n\n\n\n<p>Un Malinois no \u00e9s un problema.<br>\u00c9s una meravella\u2026 en mans adequades.<\/p>\n\n\n\n<p>Aqu\u00ed n\u2019han vingut molt\u00edssims.<br>Equilibrats. Estables.<br>Amb propietaris que saben qu\u00e8 tenen entre mans.<\/p>\n\n\n\n<p>Per\u00f2 quan no anticipes\u2026<br>quan no tries la ruta m\u00e9s segura\u2026<br>quan no saps llegir la tensi\u00f3 del teu propi gos\u2026<\/p>\n\n\n\n<p>Aix\u00f2 ja no \u00e9s amor pel gos.<\/p>\n\n\n\n<p>\u00c9s inconsci\u00e8ncia.<\/p>\n\n\n\n<hr class=\"wp-block-separator has-alpha-channel-opacity\" \/>\n\n\n\n<h2 class=\"wp-block-heading\">\ud83c\udf73 I ara\u2026 veurem com se\u2019ns donen els esmorzars<\/h2>\n\n\n\n<p>A veure\u2026 \ud83d\ude05\ud83d\udc3e<\/p>\n\n\n\n<p>_____________<\/p>\n\n\n\n<p>\ud83d\udc3e <strong>Viatges amb gos?<\/strong><br>Descobreix per qu\u00e8 Mas Torrencito \u00e9s una de les cases rurals petfriendly m\u00e9s aut\u00e8ntiques d\u2019Espanya.<\/p>\n\n\n\n<p><\/p>\n\n\n\n<div class=\"wp-block-buttons is-content-justification-center is-layout-flex wp-container-core-buttons-is-layout-a89b3969 wp-block-buttons-is-layout-flex\">\n<div class=\"wp-block-button\"><a class=\"wp-block-button__link wp-element-button\" href=\"http:\/\/www.mastorrencito.com\">RESERVAR<\/a><\/div>\n<\/div>\n\n\n\n<hr class=\"wp-block-separator has-alpha-channel-opacity\" \/>\n\n\n\n<p>\ud83d\udc3e&nbsp;<strong>Mas Torrencito<\/strong><\/p>\n\n\n\n<p>Turisme rural petfriendly a Girona<br>On els gossos no hi passen.<br>S\u2019hi queden.<\/p>\n\n\n\n<p>\ud83d\udc3e\ud83d\udc9b<\/p>\n\n\n\n<p>Des de MasTorrencito et desitgem un bon dia i que els teus gossos t\u2019acompanyin!!!!<\/p>\n\n\n\n<p>\u2014\u2013<br>Si vols, pots veure els nostres bons per a caps de setmana, bons per a jubilats, a un preu incre\u00efble\u2026 entra a&nbsp;<a href=\"http:\/\/www.mastorrencito.com\/\">www.mastorrencito.com<\/a><\/p>\n\n\n\n<figure class=\"wp-block-embed is-type-video is-provider-youtube wp-block-embed-youtube wp-embed-aspect-16-9 wp-has-aspect-ratio\"><div class=\"wp-block-embed__wrapper\">\n<iframe title=\"mastorrencito corporativo 2020\" width=\"800\" height=\"450\" src=\"https:\/\/www.youtube.com\/embed\/L7Gk6MoyqpQ?feature=oembed\" frameborder=\"0\" allow=\"accelerometer; autoplay; clipboard-write; encrypted-media; gyroscope; picture-in-picture; web-share\" referrerpolicy=\"strict-origin-when-cross-origin\" allowfullscreen><\/iframe>\n<\/div><\/figure>\n","protected":false},"excerpt":{"rendered":"<p>Reflexi\u00f3 real des d\u2019una casa rural petfriendly a Girona sobre Malinois sense control, responsabilitat i conviv\u00e8ncia amb gossos potents.<\/p>\n","protected":false},"author":2,"featured_media":4943,"comment_status":"closed","ping_status":"closed","sticky":false,"template":"","format":"standard","meta":{"_acf_changed":false,"footnotes":""},"categories":[28],"tags":[],"class_list":["post-4942","post","type-post","status-publish","format-standard","has-post-thumbnail","hentry","category-blog"],"yoast_head":"<!-- This site is optimized with the Yoast SEO Premium plugin v27.3 (Yoast SEO v27.4) - https:\/\/yoast.com\/product\/yoast-seo-premium-wordpress\/ -->\n<title>Malinois sense control en una casa rural: el problema no \u00e9s el gos - Mas Torrencito CAT<\/title>\n<meta name=\"robots\" content=\"index, follow, max-snippet:-1, max-image-preview:large, max-video-preview:-1\" \/>\n<link rel=\"canonical\" href=\"https:\/\/mastorrencito.com\/cat\/malinois-sense-control-casa-rural\/\" \/>\n<meta property=\"og:locale\" content=\"es_ES\" \/>\n<meta property=\"og:type\" content=\"article\" \/>\n<meta property=\"og:title\" content=\"Malinois sense control en una casa rural: el problema no \u00e9s el gos\" \/>\n<meta property=\"og:description\" content=\"Reflexi\u00f3 real des d\u2019una casa rural petfriendly a Girona sobre Malinois sense control, responsabilitat i conviv\u00e8ncia amb gossos potents.\" \/>\n<meta property=\"og:url\" content=\"https:\/\/mastorrencito.com\/cat\/malinois-sense-control-casa-rural\/\" \/>\n<meta property=\"og:site_name\" content=\"Mas Torrencito CAT\" \/>\n<meta property=\"article:published_time\" content=\"2026-02-17T06:28:58+00:00\" \/>\n<meta property=\"article:modified_time\" content=\"2026-02-17T06:36:37+00:00\" \/>\n<meta property=\"og:image\" content=\"https:\/\/mastorrencito.com\/cat\/wp-content\/uploads\/sites\/3\/ChatGPT-Image-17-feb-2026-06_55_40.png\" \/>\n\t<meta property=\"og:image:width\" content=\"794\" \/>\n\t<meta property=\"og:image:height\" content=\"529\" \/>\n\t<meta property=\"og:image:type\" content=\"image\/png\" \/>\n<meta name=\"author\" content=\"Mastorrencito\" \/>\n<meta name=\"twitter:card\" content=\"summary_large_image\" \/>\n<meta name=\"twitter:label1\" content=\"Escrito por\" \/>\n\t<meta name=\"twitter:data1\" content=\"Mastorrencito\" \/>\n\t<meta name=\"twitter:label2\" content=\"Tiempo de lectura\" \/>\n\t<meta name=\"twitter:data2\" content=\"3 minutos\" \/>\n<script type=\"application\/ld+json\" class=\"yoast-schema-graph\">{\"@context\":\"https:\\\/\\\/schema.org\",\"@graph\":[{\"@type\":\"Article\",\"@id\":\"https:\\\/\\\/mastorrencito.com\\\/cat\\\/malinois-sense-control-casa-rural\\\/#article\",\"isPartOf\":{\"@id\":\"https:\\\/\\\/mastorrencito.com\\\/cat\\\/malinois-sense-control-casa-rural\\\/\"},\"author\":{\"name\":\"Mastorrencito\",\"@id\":\"https:\\\/\\\/mastorrencito.com\\\/#\\\/schema\\\/person\\\/18c619be80d4ae2667c702911625f790\"},\"headline\":\"Malinois sense control en una casa rural: el problema no \u00e9s el gos\",\"datePublished\":\"2026-02-17T06:28:58+00:00\",\"dateModified\":\"2026-02-17T06:36:37+00:00\",\"mainEntityOfPage\":{\"@id\":\"https:\\\/\\\/mastorrencito.com\\\/cat\\\/malinois-sense-control-casa-rural\\\/\"},\"wordCount\":539,\"publisher\":{\"@id\":\"https:\\\/\\\/mastorrencito.com\\\/#organization\"},\"image\":{\"@id\":\"https:\\\/\\\/mastorrencito.com\\\/cat\\\/malinois-sense-control-casa-rural\\\/#primaryimage\"},\"thumbnailUrl\":\"https:\\\/\\\/mastorrencito.com\\\/cat\\\/wp-content\\\/uploads\\\/sites\\\/3\\\/ChatGPT-Image-17-feb-2026-06_55_40.png\",\"articleSection\":[\"Blog\"],\"inLanguage\":\"es\"},{\"@type\":\"WebPage\",\"@id\":\"https:\\\/\\\/mastorrencito.com\\\/cat\\\/malinois-sense-control-casa-rural\\\/\",\"url\":\"https:\\\/\\\/mastorrencito.com\\\/cat\\\/malinois-sense-control-casa-rural\\\/\",\"name\":\"Malinois sense control en una casa rural: el problema no \u00e9s el gos - Mas Torrencito CAT\",\"isPartOf\":{\"@id\":\"https:\\\/\\\/mastorrencito.com\\\/#website\"},\"primaryImageOfPage\":{\"@id\":\"https:\\\/\\\/mastorrencito.com\\\/cat\\\/malinois-sense-control-casa-rural\\\/#primaryimage\"},\"image\":{\"@id\":\"https:\\\/\\\/mastorrencito.com\\\/cat\\\/malinois-sense-control-casa-rural\\\/#primaryimage\"},\"thumbnailUrl\":\"https:\\\/\\\/mastorrencito.com\\\/cat\\\/wp-content\\\/uploads\\\/sites\\\/3\\\/ChatGPT-Image-17-feb-2026-06_55_40.png\",\"datePublished\":\"2026-02-17T06:28:58+00:00\",\"dateModified\":\"2026-02-17T06:36:37+00:00\",\"breadcrumb\":{\"@id\":\"https:\\\/\\\/mastorrencito.com\\\/cat\\\/malinois-sense-control-casa-rural\\\/#breadcrumb\"},\"inLanguage\":\"es\",\"potentialAction\":[{\"@type\":\"ReadAction\",\"target\":[\"https:\\\/\\\/mastorrencito.com\\\/cat\\\/malinois-sense-control-casa-rural\\\/\"]}]},{\"@type\":\"ImageObject\",\"inLanguage\":\"es\",\"@id\":\"https:\\\/\\\/mastorrencito.com\\\/cat\\\/malinois-sense-control-casa-rural\\\/#primaryimage\",\"url\":\"https:\\\/\\\/mastorrencito.com\\\/cat\\\/wp-content\\\/uploads\\\/sites\\\/3\\\/ChatGPT-Image-17-feb-2026-06_55_40.png\",\"contentUrl\":\"https:\\\/\\\/mastorrencito.com\\\/cat\\\/wp-content\\\/uploads\\\/sites\\\/3\\\/ChatGPT-Image-17-feb-2026-06_55_40.png\",\"width\":794,\"height\":529,\"caption\":\"Por que complicarnos la vida.... MasTorrencito, turismo rural petfriendly Girona\"},{\"@type\":\"BreadcrumbList\",\"@id\":\"https:\\\/\\\/mastorrencito.com\\\/cat\\\/malinois-sense-control-casa-rural\\\/#breadcrumb\",\"itemListElement\":[{\"@type\":\"ListItem\",\"position\":1,\"name\":\"Portada\",\"item\":\"https:\\\/\\\/mastorrencito.com\\\/\"},{\"@type\":\"ListItem\",\"position\":2,\"name\":\"Malinois sense control en una casa rural: el problema no \u00e9s el gos\"}]},{\"@type\":\"WebSite\",\"@id\":\"https:\\\/\\\/mastorrencito.com\\\/#website\",\"url\":\"https:\\\/\\\/mastorrencito.com\\\/\",\"name\":\"Mas Torrencito CAT\",\"description\":\"Casa rural pet friendly en Girona\",\"publisher\":{\"@id\":\"https:\\\/\\\/mastorrencito.com\\\/#organization\"},\"potentialAction\":[{\"@type\":\"SearchAction\",\"target\":{\"@type\":\"EntryPoint\",\"urlTemplate\":\"https:\\\/\\\/mastorrencito.com\\\/?s={search_term_string}\"},\"query-input\":{\"@type\":\"PropertyValueSpecification\",\"valueRequired\":true,\"valueName\":\"search_term_string\"}}],\"inLanguage\":\"es\"},{\"@type\":\"Organization\",\"@id\":\"https:\\\/\\\/mastorrencito.com\\\/#organization\",\"name\":\"Mas Torrencito CAT\",\"url\":\"https:\\\/\\\/mastorrencito.com\\\/\",\"logo\":{\"@type\":\"ImageObject\",\"inLanguage\":\"es\",\"@id\":\"https:\\\/\\\/mastorrencito.com\\\/#\\\/schema\\\/logo\\\/image\\\/\",\"url\":\"https:\\\/\\\/mastorrencito.com\\\/cat\\\/wp-content\\\/uploads\\\/sites\\\/3\\\/Logo-Mastorrencito-horizontal.webp\",\"contentUrl\":\"https:\\\/\\\/mastorrencito.com\\\/cat\\\/wp-content\\\/uploads\\\/sites\\\/3\\\/Logo-Mastorrencito-horizontal.webp\",\"width\":161,\"height\":54,\"caption\":\"Mas Torrencito CAT\"},\"image\":{\"@id\":\"https:\\\/\\\/mastorrencito.com\\\/#\\\/schema\\\/logo\\\/image\\\/\"}},{\"@type\":\"Person\",\"@id\":\"https:\\\/\\\/mastorrencito.com\\\/#\\\/schema\\\/person\\\/18c619be80d4ae2667c702911625f790\",\"name\":\"Mastorrencito\",\"image\":{\"@type\":\"ImageObject\",\"inLanguage\":\"es\",\"@id\":\"https:\\\/\\\/secure.gravatar.com\\\/avatar\\\/3ef55e0519f987a734c21caee1423b51df7b760b7d81a38ecd31cab0a5115f6d?s=96&d=mm&r=g\",\"url\":\"https:\\\/\\\/secure.gravatar.com\\\/avatar\\\/3ef55e0519f987a734c21caee1423b51df7b760b7d81a38ecd31cab0a5115f6d?s=96&d=mm&r=g\",\"contentUrl\":\"https:\\\/\\\/secure.gravatar.com\\\/avatar\\\/3ef55e0519f987a734c21caee1423b51df7b760b7d81a38ecd31cab0a5115f6d?s=96&d=mm&r=g\",\"caption\":\"Mastorrencito\"},\"url\":\"https:\\\/\\\/mastorrencito.com\\\/cat\\\/author\\\/mastorrencito\\\/\"}]}<\/script>\n<!-- \/ Yoast SEO Premium plugin. -->","yoast_head_json":{"title":"Malinois sense control en una casa rural: el problema no \u00e9s el gos - Mas Torrencito CAT","robots":{"index":"index","follow":"follow","max-snippet":"max-snippet:-1","max-image-preview":"max-image-preview:large","max-video-preview":"max-video-preview:-1"},"canonical":"https:\/\/mastorrencito.com\/cat\/malinois-sense-control-casa-rural\/","og_locale":"es_ES","og_type":"article","og_title":"Malinois sense control en una casa rural: el problema no \u00e9s el gos","og_description":"Reflexi\u00f3 real des d\u2019una casa rural petfriendly a Girona sobre Malinois sense control, responsabilitat i conviv\u00e8ncia amb gossos potents.","og_url":"https:\/\/mastorrencito.com\/cat\/malinois-sense-control-casa-rural\/","og_site_name":"Mas Torrencito CAT","article_published_time":"2026-02-17T06:28:58+00:00","article_modified_time":"2026-02-17T06:36:37+00:00","og_image":[{"width":794,"height":529,"url":"https:\/\/mastorrencito.com\/cat\/wp-content\/uploads\/sites\/3\/ChatGPT-Image-17-feb-2026-06_55_40.png","type":"image\/png"}],"author":"Mastorrencito","twitter_card":"summary_large_image","twitter_misc":{"Escrito por":"Mastorrencito","Tiempo de lectura":"3 minutos"},"schema":{"@context":"https:\/\/schema.org","@graph":[{"@type":"Article","@id":"https:\/\/mastorrencito.com\/cat\/malinois-sense-control-casa-rural\/#article","isPartOf":{"@id":"https:\/\/mastorrencito.com\/cat\/malinois-sense-control-casa-rural\/"},"author":{"name":"Mastorrencito","@id":"https:\/\/mastorrencito.com\/#\/schema\/person\/18c619be80d4ae2667c702911625f790"},"headline":"Malinois sense control en una casa rural: el problema no \u00e9s el gos","datePublished":"2026-02-17T06:28:58+00:00","dateModified":"2026-02-17T06:36:37+00:00","mainEntityOfPage":{"@id":"https:\/\/mastorrencito.com\/cat\/malinois-sense-control-casa-rural\/"},"wordCount":539,"publisher":{"@id":"https:\/\/mastorrencito.com\/#organization"},"image":{"@id":"https:\/\/mastorrencito.com\/cat\/malinois-sense-control-casa-rural\/#primaryimage"},"thumbnailUrl":"https:\/\/mastorrencito.com\/cat\/wp-content\/uploads\/sites\/3\/ChatGPT-Image-17-feb-2026-06_55_40.png","articleSection":["Blog"],"inLanguage":"es"},{"@type":"WebPage","@id":"https:\/\/mastorrencito.com\/cat\/malinois-sense-control-casa-rural\/","url":"https:\/\/mastorrencito.com\/cat\/malinois-sense-control-casa-rural\/","name":"Malinois sense control en una casa rural: el problema no \u00e9s el gos - Mas Torrencito CAT","isPartOf":{"@id":"https:\/\/mastorrencito.com\/#website"},"primaryImageOfPage":{"@id":"https:\/\/mastorrencito.com\/cat\/malinois-sense-control-casa-rural\/#primaryimage"},"image":{"@id":"https:\/\/mastorrencito.com\/cat\/malinois-sense-control-casa-rural\/#primaryimage"},"thumbnailUrl":"https:\/\/mastorrencito.com\/cat\/wp-content\/uploads\/sites\/3\/ChatGPT-Image-17-feb-2026-06_55_40.png","datePublished":"2026-02-17T06:28:58+00:00","dateModified":"2026-02-17T06:36:37+00:00","breadcrumb":{"@id":"https:\/\/mastorrencito.com\/cat\/malinois-sense-control-casa-rural\/#breadcrumb"},"inLanguage":"es","potentialAction":[{"@type":"ReadAction","target":["https:\/\/mastorrencito.com\/cat\/malinois-sense-control-casa-rural\/"]}]},{"@type":"ImageObject","inLanguage":"es","@id":"https:\/\/mastorrencito.com\/cat\/malinois-sense-control-casa-rural\/#primaryimage","url":"https:\/\/mastorrencito.com\/cat\/wp-content\/uploads\/sites\/3\/ChatGPT-Image-17-feb-2026-06_55_40.png","contentUrl":"https:\/\/mastorrencito.com\/cat\/wp-content\/uploads\/sites\/3\/ChatGPT-Image-17-feb-2026-06_55_40.png","width":794,"height":529,"caption":"Por que complicarnos la vida.... MasTorrencito, turismo rural petfriendly Girona"},{"@type":"BreadcrumbList","@id":"https:\/\/mastorrencito.com\/cat\/malinois-sense-control-casa-rural\/#breadcrumb","itemListElement":[{"@type":"ListItem","position":1,"name":"Portada","item":"https:\/\/mastorrencito.com\/"},{"@type":"ListItem","position":2,"name":"Malinois sense control en una casa rural: el problema no \u00e9s el gos"}]},{"@type":"WebSite","@id":"https:\/\/mastorrencito.com\/#website","url":"https:\/\/mastorrencito.com\/","name":"Mas Torrencito CAT","description":"Casa rural pet friendly en Girona","publisher":{"@id":"https:\/\/mastorrencito.com\/#organization"},"potentialAction":[{"@type":"SearchAction","target":{"@type":"EntryPoint","urlTemplate":"https:\/\/mastorrencito.com\/?s={search_term_string}"},"query-input":{"@type":"PropertyValueSpecification","valueRequired":true,"valueName":"search_term_string"}}],"inLanguage":"es"},{"@type":"Organization","@id":"https:\/\/mastorrencito.com\/#organization","name":"Mas Torrencito CAT","url":"https:\/\/mastorrencito.com\/","logo":{"@type":"ImageObject","inLanguage":"es","@id":"https:\/\/mastorrencito.com\/#\/schema\/logo\/image\/","url":"https:\/\/mastorrencito.com\/cat\/wp-content\/uploads\/sites\/3\/Logo-Mastorrencito-horizontal.webp","contentUrl":"https:\/\/mastorrencito.com\/cat\/wp-content\/uploads\/sites\/3\/Logo-Mastorrencito-horizontal.webp","width":161,"height":54,"caption":"Mas Torrencito CAT"},"image":{"@id":"https:\/\/mastorrencito.com\/#\/schema\/logo\/image\/"}},{"@type":"Person","@id":"https:\/\/mastorrencito.com\/#\/schema\/person\/18c619be80d4ae2667c702911625f790","name":"Mastorrencito","image":{"@type":"ImageObject","inLanguage":"es","@id":"https:\/\/secure.gravatar.com\/avatar\/3ef55e0519f987a734c21caee1423b51df7b760b7d81a38ecd31cab0a5115f6d?s=96&d=mm&r=g","url":"https:\/\/secure.gravatar.com\/avatar\/3ef55e0519f987a734c21caee1423b51df7b760b7d81a38ecd31cab0a5115f6d?s=96&d=mm&r=g","contentUrl":"https:\/\/secure.gravatar.com\/avatar\/3ef55e0519f987a734c21caee1423b51df7b760b7d81a38ecd31cab0a5115f6d?s=96&d=mm&r=g","caption":"Mastorrencito"},"url":"https:\/\/mastorrencito.com\/cat\/author\/mastorrencito\/"}]}},"acf":[],"_links":{"self":[{"href":"https:\/\/mastorrencito.com\/cat\/wp-json\/wp\/v2\/posts\/4942","targetHints":{"allow":["GET"]}}],"collection":[{"href":"https:\/\/mastorrencito.com\/cat\/wp-json\/wp\/v2\/posts"}],"about":[{"href":"https:\/\/mastorrencito.com\/cat\/wp-json\/wp\/v2\/types\/post"}],"author":[{"embeddable":true,"href":"https:\/\/mastorrencito.com\/cat\/wp-json\/wp\/v2\/users\/2"}],"replies":[{"embeddable":true,"href":"https:\/\/mastorrencito.com\/cat\/wp-json\/wp\/v2\/comments?post=4942"}],"version-history":[{"count":1,"href":"https:\/\/mastorrencito.com\/cat\/wp-json\/wp\/v2\/posts\/4942\/revisions"}],"predecessor-version":[{"id":4946,"href":"https:\/\/mastorrencito.com\/cat\/wp-json\/wp\/v2\/posts\/4942\/revisions\/4946"}],"wp:featuredmedia":[{"embeddable":true,"href":"https:\/\/mastorrencito.com\/cat\/wp-json\/wp\/v2\/media\/4943"}],"wp:attachment":[{"href":"https:\/\/mastorrencito.com\/cat\/wp-json\/wp\/v2\/media?parent=4942"}],"wp:term":[{"taxonomy":"category","embeddable":true,"href":"https:\/\/mastorrencito.com\/cat\/wp-json\/wp\/v2\/categories?post=4942"},{"taxonomy":"post_tag","embeddable":true,"href":"https:\/\/mastorrencito.com\/cat\/wp-json\/wp\/v2\/tags?post=4942"}],"curies":[{"name":"wp","href":"https:\/\/api.w.org\/{rel}","templated":true}]}}