{"id":4934,"date":"2026-02-15T07:17:20","date_gmt":"2026-02-15T07:17:20","guid":{"rendered":"https:\/\/mastorrencito.com\/autosuficiencia-energetica-gener-plujos-girona-2026\/"},"modified":"2026-02-15T07:24:42","modified_gmt":"2026-02-15T07:24:42","slug":"autosuficiencia-energetica-gener-plujos-girona-2026","status":"publish","type":"post","link":"https:\/\/mastorrencito.com\/cat\/autosuficiencia-energetica-gener-plujos-girona-2026\/","title":{"rendered":"82% d\u2019autosufici\u00e8ncia energ\u00e8tica en un gener pluj\u00f3s i at\u00edpic a Girona"},"content":{"rendered":"\n<h3 class=\"wp-block-heading\">\ud83d\udd0b Enero de 2026 no ha sido un mes normal en Girona.<\/h3>\n\n\n\n<p>Ha sido un mes:<\/p>\n\n\n\n<ul class=\"wp-block-list\">\n<li>Con lluvias constantes.<\/li>\n\n\n\n<li>Con d\u00edas grises.<\/li>\n\n\n\n<li>Con poca radiaci\u00f3n solar.<\/li>\n\n\n\n<li>Con una climatolog\u00eda inestable y muy poco habitual para el Empord\u00e0.<\/li>\n<\/ul>\n\n\n\n<p>Y aun as\u00ed\u2026<\/p>\n\n\n\n<p>\ud83d\udc49&nbsp;<strong>Mas Torrencito ha alcanzado un 82% de autosuficiencia energ\u00e9tica.<\/strong><\/p>\n\n\n\n<p>Eso cambia completamente la lectura del dato.<\/p>\n\n\n\n<hr class=\"wp-block-separator has-alpha-channel-opacity\" \/>\n\n\n\n<h2 class=\"wp-block-heading\">\ud83d\udcca El contexto lo es todo<\/h2>\n\n\n\n<figure class=\"wp-block-image size-large\"><img decoding=\"async\" src=\"https:\/\/mastorrencito.com\/es\/wp-content\/uploads\/sites\/1\/Captura-de-pantalla-2026-02-15-a-las-7.53.09-1024x582.png\" alt=\"\" class=\"wp-image-2136\" \/><\/figure>\n\n\n\n<p>En un mes soleado, superar el 80% es un buen resultado.<\/p>\n\n\n\n<p>En un mes lluvioso y at\u00edpico como este enero\u2026<br>es una se\u00f1al de que el sistema est\u00e1 bien dimensionado.<\/p>\n\n\n\n<p>No dependemos solo de d\u00edas perfectos.<br>Dependemos de estructura, almacenamiento y eficiencia.<\/p>\n\n\n\n<hr class=\"wp-block-separator has-alpha-channel-opacity\" \/>\n\n\n\n<h2 class=\"wp-block-heading\">\u26a1 Producci\u00f3n solar en un enero con pocas horas de sol<\/h2>\n\n\n\n<p>A pesar de la meteorolog\u00eda irregular, la instalaci\u00f3n ha producido:<\/p>\n\n\n\n<p><strong>1.076,49 kWh<\/strong><\/p>\n\n\n\n<figure class=\"wp-block-image size-large\"><img decoding=\"async\" src=\"https:\/\/mastorrencito.com\/es\/wp-content\/uploads\/sites\/1\/Captura-de-pantalla-2026-02-15-a-las-7.51.01-1024x752.png\" alt=\"\" class=\"wp-image-2141\" \/><\/figure>\n\n\n\n<p>Superar el MWh en un mes con lluvia recurrente demuestra que:<\/p>\n\n\n\n<ul class=\"wp-block-list\">\n<li>La ampliaci\u00f3n de paneles ha sido acertada.<\/li>\n\n\n\n<li>El sistema est\u00e1 optimizado.<\/li>\n\n\n\n<li>Las bater\u00edas suavizan los d\u00edas malos.<\/li>\n<\/ul>\n\n\n\n<hr class=\"wp-block-separator has-alpha-channel-opacity\" \/>\n\n\n\n<h2 class=\"wp-block-heading\">\ud83c\udfe0 Consumo elevado en pleno invierno<\/h2>\n\n\n\n<p>El consumo total del mes fue de:<\/p>\n\n\n\n<p><strong>1.636,45 kWh<\/strong><\/p>\n\n\n\n<p>Con aerotermia funcionando m\u00e1s horas por el fr\u00edo y la humedad.<\/p>\n\n\n\n<figure class=\"wp-block-image size-large\"><img decoding=\"async\" src=\"https:\/\/mastorrencito.com\/es\/wp-content\/uploads\/sites\/1\/Captura-de-pantalla-2026-02-15-a-las-7.51.14-1024x757.png\" alt=\"\" class=\"wp-image-2140\" \/><\/figure>\n\n\n\n<p>Y aun as\u00ed, solo un 18% provino de la red el\u00e9ctrica.<\/p>\n\n\n\n<p>En un enero seco, probablemente habr\u00edamos superado el 85\u201388%.<\/p>\n\n\n\n<p>Pero el dato real es este.<br>Y este es el que tiene valor.<\/p>\n\n\n\n<hr class=\"wp-block-separator has-alpha-channel-opacity\" \/>\n\n\n\n<h2 class=\"wp-block-heading\">\ud83d\udcb6 Ahorro en un mes dif\u00edcil<\/h2>\n\n\n\n<p>Enero ha supuesto:<\/p>\n\n\n\n<ul class=\"wp-block-list\">\n<li><strong>233,85 \u20ac en rentabilidad<\/strong><\/li>\n\n\n\n<li><strong>202,99 \u20ac en ahorro directo<\/strong><\/li>\n<\/ul>\n\n\n\n<figure class=\"wp-block-image size-large\"><img decoding=\"async\" src=\"https:\/\/mastorrencito.com\/es\/wp-content\/uploads\/sites\/1\/Captura-de-pantalla-2026-02-15-a-las-7.51.51-1024x745.png\" alt=\"\" class=\"wp-image-2138\" \/><\/figure>\n\n\n\n<p>Incluso en condiciones meteorol\u00f3gicas desfavorables, el sistema sigue reduciendo costes estructurales.<\/p>\n\n\n\n<p>Eso es estabilidad empresarial.<\/p>\n\n\n\n<hr class=\"wp-block-separator has-alpha-channel-opacity\" \/>\n\n\n\n<h2 class=\"wp-block-heading\">\ud83d\udcc8 Evoluci\u00f3n del consumo propio anual<\/h2>\n\n\n\n<figure class=\"wp-block-image size-large\"><img decoding=\"async\" src=\"https:\/\/mastorrencito.com\/es\/wp-content\/uploads\/sites\/1\/Captura-de-pantalla-2026-02-15-a-las-7.52.08-1024x737.png\" alt=\"\" class=\"wp-image-2137\" \/><\/figure>\n\n\n\n<p>La tendencia es clara:<\/p>\n\n\n\n<ul class=\"wp-block-list\">\n<li>Verano: picos cercanos al 90%.<\/li>\n\n\n\n<li>Diciembre: 92%.<\/li>\n\n\n\n<li>Enero lluvioso: 85%.<\/li>\n\n\n\n<li>Febrero: estable por encima del 80%.<\/li>\n<\/ul>\n\n\n\n<p>El sistema no depende del clima perfecto.<br>Est\u00e1 preparado para la irregularidad.<\/p>\n\n\n\n<hr class=\"wp-block-separator has-alpha-channel-opacity\" \/>\n\n\n\n<h1 class=\"wp-block-heading\">\ud83c\udf27\ufe0f Lo verdaderamente importante<\/h1>\n\n\n\n<p>Este enero ha sido raro.<br>Muy raro.<\/p>\n\n\n\n<p>Y eso es precisamente lo que hace que el 82% sea tan relevante.<\/p>\n\n\n\n<p>Porque en sostenibilidad no importa c\u00f3mo rindes en el mejor escenario.<br>Importa c\u00f3mo respondes en el peor.<\/p>\n\n\n\n<figure class=\"wp-block-image size-large\"><img decoding=\"async\" src=\"https:\/\/mastorrencito.com\/es\/wp-content\/uploads\/sites\/1\/Captura-de-pantalla-2026-02-15-a-las-8.12.13-1024x751.png\" alt=\"\" class=\"wp-image-2142\" \/><\/figure>\n\n\n\n<hr class=\"wp-block-separator has-alpha-channel-opacity\" \/>\n\n\n\n<h1 class=\"wp-block-heading\">\ud83c\udf3f Turismo rural sostenible en Girona\u2026 sin postureo<\/h1>\n\n\n\n<p>En Mas Torrencito:<\/p>\n\n\n\n<ul class=\"wp-block-list\">\n<li>Medimos.<\/li>\n\n\n\n<li>Publicamos.<\/li>\n\n\n\n<li>Analizamos.<\/li>\n\n\n\n<li>Mejoramos.<\/li>\n<\/ul>\n\n\n\n<p>No hablamos de sostenibilidad porque est\u00e9 de moda.<br>Hablamos de ella porque forma parte del modelo de negocio.<\/p>\n\n\n\n<p>Y si en un enero lluvioso mantenemos un 82% de autosuficiencia, significa que el sistema est\u00e1 maduro.<\/p>\n\n\n\n<hr class=\"wp-block-separator has-alpha-channel-opacity\" \/>\n\n\n\n<h1 class=\"wp-block-heading\">\ud83d\ude80 Proyecci\u00f3n 2026<\/h1>\n\n\n\n<p>Si la primavera viene m\u00e1s estable, este a\u00f1o podr\u00eda cerrar por encima del 85% anual real.<\/p>\n\n\n\n<p>Eso situar\u00eda a Mas Torrencito como una de las casas rurales con mayor independencia energ\u00e9tica de la zona.<\/p>\n\n\n\n<p>Y eso no es marketing.<br>Son datos.<\/p>\n\n\n\n<p>__________<\/p>\n\n\n\n<p>Mas Torrencito<br><strong>Turismo rural pet friendly en Girona<\/strong><br>Donde los perros no pasan.<br><strong>Se quedan.<\/strong><br>\ud83d\udc3e\ud83d\udc9b<br><br><br>Desde MasTorrencito te deseamos un buen d\u00eda y que tus perros te acompa\u00f1en!!!!<br>\u2014\u2013<br>Si quieres, puede ver nuestros\u00a0<strong>bonos para fines de semana, bonos jubilados<\/strong>\u00a0, a un precio incre\u00edble.. entra en\u00a0<a href=\"https:\/\/www.mastorrencito.com\/\">www.mastorrencito.com<\/a>\u00a0<br>&#8212;&#8211;<\/p>\n\n\n\n<figure class=\"wp-block-embed is-type-video is-provider-youtube wp-block-embed-youtube wp-embed-aspect-16-9 wp-has-aspect-ratio\"><div class=\"wp-block-embed__wrapper\">\n<iframe title=\"mastorrencito corporativo 2020\" width=\"800\" height=\"450\" src=\"https:\/\/www.youtube.com\/embed\/L7Gk6MoyqpQ?feature=oembed\" frameborder=\"0\" allow=\"accelerometer; autoplay; clipboard-write; encrypted-media; gyroscope; picture-in-picture; web-share\" referrerpolicy=\"strict-origin-when-cross-origin\" allowfullscreen><\/iframe>\n<\/div><\/figure>\n","protected":false},"excerpt":{"rendered":"<p>En un gener 2026 marcat per pluges i una climatologia at\u00edpica, Mas Torrencito ha assolit un 82% d\u2019autosufici\u00e8ncia energ\u00e8tica. Analitzem producci\u00f3 solar, consum i evoluci\u00f3 anual en la nostra casa rural sostenible a Girona.<\/p>\n","protected":false},"author":2,"featured_media":4936,"comment_status":"closed","ping_status":"closed","sticky":false,"template":"","format":"standard","meta":{"_acf_changed":false,"footnotes":""},"categories":[1],"tags":[],"class_list":["post-4934","post","type-post","status-publish","format-standard","has-post-thumbnail","hentry","category-sin-categoria"],"yoast_head":"<!-- This site is optimized with the Yoast SEO Premium plugin v27.3 (Yoast SEO v27.4) - https:\/\/yoast.com\/product\/yoast-seo-premium-wordpress\/ -->\n<title>82% d\u2019autosufici\u00e8ncia energ\u00e8tica en un gener pluj\u00f3s i at\u00edpic a Girona - Mas Torrencito CAT<\/title>\n<meta name=\"robots\" content=\"index, follow, max-snippet:-1, max-image-preview:large, max-video-preview:-1\" \/>\n<link rel=\"canonical\" href=\"https:\/\/mastorrencito.com\/cat\/autosuficiencia-energetica-gener-plujos-girona-2026\/\" \/>\n<meta property=\"og:locale\" content=\"es_ES\" \/>\n<meta property=\"og:type\" content=\"article\" \/>\n<meta property=\"og:title\" content=\"82% d\u2019autosufici\u00e8ncia energ\u00e8tica en un gener pluj\u00f3s i at\u00edpic a Girona\" \/>\n<meta property=\"og:description\" content=\"En un gener 2026 marcat per pluges i una climatologia at\u00edpica, Mas Torrencito ha assolit un 82% d\u2019autosufici\u00e8ncia energ\u00e8tica. Analitzem producci\u00f3 solar, consum i evoluci\u00f3 anual en la nostra casa rural sostenible a Girona.\" \/>\n<meta property=\"og:url\" content=\"https:\/\/mastorrencito.com\/cat\/autosuficiencia-energetica-gener-plujos-girona-2026\/\" \/>\n<meta property=\"og:site_name\" content=\"Mas Torrencito CAT\" \/>\n<meta property=\"article:published_time\" content=\"2026-02-15T07:17:20+00:00\" \/>\n<meta property=\"article:modified_time\" content=\"2026-02-15T07:24:42+00:00\" \/>\n<meta property=\"og:image\" content=\"https:\/\/mastorrencito.com\/cat\/wp-content\/uploads\/sites\/3\/Captura-de-pantalla-2026-02-15-a-las-7.53.09.png\" \/>\n\t<meta property=\"og:image:width\" content=\"2268\" \/>\n\t<meta property=\"og:image:height\" content=\"1290\" \/>\n\t<meta property=\"og:image:type\" content=\"image\/png\" \/>\n<meta name=\"author\" content=\"Mastorrencito\" \/>\n<meta name=\"twitter:card\" content=\"summary_large_image\" \/>\n<meta name=\"twitter:label1\" content=\"Escrito por\" \/>\n\t<meta name=\"twitter:data1\" content=\"Mastorrencito\" \/>\n\t<meta name=\"twitter:label2\" content=\"Tiempo de lectura\" \/>\n\t<meta name=\"twitter:data2\" content=\"2 minutos\" \/>\n<script type=\"application\/ld+json\" class=\"yoast-schema-graph\">{\"@context\":\"https:\\\/\\\/schema.org\",\"@graph\":[{\"@type\":\"Article\",\"@id\":\"https:\\\/\\\/mastorrencito.com\\\/cat\\\/autosuficiencia-energetica-gener-plujos-girona-2026\\\/#article\",\"isPartOf\":{\"@id\":\"https:\\\/\\\/mastorrencito.com\\\/cat\\\/autosuficiencia-energetica-gener-plujos-girona-2026\\\/\"},\"author\":{\"name\":\"Mastorrencito\",\"@id\":\"https:\\\/\\\/mastorrencito.com\\\/#\\\/schema\\\/person\\\/18c619be80d4ae2667c702911625f790\"},\"headline\":\"82% d\u2019autosufici\u00e8ncia energ\u00e8tica en un gener pluj\u00f3s i at\u00edpic a Girona\",\"datePublished\":\"2026-02-15T07:17:20+00:00\",\"dateModified\":\"2026-02-15T07:24:42+00:00\",\"mainEntityOfPage\":{\"@id\":\"https:\\\/\\\/mastorrencito.com\\\/cat\\\/autosuficiencia-energetica-gener-plujos-girona-2026\\\/\"},\"wordCount\":498,\"publisher\":{\"@id\":\"https:\\\/\\\/mastorrencito.com\\\/#organization\"},\"image\":{\"@id\":\"https:\\\/\\\/mastorrencito.com\\\/cat\\\/autosuficiencia-energetica-gener-plujos-girona-2026\\\/#primaryimage\"},\"thumbnailUrl\":\"https:\\\/\\\/mastorrencito.com\\\/cat\\\/wp-content\\\/uploads\\\/sites\\\/3\\\/Captura-de-pantalla-2026-02-15-a-las-7.53.09.png\",\"inLanguage\":\"es\"},{\"@type\":\"WebPage\",\"@id\":\"https:\\\/\\\/mastorrencito.com\\\/cat\\\/autosuficiencia-energetica-gener-plujos-girona-2026\\\/\",\"url\":\"https:\\\/\\\/mastorrencito.com\\\/cat\\\/autosuficiencia-energetica-gener-plujos-girona-2026\\\/\",\"name\":\"82% d\u2019autosufici\u00e8ncia energ\u00e8tica en un gener pluj\u00f3s i at\u00edpic a Girona - Mas Torrencito CAT\",\"isPartOf\":{\"@id\":\"https:\\\/\\\/mastorrencito.com\\\/#website\"},\"primaryImageOfPage\":{\"@id\":\"https:\\\/\\\/mastorrencito.com\\\/cat\\\/autosuficiencia-energetica-gener-plujos-girona-2026\\\/#primaryimage\"},\"image\":{\"@id\":\"https:\\\/\\\/mastorrencito.com\\\/cat\\\/autosuficiencia-energetica-gener-plujos-girona-2026\\\/#primaryimage\"},\"thumbnailUrl\":\"https:\\\/\\\/mastorrencito.com\\\/cat\\\/wp-content\\\/uploads\\\/sites\\\/3\\\/Captura-de-pantalla-2026-02-15-a-las-7.53.09.png\",\"datePublished\":\"2026-02-15T07:17:20+00:00\",\"dateModified\":\"2026-02-15T07:24:42+00:00\",\"breadcrumb\":{\"@id\":\"https:\\\/\\\/mastorrencito.com\\\/cat\\\/autosuficiencia-energetica-gener-plujos-girona-2026\\\/#breadcrumb\"},\"inLanguage\":\"es\",\"potentialAction\":[{\"@type\":\"ReadAction\",\"target\":[\"https:\\\/\\\/mastorrencito.com\\\/cat\\\/autosuficiencia-energetica-gener-plujos-girona-2026\\\/\"]}]},{\"@type\":\"ImageObject\",\"inLanguage\":\"es\",\"@id\":\"https:\\\/\\\/mastorrencito.com\\\/cat\\\/autosuficiencia-energetica-gener-plujos-girona-2026\\\/#primaryimage\",\"url\":\"https:\\\/\\\/mastorrencito.com\\\/cat\\\/wp-content\\\/uploads\\\/sites\\\/3\\\/Captura-de-pantalla-2026-02-15-a-las-7.53.09.png\",\"contentUrl\":\"https:\\\/\\\/mastorrencito.com\\\/cat\\\/wp-content\\\/uploads\\\/sites\\\/3\\\/Captura-de-pantalla-2026-02-15-a-las-7.53.09.png\",\"width\":2268,\"height\":1290},{\"@type\":\"BreadcrumbList\",\"@id\":\"https:\\\/\\\/mastorrencito.com\\\/cat\\\/autosuficiencia-energetica-gener-plujos-girona-2026\\\/#breadcrumb\",\"itemListElement\":[{\"@type\":\"ListItem\",\"position\":1,\"name\":\"Portada\",\"item\":\"https:\\\/\\\/mastorrencito.com\\\/\"},{\"@type\":\"ListItem\",\"position\":2,\"name\":\"82% d\u2019autosufici\u00e8ncia energ\u00e8tica en un gener pluj\u00f3s i at\u00edpic a Girona\"}]},{\"@type\":\"WebSite\",\"@id\":\"https:\\\/\\\/mastorrencito.com\\\/#website\",\"url\":\"https:\\\/\\\/mastorrencito.com\\\/\",\"name\":\"Mas Torrencito CAT\",\"description\":\"Casa rural pet friendly en Girona\",\"publisher\":{\"@id\":\"https:\\\/\\\/mastorrencito.com\\\/#organization\"},\"potentialAction\":[{\"@type\":\"SearchAction\",\"target\":{\"@type\":\"EntryPoint\",\"urlTemplate\":\"https:\\\/\\\/mastorrencito.com\\\/?s={search_term_string}\"},\"query-input\":{\"@type\":\"PropertyValueSpecification\",\"valueRequired\":true,\"valueName\":\"search_term_string\"}}],\"inLanguage\":\"es\"},{\"@type\":\"Organization\",\"@id\":\"https:\\\/\\\/mastorrencito.com\\\/#organization\",\"name\":\"Mas Torrencito CAT\",\"url\":\"https:\\\/\\\/mastorrencito.com\\\/\",\"logo\":{\"@type\":\"ImageObject\",\"inLanguage\":\"es\",\"@id\":\"https:\\\/\\\/mastorrencito.com\\\/#\\\/schema\\\/logo\\\/image\\\/\",\"url\":\"https:\\\/\\\/mastorrencito.com\\\/cat\\\/wp-content\\\/uploads\\\/sites\\\/3\\\/Logo-Mastorrencito-horizontal.webp\",\"contentUrl\":\"https:\\\/\\\/mastorrencito.com\\\/cat\\\/wp-content\\\/uploads\\\/sites\\\/3\\\/Logo-Mastorrencito-horizontal.webp\",\"width\":161,\"height\":54,\"caption\":\"Mas Torrencito CAT\"},\"image\":{\"@id\":\"https:\\\/\\\/mastorrencito.com\\\/#\\\/schema\\\/logo\\\/image\\\/\"}},{\"@type\":\"Person\",\"@id\":\"https:\\\/\\\/mastorrencito.com\\\/#\\\/schema\\\/person\\\/18c619be80d4ae2667c702911625f790\",\"name\":\"Mastorrencito\",\"image\":{\"@type\":\"ImageObject\",\"inLanguage\":\"es\",\"@id\":\"https:\\\/\\\/secure.gravatar.com\\\/avatar\\\/3ef55e0519f987a734c21caee1423b51df7b760b7d81a38ecd31cab0a5115f6d?s=96&d=mm&r=g\",\"url\":\"https:\\\/\\\/secure.gravatar.com\\\/avatar\\\/3ef55e0519f987a734c21caee1423b51df7b760b7d81a38ecd31cab0a5115f6d?s=96&d=mm&r=g\",\"contentUrl\":\"https:\\\/\\\/secure.gravatar.com\\\/avatar\\\/3ef55e0519f987a734c21caee1423b51df7b760b7d81a38ecd31cab0a5115f6d?s=96&d=mm&r=g\",\"caption\":\"Mastorrencito\"},\"url\":\"https:\\\/\\\/mastorrencito.com\\\/cat\\\/author\\\/mastorrencito\\\/\"}]}<\/script>\n<!-- \/ Yoast SEO Premium plugin. -->","yoast_head_json":{"title":"82% d\u2019autosufici\u00e8ncia energ\u00e8tica en un gener pluj\u00f3s i at\u00edpic a Girona - Mas Torrencito CAT","robots":{"index":"index","follow":"follow","max-snippet":"max-snippet:-1","max-image-preview":"max-image-preview:large","max-video-preview":"max-video-preview:-1"},"canonical":"https:\/\/mastorrencito.com\/cat\/autosuficiencia-energetica-gener-plujos-girona-2026\/","og_locale":"es_ES","og_type":"article","og_title":"82% d\u2019autosufici\u00e8ncia energ\u00e8tica en un gener pluj\u00f3s i at\u00edpic a Girona","og_description":"En un gener 2026 marcat per pluges i una climatologia at\u00edpica, Mas Torrencito ha assolit un 82% d\u2019autosufici\u00e8ncia energ\u00e8tica. Analitzem producci\u00f3 solar, consum i evoluci\u00f3 anual en la nostra casa rural sostenible a Girona.","og_url":"https:\/\/mastorrencito.com\/cat\/autosuficiencia-energetica-gener-plujos-girona-2026\/","og_site_name":"Mas Torrencito CAT","article_published_time":"2026-02-15T07:17:20+00:00","article_modified_time":"2026-02-15T07:24:42+00:00","og_image":[{"width":2268,"height":1290,"url":"https:\/\/mastorrencito.com\/cat\/wp-content\/uploads\/sites\/3\/Captura-de-pantalla-2026-02-15-a-las-7.53.09.png","type":"image\/png"}],"author":"Mastorrencito","twitter_card":"summary_large_image","twitter_misc":{"Escrito por":"Mastorrencito","Tiempo de lectura":"2 minutos"},"schema":{"@context":"https:\/\/schema.org","@graph":[{"@type":"Article","@id":"https:\/\/mastorrencito.com\/cat\/autosuficiencia-energetica-gener-plujos-girona-2026\/#article","isPartOf":{"@id":"https:\/\/mastorrencito.com\/cat\/autosuficiencia-energetica-gener-plujos-girona-2026\/"},"author":{"name":"Mastorrencito","@id":"https:\/\/mastorrencito.com\/#\/schema\/person\/18c619be80d4ae2667c702911625f790"},"headline":"82% d\u2019autosufici\u00e8ncia energ\u00e8tica en un gener pluj\u00f3s i at\u00edpic a Girona","datePublished":"2026-02-15T07:17:20+00:00","dateModified":"2026-02-15T07:24:42+00:00","mainEntityOfPage":{"@id":"https:\/\/mastorrencito.com\/cat\/autosuficiencia-energetica-gener-plujos-girona-2026\/"},"wordCount":498,"publisher":{"@id":"https:\/\/mastorrencito.com\/#organization"},"image":{"@id":"https:\/\/mastorrencito.com\/cat\/autosuficiencia-energetica-gener-plujos-girona-2026\/#primaryimage"},"thumbnailUrl":"https:\/\/mastorrencito.com\/cat\/wp-content\/uploads\/sites\/3\/Captura-de-pantalla-2026-02-15-a-las-7.53.09.png","inLanguage":"es"},{"@type":"WebPage","@id":"https:\/\/mastorrencito.com\/cat\/autosuficiencia-energetica-gener-plujos-girona-2026\/","url":"https:\/\/mastorrencito.com\/cat\/autosuficiencia-energetica-gener-plujos-girona-2026\/","name":"82% d\u2019autosufici\u00e8ncia energ\u00e8tica en un gener pluj\u00f3s i at\u00edpic a Girona - Mas Torrencito CAT","isPartOf":{"@id":"https:\/\/mastorrencito.com\/#website"},"primaryImageOfPage":{"@id":"https:\/\/mastorrencito.com\/cat\/autosuficiencia-energetica-gener-plujos-girona-2026\/#primaryimage"},"image":{"@id":"https:\/\/mastorrencito.com\/cat\/autosuficiencia-energetica-gener-plujos-girona-2026\/#primaryimage"},"thumbnailUrl":"https:\/\/mastorrencito.com\/cat\/wp-content\/uploads\/sites\/3\/Captura-de-pantalla-2026-02-15-a-las-7.53.09.png","datePublished":"2026-02-15T07:17:20+00:00","dateModified":"2026-02-15T07:24:42+00:00","breadcrumb":{"@id":"https:\/\/mastorrencito.com\/cat\/autosuficiencia-energetica-gener-plujos-girona-2026\/#breadcrumb"},"inLanguage":"es","potentialAction":[{"@type":"ReadAction","target":["https:\/\/mastorrencito.com\/cat\/autosuficiencia-energetica-gener-plujos-girona-2026\/"]}]},{"@type":"ImageObject","inLanguage":"es","@id":"https:\/\/mastorrencito.com\/cat\/autosuficiencia-energetica-gener-plujos-girona-2026\/#primaryimage","url":"https:\/\/mastorrencito.com\/cat\/wp-content\/uploads\/sites\/3\/Captura-de-pantalla-2026-02-15-a-las-7.53.09.png","contentUrl":"https:\/\/mastorrencito.com\/cat\/wp-content\/uploads\/sites\/3\/Captura-de-pantalla-2026-02-15-a-las-7.53.09.png","width":2268,"height":1290},{"@type":"BreadcrumbList","@id":"https:\/\/mastorrencito.com\/cat\/autosuficiencia-energetica-gener-plujos-girona-2026\/#breadcrumb","itemListElement":[{"@type":"ListItem","position":1,"name":"Portada","item":"https:\/\/mastorrencito.com\/"},{"@type":"ListItem","position":2,"name":"82% d\u2019autosufici\u00e8ncia energ\u00e8tica en un gener pluj\u00f3s i at\u00edpic a Girona"}]},{"@type":"WebSite","@id":"https:\/\/mastorrencito.com\/#website","url":"https:\/\/mastorrencito.com\/","name":"Mas Torrencito CAT","description":"Casa rural pet friendly en Girona","publisher":{"@id":"https:\/\/mastorrencito.com\/#organization"},"potentialAction":[{"@type":"SearchAction","target":{"@type":"EntryPoint","urlTemplate":"https:\/\/mastorrencito.com\/?s={search_term_string}"},"query-input":{"@type":"PropertyValueSpecification","valueRequired":true,"valueName":"search_term_string"}}],"inLanguage":"es"},{"@type":"Organization","@id":"https:\/\/mastorrencito.com\/#organization","name":"Mas Torrencito CAT","url":"https:\/\/mastorrencito.com\/","logo":{"@type":"ImageObject","inLanguage":"es","@id":"https:\/\/mastorrencito.com\/#\/schema\/logo\/image\/","url":"https:\/\/mastorrencito.com\/cat\/wp-content\/uploads\/sites\/3\/Logo-Mastorrencito-horizontal.webp","contentUrl":"https:\/\/mastorrencito.com\/cat\/wp-content\/uploads\/sites\/3\/Logo-Mastorrencito-horizontal.webp","width":161,"height":54,"caption":"Mas Torrencito CAT"},"image":{"@id":"https:\/\/mastorrencito.com\/#\/schema\/logo\/image\/"}},{"@type":"Person","@id":"https:\/\/mastorrencito.com\/#\/schema\/person\/18c619be80d4ae2667c702911625f790","name":"Mastorrencito","image":{"@type":"ImageObject","inLanguage":"es","@id":"https:\/\/secure.gravatar.com\/avatar\/3ef55e0519f987a734c21caee1423b51df7b760b7d81a38ecd31cab0a5115f6d?s=96&d=mm&r=g","url":"https:\/\/secure.gravatar.com\/avatar\/3ef55e0519f987a734c21caee1423b51df7b760b7d81a38ecd31cab0a5115f6d?s=96&d=mm&r=g","contentUrl":"https:\/\/secure.gravatar.com\/avatar\/3ef55e0519f987a734c21caee1423b51df7b760b7d81a38ecd31cab0a5115f6d?s=96&d=mm&r=g","caption":"Mastorrencito"},"url":"https:\/\/mastorrencito.com\/cat\/author\/mastorrencito\/"}]}},"acf":[],"_links":{"self":[{"href":"https:\/\/mastorrencito.com\/cat\/wp-json\/wp\/v2\/posts\/4934","targetHints":{"allow":["GET"]}}],"collection":[{"href":"https:\/\/mastorrencito.com\/cat\/wp-json\/wp\/v2\/posts"}],"about":[{"href":"https:\/\/mastorrencito.com\/cat\/wp-json\/wp\/v2\/types\/post"}],"author":[{"embeddable":true,"href":"https:\/\/mastorrencito.com\/cat\/wp-json\/wp\/v2\/users\/2"}],"replies":[{"embeddable":true,"href":"https:\/\/mastorrencito.com\/cat\/wp-json\/wp\/v2\/comments?post=4934"}],"version-history":[{"count":1,"href":"https:\/\/mastorrencito.com\/cat\/wp-json\/wp\/v2\/posts\/4934\/revisions"}],"predecessor-version":[{"id":4935,"href":"https:\/\/mastorrencito.com\/cat\/wp-json\/wp\/v2\/posts\/4934\/revisions\/4935"}],"wp:featuredmedia":[{"embeddable":true,"href":"https:\/\/mastorrencito.com\/cat\/wp-json\/wp\/v2\/media\/4936"}],"wp:attachment":[{"href":"https:\/\/mastorrencito.com\/cat\/wp-json\/wp\/v2\/media?parent=4934"}],"wp:term":[{"taxonomy":"category","embeddable":true,"href":"https:\/\/mastorrencito.com\/cat\/wp-json\/wp\/v2\/categories?post=4934"},{"taxonomy":"post_tag","embeddable":true,"href":"https:\/\/mastorrencito.com\/cat\/wp-json\/wp\/v2\/tags?post=4934"}],"curies":[{"name":"wp","href":"https:\/\/api.w.org\/{rel}","templated":true}]}}