{"id":4709,"date":"2024-11-15T05:52:13","date_gmt":"2024-11-15T05:52:13","guid":{"rendered":"https:\/\/casaruralconperrosgirona.com\/la-reunio-secreta-que-va-canviar-tot-2a-part\/"},"modified":"2024-11-15T05:52:13","modified_gmt":"2024-11-15T05:52:13","slug":"la-reunio-secreta-que-va-canviar-tot-2a-part","status":"publish","type":"post","link":"https:\/\/mastorrencito.com\/cat\/la-reunio-secreta-que-va-canviar-tot-2a-part\/","title":{"rendered":"La Reuni\u00f3 Secreta que Va canviar Tot (2a part)"},"content":{"rendered":"\n<p>El rellotge marcava les 7.00 de la tarda, per\u00f2 ja semblava entrada la nit. Les ombres s&#8217;allargaven a la masia, mentre la brisa freda de febrer portava amb si un silenci pesat, interromput nom\u00e9s pels lladrucs dels meus gossos. La Reuni\u00f3 Secreta que Va canviar Tot (2a part)  <\/p>\n\n<p>Des de la terrassa, els vaig veure arribar. Un darrere l&#8217;altre, els cotxes anaven ocupant la petita esplanada de grava, i els llums dels fars semblaven il\u00b7luminar no nom\u00e9s el cam\u00ed, sin\u00f3 l&#8217;inici d&#8217;una cosa que encara no entenia del tot. <\/p>\n\n<p>Quan va sortir del cotxe, l&#8217;aire va semblar m\u00e9s dens. Ell, caminant amb calma, emanava una pres\u00e8ncia que omplia tot al seu voltant. Els altres ho seguien, alguns amb maletes, altres amb motxilles, per\u00f2 tots amb mirades serioses. Vaig intentar mantenir les maneres mentre s&#8217;acostaven, per\u00f2 vaig sentir com el meu cor s&#8217;accelerava.     <strong>No podia ser real. All\u00e0 hi era, a casa meva. A la meva masia.  <\/strong><\/p>\n\n<p>Em debatia entre l&#8217;emoci\u00f3 d&#8217;explicar-ho al m\u00f3n i la certesa que no havia de dir res. Si havien triat Mas Torrencito era per alguna cosa: l&#8217;a\u00efllament, la privadesa, el silenci. Qualsevol imprud\u00e8ncia, qualsevol relliscada, podria arru\u00efnar-ho tot. Em vaig empassar les ganes d&#8217;agafar el tel\u00e8fon, vaig respirar profund i em vaig acostar per rebre&#8217;ls.   <\/p>\n\n<p>Joan Miquel va ser el primer a saludar-me, amb el somriure tranquil i el to sempre amable.<\/p>\n\n<p>\u2014Gr\u00e0cies per rebre&#8217;ns. Tot ha sortit perfecte fins ara. <\/p>\n\n<p>Despr\u00e9s em va presentar a la resta del grup, i all\u00e0 hi era ell, a poca dist\u00e0ncia a peu. Em va estendre la m\u00e0, i en fer-ho, els seus ulls es van clavar als meus. Va saber a l&#8217;instant que estava nervi\u00f3s.  <\/p>\n\n<p>\u2014Tranquil\u2026 no passa res. \u2014La seva veu era calmada, per\u00f2 tenia un pes que no es podia ignorar. <\/p>\n\n<p>Aquest gest, aquestes paraules, em van tranquil\u00b7litzar una mica. Em vaig esfor\u00e7ar per semblar ser\u00e8 mentre els mostrava la casa. El grup es movia amb cautela, observant cada detall: les habitacions, el menjador amb la taula llarga ja preparada, la terrassa amb el chill out il\u00b7luminat t\u00e8nuement per les garlandes de llums. Tot semblava adequat, o almenys aix\u00f2 semblava pels gestos d&#8217;assentiment de Joan Miquel i d&#8217;Ell.   <\/p>\n<figure class=\"wp-block-post-featured-image\"><img fetchpriority=\"high\" decoding=\"async\" width=\"1792\" height=\"1024\" src=\"https:\/\/mastorrencito.com\/cat\/wp-content\/uploads\/sites\/3\/puigde2.jpg\" class=\"attachment-post-thumbnail size-post-thumbnail wp-post-image\" alt=\"La reunion secreta en MasTorrenccito que lo cambio todo.\" style=\"object-fit:cover;\" srcset=\"https:\/\/mastorrencito.com\/cat\/wp-content\/uploads\/sites\/3\/puigde2.jpg 1792w, https:\/\/mastorrencito.com\/cat\/wp-content\/uploads\/sites\/3\/puigde2-300x171.jpg 300w, https:\/\/mastorrencito.com\/cat\/wp-content\/uploads\/sites\/3\/puigde2-1024x585.jpg 1024w, https:\/\/mastorrencito.com\/cat\/wp-content\/uploads\/sites\/3\/puigde2-768x439.jpg 768w, https:\/\/mastorrencito.com\/cat\/wp-content\/uploads\/sites\/3\/puigde2-1536x878.jpg 1536w\" sizes=\"(max-width: 1792px) 100vw, 1792px\" \/><\/figure>\n<p>Quan els vaig acabar d&#8217;ensenyar tot, es van distribuir per les seves habitacions, organitzant-se amb discreci\u00f3. Em vaig quedar un moment al chill out, vaig encendre un cigar i em vaig deixar portar pel so del vent. Sentia que alguna cosa gran estava a punt de succeir, una cosa que anava molt m\u00e9s enll\u00e0 de mi, d&#8217;aquesta masia o fins i tot. Per\u00f2 no podia desxifrar-ho encara.   <\/p>\n\n<p>Vaig pujar a la cuina per veure com anava el sopar. Meme estava al seu element, preparant cada plat amb la seva dedicaci\u00f3 habitual. L&#8217;amanida estava a punt, la crema de carbass\u00f3 bullia a foc lent, i el fricand\u00f3 omplia l&#8217;aire amb aquesta aroma inconfusible de tradici\u00f3 catalana.  <\/p>\n\n<p>\u2014Tot en ordre \u2014va dir la Meme, mirant-me per sobre de l&#8217;espatlla\u2014. Encara que tu sembles als n\u00favols. Qu\u00e8 passa?  <\/p>\n\n<p>\u2014Res, Meme. Nom\u00e9s\u2026 una nit especial. <\/p>\n\n<p>Abans que li pogu\u00e9s explicar m\u00e9s, van tocar a la porta. Era Joan Miquel, com sempre amb aquell somriure que mai deixava entreveure gaire. <\/p>\n\n<p>\u2014Quina hora us va b\u00e9 per sopar? \u2014va preguntar. <\/p>\n\n<p>Meme i jo vam intercanviar una mirada r\u00e0pida, i ella va respondre:<\/p>\n\n<p>\u2014A les nou estar\u00e0 tot llest.<\/p>\n\n<p>\u2014Perfecte \u2014va dir ell, satisfet\u2014. Ens va genial a tothom. <\/p>\n\n<h4 class=\"wp-block-heading\">El moment&#8230;El Reuni\u00f3 Secreta que Va canviar Tot<\/h4>\n\n<p>Quan se&#8217;n va anar, Meme va baixar al menjador per preparar la taula, mentre jo em vaig quedar a la cuina fent temps. Revisava correus al meu ordinador, intentant distreure&#8217;m, per\u00f2 no podia deixar de pensar en el que estava passant sota aquest sostre. Aleshores, un altre cop a la porta. Aquest cop no era Joan Miquel.   <\/p>\n\n<p>\u2014Passa \u2014vaig dir, sense aixecar la mirada del port\u00e0til.<\/p>\n\n<p>Quan ho vaig fer, ho vaig veure.  <strong>Ell.<\/strong>  Dempeus en el marc de la porta, amb les mans a les butxaques i una expressi\u00f3 relaxada. Va somriure lleument abans de parlar. <\/p>\n\n<p>\u2014On puc agafar una cervesa?<\/p>\n\n<p>\u2014Si vols, te la pujo jo \u2014li vaig oferir.<\/p>\n\n<p>\u2014B\u00e9\u2026 t&#8217;importa si em sento aqu\u00ed amb tu?<\/p>\n\n<p>\u2014\u00c9s clar, asseu-te on vulguis \u2014vaig respondre, intentant no semblar gaire nervi\u00f3s.<\/p>\n\n<p>Vaig baixar al rebost a buscar una cervesa, i en tornar, ja estava assegut davant de la taula, observant la cuina amb curiositat. Li vaig passar l&#8217;ampolla, i despr\u00e9s d&#8217;un glop, em va mirar amb un somriure. <\/p>\n\n<p>\u2014Digues-me, qu\u00e8 fa un paio com tu en un lloc com aquest?<\/p>\n\n<p>No vaig poder evitar riure&#8217;m, encara que per dins sentia que el meu cor sortiria del pit.<\/p>\n\n<p>\u2014Doncs igual que a la can\u00e7\u00f3, no?<\/p>\n\n<p>Vam riure tots dos, i l&#8217;ambient es va relaxar una mica. Per\u00f2 la seva mirada va canviar, tornant-se m\u00e9s seriosa, m\u00e9s inquisitiva. <\/p>\n\n<p>\u2014No, de deb\u00f2. Has fet moltes voltes abans d&#8217;acabar aqu\u00ed, oi? <\/p>\n\n<p>La meva ment anava a mil.  <strong>Sabia de mi. Se n&#8217;havia informat. <\/strong>  No era una simple pregunta casual. Vaig empassar saliva abans de respondre. <\/p>\n\n<p>\u2014B\u00e9, feia classes a Salamanca, em vaig embolicar amb una alumna, vam anar a Ni\u00e7a i despr\u00e9s vam acabar aqu\u00ed\u2026 resumint, \u00e9s clar.<\/p>\n\n<p>\u2014Folar! Ho has simplificat for\u00e7a, no? \u2014va dir amb un riure curt\u2014. I ets content aqu\u00ed?   <\/p>\n\n<p>\u2014Molt. Si miro enrere, despr\u00e9s de tots els llocs on he estat, crec que aix\u00f2 \u00e9s el millor que m&#8217;ha passat. <\/p>\n\n<p>\u2014Aix\u00f2 \u00e9s el m\u00e9s important, al final. \u2014Es va quedar pensatiu un moment, prenent un altre glop de la seva cervesa. <\/p>\n\n<h4 class=\"wp-block-heading\">Pregunta incomoda&#8230; pitjor necess\u00e0ria. El Reuni\u00f3 Secreta que Canvia Tot <\/h4>\n\n<p>Es va fer un silenci, i vaig decidir aprofitar per preguntar-li alguna cosa que duia a dins des que el vaig veure arribar.<\/p>\n\n<p>\u2014I tu? Com ho portes? Perqu\u00e8, sincerament, no sembla gens f\u00e0cil.  <\/p>\n\n<p>Va sospirar, recolzant la cervesa a taula, i per un moment, la seva expressi\u00f3 es va enfosquir.<\/p>\n\n<p>\u2014No ho \u00e9s. Hi ha hagut molts moments en qu\u00e8 vaig pensar que no podr\u00edem seguir endavant. De vegades, no ten\u00edem les eines per fer-ho b\u00e9. I s\u00ed, s\u00e9 que alguns diuen que em vaig fer enrere. Potser ho vaig fer, per\u00f2 n&#8217;hi havia massa en joc.   <\/p>\n\n<p>\u2014B\u00e9 \u2014vaig dir, intentant triar les meves paraules amb compte\u2014, crec que tens tot el meu respecte nom\u00e9s per haver-ho intentat. La majoria nom\u00e9s parlen, per\u00f2 tu\u2026 tu ho vas fer. <\/p>\n\n<p>\u2014Gr\u00e0cies. Per\u00f2 darrere meu hi ha molta gent treballant. Aix\u00f2 no \u00e9s nom\u00e9s cosa meva.  <\/p>\n\n<p>\u2014Creus que algun dia\u2026? \u2014vaig deixar la pregunta a l&#8217;aire, sense atrevir-me a acabar-la. <\/p>\n\n<p>\u2014Estem en aix\u00f2. No defallim. Sempre endavant.  <\/p>\n\n<h4 class=\"wp-block-heading\">Allibera&#8217;m. El Reuni\u00f3 Secreta que Va canviar Tot<\/h4>\n\n<p>En aquell moment, la porta es va obrir i va apar\u00e8ixer Joan Miquel, amb una copa de vi a la m\u00e0.<\/p>\n\n<p>\u2014Qu\u00e8 feu aqu\u00ed, conspirant? \u2014va preguntar, rient mentre s&#8217;acostava. <\/p>\n\n<p>\u2014Res, parlant de la vida. T&#8217;uneixes? \u2014vaig respondre.  <\/p>\n\n<p>\u2014\u00c9s clar, per\u00f2 amb un vinet.<\/p>\n\n<p>Vaig baixar al celler i vaig buscar una cosa especial, una cosa que sabia que els agradaria. Vaig pujar amb una ampolla d&#8217;Alibera&#8217;m del Montsant, i en mostrar-se-la, tots dos van semblar impressionats. <\/p>\n\n<p>\u2014I qu\u00e8 tal \u00e9s? \u2014van preguntar. <\/p>\n\n<p>\u2014Proveu-ho i em dieu.<\/p>\n\n<p>Vaig obrir l&#8217;ampolla, vaig servir tres copes, i Joan Miquel va al\u00e7ar la seva.<\/p>\n\n<p>\u2014Salut.<\/p>\n\n<p>Jo, sense pensar-ho, vaig afegir:<\/p>\n\n<p>\u2014I rep\u00fablica.<\/p>\n\n<p>Vam riure tots tres, per\u00f2 l&#8217;ambient seguia carregat d&#8217;una intensitat que no podia ignorar. Una cosa gran estava en marxa, cosa que encara no arribava a entendre. Mentre ells parlaven, una pregunta rondava la meva ment: <strong>Quin paper tindria aquesta nit a la hist\u00f2ria?<\/strong>  <\/p>\n\n<p><strong>(Dem\u00e0 s&#8217;escriur\u00e0 el cap\u00edtol final.)<\/strong><br \/><\/p>\n\n<blockquote class=\"wp-block-quote is-layout-flow wp-block-quote-is-layout-flow\">\n<p>Des de Mas Torrencito us desitgem un FELI\u00c7 FINDE!! i que els vostres gossos us acompanyi!!!! <\/p>\n<\/blockquote>\n\n<p>\u2014\u2013<br \/> Si vols, podeu veure els nostres <strong>bons per caps de setmana, bons jubilats<\/strong> , a un preu incre\u00efble..entra a <a href=\"https:\/\/www.mastorrencito.com\/\">www.mastorrencito.com<\/a> o si vols podeu llegir m\u00e9s hist\u00f2ria i an\u00e8cdotes que ens han passat a Mas Torrencito\u2026 Fes click <a href=\"https:\/\/mastorrencito.com\/\">aqu\u00ed<\/a> :<\/p>\n","protected":false},"excerpt":{"rendered":"<p>El rellotge marcava les 7.00 de la tarda, per\u00f2 ja semblava entrada la nit. Les ombres s&#8217;allargaven a la masia, mentre la brisa freda de febrer portava amb si un silenci pesat, interromput nom\u00e9s pels lladrucs dels meus gossos. La Reuni\u00f3 Secreta que Va canviar Tot (2a part) Des de la terrassa, els vaig veure [&hellip;]<\/p>\n","protected":false},"author":2,"featured_media":4789,"comment_status":"open","ping_status":"open","sticky":false,"template":"","format":"standard","meta":{"_acf_changed":false,"footnotes":""},"categories":[35],"tags":[],"class_list":["post-4709","post","type-post","status-publish","format-standard","has-post-thumbnail","hentry","category-histories-mastorrencito"],"yoast_head":"<!-- This site is optimized with the Yoast SEO Premium plugin v27.3 (Yoast SEO v27.5) - https:\/\/yoast.com\/product\/yoast-seo-premium-wordpress\/ -->\n<title>La Reuni\u00f3 Secreta que Va canviar Tot (2a part) - Mas Torrencito CAT<\/title>\n<meta name=\"description\" content=\"I \u00e9s que La Reuni\u00f3 Secreta que Va canviar Tot va ser un abans i un despr\u00e9s en m\u00e9s torrencito, la casa rural per a mascotes que accepta persones.\" \/>\n<meta name=\"robots\" content=\"index, follow, max-snippet:-1, max-image-preview:large, max-video-preview:-1\" \/>\n<link rel=\"canonical\" href=\"https:\/\/mastorrencito.com\/cat\/la-reunio-secreta-que-va-canviar-tot-2a-part\/\" \/>\n<meta property=\"og:locale\" content=\"es_ES\" \/>\n<meta property=\"og:type\" content=\"article\" \/>\n<meta property=\"og:title\" content=\"La Reuni\u00f3 Secreta que Va canviar Tot (2a part)\" \/>\n<meta property=\"og:description\" content=\"I \u00e9s que La Reuni\u00f3 Secreta que Va canviar Tot va ser un abans i un despr\u00e9s en m\u00e9s torrencito, la casa rural per a mascotes que accepta persones.\" \/>\n<meta property=\"og:url\" content=\"https:\/\/mastorrencito.com\/cat\/la-reunio-secreta-que-va-canviar-tot-2a-part\/\" \/>\n<meta property=\"og:site_name\" content=\"Mas Torrencito CAT\" \/>\n<meta property=\"article:published_time\" content=\"2024-11-15T05:52:13+00:00\" \/>\n<meta property=\"og:image\" content=\"https:\/\/mastorrencito.com\/cat\/wp-content\/uploads\/sites\/3\/puigde2.jpg\" \/>\n\t<meta property=\"og:image:width\" content=\"1792\" \/>\n\t<meta property=\"og:image:height\" content=\"1024\" \/>\n\t<meta property=\"og:image:type\" content=\"image\/jpeg\" \/>\n<meta name=\"author\" content=\"Mastorrencito\" \/>\n<meta name=\"twitter:card\" content=\"summary_large_image\" \/>\n<meta name=\"twitter:label1\" content=\"Escrito por\" \/>\n\t<meta name=\"twitter:data1\" content=\"Mastorrencito\" \/>\n\t<meta name=\"twitter:label2\" content=\"Tiempo de lectura\" \/>\n\t<meta name=\"twitter:data2\" content=\"8 minutos\" \/>\n<script type=\"application\/ld+json\" class=\"yoast-schema-graph\">{\"@context\":\"https:\\\/\\\/schema.org\",\"@graph\":[{\"@type\":\"Article\",\"@id\":\"https:\\\/\\\/mastorrencito.com\\\/cat\\\/la-reunio-secreta-que-va-canviar-tot-2a-part\\\/#article\",\"isPartOf\":{\"@id\":\"https:\\\/\\\/mastorrencito.com\\\/cat\\\/la-reunio-secreta-que-va-canviar-tot-2a-part\\\/\"},\"author\":{\"name\":\"Mastorrencito\",\"@id\":\"https:\\\/\\\/mastorrencito.com\\\/#\\\/schema\\\/person\\\/18c619be80d4ae2667c702911625f790\"},\"headline\":\"La Reuni\u00f3 Secreta que Va canviar Tot (2a part)\",\"datePublished\":\"2024-11-15T05:52:13+00:00\",\"mainEntityOfPage\":{\"@id\":\"https:\\\/\\\/mastorrencito.com\\\/cat\\\/la-reunio-secreta-que-va-canviar-tot-2a-part\\\/\"},\"wordCount\":1415,\"commentCount\":0,\"publisher\":{\"@id\":\"https:\\\/\\\/mastorrencito.com\\\/#organization\"},\"image\":{\"@id\":\"https:\\\/\\\/mastorrencito.com\\\/cat\\\/la-reunio-secreta-que-va-canviar-tot-2a-part\\\/#primaryimage\"},\"thumbnailUrl\":\"https:\\\/\\\/mastorrencito.com\\\/cat\\\/wp-content\\\/uploads\\\/sites\\\/3\\\/puigde2.jpg\",\"articleSection\":[\"Hist\u00f2ries Mastorrencito\"],\"inLanguage\":\"es\",\"potentialAction\":[{\"@type\":\"CommentAction\",\"name\":\"Comment\",\"target\":[\"https:\\\/\\\/mastorrencito.com\\\/cat\\\/la-reunio-secreta-que-va-canviar-tot-2a-part\\\/#respond\"]}]},{\"@type\":\"WebPage\",\"@id\":\"https:\\\/\\\/mastorrencito.com\\\/cat\\\/la-reunio-secreta-que-va-canviar-tot-2a-part\\\/\",\"url\":\"https:\\\/\\\/mastorrencito.com\\\/cat\\\/la-reunio-secreta-que-va-canviar-tot-2a-part\\\/\",\"name\":\"La Reuni\u00f3 Secreta que Va canviar Tot (2a part) - Mas Torrencito CAT\",\"isPartOf\":{\"@id\":\"https:\\\/\\\/mastorrencito.com\\\/#website\"},\"primaryImageOfPage\":{\"@id\":\"https:\\\/\\\/mastorrencito.com\\\/cat\\\/la-reunio-secreta-que-va-canviar-tot-2a-part\\\/#primaryimage\"},\"image\":{\"@id\":\"https:\\\/\\\/mastorrencito.com\\\/cat\\\/la-reunio-secreta-que-va-canviar-tot-2a-part\\\/#primaryimage\"},\"thumbnailUrl\":\"https:\\\/\\\/mastorrencito.com\\\/cat\\\/wp-content\\\/uploads\\\/sites\\\/3\\\/puigde2.jpg\",\"datePublished\":\"2024-11-15T05:52:13+00:00\",\"description\":\"I \u00e9s que La Reuni\u00f3 Secreta que Va canviar Tot va ser un abans i un despr\u00e9s en m\u00e9s torrencito, la casa rural per a mascotes que accepta persones.\",\"breadcrumb\":{\"@id\":\"https:\\\/\\\/mastorrencito.com\\\/cat\\\/la-reunio-secreta-que-va-canviar-tot-2a-part\\\/#breadcrumb\"},\"inLanguage\":\"es\",\"potentialAction\":[{\"@type\":\"ReadAction\",\"target\":[\"https:\\\/\\\/mastorrencito.com\\\/cat\\\/la-reunio-secreta-que-va-canviar-tot-2a-part\\\/\"]}]},{\"@type\":\"ImageObject\",\"inLanguage\":\"es\",\"@id\":\"https:\\\/\\\/mastorrencito.com\\\/cat\\\/la-reunio-secreta-que-va-canviar-tot-2a-part\\\/#primaryimage\",\"url\":\"https:\\\/\\\/mastorrencito.com\\\/cat\\\/wp-content\\\/uploads\\\/sites\\\/3\\\/puigde2.jpg\",\"contentUrl\":\"https:\\\/\\\/mastorrencito.com\\\/cat\\\/wp-content\\\/uploads\\\/sites\\\/3\\\/puigde2.jpg\",\"width\":1792,\"height\":1024,\"caption\":\"La reunion secreta en MasTorrenccito que lo cambio todo.\"},{\"@type\":\"BreadcrumbList\",\"@id\":\"https:\\\/\\\/mastorrencito.com\\\/cat\\\/la-reunio-secreta-que-va-canviar-tot-2a-part\\\/#breadcrumb\",\"itemListElement\":[{\"@type\":\"ListItem\",\"position\":1,\"name\":\"Portada\",\"item\":\"https:\\\/\\\/mastorrencito.com\\\/\"},{\"@type\":\"ListItem\",\"position\":2,\"name\":\"La Reuni\u00f3 Secreta que Va canviar Tot (2a part)\"}]},{\"@type\":\"WebSite\",\"@id\":\"https:\\\/\\\/mastorrencito.com\\\/#website\",\"url\":\"https:\\\/\\\/mastorrencito.com\\\/\",\"name\":\"Mas Torrencito CAT\",\"description\":\"Casa rural pet friendly en Girona\",\"publisher\":{\"@id\":\"https:\\\/\\\/mastorrencito.com\\\/#organization\"},\"potentialAction\":[{\"@type\":\"SearchAction\",\"target\":{\"@type\":\"EntryPoint\",\"urlTemplate\":\"https:\\\/\\\/mastorrencito.com\\\/?s={search_term_string}\"},\"query-input\":{\"@type\":\"PropertyValueSpecification\",\"valueRequired\":true,\"valueName\":\"search_term_string\"}}],\"inLanguage\":\"es\"},{\"@type\":\"Organization\",\"@id\":\"https:\\\/\\\/mastorrencito.com\\\/#organization\",\"name\":\"Mas Torrencito CAT\",\"url\":\"https:\\\/\\\/mastorrencito.com\\\/\",\"logo\":{\"@type\":\"ImageObject\",\"inLanguage\":\"es\",\"@id\":\"https:\\\/\\\/mastorrencito.com\\\/#\\\/schema\\\/logo\\\/image\\\/\",\"url\":\"https:\\\/\\\/mastorrencito.com\\\/cat\\\/wp-content\\\/uploads\\\/sites\\\/3\\\/Logo-Mastorrencito-horizontal.webp\",\"contentUrl\":\"https:\\\/\\\/mastorrencito.com\\\/cat\\\/wp-content\\\/uploads\\\/sites\\\/3\\\/Logo-Mastorrencito-horizontal.webp\",\"width\":161,\"height\":54,\"caption\":\"Mas Torrencito CAT\"},\"image\":{\"@id\":\"https:\\\/\\\/mastorrencito.com\\\/#\\\/schema\\\/logo\\\/image\\\/\"}},{\"@type\":\"Person\",\"@id\":\"https:\\\/\\\/mastorrencito.com\\\/#\\\/schema\\\/person\\\/18c619be80d4ae2667c702911625f790\",\"name\":\"Mastorrencito\",\"image\":{\"@type\":\"ImageObject\",\"inLanguage\":\"es\",\"@id\":\"https:\\\/\\\/secure.gravatar.com\\\/avatar\\\/3ef55e0519f987a734c21caee1423b51df7b760b7d81a38ecd31cab0a5115f6d?s=96&d=mm&r=g\",\"url\":\"https:\\\/\\\/secure.gravatar.com\\\/avatar\\\/3ef55e0519f987a734c21caee1423b51df7b760b7d81a38ecd31cab0a5115f6d?s=96&d=mm&r=g\",\"contentUrl\":\"https:\\\/\\\/secure.gravatar.com\\\/avatar\\\/3ef55e0519f987a734c21caee1423b51df7b760b7d81a38ecd31cab0a5115f6d?s=96&d=mm&r=g\",\"caption\":\"Mastorrencito\"},\"url\":\"https:\\\/\\\/mastorrencito.com\\\/cat\\\/author\\\/mastorrencito\\\/\"}]}<\/script>\n<!-- \/ Yoast SEO Premium plugin. -->","yoast_head_json":{"title":"La Reuni\u00f3 Secreta que Va canviar Tot (2a part) - Mas Torrencito CAT","description":"I \u00e9s que La Reuni\u00f3 Secreta que Va canviar Tot va ser un abans i un despr\u00e9s en m\u00e9s torrencito, la casa rural per a mascotes que accepta persones.","robots":{"index":"index","follow":"follow","max-snippet":"max-snippet:-1","max-image-preview":"max-image-preview:large","max-video-preview":"max-video-preview:-1"},"canonical":"https:\/\/mastorrencito.com\/cat\/la-reunio-secreta-que-va-canviar-tot-2a-part\/","og_locale":"es_ES","og_type":"article","og_title":"La Reuni\u00f3 Secreta que Va canviar Tot (2a part)","og_description":"I \u00e9s que La Reuni\u00f3 Secreta que Va canviar Tot va ser un abans i un despr\u00e9s en m\u00e9s torrencito, la casa rural per a mascotes que accepta persones.","og_url":"https:\/\/mastorrencito.com\/cat\/la-reunio-secreta-que-va-canviar-tot-2a-part\/","og_site_name":"Mas Torrencito CAT","article_published_time":"2024-11-15T05:52:13+00:00","og_image":[{"width":1792,"height":1024,"url":"https:\/\/mastorrencito.com\/cat\/wp-content\/uploads\/sites\/3\/puigde2.jpg","type":"image\/jpeg"}],"author":"Mastorrencito","twitter_card":"summary_large_image","twitter_misc":{"Escrito por":"Mastorrencito","Tiempo de lectura":"8 minutos"},"schema":{"@context":"https:\/\/schema.org","@graph":[{"@type":"Article","@id":"https:\/\/mastorrencito.com\/cat\/la-reunio-secreta-que-va-canviar-tot-2a-part\/#article","isPartOf":{"@id":"https:\/\/mastorrencito.com\/cat\/la-reunio-secreta-que-va-canviar-tot-2a-part\/"},"author":{"name":"Mastorrencito","@id":"https:\/\/mastorrencito.com\/#\/schema\/person\/18c619be80d4ae2667c702911625f790"},"headline":"La Reuni\u00f3 Secreta que Va canviar Tot (2a part)","datePublished":"2024-11-15T05:52:13+00:00","mainEntityOfPage":{"@id":"https:\/\/mastorrencito.com\/cat\/la-reunio-secreta-que-va-canviar-tot-2a-part\/"},"wordCount":1415,"commentCount":0,"publisher":{"@id":"https:\/\/mastorrencito.com\/#organization"},"image":{"@id":"https:\/\/mastorrencito.com\/cat\/la-reunio-secreta-que-va-canviar-tot-2a-part\/#primaryimage"},"thumbnailUrl":"https:\/\/mastorrencito.com\/cat\/wp-content\/uploads\/sites\/3\/puigde2.jpg","articleSection":["Hist\u00f2ries Mastorrencito"],"inLanguage":"es","potentialAction":[{"@type":"CommentAction","name":"Comment","target":["https:\/\/mastorrencito.com\/cat\/la-reunio-secreta-que-va-canviar-tot-2a-part\/#respond"]}]},{"@type":"WebPage","@id":"https:\/\/mastorrencito.com\/cat\/la-reunio-secreta-que-va-canviar-tot-2a-part\/","url":"https:\/\/mastorrencito.com\/cat\/la-reunio-secreta-que-va-canviar-tot-2a-part\/","name":"La Reuni\u00f3 Secreta que Va canviar Tot (2a part) - Mas Torrencito CAT","isPartOf":{"@id":"https:\/\/mastorrencito.com\/#website"},"primaryImageOfPage":{"@id":"https:\/\/mastorrencito.com\/cat\/la-reunio-secreta-que-va-canviar-tot-2a-part\/#primaryimage"},"image":{"@id":"https:\/\/mastorrencito.com\/cat\/la-reunio-secreta-que-va-canviar-tot-2a-part\/#primaryimage"},"thumbnailUrl":"https:\/\/mastorrencito.com\/cat\/wp-content\/uploads\/sites\/3\/puigde2.jpg","datePublished":"2024-11-15T05:52:13+00:00","description":"I \u00e9s que La Reuni\u00f3 Secreta que Va canviar Tot va ser un abans i un despr\u00e9s en m\u00e9s torrencito, la casa rural per a mascotes que accepta persones.","breadcrumb":{"@id":"https:\/\/mastorrencito.com\/cat\/la-reunio-secreta-que-va-canviar-tot-2a-part\/#breadcrumb"},"inLanguage":"es","potentialAction":[{"@type":"ReadAction","target":["https:\/\/mastorrencito.com\/cat\/la-reunio-secreta-que-va-canviar-tot-2a-part\/"]}]},{"@type":"ImageObject","inLanguage":"es","@id":"https:\/\/mastorrencito.com\/cat\/la-reunio-secreta-que-va-canviar-tot-2a-part\/#primaryimage","url":"https:\/\/mastorrencito.com\/cat\/wp-content\/uploads\/sites\/3\/puigde2.jpg","contentUrl":"https:\/\/mastorrencito.com\/cat\/wp-content\/uploads\/sites\/3\/puigde2.jpg","width":1792,"height":1024,"caption":"La reunion secreta en MasTorrenccito que lo cambio todo."},{"@type":"BreadcrumbList","@id":"https:\/\/mastorrencito.com\/cat\/la-reunio-secreta-que-va-canviar-tot-2a-part\/#breadcrumb","itemListElement":[{"@type":"ListItem","position":1,"name":"Portada","item":"https:\/\/mastorrencito.com\/"},{"@type":"ListItem","position":2,"name":"La Reuni\u00f3 Secreta que Va canviar Tot (2a part)"}]},{"@type":"WebSite","@id":"https:\/\/mastorrencito.com\/#website","url":"https:\/\/mastorrencito.com\/","name":"Mas Torrencito CAT","description":"Casa rural pet friendly en Girona","publisher":{"@id":"https:\/\/mastorrencito.com\/#organization"},"potentialAction":[{"@type":"SearchAction","target":{"@type":"EntryPoint","urlTemplate":"https:\/\/mastorrencito.com\/?s={search_term_string}"},"query-input":{"@type":"PropertyValueSpecification","valueRequired":true,"valueName":"search_term_string"}}],"inLanguage":"es"},{"@type":"Organization","@id":"https:\/\/mastorrencito.com\/#organization","name":"Mas Torrencito CAT","url":"https:\/\/mastorrencito.com\/","logo":{"@type":"ImageObject","inLanguage":"es","@id":"https:\/\/mastorrencito.com\/#\/schema\/logo\/image\/","url":"https:\/\/mastorrencito.com\/cat\/wp-content\/uploads\/sites\/3\/Logo-Mastorrencito-horizontal.webp","contentUrl":"https:\/\/mastorrencito.com\/cat\/wp-content\/uploads\/sites\/3\/Logo-Mastorrencito-horizontal.webp","width":161,"height":54,"caption":"Mas Torrencito CAT"},"image":{"@id":"https:\/\/mastorrencito.com\/#\/schema\/logo\/image\/"}},{"@type":"Person","@id":"https:\/\/mastorrencito.com\/#\/schema\/person\/18c619be80d4ae2667c702911625f790","name":"Mastorrencito","image":{"@type":"ImageObject","inLanguage":"es","@id":"https:\/\/secure.gravatar.com\/avatar\/3ef55e0519f987a734c21caee1423b51df7b760b7d81a38ecd31cab0a5115f6d?s=96&d=mm&r=g","url":"https:\/\/secure.gravatar.com\/avatar\/3ef55e0519f987a734c21caee1423b51df7b760b7d81a38ecd31cab0a5115f6d?s=96&d=mm&r=g","contentUrl":"https:\/\/secure.gravatar.com\/avatar\/3ef55e0519f987a734c21caee1423b51df7b760b7d81a38ecd31cab0a5115f6d?s=96&d=mm&r=g","caption":"Mastorrencito"},"url":"https:\/\/mastorrencito.com\/cat\/author\/mastorrencito\/"}]}},"acf":[],"_links":{"self":[{"href":"https:\/\/mastorrencito.com\/cat\/wp-json\/wp\/v2\/posts\/4709","targetHints":{"allow":["GET"]}}],"collection":[{"href":"https:\/\/mastorrencito.com\/cat\/wp-json\/wp\/v2\/posts"}],"about":[{"href":"https:\/\/mastorrencito.com\/cat\/wp-json\/wp\/v2\/types\/post"}],"author":[{"embeddable":true,"href":"https:\/\/mastorrencito.com\/cat\/wp-json\/wp\/v2\/users\/2"}],"replies":[{"embeddable":true,"href":"https:\/\/mastorrencito.com\/cat\/wp-json\/wp\/v2\/comments?post=4709"}],"version-history":[{"count":0,"href":"https:\/\/mastorrencito.com\/cat\/wp-json\/wp\/v2\/posts\/4709\/revisions"}],"wp:featuredmedia":[{"embeddable":true,"href":"https:\/\/mastorrencito.com\/cat\/wp-json\/wp\/v2\/media\/4789"}],"wp:attachment":[{"href":"https:\/\/mastorrencito.com\/cat\/wp-json\/wp\/v2\/media?parent=4709"}],"wp:term":[{"taxonomy":"category","embeddable":true,"href":"https:\/\/mastorrencito.com\/cat\/wp-json\/wp\/v2\/categories?post=4709"},{"taxonomy":"post_tag","embeddable":true,"href":"https:\/\/mastorrencito.com\/cat\/wp-json\/wp\/v2\/tags?post=4709"}],"curies":[{"name":"wp","href":"https:\/\/api.w.org\/{rel}","templated":true}]}}