{"id":4707,"date":"2024-11-14T06:39:37","date_gmt":"2024-11-14T06:39:37","guid":{"rendered":"https:\/\/casaruralconperrosgirona.com\/pero-que-es-aquesta-merda\/"},"modified":"2024-11-14T06:39:37","modified_gmt":"2024-11-14T06:39:37","slug":"pero-que-es-aquesta-merda","status":"publish","type":"post","link":"https:\/\/mastorrencito.com\/cat\/pero-que-es-aquesta-merda\/","title":{"rendered":"\u00abPer\u00f2 que \u00e9s aquesta merda&#8230;\u00bb"},"content":{"rendered":"\n<p>Fa anys, en un tranquil divendres al migdia, va passar un d&#8217;aquells episodis que, per m\u00e9s que passi el temps, encara ressona a la meva mem\u00f2ria. Com qualsevol altre dia, era a la recepci\u00f3 de la nostra acollidora casa rural, xerrant amb Manuela i Markos, els meus companys de feina i, a estones, els millors aliats per passar l&#8217;estona entre rialles. No obstant, la meva pau es va interrompre quan un cotxe va entrar a l&#8217;aparcament i, gaireb\u00e9 abans que poguessin aturar el motor, vaig veure un home que sortia amb pressa, amb una expressi\u00f3 a la cara que cridava \u201ccat\u00e0strofe\u201d.  <\/p>\n\n<h4 class=\"wp-block-heading\">La mala educaci\u00f3.  <\/h4>\n\n<p>Em vaig acostar a rebre&#8217;l, llest per al t\u00edpic intercanvi cordial, per\u00f2 tot just vaig obrir la boca, l&#8217;home es va plantar davant meu, i amb un to de veu que podria haver ressonat al seg\u00fcent poble, em va deixar anar:<\/p>\n\n<p>\u2014Per\u00f2 qu\u00e8 \u00e9s aquesta merda?!<\/p>\n\n<p>La salutaci\u00f3 va quedar atrapada a la meva gola. Vaig parpellejar un parell de vegades, processant l&#8217;escena: l&#8217;home, amb els ulls entretancats i les celles arrufades, em mirava com si hagu\u00e9s destru\u00eft el seu m\u00f3n. Enrere, la seva dona estava mig sortida del cotxe, com qui est\u00e0 a punt per refor\u00e7ar l&#8217;ofensiva en qualsevol moment.  <\/p>\n\n<p>Intentant mantenir la calma, vaig respondre amb un cort\u00e8s:<\/p>\n\n<p>\u2014Perd\u00f3?<\/p>\n\n<p>Ell no es va molestar a rebaixar el volum.<\/p>\n\n<p>\u2014Aix\u00f2 \u00e9s una estafa!<\/p>\n\n<p>Em vaig creuar de bra\u00e7os i vaig decidir abordar-ho amb calma; al capdavall, semblava un d&#8217;aquests clients \u201cpeculiars\u201d.<\/p>\n\n<p>\u2014Disculpi, senyor\u2026 em podria explicar una mica de qu\u00e8 parla?<\/p>\n\n<p>Ell va sospirar amb frustraci\u00f3 i va posar els ulls en blanc, com si explicar la seva queixa fos una c\u00e0rrega.<\/p>\n\n<p>\u2014\u00a1 Doncs que jo he reservat a <em>Mas de Torrent<\/em> i all\u00e0 em diuen que la reserva \u00e9s aqu\u00ed!<\/p>\n\n<p>Vaig assentir lentament, mirant de pair l&#8217;absurda barreja d&#8217;enuig i expectatives trencades que aquest home portava. Manuela i Markos estaven al meu costat, tractant de contenir el riure. Mentrestant, jo, amb una professionalitat que gaireb\u00e9 fregava el sarcasme, vaig mantenir el tipus i li vaig dir:  <\/p>\n\n<p>\u2014Vaja\u2026 aix\u00f2 s\u00ed que \u00e9s estrany. Deixeu-me veure la reserva, us sembla b\u00e9? A nom de qui hi \u00e9s?  <\/p>\n\n<p>\u2014Al meu nom, \u00e9s clar \u2014em va respondre amb brusquedat\u2014. Josep Bonaire Garcia. <\/p>\n\n<p>Vaig introduir al sistema, buscant la seva reserva, i all\u00e0 estava. Per\u00f2 no al lux\u00f3s <em>Mas de Torrent<\/em> , sin\u00f3 a la nostra estimada casa rural. I no nom\u00e9s aix\u00f2, sin\u00f3 que la seva reserva era amb un val de \u201cLa Vida \u00e9s Bella\u201d que inclo\u00efa allotjament i esmorzar. Un modest paquet de 79,99 euros. Dissimulant la ironia en la meva veu, li vaig informar:    <\/p>\n\n<p>\u2014S\u00ed, aqu\u00ed est\u00e0, senyor Bonaire. Vost\u00e8 t\u00e9 una reserva a casa nostra, a trav\u00e9s d&#8217;un val de \u201cLa Vida \u00e9s Bella\u201d, amb allotjament i esmorzar, valorat a\u2026 \u2014li vaig mirar amb una cella arquejada, com per donar-li-hi. el toc dram\u00e0tic\u2014\u2026 79,99 euros. \u00c9s correcte?  <\/p>\n\n<p>Per un moment, la seva indignaci\u00f3 es va apagar. Em va mirar, perplex, i alguna cosa a la seva expressi\u00f3 em va dir que acabava de rebre el primer cop de realitat. Amb veu molt m\u00e9s baixa, va respondre:  <\/p>\n\n<p>\u2014Eh\u2026 s\u00ed\u2026 suposo que s\u00ed.<\/p>\n\n<p>\u2014Perfecte, aleshores \u2014li vaig dir, fingint una amabilitat impecable\u2014. Quin \u00e9s el problema? <\/p>\n\n<p>Ell va empassar saliva, encara processant. Despr\u00e9s de tot, ell i la seva dona, abillats amb roba elegant, potser esperaven trobar-se en un lloc de luxe, i el contrast amb la nostra casa rural havia d&#8217;estar fent-li mal a l&#8217;\u00e0nima. <\/p>\n\n<p>\u2014B\u00e9\u2026 \u2014va balbucejar, intentant trobar les paraules adequades\u2014. Jo\u2026 creia que era a <em>Mas de Torrent<\/em> . <\/p>\n\n<p>\u2014Ah, entenc. B\u00e9, si ho desitja, puc ajudar-lo a solucionar-ho. \u2014I amb un to ple de bona disposici\u00f3 vaig afegir\u2014. Voleu que intenteu contactar amb ells?   <\/p>\n\n<p>A ell li va canviar la cara. Potser va creure que estava a punt de salvar el seu dia, que estava davant d&#8217;alg\u00fa que faria tot el possible per complir els seus somnis de luxe. Aix\u00ed que, amb to d&#8217;alleujament, va respondre:  <\/p>\n\n<p>\u2014De veritat?<\/p>\n\n<p>\u2014\u00c9s clar, deixeu-me trucar-los per veure si tenen disponibilitat. li sembla b\u00e9? <\/p>\n<figure class=\"wp-block-post-featured-image\"><img fetchpriority=\"high\" decoding=\"async\" width=\"1024\" height=\"1024\" src=\"https:\/\/mastorrencito.com\/cat\/wp-content\/uploads\/sites\/3\/maleducados1.jpg\" class=\"attachment-post-thumbnail size-post-thumbnail wp-post-image\" alt=\"\" style=\"object-fit:cover;\" srcset=\"https:\/\/mastorrencito.com\/cat\/wp-content\/uploads\/sites\/3\/maleducados1.jpg 1024w, https:\/\/mastorrencito.com\/cat\/wp-content\/uploads\/sites\/3\/maleducados1-300x300.jpg 300w, https:\/\/mastorrencito.com\/cat\/wp-content\/uploads\/sites\/3\/maleducados1-150x150.jpg 150w, https:\/\/mastorrencito.com\/cat\/wp-content\/uploads\/sites\/3\/maleducados1-768x768.jpg 768w\" sizes=\"(max-width: 1024px) 100vw, 1024px\" \/><\/figure>\n<p>Em vaig apartar uns passos, fingint marcar al tel\u00e8fon, i vaig fer un teatre complet. \u00abHabl\u00e9\u00bb amb la recepci\u00f3 de <em>Mas de Torrent<\/em> , aquell lux\u00f3s hotel d&#8217;encant r\u00fastic que, en realitat, cobrava m\u00e9s de 600 euros per nit. Els vaig informar, com si fos el millor dels favors, que havia fet les gestions per a ell. Quan vaig tornar a la recepci\u00f3, la meva expressi\u00f3 era seriosa, com si acab\u00e9s d&#8217;aconseguir una gran gesta.   <\/p>\n\n<p>\u2014Senyor Bonaire, \u00a1 quina sort! Tenen dues habitacions disponibles per a aquesta nit. <\/p>\n\n<p><br \/>Ell i la seva dona es van mirar, les cares es van il\u00b7luminar amb l&#8217;alegria dels triomfadors. Estaven conven\u00e7uts que havien aconseguit alguna cosa grandi\u00f3s. <\/p>\n\n<p>\u2014Oh, que b\u00e9, moltes gr\u00e0cies! \u2014exclamaren, gaireb\u00e9 a l&#8217;un\u00edson. <\/p>\n\n<p>\u2014S\u00ed, i els han fet el favor d&#8217;acceptar-ne el val. Nom\u00e9s hauria de pagar 530 euros addicionals. <\/p>\n\n<p>El canvi en les expressions va ser tan instantani que hauria estat digne d&#8217;una pel\u00b7l\u00edcula. Tots dos es van mirar, incapa\u00e7os de processar all\u00f2 que acabaven d&#8217;escoltar. El somriure se&#8217;n va ensorrar, i ell, amb veu ofegada, va exclamar:  <\/p>\n\n<p>\u2014Qu\u00e8 diu? Qu\u00e8 he de pagar\u2026 <em>aquesta<\/em> pasta? <\/p>\n\n<p>\u2014\u00c9s clar, \u00e9s el que costa una nit a <em>Mas de Torrent<\/em> . No pensar\u00e0 que es pot allotjar en un hotel de luxe amb un val per a una casa rural, oi? No em digui que s&#8217;ha conf\u00f3s de lloc.  <\/p>\n\n<p>\u2014El nom \u00e9s igual! \u2014va protestar ell, aferrant-se a la darrera excusa que li quedava. <\/p>\n\n<p>\u2014B\u00e9, gaireb\u00e9 igual, li concedeixo. Per\u00f2 ells s\u00f3n al poble de Torrent, i nosaltres a Parets d&#8217;Empord\u00e0. \u00c9s una confusi\u00f3 comuna\u2026 Fins i tot podria haver acabat al Torrent de Val\u00e8ncia, aix\u00f2 s\u00ed que hauria estat una sorpresa, oi?  <\/p>\n\n<p>La seva cara va passar de la f\u00faria a la frustraci\u00f3, i vaig veure com el rubor pujava pel coll. Sabia que estava a prop d&#8217;explotar. La seva dona, amb una m\u00e0 al bra\u00e7 del seu marit, semblava que el cont\u00e9.  <\/p>\n\n<p>\u2014Aleshores\u2026 \u00bf qu\u00e8 fem? Vol veure la seva habitaci\u00f3 o\u2026 prefereixen retirar-se? <\/p>\n\n<p>Ell, amb un \u00faltim intent de dignitat, em va mirar amb menyspreu i va dir:<\/p>\n\n<p>\u2014Deixeu-me parlar amb la meva senyora.<\/p>\n\n<p>\u2014Perfecte. Els espero a dins \u2014vaig dir, amb un somriure massa amable. <\/p>\n\n<p>Els vaig deixar espai, sabent que, a la seva ment, probablement estaven debatent entre quedar-se a la nostra modesta casa rural o anar-se&#8217;n amb una mica de dignitat. Van passar deu, quinze minuts. vaig veure que el seu cotxe ja no hi era.    <\/p>\n\n<p>Tot just uns minuts despr\u00e9s, va sonar el tel\u00e8fon. Era \u201cLa Vida \u00e9s Bella\u201d, i la noia a l&#8217;altra banda de la l\u00ednia em va preguntar si autoritz\u00e0vem la cancel\u00b7laci\u00f3 de la reserva. Vaig riure pels meus endins i vaig respondre:  <\/p>\n\n<p>\u2014\u00c9s clar, digui&#8217;ls que cancel\u00b7lin sense cost, per\u00f2, per favor, que la propera vegada es prenguin un minut per llegir abans de decidir. Ah, i que intentin ser una mica m\u00e9s educats. <\/p>\n\n<p>La noia va deixar anar un riure. No era la primera vegada que parl\u00e0vem sobre situacions aix\u00ed, i sempre trobava una mica d&#8217;humor en aquestes an\u00e8cdotes. <\/p>\n\n<p>Vaig sospirar, pensant que almenys ja havia acabat la jornada, quan, de sobte, una limusina negra, llarga com un dia sense pa, va apar\u00e8ixer a l&#8217;aparcament. Aquesta vegada, vaig sentir un calfred. \u201cUna altra vegada?\u201d, vaig pensar, preparant-me pel pitjor. Em vaig acostar a la finestreta del conductor, que em va saludar amb un somriure amable.   <\/p>\n\n<p>\u2014Bona tarda \u2014em va dir\u2014. Crec que m&#8217;he equivocat de lloc. <\/p>\n\n<p>\u2014Gaireb\u00e9 segur que s\u00ed \u2014vaig respondre, relaxat en veure la seva actitud.<\/p>\n\n<p>La porta del darrere es va obrir, i d&#8217;una banda va sortir un senyor gran amb port elegant, i de l&#8217;altra, una senyora igualment distingida. Es van mirar amb aire de calma i educaci\u00f3. Ella, amb una veu suau, em va preguntar:  <\/p>\n\n<p>\u2014Disculpi, on som?<\/p>\n\n<figure class=\"wp-block-image size-full\"><img decoding=\"async\" src=\"https:\/\/mastorrencito.com\/wp-content\/uploads\/maleducados2-1.jpg\" alt=\"\" class=\"wp-image-2002\" \/><\/figure>\n<p>Els vaig explicar la nostra ubicaci\u00f3 i la confusi\u00f3 que, segons sembla, tots tenien amb l&#8217;altre Mas de Torrent. El cavaller va somriure i, amb una educaci\u00f3 que poques vegades es veia, va dir: <\/p>\n\n<p>\u2014B\u00e9, despr\u00e9s d&#8217;aquesta petita desviaci\u00f3, seria possible prendre alguna cosa? Tenim una mica de calor. <\/p>\n\n<p>\u2014I tant! Segueix-me, si us plau. <\/p>\n\n<p>El cavaller va demanar al xofer que esper\u00e9s i em van seguir fins a la terrassa. Els vaig oferir seient i els vaig preguntar: <\/p>\n\n<p>\u2014Qu\u00e8 els ve de gust beure?<\/p>\n\n<p>\u2014A mi em vindria de meravella una cervesa ben freda \u2014va respondre ell\u2014. I per a la meva dona, una altra. <\/p>\n\n<p>Els vaig servir dues canyes gla\u00e7ades, i se les van beure gaireb\u00e9 d&#8217;un glop. Em re <\/p>\n\n<p>\u00ed una mica i els vaig preguntar:<\/p>\n\n<p>\u2014Els va agradar? En volen una altra? <\/p>\n\n<p>Ell va somriure amb aquesta eleg\u00e0ncia despreocupada i va dir:<\/p>\n\n<p>\u2014B\u00e9, una mica, per\u00f2 nom\u00e9s un glop.<\/p>\n\n<p>Mentre els observava, vaig veure com la senyora acariciava Manuela i Markos, que s&#8217;havien acostat, encantats amb els convidats.<\/p>\n\n<p>\u2014Quins gossos tan bonics i tranquils \u2014va comentar ella\u2014. S\u00f3n de la casa? <\/p>\n\n<p>\u2014S\u00ed, ella \u00e9s la Manuela i ell \u00e9s en Markos. S\u00f3n els guardians de la pau aqu\u00ed. <\/p>\n\n<p>El senyor, atent als detalls, em va preguntar:<\/p>\n\n<p>\u2014Vost\u00e8 tindria aigua o un refresc per al xofer? Segur que tamb\u00e9 t\u00e9 set. <\/p>\n\n<p>Vaig portar una Coca-Cola ben freda al conductor, que em va agrair amb un gran somriure. El cavaller va tornar a insistir: <\/p>\n\n<p>\u2014Digue&#8217;ns, quant li devem?<\/p>\n\n<p>\u2014Res, no us preocupeu \u2014vaig respondre\u2014. \u00c9s un plaer atendre persones tan educades. <\/p>\n\n<p>\u2014Vinga, digui&#8217;ns quant \u00e9s \u2014va insistir ell, somrient.<\/p>\n\n<p>\u2014De veritat, no us preocupeu, amb convidats aix\u00ed, no ve d&#8217;un parell de cerveses.<\/p>\n\n<p>Al final, es van rendir i em van agrair amb sinceritat. Em van demanar una targeta, li la vaig donar, i despr\u00e9s d&#8217;acomiadar-se amablement, se&#8217;n van anar. A l&#8217;estiu seg\u00fcent, van tornar amb els n\u00e9ts, i des de llavors, v\u00e9nen cada any. Ara ells alternen: un parell de dies amb nosaltres, gaudint de la pau, i despr\u00e9s una escapada per a ells sols al lux\u00f3s <em>Mas de Torrent<\/em> .   <\/p>\n\n<p>I b\u00e9, del primer parell de clients\u2026 mai no vam tornar a saber. I francament, crec que va ser el millor per a tothom. <br \/><br \/>Aquesta \u00e9s la gran difer\u00e8ncia&#8230; Tenir classe o ser un maleducat i ser del grup de \u201cvull i no puc\u201d <\/p>\n\n<p><br \/><br \/>Des de Mas Torrencito us desitgem un bon dia i que el vostre gos us acompanyi!!!!<\/p>\n\n<p>\u2014\u2013<br \/> Si vols, podeu veure els nostres <strong>bons per caps de setmana, bons jubilats<\/strong> , a un preu incre\u00efble..entra a <a href=\"https:\/\/www.mastorrencito.com\/\">www.mastorrencito.com<\/a> o si vols podeu llegir m\u00e9s hist\u00f2ria i an\u00e8cdotes que ens han passat a Mas Torrencito\u2026 Fes click <a href=\"https:\/\/mastorrencito.com\/es\/\">aqu\u00ed<\/a> :<\/p>\n","protected":false},"excerpt":{"rendered":"<p>Fa anys, en un tranquil divendres al migdia, va passar un d&#8217;aquells episodis que, per m\u00e9s que passi el temps, encara ressona a la meva mem\u00f2ria. Com qualsevol altre dia, era a la recepci\u00f3 de la nostra acollidora casa rural, xerrant amb Manuela i Markos, els meus companys de feina i, a estones, els millors [&hellip;]<\/p>\n","protected":false},"author":2,"featured_media":4786,"comment_status":"open","ping_status":"open","sticky":false,"template":"","format":"standard","meta":{"_acf_changed":false,"footnotes":""},"categories":[35],"tags":[47,55,57,49,56],"class_list":["post-4707","post","type-post","status-publish","format-standard","has-post-thumbnail","hentry","category-histories-mastorrencito","tag-gironaconmascotas","tag-turismecostabrava","tag-turismeruralambgossos-3","tag-turismoruralconperros","tag-viatjar-amb-gossos"],"yoast_head":"<!-- This site is optimized with the Yoast SEO Premium plugin v27.3 (Yoast SEO v27.5) - https:\/\/yoast.com\/product\/yoast-seo-premium-wordpress\/ -->\n<title>&quot;Per\u00f2 que \u00e9s aquesta merda...&quot; - Mas Torrencito CAT<\/title>\n<meta name=\"description\" content=\"De com s\u00f3n alguns clients que han vingut a Mas Torrencito... amb tan poca educaci\u00f3 per dir &quot;Per\u00f2 que merda \u00e9s aix\u00f2....&quot;\" \/>\n<meta name=\"robots\" content=\"index, follow, max-snippet:-1, max-image-preview:large, max-video-preview:-1\" \/>\n<link rel=\"canonical\" href=\"https:\/\/mastorrencito.com\/cat\/pero-que-es-aquesta-merda\/\" \/>\n<meta property=\"og:locale\" content=\"es_ES\" \/>\n<meta property=\"og:type\" content=\"article\" \/>\n<meta property=\"og:title\" content=\"&quot;Per\u00f2 que \u00e9s aquesta merda...&quot;\" \/>\n<meta property=\"og:description\" content=\"De com s\u00f3n alguns clients que han vingut a Mas Torrencito... amb tan poca educaci\u00f3 per dir &quot;Per\u00f2 que merda \u00e9s aix\u00f2....&quot;\" \/>\n<meta property=\"og:url\" content=\"https:\/\/mastorrencito.com\/cat\/pero-que-es-aquesta-merda\/\" \/>\n<meta property=\"og:site_name\" content=\"Mas Torrencito CAT\" \/>\n<meta property=\"article:published_time\" content=\"2024-11-14T06:39:37+00:00\" \/>\n<meta property=\"og:image\" content=\"https:\/\/mastorrencito.com\/cat\/wp-content\/uploads\/sites\/3\/maleducados1.jpg\" \/>\n\t<meta property=\"og:image:width\" content=\"1024\" \/>\n\t<meta property=\"og:image:height\" content=\"1024\" \/>\n\t<meta property=\"og:image:type\" content=\"image\/jpeg\" \/>\n<meta name=\"author\" content=\"Mastorrencito\" \/>\n<meta name=\"twitter:card\" content=\"summary_large_image\" \/>\n<meta name=\"twitter:label1\" content=\"Escrito por\" \/>\n\t<meta name=\"twitter:data1\" content=\"Mastorrencito\" \/>\n\t<meta name=\"twitter:label2\" content=\"Tiempo de lectura\" \/>\n\t<meta name=\"twitter:data2\" content=\"10 minutos\" \/>\n<script type=\"application\/ld+json\" class=\"yoast-schema-graph\">{\"@context\":\"https:\\\/\\\/schema.org\",\"@graph\":[{\"@type\":\"Article\",\"@id\":\"https:\\\/\\\/mastorrencito.com\\\/cat\\\/pero-que-es-aquesta-merda\\\/#article\",\"isPartOf\":{\"@id\":\"https:\\\/\\\/mastorrencito.com\\\/cat\\\/pero-que-es-aquesta-merda\\\/\"},\"author\":{\"name\":\"Mastorrencito\",\"@id\":\"https:\\\/\\\/mastorrencito.com\\\/#\\\/schema\\\/person\\\/18c619be80d4ae2667c702911625f790\"},\"headline\":\"\u00abPer\u00f2 que \u00e9s aquesta merda&#8230;\u00bb\",\"datePublished\":\"2024-11-14T06:39:37+00:00\",\"mainEntityOfPage\":{\"@id\":\"https:\\\/\\\/mastorrencito.com\\\/cat\\\/pero-que-es-aquesta-merda\\\/\"},\"wordCount\":1869,\"commentCount\":0,\"publisher\":{\"@id\":\"https:\\\/\\\/mastorrencito.com\\\/#organization\"},\"image\":{\"@id\":\"https:\\\/\\\/mastorrencito.com\\\/cat\\\/pero-que-es-aquesta-merda\\\/#primaryimage\"},\"thumbnailUrl\":\"https:\\\/\\\/mastorrencito.com\\\/cat\\\/wp-content\\\/uploads\\\/sites\\\/3\\\/maleducados1.jpg\",\"keywords\":[\"Gironaconmascotas\",\"turismecostabrava\",\"turismeruralambgossos\",\"Turismoruralconperros\",\"viatjar amb gossos\"],\"articleSection\":[\"Hist\u00f2ries Mastorrencito\"],\"inLanguage\":\"es\",\"potentialAction\":[{\"@type\":\"CommentAction\",\"name\":\"Comment\",\"target\":[\"https:\\\/\\\/mastorrencito.com\\\/cat\\\/pero-que-es-aquesta-merda\\\/#respond\"]}]},{\"@type\":\"WebPage\",\"@id\":\"https:\\\/\\\/mastorrencito.com\\\/cat\\\/pero-que-es-aquesta-merda\\\/\",\"url\":\"https:\\\/\\\/mastorrencito.com\\\/cat\\\/pero-que-es-aquesta-merda\\\/\",\"name\":\"\\\"Per\u00f2 que \u00e9s aquesta merda...\\\" - Mas Torrencito CAT\",\"isPartOf\":{\"@id\":\"https:\\\/\\\/mastorrencito.com\\\/#website\"},\"primaryImageOfPage\":{\"@id\":\"https:\\\/\\\/mastorrencito.com\\\/cat\\\/pero-que-es-aquesta-merda\\\/#primaryimage\"},\"image\":{\"@id\":\"https:\\\/\\\/mastorrencito.com\\\/cat\\\/pero-que-es-aquesta-merda\\\/#primaryimage\"},\"thumbnailUrl\":\"https:\\\/\\\/mastorrencito.com\\\/cat\\\/wp-content\\\/uploads\\\/sites\\\/3\\\/maleducados1.jpg\",\"datePublished\":\"2024-11-14T06:39:37+00:00\",\"description\":\"De com s\u00f3n alguns clients que han vingut a Mas Torrencito... amb tan poca educaci\u00f3 per dir \\\"Per\u00f2 que merda \u00e9s aix\u00f2....\\\"\",\"breadcrumb\":{\"@id\":\"https:\\\/\\\/mastorrencito.com\\\/cat\\\/pero-que-es-aquesta-merda\\\/#breadcrumb\"},\"inLanguage\":\"es\",\"potentialAction\":[{\"@type\":\"ReadAction\",\"target\":[\"https:\\\/\\\/mastorrencito.com\\\/cat\\\/pero-que-es-aquesta-merda\\\/\"]}]},{\"@type\":\"ImageObject\",\"inLanguage\":\"es\",\"@id\":\"https:\\\/\\\/mastorrencito.com\\\/cat\\\/pero-que-es-aquesta-merda\\\/#primaryimage\",\"url\":\"https:\\\/\\\/mastorrencito.com\\\/cat\\\/wp-content\\\/uploads\\\/sites\\\/3\\\/maleducados1.jpg\",\"contentUrl\":\"https:\\\/\\\/mastorrencito.com\\\/cat\\\/wp-content\\\/uploads\\\/sites\\\/3\\\/maleducados1.jpg\",\"width\":1024,\"height\":1024},{\"@type\":\"BreadcrumbList\",\"@id\":\"https:\\\/\\\/mastorrencito.com\\\/cat\\\/pero-que-es-aquesta-merda\\\/#breadcrumb\",\"itemListElement\":[{\"@type\":\"ListItem\",\"position\":1,\"name\":\"Portada\",\"item\":\"https:\\\/\\\/mastorrencito.com\\\/\"},{\"@type\":\"ListItem\",\"position\":2,\"name\":\"\u00abPer\u00f2 que \u00e9s aquesta merda&#8230;\u00bb\"}]},{\"@type\":\"WebSite\",\"@id\":\"https:\\\/\\\/mastorrencito.com\\\/#website\",\"url\":\"https:\\\/\\\/mastorrencito.com\\\/\",\"name\":\"Mas Torrencito CAT\",\"description\":\"Casa rural pet friendly en Girona\",\"publisher\":{\"@id\":\"https:\\\/\\\/mastorrencito.com\\\/#organization\"},\"potentialAction\":[{\"@type\":\"SearchAction\",\"target\":{\"@type\":\"EntryPoint\",\"urlTemplate\":\"https:\\\/\\\/mastorrencito.com\\\/?s={search_term_string}\"},\"query-input\":{\"@type\":\"PropertyValueSpecification\",\"valueRequired\":true,\"valueName\":\"search_term_string\"}}],\"inLanguage\":\"es\"},{\"@type\":\"Organization\",\"@id\":\"https:\\\/\\\/mastorrencito.com\\\/#organization\",\"name\":\"Mas Torrencito CAT\",\"url\":\"https:\\\/\\\/mastorrencito.com\\\/\",\"logo\":{\"@type\":\"ImageObject\",\"inLanguage\":\"es\",\"@id\":\"https:\\\/\\\/mastorrencito.com\\\/#\\\/schema\\\/logo\\\/image\\\/\",\"url\":\"https:\\\/\\\/mastorrencito.com\\\/cat\\\/wp-content\\\/uploads\\\/sites\\\/3\\\/Logo-Mastorrencito-horizontal.webp\",\"contentUrl\":\"https:\\\/\\\/mastorrencito.com\\\/cat\\\/wp-content\\\/uploads\\\/sites\\\/3\\\/Logo-Mastorrencito-horizontal.webp\",\"width\":161,\"height\":54,\"caption\":\"Mas Torrencito CAT\"},\"image\":{\"@id\":\"https:\\\/\\\/mastorrencito.com\\\/#\\\/schema\\\/logo\\\/image\\\/\"}},{\"@type\":\"Person\",\"@id\":\"https:\\\/\\\/mastorrencito.com\\\/#\\\/schema\\\/person\\\/18c619be80d4ae2667c702911625f790\",\"name\":\"Mastorrencito\",\"image\":{\"@type\":\"ImageObject\",\"inLanguage\":\"es\",\"@id\":\"https:\\\/\\\/secure.gravatar.com\\\/avatar\\\/3ef55e0519f987a734c21caee1423b51df7b760b7d81a38ecd31cab0a5115f6d?s=96&d=mm&r=g\",\"url\":\"https:\\\/\\\/secure.gravatar.com\\\/avatar\\\/3ef55e0519f987a734c21caee1423b51df7b760b7d81a38ecd31cab0a5115f6d?s=96&d=mm&r=g\",\"contentUrl\":\"https:\\\/\\\/secure.gravatar.com\\\/avatar\\\/3ef55e0519f987a734c21caee1423b51df7b760b7d81a38ecd31cab0a5115f6d?s=96&d=mm&r=g\",\"caption\":\"Mastorrencito\"},\"url\":\"https:\\\/\\\/mastorrencito.com\\\/cat\\\/author\\\/mastorrencito\\\/\"}]}<\/script>\n<!-- \/ Yoast SEO Premium plugin. -->","yoast_head_json":{"title":"\"Per\u00f2 que \u00e9s aquesta merda...\" - Mas Torrencito CAT","description":"De com s\u00f3n alguns clients que han vingut a Mas Torrencito... amb tan poca educaci\u00f3 per dir \"Per\u00f2 que merda \u00e9s aix\u00f2....\"","robots":{"index":"index","follow":"follow","max-snippet":"max-snippet:-1","max-image-preview":"max-image-preview:large","max-video-preview":"max-video-preview:-1"},"canonical":"https:\/\/mastorrencito.com\/cat\/pero-que-es-aquesta-merda\/","og_locale":"es_ES","og_type":"article","og_title":"\"Per\u00f2 que \u00e9s aquesta merda...\"","og_description":"De com s\u00f3n alguns clients que han vingut a Mas Torrencito... amb tan poca educaci\u00f3 per dir \"Per\u00f2 que merda \u00e9s aix\u00f2....\"","og_url":"https:\/\/mastorrencito.com\/cat\/pero-que-es-aquesta-merda\/","og_site_name":"Mas Torrencito CAT","article_published_time":"2024-11-14T06:39:37+00:00","og_image":[{"width":1024,"height":1024,"url":"https:\/\/mastorrencito.com\/cat\/wp-content\/uploads\/sites\/3\/maleducados1.jpg","type":"image\/jpeg"}],"author":"Mastorrencito","twitter_card":"summary_large_image","twitter_misc":{"Escrito por":"Mastorrencito","Tiempo de lectura":"10 minutos"},"schema":{"@context":"https:\/\/schema.org","@graph":[{"@type":"Article","@id":"https:\/\/mastorrencito.com\/cat\/pero-que-es-aquesta-merda\/#article","isPartOf":{"@id":"https:\/\/mastorrencito.com\/cat\/pero-que-es-aquesta-merda\/"},"author":{"name":"Mastorrencito","@id":"https:\/\/mastorrencito.com\/#\/schema\/person\/18c619be80d4ae2667c702911625f790"},"headline":"\u00abPer\u00f2 que \u00e9s aquesta merda&#8230;\u00bb","datePublished":"2024-11-14T06:39:37+00:00","mainEntityOfPage":{"@id":"https:\/\/mastorrencito.com\/cat\/pero-que-es-aquesta-merda\/"},"wordCount":1869,"commentCount":0,"publisher":{"@id":"https:\/\/mastorrencito.com\/#organization"},"image":{"@id":"https:\/\/mastorrencito.com\/cat\/pero-que-es-aquesta-merda\/#primaryimage"},"thumbnailUrl":"https:\/\/mastorrencito.com\/cat\/wp-content\/uploads\/sites\/3\/maleducados1.jpg","keywords":["Gironaconmascotas","turismecostabrava","turismeruralambgossos","Turismoruralconperros","viatjar amb gossos"],"articleSection":["Hist\u00f2ries Mastorrencito"],"inLanguage":"es","potentialAction":[{"@type":"CommentAction","name":"Comment","target":["https:\/\/mastorrencito.com\/cat\/pero-que-es-aquesta-merda\/#respond"]}]},{"@type":"WebPage","@id":"https:\/\/mastorrencito.com\/cat\/pero-que-es-aquesta-merda\/","url":"https:\/\/mastorrencito.com\/cat\/pero-que-es-aquesta-merda\/","name":"\"Per\u00f2 que \u00e9s aquesta merda...\" - Mas Torrencito CAT","isPartOf":{"@id":"https:\/\/mastorrencito.com\/#website"},"primaryImageOfPage":{"@id":"https:\/\/mastorrencito.com\/cat\/pero-que-es-aquesta-merda\/#primaryimage"},"image":{"@id":"https:\/\/mastorrencito.com\/cat\/pero-que-es-aquesta-merda\/#primaryimage"},"thumbnailUrl":"https:\/\/mastorrencito.com\/cat\/wp-content\/uploads\/sites\/3\/maleducados1.jpg","datePublished":"2024-11-14T06:39:37+00:00","description":"De com s\u00f3n alguns clients que han vingut a Mas Torrencito... amb tan poca educaci\u00f3 per dir \"Per\u00f2 que merda \u00e9s aix\u00f2....\"","breadcrumb":{"@id":"https:\/\/mastorrencito.com\/cat\/pero-que-es-aquesta-merda\/#breadcrumb"},"inLanguage":"es","potentialAction":[{"@type":"ReadAction","target":["https:\/\/mastorrencito.com\/cat\/pero-que-es-aquesta-merda\/"]}]},{"@type":"ImageObject","inLanguage":"es","@id":"https:\/\/mastorrencito.com\/cat\/pero-que-es-aquesta-merda\/#primaryimage","url":"https:\/\/mastorrencito.com\/cat\/wp-content\/uploads\/sites\/3\/maleducados1.jpg","contentUrl":"https:\/\/mastorrencito.com\/cat\/wp-content\/uploads\/sites\/3\/maleducados1.jpg","width":1024,"height":1024},{"@type":"BreadcrumbList","@id":"https:\/\/mastorrencito.com\/cat\/pero-que-es-aquesta-merda\/#breadcrumb","itemListElement":[{"@type":"ListItem","position":1,"name":"Portada","item":"https:\/\/mastorrencito.com\/"},{"@type":"ListItem","position":2,"name":"\u00abPer\u00f2 que \u00e9s aquesta merda&#8230;\u00bb"}]},{"@type":"WebSite","@id":"https:\/\/mastorrencito.com\/#website","url":"https:\/\/mastorrencito.com\/","name":"Mas Torrencito CAT","description":"Casa rural pet friendly en Girona","publisher":{"@id":"https:\/\/mastorrencito.com\/#organization"},"potentialAction":[{"@type":"SearchAction","target":{"@type":"EntryPoint","urlTemplate":"https:\/\/mastorrencito.com\/?s={search_term_string}"},"query-input":{"@type":"PropertyValueSpecification","valueRequired":true,"valueName":"search_term_string"}}],"inLanguage":"es"},{"@type":"Organization","@id":"https:\/\/mastorrencito.com\/#organization","name":"Mas Torrencito CAT","url":"https:\/\/mastorrencito.com\/","logo":{"@type":"ImageObject","inLanguage":"es","@id":"https:\/\/mastorrencito.com\/#\/schema\/logo\/image\/","url":"https:\/\/mastorrencito.com\/cat\/wp-content\/uploads\/sites\/3\/Logo-Mastorrencito-horizontal.webp","contentUrl":"https:\/\/mastorrencito.com\/cat\/wp-content\/uploads\/sites\/3\/Logo-Mastorrencito-horizontal.webp","width":161,"height":54,"caption":"Mas Torrencito CAT"},"image":{"@id":"https:\/\/mastorrencito.com\/#\/schema\/logo\/image\/"}},{"@type":"Person","@id":"https:\/\/mastorrencito.com\/#\/schema\/person\/18c619be80d4ae2667c702911625f790","name":"Mastorrencito","image":{"@type":"ImageObject","inLanguage":"es","@id":"https:\/\/secure.gravatar.com\/avatar\/3ef55e0519f987a734c21caee1423b51df7b760b7d81a38ecd31cab0a5115f6d?s=96&d=mm&r=g","url":"https:\/\/secure.gravatar.com\/avatar\/3ef55e0519f987a734c21caee1423b51df7b760b7d81a38ecd31cab0a5115f6d?s=96&d=mm&r=g","contentUrl":"https:\/\/secure.gravatar.com\/avatar\/3ef55e0519f987a734c21caee1423b51df7b760b7d81a38ecd31cab0a5115f6d?s=96&d=mm&r=g","caption":"Mastorrencito"},"url":"https:\/\/mastorrencito.com\/cat\/author\/mastorrencito\/"}]}},"acf":[],"_links":{"self":[{"href":"https:\/\/mastorrencito.com\/cat\/wp-json\/wp\/v2\/posts\/4707","targetHints":{"allow":["GET"]}}],"collection":[{"href":"https:\/\/mastorrencito.com\/cat\/wp-json\/wp\/v2\/posts"}],"about":[{"href":"https:\/\/mastorrencito.com\/cat\/wp-json\/wp\/v2\/types\/post"}],"author":[{"embeddable":true,"href":"https:\/\/mastorrencito.com\/cat\/wp-json\/wp\/v2\/users\/2"}],"replies":[{"embeddable":true,"href":"https:\/\/mastorrencito.com\/cat\/wp-json\/wp\/v2\/comments?post=4707"}],"version-history":[{"count":0,"href":"https:\/\/mastorrencito.com\/cat\/wp-json\/wp\/v2\/posts\/4707\/revisions"}],"wp:featuredmedia":[{"embeddable":true,"href":"https:\/\/mastorrencito.com\/cat\/wp-json\/wp\/v2\/media\/4786"}],"wp:attachment":[{"href":"https:\/\/mastorrencito.com\/cat\/wp-json\/wp\/v2\/media?parent=4707"}],"wp:term":[{"taxonomy":"category","embeddable":true,"href":"https:\/\/mastorrencito.com\/cat\/wp-json\/wp\/v2\/categories?post=4707"},{"taxonomy":"post_tag","embeddable":true,"href":"https:\/\/mastorrencito.com\/cat\/wp-json\/wp\/v2\/tags?post=4707"}],"curies":[{"name":"wp","href":"https:\/\/api.w.org\/{rel}","templated":true}]}}