{"id":4705,"date":"2024-11-12T06:00:00","date_gmt":"2024-11-12T06:00:00","guid":{"rendered":"https:\/\/casaruralconperrosgirona.com\/i-si-un-dia-vosaltres-falteu\/"},"modified":"2024-11-12T06:00:00","modified_gmt":"2024-11-12T06:00:00","slug":"i-si-un-dia-vosaltres-falteu","status":"publish","type":"post","link":"https:\/\/mastorrencito.com\/cat\/i-si-un-dia-vosaltres-falteu\/","title":{"rendered":"I Si un Dia Vosaltres Falteu?"},"content":{"rendered":"\n<p>Aquesta \u00e9s una pregunta que ens hem fet m\u00e9s d&#8217;una vegada: <em>qu\u00e8 passaria amb nosaltres, els gossos, si els nostres humans es morissin de sobte?<\/em> I Si un Dia Vosaltres Falteu?<\/p>\n\n<p>\u00c9s clar, el m\u00e9s l\u00f2gic \u00e9s pensar que nosaltres ens en anirem abans, com passa a la vida humana, on els fills solen acomiadar els pares. Per\u00f2 la vida t\u00e9 les seves regles, i \u00e9s important estar preparats. <\/p>\n\n<p>Des del moment en qu\u00e8 ens adopteu o compreu, nosaltres confiem en vosaltres per a tot. No som una joguina ni un passatemps; som \u00e9ssers vius que depenem de vosaltres i, per aix\u00f2 mateix, haur\u00edem de tenir un pla. No hi ha res pitjor que deixar una cosa tan important a la sort oa la improvisaci\u00f3.  <\/p>\n\n<hr class=\"wp-block-separator has-alpha-channel-opacity\" \/>\n\n<h3 class=\"wp-block-heading\">La Lli\u00e7\u00f3 de Miguel: Tot per Escrit i Sense Complicacions. I Si un Dia Vosaltres Falteu? <\/h3>\n\n<p>El meu amo, Miguel, \u00e9s un paio especial, sempre pensant en nosaltres. Des que vaig arribar a la seva vida, ell ho ha tingut clar\u00edssim: <em>jo era la seva responsabilitat passi el que passi.<\/em> Si ell no hi era, sabia que la Mireia seria qui em cuidaria. Per\u00f2, qu\u00e8 passaria si tots dos faltessin? Aqu\u00ed \u00e9s on Miguel ha anat un pas m\u00e9s enll\u00e0 i ho ha deixat tot organitzat.   <\/p>\n\n<p>Al seu testament, ha deixat detallat qui es far\u00e0 c\u00e0rrec de nosaltres i com es mantindr\u00e0 Mas Torrencito en funcionament fins que tots els gossos que vivim aqu\u00ed ens puguem anar en pau. T\u00e9 tot previst, perqu\u00e8 ni nosaltres ni la casa rural passem per problemes. I aix\u00f2, amics, \u00e9s el que tots els amos haurien de considerar.  <\/p>\n<figure class=\"wp-block-post-featured-image\"><img fetchpriority=\"high\" decoding=\"async\" width=\"1200\" height=\"1600\" src=\"https:\/\/mastorrencito.com\/cat\/wp-content\/uploads\/sites\/3\/manuela33.jpg\" class=\"attachment-post-thumbnail size-post-thumbnail wp-post-image\" alt=\"Quien se ocupara de nosotros si moris..\u00bfNos quedaremos en Mas Torrencito??\" style=\"object-fit:cover;\" srcset=\"https:\/\/mastorrencito.com\/cat\/wp-content\/uploads\/sites\/3\/manuela33.jpg 1200w, https:\/\/mastorrencito.com\/cat\/wp-content\/uploads\/sites\/3\/manuela33-225x300.jpg 225w, https:\/\/mastorrencito.com\/cat\/wp-content\/uploads\/sites\/3\/manuela33-768x1024.jpg 768w, https:\/\/mastorrencito.com\/cat\/wp-content\/uploads\/sites\/3\/manuela33-1152x1536.jpg 1152w\" sizes=\"(max-width: 1200px) 100vw, 1200px\" \/><\/figure>\n<hr class=\"wp-block-separator has-alpha-channel-opacity\" \/>\n\n<h3 class=\"wp-block-heading\">Beneficis de Tenir Padrins i Madrines per als Peluts<\/h3>\n\n<p><strong>Manuela<\/strong> : \u201cSi tots els humans prenguessin exemple de Miguel, no hi hauria tants gossos deixats a la seva sort quan els seus amos falten. Tenir padrins i padrines \u00e9s, simplement, sentit com\u00fa i afecte. Amb una conversa clara o, encara millor, deixant-ho per escrit, s&#8217;evita que ens quedem a l&#8217;aire i s&#8217;eviten baralles, conflictes i mals rotllos. Perqu\u00e8 al final, all\u00f2 que necessitem \u00e9s estabilitat i amor, sense importar qui estigui a c\u00e0rrec.\u00bb   <\/p>\n\n<hr class=\"wp-block-separator has-alpha-channel-opacity\" \/>\n\n<h3 class=\"wp-block-heading\">Conclusi\u00f3: Planificar \u00c9s un Acte d&#8217;Amor. I Si un Dia Vosaltres falteu? <\/h3>\n\n<p>Aix\u00ed que, amics humans, si heu compartit la vostra vida amb nosaltres, no deixeu aquest detall a l&#8217;atzar. Com sempre dic, el respecte i l&#8217;amor van m\u00e9s enll\u00e0 del que \u00e9s quotidi\u00e0. Penseu en qui cuidaria de nosaltres, deixeu-ho clar amb alg\u00fa de confian\u00e7a, i si podeu, <em>deixeu-ho per escrit<\/em> . No sols ser\u00e0 una tranquil\u00b7litat per a vosaltres, sin\u00f3 un veritable acte d&#8217;amor cap a nosaltres.   <\/p>\n\n<p>Perqu\u00e8, al final, el que volem \u00e9s sentir-nos segurs i saber que, passi el que passi, sempre hi haur\u00e0 alg\u00fa que ens cuidi i ens doni aquest lloc d&#8217;afecte que tant mereixem.<br \/><br \/><br \/> Des de Mas Torrencito us desitgem un bon dia i que el vostre gos us acompanyi!!!!<\/p>\n\n<p>\u2014\u2013<br \/> Si vols, podeu veure els nostres <strong>bons per caps de setmana, bons jubilats<\/strong> , a un preu incre\u00efble..entra a <a href=\"https:\/\/www.mastorrencito.com\/\">www.mastorrencito.com<\/a> o si vols podeu llegir m\u00e9s hist\u00f2ria i an\u00e8cdotes que ens han passat a Mas Torrencito\u2026 Fes click <a href=\"https:\/\/mastorrencito.com\/\">aqu\u00ed<\/a> :<\/p>\n\n<p><\/p>\n","protected":false},"excerpt":{"rendered":"<p>Aquesta \u00e9s una pregunta que ens hem fet m\u00e9s d&#8217;una vegada: qu\u00e8 passaria amb nosaltres, els gossos, si els nostres humans es morissin de sobte? I Si un Dia Vosaltres Falteu? \u00c9s clar, el m\u00e9s l\u00f2gic \u00e9s pensar que nosaltres ens en anirem abans, com passa a la vida humana, on els fills solen acomiadar [&hellip;]<\/p>\n","protected":false},"author":2,"featured_media":1989,"comment_status":"open","ping_status":"open","sticky":false,"template":"","format":"standard","meta":{"_acf_changed":false,"footnotes":""},"categories":[35],"tags":[],"class_list":["post-4705","post","type-post","status-publish","format-standard","has-post-thumbnail","hentry","category-histories-mastorrencito"],"yoast_head":"<!-- This site is optimized with the Yoast SEO Premium plugin v27.3 (Yoast SEO v27.5) - https:\/\/yoast.com\/product\/yoast-seo-premium-wordpress\/ -->\n<title>I Si un Dia Vosaltres Falteu? - Mas Torrencito CAT<\/title>\n<meta name=\"description\" content=\"Aquest \u00e9s un dilema gos intersant, Qu\u00e8 ens apsar\u00e0 si us moris?? Qu\u00e8 ser\u00e0 de nosaltres? I Si un Dia Vosaltres Falteu?\" \/>\n<meta name=\"robots\" content=\"index, follow, max-snippet:-1, max-image-preview:large, max-video-preview:-1\" \/>\n<link rel=\"canonical\" href=\"https:\/\/mastorrencito.com\/cat\/i-si-un-dia-vosaltres-falteu\/\" \/>\n<meta property=\"og:locale\" content=\"es_ES\" \/>\n<meta property=\"og:type\" content=\"article\" \/>\n<meta property=\"og:title\" content=\"I Si un Dia Vosaltres Falteu?\" \/>\n<meta property=\"og:description\" content=\"Aquest \u00e9s un dilema gos intersant, Qu\u00e8 ens apsar\u00e0 si us moris?? Qu\u00e8 ser\u00e0 de nosaltres? I Si un Dia Vosaltres Falteu?\" \/>\n<meta property=\"og:url\" content=\"https:\/\/mastorrencito.com\/cat\/i-si-un-dia-vosaltres-falteu\/\" \/>\n<meta property=\"og:site_name\" content=\"Mas Torrencito CAT\" \/>\n<meta property=\"article:published_time\" content=\"2024-11-12T06:00:00+00:00\" \/>\n<meta property=\"og:image\" content=\"https:\/\/mastorrencito.com\/cat\/wp-content\/uploads\/sites\/3\/manuela33.jpg\" \/>\n\t<meta property=\"og:image:width\" content=\"1200\" \/>\n\t<meta property=\"og:image:height\" content=\"1600\" \/>\n\t<meta property=\"og:image:type\" content=\"image\/jpeg\" \/>\n<meta name=\"author\" content=\"Mastorrencito\" \/>\n<meta name=\"twitter:card\" content=\"summary_large_image\" \/>\n<meta name=\"twitter:label1\" content=\"Escrito por\" \/>\n\t<meta name=\"twitter:data1\" content=\"Mastorrencito\" \/>\n\t<meta name=\"twitter:label2\" content=\"Tiempo de lectura\" \/>\n\t<meta name=\"twitter:data2\" content=\"4 minutos\" \/>\n<script type=\"application\/ld+json\" class=\"yoast-schema-graph\">{\"@context\":\"https:\\\/\\\/schema.org\",\"@graph\":[{\"@type\":\"Article\",\"@id\":\"https:\\\/\\\/mastorrencito.com\\\/cat\\\/i-si-un-dia-vosaltres-falteu\\\/#article\",\"isPartOf\":{\"@id\":\"https:\\\/\\\/mastorrencito.com\\\/cat\\\/i-si-un-dia-vosaltres-falteu\\\/\"},\"author\":{\"name\":\"Mastorrencito\",\"@id\":\"https:\\\/\\\/mastorrencito.com\\\/#\\\/schema\\\/person\\\/18c619be80d4ae2667c702911625f790\"},\"headline\":\"I Si un Dia Vosaltres Falteu?\",\"datePublished\":\"2024-11-12T06:00:00+00:00\",\"mainEntityOfPage\":{\"@id\":\"https:\\\/\\\/mastorrencito.com\\\/cat\\\/i-si-un-dia-vosaltres-falteu\\\/\"},\"wordCount\":548,\"commentCount\":0,\"publisher\":{\"@id\":\"https:\\\/\\\/mastorrencito.com\\\/#organization\"},\"image\":{\"@id\":\"https:\\\/\\\/mastorrencito.com\\\/cat\\\/i-si-un-dia-vosaltres-falteu\\\/#primaryimage\"},\"thumbnailUrl\":\"https:\\\/\\\/mastorrencito.com\\\/cat\\\/wp-content\\\/uploads\\\/sites\\\/3\\\/manuela33.jpg\",\"articleSection\":[\"Hist\u00f2ries Mastorrencito\"],\"inLanguage\":\"es\",\"potentialAction\":[{\"@type\":\"CommentAction\",\"name\":\"Comment\",\"target\":[\"https:\\\/\\\/mastorrencito.com\\\/cat\\\/i-si-un-dia-vosaltres-falteu\\\/#respond\"]}]},{\"@type\":\"WebPage\",\"@id\":\"https:\\\/\\\/mastorrencito.com\\\/cat\\\/i-si-un-dia-vosaltres-falteu\\\/\",\"url\":\"https:\\\/\\\/mastorrencito.com\\\/cat\\\/i-si-un-dia-vosaltres-falteu\\\/\",\"name\":\"I Si un Dia Vosaltres Falteu? - Mas Torrencito CAT\",\"isPartOf\":{\"@id\":\"https:\\\/\\\/mastorrencito.com\\\/#website\"},\"primaryImageOfPage\":{\"@id\":\"https:\\\/\\\/mastorrencito.com\\\/cat\\\/i-si-un-dia-vosaltres-falteu\\\/#primaryimage\"},\"image\":{\"@id\":\"https:\\\/\\\/mastorrencito.com\\\/cat\\\/i-si-un-dia-vosaltres-falteu\\\/#primaryimage\"},\"thumbnailUrl\":\"https:\\\/\\\/mastorrencito.com\\\/cat\\\/wp-content\\\/uploads\\\/sites\\\/3\\\/manuela33.jpg\",\"datePublished\":\"2024-11-12T06:00:00+00:00\",\"description\":\"Aquest \u00e9s un dilema gos intersant, Qu\u00e8 ens apsar\u00e0 si us moris?? Qu\u00e8 ser\u00e0 de nosaltres? I Si un Dia Vosaltres Falteu?\",\"breadcrumb\":{\"@id\":\"https:\\\/\\\/mastorrencito.com\\\/cat\\\/i-si-un-dia-vosaltres-falteu\\\/#breadcrumb\"},\"inLanguage\":\"es\",\"potentialAction\":[{\"@type\":\"ReadAction\",\"target\":[\"https:\\\/\\\/mastorrencito.com\\\/cat\\\/i-si-un-dia-vosaltres-falteu\\\/\"]}]},{\"@type\":\"ImageObject\",\"inLanguage\":\"es\",\"@id\":\"https:\\\/\\\/mastorrencito.com\\\/cat\\\/i-si-un-dia-vosaltres-falteu\\\/#primaryimage\",\"url\":\"https:\\\/\\\/mastorrencito.com\\\/cat\\\/wp-content\\\/uploads\\\/sites\\\/3\\\/manuela33.jpg\",\"contentUrl\":\"https:\\\/\\\/mastorrencito.com\\\/cat\\\/wp-content\\\/uploads\\\/sites\\\/3\\\/manuela33.jpg\",\"width\":1200,\"height\":1600,\"caption\":\"Quien se ocupara de nosotros si moris..\u00bfNos quedaremos en Mas Torrencito??\"},{\"@type\":\"BreadcrumbList\",\"@id\":\"https:\\\/\\\/mastorrencito.com\\\/cat\\\/i-si-un-dia-vosaltres-falteu\\\/#breadcrumb\",\"itemListElement\":[{\"@type\":\"ListItem\",\"position\":1,\"name\":\"Portada\",\"item\":\"https:\\\/\\\/mastorrencito.com\\\/\"},{\"@type\":\"ListItem\",\"position\":2,\"name\":\"I Si un Dia Vosaltres Falteu?\"}]},{\"@type\":\"WebSite\",\"@id\":\"https:\\\/\\\/mastorrencito.com\\\/#website\",\"url\":\"https:\\\/\\\/mastorrencito.com\\\/\",\"name\":\"Mas Torrencito CAT\",\"description\":\"Casa rural pet friendly en Girona\",\"publisher\":{\"@id\":\"https:\\\/\\\/mastorrencito.com\\\/#organization\"},\"potentialAction\":[{\"@type\":\"SearchAction\",\"target\":{\"@type\":\"EntryPoint\",\"urlTemplate\":\"https:\\\/\\\/mastorrencito.com\\\/?s={search_term_string}\"},\"query-input\":{\"@type\":\"PropertyValueSpecification\",\"valueRequired\":true,\"valueName\":\"search_term_string\"}}],\"inLanguage\":\"es\"},{\"@type\":\"Organization\",\"@id\":\"https:\\\/\\\/mastorrencito.com\\\/#organization\",\"name\":\"Mas Torrencito CAT\",\"url\":\"https:\\\/\\\/mastorrencito.com\\\/\",\"logo\":{\"@type\":\"ImageObject\",\"inLanguage\":\"es\",\"@id\":\"https:\\\/\\\/mastorrencito.com\\\/#\\\/schema\\\/logo\\\/image\\\/\",\"url\":\"https:\\\/\\\/mastorrencito.com\\\/cat\\\/wp-content\\\/uploads\\\/sites\\\/3\\\/Logo-Mastorrencito-horizontal.webp\",\"contentUrl\":\"https:\\\/\\\/mastorrencito.com\\\/cat\\\/wp-content\\\/uploads\\\/sites\\\/3\\\/Logo-Mastorrencito-horizontal.webp\",\"width\":161,\"height\":54,\"caption\":\"Mas Torrencito CAT\"},\"image\":{\"@id\":\"https:\\\/\\\/mastorrencito.com\\\/#\\\/schema\\\/logo\\\/image\\\/\"}},{\"@type\":\"Person\",\"@id\":\"https:\\\/\\\/mastorrencito.com\\\/#\\\/schema\\\/person\\\/18c619be80d4ae2667c702911625f790\",\"name\":\"Mastorrencito\",\"image\":{\"@type\":\"ImageObject\",\"inLanguage\":\"es\",\"@id\":\"https:\\\/\\\/secure.gravatar.com\\\/avatar\\\/3ef55e0519f987a734c21caee1423b51df7b760b7d81a38ecd31cab0a5115f6d?s=96&d=mm&r=g\",\"url\":\"https:\\\/\\\/secure.gravatar.com\\\/avatar\\\/3ef55e0519f987a734c21caee1423b51df7b760b7d81a38ecd31cab0a5115f6d?s=96&d=mm&r=g\",\"contentUrl\":\"https:\\\/\\\/secure.gravatar.com\\\/avatar\\\/3ef55e0519f987a734c21caee1423b51df7b760b7d81a38ecd31cab0a5115f6d?s=96&d=mm&r=g\",\"caption\":\"Mastorrencito\"},\"url\":\"https:\\\/\\\/mastorrencito.com\\\/cat\\\/author\\\/mastorrencito\\\/\"}]}<\/script>\n<!-- \/ Yoast SEO Premium plugin. -->","yoast_head_json":{"title":"I Si un Dia Vosaltres Falteu? - Mas Torrencito CAT","description":"Aquest \u00e9s un dilema gos intersant, Qu\u00e8 ens apsar\u00e0 si us moris?? Qu\u00e8 ser\u00e0 de nosaltres? I Si un Dia Vosaltres Falteu?","robots":{"index":"index","follow":"follow","max-snippet":"max-snippet:-1","max-image-preview":"max-image-preview:large","max-video-preview":"max-video-preview:-1"},"canonical":"https:\/\/mastorrencito.com\/cat\/i-si-un-dia-vosaltres-falteu\/","og_locale":"es_ES","og_type":"article","og_title":"I Si un Dia Vosaltres Falteu?","og_description":"Aquest \u00e9s un dilema gos intersant, Qu\u00e8 ens apsar\u00e0 si us moris?? Qu\u00e8 ser\u00e0 de nosaltres? I Si un Dia Vosaltres Falteu?","og_url":"https:\/\/mastorrencito.com\/cat\/i-si-un-dia-vosaltres-falteu\/","og_site_name":"Mas Torrencito CAT","article_published_time":"2024-11-12T06:00:00+00:00","og_image":[{"width":1200,"height":1600,"url":"https:\/\/mastorrencito.com\/cat\/wp-content\/uploads\/sites\/3\/manuela33.jpg","type":"image\/jpeg"}],"author":"Mastorrencito","twitter_card":"summary_large_image","twitter_misc":{"Escrito por":"Mastorrencito","Tiempo de lectura":"4 minutos"},"schema":{"@context":"https:\/\/schema.org","@graph":[{"@type":"Article","@id":"https:\/\/mastorrencito.com\/cat\/i-si-un-dia-vosaltres-falteu\/#article","isPartOf":{"@id":"https:\/\/mastorrencito.com\/cat\/i-si-un-dia-vosaltres-falteu\/"},"author":{"name":"Mastorrencito","@id":"https:\/\/mastorrencito.com\/#\/schema\/person\/18c619be80d4ae2667c702911625f790"},"headline":"I Si un Dia Vosaltres Falteu?","datePublished":"2024-11-12T06:00:00+00:00","mainEntityOfPage":{"@id":"https:\/\/mastorrencito.com\/cat\/i-si-un-dia-vosaltres-falteu\/"},"wordCount":548,"commentCount":0,"publisher":{"@id":"https:\/\/mastorrencito.com\/#organization"},"image":{"@id":"https:\/\/mastorrencito.com\/cat\/i-si-un-dia-vosaltres-falteu\/#primaryimage"},"thumbnailUrl":"https:\/\/mastorrencito.com\/cat\/wp-content\/uploads\/sites\/3\/manuela33.jpg","articleSection":["Hist\u00f2ries Mastorrencito"],"inLanguage":"es","potentialAction":[{"@type":"CommentAction","name":"Comment","target":["https:\/\/mastorrencito.com\/cat\/i-si-un-dia-vosaltres-falteu\/#respond"]}]},{"@type":"WebPage","@id":"https:\/\/mastorrencito.com\/cat\/i-si-un-dia-vosaltres-falteu\/","url":"https:\/\/mastorrencito.com\/cat\/i-si-un-dia-vosaltres-falteu\/","name":"I Si un Dia Vosaltres Falteu? - Mas Torrencito CAT","isPartOf":{"@id":"https:\/\/mastorrencito.com\/#website"},"primaryImageOfPage":{"@id":"https:\/\/mastorrencito.com\/cat\/i-si-un-dia-vosaltres-falteu\/#primaryimage"},"image":{"@id":"https:\/\/mastorrencito.com\/cat\/i-si-un-dia-vosaltres-falteu\/#primaryimage"},"thumbnailUrl":"https:\/\/mastorrencito.com\/cat\/wp-content\/uploads\/sites\/3\/manuela33.jpg","datePublished":"2024-11-12T06:00:00+00:00","description":"Aquest \u00e9s un dilema gos intersant, Qu\u00e8 ens apsar\u00e0 si us moris?? Qu\u00e8 ser\u00e0 de nosaltres? I Si un Dia Vosaltres Falteu?","breadcrumb":{"@id":"https:\/\/mastorrencito.com\/cat\/i-si-un-dia-vosaltres-falteu\/#breadcrumb"},"inLanguage":"es","potentialAction":[{"@type":"ReadAction","target":["https:\/\/mastorrencito.com\/cat\/i-si-un-dia-vosaltres-falteu\/"]}]},{"@type":"ImageObject","inLanguage":"es","@id":"https:\/\/mastorrencito.com\/cat\/i-si-un-dia-vosaltres-falteu\/#primaryimage","url":"https:\/\/mastorrencito.com\/cat\/wp-content\/uploads\/sites\/3\/manuela33.jpg","contentUrl":"https:\/\/mastorrencito.com\/cat\/wp-content\/uploads\/sites\/3\/manuela33.jpg","width":1200,"height":1600,"caption":"Quien se ocupara de nosotros si moris..\u00bfNos quedaremos en Mas Torrencito??"},{"@type":"BreadcrumbList","@id":"https:\/\/mastorrencito.com\/cat\/i-si-un-dia-vosaltres-falteu\/#breadcrumb","itemListElement":[{"@type":"ListItem","position":1,"name":"Portada","item":"https:\/\/mastorrencito.com\/"},{"@type":"ListItem","position":2,"name":"I Si un Dia Vosaltres Falteu?"}]},{"@type":"WebSite","@id":"https:\/\/mastorrencito.com\/#website","url":"https:\/\/mastorrencito.com\/","name":"Mas Torrencito CAT","description":"Casa rural pet friendly en Girona","publisher":{"@id":"https:\/\/mastorrencito.com\/#organization"},"potentialAction":[{"@type":"SearchAction","target":{"@type":"EntryPoint","urlTemplate":"https:\/\/mastorrencito.com\/?s={search_term_string}"},"query-input":{"@type":"PropertyValueSpecification","valueRequired":true,"valueName":"search_term_string"}}],"inLanguage":"es"},{"@type":"Organization","@id":"https:\/\/mastorrencito.com\/#organization","name":"Mas Torrencito CAT","url":"https:\/\/mastorrencito.com\/","logo":{"@type":"ImageObject","inLanguage":"es","@id":"https:\/\/mastorrencito.com\/#\/schema\/logo\/image\/","url":"https:\/\/mastorrencito.com\/cat\/wp-content\/uploads\/sites\/3\/Logo-Mastorrencito-horizontal.webp","contentUrl":"https:\/\/mastorrencito.com\/cat\/wp-content\/uploads\/sites\/3\/Logo-Mastorrencito-horizontal.webp","width":161,"height":54,"caption":"Mas Torrencito CAT"},"image":{"@id":"https:\/\/mastorrencito.com\/#\/schema\/logo\/image\/"}},{"@type":"Person","@id":"https:\/\/mastorrencito.com\/#\/schema\/person\/18c619be80d4ae2667c702911625f790","name":"Mastorrencito","image":{"@type":"ImageObject","inLanguage":"es","@id":"https:\/\/secure.gravatar.com\/avatar\/3ef55e0519f987a734c21caee1423b51df7b760b7d81a38ecd31cab0a5115f6d?s=96&d=mm&r=g","url":"https:\/\/secure.gravatar.com\/avatar\/3ef55e0519f987a734c21caee1423b51df7b760b7d81a38ecd31cab0a5115f6d?s=96&d=mm&r=g","contentUrl":"https:\/\/secure.gravatar.com\/avatar\/3ef55e0519f987a734c21caee1423b51df7b760b7d81a38ecd31cab0a5115f6d?s=96&d=mm&r=g","caption":"Mastorrencito"},"url":"https:\/\/mastorrencito.com\/cat\/author\/mastorrencito\/"}]}},"acf":[],"_links":{"self":[{"href":"https:\/\/mastorrencito.com\/cat\/wp-json\/wp\/v2\/posts\/4705","targetHints":{"allow":["GET"]}}],"collection":[{"href":"https:\/\/mastorrencito.com\/cat\/wp-json\/wp\/v2\/posts"}],"about":[{"href":"https:\/\/mastorrencito.com\/cat\/wp-json\/wp\/v2\/types\/post"}],"author":[{"embeddable":true,"href":"https:\/\/mastorrencito.com\/cat\/wp-json\/wp\/v2\/users\/2"}],"replies":[{"embeddable":true,"href":"https:\/\/mastorrencito.com\/cat\/wp-json\/wp\/v2\/comments?post=4705"}],"version-history":[{"count":0,"href":"https:\/\/mastorrencito.com\/cat\/wp-json\/wp\/v2\/posts\/4705\/revisions"}],"wp:featuredmedia":[{"embeddable":true,"href":"https:\/\/mastorrencito.com\/cat\/wp-json\/wp\/v2\/media\/1989"}],"wp:attachment":[{"href":"https:\/\/mastorrencito.com\/cat\/wp-json\/wp\/v2\/media?parent=4705"}],"wp:term":[{"taxonomy":"category","embeddable":true,"href":"https:\/\/mastorrencito.com\/cat\/wp-json\/wp\/v2\/categories?post=4705"},{"taxonomy":"post_tag","embeddable":true,"href":"https:\/\/mastorrencito.com\/cat\/wp-json\/wp\/v2\/tags?post=4705"}],"curies":[{"name":"wp","href":"https:\/\/api.w.org\/{rel}","templated":true}]}}