{"id":4703,"date":"2024-11-06T06:07:49","date_gmt":"2024-11-06T06:07:49","guid":{"rendered":"https:\/\/casaruralconperrosgirona.com\/el-misteri-de-les-olors-i-les-aparicions-a-mas-torrencito-2a-part\/"},"modified":"2024-11-06T06:07:49","modified_gmt":"2024-11-06T06:07:49","slug":"el-misteri-de-les-olors-i-les-aparicions-a-mas-torrencito-2a-part","status":"publish","type":"post","link":"https:\/\/mastorrencito.com\/cat\/el-misteri-de-les-olors-i-les-aparicions-a-mas-torrencito-2a-part\/","title":{"rendered":"El Misteri de les Olors i les Aparicions a Mas Torrencito (2a part)"},"content":{"rendered":"\n<hr class=\"wp-block-separator has-alpha-channel-opacity\" \/>\n\n<h3 class=\"wp-block-heading\"><strong>Els turistes inesperats<\/strong><\/h3>\n\n<p>Mentre intent\u00e0vem calmar Lourdes per la desaparici\u00f3 de Lolo i els murmuris entre els clients comen\u00e7aven a intensificar-se, va sonar el tel\u00e8fon de recepci\u00f3. Tots vam girar el cap cap a l&#8217;aparell, que semblava sonar amb una urg\u00e8ncia poc habitual. A la Mas Torrencito, poques vegades rebem trucades tan tard.  <\/p>\n\n<p>\u2014Qui ser\u00e0 ara? \u2014vaig murmurar, mentre contestaria. <\/p>\n\n<p>\u2014Hola! Eh\u2026 com es diu? Ah, s\u00ed. <em>Good evening<\/em> ! \u2014va dir una veu amb un accent angl\u00e8s marcat i un to apressat.  <\/p>\n\n<p>\u2014Ei\u2026 Hola! <em>Good evening<\/em> ! \u2014vaig respondre, ajustant-me r\u00e0pidament a l&#8217;angl\u00e8s mig rovellat que havia apr\u00e8s a l&#8217;escola.<\/p>\n\n<p>\u2014<em>Yes, yes\u2026 um\u2026 We are lost. Very lost. We&#8217;re in the middle of\u2026 fog\u2026 so much fog! And we need a place to stay\u2026 we saw your sign on the road but\u2026 can&#8217;t find you!   <\/em>  \u2014la veu sonava entre divertida i una mica desesperada.<\/p>\n\n<p>En escoltar all\u00f2, la Mireia i alguns clients van comen\u00e7ar a riure en veu baixa, encara que Lourdes seguia amb les celles arrufades, clarament preocupada per Lolo.<\/p>\n\n<p>\u2014No us preocupeu! \u2014vaig dir, intentant sonar m\u00e9s segur del que em sentia\u2014. Eh\u2026 I mean,    <em>don&#8217;t worry! We&#8217;ll guide you! <\/em>.<\/p>\n\n<p>R\u00e0pidament els vaig donar indicacions, encara que no estava segur que les seguissin del tot, perqu\u00e8 en algun moment de la conversa un dels turistes va exclamar que \u201cla boira era com un monstre de pel\u00b7l\u00edcula de terror\u201d. Finalment, despr\u00e9s de diversos intents, van entendre el cam\u00ed, o almenys aix\u00f2 semblava, i em vaig acomiadar amb un animat \u201cSee you soon!\u201d. <\/p>\n\n<h4 class=\"wp-block-heading\"><strong>L&#8217;arribada dels guiris<\/strong> . El Misteri de les Olors i les Aparicions a Mas Torrencito <\/h4>\n\n<p>Van passar uns vint minuts, i just quan els clients es comen\u00e7aven a dispersar per a les seves habitacions, vam sentir un parell de tocs t\u00edmids a la porta. En obrir, em vaig trobar cara a cara amb dues figures que semblaven tretes d&#8217;un festival de m\u00fasica indie: un d&#8217;ells, ros amb una barba espessa i una bufanda teixida que semblava un collaret gegant, i l&#8217;altra, una noia p\u00e8l-roja amb un somriure gegant i una c\u00e0mera penjada del coll, com si estigu\u00e9s a punt per fotografiar fins a l&#8217;\u00faltim rac\u00f3 de la casa. <\/p>\n\n<p>\u2014Hola! \u2014van saludar tots dos, i despr\u00e9s van comen\u00e7ar a riure&#8217;s ia saludar els gossos, que es van acostar de seguida, fent olor les maletes. <\/p>\n\n<p>\u2014<em>Hello! We are\u2026 eh\u2026 very\u2026 eh\u2026 sorry! Thank you so much for helping us!  <\/em>  \u2014va dir la noia, que despr\u00e9s es va presentar com la Lucy, mentre el ros, que anomenaven Oliver, assentia i s&#8217;ajupia per acariciar Mastitwo.<\/p>\n\n<p>R\u00e0pidament, els mostrem una habitaci\u00f3 i els oferim una mica de caf\u00e8 calent. La parella es va instal\u00b7lar al sal\u00f3 al costat d&#8217;alguns clients que encara hi eren, i l&#8217;ambient va comen\u00e7ar a relaxar-se. Amb una naturalitat encantadora, Lucy i Oliver van comen\u00e7ar a explicar an\u00e8cdotes del viatge pel nord d&#8217;Espanya, narrant com s&#8217;havien perdut al mig de la boira en una hist\u00f2ria que involucrava un mapa que, segons ells, semblava dibuixat per un nen de cinc anys.  <\/p>\n\n<p>Isa i Vicent, que encara eren al chill out, van riure a riallades amb la hist\u00f2ria dels guiris, i no van trigar a entaular conversa amb ells.<\/p>\n\n<p>\u2014 <em>Oh, it&#8217;s like a\u2026<\/em> com es diu? Una\u2026 masia embruixada? \u2014va preguntar Oliver al seu espanyol rudimentari, causant que diversos clients llancessin una riallada.  <\/p>\n\n<p>\u2014Aix\u00ed sembla! \u2014vaig respondre, rient-me i, per un moment, oblidant la tensi\u00f3 del gat desaparegut i les ombres misterioses. <\/p>\n\n<h4 class=\"wp-block-heading\"><strong>La calma despr\u00e9s de la tempesta<\/strong> . El Misteri de les Olors i les Aparicions a Mas Torrencito (2a part) <\/h4>\n\n<p>Els nous hostes eren com un bufa d&#8217;aire fresc. Lucy va resultar ser una amant dels animals, i r\u00e0pidament es va integrar amb els gossos i els gats, convertint-se en amiga de quatre potes en q\u00fcesti\u00f3 de minuts. Oliver, per la seva banda, era un expert a explicar hist\u00f2ries exagerades, i en q\u00fcesti\u00f3 de minuts tenia tots al sal\u00f3 rient mentre descrivia una suposada \u201cbatalla \u00e8pica\u201d que havia lliurat contra un gat de carrer en un poble de Portugal.  <\/p>\n\n<p>Fins i tot Lourdes, encara preocupada per Lolo, no va poder evitar riure&#8217;s quan Oliver va comen\u00e7ar a imitar els miols del \u201cgat ferotge\u201d que, segons ell, havia intentat \u201catacar-lo\u201d al mig del carrer. I aix\u00ed, de mica en mica, l&#8217;ambient es va anar relaxant i la tensi\u00f3 a la casa va disminuir. Fins i tot els gossos, que havien estat inquiets fins fa un moment, es van arraulir al costat de Lucy, com si sabessin que estaven en bona companyia.  <\/p>\n<figure class=\"wp-block-post-featured-image\"><img fetchpriority=\"high\" decoding=\"async\" width=\"1024\" height=\"1024\" src=\"https:\/\/mastorrencito.com\/cat\/wp-content\/uploads\/sites\/3\/lashuellas.jpg\" class=\"attachment-post-thumbnail size-post-thumbnail wp-post-image\" alt=\"\" style=\"object-fit:cover;\" srcset=\"https:\/\/mastorrencito.com\/cat\/wp-content\/uploads\/sites\/3\/lashuellas.jpg 1024w, https:\/\/mastorrencito.com\/cat\/wp-content\/uploads\/sites\/3\/lashuellas-300x300.jpg 300w, https:\/\/mastorrencito.com\/cat\/wp-content\/uploads\/sites\/3\/lashuellas-150x150.jpg 150w, https:\/\/mastorrencito.com\/cat\/wp-content\/uploads\/sites\/3\/lashuellas-768x768.jpg 768w\" sizes=\"(max-width: 1024px) 100vw, 1024px\" \/><\/figure>\n<p>La parella es va quedar tan a gust que va decidir quedar-se al chill out, on es van instal\u00b7lar en un dels sof\u00e0s amb una manta i van comen\u00e7ar a veure \u00abPasapalabra\u00bb amb els altres clients, comentant les paraules com si sabessin perfectament de qu\u00e8 anava el programa . La boira fora, que abans havia semblat esfere\u00efdora, ara se sentia com un acollidor mantell que ens a\u00efllava de la resta del m\u00f3n. <\/p>\n\n<p>La Mireia es va acostar a mi i em va somriure.<\/p>\n\n<p>\u2014Miguel, aquests guiris van arribar just a temps. No s\u00e9 per qu\u00e8, per\u00f2 em fa la sensaci\u00f3 que la seva bona energia ens feia falta aquesta nit. <\/p>\n\n<p>Vaig assentir, mirant els clients i les seves mascotes, tots junts en una mena de pau estranya per\u00f2 agradable. Per un moment, vaig pensar que la nit havia decidit fer-nos un respir. <\/p>\n\n<hr class=\"wp-block-separator has-alpha-channel-opacity\" \/>\n\n<h4 class=\"wp-block-heading\"><strong>Un descobriment inesperat<\/strong> .<\/h4>\n\n<p>Just quan tots ens semblava relaxar-nos i l&#8217;ambient tornava a ser c\u00e0lid, un so peculiar va trencar el silenci. Era un lladruc agut i suau que venia\u2026 de darrere del sof\u00e0! <\/p>\n\n<p>Lourdes es va aixecar d&#8217;un salt, i abans que pogu\u00e9s dir res, Lolo, el seu petit yorkshire terrier, va apar\u00e8ixer amb una expressi\u00f3 tan tranquil\u00b7la com la de sempre, com si hi hagu\u00e9s estat tot el temps, ocult en un amagatall secret. Amb aquesta actitud caracter\u00edstica dels yorkshire, Lolo es va acostar a la seva propiet\u00e0ria bellugant la cua i llan\u00e7ant-li una mirada que semblava dir: \u00abDe qu\u00e8 s&#8217;han preocupat?\u00bb <\/p>\n\n<p>\u2014\u00a1 Lolo! \u2014va exclamar Lourdes, abra\u00e7ant-lo i acariciant-lo mentre l&#8217;examinava per assegurar-se que estigu\u00e9s b\u00e9\u2014. \u00bf On t&#8217;havies ficat, murri?!  <\/p>\n\n<p>Els clients i nosaltres ens vam relaxar en veure que el petit Lolo havia aparegut sa i estalvi, i Oliver, sense poder evitar-ho, va comen\u00e7ar a fer broma, suggerint que Lolo podria ser \u201cel veritable guardi\u00e0 de la Mas Torrencito, amb un uniforme d&#8217;espia i tot \u201d. Fins i tot va posar al costat de Lolo per a una foto, mentre Lucy reia i capturava el moment amb la seva c\u00e0mera. <\/p>\n\n<h4 class=\"wp-block-heading\">Tornada a la normalitat?<\/h4>\n\n<p>I quan semblava que tot tornava a la normalitat, un detall em va deixar intrigat. En mirar darrere del sof\u00e0 per veure l&#8217;amagatall de Lolo, vaig notar una cosa estranya a terra. Semblaven\u2026 empremtes? S\u00ed, unes petites empremtes mullades, clarament de gosset, que anaven des de l&#8217;entrada fins al darrere del sof\u00e0. No obstant aix\u00f2, hi havia alguna cosa estranya, com si se&#8217;n superposessin d&#8217;altres de m\u00e9s grans.    <\/p>\n\n<p>Vaig intentar ignorar-ho, per\u00f2 el desconcert era impossible d&#8217;evitar. Com podia un gosset tan petit deixar empremtes amb aquesta forma i mida? <\/p>\n\n<p>La Mireia tamb\u00e9 les va notar, i ens mirem sense saber gaire qu\u00e8 pensar. Per un moment, gaireb\u00e9 em vaig atrevir a preguntar a la Lourdes si la Lolo s&#8217;havia comportat de manera estranya, per\u00f2 vaig decidir no espantar-la. Tot i aix\u00f2, mentre torn\u00e0vem al chill out, una pregunta es va instal\u00b7lar a la meva ment i no vaig poder evitar-ho:  <\/p>\n\n<p>Hi havia alguna cosa o alg\u00fa m\u00e9s a la Mas Torrencito aquella nit?<\/p>\n\n<p><\/p>\n\n<p>CONTINUAR\u00c0&#8230;&#8230;..<\/p>\n\n<hr class=\"wp-block-separator has-alpha-channel-opacity\" \/>\n\n<blockquote class=\"wp-block-quote is-layout-flow wp-block-quote-is-layout-flow\">\n<p><br \/>Des de Mas Torrencito us desitgem un FELI\u00c7 DIMECRES!!! i que els vostres gossos us acompanyi!!!!<\/p>\n<\/blockquote>\n\n<p>\u2014\u2013<br \/> Si vols, podeu veure els nostres <strong>bons per caps de setmana, bons jubilats<\/strong> , a un preu incre\u00efble..entra a <a href=\"https:\/\/www.mastorrencito.com\/\">www.mastorrencito.com<\/a> o si vols podeu llegir m\u00e9s hist\u00f2ria i an\u00e8cdotes que ens han passat a Mas Torrencito\u2026 Fes click <a href=\"https:\/\/mastorrencito.com\/\">aqu\u00ed<\/a> :<\/p>\n","protected":false},"excerpt":{"rendered":"<p>Els turistes inesperats Mentre intent\u00e0vem calmar Lourdes per la desaparici\u00f3 de Lolo i els murmuris entre els clients comen\u00e7aven a intensificar-se, va sonar el tel\u00e8fon de recepci\u00f3. Tots vam girar el cap cap a l&#8217;aparell, que semblava sonar amb una urg\u00e8ncia poc habitual. A la Mas Torrencito, poques vegades rebem trucades tan tard. \u2014Qui ser\u00e0 [&hellip;]<\/p>\n","protected":false},"author":2,"featured_media":4779,"comment_status":"open","ping_status":"open","sticky":false,"template":"","format":"standard","meta":{"_acf_changed":false,"footnotes":""},"categories":[35],"tags":[55,57,42,56],"class_list":["post-4703","post","type-post","status-publish","format-standard","has-post-thumbnail","hentry","category-histories-mastorrencito","tag-turismecostabrava","tag-turismeruralambgossos-3","tag-turismoconmascotas","tag-viatjar-amb-gossos"],"yoast_head":"<!-- This site is optimized with the Yoast SEO Premium plugin v27.3 (Yoast SEO v27.5) - https:\/\/yoast.com\/product\/yoast-seo-premium-wordpress\/ -->\n<title>Les misterioses olors i sorolls a Mas Torrencito 2a part<\/title>\n<meta name=\"description\" content=\"Continueu aquest apassionant relat d&#039;uns sorolls i olors en una nit d&#039;hivern a Mas Torrencito. i ara... Petjades\" \/>\n<meta name=\"robots\" content=\"index, follow, max-snippet:-1, max-image-preview:large, max-video-preview:-1\" \/>\n<link rel=\"canonical\" href=\"https:\/\/mastorrencito.com\/cat\/el-misteri-de-les-olors-i-les-aparicions-a-mas-torrencito-2a-part\/\" \/>\n<meta property=\"og:locale\" content=\"es_ES\" \/>\n<meta property=\"og:type\" content=\"article\" \/>\n<meta property=\"og:title\" content=\"El Misteri de les Olors i les Aparicions a Mas Torrencito (2a part)\" \/>\n<meta property=\"og:description\" content=\"Continueu aquest apassionant relat d&#039;uns sorolls i olors en una nit d&#039;hivern a Mas Torrencito. i ara... Petjades\" \/>\n<meta property=\"og:url\" content=\"https:\/\/mastorrencito.com\/cat\/el-misteri-de-les-olors-i-les-aparicions-a-mas-torrencito-2a-part\/\" \/>\n<meta property=\"og:site_name\" content=\"Mas Torrencito CAT\" \/>\n<meta property=\"article:published_time\" content=\"2024-11-06T06:07:49+00:00\" \/>\n<meta property=\"og:image\" content=\"https:\/\/mastorrencito.com\/cat\/wp-content\/uploads\/sites\/3\/lashuellas.jpg\" \/>\n\t<meta property=\"og:image:width\" content=\"1024\" \/>\n\t<meta property=\"og:image:height\" content=\"1024\" \/>\n\t<meta property=\"og:image:type\" content=\"image\/jpeg\" \/>\n<meta name=\"author\" content=\"Mastorrencito\" \/>\n<meta name=\"twitter:card\" content=\"summary_large_image\" \/>\n<meta name=\"twitter:label1\" content=\"Escrito por\" \/>\n\t<meta name=\"twitter:data1\" content=\"Mastorrencito\" \/>\n\t<meta name=\"twitter:label2\" content=\"Tiempo de lectura\" \/>\n\t<meta name=\"twitter:data2\" content=\"8 minutos\" \/>\n<script type=\"application\/ld+json\" class=\"yoast-schema-graph\">{\"@context\":\"https:\\\/\\\/schema.org\",\"@graph\":[{\"@type\":\"Article\",\"@id\":\"https:\\\/\\\/mastorrencito.com\\\/cat\\\/el-misteri-de-les-olors-i-les-aparicions-a-mas-torrencito-2a-part\\\/#article\",\"isPartOf\":{\"@id\":\"https:\\\/\\\/mastorrencito.com\\\/cat\\\/el-misteri-de-les-olors-i-les-aparicions-a-mas-torrencito-2a-part\\\/\"},\"author\":{\"name\":\"Mastorrencito\",\"@id\":\"https:\\\/\\\/mastorrencito.com\\\/#\\\/schema\\\/person\\\/18c619be80d4ae2667c702911625f790\"},\"headline\":\"El Misteri de les Olors i les Aparicions a Mas Torrencito (2a part)\",\"datePublished\":\"2024-11-06T06:07:49+00:00\",\"mainEntityOfPage\":{\"@id\":\"https:\\\/\\\/mastorrencito.com\\\/cat\\\/el-misteri-de-les-olors-i-les-aparicions-a-mas-torrencito-2a-part\\\/\"},\"wordCount\":1417,\"commentCount\":0,\"publisher\":{\"@id\":\"https:\\\/\\\/mastorrencito.com\\\/#organization\"},\"image\":{\"@id\":\"https:\\\/\\\/mastorrencito.com\\\/cat\\\/el-misteri-de-les-olors-i-les-aparicions-a-mas-torrencito-2a-part\\\/#primaryimage\"},\"thumbnailUrl\":\"https:\\\/\\\/mastorrencito.com\\\/cat\\\/wp-content\\\/uploads\\\/sites\\\/3\\\/lashuellas.jpg\",\"keywords\":[\"turismecostabrava\",\"turismeruralambgossos\",\"turismoconmascotas\",\"viatjar amb gossos\"],\"articleSection\":[\"Hist\u00f2ries Mastorrencito\"],\"inLanguage\":\"es\",\"potentialAction\":[{\"@type\":\"CommentAction\",\"name\":\"Comment\",\"target\":[\"https:\\\/\\\/mastorrencito.com\\\/cat\\\/el-misteri-de-les-olors-i-les-aparicions-a-mas-torrencito-2a-part\\\/#respond\"]}]},{\"@type\":\"WebPage\",\"@id\":\"https:\\\/\\\/mastorrencito.com\\\/cat\\\/el-misteri-de-les-olors-i-les-aparicions-a-mas-torrencito-2a-part\\\/\",\"url\":\"https:\\\/\\\/mastorrencito.com\\\/cat\\\/el-misteri-de-les-olors-i-les-aparicions-a-mas-torrencito-2a-part\\\/\",\"name\":\"Les misterioses olors i sorolls a Mas Torrencito 2a part\",\"isPartOf\":{\"@id\":\"https:\\\/\\\/mastorrencito.com\\\/#website\"},\"primaryImageOfPage\":{\"@id\":\"https:\\\/\\\/mastorrencito.com\\\/cat\\\/el-misteri-de-les-olors-i-les-aparicions-a-mas-torrencito-2a-part\\\/#primaryimage\"},\"image\":{\"@id\":\"https:\\\/\\\/mastorrencito.com\\\/cat\\\/el-misteri-de-les-olors-i-les-aparicions-a-mas-torrencito-2a-part\\\/#primaryimage\"},\"thumbnailUrl\":\"https:\\\/\\\/mastorrencito.com\\\/cat\\\/wp-content\\\/uploads\\\/sites\\\/3\\\/lashuellas.jpg\",\"datePublished\":\"2024-11-06T06:07:49+00:00\",\"description\":\"Continueu aquest apassionant relat d'uns sorolls i olors en una nit d'hivern a Mas Torrencito. i ara... Petjades\",\"breadcrumb\":{\"@id\":\"https:\\\/\\\/mastorrencito.com\\\/cat\\\/el-misteri-de-les-olors-i-les-aparicions-a-mas-torrencito-2a-part\\\/#breadcrumb\"},\"inLanguage\":\"es\",\"potentialAction\":[{\"@type\":\"ReadAction\",\"target\":[\"https:\\\/\\\/mastorrencito.com\\\/cat\\\/el-misteri-de-les-olors-i-les-aparicions-a-mas-torrencito-2a-part\\\/\"]}]},{\"@type\":\"ImageObject\",\"inLanguage\":\"es\",\"@id\":\"https:\\\/\\\/mastorrencito.com\\\/cat\\\/el-misteri-de-les-olors-i-les-aparicions-a-mas-torrencito-2a-part\\\/#primaryimage\",\"url\":\"https:\\\/\\\/mastorrencito.com\\\/cat\\\/wp-content\\\/uploads\\\/sites\\\/3\\\/lashuellas.jpg\",\"contentUrl\":\"https:\\\/\\\/mastorrencito.com\\\/cat\\\/wp-content\\\/uploads\\\/sites\\\/3\\\/lashuellas.jpg\",\"width\":1024,\"height\":1024},{\"@type\":\"BreadcrumbList\",\"@id\":\"https:\\\/\\\/mastorrencito.com\\\/cat\\\/el-misteri-de-les-olors-i-les-aparicions-a-mas-torrencito-2a-part\\\/#breadcrumb\",\"itemListElement\":[{\"@type\":\"ListItem\",\"position\":1,\"name\":\"Portada\",\"item\":\"https:\\\/\\\/mastorrencito.com\\\/\"},{\"@type\":\"ListItem\",\"position\":2,\"name\":\"El Misteri de les Olors i les Aparicions a Mas Torrencito (2a part)\"}]},{\"@type\":\"WebSite\",\"@id\":\"https:\\\/\\\/mastorrencito.com\\\/#website\",\"url\":\"https:\\\/\\\/mastorrencito.com\\\/\",\"name\":\"Mas Torrencito CAT\",\"description\":\"Casa rural pet friendly en Girona\",\"publisher\":{\"@id\":\"https:\\\/\\\/mastorrencito.com\\\/#organization\"},\"potentialAction\":[{\"@type\":\"SearchAction\",\"target\":{\"@type\":\"EntryPoint\",\"urlTemplate\":\"https:\\\/\\\/mastorrencito.com\\\/?s={search_term_string}\"},\"query-input\":{\"@type\":\"PropertyValueSpecification\",\"valueRequired\":true,\"valueName\":\"search_term_string\"}}],\"inLanguage\":\"es\"},{\"@type\":\"Organization\",\"@id\":\"https:\\\/\\\/mastorrencito.com\\\/#organization\",\"name\":\"Mas Torrencito CAT\",\"url\":\"https:\\\/\\\/mastorrencito.com\\\/\",\"logo\":{\"@type\":\"ImageObject\",\"inLanguage\":\"es\",\"@id\":\"https:\\\/\\\/mastorrencito.com\\\/#\\\/schema\\\/logo\\\/image\\\/\",\"url\":\"https:\\\/\\\/mastorrencito.com\\\/cat\\\/wp-content\\\/uploads\\\/sites\\\/3\\\/Logo-Mastorrencito-horizontal.webp\",\"contentUrl\":\"https:\\\/\\\/mastorrencito.com\\\/cat\\\/wp-content\\\/uploads\\\/sites\\\/3\\\/Logo-Mastorrencito-horizontal.webp\",\"width\":161,\"height\":54,\"caption\":\"Mas Torrencito CAT\"},\"image\":{\"@id\":\"https:\\\/\\\/mastorrencito.com\\\/#\\\/schema\\\/logo\\\/image\\\/\"}},{\"@type\":\"Person\",\"@id\":\"https:\\\/\\\/mastorrencito.com\\\/#\\\/schema\\\/person\\\/18c619be80d4ae2667c702911625f790\",\"name\":\"Mastorrencito\",\"image\":{\"@type\":\"ImageObject\",\"inLanguage\":\"es\",\"@id\":\"https:\\\/\\\/secure.gravatar.com\\\/avatar\\\/3ef55e0519f987a734c21caee1423b51df7b760b7d81a38ecd31cab0a5115f6d?s=96&d=mm&r=g\",\"url\":\"https:\\\/\\\/secure.gravatar.com\\\/avatar\\\/3ef55e0519f987a734c21caee1423b51df7b760b7d81a38ecd31cab0a5115f6d?s=96&d=mm&r=g\",\"contentUrl\":\"https:\\\/\\\/secure.gravatar.com\\\/avatar\\\/3ef55e0519f987a734c21caee1423b51df7b760b7d81a38ecd31cab0a5115f6d?s=96&d=mm&r=g\",\"caption\":\"Mastorrencito\"},\"url\":\"https:\\\/\\\/mastorrencito.com\\\/cat\\\/author\\\/mastorrencito\\\/\"}]}<\/script>\n<!-- \/ Yoast SEO Premium plugin. -->","yoast_head_json":{"title":"Les misterioses olors i sorolls a Mas Torrencito 2a part","description":"Continueu aquest apassionant relat d'uns sorolls i olors en una nit d'hivern a Mas Torrencito. i ara... Petjades","robots":{"index":"index","follow":"follow","max-snippet":"max-snippet:-1","max-image-preview":"max-image-preview:large","max-video-preview":"max-video-preview:-1"},"canonical":"https:\/\/mastorrencito.com\/cat\/el-misteri-de-les-olors-i-les-aparicions-a-mas-torrencito-2a-part\/","og_locale":"es_ES","og_type":"article","og_title":"El Misteri de les Olors i les Aparicions a Mas Torrencito (2a part)","og_description":"Continueu aquest apassionant relat d'uns sorolls i olors en una nit d'hivern a Mas Torrencito. i ara... Petjades","og_url":"https:\/\/mastorrencito.com\/cat\/el-misteri-de-les-olors-i-les-aparicions-a-mas-torrencito-2a-part\/","og_site_name":"Mas Torrencito CAT","article_published_time":"2024-11-06T06:07:49+00:00","og_image":[{"width":1024,"height":1024,"url":"https:\/\/mastorrencito.com\/cat\/wp-content\/uploads\/sites\/3\/lashuellas.jpg","type":"image\/jpeg"}],"author":"Mastorrencito","twitter_card":"summary_large_image","twitter_misc":{"Escrito por":"Mastorrencito","Tiempo de lectura":"8 minutos"},"schema":{"@context":"https:\/\/schema.org","@graph":[{"@type":"Article","@id":"https:\/\/mastorrencito.com\/cat\/el-misteri-de-les-olors-i-les-aparicions-a-mas-torrencito-2a-part\/#article","isPartOf":{"@id":"https:\/\/mastorrencito.com\/cat\/el-misteri-de-les-olors-i-les-aparicions-a-mas-torrencito-2a-part\/"},"author":{"name":"Mastorrencito","@id":"https:\/\/mastorrencito.com\/#\/schema\/person\/18c619be80d4ae2667c702911625f790"},"headline":"El Misteri de les Olors i les Aparicions a Mas Torrencito (2a part)","datePublished":"2024-11-06T06:07:49+00:00","mainEntityOfPage":{"@id":"https:\/\/mastorrencito.com\/cat\/el-misteri-de-les-olors-i-les-aparicions-a-mas-torrencito-2a-part\/"},"wordCount":1417,"commentCount":0,"publisher":{"@id":"https:\/\/mastorrencito.com\/#organization"},"image":{"@id":"https:\/\/mastorrencito.com\/cat\/el-misteri-de-les-olors-i-les-aparicions-a-mas-torrencito-2a-part\/#primaryimage"},"thumbnailUrl":"https:\/\/mastorrencito.com\/cat\/wp-content\/uploads\/sites\/3\/lashuellas.jpg","keywords":["turismecostabrava","turismeruralambgossos","turismoconmascotas","viatjar amb gossos"],"articleSection":["Hist\u00f2ries Mastorrencito"],"inLanguage":"es","potentialAction":[{"@type":"CommentAction","name":"Comment","target":["https:\/\/mastorrencito.com\/cat\/el-misteri-de-les-olors-i-les-aparicions-a-mas-torrencito-2a-part\/#respond"]}]},{"@type":"WebPage","@id":"https:\/\/mastorrencito.com\/cat\/el-misteri-de-les-olors-i-les-aparicions-a-mas-torrencito-2a-part\/","url":"https:\/\/mastorrencito.com\/cat\/el-misteri-de-les-olors-i-les-aparicions-a-mas-torrencito-2a-part\/","name":"Les misterioses olors i sorolls a Mas Torrencito 2a part","isPartOf":{"@id":"https:\/\/mastorrencito.com\/#website"},"primaryImageOfPage":{"@id":"https:\/\/mastorrencito.com\/cat\/el-misteri-de-les-olors-i-les-aparicions-a-mas-torrencito-2a-part\/#primaryimage"},"image":{"@id":"https:\/\/mastorrencito.com\/cat\/el-misteri-de-les-olors-i-les-aparicions-a-mas-torrencito-2a-part\/#primaryimage"},"thumbnailUrl":"https:\/\/mastorrencito.com\/cat\/wp-content\/uploads\/sites\/3\/lashuellas.jpg","datePublished":"2024-11-06T06:07:49+00:00","description":"Continueu aquest apassionant relat d'uns sorolls i olors en una nit d'hivern a Mas Torrencito. i ara... Petjades","breadcrumb":{"@id":"https:\/\/mastorrencito.com\/cat\/el-misteri-de-les-olors-i-les-aparicions-a-mas-torrencito-2a-part\/#breadcrumb"},"inLanguage":"es","potentialAction":[{"@type":"ReadAction","target":["https:\/\/mastorrencito.com\/cat\/el-misteri-de-les-olors-i-les-aparicions-a-mas-torrencito-2a-part\/"]}]},{"@type":"ImageObject","inLanguage":"es","@id":"https:\/\/mastorrencito.com\/cat\/el-misteri-de-les-olors-i-les-aparicions-a-mas-torrencito-2a-part\/#primaryimage","url":"https:\/\/mastorrencito.com\/cat\/wp-content\/uploads\/sites\/3\/lashuellas.jpg","contentUrl":"https:\/\/mastorrencito.com\/cat\/wp-content\/uploads\/sites\/3\/lashuellas.jpg","width":1024,"height":1024},{"@type":"BreadcrumbList","@id":"https:\/\/mastorrencito.com\/cat\/el-misteri-de-les-olors-i-les-aparicions-a-mas-torrencito-2a-part\/#breadcrumb","itemListElement":[{"@type":"ListItem","position":1,"name":"Portada","item":"https:\/\/mastorrencito.com\/"},{"@type":"ListItem","position":2,"name":"El Misteri de les Olors i les Aparicions a Mas Torrencito (2a part)"}]},{"@type":"WebSite","@id":"https:\/\/mastorrencito.com\/#website","url":"https:\/\/mastorrencito.com\/","name":"Mas Torrencito CAT","description":"Casa rural pet friendly en Girona","publisher":{"@id":"https:\/\/mastorrencito.com\/#organization"},"potentialAction":[{"@type":"SearchAction","target":{"@type":"EntryPoint","urlTemplate":"https:\/\/mastorrencito.com\/?s={search_term_string}"},"query-input":{"@type":"PropertyValueSpecification","valueRequired":true,"valueName":"search_term_string"}}],"inLanguage":"es"},{"@type":"Organization","@id":"https:\/\/mastorrencito.com\/#organization","name":"Mas Torrencito CAT","url":"https:\/\/mastorrencito.com\/","logo":{"@type":"ImageObject","inLanguage":"es","@id":"https:\/\/mastorrencito.com\/#\/schema\/logo\/image\/","url":"https:\/\/mastorrencito.com\/cat\/wp-content\/uploads\/sites\/3\/Logo-Mastorrencito-horizontal.webp","contentUrl":"https:\/\/mastorrencito.com\/cat\/wp-content\/uploads\/sites\/3\/Logo-Mastorrencito-horizontal.webp","width":161,"height":54,"caption":"Mas Torrencito CAT"},"image":{"@id":"https:\/\/mastorrencito.com\/#\/schema\/logo\/image\/"}},{"@type":"Person","@id":"https:\/\/mastorrencito.com\/#\/schema\/person\/18c619be80d4ae2667c702911625f790","name":"Mastorrencito","image":{"@type":"ImageObject","inLanguage":"es","@id":"https:\/\/secure.gravatar.com\/avatar\/3ef55e0519f987a734c21caee1423b51df7b760b7d81a38ecd31cab0a5115f6d?s=96&d=mm&r=g","url":"https:\/\/secure.gravatar.com\/avatar\/3ef55e0519f987a734c21caee1423b51df7b760b7d81a38ecd31cab0a5115f6d?s=96&d=mm&r=g","contentUrl":"https:\/\/secure.gravatar.com\/avatar\/3ef55e0519f987a734c21caee1423b51df7b760b7d81a38ecd31cab0a5115f6d?s=96&d=mm&r=g","caption":"Mastorrencito"},"url":"https:\/\/mastorrencito.com\/cat\/author\/mastorrencito\/"}]}},"acf":[],"_links":{"self":[{"href":"https:\/\/mastorrencito.com\/cat\/wp-json\/wp\/v2\/posts\/4703","targetHints":{"allow":["GET"]}}],"collection":[{"href":"https:\/\/mastorrencito.com\/cat\/wp-json\/wp\/v2\/posts"}],"about":[{"href":"https:\/\/mastorrencito.com\/cat\/wp-json\/wp\/v2\/types\/post"}],"author":[{"embeddable":true,"href":"https:\/\/mastorrencito.com\/cat\/wp-json\/wp\/v2\/users\/2"}],"replies":[{"embeddable":true,"href":"https:\/\/mastorrencito.com\/cat\/wp-json\/wp\/v2\/comments?post=4703"}],"version-history":[{"count":0,"href":"https:\/\/mastorrencito.com\/cat\/wp-json\/wp\/v2\/posts\/4703\/revisions"}],"wp:featuredmedia":[{"embeddable":true,"href":"https:\/\/mastorrencito.com\/cat\/wp-json\/wp\/v2\/media\/4779"}],"wp:attachment":[{"href":"https:\/\/mastorrencito.com\/cat\/wp-json\/wp\/v2\/media?parent=4703"}],"wp:term":[{"taxonomy":"category","embeddable":true,"href":"https:\/\/mastorrencito.com\/cat\/wp-json\/wp\/v2\/categories?post=4703"},{"taxonomy":"post_tag","embeddable":true,"href":"https:\/\/mastorrencito.com\/cat\/wp-json\/wp\/v2\/tags?post=4703"}],"curies":[{"name":"wp","href":"https:\/\/api.w.org\/{rel}","templated":true}]}}