{"id":4701,"date":"2024-11-09T06:45:16","date_gmt":"2024-11-09T06:45:16","guid":{"rendered":"https:\/\/casaruralconperrosgirona.com\/aprenent-a-gaudir-de-mas-torrencito\/"},"modified":"2024-11-09T06:45:16","modified_gmt":"2024-11-09T06:45:16","slug":"aprenent-a-gaudir-de-mas-torrencito","status":"publish","type":"post","link":"https:\/\/mastorrencito.com\/cat\/aprenent-a-gaudir-de-mas-torrencito\/","title":{"rendered":"Aprenent a gaudir de Mas Torrencito"},"content":{"rendered":"\n<hr class=\"wp-block-separator has-alpha-channel-opacity\" \/>\n\n<p>Tot just arribar, Francesc i Dolors desprenien una calma especial que ens va contagiar a tots, fins i tot als gossos, que solen estar en alerta quan arriba alg\u00fa nou. Aprenent a gaudir de Mas Torrencito <\/p>\n\n<p>No obstant, aquesta vegada va ser diferent. Tot just van veure els nostres visitants, es van anar corrent fins al p\u00e0rquing i els van esperar, asseguts i tranquils, com si sabessin que estaven davant d&#8217;amics de tota la vida. <\/p>\n\n<p>Van baixar a la terrassa, i venien acompanyats dels seus dos gossos, una parella de Pastors Catalans o Gossos d&#8217;Atura, com els anomenen a la seva terra. Aquests eren gossos adorables, simp\u00e0tics, i transmetien una bondat enorme. En acostar-se, els seus gossos no van trigar a sumar-se a la festa. All\u00ed est\u00e0vem, i la benvinguda va ser immediata: salts, lametons i moviments de cua que semblaven un concert de felicitat.   <\/p>\n\n<p>Quan es van acomodar, els gossos, com sempre, van comen\u00e7ar a fer de les seves. La Mamas, la meva gossa m\u00e9s mimosa, es va acostar immediatament, amb la mirada fixa a la Dolors, com si li estigu\u00e9s demanant alguna cosa. La Dolors la va acariciar i, entre rialles, li va dir:  <\/p>\n\n<p>\u2014Qu\u00e8 vols, preciosa? Una txutxa? \u2014i en un segon en va treure una de la bossa.  <\/p>\n\n<p>La Mamas, com si entengu\u00e9s perfectament, movia la cua, feli\u00e7, i se la va menjar sense perdre detall. El Masto, per altra banda, estava especialment interessat en Francesc i va comen\u00e7ar a gratar-li la cama suaument, demanant atenci\u00f3. Francesc va somriure i, ajupint-se, li va gratar darrere de les orelles, a la qual cosa el Masto va reaccionar tirant-se d&#8217;esquena, de cap per avall.  <\/p>\n\n<p>\u2014Vaja, crec que m&#8217;he guanyat un amic! \u2014va dir en Francesc entre rialles, mentre seguia acariciant Masto. <\/p>\n\n<p>Els gossos semblaven estar al seu propi parad\u00eds; alguns, com Maky i Mastitwo, es van dedicar a anar i venir entre els hostes, mentre altres es llan\u00e7aven a buscar pedres perqu\u00e8 se les llancessin, o s&#8217;acostaven a demanar llaminadures com si sabessin que Francesc i Dolors portaven alguna cosa especial. Al cap d&#8217;una estona, Francesc em va mirar divertit i va comentar: <\/p>\n<figure class=\"wp-block-post-featured-image\"><img fetchpriority=\"high\" decoding=\"async\" width=\"1792\" height=\"1024\" src=\"https:\/\/mastorrencito.com\/cat\/wp-content\/uploads\/sites\/3\/cervezasybuenrollo.jpg\" class=\"attachment-post-thumbnail size-post-thumbnail wp-post-image\" alt=\"Cervezas y buenos amigos en Mas Torrencito\" style=\"object-fit:cover;\" srcset=\"https:\/\/mastorrencito.com\/cat\/wp-content\/uploads\/sites\/3\/cervezasybuenrollo.jpg 1792w, https:\/\/mastorrencito.com\/cat\/wp-content\/uploads\/sites\/3\/cervezasybuenrollo-300x171.jpg 300w, https:\/\/mastorrencito.com\/cat\/wp-content\/uploads\/sites\/3\/cervezasybuenrollo-1024x585.jpg 1024w, https:\/\/mastorrencito.com\/cat\/wp-content\/uploads\/sites\/3\/cervezasybuenrollo-768x439.jpg 768w, https:\/\/mastorrencito.com\/cat\/wp-content\/uploads\/sites\/3\/cervezasybuenrollo-1536x878.jpg 1536w\" sizes=\"(max-width: 1792px) 100vw, 1792px\" \/><\/figure>\n<p>\u2014Miguel, aquests nois saben qu\u00e8 volen. No s\u00e9 quantes vegades he llan\u00e7at aquesta pedra ja \u2014deia rient, mentre el Maky tornava una vegada i una altra, deixant-li la pedra als peus. <\/p>\n\n<p>Ens dirigim llavors a fer el recorregut pel lloc, ensenyant-los cada rac\u00f3. Els vaig mostrar el bar, el chillout, els salons comuns i el menjador, i ells semblaven m\u00e9s encantats a cada pas. <\/p>\n\n<p>\u2014Aix\u00f2 \u00e9s preci\u00f3s \u2014comentava la Dolors a cada sala\u2014, no es podria imaginar un lloc millor! \u2014deia mentre acariciava la Mamas, que la seguia com si fos la seva ombra. <\/p>\n\n<p>Finalment, vam arribar a l&#8217;habitaci\u00f3, i els nostres gossos i els nostres van entrar com si fos el seu propi espai. En Francesc i la Dolors van mirar al seu voltant i van sospirar. <\/p>\n\n<p>\u2014Que bonic&#8230; Aix\u00f2 \u00e9s el parad\u00eds \u2014va dir la Dolors, emocionada.<\/p>\n\n<p>Jo, sempre preocupat pels l\u00edmits i els costums, vaig intentar que els meus gossos sortissin:<\/p>\n\n<p>\u2014Masto, Maky, Mamas\u2026 fora, fora de l&#8217;habitaci\u00f3, si us plau \u2014vaig dir intentant ordenar una mica.<\/p>\n\n<p>\u2014No, no! \u2014van exclamar a l&#8217;un\u00edson Francesc i Dolors\u2014. Deixa&#8217;ls, si us plau. No ens molesta, ens encanta. \u00c9s m\u00e9s, que es quedin!    <\/p>\n\n<h4 class=\"wp-block-heading\">les coses petites. Aprenent a gaudir de Mas Torrencito <\/h4>\n\n<p>I s&#8217;hi van quedar. Sis gossos, entre els seus i els nostres, jugant com si tots fossin una gran fam\u00edlia. No va passar gaire temps fins que van tornar a la terrassa, on est\u00e0vem reunits amb un grup d&#8217;amics. A la taula est\u00e0vem la Mireia, el Ramon i la Blanca, que s\u00f3n cecs, el Jordi i la Yolanda, de Volovi d&#8217;Onya, i tamb\u00e9 la Isa, el Vicent i jo. Es respirava un ambient de confian\u00e7a i companyonia que nom\u00e9s aquests llocs especials i certs tipus de persones poden generar.    <\/p>\n\n<p>El Francesc i la Dolors, amb la mateixa naturalitat, ens van preguntar:<\/p>\n\n<p>\u2014Ens podem asseure aqu\u00ed?<\/p>\n\n<p>\u2014\u00c9s clar, aqu\u00ed hi cabem tots \u2014els vaig respondre.<\/p>\n\n<p>Ja tots acomodats, la Mireia va portar unes cerveses i uns xips per a la taula, i el Francesc, mirant al voltant, no va poder evitar somriure.<\/p>\n\n<p>\u2014\u00a1 Aix\u00f2 s\u00ed que \u00e9s el parad\u00eds! <\/p>\n\n<p>Ramon, rient, va afegir:<\/p>\n\n<p>\u2014B\u00e9, \u00e9s el parad\u00eds gos!<\/p>\n\n<p>\u2014Doncs aix\u00f2 \u2014va contestar en Francesc entre riallades\u2014, el parad\u00eds gos i cerveser!<\/p>\n\n<p>Tots riem a riallades, brindant amb les cerveses que ten\u00edem a la m\u00e0. Els gossos, com si entenguessin la nostra alegria, corrien d&#8217;una banda a l&#8217;altra i ens miraven, esperant amb impaci\u00e8ncia que alg\u00fa els llanc\u00e9s alguna pedra o els don\u00e9s alguna altra llepa. La Mamas, sempre atenta, no s&#8217;enlairava de Dolors, i Mastitwo va acostar la seva pota a Francesc en un gest gaireb\u00e9 solemne.  <\/p>\n\n<p>En Francesc, entre una xerrada i una altra, em va preguntar:<\/p>\n\n<p>\u2014Miguel, com se&#8217;t va acudir muntar aquest parad\u00eds?<\/p>\n\n<p>Vaig agafar un glop de cervesa, vaig mirar els gossos que s&#8217;acomodaven al nostre voltant i vaig somriure.<\/p>\n\n<p>\u2014La veritat \u00e9s que Mas Torrencito ha anat sorgint de poc. Va comen\u00e7ar amb la idea que nom\u00e9s persones amb gossos, o que estimessin els gossos, fossin els nostres hostes. Sabia que podia ser dif\u00edcil, per\u00f2 volia que fos un espai on tant ells com les seves mascotes se sentissin lliures ia gust, sense les restriccions t\u00edpiques que hi sol haver a molts llocs.  <\/p>\n\n<p>Dolors, acariciant Mamas, va assentir amb un somriure i va comentar:<\/p>\n\n<p>\u2014Aix\u00f2 limita una mica, oi?<\/p>\n\n<p>\u2014S\u00ed, \u00e9s clar, per\u00f2 per mi val la pena. La gent que estima els gossos o els respecta t\u00e9 alguna cosa especial, i aqu\u00ed hem creat com una petita comunitat amb aquesta mateixa filosofia. <\/p>\n\n<p>Francesc va assentir, va mirar els gossos que ja estaven completament integrats i va dir:<\/p>\n\n<p>\u2014Tens ra\u00f3, Miguel. La gent que t\u00e9 gossos\u2026 \u00e9s millor.  <\/p>\n\n<p>En aquell moment, em vaig aixecar per servir una altra cervesa i, des del tirador, vaig observar l&#8217;escena. All\u00ed estaven, humans i gossos, reunits, rient, compartint acudits, hist\u00f2ries i experi\u00e8ncies de vida. Semblaven una fam\u00edlia, com si haguessin arribat tots junts i estiguessin units des de sempre. La pau que transmetia aquest grup era aclaparadora, i no vaig poder evitar sentir una gratitud profunda per aquells moments de connexi\u00f3.   <\/p>\n\n<p>Al final de la nit, Francesc, aixecant el seu got, va fer un darrer brindis:<\/p>\n\n<p>\u2014Pels amics, pels gossos i per Mas Torrencito, el parad\u00eds gos.<\/p>\n\n<p>Tots alcem les copes i brindem entre rialles i lladrucs de joia.  <br \/><br \/>Aquella nit va quedar gravada en mi, no com una simple an\u00e8cdota, sin\u00f3 com un recordatori que la felicitat es troba en els detalls m\u00e9s petits, en una xerrada sense presses, en el so de les potes sobre el terra, al riure compartit i en la tranquil\u00b7litat de saber que estem envoltats dels qui valoren les mateixes coses. Perqu\u00e8, al final, ser feli\u00e7 \u00e9s aix\u00f2: permetre&#8217;s gaudir de la calma, de la companyia i del present, sense preocupar-se dem\u00e0. I a Mas Torrencito, aquella nit, tots, gossos i persones, trobem una mica d&#8217;aquell parad\u00eds que tots mereixem  <\/p>\n\n<h3 class=\"wp-block-heading\"><strong>Reflexi\u00f3 Personal<\/strong><\/h3>\n\n<hr class=\"wp-block-separator has-alpha-channel-opacity\" \/>\n\n<p>Avui \u00e9s dissabte, 9 de novembre. Hauria de ser un cap de setmana amb la casa plena, per\u00f2 aqu\u00ed s\u00f3c, en un cap de setmana amb la casa mig buida. No s\u00e9 si en una estona hi arribar\u00e0 alguna reserva. Potser s\u00ed, potser no. El meu compte al banc t\u00e9 m\u00e9s n\u00fameros vermells dels que voldria pensar\u2026 Suposo que \u00e9s una d&#8217;aquelles \u00e8poques en qu\u00e8 tot prem. S\u00e9 que en sortirem, com tantes altres vegades, per\u00f2 confesso que fa por. Estar revisant el compte del banc cada dia a les cinc del mat\u00ed i preguntar-me si podr\u00e9 fer front als pagaments\u2026 \u00e9s angoixant.      <\/p>\n\n<p>I, enmig d&#8217;aquests pensaments, em dic: \u201cB\u00e9, Miguelito, no et queixis&#8230; podria ser pitjor.\u201d Me&#8217;n recordo de Val\u00e8ncia, i llavors, m&#8217;arriba un xut d&#8217;adrenalina! Em desperta el cap, i comen\u00e7o a pensar qu\u00e8 podria fer per generar m\u00e9s ingressos. I, de sobte, clic! Se m&#8217;acaba de passar una idea. No s\u00e9 si ser\u00e0 bona o dolenta, per\u00f2 ja em direu vosaltres. El que s\u00ed que s\u00e9 \u00e9s que us agradar\u00e0. Us encantar\u00e0 fer aquest regal.       <\/p>\n\n<p>Us prometo que la setmana que ve ho tindr\u00e9 preparat, i veurem si funciona\u2026 esperem que s\u00ed. <strong>Jo confio en vosaltres<\/strong> . Jajajajaja! <\/p>\n\n<blockquote class=\"wp-block-quote is-layout-flow wp-block-quote-is-layout-flow\">\n<p>Des de Mas Torrencito us desitgem un FELI\u00c7 DIJOUS!!! i que els vostres gossos us acompanyi!!!!<\/p>\n<\/blockquote>\n\n<p>\u2014\u2013<br \/> Si vols, podeu veure els nostres <strong>bons per caps de setmana, bons jubilats<\/strong> , a un preu incre\u00efble..entra a <a href=\"https:\/\/www.mastorrencito.com\/\">www.mastorrencito.com<\/a> o si vols podeu llegir m\u00e9s hist\u00f2ria i an\u00e8cdotes que ens han passat a Mas Torrencito\u2026 Fes click <a href=\"https:\/\/mastorrencito.com\/es\/\">aqu\u00ed<\/a> :<\/p>\n\n<p><\/p>\n","protected":false},"excerpt":{"rendered":"<p>Tot just arribar, Francesc i Dolors desprenien una calma especial que ens va contagiar a tots, fins i tot als gossos, que solen estar en alerta quan arriba alg\u00fa nou. Aprenent a gaudir de Mas Torrencito No obstant, aquesta vegada va ser diferent. Tot just van veure els nostres visitants, es van anar corrent fins [&hellip;]<\/p>\n","protected":false},"author":2,"featured_media":4783,"comment_status":"open","ping_status":"open","sticky":false,"template":"","format":"standard","meta":{"_acf_changed":false,"footnotes":""},"categories":[35],"tags":[55,57,42,56],"class_list":["post-4701","post","type-post","status-publish","format-standard","has-post-thumbnail","hentry","category-histories-mastorrencito","tag-turismecostabrava","tag-turismeruralambgossos-3","tag-turismoconmascotas","tag-viatjar-amb-gossos"],"yoast_head":"<!-- This site is optimized with the Yoast SEO Premium plugin v27.3 (Yoast SEO v27.5) - https:\/\/yoast.com\/product\/yoast-seo-premium-wordpress\/ -->\n<title>Aprenent a gaudir de Mas Torrencito - Mas Torrencito CAT<\/title>\n<meta name=\"description\" content=\"Descobriu la m\u00e0gia d&#039;una tarda a Mas Torrencito, on amics, cerveses i gossos creen un ambient \u00fanic i ple de calidesa.\" \/>\n<meta name=\"robots\" content=\"index, follow, max-snippet:-1, max-image-preview:large, max-video-preview:-1\" \/>\n<link rel=\"canonical\" href=\"https:\/\/mastorrencito.com\/cat\/aprenent-a-gaudir-de-mas-torrencito\/\" \/>\n<meta property=\"og:locale\" content=\"es_ES\" \/>\n<meta property=\"og:type\" content=\"article\" \/>\n<meta property=\"og:title\" content=\"Aprenent a gaudir de Mas Torrencito\" \/>\n<meta property=\"og:description\" content=\"Descobriu la m\u00e0gia d&#039;una tarda a Mas Torrencito, on amics, cerveses i gossos creen un ambient \u00fanic i ple de calidesa.\" \/>\n<meta property=\"og:url\" content=\"https:\/\/mastorrencito.com\/cat\/aprenent-a-gaudir-de-mas-torrencito\/\" \/>\n<meta property=\"og:site_name\" content=\"Mas Torrencito CAT\" \/>\n<meta property=\"article:published_time\" content=\"2024-11-09T06:45:16+00:00\" \/>\n<meta property=\"og:image\" content=\"https:\/\/mastorrencito.com\/cat\/wp-content\/uploads\/sites\/3\/cervezasybuenrollo.jpg\" \/>\n\t<meta property=\"og:image:width\" content=\"1792\" \/>\n\t<meta property=\"og:image:height\" content=\"1024\" \/>\n\t<meta property=\"og:image:type\" content=\"image\/jpeg\" \/>\n<meta name=\"author\" content=\"Mastorrencito\" \/>\n<meta name=\"twitter:card\" content=\"summary_large_image\" \/>\n<meta name=\"twitter:label1\" content=\"Escrito por\" \/>\n\t<meta name=\"twitter:data1\" content=\"Mastorrencito\" \/>\n\t<meta name=\"twitter:label2\" content=\"Tiempo de lectura\" \/>\n\t<meta name=\"twitter:data2\" content=\"8 minutos\" \/>\n<script type=\"application\/ld+json\" class=\"yoast-schema-graph\">{\"@context\":\"https:\\\/\\\/schema.org\",\"@graph\":[{\"@type\":\"Article\",\"@id\":\"https:\\\/\\\/mastorrencito.com\\\/cat\\\/aprenent-a-gaudir-de-mas-torrencito\\\/#article\",\"isPartOf\":{\"@id\":\"https:\\\/\\\/mastorrencito.com\\\/cat\\\/aprenent-a-gaudir-de-mas-torrencito\\\/\"},\"author\":{\"name\":\"Mastorrencito\",\"@id\":\"https:\\\/\\\/mastorrencito.com\\\/#\\\/schema\\\/person\\\/18c619be80d4ae2667c702911625f790\"},\"headline\":\"Aprenent a gaudir de Mas Torrencito\",\"datePublished\":\"2024-11-09T06:45:16+00:00\",\"mainEntityOfPage\":{\"@id\":\"https:\\\/\\\/mastorrencito.com\\\/cat\\\/aprenent-a-gaudir-de-mas-torrencito\\\/\"},\"wordCount\":1516,\"commentCount\":0,\"publisher\":{\"@id\":\"https:\\\/\\\/mastorrencito.com\\\/#organization\"},\"image\":{\"@id\":\"https:\\\/\\\/mastorrencito.com\\\/cat\\\/aprenent-a-gaudir-de-mas-torrencito\\\/#primaryimage\"},\"thumbnailUrl\":\"https:\\\/\\\/mastorrencito.com\\\/cat\\\/wp-content\\\/uploads\\\/sites\\\/3\\\/cervezasybuenrollo.jpg\",\"keywords\":[\"turismecostabrava\",\"turismeruralambgossos\",\"turismoconmascotas\",\"viatjar amb gossos\"],\"articleSection\":[\"Hist\u00f2ries Mastorrencito\"],\"inLanguage\":\"es\",\"potentialAction\":[{\"@type\":\"CommentAction\",\"name\":\"Comment\",\"target\":[\"https:\\\/\\\/mastorrencito.com\\\/cat\\\/aprenent-a-gaudir-de-mas-torrencito\\\/#respond\"]}]},{\"@type\":\"WebPage\",\"@id\":\"https:\\\/\\\/mastorrencito.com\\\/cat\\\/aprenent-a-gaudir-de-mas-torrencito\\\/\",\"url\":\"https:\\\/\\\/mastorrencito.com\\\/cat\\\/aprenent-a-gaudir-de-mas-torrencito\\\/\",\"name\":\"Aprenent a gaudir de Mas Torrencito - Mas Torrencito CAT\",\"isPartOf\":{\"@id\":\"https:\\\/\\\/mastorrencito.com\\\/#website\"},\"primaryImageOfPage\":{\"@id\":\"https:\\\/\\\/mastorrencito.com\\\/cat\\\/aprenent-a-gaudir-de-mas-torrencito\\\/#primaryimage\"},\"image\":{\"@id\":\"https:\\\/\\\/mastorrencito.com\\\/cat\\\/aprenent-a-gaudir-de-mas-torrencito\\\/#primaryimage\"},\"thumbnailUrl\":\"https:\\\/\\\/mastorrencito.com\\\/cat\\\/wp-content\\\/uploads\\\/sites\\\/3\\\/cervezasybuenrollo.jpg\",\"datePublished\":\"2024-11-09T06:45:16+00:00\",\"description\":\"Descobriu la m\u00e0gia d'una tarda a Mas Torrencito, on amics, cerveses i gossos creen un ambient \u00fanic i ple de calidesa.\",\"breadcrumb\":{\"@id\":\"https:\\\/\\\/mastorrencito.com\\\/cat\\\/aprenent-a-gaudir-de-mas-torrencito\\\/#breadcrumb\"},\"inLanguage\":\"es\",\"potentialAction\":[{\"@type\":\"ReadAction\",\"target\":[\"https:\\\/\\\/mastorrencito.com\\\/cat\\\/aprenent-a-gaudir-de-mas-torrencito\\\/\"]}]},{\"@type\":\"ImageObject\",\"inLanguage\":\"es\",\"@id\":\"https:\\\/\\\/mastorrencito.com\\\/cat\\\/aprenent-a-gaudir-de-mas-torrencito\\\/#primaryimage\",\"url\":\"https:\\\/\\\/mastorrencito.com\\\/cat\\\/wp-content\\\/uploads\\\/sites\\\/3\\\/cervezasybuenrollo.jpg\",\"contentUrl\":\"https:\\\/\\\/mastorrencito.com\\\/cat\\\/wp-content\\\/uploads\\\/sites\\\/3\\\/cervezasybuenrollo.jpg\",\"width\":1792,\"height\":1024,\"caption\":\"Cervezas y buenos amigos en Mas Torrencito\"},{\"@type\":\"BreadcrumbList\",\"@id\":\"https:\\\/\\\/mastorrencito.com\\\/cat\\\/aprenent-a-gaudir-de-mas-torrencito\\\/#breadcrumb\",\"itemListElement\":[{\"@type\":\"ListItem\",\"position\":1,\"name\":\"Portada\",\"item\":\"https:\\\/\\\/mastorrencito.com\\\/\"},{\"@type\":\"ListItem\",\"position\":2,\"name\":\"Aprenent a gaudir de Mas Torrencito\"}]},{\"@type\":\"WebSite\",\"@id\":\"https:\\\/\\\/mastorrencito.com\\\/#website\",\"url\":\"https:\\\/\\\/mastorrencito.com\\\/\",\"name\":\"Mas Torrencito CAT\",\"description\":\"Casa rural pet friendly en Girona\",\"publisher\":{\"@id\":\"https:\\\/\\\/mastorrencito.com\\\/#organization\"},\"potentialAction\":[{\"@type\":\"SearchAction\",\"target\":{\"@type\":\"EntryPoint\",\"urlTemplate\":\"https:\\\/\\\/mastorrencito.com\\\/?s={search_term_string}\"},\"query-input\":{\"@type\":\"PropertyValueSpecification\",\"valueRequired\":true,\"valueName\":\"search_term_string\"}}],\"inLanguage\":\"es\"},{\"@type\":\"Organization\",\"@id\":\"https:\\\/\\\/mastorrencito.com\\\/#organization\",\"name\":\"Mas Torrencito CAT\",\"url\":\"https:\\\/\\\/mastorrencito.com\\\/\",\"logo\":{\"@type\":\"ImageObject\",\"inLanguage\":\"es\",\"@id\":\"https:\\\/\\\/mastorrencito.com\\\/#\\\/schema\\\/logo\\\/image\\\/\",\"url\":\"https:\\\/\\\/mastorrencito.com\\\/cat\\\/wp-content\\\/uploads\\\/sites\\\/3\\\/Logo-Mastorrencito-horizontal.webp\",\"contentUrl\":\"https:\\\/\\\/mastorrencito.com\\\/cat\\\/wp-content\\\/uploads\\\/sites\\\/3\\\/Logo-Mastorrencito-horizontal.webp\",\"width\":161,\"height\":54,\"caption\":\"Mas Torrencito CAT\"},\"image\":{\"@id\":\"https:\\\/\\\/mastorrencito.com\\\/#\\\/schema\\\/logo\\\/image\\\/\"}},{\"@type\":\"Person\",\"@id\":\"https:\\\/\\\/mastorrencito.com\\\/#\\\/schema\\\/person\\\/18c619be80d4ae2667c702911625f790\",\"name\":\"Mastorrencito\",\"image\":{\"@type\":\"ImageObject\",\"inLanguage\":\"es\",\"@id\":\"https:\\\/\\\/secure.gravatar.com\\\/avatar\\\/3ef55e0519f987a734c21caee1423b51df7b760b7d81a38ecd31cab0a5115f6d?s=96&d=mm&r=g\",\"url\":\"https:\\\/\\\/secure.gravatar.com\\\/avatar\\\/3ef55e0519f987a734c21caee1423b51df7b760b7d81a38ecd31cab0a5115f6d?s=96&d=mm&r=g\",\"contentUrl\":\"https:\\\/\\\/secure.gravatar.com\\\/avatar\\\/3ef55e0519f987a734c21caee1423b51df7b760b7d81a38ecd31cab0a5115f6d?s=96&d=mm&r=g\",\"caption\":\"Mastorrencito\"},\"url\":\"https:\\\/\\\/mastorrencito.com\\\/cat\\\/author\\\/mastorrencito\\\/\"}]}<\/script>\n<!-- \/ Yoast SEO Premium plugin. -->","yoast_head_json":{"title":"Aprenent a gaudir de Mas Torrencito - Mas Torrencito CAT","description":"Descobriu la m\u00e0gia d'una tarda a Mas Torrencito, on amics, cerveses i gossos creen un ambient \u00fanic i ple de calidesa.","robots":{"index":"index","follow":"follow","max-snippet":"max-snippet:-1","max-image-preview":"max-image-preview:large","max-video-preview":"max-video-preview:-1"},"canonical":"https:\/\/mastorrencito.com\/cat\/aprenent-a-gaudir-de-mas-torrencito\/","og_locale":"es_ES","og_type":"article","og_title":"Aprenent a gaudir de Mas Torrencito","og_description":"Descobriu la m\u00e0gia d'una tarda a Mas Torrencito, on amics, cerveses i gossos creen un ambient \u00fanic i ple de calidesa.","og_url":"https:\/\/mastorrencito.com\/cat\/aprenent-a-gaudir-de-mas-torrencito\/","og_site_name":"Mas Torrencito CAT","article_published_time":"2024-11-09T06:45:16+00:00","og_image":[{"width":1792,"height":1024,"url":"https:\/\/mastorrencito.com\/cat\/wp-content\/uploads\/sites\/3\/cervezasybuenrollo.jpg","type":"image\/jpeg"}],"author":"Mastorrencito","twitter_card":"summary_large_image","twitter_misc":{"Escrito por":"Mastorrencito","Tiempo de lectura":"8 minutos"},"schema":{"@context":"https:\/\/schema.org","@graph":[{"@type":"Article","@id":"https:\/\/mastorrencito.com\/cat\/aprenent-a-gaudir-de-mas-torrencito\/#article","isPartOf":{"@id":"https:\/\/mastorrencito.com\/cat\/aprenent-a-gaudir-de-mas-torrencito\/"},"author":{"name":"Mastorrencito","@id":"https:\/\/mastorrencito.com\/#\/schema\/person\/18c619be80d4ae2667c702911625f790"},"headline":"Aprenent a gaudir de Mas Torrencito","datePublished":"2024-11-09T06:45:16+00:00","mainEntityOfPage":{"@id":"https:\/\/mastorrencito.com\/cat\/aprenent-a-gaudir-de-mas-torrencito\/"},"wordCount":1516,"commentCount":0,"publisher":{"@id":"https:\/\/mastorrencito.com\/#organization"},"image":{"@id":"https:\/\/mastorrencito.com\/cat\/aprenent-a-gaudir-de-mas-torrencito\/#primaryimage"},"thumbnailUrl":"https:\/\/mastorrencito.com\/cat\/wp-content\/uploads\/sites\/3\/cervezasybuenrollo.jpg","keywords":["turismecostabrava","turismeruralambgossos","turismoconmascotas","viatjar amb gossos"],"articleSection":["Hist\u00f2ries Mastorrencito"],"inLanguage":"es","potentialAction":[{"@type":"CommentAction","name":"Comment","target":["https:\/\/mastorrencito.com\/cat\/aprenent-a-gaudir-de-mas-torrencito\/#respond"]}]},{"@type":"WebPage","@id":"https:\/\/mastorrencito.com\/cat\/aprenent-a-gaudir-de-mas-torrencito\/","url":"https:\/\/mastorrencito.com\/cat\/aprenent-a-gaudir-de-mas-torrencito\/","name":"Aprenent a gaudir de Mas Torrencito - Mas Torrencito CAT","isPartOf":{"@id":"https:\/\/mastorrencito.com\/#website"},"primaryImageOfPage":{"@id":"https:\/\/mastorrencito.com\/cat\/aprenent-a-gaudir-de-mas-torrencito\/#primaryimage"},"image":{"@id":"https:\/\/mastorrencito.com\/cat\/aprenent-a-gaudir-de-mas-torrencito\/#primaryimage"},"thumbnailUrl":"https:\/\/mastorrencito.com\/cat\/wp-content\/uploads\/sites\/3\/cervezasybuenrollo.jpg","datePublished":"2024-11-09T06:45:16+00:00","description":"Descobriu la m\u00e0gia d'una tarda a Mas Torrencito, on amics, cerveses i gossos creen un ambient \u00fanic i ple de calidesa.","breadcrumb":{"@id":"https:\/\/mastorrencito.com\/cat\/aprenent-a-gaudir-de-mas-torrencito\/#breadcrumb"},"inLanguage":"es","potentialAction":[{"@type":"ReadAction","target":["https:\/\/mastorrencito.com\/cat\/aprenent-a-gaudir-de-mas-torrencito\/"]}]},{"@type":"ImageObject","inLanguage":"es","@id":"https:\/\/mastorrencito.com\/cat\/aprenent-a-gaudir-de-mas-torrencito\/#primaryimage","url":"https:\/\/mastorrencito.com\/cat\/wp-content\/uploads\/sites\/3\/cervezasybuenrollo.jpg","contentUrl":"https:\/\/mastorrencito.com\/cat\/wp-content\/uploads\/sites\/3\/cervezasybuenrollo.jpg","width":1792,"height":1024,"caption":"Cervezas y buenos amigos en Mas Torrencito"},{"@type":"BreadcrumbList","@id":"https:\/\/mastorrencito.com\/cat\/aprenent-a-gaudir-de-mas-torrencito\/#breadcrumb","itemListElement":[{"@type":"ListItem","position":1,"name":"Portada","item":"https:\/\/mastorrencito.com\/"},{"@type":"ListItem","position":2,"name":"Aprenent a gaudir de Mas Torrencito"}]},{"@type":"WebSite","@id":"https:\/\/mastorrencito.com\/#website","url":"https:\/\/mastorrencito.com\/","name":"Mas Torrencito CAT","description":"Casa rural pet friendly en Girona","publisher":{"@id":"https:\/\/mastorrencito.com\/#organization"},"potentialAction":[{"@type":"SearchAction","target":{"@type":"EntryPoint","urlTemplate":"https:\/\/mastorrencito.com\/?s={search_term_string}"},"query-input":{"@type":"PropertyValueSpecification","valueRequired":true,"valueName":"search_term_string"}}],"inLanguage":"es"},{"@type":"Organization","@id":"https:\/\/mastorrencito.com\/#organization","name":"Mas Torrencito CAT","url":"https:\/\/mastorrencito.com\/","logo":{"@type":"ImageObject","inLanguage":"es","@id":"https:\/\/mastorrencito.com\/#\/schema\/logo\/image\/","url":"https:\/\/mastorrencito.com\/cat\/wp-content\/uploads\/sites\/3\/Logo-Mastorrencito-horizontal.webp","contentUrl":"https:\/\/mastorrencito.com\/cat\/wp-content\/uploads\/sites\/3\/Logo-Mastorrencito-horizontal.webp","width":161,"height":54,"caption":"Mas Torrencito CAT"},"image":{"@id":"https:\/\/mastorrencito.com\/#\/schema\/logo\/image\/"}},{"@type":"Person","@id":"https:\/\/mastorrencito.com\/#\/schema\/person\/18c619be80d4ae2667c702911625f790","name":"Mastorrencito","image":{"@type":"ImageObject","inLanguage":"es","@id":"https:\/\/secure.gravatar.com\/avatar\/3ef55e0519f987a734c21caee1423b51df7b760b7d81a38ecd31cab0a5115f6d?s=96&d=mm&r=g","url":"https:\/\/secure.gravatar.com\/avatar\/3ef55e0519f987a734c21caee1423b51df7b760b7d81a38ecd31cab0a5115f6d?s=96&d=mm&r=g","contentUrl":"https:\/\/secure.gravatar.com\/avatar\/3ef55e0519f987a734c21caee1423b51df7b760b7d81a38ecd31cab0a5115f6d?s=96&d=mm&r=g","caption":"Mastorrencito"},"url":"https:\/\/mastorrencito.com\/cat\/author\/mastorrencito\/"}]}},"acf":[],"_links":{"self":[{"href":"https:\/\/mastorrencito.com\/cat\/wp-json\/wp\/v2\/posts\/4701","targetHints":{"allow":["GET"]}}],"collection":[{"href":"https:\/\/mastorrencito.com\/cat\/wp-json\/wp\/v2\/posts"}],"about":[{"href":"https:\/\/mastorrencito.com\/cat\/wp-json\/wp\/v2\/types\/post"}],"author":[{"embeddable":true,"href":"https:\/\/mastorrencito.com\/cat\/wp-json\/wp\/v2\/users\/2"}],"replies":[{"embeddable":true,"href":"https:\/\/mastorrencito.com\/cat\/wp-json\/wp\/v2\/comments?post=4701"}],"version-history":[{"count":0,"href":"https:\/\/mastorrencito.com\/cat\/wp-json\/wp\/v2\/posts\/4701\/revisions"}],"wp:featuredmedia":[{"embeddable":true,"href":"https:\/\/mastorrencito.com\/cat\/wp-json\/wp\/v2\/media\/4783"}],"wp:attachment":[{"href":"https:\/\/mastorrencito.com\/cat\/wp-json\/wp\/v2\/media?parent=4701"}],"wp:term":[{"taxonomy":"category","embeddable":true,"href":"https:\/\/mastorrencito.com\/cat\/wp-json\/wp\/v2\/categories?post=4701"},{"taxonomy":"post_tag","embeddable":true,"href":"https:\/\/mastorrencito.com\/cat\/wp-json\/wp\/v2\/tags?post=4701"}],"curies":[{"name":"wp","href":"https:\/\/api.w.org\/{rel}","templated":true}]}}