{"id":4700,"date":"2024-11-08T06:06:24","date_gmt":"2024-11-08T06:06:24","guid":{"rendered":"https:\/\/casaruralconperrosgirona.com\/resistencia-a-la-foscor-reflexions\/"},"modified":"2024-11-08T06:06:24","modified_gmt":"2024-11-08T06:06:24","slug":"resistencia-a-la-foscor-reflexions","status":"publish","type":"post","link":"https:\/\/mastorrencito.com\/cat\/resistencia-a-la-foscor-reflexions\/","title":{"rendered":"Resist\u00e8ncia a la foscor: Reflexions."},"content":{"rendered":"\n<p>\u00c9s dif\u00edcil expressar la barreja de sentiments que tinc quan veig les not\u00edcies. Em sento estafat, tra\u00eft pels que se suposa que ens haurien de protegir. Resist\u00e8ncia a la foscor: Reflexions.  <\/p>\n\n<p>  Els miro, tan ben vestits, tan segurs de si mateixos, parlant des dels seus c\u00f2modes despatxos, i em pregunto si mai han hagut de passar una nit en vela pensant com pagaran la hipoteca o la factura seg\u00fcent. Em pregunto si han sentit el nus a l&#8217;est\u00f3mac, aquest pes al pit que apareix quan saps que ets a la vora de l&#8217;abisme i que nom\u00e9s et sostens per pura tossuderia. <\/p>\n<figure class=\"wp-block-post-featured-image\"><img fetchpriority=\"high\" decoding=\"async\" width=\"1024\" height=\"1024\" src=\"https:\/\/mastorrencito.com\/cat\/wp-content\/uploads\/sites\/3\/reflexion.jpg\" class=\"attachment-post-thumbnail size-post-thumbnail wp-post-image\" alt=\"\" style=\"object-fit:cover;\" srcset=\"https:\/\/mastorrencito.com\/cat\/wp-content\/uploads\/sites\/3\/reflexion.jpg 1024w, https:\/\/mastorrencito.com\/cat\/wp-content\/uploads\/sites\/3\/reflexion-300x300.jpg 300w, https:\/\/mastorrencito.com\/cat\/wp-content\/uploads\/sites\/3\/reflexion-150x150.jpg 150w, https:\/\/mastorrencito.com\/cat\/wp-content\/uploads\/sites\/3\/reflexion-768x768.jpg 768w\" sizes=\"(max-width: 1024px) 100vw, 1024px\" \/><\/figure>\n<p>Des que va passar aix\u00f2 de Val\u00e8ncia, he estat seguint de prop la situaci\u00f3. Veure les imatges d&#8217;aquestes persones, les cases destrossades, el dolor a les cares dels que ho han perdut tot\u2026 \u00c9s punyent. I la resposta? Una promesa de 6.000 euros. 6.000 miserables euros per a alg\u00fa que ha perdut tot el que tenia, que probablement encara deu 200.000 a la seva hipoteca i que no sap ni tan sols on dormir\u00e0 dem\u00e0. M&#8217;imagino una fam\u00edlia, un pare o una mare, veient aquesta xifra i adonant-se que no \u00e9s ni tan sols una gota a l&#8217;oce\u00e0 dels seus problemes. I qu\u00e8 poden fer? Empassar-se el dolor i seguir endavant, perqu\u00e8 la vida no d\u00f3na treva.       <\/p>\n\n<p>\u00c9s la mateixa hist\u00f2ria que vaig viure amb el COVID. Com molts, jo tenia un petit negoci, el meu projecte, la meva vida. Va arribar la pand\u00e8mia, i amb ella les promeses d&#8217;ajuda, les paraules boniques de \u00abno deixarem que ning\u00fa no caigui.\u00bb I jo m&#8217;ho vaig creure. Vaig demanar un pr\u00e9stec ICO a l&#8217;abril, pensant que n&#8217;hi hauria prou per salvar el negoci, per no haver d&#8217;acomiadar els meus empleats, per no tancar les portes d&#8217;un lloc que havia aixecat amb tant d&#8217;esfor\u00e7. Per\u00f2 quan va arribar el novembre, els n\u00fameros ja no quadraven, i vaig haver de demanar un altre pr\u00e9stec. I aqu\u00ed s\u00f3c, amb dos pr\u00e9stecs que pesen com una llosa sobre mi, esperant que arribi el 2027 per veure si, despr\u00e9s de tot aix\u00f2, encara tindr\u00e9 una cosa que valgui la pena. I l&#8217;ajuda? No va arribar mai de deb\u00f2. Nom\u00e9s van arribar m\u00e9s deutes, m\u00e9s factures, i un esgotament que ha esdevingut el meu company diari.         <\/p>\n\n<h4 class=\"wp-block-heading\">\u00c9s esgotador veure com els que ens governen converteixen la trag\u00e8dia en un joc de m\u00e0rqueting.  <\/h4>\n\n<p>Ara veig una pol\u00edtica donant gr\u00e0cies a D\u00e9u ia Franco, com si aquestes paraules, absurdes i buides, tinguessin algun sentit. Veig altres que, amb una falta de respecte incre\u00efble, diuen que les ajudes aniran als que tinguin m\u00e9s \u00ablikes\u00bb a Instagram, com si la desgr\u00e0cia d&#8217;alg\u00fa es pogu\u00e9s mesurar en una xarxa social. Cada cop em sento m\u00e9s dins d&#8217;un teatre de l&#8217;absurditat, i la impot\u00e8ncia es converteix en r\u00e0bia, una r\u00e0bia amarga que em va omplint per dins, dia rere dia.  <\/p>\n\n<p>I aqu\u00ed hi ha el dilema: qu\u00e8 ens queda per fer? A qui creure? La gent est\u00e0 tan farta de promeses buides i mentides que fins i tot comen\u00e7a a veure amb bons ulls figures com Trump, alg\u00fa que representa l&#8217;ant\u00edtesi del que hauria de ser un l\u00edder. I encara que em fa calfreds veure aquesta tend\u00e8ncia, ho entenc. Ho entenc perqu\u00e8, quan has estat tra\u00eft tantes vegades, tant et fa que qui vingui sigui un corrupte, un racista, un misogin. Nom\u00e9s vols que alg\u00fa destrueixi aquest sistema que sembla dissenyat per aixafar-nos i deixar-nos buits.     <\/p>\n\n<p>Cada dia, m&#8217;aixeco amb aquesta mateixa pregunta. Fins quan aguantar\u00e9? Quantes factures m\u00e9s podr\u00e9 pagar abans que tot s&#8217;ensorri? Em miro al mirall i veig les l\u00ednies de preocupaci\u00f3 al meu rostre, el cansament als meus ulls. I em dol, perqu\u00e8 darrere de cada l\u00ednia hi ha l&#8217;esfor\u00e7 d&#8217;anys, l&#8217;angoixa de nits sense dormir, el pes d&#8217;una responsabilitat que sembla impossible de portar. I, no obstant, aqu\u00ed segueixo, lluitant, sostenint-me en una cosa que amb prou feines ja puc anomenar esperan\u00e7a.     <\/p>\n\n<p>Escriure aix\u00f2, almenys, em fa una mica d&#8217;alleujament. M&#8217;ajuda a recordar que encara tinc veu, que encara que el sistema sembli entestat a treure&#8217;ns la nostra humanitat, jo no he perdut la meva. I mentre tingui aquesta r\u00e0bia, mentre tingui aquesta veritat que em crema per dins, continuar\u00e9 endavant. Perqu\u00e8 s\u00e9 que no s\u00f3c l&#8217;\u00fanic que se sent aix\u00ed, s\u00e9 que n&#8217;hi ha d&#8217;altres com jo, que tamb\u00e9 lluiten contra la desesperan\u00e7a, que tamb\u00e9 busquen una espurna de dignitat enmig d&#8217;aquesta foscor. I mentre tingui aquesta petita flama, seguir\u00e9, perqu\u00e8 encara que tot sembli perdut, almenys encara tinc la meva dignitat. I aix\u00f2, en aquest m\u00f3n de mentides, \u00e9s l&#8217;\u00fanic que val de deb\u00f2.     <\/p>\n\n<hr class=\"wp-block-separator has-alpha-channel-opacity\" \/>\n\n<blockquote class=\"wp-block-quote is-layout-flow wp-block-quote-is-layout-flow\">\n<p>Des de Mas Torrencito us desitgem un FELI\u00c7 FINDE!!! i que els vostres gossos us acompanyi!!!!<\/p>\n<\/blockquote>\n\n<p>\u2014\u2013<br \/> Si vols, podeu veure els nostres <strong>bons per caps de setmana, bons jubilats<\/strong> , a un preu incre\u00efble..entra a <a href=\"https:\/\/www.mastorrencito.com\/\">www.mastorrencito.com<\/a> o si vols podeu llegir m\u00e9s hist\u00f2ria i an\u00e8cdotes que ens han passat a Mas Torrencito\u2026 Fes click <a href=\"https:\/\/mastorrencito.com\/es\/\">aqu\u00ed<\/a> :<\/p>\n","protected":false},"excerpt":{"rendered":"<p>\u00c9s dif\u00edcil expressar la barreja de sentiments que tinc quan veig les not\u00edcies. Em sento estafat, tra\u00eft pels que se suposa que ens haurien de protegir. Resist\u00e8ncia a la foscor: Reflexions. Els miro, tan ben vestits, tan segurs de si mateixos, parlant des dels seus c\u00f2modes despatxos, i em pregunto si mai han hagut de [&hellip;]<\/p>\n","protected":false},"author":2,"featured_media":4782,"comment_status":"open","ping_status":"open","sticky":false,"template":"","format":"standard","meta":{"_acf_changed":false,"footnotes":""},"categories":[35],"tags":[55,42,56],"class_list":["post-4700","post","type-post","status-publish","format-standard","has-post-thumbnail","hentry","category-histories-mastorrencito","tag-turismecostabrava","tag-turismoconmascotas","tag-viatjar-amb-gossos"],"yoast_head":"<!-- This site is optimized with the Yoast SEO Premium plugin v27.3 (Yoast SEO v27.5) - https:\/\/yoast.com\/product\/yoast-seo-premium-wordpress\/ -->\n<title>Resist\u00e8ncia a la foscor: Reflexions. - Mas Torrencito CAT<\/title>\n<meta name=\"description\" content=\"De com aquesta crisi est\u00e0 portant m\u00e9s torrenet a la ru\u00efna. Resist\u00e8ncia a la foscor: Reflexions.... d&#039;una caiguda gaireb\u00e9 innevitable.\" \/>\n<meta name=\"robots\" content=\"index, follow, max-snippet:-1, max-image-preview:large, max-video-preview:-1\" \/>\n<link rel=\"canonical\" href=\"https:\/\/mastorrencito.com\/cat\/resistencia-a-la-foscor-reflexions\/\" \/>\n<meta property=\"og:locale\" content=\"es_ES\" \/>\n<meta property=\"og:type\" content=\"article\" \/>\n<meta property=\"og:title\" content=\"Resist\u00e8ncia a la foscor: Reflexions.\" \/>\n<meta property=\"og:description\" content=\"De com aquesta crisi est\u00e0 portant m\u00e9s torrenet a la ru\u00efna. Resist\u00e8ncia a la foscor: Reflexions.... d&#039;una caiguda gaireb\u00e9 innevitable.\" \/>\n<meta property=\"og:url\" content=\"https:\/\/mastorrencito.com\/cat\/resistencia-a-la-foscor-reflexions\/\" \/>\n<meta property=\"og:site_name\" content=\"Mas Torrencito CAT\" \/>\n<meta property=\"article:published_time\" content=\"2024-11-08T06:06:24+00:00\" \/>\n<meta property=\"og:image\" content=\"https:\/\/mastorrencito.com\/cat\/wp-content\/uploads\/sites\/3\/reflexion.jpg\" \/>\n\t<meta property=\"og:image:width\" content=\"1024\" \/>\n\t<meta property=\"og:image:height\" content=\"1024\" \/>\n\t<meta property=\"og:image:type\" content=\"image\/jpeg\" \/>\n<meta name=\"author\" content=\"Mastorrencito\" \/>\n<meta name=\"twitter:card\" content=\"summary_large_image\" \/>\n<meta name=\"twitter:label1\" content=\"Escrito por\" \/>\n\t<meta name=\"twitter:data1\" content=\"Mastorrencito\" \/>\n\t<meta name=\"twitter:label2\" content=\"Tiempo de lectura\" \/>\n\t<meta name=\"twitter:data2\" content=\"5 minutos\" \/>\n<script type=\"application\/ld+json\" class=\"yoast-schema-graph\">{\"@context\":\"https:\\\/\\\/schema.org\",\"@graph\":[{\"@type\":\"Article\",\"@id\":\"https:\\\/\\\/mastorrencito.com\\\/cat\\\/resistencia-a-la-foscor-reflexions\\\/#article\",\"isPartOf\":{\"@id\":\"https:\\\/\\\/mastorrencito.com\\\/cat\\\/resistencia-a-la-foscor-reflexions\\\/\"},\"author\":{\"name\":\"Mastorrencito\",\"@id\":\"https:\\\/\\\/mastorrencito.com\\\/#\\\/schema\\\/person\\\/18c619be80d4ae2667c702911625f790\"},\"headline\":\"Resist\u00e8ncia a la foscor: Reflexions.\",\"datePublished\":\"2024-11-08T06:06:24+00:00\",\"mainEntityOfPage\":{\"@id\":\"https:\\\/\\\/mastorrencito.com\\\/cat\\\/resistencia-a-la-foscor-reflexions\\\/\"},\"wordCount\":911,\"commentCount\":0,\"publisher\":{\"@id\":\"https:\\\/\\\/mastorrencito.com\\\/#organization\"},\"image\":{\"@id\":\"https:\\\/\\\/mastorrencito.com\\\/cat\\\/resistencia-a-la-foscor-reflexions\\\/#primaryimage\"},\"thumbnailUrl\":\"https:\\\/\\\/mastorrencito.com\\\/cat\\\/wp-content\\\/uploads\\\/sites\\\/3\\\/reflexion.jpg\",\"keywords\":[\"turismecostabrava\",\"turismoconmascotas\",\"viatjar amb gossos\"],\"articleSection\":[\"Hist\u00f2ries Mastorrencito\"],\"inLanguage\":\"es\",\"potentialAction\":[{\"@type\":\"CommentAction\",\"name\":\"Comment\",\"target\":[\"https:\\\/\\\/mastorrencito.com\\\/cat\\\/resistencia-a-la-foscor-reflexions\\\/#respond\"]}]},{\"@type\":\"WebPage\",\"@id\":\"https:\\\/\\\/mastorrencito.com\\\/cat\\\/resistencia-a-la-foscor-reflexions\\\/\",\"url\":\"https:\\\/\\\/mastorrencito.com\\\/cat\\\/resistencia-a-la-foscor-reflexions\\\/\",\"name\":\"Resist\u00e8ncia a la foscor: Reflexions. - Mas Torrencito CAT\",\"isPartOf\":{\"@id\":\"https:\\\/\\\/mastorrencito.com\\\/#website\"},\"primaryImageOfPage\":{\"@id\":\"https:\\\/\\\/mastorrencito.com\\\/cat\\\/resistencia-a-la-foscor-reflexions\\\/#primaryimage\"},\"image\":{\"@id\":\"https:\\\/\\\/mastorrencito.com\\\/cat\\\/resistencia-a-la-foscor-reflexions\\\/#primaryimage\"},\"thumbnailUrl\":\"https:\\\/\\\/mastorrencito.com\\\/cat\\\/wp-content\\\/uploads\\\/sites\\\/3\\\/reflexion.jpg\",\"datePublished\":\"2024-11-08T06:06:24+00:00\",\"description\":\"De com aquesta crisi est\u00e0 portant m\u00e9s torrenet a la ru\u00efna. Resist\u00e8ncia a la foscor: Reflexions.... d'una caiguda gaireb\u00e9 innevitable.\",\"breadcrumb\":{\"@id\":\"https:\\\/\\\/mastorrencito.com\\\/cat\\\/resistencia-a-la-foscor-reflexions\\\/#breadcrumb\"},\"inLanguage\":\"es\",\"potentialAction\":[{\"@type\":\"ReadAction\",\"target\":[\"https:\\\/\\\/mastorrencito.com\\\/cat\\\/resistencia-a-la-foscor-reflexions\\\/\"]}]},{\"@type\":\"ImageObject\",\"inLanguage\":\"es\",\"@id\":\"https:\\\/\\\/mastorrencito.com\\\/cat\\\/resistencia-a-la-foscor-reflexions\\\/#primaryimage\",\"url\":\"https:\\\/\\\/mastorrencito.com\\\/cat\\\/wp-content\\\/uploads\\\/sites\\\/3\\\/reflexion.jpg\",\"contentUrl\":\"https:\\\/\\\/mastorrencito.com\\\/cat\\\/wp-content\\\/uploads\\\/sites\\\/3\\\/reflexion.jpg\",\"width\":1024,\"height\":1024},{\"@type\":\"BreadcrumbList\",\"@id\":\"https:\\\/\\\/mastorrencito.com\\\/cat\\\/resistencia-a-la-foscor-reflexions\\\/#breadcrumb\",\"itemListElement\":[{\"@type\":\"ListItem\",\"position\":1,\"name\":\"Portada\",\"item\":\"https:\\\/\\\/mastorrencito.com\\\/\"},{\"@type\":\"ListItem\",\"position\":2,\"name\":\"Resist\u00e8ncia a la foscor: Reflexions.\"}]},{\"@type\":\"WebSite\",\"@id\":\"https:\\\/\\\/mastorrencito.com\\\/#website\",\"url\":\"https:\\\/\\\/mastorrencito.com\\\/\",\"name\":\"Mas Torrencito CAT\",\"description\":\"Casa rural pet friendly en Girona\",\"publisher\":{\"@id\":\"https:\\\/\\\/mastorrencito.com\\\/#organization\"},\"potentialAction\":[{\"@type\":\"SearchAction\",\"target\":{\"@type\":\"EntryPoint\",\"urlTemplate\":\"https:\\\/\\\/mastorrencito.com\\\/?s={search_term_string}\"},\"query-input\":{\"@type\":\"PropertyValueSpecification\",\"valueRequired\":true,\"valueName\":\"search_term_string\"}}],\"inLanguage\":\"es\"},{\"@type\":\"Organization\",\"@id\":\"https:\\\/\\\/mastorrencito.com\\\/#organization\",\"name\":\"Mas Torrencito CAT\",\"url\":\"https:\\\/\\\/mastorrencito.com\\\/\",\"logo\":{\"@type\":\"ImageObject\",\"inLanguage\":\"es\",\"@id\":\"https:\\\/\\\/mastorrencito.com\\\/#\\\/schema\\\/logo\\\/image\\\/\",\"url\":\"https:\\\/\\\/mastorrencito.com\\\/cat\\\/wp-content\\\/uploads\\\/sites\\\/3\\\/Logo-Mastorrencito-horizontal.webp\",\"contentUrl\":\"https:\\\/\\\/mastorrencito.com\\\/cat\\\/wp-content\\\/uploads\\\/sites\\\/3\\\/Logo-Mastorrencito-horizontal.webp\",\"width\":161,\"height\":54,\"caption\":\"Mas Torrencito CAT\"},\"image\":{\"@id\":\"https:\\\/\\\/mastorrencito.com\\\/#\\\/schema\\\/logo\\\/image\\\/\"}},{\"@type\":\"Person\",\"@id\":\"https:\\\/\\\/mastorrencito.com\\\/#\\\/schema\\\/person\\\/18c619be80d4ae2667c702911625f790\",\"name\":\"Mastorrencito\",\"image\":{\"@type\":\"ImageObject\",\"inLanguage\":\"es\",\"@id\":\"https:\\\/\\\/secure.gravatar.com\\\/avatar\\\/3ef55e0519f987a734c21caee1423b51df7b760b7d81a38ecd31cab0a5115f6d?s=96&d=mm&r=g\",\"url\":\"https:\\\/\\\/secure.gravatar.com\\\/avatar\\\/3ef55e0519f987a734c21caee1423b51df7b760b7d81a38ecd31cab0a5115f6d?s=96&d=mm&r=g\",\"contentUrl\":\"https:\\\/\\\/secure.gravatar.com\\\/avatar\\\/3ef55e0519f987a734c21caee1423b51df7b760b7d81a38ecd31cab0a5115f6d?s=96&d=mm&r=g\",\"caption\":\"Mastorrencito\"},\"url\":\"https:\\\/\\\/mastorrencito.com\\\/cat\\\/author\\\/mastorrencito\\\/\"}]}<\/script>\n<!-- \/ Yoast SEO Premium plugin. -->","yoast_head_json":{"title":"Resist\u00e8ncia a la foscor: Reflexions. - Mas Torrencito CAT","description":"De com aquesta crisi est\u00e0 portant m\u00e9s torrenet a la ru\u00efna. Resist\u00e8ncia a la foscor: Reflexions.... d'una caiguda gaireb\u00e9 innevitable.","robots":{"index":"index","follow":"follow","max-snippet":"max-snippet:-1","max-image-preview":"max-image-preview:large","max-video-preview":"max-video-preview:-1"},"canonical":"https:\/\/mastorrencito.com\/cat\/resistencia-a-la-foscor-reflexions\/","og_locale":"es_ES","og_type":"article","og_title":"Resist\u00e8ncia a la foscor: Reflexions.","og_description":"De com aquesta crisi est\u00e0 portant m\u00e9s torrenet a la ru\u00efna. Resist\u00e8ncia a la foscor: Reflexions.... d'una caiguda gaireb\u00e9 innevitable.","og_url":"https:\/\/mastorrencito.com\/cat\/resistencia-a-la-foscor-reflexions\/","og_site_name":"Mas Torrencito CAT","article_published_time":"2024-11-08T06:06:24+00:00","og_image":[{"width":1024,"height":1024,"url":"https:\/\/mastorrencito.com\/cat\/wp-content\/uploads\/sites\/3\/reflexion.jpg","type":"image\/jpeg"}],"author":"Mastorrencito","twitter_card":"summary_large_image","twitter_misc":{"Escrito por":"Mastorrencito","Tiempo de lectura":"5 minutos"},"schema":{"@context":"https:\/\/schema.org","@graph":[{"@type":"Article","@id":"https:\/\/mastorrencito.com\/cat\/resistencia-a-la-foscor-reflexions\/#article","isPartOf":{"@id":"https:\/\/mastorrencito.com\/cat\/resistencia-a-la-foscor-reflexions\/"},"author":{"name":"Mastorrencito","@id":"https:\/\/mastorrencito.com\/#\/schema\/person\/18c619be80d4ae2667c702911625f790"},"headline":"Resist\u00e8ncia a la foscor: Reflexions.","datePublished":"2024-11-08T06:06:24+00:00","mainEntityOfPage":{"@id":"https:\/\/mastorrencito.com\/cat\/resistencia-a-la-foscor-reflexions\/"},"wordCount":911,"commentCount":0,"publisher":{"@id":"https:\/\/mastorrencito.com\/#organization"},"image":{"@id":"https:\/\/mastorrencito.com\/cat\/resistencia-a-la-foscor-reflexions\/#primaryimage"},"thumbnailUrl":"https:\/\/mastorrencito.com\/cat\/wp-content\/uploads\/sites\/3\/reflexion.jpg","keywords":["turismecostabrava","turismoconmascotas","viatjar amb gossos"],"articleSection":["Hist\u00f2ries Mastorrencito"],"inLanguage":"es","potentialAction":[{"@type":"CommentAction","name":"Comment","target":["https:\/\/mastorrencito.com\/cat\/resistencia-a-la-foscor-reflexions\/#respond"]}]},{"@type":"WebPage","@id":"https:\/\/mastorrencito.com\/cat\/resistencia-a-la-foscor-reflexions\/","url":"https:\/\/mastorrencito.com\/cat\/resistencia-a-la-foscor-reflexions\/","name":"Resist\u00e8ncia a la foscor: Reflexions. - Mas Torrencito CAT","isPartOf":{"@id":"https:\/\/mastorrencito.com\/#website"},"primaryImageOfPage":{"@id":"https:\/\/mastorrencito.com\/cat\/resistencia-a-la-foscor-reflexions\/#primaryimage"},"image":{"@id":"https:\/\/mastorrencito.com\/cat\/resistencia-a-la-foscor-reflexions\/#primaryimage"},"thumbnailUrl":"https:\/\/mastorrencito.com\/cat\/wp-content\/uploads\/sites\/3\/reflexion.jpg","datePublished":"2024-11-08T06:06:24+00:00","description":"De com aquesta crisi est\u00e0 portant m\u00e9s torrenet a la ru\u00efna. Resist\u00e8ncia a la foscor: Reflexions.... d'una caiguda gaireb\u00e9 innevitable.","breadcrumb":{"@id":"https:\/\/mastorrencito.com\/cat\/resistencia-a-la-foscor-reflexions\/#breadcrumb"},"inLanguage":"es","potentialAction":[{"@type":"ReadAction","target":["https:\/\/mastorrencito.com\/cat\/resistencia-a-la-foscor-reflexions\/"]}]},{"@type":"ImageObject","inLanguage":"es","@id":"https:\/\/mastorrencito.com\/cat\/resistencia-a-la-foscor-reflexions\/#primaryimage","url":"https:\/\/mastorrencito.com\/cat\/wp-content\/uploads\/sites\/3\/reflexion.jpg","contentUrl":"https:\/\/mastorrencito.com\/cat\/wp-content\/uploads\/sites\/3\/reflexion.jpg","width":1024,"height":1024},{"@type":"BreadcrumbList","@id":"https:\/\/mastorrencito.com\/cat\/resistencia-a-la-foscor-reflexions\/#breadcrumb","itemListElement":[{"@type":"ListItem","position":1,"name":"Portada","item":"https:\/\/mastorrencito.com\/"},{"@type":"ListItem","position":2,"name":"Resist\u00e8ncia a la foscor: Reflexions."}]},{"@type":"WebSite","@id":"https:\/\/mastorrencito.com\/#website","url":"https:\/\/mastorrencito.com\/","name":"Mas Torrencito CAT","description":"Casa rural pet friendly en Girona","publisher":{"@id":"https:\/\/mastorrencito.com\/#organization"},"potentialAction":[{"@type":"SearchAction","target":{"@type":"EntryPoint","urlTemplate":"https:\/\/mastorrencito.com\/?s={search_term_string}"},"query-input":{"@type":"PropertyValueSpecification","valueRequired":true,"valueName":"search_term_string"}}],"inLanguage":"es"},{"@type":"Organization","@id":"https:\/\/mastorrencito.com\/#organization","name":"Mas Torrencito CAT","url":"https:\/\/mastorrencito.com\/","logo":{"@type":"ImageObject","inLanguage":"es","@id":"https:\/\/mastorrencito.com\/#\/schema\/logo\/image\/","url":"https:\/\/mastorrencito.com\/cat\/wp-content\/uploads\/sites\/3\/Logo-Mastorrencito-horizontal.webp","contentUrl":"https:\/\/mastorrencito.com\/cat\/wp-content\/uploads\/sites\/3\/Logo-Mastorrencito-horizontal.webp","width":161,"height":54,"caption":"Mas Torrencito CAT"},"image":{"@id":"https:\/\/mastorrencito.com\/#\/schema\/logo\/image\/"}},{"@type":"Person","@id":"https:\/\/mastorrencito.com\/#\/schema\/person\/18c619be80d4ae2667c702911625f790","name":"Mastorrencito","image":{"@type":"ImageObject","inLanguage":"es","@id":"https:\/\/secure.gravatar.com\/avatar\/3ef55e0519f987a734c21caee1423b51df7b760b7d81a38ecd31cab0a5115f6d?s=96&d=mm&r=g","url":"https:\/\/secure.gravatar.com\/avatar\/3ef55e0519f987a734c21caee1423b51df7b760b7d81a38ecd31cab0a5115f6d?s=96&d=mm&r=g","contentUrl":"https:\/\/secure.gravatar.com\/avatar\/3ef55e0519f987a734c21caee1423b51df7b760b7d81a38ecd31cab0a5115f6d?s=96&d=mm&r=g","caption":"Mastorrencito"},"url":"https:\/\/mastorrencito.com\/cat\/author\/mastorrencito\/"}]}},"acf":[],"_links":{"self":[{"href":"https:\/\/mastorrencito.com\/cat\/wp-json\/wp\/v2\/posts\/4700","targetHints":{"allow":["GET"]}}],"collection":[{"href":"https:\/\/mastorrencito.com\/cat\/wp-json\/wp\/v2\/posts"}],"about":[{"href":"https:\/\/mastorrencito.com\/cat\/wp-json\/wp\/v2\/types\/post"}],"author":[{"embeddable":true,"href":"https:\/\/mastorrencito.com\/cat\/wp-json\/wp\/v2\/users\/2"}],"replies":[{"embeddable":true,"href":"https:\/\/mastorrencito.com\/cat\/wp-json\/wp\/v2\/comments?post=4700"}],"version-history":[{"count":0,"href":"https:\/\/mastorrencito.com\/cat\/wp-json\/wp\/v2\/posts\/4700\/revisions"}],"wp:featuredmedia":[{"embeddable":true,"href":"https:\/\/mastorrencito.com\/cat\/wp-json\/wp\/v2\/media\/4782"}],"wp:attachment":[{"href":"https:\/\/mastorrencito.com\/cat\/wp-json\/wp\/v2\/media?parent=4700"}],"wp:term":[{"taxonomy":"category","embeddable":true,"href":"https:\/\/mastorrencito.com\/cat\/wp-json\/wp\/v2\/categories?post=4700"},{"taxonomy":"post_tag","embeddable":true,"href":"https:\/\/mastorrencito.com\/cat\/wp-json\/wp\/v2\/tags?post=4700"}],"curies":[{"name":"wp","href":"https:\/\/api.w.org\/{rel}","templated":true}]}}