{"id":4699,"date":"2024-11-05T06:31:50","date_gmt":"2024-11-05T06:31:50","guid":{"rendered":"https:\/\/casaruralconperrosgirona.com\/el-misteri-de-les-olors-i-les-aparicions-a-mas-torrencito\/"},"modified":"2024-11-05T06:31:50","modified_gmt":"2024-11-05T06:31:50","slug":"el-misteri-de-les-olors-i-les-aparicions-a-mas-torrencito","status":"publish","type":"post","link":"https:\/\/mastorrencito.com\/cat\/el-misteri-de-les-olors-i-les-aparicions-a-mas-torrencito\/","title":{"rendered":"El Misteri de les Olors i les Aparicions a Mas Torrencito"},"content":{"rendered":"\n<h6 class=\"wp-block-heading\">Hi havia poques nits com aquella a l&#8217;Empord\u00e0, amb un hivern decidit a colar-se a cada rac\u00f3. El Misteri de les Olors i les Aparicions a Mas Torrencito <\/h6>\n\n<p>La boira ho cobria tot de manera que la carretera fins a la masia semblava m\u00e9s un t\u00fanel de pel\u00b7l\u00edcula de terror que una simple pista rural. La Mas Torrencito, la nostra masia del 1412, tenia l&#8217;aspecte d&#8217;un castell de llegenda al mig del paisatge. Les xemeneies estaven enceses, i a dins tot semblava un quadre de calma i comoditat\u2026 o aix\u00f2 creia jo.  <\/p>\n\n<p>Alguns clients eren al chill out, aquella zona de la casa on una pantalla de 100 polzades emetia el programa de \u00abPasapalabra\u00bb com si fos un espectacle en directe. Altres clients, menys interessats a encertar paraules, xerraven al sal\u00f3 o sopaven tranquil\u00b7lament al menjador, cadascun en companyia de les seves estimades mascotes. Els nostres gossos, Masto, Maky, Mastitwo i Mamas, corretejaven entre les estances, deixant clara la seva autoritat territorial, encara que amb la pau habitual. Fins ara, la nit era perfecta perqu\u00e8 la masia don\u00e9s una c\u00e0lida benvinguda a tothom.   <\/p>\n\n<p>Per\u00f2, com sempre a la Mas Torrencito, la calma t\u00e9 un temps limitat.<\/p>\n\n<h3 class=\"wp-block-heading\">Blanca i Ramon. El Misteri de les Olors i les Aparicions a Mas Torrencito <\/h3>\n\n<p>\u2014Miguel, ja t&#8217;has oblidat de la Blanca i el Ramon? \u2014em va recordar la Mireia, apareixent des de la cuina amb unes celles que nom\u00e9s reservava per a les ocasions en qu\u00e8 em despistava. La Blanca i el Ramon eren els nostres amics i clients de confian\u00e7a, que arribaven religiosament a passar uns dies, i sempre els recoll\u00edem a l&#8217;estaci\u00f3 de tren de Camallera, el poble ve\u00ed.  <\/p>\n\n<p>Vaig sospirar i agafar les claus del cotxe. Per qu\u00e8 mentir, el trajecte sota la pluja i la boira no era el m\u00e9s desitjable, per\u00f2 el pensament de tornar aviat a la calidesa del mas em motivava prou. La Mireia em va acomiadar amb un somriure d&#8217;aquelles que porten un \u201cfes-ho r\u00e0pid i torna\u201d impl\u00edcit.  <\/p>\n\n<p>Mentre travessava el t\u00fanel de boira, vaig pensar que a la Mas Torrencito ja havia vist de tot: gossos amb disfresses de superherois, gats fent ioga a coixins, fins a fures que es comportaven com els amos del lloc. Per\u00f2 res no em va preparar per al que trobaria aquella nit. <\/p>\n\n<p>Quan vaig arribar a l&#8217;estaci\u00f3, vaig recon\u00e8ixer la silueta de Blanca i Ramon sota la marquesina. Ens saludem entre rialles i abra\u00e7ades, com sempre. La Blanca era alegre i parladora, mentre que el Ramon mantenia aquella calma que semblava amagar secrets. Vaig ajudar a carregar l&#8217;equipatge i, quan vam pujar al cotxe, la Blanca va trencar el silenci amb una frase que em va deixar estranyat:   <\/p>\n\n<p>\u2014Miguel, has notat alguna cosa estranya a l&#8217;ambient? Com\u2026 una olor estranya? <\/p>\n\n<p>\u2014Una olor? \u2014vaig repetir, dubtant. <\/p>\n\n<p>No hi havia res fora del normal al cotxe, o almenys aix\u00f2 pensava jo. Per\u00f2 aix\u00ed que vam entrar a la masia, vaig entendre a qu\u00e8 es referia. <\/p>\n<figure class=\"wp-block-post-featured-image\"><img fetchpriority=\"high\" decoding=\"async\" width=\"1024\" height=\"1024\" src=\"https:\/\/mastorrencito.com\/cat\/wp-content\/uploads\/sites\/3\/olores1.jpg\" class=\"attachment-post-thumbnail size-post-thumbnail wp-post-image\" alt=\"\" style=\"object-fit:cover;\" srcset=\"https:\/\/mastorrencito.com\/cat\/wp-content\/uploads\/sites\/3\/olores1.jpg 1024w, https:\/\/mastorrencito.com\/cat\/wp-content\/uploads\/sites\/3\/olores1-300x300.jpg 300w, https:\/\/mastorrencito.com\/cat\/wp-content\/uploads\/sites\/3\/olores1-150x150.jpg 150w, https:\/\/mastorrencito.com\/cat\/wp-content\/uploads\/sites\/3\/olores1-768x768.jpg 768w\" sizes=\"(max-width: 1024px) 100vw, 1024px\" \/><\/figure>\n<h3 class=\"wp-block-heading\"><strong>Una aroma inquietant<\/strong> .  <\/h3>\n\n<p>Nom\u00e9s creuar la porta, ens va colpejar una barreja d&#8217;olors estranya, com una mena de sofre barrejat amb xistorra cremada. No era desagradable, per\u00f2 s\u00ed&#8230; desconcertant. La Mireia era al chill out amb un parell de clients, i en veure&#8217;m entrar amb la Blanca i en Ramon, es va acostar arrugant el nas.  <\/p>\n\n<p>\u2014Has fet olor aix\u00f2, Miguel? Sembla que alg\u00fa hagi intentat fer un rostit amb ou podrit \u2014va dir, mirant-me amb una barreja de repulsi\u00f3 i curiositat. <\/p>\n\n<p>La Blanca i en Ramon es van unir als comentaris, i en pocs minuts, l&#8217;aroma va ser el tema principal de conversa entre els hostes. No pod\u00edem trobar-ne l&#8217;origen. De tant en tant semblava intensificar-se al chill out, despr\u00e9s desapareixia, i reapareixia al menjador, com si fos un fantasma culinari.  <\/p>\n\n<p>\u2014Isa i Vicent estan a punt d&#8217;arribar tamb\u00e9, oi? \u2014va murmurar la Mireia. <\/p>\n\n<p>Just en aquell moment, vaig sentir el soroll d&#8217;un cotxe apropant-se i vaig treure el cap a l&#8217;entrada. Era Vicent amb Isa, i, per descomptat, el seu gos, un b\u00f2xer enorme que m\u00e9s aviat semblava un toro en els millors dies. El b\u00f2xer va entrar olorant l&#8217;ambient i de seguida va fer una ganyota rara, com si hagu\u00e9s captat l&#8217;aroma misteriosa.  <\/p>\n\n<p>\u2014\u00bf Qu\u00e8 \u00e9s aquesta pudor? \u2014va preguntar la Isa, quan va creuar la porta. <\/p>\n\n<p>Ens encongim d&#8217;espatlles. Els gossos, incl\u00f2s el b\u00f2xer, feien olor cada rac\u00f3 de l&#8217;entrada. Jo vaig intentar relaxar-me, pensant que, com a moltes cases velles, les olors estranyes de vegades apareixien del no-res.  <\/p>\n\n<p>La vetllada va continuar, i despr\u00e9s d&#8217;una estona, tots vam comen\u00e7ar a oblidar-nos del misteri. Per\u00f2 no passaria gaire temps fins que el seg\u00fcent incident ens torn\u00e9s a posar a tots en alerta. <\/p>\n\n<hr class=\"wp-block-separator has-alpha-channel-opacity\" \/>\n\n<h3 class=\"wp-block-heading\"><strong>El primer ensurt<\/strong> . El Misteri de les Olors i les Aparicions a Mas Torrencito<\/h3>\n\n<p>Mentre intent\u00e0vem que l&#8217;estranya aroma desaparegu\u00e9s de les nostres ments, un crit agut va ressonar des del menjador, gla\u00e7ant-nos la sang. Ens llancem cap al lloc, i en arribar, trobem el senyor Guti\u00e9rrez, un home d&#8217;uns seixanta anys, petrificat i assenyalant la cantonada del menjador. <\/p>\n\n<p>\u2014\u00a1 Ho vaig veure! Una ombra! Va passar just aqu\u00ed\u2026 amb una gorra.   <\/p>\n\n<p>Ens mirem els uns als altres, alguns ocultant un riure nervi\u00f3s i altres intentant no semblar gaire espantats. Encara que el senyor Guti\u00e9rrez seguia tremolant, no hi havia cap rastre de l&#8217;ombra amb gorra que deia haver vist. <\/p>\n\n<p>Per tranquil\u00b7litzar-lo, vaig dir una cosa que ni jo mateix em creia del tot:<\/p>\n\n<p>\u2014Segur que va ser un reflex, senyor Guti\u00e9rrez. Les ombres en una casa tan antiga poden jugar males passades. <\/p>\n\n<p>\u2014No, no va ser cap ombra qualsevol. Aix\u00f2\u2026 era alg\u00fa \u2014va insistir. <\/p>\n\n<p>Els clients van tornar a les seves activitats, encara que la tensi\u00f3 es palpava a l&#8217;ambient. La Mireia i jo ens mirem, intercanviant una mirada que deia \u201caix\u00f2 s&#8217;est\u00e0 sortint de control\u201d, per\u00f2 intentem mantenir la calma. Els nostres gossos, per la seva banda, no semblaven gaire disposats a ignorar la situaci\u00f3; de fet, tots miraven en la mateixa direcci\u00f3 que el senyor Guti\u00e9rrez havia assenyalat, grunyint baix i amb una intensitat inusual.  <\/p>\n\n<p>Intentem distreure&#8217;ls, per\u00f2 els seus ulls seguien fixos a la cantonada buida del menjador, com si hi hagu\u00e9s alguna cosa. Cosa que nom\u00e9s ells podien veure. <\/p>\n\n<figure class=\"wp-block-image size-full\"><img decoding=\"async\" src=\"https:\/\/mastorrencito.com\/wp-content\/uploads\/lashuellas.jpg\" alt=\"\" class=\"wp-image-1932\" \/><\/figure>\n<hr class=\"wp-block-separator has-alpha-channel-opacity\" \/>\n\n<h4 class=\"wp-block-heading\"><strong>Una cerca frustrant<\/strong> . El Misteri de les Olors i les Aparicions a Mas Torrencito<\/h4>\n\n<p>Enmig de la incertesa, un altre client, una dona anomenada Lourdes, va apar\u00e8ixer a l&#8217;entrada del menjador amb la cara completament desencaixada.<\/p>\n\n<p>\u2014El meu gos! El meu gos Lolo ha desaparegut! \u2014va cridar, mirant tothom com si sospit\u00e9s que alg\u00fa en tenia la culpa.  <\/p>\n\n<p>Lourdes era una ass\u00eddua visitant de la masia i el seu gos chiguagua Lolo, era gaireb\u00e9 tan fam\u00f3s com la casa mateixa. ella, i mai no s&#8217;aventurava fora de la casa, aix\u00ed que la seva desaparici\u00f3 era tan estranya com inesperada.  <\/p>\n\n<p>Ens vam disposar a buscar Lolo a cada rac\u00f3, per\u00f2 despr\u00e9s de revisar habitacions, salons, i fins i tot el jard\u00ed sota la boira, no vam trobar cap rastre del gos. Era com si s&#8217;hagu\u00e9s esfumat, deixant nom\u00e9s un ress\u00f2 de la seva pres\u00e8ncia, i una lleugera taca de p\u00e8ls al coix\u00ed favorit. <\/p>\n\n<p>Amb cada nou esdeveniment, l&#8217;ambient es feia m\u00e9s pesat, i els murmuris dels clients es comen\u00e7aven a barrejar amb les teories m\u00e9s absurdes. Que si era un fantasma, que si la casa estava encantada, que si Lolo havia estat abdu\u00eft per extraterrestres. <\/p>\n\n<p>Mentre torn\u00e0vem al menjador, vaig notar que la Blanca i el Ramon, amb aquesta calma que els caracteritza, estaven massa callats, com si haguessin compr\u00e8s alguna cosa que la resta de nosaltres no aconsegui\u00e0vem a veure.<\/p>\n\n<hr class=\"wp-block-separator has-alpha-channel-opacity\" \/>\n\n<p><strong>Els turistes inesperats<\/strong><\/p>\n\n<p>Mentre intent\u00e0vem calmar Lourdes per la desaparici\u00f3 de Lolo i els murmuris entre els clients comen\u00e7aven a intensificar-se, va sonar el tel\u00e8fon de recepci\u00f3. Tots vam girar el cap cap a l&#8217;aparell, que semblava sonar amb una urg\u00e8ncia poc habitual. A la Mas Torrencito, poques vegades rebem trucades tan tard.  <\/p>\n\n<p>\u2014Qui ser\u00e0 ara? \u2014vaig murmurar, mentre contestaria. <\/p>\n\n<p>\u2014Hola! Eh\u2026 com es diu? Ah, s\u00ed. <em>Good evening<\/em> ! \u2014va dir una veu amb un accent angl\u00e8s marcat i un to apressat.  <\/p>\n\n<p>\u2014Ei\u2026 Hola! <em>Good evening<\/em> ! \u2014vaig respondre, ajustant-me r\u00e0pidament a l&#8217;angl\u00e8s mig rovellat que havia apr\u00e8s a l&#8217;escola.<\/p>\n\n<p>\u2014<em>Yes, yes\u2026 um\u2026 We are lost. Very lost. We&#8217;re in the middle of\u2026 fog\u2026 so much fog! And we need a place to stay\u2026 we saw your sign on the road but\u2026 can&#8217;t find you!   <\/em>  \u2014la veu sonava entre divertida i una mica desesperada.<\/p>\n\n<p>En escoltar all\u00f2, la Mireia i alguns clients van comen\u00e7ar a riure en veu baixa, encara que Lourdes seguia amb les celles arrufades, clarament preocupada per Lolo.<\/p>\n\n<p>\u2014No us preocupeu! \u2014vaig dir, intentant sonar m\u00e9s segur del que em sentia\u2014. Eh\u2026 I mean,    <em>don&#8217;t worry! We&#8217;ll guide you! <\/em>.<\/p>\n\n<p>R\u00e0pidament els vaig donar indicacions, encara que no estava segur que les seguissin del tot, perqu\u00e8 en algun moment de la conversa un dels turistes va exclamar que \u201cla boira era com un monstre de pel\u00b7l\u00edcula de terror\u201d. Finalment, despr\u00e9s de diversos intents, van entendre el cam\u00ed, o almenys aix\u00f2 semblava, i em vaig acomiadar amb un animat \u201cSee you soon!\u201d. <\/p>\n\n<h4 class=\"wp-block-heading\"><strong>L&#8217;arribada dels guiris<\/strong> . El Misteri de les Olors i les Aparicions a Mas Torrencito<\/h4>\n\n<p>Van passar uns vint minuts, i just quan els clients es comen\u00e7aven a dispersar per a les seves habitacions, vam sentir un parell de tocs t\u00edmids a la porta. En obrir, em vaig trobar cara a cara amb dues figures que semblaven tretes d&#8217;un festival de m\u00fasica indie: un d&#8217;ells, ros amb una barba espessa i una bufanda teixida que semblava un collaret gegant, i l&#8217;altra, una noia p\u00e8l-roja amb un somriure gegant i una c\u00e0mera penjada del coll, com si estigu\u00e9s a punt per fotografiar fins a l&#8217;\u00faltim rac\u00f3 de la casa. <\/p>\n\n<p>\u2014Hola! \u2014van saludar tots dos, i despr\u00e9s van comen\u00e7ar a riure&#8217;s ia saludar els gossos, que es van acostar de seguida, fent olor les maletes. <\/p>\n\n<p>\u2014<em>Hello! We are\u2026 eh\u2026 very\u2026 eh\u2026 sorry! Thank you so much for helping us!  <\/em>  \u2014va dir la noia, que despr\u00e9s es va presentar com la Lucy, mentre el ros, que anomenaven Oliver, assentia i s&#8217;ajupia per acariciar Mastitwo.<\/p>\n\n<p>R\u00e0pidament, els mostrem una habitaci\u00f3 i els oferim una mica de caf\u00e8 calent. La parella es va instal\u00b7lar al sal\u00f3 al costat d&#8217;alguns clients que encara hi eren, i l&#8217;ambient va comen\u00e7ar a relaxar-se. Amb una naturalitat encantadora, Lucy i Oliver van comen\u00e7ar a explicar an\u00e8cdotes del viatge pel nord d&#8217;Espanya, narrant com s&#8217;havien perdut al mig de la boira en una hist\u00f2ria que involucrava un mapa que, segons ells, semblava dibuixat per un nen de cinc anys.  <\/p>\n\n<p>Isa i Vicent, que encara eren al chill out, van riure a riallades amb la hist\u00f2ria dels guiris, i no van trigar a entaular conversa amb ells.<\/p>\n\n<p>\u2014 <em>Oh, it&#8217;s like a\u2026<\/em> com es diu? Una\u2026 masia embruixada? \u2014va preguntar Oliver al seu espanyol rudimentari, causant que diversos clients llancessin una riallada.  <\/p>\n\n<p>\u2014Aix\u00ed sembla! \u2014vaig respondre, rient-me i, per un moment, oblidant la tensi\u00f3 del gat desaparegut i les ombres misterioses. <\/p>\n\n<h4 class=\"wp-block-heading\"><strong>La calma despr\u00e9s de la tempesta<\/strong> . El Misteri de les Olors i les Aparicions a Mas Torrencito (2a part)<\/h4>\n\n<p>Els nous hostes eren com un bufa d&#8217;aire fresc. Lucy va resultar ser una amant dels animals, i r\u00e0pidament es va integrar amb els gossos i els gats, convertint-se en amiga de quatre potes en q\u00fcesti\u00f3 de minuts. Oliver, per la seva banda, era un expert a explicar hist\u00f2ries exagerades, i en q\u00fcesti\u00f3 de minuts tenia tots al sal\u00f3 rient mentre descrivia una suposada \u201cbatalla \u00e8pica\u201d que havia lliurat contra un gat de carrer en un poble de Portugal.  <\/p>\n\n<p>Fins i tot Lourdes, encara preocupada per Lolo, no va poder evitar riure&#8217;s quan Oliver va comen\u00e7ar a imitar els miols del \u201cgat ferotge\u201d que, segons ell, havia intentat \u201catacar-lo\u201d al mig del carrer. I aix\u00ed, de mica en mica, l&#8217;ambient es va anar relaxant i la tensi\u00f3 a la casa va disminuir. Fins i tot els gossos, que havien estat inquiets fins fa un moment, es van arraulir al costat de Lucy, com si sabessin que estaven en bona companyia.  <\/p>\n<figure class=\"wp-block-post-featured-image\"><img fetchpriority=\"high\" decoding=\"async\" width=\"1024\" height=\"1024\" src=\"https:\/\/mastorrencito.com\/cat\/wp-content\/uploads\/sites\/3\/olores1.jpg\" class=\"attachment-post-thumbnail size-post-thumbnail wp-post-image\" alt=\"\" style=\"object-fit:cover;\" srcset=\"https:\/\/mastorrencito.com\/cat\/wp-content\/uploads\/sites\/3\/olores1.jpg 1024w, https:\/\/mastorrencito.com\/cat\/wp-content\/uploads\/sites\/3\/olores1-300x300.jpg 300w, https:\/\/mastorrencito.com\/cat\/wp-content\/uploads\/sites\/3\/olores1-150x150.jpg 150w, https:\/\/mastorrencito.com\/cat\/wp-content\/uploads\/sites\/3\/olores1-768x768.jpg 768w\" sizes=\"(max-width: 1024px) 100vw, 1024px\" \/><\/figure>\n<p>La parella es va quedar tan a gust que va decidir quedar-se al chill out, on es van instal\u00b7lar en un dels sof\u00e0s amb una manta i van comen\u00e7ar a veure \u00abPasapalabra\u00bb amb els altres clients, comentant les paraules com si sabessin perfectament de qu\u00e8 anava el programa . La boira fora, que abans havia semblat esfere\u00efdora, ara se sentia com un acollidor mantell que ens a\u00efllava de la resta del m\u00f3n. <\/p>\n\n<p>La Mireia es va acostar a mi i em va somriure.<\/p>\n\n<p>\u2014Miguel, aquests guiris van arribar just a temps. No s\u00e9 per qu\u00e8, per\u00f2 em fa la sensaci\u00f3 que la seva bona energia ens feia falta aquesta nit. <\/p>\n\n<p>Vaig assentir, mirant els clients i les seves mascotes, tots junts en una mena de pau estranya per\u00f2 agradable. Per un moment, vaig pensar que la nit havia decidit fer-nos un respir. <\/p>\n\n<hr class=\"wp-block-separator has-alpha-channel-opacity\" \/>\n\n<h4 class=\"wp-block-heading\"><strong>Un descobriment inesperat<\/strong> .<\/h4>\n\n<p>Just quan tots ens semblava relaxar-nos i l&#8217;ambient tornava a ser c\u00e0lid, un so peculiar va trencar el silenci. Era un lladruc agut i suau que venia\u2026 de darrere del sof\u00e0! <\/p>\n\n<p>Lourdes es va aixecar d&#8217;un salt, i abans que pogu\u00e9s dir res, Lolo, el seu petit yorkshire terrier, va apar\u00e8ixer amb una expressi\u00f3 tan tranquil\u00b7la com la de sempre, com si hi hagu\u00e9s estat tot el temps, ocult en un amagatall secret. Amb aquesta actitud caracter\u00edstica dels yorkshire, Lolo es va acostar a la seva propiet\u00e0ria bellugant la cua i llan\u00e7ant-li una mirada que semblava dir: \u00abDe qu\u00e8 s&#8217;han preocupat?\u00bb <\/p>\n\n<p>\u2014\u00a1 Lolo! \u2014va exclamar Lourdes, abra\u00e7ant-lo i acariciant-lo mentre l&#8217;examinava per assegurar-se que estigu\u00e9s b\u00e9\u2014. \u00bf On t&#8217;havies ficat, murri?!  <\/p>\n\n<p>Els clients i nosaltres ens vam relaxar en veure que el petit Lolo havia aparegut sa i estalvi, i Oliver, sense poder evitar-ho, va comen\u00e7ar a fer broma, suggerint que Lolo podria ser \u201cel veritable guardi\u00e0 de la Mas Torrencito, amb un uniforme d&#8217;espia i tot \u201d. Fins i tot va posar al costat de Lolo per a una foto, mentre Lucy reia i capturava el moment amb la seva c\u00e0mera. <\/p>\n\n<h4 class=\"wp-block-heading\">Tornada a la normalitat?<\/h4>\n\n<p>I quan semblava que tot tornava a la normalitat, un detall em va deixar intrigat. En mirar darrere del sof\u00e0 per veure l&#8217;amagatall de Lolo, vaig notar una cosa estranya a terra. Semblaven\u2026 empremtes? S\u00ed, unes petites empremtes mullades, clarament de gosset, que anaven des de l&#8217;entrada fins al darrere del sof\u00e0. No obstant aix\u00f2, hi havia alguna cosa estranya, com si se&#8217;n superposessin d&#8217;altres de m\u00e9s grans.    <\/p>\n\n<p>Vaig intentar ignorar-ho, per\u00f2 el desconcert era impossible d&#8217;evitar. Com podia un gosset tan petit deixar empremtes amb aquesta forma i mida? <\/p>\n\n<p>La Mireia tamb\u00e9 les va notar, i ens mirem sense saber gaire qu\u00e8 pensar. Per un moment, gaireb\u00e9 em vaig atrevir a preguntar a la Lourdes si la Lolo s&#8217;havia comportat de manera estranya, per\u00f2 vaig decidir no espantar-la. Tot i aix\u00f2, mentre torn\u00e0vem al chill out, una pregunta es va instal\u00b7lar a la meva ment i no vaig poder evitar-ho:  <\/p>\n\n<p>Hi havia alguna cosa o alg\u00fa m\u00e9s a la Mas Torrencito aquella nit?&#8230;..<br \/><br \/>La nit avan\u00e7ava i tots intent\u00e0vem relaxar-nos, encara que les petjades mullades i l&#8217;estrany comportament de Lolo ens tenien intrigats. El Misteri de les Olors i les Aparicions a Mas Torrencito<\/p>\n\n<p>Lourdes continuava acaronant el seu petit yorkshire, i els clients, encara que una mica tensos, intentaven conv\u00e8ncer-se que tot tenia una explicaci\u00f3 racional.<\/p>\n\n<p>De sobte, Oliver es va aixecar del sof\u00e0 amb una expressi\u00f3 de sorpresa i va assenyalar una petita ombra que lliscava entre les potes de la taula del menjador.<\/p>\n\n<p>\u2014 <em>Wait\u2026 is that\u2026 a cat?<\/em> \u2014va preguntar, pampalluguejant, mentre la petita figura s&#8217;aturava en sec i ens observava amb ulls brillants.<\/p>\n\n<p>Ens girem per veure el que Oliver havia assenyalat, i all\u00e0 hi havia: un gat de carrer, amb pelatge gris i una mirada astuta, observant-nos amb menyspreu des de sota la taula. Era un gat flac i \u00e0gil, que semblava haver trobat a la Mas Torrencito el lloc perfecte per a un sopar\u2026 i una mica d\u00b4entreteniment. <\/p>\n\n<h3 class=\"wp-block-heading\">El gat invasor de m\u00e9s torrenet<\/h3>\n<figure class=\"wp-block-post-featured-image\"><img fetchpriority=\"high\" decoding=\"async\" width=\"1024\" height=\"1024\" src=\"https:\/\/mastorrencito.com\/cat\/wp-content\/uploads\/sites\/3\/olores1.jpg\" class=\"attachment-post-thumbnail size-post-thumbnail wp-post-image\" alt=\"\" style=\"object-fit:cover;\" srcset=\"https:\/\/mastorrencito.com\/cat\/wp-content\/uploads\/sites\/3\/olores1.jpg 1024w, https:\/\/mastorrencito.com\/cat\/wp-content\/uploads\/sites\/3\/olores1-300x300.jpg 300w, https:\/\/mastorrencito.com\/cat\/wp-content\/uploads\/sites\/3\/olores1-150x150.jpg 150w, https:\/\/mastorrencito.com\/cat\/wp-content\/uploads\/sites\/3\/olores1-768x768.jpg 768w\" sizes=\"(max-width: 1024px) 100vw, 1024px\" \/><\/figure>\n<p>La Mireia i jo ens vam acostar lentament, i el gat, en veure&#8217;s descobert, va fer un salt \u00e0gil i es va amagar darrere del sof\u00e0. Lourdes va exclamar, amb un riure nervi\u00f3s: <\/p>\n\n<p>\u2014Aix\u00ed que aquest \u00e9s el veritable culpable de tota aquesta nit!<\/p>\n\n<p>Isa, que mirava l&#8217;escena amb un somriure divertit, va assentir.<\/p>\n\n<p>\u2014\u00c9s clar, segur que aquest gatet ha estat entrant i sortint de la casa sense que ho not\u00e9ssim. I Lolo\u2026 b\u00e9, segur que ho ha estat seguint. <\/p>\n\n<p>De sobte, tot comen\u00e7ava a tenir sentit. El gat havia estat rondant la casa des d&#8217;hora, causant que Lolo i els altres gossos el perseguissin per cada rac\u00f3. deixat en el seu petit joc d&#8217;amagatall.  <\/p>\n\n<p>La Mireia va riure, ja m\u00e9s relaxada, i es va girar cap a mi.<\/p>\n\n<p>\u2014Aleshores, tot aix\u00f2 va ser per un gat que va trobar el seu parad\u00eds a la Mas Torrencito!<\/p>\n\n<p>El gat de carrer ens mirava des del seu amagatall, probablement sentint-se molt orgull\u00f3s d&#8217;haver posat de cap per avall la tranquil\u00b7la nit de la casa. Lolo, en veure que tots estaven pendents del gat, va comen\u00e7ar a bordar de nou, clarament molest per haver perdut el protagonisme. Lourdes no va poder evitar riure&#8217;s.  <\/p>\n\n<p>\u2014Va, Lolo! \u00c9s que tu tamb\u00e9 volies causar una \u201cnit misteriosa\u201d? <\/p>\n\n<h4 class=\"wp-block-heading\">Fora la tensi\u00f3<\/h4>\n\n<p>Oliver i Lucy, encantats amb el desenlla\u00e7, van comen\u00e7ar a fer fotos del gat i de Lolo. Tothom va comen\u00e7ar a fer broma sobre la \u201cllegenda del gat fantasma de la Mas Torrencito\u201d i la nit va recuperar aquest ambient c\u00e0lid i dist\u00e8s. <\/p>\n\n<p>Per rematar la situaci\u00f3, el gat, amb la mateixa calma amb qu\u00e8 havia entrat, va sortir de l&#8217;amagatall i va caminar lentament cap a la porta, donant-nos una darrera mirada desafiant, com dient: \u201ctornar\u00e9\u201d.<\/p>\n\n<p>En veure&#8217;l anar-se&#8217;n, Isa va fer broma:<\/p>\n\n<p>\u2014Sembla que al final, el gat nom\u00e9s va assegurar-se que la Mas Torrencito \u00e9s de bona qualitat. Fins i tot ell l&#8217;ha aprovada! <\/p>\n\n<p>Mentre les rialles omplien la sala i Lolo s&#8217;acomodava finalment a la falda de Lourdes, la boira fora va comen\u00e7ar a aclarir-se. El gat va desapar\u00e8ixer a la foscor, i amb ell, la sensaci\u00f3 d&#8217;inquietud que havia marcat la nit. <\/p>\n\n<hr class=\"wp-block-separator has-alpha-channel-opacity\" \/>\n\n<h4 class=\"wp-block-heading\"><strong>La Pau Retornada<\/strong> .  <\/h4>\n\n<p>L&#8217;endem\u00e0 al mat\u00ed, la Mas Torrencito va clarejar tranquil\u00b7la. Els clients comentaven entre rialles els esdeveniments de la nit anterior, i la Mireia i jo, per fi, vam poder relaxar-nos. Els turistes, Oliver i Lucy, van fer fotos de la masia i van prometre tornar per a \u00abm\u00e9s aventures\u00bb.  <\/p>\n\n<p>Finalment, la Mas Torrencito va recuperar la seva habitual tranquil\u00b7litat\u2026 o almenys fins que un nou hoste, hum\u00e0 o animal, decid\u00eds portar un toc de caos novament.<br \/><br \/> Des de Mas Torrencito us desitgem un bon dia i que el vostre gos us acompanyi!!!!<\/p>\n\n<p>\u2014\u2013<br \/> Si vols, podeu veure els nostres <strong>bons per caps de setmana, bons jubilats<\/strong> , a un preu incre\u00efble..entra a <a href=\"https:\/\/www.mastorrencito.com\/\">www.mastorrencito.com<\/a> o si vols podeu llegir m\u00e9s hist\u00f2ria i an\u00e8cdotes que ens han passat a Mas Torrencito\u2026 Fes click <a href=\"https:\/\/mastorrencito.com\/\">aqu\u00ed<\/a> :<\/p>\n","protected":false},"excerpt":{"rendered":"<p>Hi havia poques nits com aquella a l&#8217;Empord\u00e0, amb un hivern decidit a colar-se a cada rac\u00f3. El Misteri de les Olors i les Aparicions a Mas Torrencito La boira ho cobria tot de manera que la carretera fins a la masia semblava m\u00e9s un t\u00fanel de pel\u00b7l\u00edcula de terror que una simple pista rural. [&hellip;]<\/p>\n","protected":false},"author":2,"featured_media":4777,"comment_status":"open","ping_status":"open","sticky":false,"template":"","format":"standard","meta":{"_acf_changed":false,"footnotes":""},"categories":[35],"tags":[],"class_list":["post-4699","post","type-post","status-publish","format-standard","has-post-thumbnail","hentry","category-histories-mastorrencito"],"yoast_head":"<!-- This site is optimized with the Yoast SEO Premium plugin v27.3 (Yoast SEO v27.5) - https:\/\/yoast.com\/product\/yoast-seo-premium-wordpress\/ -->\n<title>El Misteri de les Olors i les Aparicions a Mas Torrencito - Mas Torrencito CAT<\/title>\n<meta name=\"description\" content=\"les coses que passen en m\u00e9s torrenet es queden en m\u00e9s torrenet. El Misteri de les Olors i les Aparicions a Mas Torrencito\" \/>\n<meta name=\"robots\" content=\"index, follow, max-snippet:-1, max-image-preview:large, max-video-preview:-1\" \/>\n<link rel=\"canonical\" href=\"https:\/\/mastorrencito.com\/cat\/el-misteri-de-les-olors-i-les-aparicions-a-mas-torrencito\/\" \/>\n<meta property=\"og:locale\" content=\"es_ES\" \/>\n<meta property=\"og:type\" content=\"article\" \/>\n<meta property=\"og:title\" content=\"El Misteri de les Olors i les Aparicions a Mas Torrencito\" \/>\n<meta property=\"og:description\" content=\"les coses que passen en m\u00e9s torrenet es queden en m\u00e9s torrenet. El Misteri de les Olors i les Aparicions a Mas Torrencito\" \/>\n<meta property=\"og:url\" content=\"https:\/\/mastorrencito.com\/cat\/el-misteri-de-les-olors-i-les-aparicions-a-mas-torrencito\/\" \/>\n<meta property=\"og:site_name\" content=\"Mas Torrencito CAT\" \/>\n<meta property=\"article:published_time\" content=\"2024-11-05T06:31:50+00:00\" \/>\n<meta property=\"og:image\" content=\"https:\/\/mastorrencito.com\/cat\/wp-content\/uploads\/sites\/3\/olores1.jpg\" \/>\n\t<meta property=\"og:image:width\" content=\"1024\" \/>\n\t<meta property=\"og:image:height\" content=\"1024\" \/>\n\t<meta property=\"og:image:type\" content=\"image\/jpeg\" \/>\n<meta name=\"author\" content=\"Mastorrencito\" \/>\n<meta name=\"twitter:card\" content=\"summary_large_image\" \/>\n<meta name=\"twitter:label1\" content=\"Escrito por\" \/>\n\t<meta name=\"twitter:data1\" content=\"Mastorrencito\" \/>\n\t<meta name=\"twitter:label2\" content=\"Tiempo de lectura\" \/>\n\t<meta name=\"twitter:data2\" content=\"8 minutos\" \/>\n<script type=\"application\/ld+json\" class=\"yoast-schema-graph\">{\"@context\":\"https:\\\/\\\/schema.org\",\"@graph\":[{\"@type\":\"Article\",\"@id\":\"https:\\\/\\\/mastorrencito.com\\\/cat\\\/el-misteri-de-les-olors-i-les-aparicions-a-mas-torrencito\\\/#article\",\"isPartOf\":{\"@id\":\"https:\\\/\\\/mastorrencito.com\\\/cat\\\/el-misteri-de-les-olors-i-les-aparicions-a-mas-torrencito\\\/\"},\"author\":{\"name\":\"Mastorrencito\",\"@id\":\"https:\\\/\\\/mastorrencito.com\\\/#\\\/schema\\\/person\\\/18c619be80d4ae2667c702911625f790\"},\"headline\":\"El Misteri de les Olors i les Aparicions a Mas Torrencito\",\"datePublished\":\"2024-11-05T06:31:50+00:00\",\"mainEntityOfPage\":{\"@id\":\"https:\\\/\\\/mastorrencito.com\\\/cat\\\/el-misteri-de-les-olors-i-les-aparicions-a-mas-torrencito\\\/\"},\"wordCount\":3409,\"commentCount\":0,\"publisher\":{\"@id\":\"https:\\\/\\\/mastorrencito.com\\\/#organization\"},\"image\":{\"@id\":\"https:\\\/\\\/mastorrencito.com\\\/cat\\\/el-misteri-de-les-olors-i-les-aparicions-a-mas-torrencito\\\/#primaryimage\"},\"thumbnailUrl\":\"https:\\\/\\\/mastorrencito.com\\\/cat\\\/wp-content\\\/uploads\\\/sites\\\/3\\\/olores1.jpg\",\"articleSection\":[\"Hist\u00f2ries Mastorrencito\"],\"inLanguage\":\"es\",\"potentialAction\":[{\"@type\":\"CommentAction\",\"name\":\"Comment\",\"target\":[\"https:\\\/\\\/mastorrencito.com\\\/cat\\\/el-misteri-de-les-olors-i-les-aparicions-a-mas-torrencito\\\/#respond\"]}]},{\"@type\":\"WebPage\",\"@id\":\"https:\\\/\\\/mastorrencito.com\\\/cat\\\/el-misteri-de-les-olors-i-les-aparicions-a-mas-torrencito\\\/\",\"url\":\"https:\\\/\\\/mastorrencito.com\\\/cat\\\/el-misteri-de-les-olors-i-les-aparicions-a-mas-torrencito\\\/\",\"name\":\"El Misteri de les Olors i les Aparicions a Mas Torrencito - Mas Torrencito CAT\",\"isPartOf\":{\"@id\":\"https:\\\/\\\/mastorrencito.com\\\/#website\"},\"primaryImageOfPage\":{\"@id\":\"https:\\\/\\\/mastorrencito.com\\\/cat\\\/el-misteri-de-les-olors-i-les-aparicions-a-mas-torrencito\\\/#primaryimage\"},\"image\":{\"@id\":\"https:\\\/\\\/mastorrencito.com\\\/cat\\\/el-misteri-de-les-olors-i-les-aparicions-a-mas-torrencito\\\/#primaryimage\"},\"thumbnailUrl\":\"https:\\\/\\\/mastorrencito.com\\\/cat\\\/wp-content\\\/uploads\\\/sites\\\/3\\\/olores1.jpg\",\"datePublished\":\"2024-11-05T06:31:50+00:00\",\"description\":\"les coses que passen en m\u00e9s torrenet es queden en m\u00e9s torrenet. El Misteri de les Olors i les Aparicions a Mas Torrencito\",\"breadcrumb\":{\"@id\":\"https:\\\/\\\/mastorrencito.com\\\/cat\\\/el-misteri-de-les-olors-i-les-aparicions-a-mas-torrencito\\\/#breadcrumb\"},\"inLanguage\":\"es\",\"potentialAction\":[{\"@type\":\"ReadAction\",\"target\":[\"https:\\\/\\\/mastorrencito.com\\\/cat\\\/el-misteri-de-les-olors-i-les-aparicions-a-mas-torrencito\\\/\"]}]},{\"@type\":\"ImageObject\",\"inLanguage\":\"es\",\"@id\":\"https:\\\/\\\/mastorrencito.com\\\/cat\\\/el-misteri-de-les-olors-i-les-aparicions-a-mas-torrencito\\\/#primaryimage\",\"url\":\"https:\\\/\\\/mastorrencito.com\\\/cat\\\/wp-content\\\/uploads\\\/sites\\\/3\\\/olores1.jpg\",\"contentUrl\":\"https:\\\/\\\/mastorrencito.com\\\/cat\\\/wp-content\\\/uploads\\\/sites\\\/3\\\/olores1.jpg\",\"width\":1024,\"height\":1024},{\"@type\":\"BreadcrumbList\",\"@id\":\"https:\\\/\\\/mastorrencito.com\\\/cat\\\/el-misteri-de-les-olors-i-les-aparicions-a-mas-torrencito\\\/#breadcrumb\",\"itemListElement\":[{\"@type\":\"ListItem\",\"position\":1,\"name\":\"Portada\",\"item\":\"https:\\\/\\\/mastorrencito.com\\\/\"},{\"@type\":\"ListItem\",\"position\":2,\"name\":\"El Misteri de les Olors i les Aparicions a Mas Torrencito\"}]},{\"@type\":\"WebSite\",\"@id\":\"https:\\\/\\\/mastorrencito.com\\\/#website\",\"url\":\"https:\\\/\\\/mastorrencito.com\\\/\",\"name\":\"Mas Torrencito CAT\",\"description\":\"Casa rural pet friendly en Girona\",\"publisher\":{\"@id\":\"https:\\\/\\\/mastorrencito.com\\\/#organization\"},\"potentialAction\":[{\"@type\":\"SearchAction\",\"target\":{\"@type\":\"EntryPoint\",\"urlTemplate\":\"https:\\\/\\\/mastorrencito.com\\\/?s={search_term_string}\"},\"query-input\":{\"@type\":\"PropertyValueSpecification\",\"valueRequired\":true,\"valueName\":\"search_term_string\"}}],\"inLanguage\":\"es\"},{\"@type\":\"Organization\",\"@id\":\"https:\\\/\\\/mastorrencito.com\\\/#organization\",\"name\":\"Mas Torrencito CAT\",\"url\":\"https:\\\/\\\/mastorrencito.com\\\/\",\"logo\":{\"@type\":\"ImageObject\",\"inLanguage\":\"es\",\"@id\":\"https:\\\/\\\/mastorrencito.com\\\/#\\\/schema\\\/logo\\\/image\\\/\",\"url\":\"https:\\\/\\\/mastorrencito.com\\\/cat\\\/wp-content\\\/uploads\\\/sites\\\/3\\\/Logo-Mastorrencito-horizontal.webp\",\"contentUrl\":\"https:\\\/\\\/mastorrencito.com\\\/cat\\\/wp-content\\\/uploads\\\/sites\\\/3\\\/Logo-Mastorrencito-horizontal.webp\",\"width\":161,\"height\":54,\"caption\":\"Mas Torrencito CAT\"},\"image\":{\"@id\":\"https:\\\/\\\/mastorrencito.com\\\/#\\\/schema\\\/logo\\\/image\\\/\"}},{\"@type\":\"Person\",\"@id\":\"https:\\\/\\\/mastorrencito.com\\\/#\\\/schema\\\/person\\\/18c619be80d4ae2667c702911625f790\",\"name\":\"Mastorrencito\",\"image\":{\"@type\":\"ImageObject\",\"inLanguage\":\"es\",\"@id\":\"https:\\\/\\\/secure.gravatar.com\\\/avatar\\\/3ef55e0519f987a734c21caee1423b51df7b760b7d81a38ecd31cab0a5115f6d?s=96&d=mm&r=g\",\"url\":\"https:\\\/\\\/secure.gravatar.com\\\/avatar\\\/3ef55e0519f987a734c21caee1423b51df7b760b7d81a38ecd31cab0a5115f6d?s=96&d=mm&r=g\",\"contentUrl\":\"https:\\\/\\\/secure.gravatar.com\\\/avatar\\\/3ef55e0519f987a734c21caee1423b51df7b760b7d81a38ecd31cab0a5115f6d?s=96&d=mm&r=g\",\"caption\":\"Mastorrencito\"},\"url\":\"https:\\\/\\\/mastorrencito.com\\\/cat\\\/author\\\/mastorrencito\\\/\"}]}<\/script>\n<!-- \/ Yoast SEO Premium plugin. -->","yoast_head_json":{"title":"El Misteri de les Olors i les Aparicions a Mas Torrencito - Mas Torrencito CAT","description":"les coses que passen en m\u00e9s torrenet es queden en m\u00e9s torrenet. El Misteri de les Olors i les Aparicions a Mas Torrencito","robots":{"index":"index","follow":"follow","max-snippet":"max-snippet:-1","max-image-preview":"max-image-preview:large","max-video-preview":"max-video-preview:-1"},"canonical":"https:\/\/mastorrencito.com\/cat\/el-misteri-de-les-olors-i-les-aparicions-a-mas-torrencito\/","og_locale":"es_ES","og_type":"article","og_title":"El Misteri de les Olors i les Aparicions a Mas Torrencito","og_description":"les coses que passen en m\u00e9s torrenet es queden en m\u00e9s torrenet. El Misteri de les Olors i les Aparicions a Mas Torrencito","og_url":"https:\/\/mastorrencito.com\/cat\/el-misteri-de-les-olors-i-les-aparicions-a-mas-torrencito\/","og_site_name":"Mas Torrencito CAT","article_published_time":"2024-11-05T06:31:50+00:00","og_image":[{"width":1024,"height":1024,"url":"https:\/\/mastorrencito.com\/cat\/wp-content\/uploads\/sites\/3\/olores1.jpg","type":"image\/jpeg"}],"author":"Mastorrencito","twitter_card":"summary_large_image","twitter_misc":{"Escrito por":"Mastorrencito","Tiempo de lectura":"8 minutos"},"schema":{"@context":"https:\/\/schema.org","@graph":[{"@type":"Article","@id":"https:\/\/mastorrencito.com\/cat\/el-misteri-de-les-olors-i-les-aparicions-a-mas-torrencito\/#article","isPartOf":{"@id":"https:\/\/mastorrencito.com\/cat\/el-misteri-de-les-olors-i-les-aparicions-a-mas-torrencito\/"},"author":{"name":"Mastorrencito","@id":"https:\/\/mastorrencito.com\/#\/schema\/person\/18c619be80d4ae2667c702911625f790"},"headline":"El Misteri de les Olors i les Aparicions a Mas Torrencito","datePublished":"2024-11-05T06:31:50+00:00","mainEntityOfPage":{"@id":"https:\/\/mastorrencito.com\/cat\/el-misteri-de-les-olors-i-les-aparicions-a-mas-torrencito\/"},"wordCount":3409,"commentCount":0,"publisher":{"@id":"https:\/\/mastorrencito.com\/#organization"},"image":{"@id":"https:\/\/mastorrencito.com\/cat\/el-misteri-de-les-olors-i-les-aparicions-a-mas-torrencito\/#primaryimage"},"thumbnailUrl":"https:\/\/mastorrencito.com\/cat\/wp-content\/uploads\/sites\/3\/olores1.jpg","articleSection":["Hist\u00f2ries Mastorrencito"],"inLanguage":"es","potentialAction":[{"@type":"CommentAction","name":"Comment","target":["https:\/\/mastorrencito.com\/cat\/el-misteri-de-les-olors-i-les-aparicions-a-mas-torrencito\/#respond"]}]},{"@type":"WebPage","@id":"https:\/\/mastorrencito.com\/cat\/el-misteri-de-les-olors-i-les-aparicions-a-mas-torrencito\/","url":"https:\/\/mastorrencito.com\/cat\/el-misteri-de-les-olors-i-les-aparicions-a-mas-torrencito\/","name":"El Misteri de les Olors i les Aparicions a Mas Torrencito - Mas Torrencito CAT","isPartOf":{"@id":"https:\/\/mastorrencito.com\/#website"},"primaryImageOfPage":{"@id":"https:\/\/mastorrencito.com\/cat\/el-misteri-de-les-olors-i-les-aparicions-a-mas-torrencito\/#primaryimage"},"image":{"@id":"https:\/\/mastorrencito.com\/cat\/el-misteri-de-les-olors-i-les-aparicions-a-mas-torrencito\/#primaryimage"},"thumbnailUrl":"https:\/\/mastorrencito.com\/cat\/wp-content\/uploads\/sites\/3\/olores1.jpg","datePublished":"2024-11-05T06:31:50+00:00","description":"les coses que passen en m\u00e9s torrenet es queden en m\u00e9s torrenet. El Misteri de les Olors i les Aparicions a Mas Torrencito","breadcrumb":{"@id":"https:\/\/mastorrencito.com\/cat\/el-misteri-de-les-olors-i-les-aparicions-a-mas-torrencito\/#breadcrumb"},"inLanguage":"es","potentialAction":[{"@type":"ReadAction","target":["https:\/\/mastorrencito.com\/cat\/el-misteri-de-les-olors-i-les-aparicions-a-mas-torrencito\/"]}]},{"@type":"ImageObject","inLanguage":"es","@id":"https:\/\/mastorrencito.com\/cat\/el-misteri-de-les-olors-i-les-aparicions-a-mas-torrencito\/#primaryimage","url":"https:\/\/mastorrencito.com\/cat\/wp-content\/uploads\/sites\/3\/olores1.jpg","contentUrl":"https:\/\/mastorrencito.com\/cat\/wp-content\/uploads\/sites\/3\/olores1.jpg","width":1024,"height":1024},{"@type":"BreadcrumbList","@id":"https:\/\/mastorrencito.com\/cat\/el-misteri-de-les-olors-i-les-aparicions-a-mas-torrencito\/#breadcrumb","itemListElement":[{"@type":"ListItem","position":1,"name":"Portada","item":"https:\/\/mastorrencito.com\/"},{"@type":"ListItem","position":2,"name":"El Misteri de les Olors i les Aparicions a Mas Torrencito"}]},{"@type":"WebSite","@id":"https:\/\/mastorrencito.com\/#website","url":"https:\/\/mastorrencito.com\/","name":"Mas Torrencito CAT","description":"Casa rural pet friendly en Girona","publisher":{"@id":"https:\/\/mastorrencito.com\/#organization"},"potentialAction":[{"@type":"SearchAction","target":{"@type":"EntryPoint","urlTemplate":"https:\/\/mastorrencito.com\/?s={search_term_string}"},"query-input":{"@type":"PropertyValueSpecification","valueRequired":true,"valueName":"search_term_string"}}],"inLanguage":"es"},{"@type":"Organization","@id":"https:\/\/mastorrencito.com\/#organization","name":"Mas Torrencito CAT","url":"https:\/\/mastorrencito.com\/","logo":{"@type":"ImageObject","inLanguage":"es","@id":"https:\/\/mastorrencito.com\/#\/schema\/logo\/image\/","url":"https:\/\/mastorrencito.com\/cat\/wp-content\/uploads\/sites\/3\/Logo-Mastorrencito-horizontal.webp","contentUrl":"https:\/\/mastorrencito.com\/cat\/wp-content\/uploads\/sites\/3\/Logo-Mastorrencito-horizontal.webp","width":161,"height":54,"caption":"Mas Torrencito CAT"},"image":{"@id":"https:\/\/mastorrencito.com\/#\/schema\/logo\/image\/"}},{"@type":"Person","@id":"https:\/\/mastorrencito.com\/#\/schema\/person\/18c619be80d4ae2667c702911625f790","name":"Mastorrencito","image":{"@type":"ImageObject","inLanguage":"es","@id":"https:\/\/secure.gravatar.com\/avatar\/3ef55e0519f987a734c21caee1423b51df7b760b7d81a38ecd31cab0a5115f6d?s=96&d=mm&r=g","url":"https:\/\/secure.gravatar.com\/avatar\/3ef55e0519f987a734c21caee1423b51df7b760b7d81a38ecd31cab0a5115f6d?s=96&d=mm&r=g","contentUrl":"https:\/\/secure.gravatar.com\/avatar\/3ef55e0519f987a734c21caee1423b51df7b760b7d81a38ecd31cab0a5115f6d?s=96&d=mm&r=g","caption":"Mastorrencito"},"url":"https:\/\/mastorrencito.com\/cat\/author\/mastorrencito\/"}]}},"acf":[],"_links":{"self":[{"href":"https:\/\/mastorrencito.com\/cat\/wp-json\/wp\/v2\/posts\/4699","targetHints":{"allow":["GET"]}}],"collection":[{"href":"https:\/\/mastorrencito.com\/cat\/wp-json\/wp\/v2\/posts"}],"about":[{"href":"https:\/\/mastorrencito.com\/cat\/wp-json\/wp\/v2\/types\/post"}],"author":[{"embeddable":true,"href":"https:\/\/mastorrencito.com\/cat\/wp-json\/wp\/v2\/users\/2"}],"replies":[{"embeddable":true,"href":"https:\/\/mastorrencito.com\/cat\/wp-json\/wp\/v2\/comments?post=4699"}],"version-history":[{"count":0,"href":"https:\/\/mastorrencito.com\/cat\/wp-json\/wp\/v2\/posts\/4699\/revisions"}],"wp:featuredmedia":[{"embeddable":true,"href":"https:\/\/mastorrencito.com\/cat\/wp-json\/wp\/v2\/media\/4777"}],"wp:attachment":[{"href":"https:\/\/mastorrencito.com\/cat\/wp-json\/wp\/v2\/media?parent=4699"}],"wp:term":[{"taxonomy":"category","embeddable":true,"href":"https:\/\/mastorrencito.com\/cat\/wp-json\/wp\/v2\/categories?post=4699"},{"taxonomy":"post_tag","embeddable":true,"href":"https:\/\/mastorrencito.com\/cat\/wp-json\/wp\/v2\/tags?post=4699"}],"curies":[{"name":"wp","href":"https:\/\/api.w.org\/{rel}","templated":true}]}}