{"id":4687,"date":"2024-10-31T06:26:40","date_gmt":"2024-10-31T06:26:40","guid":{"rendered":"https:\/\/casaruralconperrosgirona.com\/i-on-sou\/"},"modified":"2024-10-31T06:26:40","modified_gmt":"2024-10-31T06:26:40","slug":"i-on-sou","status":"publish","type":"post","link":"https:\/\/mastorrencito.com\/cat\/i-on-sou\/","title":{"rendered":"i&#8230; on sou&#8230;?"},"content":{"rendered":"\n<p>Des d&#8217;aqu\u00ed, en un rac\u00f3 que encara fa olor de fang i humitat, intento comprendre el que va passar. S\u00f3c nom\u00e9s un gos, un \u00e9sser que, fins fa poc, corria lliure pels camps, content i despreocupat. Per\u00f2 ara, l&#8217;\u00fanica cosa que sento \u00e9s una barreja de por i desolaci\u00f3. Perqu\u00e8 s\u00ed, he sobreviscut al que anomenen la DANA, aquesta tempesta que va arrasar la meva llar a Val\u00e8ncia. Un miracle, em diuen els bombers que em van treure d&#8217;entre els enderrocs, i jo els miro amb gratitud, encara que no deixo de preguntar-me: quants altres com jo no van aconseguir escapar?    <\/p>\n\n<p>Escolto les not\u00edcies, o almenys aix\u00f2 crec, mentre el so dels murmuris dels humans parla de gaireb\u00e9 cent morts. Sento la tristesa en les seves veus, per\u00f2 tamb\u00e9 noto com passen de llarg els meus amics i tants altres animals que van quedar atrapats sense sortida. No nom\u00e9s es tracta de gossos, sin\u00f3 de gats, ocells i totes les criatures que tamb\u00e9 anomenaven a aquest lloc la seva llar. Nosaltres no ten\u00edem mapes, ni advertiments; no sab\u00edem qu\u00e8 es venia. Nom\u00e9s vam veure com el cel s&#8217;enfosquia i l&#8217;aigua comen\u00e7ava a inundar-ho tot.    <\/p>\n<figure class=\"wp-block-post-featured-image\"><img fetchpriority=\"high\" decoding=\"async\" width=\"1024\" height=\"1024\" src=\"https:\/\/mastorrencito.com\/cat\/wp-content\/uploads\/sites\/3\/ladana.jpg\" class=\"attachment-post-thumbnail size-post-thumbnail wp-post-image\" alt=\"\" style=\"object-fit:cover;\" srcset=\"https:\/\/mastorrencito.com\/cat\/wp-content\/uploads\/sites\/3\/ladana.jpg 1024w, https:\/\/mastorrencito.com\/cat\/wp-content\/uploads\/sites\/3\/ladana-300x300.jpg 300w, https:\/\/mastorrencito.com\/cat\/wp-content\/uploads\/sites\/3\/ladana-150x150.jpg 150w, https:\/\/mastorrencito.com\/cat\/wp-content\/uploads\/sites\/3\/ladana-768x768.jpg 768w\" sizes=\"(max-width: 1024px) 100vw, 1024px\" \/><\/figure>\n<p>Qu\u00e8 va ser dels que no van tenir la sort de ser rescatats? Alguns eren mascotes, s\u00ed, per\u00f2 altres nom\u00e9s eren \u00e9ssers lliures, com jo. Potser pocs pensen en aix\u00f2, en el nombre de vides que es van apagar sense ni tan sols un av\u00eds, perqu\u00e8 la preocupaci\u00f3 es concentra a explicar els humans, a saber qui se&#8217;n van anar i qui van sobreviure. Per\u00f2 jo, amb el pelatge encara mullat i la por tatuada a la meva mem\u00f2ria, em pregunto: quants hem perdut els nostres amics peluts, aquells que no van deixar d&#8217;udolar a la nit, esperant ajuda que mai va arribar?   <\/p>\n\n<p>I mentre intento oblidar el so de l&#8217;aigua tot arrossegant-ho tot, m&#8217;envaeix una sensaci\u00f3 de tristesa que s\u00e9 que no s\u00f3c capa\u00e7 d&#8217;expressar en paraules humanes. Nom\u00e9s s\u00e9 que, quan passi el temps, en algun rac\u00f3 quedar\u00e0 la nostra mem\u00f2ria, la de tots aquells que ens vam veure atrapats enmig d&#8217;un desastre sense comprendre qu\u00e8 passava.   <\/p>\n\n<figure class=\"wp-block-image size-large\"><img decoding=\"async\" src=\"https:\/\/mastorrencito.com\/wp-content\/uploads\/2024\/10\/haz_tu_reserva-1024x1024.jpg\" alt=\"\" class=\"wp-image-1836\" \/><\/figure>\n<p>Per a molts nom\u00e9s ser\u00e0 una xifra, per\u00f2 per a nosaltres, els animals que vam perdre els nostres companys, \u00e9s molt m\u00e9s que aix\u00f2. \u00c9s la p\u00e8rdua del nostre m\u00f3n, del nostre refugi, d&#8217;aquella tranquil\u00b7litat que avui sembla tan llunyana. <\/p>\n\n<p>Potser algun dia, en algun rac\u00f3 del cel, ens trobem de nou.<\/p>\n\n<p><\/p>\n\n<blockquote class=\"wp-block-quote is-layout-flow wp-block-quote-is-layout-flow\">\n<p>Des de Mas Torrencito us desitgem que tots els vostres estiguin b\u00e9, es trobin b\u00e9 i que no h\u00e0giu tingut cap desgr\u00e0cia personal&#8230; all\u00f2 material.. millor que pitjor&#8230; \u00e9s aix\u00f2.. material&#8230;. !!!!<\/p>\n<\/blockquote>\n\n<p>\u2014\u2013<br \/> Si vols, podeu veure els nostres <strong>bons per caps de setmana, bons jubilats<\/strong> , a un preu incre\u00efble..entra a <a href=\"https:\/\/www.mastorrencito.com\/\">www.mastorrencito.com<\/a> o si vols podeu llegir m\u00e9s hist\u00f2ria i an\u00e8cdotes que ens han passat a Mas Torrencito\u2026 Fes click <a href=\"https:\/\/mastorrencito.com\/es\/\">aqu\u00ed<\/a> :<\/p>\n","protected":false},"excerpt":{"rendered":"<p>Des d&#8217;aqu\u00ed, en un rac\u00f3 que encara fa olor de fang i humitat, intento comprendre el que va passar. S\u00f3c nom\u00e9s un gos, un \u00e9sser que, fins fa poc, corria lliure pels camps, content i despreocupat. Per\u00f2 ara, l&#8217;\u00fanica cosa que sento \u00e9s una barreja de por i desolaci\u00f3. Perqu\u00e8 s\u00ed, he sobreviscut al que [&hellip;]<\/p>\n","protected":false},"author":2,"featured_media":4772,"comment_status":"open","ping_status":"open","sticky":false,"template":"","format":"standard","meta":{"_acf_changed":false,"footnotes":""},"categories":[35],"tags":[],"class_list":["post-4687","post","type-post","status-publish","format-standard","has-post-thumbnail","hentry","category-histories-mastorrencito"],"yoast_head":"<!-- This site is optimized with the Yoast SEO Premium plugin v27.3 (Yoast SEO v27.5) - https:\/\/yoast.com\/product\/yoast-seo-premium-wordpress\/ -->\n<title>i... on sou...? - Mas Torrencito CAT<\/title>\n<meta name=\"robots\" content=\"index, follow, max-snippet:-1, max-image-preview:large, max-video-preview:-1\" \/>\n<link rel=\"canonical\" href=\"https:\/\/mastorrencito.com\/cat\/i-on-sou\/\" \/>\n<meta property=\"og:locale\" content=\"es_ES\" \/>\n<meta property=\"og:type\" content=\"article\" \/>\n<meta property=\"og:title\" content=\"i... on sou...?\" \/>\n<meta property=\"og:description\" content=\"Des d&#8217;aqu\u00ed, en un rac\u00f3 que encara fa olor de fang i humitat, intento comprendre el que va passar. S\u00f3c nom\u00e9s un gos, un \u00e9sser que, fins fa poc, corria lliure pels camps, content i despreocupat. Per\u00f2 ara, l&#8217;\u00fanica cosa que sento \u00e9s una barreja de por i desolaci\u00f3. Perqu\u00e8 s\u00ed, he sobreviscut al que [&hellip;]\" \/>\n<meta property=\"og:url\" content=\"https:\/\/mastorrencito.com\/cat\/i-on-sou\/\" \/>\n<meta property=\"og:site_name\" content=\"Mas Torrencito CAT\" \/>\n<meta property=\"article:published_time\" content=\"2024-10-31T06:26:40+00:00\" \/>\n<meta property=\"og:image\" content=\"https:\/\/mastorrencito.com\/cat\/wp-content\/uploads\/sites\/3\/ladana.jpg\" \/>\n\t<meta property=\"og:image:width\" content=\"1024\" \/>\n\t<meta property=\"og:image:height\" content=\"1024\" \/>\n\t<meta property=\"og:image:type\" content=\"image\/jpeg\" \/>\n<meta name=\"author\" content=\"Mastorrencito\" \/>\n<meta name=\"twitter:card\" content=\"summary_large_image\" \/>\n<meta name=\"twitter:label1\" content=\"Escrito por\" \/>\n\t<meta name=\"twitter:data1\" content=\"Mastorrencito\" \/>\n\t<meta name=\"twitter:label2\" content=\"Tiempo de lectura\" \/>\n\t<meta name=\"twitter:data2\" content=\"3 minutos\" \/>\n<script type=\"application\/ld+json\" class=\"yoast-schema-graph\">{\"@context\":\"https:\\\/\\\/schema.org\",\"@graph\":[{\"@type\":\"Article\",\"@id\":\"https:\\\/\\\/mastorrencito.com\\\/cat\\\/i-on-sou\\\/#article\",\"isPartOf\":{\"@id\":\"https:\\\/\\\/mastorrencito.com\\\/cat\\\/i-on-sou\\\/\"},\"author\":{\"name\":\"Mastorrencito\",\"@id\":\"https:\\\/\\\/mastorrencito.com\\\/#\\\/schema\\\/person\\\/18c619be80d4ae2667c702911625f790\"},\"headline\":\"i&#8230; on sou&#8230;?\",\"datePublished\":\"2024-10-31T06:26:40+00:00\",\"mainEntityOfPage\":{\"@id\":\"https:\\\/\\\/mastorrencito.com\\\/cat\\\/i-on-sou\\\/\"},\"wordCount\":518,\"commentCount\":0,\"publisher\":{\"@id\":\"https:\\\/\\\/mastorrencito.com\\\/#organization\"},\"image\":{\"@id\":\"https:\\\/\\\/mastorrencito.com\\\/cat\\\/i-on-sou\\\/#primaryimage\"},\"thumbnailUrl\":\"https:\\\/\\\/mastorrencito.com\\\/cat\\\/wp-content\\\/uploads\\\/sites\\\/3\\\/ladana.jpg\",\"articleSection\":[\"Hist\u00f2ries Mastorrencito\"],\"inLanguage\":\"es\",\"potentialAction\":[{\"@type\":\"CommentAction\",\"name\":\"Comment\",\"target\":[\"https:\\\/\\\/mastorrencito.com\\\/cat\\\/i-on-sou\\\/#respond\"]}]},{\"@type\":\"WebPage\",\"@id\":\"https:\\\/\\\/mastorrencito.com\\\/cat\\\/i-on-sou\\\/\",\"url\":\"https:\\\/\\\/mastorrencito.com\\\/cat\\\/i-on-sou\\\/\",\"name\":\"i... on sou...? - Mas Torrencito CAT\",\"isPartOf\":{\"@id\":\"https:\\\/\\\/mastorrencito.com\\\/#website\"},\"primaryImageOfPage\":{\"@id\":\"https:\\\/\\\/mastorrencito.com\\\/cat\\\/i-on-sou\\\/#primaryimage\"},\"image\":{\"@id\":\"https:\\\/\\\/mastorrencito.com\\\/cat\\\/i-on-sou\\\/#primaryimage\"},\"thumbnailUrl\":\"https:\\\/\\\/mastorrencito.com\\\/cat\\\/wp-content\\\/uploads\\\/sites\\\/3\\\/ladana.jpg\",\"datePublished\":\"2024-10-31T06:26:40+00:00\",\"breadcrumb\":{\"@id\":\"https:\\\/\\\/mastorrencito.com\\\/cat\\\/i-on-sou\\\/#breadcrumb\"},\"inLanguage\":\"es\",\"potentialAction\":[{\"@type\":\"ReadAction\",\"target\":[\"https:\\\/\\\/mastorrencito.com\\\/cat\\\/i-on-sou\\\/\"]}]},{\"@type\":\"ImageObject\",\"inLanguage\":\"es\",\"@id\":\"https:\\\/\\\/mastorrencito.com\\\/cat\\\/i-on-sou\\\/#primaryimage\",\"url\":\"https:\\\/\\\/mastorrencito.com\\\/cat\\\/wp-content\\\/uploads\\\/sites\\\/3\\\/ladana.jpg\",\"contentUrl\":\"https:\\\/\\\/mastorrencito.com\\\/cat\\\/wp-content\\\/uploads\\\/sites\\\/3\\\/ladana.jpg\",\"width\":1024,\"height\":1024},{\"@type\":\"BreadcrumbList\",\"@id\":\"https:\\\/\\\/mastorrencito.com\\\/cat\\\/i-on-sou\\\/#breadcrumb\",\"itemListElement\":[{\"@type\":\"ListItem\",\"position\":1,\"name\":\"Portada\",\"item\":\"https:\\\/\\\/mastorrencito.com\\\/\"},{\"@type\":\"ListItem\",\"position\":2,\"name\":\"i&#8230; on sou&#8230;?\"}]},{\"@type\":\"WebSite\",\"@id\":\"https:\\\/\\\/mastorrencito.com\\\/#website\",\"url\":\"https:\\\/\\\/mastorrencito.com\\\/\",\"name\":\"Mas Torrencito CAT\",\"description\":\"Casa rural pet friendly en Girona\",\"publisher\":{\"@id\":\"https:\\\/\\\/mastorrencito.com\\\/#organization\"},\"potentialAction\":[{\"@type\":\"SearchAction\",\"target\":{\"@type\":\"EntryPoint\",\"urlTemplate\":\"https:\\\/\\\/mastorrencito.com\\\/?s={search_term_string}\"},\"query-input\":{\"@type\":\"PropertyValueSpecification\",\"valueRequired\":true,\"valueName\":\"search_term_string\"}}],\"inLanguage\":\"es\"},{\"@type\":\"Organization\",\"@id\":\"https:\\\/\\\/mastorrencito.com\\\/#organization\",\"name\":\"Mas Torrencito CAT\",\"url\":\"https:\\\/\\\/mastorrencito.com\\\/\",\"logo\":{\"@type\":\"ImageObject\",\"inLanguage\":\"es\",\"@id\":\"https:\\\/\\\/mastorrencito.com\\\/#\\\/schema\\\/logo\\\/image\\\/\",\"url\":\"https:\\\/\\\/mastorrencito.com\\\/cat\\\/wp-content\\\/uploads\\\/sites\\\/3\\\/Logo-Mastorrencito-horizontal.webp\",\"contentUrl\":\"https:\\\/\\\/mastorrencito.com\\\/cat\\\/wp-content\\\/uploads\\\/sites\\\/3\\\/Logo-Mastorrencito-horizontal.webp\",\"width\":161,\"height\":54,\"caption\":\"Mas Torrencito CAT\"},\"image\":{\"@id\":\"https:\\\/\\\/mastorrencito.com\\\/#\\\/schema\\\/logo\\\/image\\\/\"}},{\"@type\":\"Person\",\"@id\":\"https:\\\/\\\/mastorrencito.com\\\/#\\\/schema\\\/person\\\/18c619be80d4ae2667c702911625f790\",\"name\":\"Mastorrencito\",\"image\":{\"@type\":\"ImageObject\",\"inLanguage\":\"es\",\"@id\":\"https:\\\/\\\/secure.gravatar.com\\\/avatar\\\/3ef55e0519f987a734c21caee1423b51df7b760b7d81a38ecd31cab0a5115f6d?s=96&d=mm&r=g\",\"url\":\"https:\\\/\\\/secure.gravatar.com\\\/avatar\\\/3ef55e0519f987a734c21caee1423b51df7b760b7d81a38ecd31cab0a5115f6d?s=96&d=mm&r=g\",\"contentUrl\":\"https:\\\/\\\/secure.gravatar.com\\\/avatar\\\/3ef55e0519f987a734c21caee1423b51df7b760b7d81a38ecd31cab0a5115f6d?s=96&d=mm&r=g\",\"caption\":\"Mastorrencito\"},\"url\":\"https:\\\/\\\/mastorrencito.com\\\/cat\\\/author\\\/mastorrencito\\\/\"}]}<\/script>\n<!-- \/ Yoast SEO Premium plugin. -->","yoast_head_json":{"title":"i... on sou...? - Mas Torrencito CAT","robots":{"index":"index","follow":"follow","max-snippet":"max-snippet:-1","max-image-preview":"max-image-preview:large","max-video-preview":"max-video-preview:-1"},"canonical":"https:\/\/mastorrencito.com\/cat\/i-on-sou\/","og_locale":"es_ES","og_type":"article","og_title":"i... on sou...?","og_description":"Des d&#8217;aqu\u00ed, en un rac\u00f3 que encara fa olor de fang i humitat, intento comprendre el que va passar. S\u00f3c nom\u00e9s un gos, un \u00e9sser que, fins fa poc, corria lliure pels camps, content i despreocupat. Per\u00f2 ara, l&#8217;\u00fanica cosa que sento \u00e9s una barreja de por i desolaci\u00f3. Perqu\u00e8 s\u00ed, he sobreviscut al que [&hellip;]","og_url":"https:\/\/mastorrencito.com\/cat\/i-on-sou\/","og_site_name":"Mas Torrencito CAT","article_published_time":"2024-10-31T06:26:40+00:00","og_image":[{"width":1024,"height":1024,"url":"https:\/\/mastorrencito.com\/cat\/wp-content\/uploads\/sites\/3\/ladana.jpg","type":"image\/jpeg"}],"author":"Mastorrencito","twitter_card":"summary_large_image","twitter_misc":{"Escrito por":"Mastorrencito","Tiempo de lectura":"3 minutos"},"schema":{"@context":"https:\/\/schema.org","@graph":[{"@type":"Article","@id":"https:\/\/mastorrencito.com\/cat\/i-on-sou\/#article","isPartOf":{"@id":"https:\/\/mastorrencito.com\/cat\/i-on-sou\/"},"author":{"name":"Mastorrencito","@id":"https:\/\/mastorrencito.com\/#\/schema\/person\/18c619be80d4ae2667c702911625f790"},"headline":"i&#8230; on sou&#8230;?","datePublished":"2024-10-31T06:26:40+00:00","mainEntityOfPage":{"@id":"https:\/\/mastorrencito.com\/cat\/i-on-sou\/"},"wordCount":518,"commentCount":0,"publisher":{"@id":"https:\/\/mastorrencito.com\/#organization"},"image":{"@id":"https:\/\/mastorrencito.com\/cat\/i-on-sou\/#primaryimage"},"thumbnailUrl":"https:\/\/mastorrencito.com\/cat\/wp-content\/uploads\/sites\/3\/ladana.jpg","articleSection":["Hist\u00f2ries Mastorrencito"],"inLanguage":"es","potentialAction":[{"@type":"CommentAction","name":"Comment","target":["https:\/\/mastorrencito.com\/cat\/i-on-sou\/#respond"]}]},{"@type":"WebPage","@id":"https:\/\/mastorrencito.com\/cat\/i-on-sou\/","url":"https:\/\/mastorrencito.com\/cat\/i-on-sou\/","name":"i... on sou...? - Mas Torrencito CAT","isPartOf":{"@id":"https:\/\/mastorrencito.com\/#website"},"primaryImageOfPage":{"@id":"https:\/\/mastorrencito.com\/cat\/i-on-sou\/#primaryimage"},"image":{"@id":"https:\/\/mastorrencito.com\/cat\/i-on-sou\/#primaryimage"},"thumbnailUrl":"https:\/\/mastorrencito.com\/cat\/wp-content\/uploads\/sites\/3\/ladana.jpg","datePublished":"2024-10-31T06:26:40+00:00","breadcrumb":{"@id":"https:\/\/mastorrencito.com\/cat\/i-on-sou\/#breadcrumb"},"inLanguage":"es","potentialAction":[{"@type":"ReadAction","target":["https:\/\/mastorrencito.com\/cat\/i-on-sou\/"]}]},{"@type":"ImageObject","inLanguage":"es","@id":"https:\/\/mastorrencito.com\/cat\/i-on-sou\/#primaryimage","url":"https:\/\/mastorrencito.com\/cat\/wp-content\/uploads\/sites\/3\/ladana.jpg","contentUrl":"https:\/\/mastorrencito.com\/cat\/wp-content\/uploads\/sites\/3\/ladana.jpg","width":1024,"height":1024},{"@type":"BreadcrumbList","@id":"https:\/\/mastorrencito.com\/cat\/i-on-sou\/#breadcrumb","itemListElement":[{"@type":"ListItem","position":1,"name":"Portada","item":"https:\/\/mastorrencito.com\/"},{"@type":"ListItem","position":2,"name":"i&#8230; on sou&#8230;?"}]},{"@type":"WebSite","@id":"https:\/\/mastorrencito.com\/#website","url":"https:\/\/mastorrencito.com\/","name":"Mas Torrencito CAT","description":"Casa rural pet friendly en Girona","publisher":{"@id":"https:\/\/mastorrencito.com\/#organization"},"potentialAction":[{"@type":"SearchAction","target":{"@type":"EntryPoint","urlTemplate":"https:\/\/mastorrencito.com\/?s={search_term_string}"},"query-input":{"@type":"PropertyValueSpecification","valueRequired":true,"valueName":"search_term_string"}}],"inLanguage":"es"},{"@type":"Organization","@id":"https:\/\/mastorrencito.com\/#organization","name":"Mas Torrencito CAT","url":"https:\/\/mastorrencito.com\/","logo":{"@type":"ImageObject","inLanguage":"es","@id":"https:\/\/mastorrencito.com\/#\/schema\/logo\/image\/","url":"https:\/\/mastorrencito.com\/cat\/wp-content\/uploads\/sites\/3\/Logo-Mastorrencito-horizontal.webp","contentUrl":"https:\/\/mastorrencito.com\/cat\/wp-content\/uploads\/sites\/3\/Logo-Mastorrencito-horizontal.webp","width":161,"height":54,"caption":"Mas Torrencito CAT"},"image":{"@id":"https:\/\/mastorrencito.com\/#\/schema\/logo\/image\/"}},{"@type":"Person","@id":"https:\/\/mastorrencito.com\/#\/schema\/person\/18c619be80d4ae2667c702911625f790","name":"Mastorrencito","image":{"@type":"ImageObject","inLanguage":"es","@id":"https:\/\/secure.gravatar.com\/avatar\/3ef55e0519f987a734c21caee1423b51df7b760b7d81a38ecd31cab0a5115f6d?s=96&d=mm&r=g","url":"https:\/\/secure.gravatar.com\/avatar\/3ef55e0519f987a734c21caee1423b51df7b760b7d81a38ecd31cab0a5115f6d?s=96&d=mm&r=g","contentUrl":"https:\/\/secure.gravatar.com\/avatar\/3ef55e0519f987a734c21caee1423b51df7b760b7d81a38ecd31cab0a5115f6d?s=96&d=mm&r=g","caption":"Mastorrencito"},"url":"https:\/\/mastorrencito.com\/cat\/author\/mastorrencito\/"}]}},"acf":[],"_links":{"self":[{"href":"https:\/\/mastorrencito.com\/cat\/wp-json\/wp\/v2\/posts\/4687","targetHints":{"allow":["GET"]}}],"collection":[{"href":"https:\/\/mastorrencito.com\/cat\/wp-json\/wp\/v2\/posts"}],"about":[{"href":"https:\/\/mastorrencito.com\/cat\/wp-json\/wp\/v2\/types\/post"}],"author":[{"embeddable":true,"href":"https:\/\/mastorrencito.com\/cat\/wp-json\/wp\/v2\/users\/2"}],"replies":[{"embeddable":true,"href":"https:\/\/mastorrencito.com\/cat\/wp-json\/wp\/v2\/comments?post=4687"}],"version-history":[{"count":0,"href":"https:\/\/mastorrencito.com\/cat\/wp-json\/wp\/v2\/posts\/4687\/revisions"}],"wp:featuredmedia":[{"embeddable":true,"href":"https:\/\/mastorrencito.com\/cat\/wp-json\/wp\/v2\/media\/4772"}],"wp:attachment":[{"href":"https:\/\/mastorrencito.com\/cat\/wp-json\/wp\/v2\/media?parent=4687"}],"wp:term":[{"taxonomy":"category","embeddable":true,"href":"https:\/\/mastorrencito.com\/cat\/wp-json\/wp\/v2\/categories?post=4687"},{"taxonomy":"post_tag","embeddable":true,"href":"https:\/\/mastorrencito.com\/cat\/wp-json\/wp\/v2\/tags?post=4687"}],"curies":[{"name":"wp","href":"https:\/\/api.w.org\/{rel}","templated":true}]}}