{"id":4686,"date":"2024-10-31T05:57:20","date_gmt":"2024-10-31T05:57:20","guid":{"rendered":"https:\/\/casaruralconperrosgirona.com\/manuela-i-la-perdua-duna-mascota\/"},"modified":"2024-10-31T05:57:20","modified_gmt":"2024-10-31T05:57:20","slug":"manuela-i-la-perdua-duna-mascota","status":"publish","type":"post","link":"https:\/\/mastorrencito.com\/cat\/manuela-i-la-perdua-duna-mascota\/","title":{"rendered":"Manuela i la p\u00e8rdua d&#8217;una mascota&#8230;"},"content":{"rendered":"\n<p>Aquella nit, el silenci a Mas Torrencito era profund. El vent movia les fulles i les estrelles semblaven m\u00e9s llunyanes que de costum, com si tot l&#8217;univers sent\u00eds el pes del que jo vivia. Manuela i la p\u00e8rdua d&#8217;una mascota&#8230;  <\/p>\n\n<p>No hi havia passos suaus, no hi havia respiraci\u00f3 tranquil\u00b7la al costat del meu llit. La Manuela ja no hi era. I en aquell buit absolut, el dolor era tan real i tan esmolat com qualsevol ferida.  <\/p>\n\n<p>Em vaig quedar a la foscor, recordant els dies en qu\u00e8 ella corria lliure, cada rac\u00f3 de Mas Torrencito sent seu. Sentia que una part de mi se n&#8217;havia anat amb ella, com si m&#8217;haguessin arrencat una cosa tan \u00edntima i profunda que mai no es podria reempla\u00e7ar. <\/p>\n\n<p><strong>Miguel<\/strong> : \u00abManuela\u2026 on ets ara? Et sents en pau?\u00bb<\/p>\n\n<h4 class=\"wp-block-heading\">Sempre estaran presents&#8230; Manuela i la p\u00e8rdua d&#8217;una mascota&#8230; <\/h4>\n\n<p>I aleshores, en el silenci, vaig recordar aquelles nits que hav\u00edem passat junts, conversant com dos vells amics. La vaig imaginar all\u00e0, en algun rac\u00f3 de l&#8217;univers, potser sota un cel estavellat, observant-me amb aquests ulls plens d&#8217;amor, saviesa i paci\u00e8ncia. <\/p>\n\n<p><strong>Manuela (en la meva ment)<\/strong> : \u00abMiguel, de veritat creus que me&#8217;n vaig anar? Despr\u00e9s de tants anys, creus que una cosa tan forta pot desapar\u00e8ixer nom\u00e9s perqu\u00e8 el cos se n&#8217;ha anat?\u00bb<\/p>\n\n<p>Un xiuxiueig c\u00e0lid va omplir l&#8217;espai buit, com si en algun rac\u00f3 del meu cor ella encara habit\u00e9s, i la vaig imaginar somrient amb aquella flor groga a la seva orella.<\/p>\n\n<p><strong>Miguel<\/strong> : \u00abNo \u00e9s f\u00e0cil, Manuela. Aquest lloc\u2026 \u00e9s ple de tu. Cada rac\u00f3, cada cam\u00ed que vam rec\u00f3rrer junts\u2026 fins i tot el llit se sent estrany sense tu.\u00bb<\/p>\n<figure class=\"wp-block-post-featured-image\"><img fetchpriority=\"high\" decoding=\"async\" width=\"1538\" height=\"1600\" src=\"https:\/\/mastorrencito.com\/cat\/wp-content\/uploads\/sites\/3\/manuela_vuelve.jpg\" class=\"attachment-post-thumbnail size-post-thumbnail wp-post-image\" alt=\"Manuela como siempre imprescindible en Mas Torrencito\" style=\"object-fit:cover;\" srcset=\"https:\/\/mastorrencito.com\/cat\/wp-content\/uploads\/sites\/3\/manuela_vuelve.jpg 1538w, https:\/\/mastorrencito.com\/cat\/wp-content\/uploads\/sites\/3\/manuela_vuelve-288x300.jpg 288w, https:\/\/mastorrencito.com\/cat\/wp-content\/uploads\/sites\/3\/manuela_vuelve-984x1024.jpg 984w, https:\/\/mastorrencito.com\/cat\/wp-content\/uploads\/sites\/3\/manuela_vuelve-768x799.jpg 768w, https:\/\/mastorrencito.com\/cat\/wp-content\/uploads\/sites\/3\/manuela_vuelve-1476x1536.jpg 1476w\" sizes=\"(max-width: 1538px) 100vw, 1538px\" \/><\/figure>\n<p><strong>Manuela<\/strong> : \u00abHo s\u00e9. I entenc que fa mal. Per\u00f2 pensa en aix\u00f2: cada pas que vas fer al meu costat, cada car\u00edcia, cada riure\u2026 tot aix\u00f2 segueix amb tu. Jo estic en els teus records, en els teus somriures, en cada vegada que mires un gos i et surt l&#8217;instint de saludar-lo. Perqu\u00e8, Miguel, quan estimes de deb\u00f2, aquest amor mai se&#8217;n va.\u00bb<\/p>\n\n<p>Em vaig quedar en silenci, deixant que la brisa acaron\u00e9s el meu rostre, com si fossin les seves pr\u00f2pies potes, tocant la meva \u00e0nima amb una suavitat infinita. La p\u00e8rdua se sentia immensa, com un oce\u00e0 sense fi, i, no obstant, hi havia alguna cosa en les seves paraules \u2013o en el meu cor\u2013 que em deia que tot aquest amor estava destinat a quedar-se amb mi. <\/p>\n\n<p><strong>Miguel<\/strong> : \u00abAleshores vols dir que aquesta sensaci\u00f3, aquesta falta tan gran, \u00e9s tamb\u00e9 part del teu amor?\u00bb<\/p>\n\n<p><strong>Manuela<\/strong> : \u00abExacte, Miguel. Perqu\u00e8 quan alg\u00fa ens marca, ens transforma. Jo no nom\u00e9s s\u00f3c una part de la teva vida; s\u00f3c una part de tu. La meva ess\u00e8ncia viu a cada record, a cada lli\u00e7\u00f3 que vas aprendre al meu costat, a cada moment que vivim. El meu cos es pot haver anat, per\u00f2&#8230; qu\u00e8 significa realment la mort per a aquells que estimem de deb\u00f2?\u00bb<\/p>\n\n<h4 class=\"wp-block-heading\">El dolor al cor. Manuela i la p\u00e8rdua d&#8217;una mascota&#8230; <\/h4>\n\n<p>Vaig sentir un nus a la gola i una ll\u00e0grima silenciosa va c\u00f3rrer per la galta. La p\u00e8rdua d&#8217;una mascota, d&#8217;un \u00e9sser tan pur com Manuela, era com si s&#8217;emportessin una part de la teva \u00e0nima. Era l&#8217;abs\u00e8ncia d&#8217;una rutina, una mirada, un so que semblava omplir cada rac\u00f3 de la teva vida.  <\/p>\n\n<p><strong>Miguel<\/strong> : \u00abAleshores, encara que t&#8217;estranyi, m&#8217;est\u00e0s dient que aquest dolor tamb\u00e9 \u00e9s una forma d&#8217;amor?\u00bb<\/p>\n\n<p><strong>Manuela<\/strong> : \u00abS\u00ed, Miguel. Perqu\u00e8 aquest dolor \u00e9s el reflex de tot el que vivim junts. Significa que vaig ser real, que et vaig importar, que vam fer una cosa meravellosa. I ara, tu tens la missi\u00f3 de portar-me en els teus records, de no deixar que l&#8217;amor s&#8217;apagui. Perqu\u00e8 el que compartim va ser, i sempre ser\u00e0, etern.\u00bb<\/p>\n\n<h4 class=\"wp-block-heading\">I \u00e9s que sempre estar\u00e0 amb nosaltres&#8230;<\/h4>\n\n<p>Aquella nit, vaig comprendre una cosa que abans nom\u00e9s intu\u00efa. Que perdre un gos, aquesta mascota que es converteix en un membre m\u00e9s de la fam\u00edlia, \u00e9s un dolor que mai desapareix del tot. Per\u00f2 tamb\u00e9 \u00e9s un recordatori de la immensitat de l&#8217;amor que ens hi uneix. Perqu\u00e8 ells, amb la seva noblesa i entrega, ens ensenyen que l&#8217;amor veritable transcendeix qualsevol barrera, fins i tot la de la mort.   <\/p>\n\n<p><strong>Miguel<\/strong> : \u00abGr\u00e0cies, Manuela. Per cada dia, cada abra\u00e7ada, cada moment. I encara que el cor em faci mal, prometo que portar\u00e9 sempre aquest amor amb mi, com una flama que mai s&#8217;apaga.\u00bb<\/p>\n\n<p>I aix\u00ed, sota el mantell d&#8217;estrelles, vaig saber que encara que no estigu\u00e9s f\u00edsicament amb mi, la Manuela viuria per sempre al rac\u00f3 m\u00e9s profund i llumin\u00f3s de la meva \u00e0nima. Perqu\u00e8 el seu amor no se&#8217;n va anar; nom\u00e9s va prendre una manera diferent. <\/p>\n\n<blockquote class=\"wp-block-quote is-layout-flow wp-block-quote-is-layout-flow\">\n<p>Des de Mas Torrencito us desitgem un bon dia i que el vostre gos us acompanyi!!!!<\/p>\n<\/blockquote>\n\n<p>\u2014\u2013<br \/> Si vols, podeu veure els nostres <strong>bons per caps de setmana, bons jubilats<\/strong> , a un preu incre\u00efble..entra a <a href=\"https:\/\/www.mastorrencito.com\/\">www.mastorrencito.com<\/a> o si vols podeu llegir m\u00e9s hist\u00f2ria i an\u00e8cdotes que ens han passat a Mas Torrencito\u2026 Fes click <a href=\"https:\/\/mastorrencito.com\/es\/\">aqu\u00ed<\/a> :<\/p>\n","protected":false},"excerpt":{"rendered":"<p>Aquella nit, el silenci a Mas Torrencito era profund. El vent movia les fulles i les estrelles semblaven m\u00e9s llunyanes que de costum, com si tot l&#8217;univers sent\u00eds el pes del que jo vivia. Manuela i la p\u00e8rdua d&#8217;una mascota&#8230; No hi havia passos suaus, no hi havia respiraci\u00f3 tranquil\u00b7la al costat del meu llit. [&hellip;]<\/p>\n","protected":false},"author":2,"featured_media":4771,"comment_status":"open","ping_status":"open","sticky":false,"template":"","format":"standard","meta":{"_acf_changed":false,"footnotes":""},"categories":[35],"tags":[42,43],"class_list":["post-4686","post","type-post","status-publish","format-standard","has-post-thumbnail","hentry","category-histories-mastorrencito","tag-turismoconmascotas","tag-tursmeambgossos"],"yoast_head":"<!-- This site is optimized with the Yoast SEO Premium plugin v27.3 (Yoast SEO v27.5) - https:\/\/yoast.com\/product\/yoast-seo-premium-wordpress\/ -->\n<title>Manuela i la p\u00e8rdua d&#039;una mascota... - Mas Torrencito CAT<\/title>\n<meta name=\"description\" content=\"Tots n&#039;hem perdut alguna, per\u00f2 qui millor que Manuela per donar-nos uns consells sobre com ho hem d&#039;afrontar.\" \/>\n<meta name=\"robots\" content=\"index, follow, max-snippet:-1, max-image-preview:large, max-video-preview:-1\" \/>\n<link rel=\"canonical\" href=\"https:\/\/mastorrencito.com\/cat\/manuela-i-la-perdua-duna-mascota\/\" \/>\n<meta property=\"og:locale\" content=\"es_ES\" \/>\n<meta property=\"og:type\" content=\"article\" \/>\n<meta property=\"og:title\" content=\"Manuela i la p\u00e8rdua d&#039;una mascota...\" \/>\n<meta property=\"og:description\" content=\"Tots n&#039;hem perdut alguna, per\u00f2 qui millor que Manuela per donar-nos uns consells sobre com ho hem d&#039;afrontar.\" \/>\n<meta property=\"og:url\" content=\"https:\/\/mastorrencito.com\/cat\/manuela-i-la-perdua-duna-mascota\/\" \/>\n<meta property=\"og:site_name\" content=\"Mas Torrencito CAT\" \/>\n<meta property=\"article:published_time\" content=\"2024-10-31T05:57:20+00:00\" \/>\n<meta property=\"og:image\" content=\"https:\/\/mastorrencito.com\/cat\/wp-content\/uploads\/sites\/3\/manuela_vuelve.jpg\" \/>\n\t<meta property=\"og:image:width\" content=\"1538\" \/>\n\t<meta property=\"og:image:height\" content=\"1600\" \/>\n\t<meta property=\"og:image:type\" content=\"image\/jpeg\" \/>\n<meta name=\"author\" content=\"Mastorrencito\" \/>\n<meta name=\"twitter:card\" content=\"summary_large_image\" \/>\n<meta name=\"twitter:label1\" content=\"Escrito por\" \/>\n\t<meta name=\"twitter:data1\" content=\"Mastorrencito\" \/>\n\t<meta name=\"twitter:label2\" content=\"Tiempo de lectura\" \/>\n\t<meta name=\"twitter:data2\" content=\"5 minutos\" \/>\n<script type=\"application\/ld+json\" class=\"yoast-schema-graph\">{\"@context\":\"https:\\\/\\\/schema.org\",\"@graph\":[{\"@type\":\"Article\",\"@id\":\"https:\\\/\\\/mastorrencito.com\\\/cat\\\/manuela-i-la-perdua-duna-mascota\\\/#article\",\"isPartOf\":{\"@id\":\"https:\\\/\\\/mastorrencito.com\\\/cat\\\/manuela-i-la-perdua-duna-mascota\\\/\"},\"author\":{\"name\":\"Mastorrencito\",\"@id\":\"https:\\\/\\\/mastorrencito.com\\\/#\\\/schema\\\/person\\\/18c619be80d4ae2667c702911625f790\"},\"headline\":\"Manuela i la p\u00e8rdua d&#8217;una mascota&#8230;\",\"datePublished\":\"2024-10-31T05:57:20+00:00\",\"mainEntityOfPage\":{\"@id\":\"https:\\\/\\\/mastorrencito.com\\\/cat\\\/manuela-i-la-perdua-duna-mascota\\\/\"},\"wordCount\":917,\"commentCount\":0,\"publisher\":{\"@id\":\"https:\\\/\\\/mastorrencito.com\\\/#organization\"},\"image\":{\"@id\":\"https:\\\/\\\/mastorrencito.com\\\/cat\\\/manuela-i-la-perdua-duna-mascota\\\/#primaryimage\"},\"thumbnailUrl\":\"https:\\\/\\\/mastorrencito.com\\\/cat\\\/wp-content\\\/uploads\\\/sites\\\/3\\\/manuela_vuelve.jpg\",\"keywords\":[\"turismoconmascotas\",\"Tursmeambgossos\"],\"articleSection\":[\"Hist\u00f2ries Mastorrencito\"],\"inLanguage\":\"es\",\"potentialAction\":[{\"@type\":\"CommentAction\",\"name\":\"Comment\",\"target\":[\"https:\\\/\\\/mastorrencito.com\\\/cat\\\/manuela-i-la-perdua-duna-mascota\\\/#respond\"]}]},{\"@type\":\"WebPage\",\"@id\":\"https:\\\/\\\/mastorrencito.com\\\/cat\\\/manuela-i-la-perdua-duna-mascota\\\/\",\"url\":\"https:\\\/\\\/mastorrencito.com\\\/cat\\\/manuela-i-la-perdua-duna-mascota\\\/\",\"name\":\"Manuela i la p\u00e8rdua d'una mascota... - Mas Torrencito CAT\",\"isPartOf\":{\"@id\":\"https:\\\/\\\/mastorrencito.com\\\/#website\"},\"primaryImageOfPage\":{\"@id\":\"https:\\\/\\\/mastorrencito.com\\\/cat\\\/manuela-i-la-perdua-duna-mascota\\\/#primaryimage\"},\"image\":{\"@id\":\"https:\\\/\\\/mastorrencito.com\\\/cat\\\/manuela-i-la-perdua-duna-mascota\\\/#primaryimage\"},\"thumbnailUrl\":\"https:\\\/\\\/mastorrencito.com\\\/cat\\\/wp-content\\\/uploads\\\/sites\\\/3\\\/manuela_vuelve.jpg\",\"datePublished\":\"2024-10-31T05:57:20+00:00\",\"description\":\"Tots n'hem perdut alguna, per\u00f2 qui millor que Manuela per donar-nos uns consells sobre com ho hem d'afrontar.\",\"breadcrumb\":{\"@id\":\"https:\\\/\\\/mastorrencito.com\\\/cat\\\/manuela-i-la-perdua-duna-mascota\\\/#breadcrumb\"},\"inLanguage\":\"es\",\"potentialAction\":[{\"@type\":\"ReadAction\",\"target\":[\"https:\\\/\\\/mastorrencito.com\\\/cat\\\/manuela-i-la-perdua-duna-mascota\\\/\"]}]},{\"@type\":\"ImageObject\",\"inLanguage\":\"es\",\"@id\":\"https:\\\/\\\/mastorrencito.com\\\/cat\\\/manuela-i-la-perdua-duna-mascota\\\/#primaryimage\",\"url\":\"https:\\\/\\\/mastorrencito.com\\\/cat\\\/wp-content\\\/uploads\\\/sites\\\/3\\\/manuela_vuelve.jpg\",\"contentUrl\":\"https:\\\/\\\/mastorrencito.com\\\/cat\\\/wp-content\\\/uploads\\\/sites\\\/3\\\/manuela_vuelve.jpg\",\"width\":1538,\"height\":1600,\"caption\":\"Manuela como siempre imprescindible en Mas Torrencito\"},{\"@type\":\"BreadcrumbList\",\"@id\":\"https:\\\/\\\/mastorrencito.com\\\/cat\\\/manuela-i-la-perdua-duna-mascota\\\/#breadcrumb\",\"itemListElement\":[{\"@type\":\"ListItem\",\"position\":1,\"name\":\"Portada\",\"item\":\"https:\\\/\\\/mastorrencito.com\\\/\"},{\"@type\":\"ListItem\",\"position\":2,\"name\":\"Manuela i la p\u00e8rdua d&#8217;una mascota&#8230;\"}]},{\"@type\":\"WebSite\",\"@id\":\"https:\\\/\\\/mastorrencito.com\\\/#website\",\"url\":\"https:\\\/\\\/mastorrencito.com\\\/\",\"name\":\"Mas Torrencito CAT\",\"description\":\"Casa rural pet friendly en Girona\",\"publisher\":{\"@id\":\"https:\\\/\\\/mastorrencito.com\\\/#organization\"},\"potentialAction\":[{\"@type\":\"SearchAction\",\"target\":{\"@type\":\"EntryPoint\",\"urlTemplate\":\"https:\\\/\\\/mastorrencito.com\\\/?s={search_term_string}\"},\"query-input\":{\"@type\":\"PropertyValueSpecification\",\"valueRequired\":true,\"valueName\":\"search_term_string\"}}],\"inLanguage\":\"es\"},{\"@type\":\"Organization\",\"@id\":\"https:\\\/\\\/mastorrencito.com\\\/#organization\",\"name\":\"Mas Torrencito CAT\",\"url\":\"https:\\\/\\\/mastorrencito.com\\\/\",\"logo\":{\"@type\":\"ImageObject\",\"inLanguage\":\"es\",\"@id\":\"https:\\\/\\\/mastorrencito.com\\\/#\\\/schema\\\/logo\\\/image\\\/\",\"url\":\"https:\\\/\\\/mastorrencito.com\\\/cat\\\/wp-content\\\/uploads\\\/sites\\\/3\\\/Logo-Mastorrencito-horizontal.webp\",\"contentUrl\":\"https:\\\/\\\/mastorrencito.com\\\/cat\\\/wp-content\\\/uploads\\\/sites\\\/3\\\/Logo-Mastorrencito-horizontal.webp\",\"width\":161,\"height\":54,\"caption\":\"Mas Torrencito CAT\"},\"image\":{\"@id\":\"https:\\\/\\\/mastorrencito.com\\\/#\\\/schema\\\/logo\\\/image\\\/\"}},{\"@type\":\"Person\",\"@id\":\"https:\\\/\\\/mastorrencito.com\\\/#\\\/schema\\\/person\\\/18c619be80d4ae2667c702911625f790\",\"name\":\"Mastorrencito\",\"image\":{\"@type\":\"ImageObject\",\"inLanguage\":\"es\",\"@id\":\"https:\\\/\\\/secure.gravatar.com\\\/avatar\\\/3ef55e0519f987a734c21caee1423b51df7b760b7d81a38ecd31cab0a5115f6d?s=96&d=mm&r=g\",\"url\":\"https:\\\/\\\/secure.gravatar.com\\\/avatar\\\/3ef55e0519f987a734c21caee1423b51df7b760b7d81a38ecd31cab0a5115f6d?s=96&d=mm&r=g\",\"contentUrl\":\"https:\\\/\\\/secure.gravatar.com\\\/avatar\\\/3ef55e0519f987a734c21caee1423b51df7b760b7d81a38ecd31cab0a5115f6d?s=96&d=mm&r=g\",\"caption\":\"Mastorrencito\"},\"url\":\"https:\\\/\\\/mastorrencito.com\\\/cat\\\/author\\\/mastorrencito\\\/\"}]}<\/script>\n<!-- \/ Yoast SEO Premium plugin. -->","yoast_head_json":{"title":"Manuela i la p\u00e8rdua d'una mascota... - Mas Torrencito CAT","description":"Tots n'hem perdut alguna, per\u00f2 qui millor que Manuela per donar-nos uns consells sobre com ho hem d'afrontar.","robots":{"index":"index","follow":"follow","max-snippet":"max-snippet:-1","max-image-preview":"max-image-preview:large","max-video-preview":"max-video-preview:-1"},"canonical":"https:\/\/mastorrencito.com\/cat\/manuela-i-la-perdua-duna-mascota\/","og_locale":"es_ES","og_type":"article","og_title":"Manuela i la p\u00e8rdua d'una mascota...","og_description":"Tots n'hem perdut alguna, per\u00f2 qui millor que Manuela per donar-nos uns consells sobre com ho hem d'afrontar.","og_url":"https:\/\/mastorrencito.com\/cat\/manuela-i-la-perdua-duna-mascota\/","og_site_name":"Mas Torrencito CAT","article_published_time":"2024-10-31T05:57:20+00:00","og_image":[{"width":1538,"height":1600,"url":"https:\/\/mastorrencito.com\/cat\/wp-content\/uploads\/sites\/3\/manuela_vuelve.jpg","type":"image\/jpeg"}],"author":"Mastorrencito","twitter_card":"summary_large_image","twitter_misc":{"Escrito por":"Mastorrencito","Tiempo de lectura":"5 minutos"},"schema":{"@context":"https:\/\/schema.org","@graph":[{"@type":"Article","@id":"https:\/\/mastorrencito.com\/cat\/manuela-i-la-perdua-duna-mascota\/#article","isPartOf":{"@id":"https:\/\/mastorrencito.com\/cat\/manuela-i-la-perdua-duna-mascota\/"},"author":{"name":"Mastorrencito","@id":"https:\/\/mastorrencito.com\/#\/schema\/person\/18c619be80d4ae2667c702911625f790"},"headline":"Manuela i la p\u00e8rdua d&#8217;una mascota&#8230;","datePublished":"2024-10-31T05:57:20+00:00","mainEntityOfPage":{"@id":"https:\/\/mastorrencito.com\/cat\/manuela-i-la-perdua-duna-mascota\/"},"wordCount":917,"commentCount":0,"publisher":{"@id":"https:\/\/mastorrencito.com\/#organization"},"image":{"@id":"https:\/\/mastorrencito.com\/cat\/manuela-i-la-perdua-duna-mascota\/#primaryimage"},"thumbnailUrl":"https:\/\/mastorrencito.com\/cat\/wp-content\/uploads\/sites\/3\/manuela_vuelve.jpg","keywords":["turismoconmascotas","Tursmeambgossos"],"articleSection":["Hist\u00f2ries Mastorrencito"],"inLanguage":"es","potentialAction":[{"@type":"CommentAction","name":"Comment","target":["https:\/\/mastorrencito.com\/cat\/manuela-i-la-perdua-duna-mascota\/#respond"]}]},{"@type":"WebPage","@id":"https:\/\/mastorrencito.com\/cat\/manuela-i-la-perdua-duna-mascota\/","url":"https:\/\/mastorrencito.com\/cat\/manuela-i-la-perdua-duna-mascota\/","name":"Manuela i la p\u00e8rdua d'una mascota... - Mas Torrencito CAT","isPartOf":{"@id":"https:\/\/mastorrencito.com\/#website"},"primaryImageOfPage":{"@id":"https:\/\/mastorrencito.com\/cat\/manuela-i-la-perdua-duna-mascota\/#primaryimage"},"image":{"@id":"https:\/\/mastorrencito.com\/cat\/manuela-i-la-perdua-duna-mascota\/#primaryimage"},"thumbnailUrl":"https:\/\/mastorrencito.com\/cat\/wp-content\/uploads\/sites\/3\/manuela_vuelve.jpg","datePublished":"2024-10-31T05:57:20+00:00","description":"Tots n'hem perdut alguna, per\u00f2 qui millor que Manuela per donar-nos uns consells sobre com ho hem d'afrontar.","breadcrumb":{"@id":"https:\/\/mastorrencito.com\/cat\/manuela-i-la-perdua-duna-mascota\/#breadcrumb"},"inLanguage":"es","potentialAction":[{"@type":"ReadAction","target":["https:\/\/mastorrencito.com\/cat\/manuela-i-la-perdua-duna-mascota\/"]}]},{"@type":"ImageObject","inLanguage":"es","@id":"https:\/\/mastorrencito.com\/cat\/manuela-i-la-perdua-duna-mascota\/#primaryimage","url":"https:\/\/mastorrencito.com\/cat\/wp-content\/uploads\/sites\/3\/manuela_vuelve.jpg","contentUrl":"https:\/\/mastorrencito.com\/cat\/wp-content\/uploads\/sites\/3\/manuela_vuelve.jpg","width":1538,"height":1600,"caption":"Manuela como siempre imprescindible en Mas Torrencito"},{"@type":"BreadcrumbList","@id":"https:\/\/mastorrencito.com\/cat\/manuela-i-la-perdua-duna-mascota\/#breadcrumb","itemListElement":[{"@type":"ListItem","position":1,"name":"Portada","item":"https:\/\/mastorrencito.com\/"},{"@type":"ListItem","position":2,"name":"Manuela i la p\u00e8rdua d&#8217;una mascota&#8230;"}]},{"@type":"WebSite","@id":"https:\/\/mastorrencito.com\/#website","url":"https:\/\/mastorrencito.com\/","name":"Mas Torrencito CAT","description":"Casa rural pet friendly en Girona","publisher":{"@id":"https:\/\/mastorrencito.com\/#organization"},"potentialAction":[{"@type":"SearchAction","target":{"@type":"EntryPoint","urlTemplate":"https:\/\/mastorrencito.com\/?s={search_term_string}"},"query-input":{"@type":"PropertyValueSpecification","valueRequired":true,"valueName":"search_term_string"}}],"inLanguage":"es"},{"@type":"Organization","@id":"https:\/\/mastorrencito.com\/#organization","name":"Mas Torrencito CAT","url":"https:\/\/mastorrencito.com\/","logo":{"@type":"ImageObject","inLanguage":"es","@id":"https:\/\/mastorrencito.com\/#\/schema\/logo\/image\/","url":"https:\/\/mastorrencito.com\/cat\/wp-content\/uploads\/sites\/3\/Logo-Mastorrencito-horizontal.webp","contentUrl":"https:\/\/mastorrencito.com\/cat\/wp-content\/uploads\/sites\/3\/Logo-Mastorrencito-horizontal.webp","width":161,"height":54,"caption":"Mas Torrencito CAT"},"image":{"@id":"https:\/\/mastorrencito.com\/#\/schema\/logo\/image\/"}},{"@type":"Person","@id":"https:\/\/mastorrencito.com\/#\/schema\/person\/18c619be80d4ae2667c702911625f790","name":"Mastorrencito","image":{"@type":"ImageObject","inLanguage":"es","@id":"https:\/\/secure.gravatar.com\/avatar\/3ef55e0519f987a734c21caee1423b51df7b760b7d81a38ecd31cab0a5115f6d?s=96&d=mm&r=g","url":"https:\/\/secure.gravatar.com\/avatar\/3ef55e0519f987a734c21caee1423b51df7b760b7d81a38ecd31cab0a5115f6d?s=96&d=mm&r=g","contentUrl":"https:\/\/secure.gravatar.com\/avatar\/3ef55e0519f987a734c21caee1423b51df7b760b7d81a38ecd31cab0a5115f6d?s=96&d=mm&r=g","caption":"Mastorrencito"},"url":"https:\/\/mastorrencito.com\/cat\/author\/mastorrencito\/"}]}},"acf":[],"_links":{"self":[{"href":"https:\/\/mastorrencito.com\/cat\/wp-json\/wp\/v2\/posts\/4686","targetHints":{"allow":["GET"]}}],"collection":[{"href":"https:\/\/mastorrencito.com\/cat\/wp-json\/wp\/v2\/posts"}],"about":[{"href":"https:\/\/mastorrencito.com\/cat\/wp-json\/wp\/v2\/types\/post"}],"author":[{"embeddable":true,"href":"https:\/\/mastorrencito.com\/cat\/wp-json\/wp\/v2\/users\/2"}],"replies":[{"embeddable":true,"href":"https:\/\/mastorrencito.com\/cat\/wp-json\/wp\/v2\/comments?post=4686"}],"version-history":[{"count":0,"href":"https:\/\/mastorrencito.com\/cat\/wp-json\/wp\/v2\/posts\/4686\/revisions"}],"wp:featuredmedia":[{"embeddable":true,"href":"https:\/\/mastorrencito.com\/cat\/wp-json\/wp\/v2\/media\/4771"}],"wp:attachment":[{"href":"https:\/\/mastorrencito.com\/cat\/wp-json\/wp\/v2\/media?parent=4686"}],"wp:term":[{"taxonomy":"category","embeddable":true,"href":"https:\/\/mastorrencito.com\/cat\/wp-json\/wp\/v2\/categories?post=4686"},{"taxonomy":"post_tag","embeddable":true,"href":"https:\/\/mastorrencito.com\/cat\/wp-json\/wp\/v2\/tags?post=4686"}],"curies":[{"name":"wp","href":"https:\/\/api.w.org\/{rel}","templated":true}]}}