{"id":4681,"date":"2024-10-29T06:21:14","date_gmt":"2024-10-29T06:21:14","guid":{"rendered":"https:\/\/casaruralconperrosgirona.com\/el-llegat-de-manuela-un-rescat-al-bosc-de-mas-torrencito\/"},"modified":"2024-10-29T06:21:14","modified_gmt":"2024-10-29T06:21:14","slug":"el-llegat-de-manuela-un-rescat-al-bosc-de-mas-torrencito","status":"publish","type":"post","link":"https:\/\/mastorrencito.com\/cat\/el-llegat-de-manuela-un-rescat-al-bosc-de-mas-torrencito\/","title":{"rendered":"El llegat de Manuela&#8230; un rescat al bosc de Mas Torrencito"},"content":{"rendered":"\n<p>Era un mat\u00ed fred i gris a Mas Torrencito. La Manuela, la nostra fidel Golden, estava inquieta; no deixava de mirar cap al bosc com si escolt\u00e9s un murmuri que nom\u00e9s ella podia percebre. Al principi, vam pensar que potser nom\u00e9s volia explorar, per\u00f2 aviat la seva urg\u00e8ncia es va tornar impossible ignorar. Amb aquella mirada que semblava demanar ajuda, va decidir anar pel seu compte, movent-se amb passos cautelosos entre els arbres i desapareixent a l&#8217;espessor.   <\/p>\n\n<p>Uns minuts despr\u00e9s, va tornar corrent cap a la casa, panteixant i mirant-nos amb insist\u00e8ncia, gaireb\u00e9 pregant que la segu\u00edssim. Mai no l&#8217;hav\u00edem vist tan alterada. Sense dir m\u00e9s, prenem unes llanternes i jaquetes i la seguim mentre ella ens guiava pel bosc, cada cop m\u00e9s profund i fosc. El vent bufava fort, per\u00f2 el silenci del bosc era tan pesat que sent\u00edem el batec dels nostres cors al pit. Manuela avan\u00e7ava, amb la cua baixa i les seves orelles baixes, com si sab\u00e9s que alguna cosa terrible ens esperava.    <\/p>\n\n<h3 class=\"wp-block-heading\"><strong>Manuela, L&#8217;Hero\u00efna de Cor Daurat:<\/strong><\/h3>\n\n<p>Finalment, despr\u00e9s d&#8217;uns quants minuts que es van sentir eterns, vam arribar a una clariana al bosc. All\u00e0, al mig del no-res, hi havia una petita cistella, a penes visible sota unes fulles seques que alg\u00fa havia llen\u00e7at a sobre per amagar-la.   <\/p>\n\n<p>Dins la cistella, tot just movent-se, vam veure dos cadells. Eren tan petits que els seus ulls encara no s&#8217;havien obert completament, i els seus cossets tremolaven de fred. Estaven sols, abandonats, i els seus febles gemecs trencaven el silenci, ressonant amb una tristesa que era dif\u00edcil de suportar.  <\/p>\n\n<p>La Manuela s&#8217;hi va acostar amb una tendresa que no hav\u00edem vist mai. Els va olorejar suaument, gaireb\u00e9 amb por de fer-los malb\u00e9, i despr\u00e9s ens va mirar, com implorant que f\u00e9ssim alguna cosa, qualsevol cosa, per salvar-los. Els cadells estaven tan febles que amb prou feines podien aixecar els seus petits caps. Un va intentar emetre un lladruc, per\u00f2 nom\u00e9s un feble murmuri va sortir del musell. Hi havien estat qui sap quants dies, sense menjar, sense calor, sense una m\u00e0 amiga que els proteg\u00eds.    <\/p>\n\n<p>Sense pensar-ho dues vegades, els prenem amb molt de compte i els vam embolicar en una manta. Mentre els carreg\u00e0vem de tornada a Mas Torrencito, Manuela caminava amb nosaltres, mirant-los cada pocs passos, com una mare que tem perdre els seus fills.   <\/p>\n\n<p>No es va enlairar de nosaltres en cap moment, vigilant, alerta, gaireb\u00e9 com si sab\u00e9s que cada segon comptava per a aquells petits que amb prou feines penjaven d&#8217;un fil de vida.<\/p>\n\n<h3 class=\"wp-block-heading\">Un Acte de Compassi\u00f3 a Mas Torrencito<\/h3>\n\n<p>En arribar a casa, els vam posar al costat de la xemeneia perqu\u00e8 sentissin la calor. Els vam donar una mica de llet t\u00e8bia, gota a gota, amb una xeringa, i Manuela no se&#8217;n va separar, llepant els seus caps amb una dol\u00e7or que semblava voler esborrar tot el patiment que aquests petits havien suportat. Durant dies, els cuidem com si fossin de vidre, mentre Manuela vigilava els seus somnis, atenta cada moviment, cada respiraci\u00f3, com si entengu\u00e9s que les seves vides depenien de la seva pres\u00e8ncia constant.  <\/p>\n\n<p>Tot i aix\u00f2, un dels cadells, el m\u00e9s petit i feble, no va aconseguir sobreviure. Aquella nit, la Manuela es va recostar al seu costat, li va fer un \u00faltim pet\u00f3 i despr\u00e9s es va tombar al seu costat, com si entengu\u00e9s el comiat. No hi havia paraules per descriure el dolor que sentim en veure&#8217;l partir, per\u00f2 sab\u00edem que, almenys en els \u00faltims moments, havia sentit la calor d&#8217;una fam\u00edlia, encara que fos per poc temps.  <\/p>\n\n<p>L&#8217;altre cadell, per\u00f2, va sobreviure. Amb el temps, els seus ulls es van obrir i el seu cosset va comen\u00e7ar a guanyar forces. La Manuela es va convertir en la seva protectora i guia, com si fos la seva veritable mare. El portem a Mas Torrencito, on va trobar no nom\u00e9s una llar, sin\u00f3 una fam\u00edlia i una hist\u00f2ria d&#8217;amor i rescat, gr\u00e0cies a la noblesa i la valentia de Manuela.   <\/p>\n\n<p>I aix\u00ed, la vida va seguir endavant, amb el ress\u00f2 d&#8217;aquells dies foscos recordant-nos sempre la bondat dels animals, i com, de vegades, ells s\u00f3n els veritables herois que ens ensenyen el valor de la compassi\u00f3.<\/p>\n\n<h3 class=\"wp-block-heading\">El llegat de la humanitat?<\/h3>\n\n<p><br \/>La hist\u00f2ria d&#8217;aquells cadells abandonats ens va deixar una ferida profunda, no nom\u00e9s pel patiment que van viure aquests petits \u00e9ssers, sin\u00f3 per la freda i despietada decisi\u00f3 de qui els va deixar a la sort al bosc, sense la m\u00e9s m\u00ednima oportunitat de sobreviure.  <\/p>\n\n<p>\u00c9s dif\u00edcil entendre com alg\u00fa pot mirar aquests ulls innocents i decidir que ni tan sols mereixen una oportunitat, que les seves vides no valen prou per buscar-los una llar, un refugi, una m\u00e0 amable.<\/p>\n\n<p>En veure aquests cadells en aquest estat, no es pot evitar pensar en la contradicci\u00f3 que representa l&#8217;\u00e9sser hum\u00e0, un \u00e9sser suposadament racional, dotat d&#8217;intel\u00b7lig\u00e8ncia i empatia. I tot i aix\u00f2, capa\u00e7 d&#8217;actes tan cruels i insensibles. Es diu que una societat pot ser jutjada per la manera com tracta els \u00e9ssers m\u00e9s indefensos i vulnerables. Qu\u00e8 diu de nosaltres el fet que hi hagi persones capaces d&#8217;abandonar aix\u00ed unes vides tan fr\u00e0gils, desprotegides i dependents?   <\/p>\n\n<p>Potser el m\u00e9s trist \u00e9s que, en tractar aquests cadells com si fossin un sol \u00fas, no nom\u00e9s els van robar el dret a una vida digna, sin\u00f3 que, en el fons, van trair el m\u00e9s essencial del que hauria de ser la humanitat: la capacitat de tenir cura, de protegir, de donar amor sense condicions. Aquesta manca de compassi\u00f3, de respecte per la vida, \u00e9s una cosa que queda a l&#8217;\u00e0nima dels qui l&#8217;exerceixen. I moltes vegades, el dest\u00ed acaba sent implacable. Perqu\u00e8 qui abandona aix\u00ed, qui mostra tan poca miseric\u00f2rdia i consideraci\u00f3, corre el risc de trobar la mateixa indifer\u00e8ncia a la seva pr\u00f2pia vida.   <\/p>\n\n<h2 class=\"wp-block-heading\">La indifer\u00e8ncia total<\/h2>\n\n<p>\u00c9s ir\u00f2nic, per\u00f2 no poc com\u00fa, que aquells que no senten cap objecci\u00f3 a abandonar un \u00e9sser indefens en la seva joventut o en la seva adultesa, vegin reflectit aquest abandonament en la seva vellesa.  <\/p>\n\n<p>Quan la vida els passi factura i es trobin en la posici\u00f3 de vulnerabilitat que un dia van menysprear, potser llavors entendran el que se sent oblidat, ignorat, rebutjat com una cosa sense valor.<\/p>\n\n<p>Aquesta hist\u00f2ria ens deixa una lli\u00e7\u00f3 dura: els animals, en la seva noblesa, s\u00f3n capa\u00e7os d&#8217;estimar sense importar qui els tracti b\u00e9 o malament; per\u00f2 l&#8217;\u00e9sser hum\u00e0, en el seu egoisme, moltes vegades oblida que l&#8217;amor i el respecte s\u00f3n un mirall, que all\u00f2 que es d\u00f3na \u00e9s all\u00f2 que torna.  <\/p>\n\n<p>Que cuidar i respectar els \u00e9ssers vius no \u00e9s nom\u00e9s un acte de bondat, sin\u00f3 una inversi\u00f3 en la mateixa humanitat, en un futur on el respecte i la compassi\u00f3 siguin la base de tot.<\/p>\n\n<p>I mentre ens quedi l&#8217;oportunitat, que recordem all\u00f2 que Manuela ens va ensenyar: tenir cura dels m\u00e9s febles \u00e9s un acte de grandesa, un privilegi que ennobleix l&#8217;\u00e0nima.<\/p>\n\n<blockquote class=\"wp-block-quote is-layout-flow wp-block-quote-is-layout-flow\">\n<p>Que tingueu un FELI\u00c7 DIMARTS!!!<\/p>\n<\/blockquote>\n\n<p>\u2014\u2013<br \/> Si vols, podeu veure els nostres <strong>bons per caps de setmana, bons jubilats<\/strong> , a un preu incre\u00efble..entra a <a href=\"https:\/\/www.mastorrencito.com\/\">www.mastorrencito.com<\/a> o si vols podeu llegir m\u00e9s hist\u00f2ria i anecdotes que ens han passat a Mas Torrencito\u2026 Fes click <a href=\"https:\/\/mastorrencito.com\/es\/\">aqu\u00ed<\/a> :<\/p>\n","protected":false},"excerpt":{"rendered":"<p>Era un mat\u00ed fred i gris a Mas Torrencito. La Manuela, la nostra fidel Golden, estava inquieta; no deixava de mirar cap al bosc com si escolt\u00e9s un murmuri que nom\u00e9s ella podia percebre. Al principi, vam pensar que potser nom\u00e9s volia explorar, per\u00f2 aviat la seva urg\u00e8ncia es va tornar impossible ignorar. Amb aquella [&hellip;]<\/p>\n","protected":false},"author":2,"featured_media":4768,"comment_status":"open","ping_status":"open","sticky":false,"template":"","format":"standard","meta":{"_acf_changed":false,"footnotes":""},"categories":[35],"tags":[],"class_list":["post-4681","post","type-post","status-publish","format-standard","has-post-thumbnail","hentry","category-histories-mastorrencito"],"yoast_head":"<!-- This site is optimized with the Yoast SEO Premium plugin v27.3 (Yoast SEO v27.5) - https:\/\/yoast.com\/product\/yoast-seo-premium-wordpress\/ -->\n<title>El llegat de Manuela... un rescat al bosc de Mas Torrencito - Mas Torrencito CAT<\/title>\n<meta name=\"description\" content=\"Com una gosseta ens pot donar una lli\u00e7\u00f3 d&#039;humanitat. El llegat de Manuela... un rescat al bosc de Mas Torrencito\" \/>\n<meta name=\"robots\" content=\"index, follow, max-snippet:-1, max-image-preview:large, max-video-preview:-1\" \/>\n<link rel=\"canonical\" href=\"https:\/\/mastorrencito.com\/cat\/el-llegat-de-manuela-un-rescat-al-bosc-de-mas-torrencito\/\" \/>\n<meta property=\"og:locale\" content=\"es_ES\" \/>\n<meta property=\"og:type\" content=\"article\" \/>\n<meta property=\"og:title\" content=\"El llegat de Manuela... un rescat al bosc de Mas Torrencito\" \/>\n<meta property=\"og:description\" content=\"Com una gosseta ens pot donar una lli\u00e7\u00f3 d&#039;humanitat. El llegat de Manuela... un rescat al bosc de Mas Torrencito\" \/>\n<meta property=\"og:url\" content=\"https:\/\/mastorrencito.com\/cat\/el-llegat-de-manuela-un-rescat-al-bosc-de-mas-torrencito\/\" \/>\n<meta property=\"og:site_name\" content=\"Mas Torrencito CAT\" \/>\n<meta property=\"article:published_time\" content=\"2024-10-29T06:21:14+00:00\" \/>\n<meta property=\"og:image\" content=\"https:\/\/mastorrencito.com\/cat\/wp-content\/uploads\/sites\/3\/manuela_cachorros.jpg\" \/>\n\t<meta property=\"og:image:width\" content=\"1024\" \/>\n\t<meta property=\"og:image:height\" content=\"1024\" \/>\n\t<meta property=\"og:image:type\" content=\"image\/jpeg\" \/>\n<meta name=\"author\" content=\"Mastorrencito\" \/>\n<meta name=\"twitter:card\" content=\"summary_large_image\" \/>\n<meta name=\"twitter:label1\" content=\"Escrito por\" \/>\n\t<meta name=\"twitter:data1\" content=\"Mastorrencito\" \/>\n\t<meta name=\"twitter:label2\" content=\"Tiempo de lectura\" \/>\n\t<meta name=\"twitter:data2\" content=\"7 minutos\" \/>\n<script type=\"application\/ld+json\" class=\"yoast-schema-graph\">{\"@context\":\"https:\\\/\\\/schema.org\",\"@graph\":[{\"@type\":\"Article\",\"@id\":\"https:\\\/\\\/mastorrencito.com\\\/cat\\\/el-llegat-de-manuela-un-rescat-al-bosc-de-mas-torrencito\\\/#article\",\"isPartOf\":{\"@id\":\"https:\\\/\\\/mastorrencito.com\\\/cat\\\/el-llegat-de-manuela-un-rescat-al-bosc-de-mas-torrencito\\\/\"},\"author\":{\"name\":\"Mastorrencito\",\"@id\":\"https:\\\/\\\/mastorrencito.com\\\/#\\\/schema\\\/person\\\/18c619be80d4ae2667c702911625f790\"},\"headline\":\"El llegat de Manuela&#8230; un rescat al bosc de Mas Torrencito\",\"datePublished\":\"2024-10-29T06:21:14+00:00\",\"mainEntityOfPage\":{\"@id\":\"https:\\\/\\\/mastorrencito.com\\\/cat\\\/el-llegat-de-manuela-un-rescat-al-bosc-de-mas-torrencito\\\/\"},\"wordCount\":1304,\"commentCount\":0,\"publisher\":{\"@id\":\"https:\\\/\\\/mastorrencito.com\\\/#organization\"},\"image\":{\"@id\":\"https:\\\/\\\/mastorrencito.com\\\/cat\\\/el-llegat-de-manuela-un-rescat-al-bosc-de-mas-torrencito\\\/#primaryimage\"},\"thumbnailUrl\":\"https:\\\/\\\/mastorrencito.com\\\/cat\\\/wp-content\\\/uploads\\\/sites\\\/3\\\/manuela_cachorros.jpg\",\"articleSection\":[\"Hist\u00f2ries Mastorrencito\"],\"inLanguage\":\"es\",\"potentialAction\":[{\"@type\":\"CommentAction\",\"name\":\"Comment\",\"target\":[\"https:\\\/\\\/mastorrencito.com\\\/cat\\\/el-llegat-de-manuela-un-rescat-al-bosc-de-mas-torrencito\\\/#respond\"]}]},{\"@type\":\"WebPage\",\"@id\":\"https:\\\/\\\/mastorrencito.com\\\/cat\\\/el-llegat-de-manuela-un-rescat-al-bosc-de-mas-torrencito\\\/\",\"url\":\"https:\\\/\\\/mastorrencito.com\\\/cat\\\/el-llegat-de-manuela-un-rescat-al-bosc-de-mas-torrencito\\\/\",\"name\":\"El llegat de Manuela... un rescat al bosc de Mas Torrencito - Mas Torrencito CAT\",\"isPartOf\":{\"@id\":\"https:\\\/\\\/mastorrencito.com\\\/#website\"},\"primaryImageOfPage\":{\"@id\":\"https:\\\/\\\/mastorrencito.com\\\/cat\\\/el-llegat-de-manuela-un-rescat-al-bosc-de-mas-torrencito\\\/#primaryimage\"},\"image\":{\"@id\":\"https:\\\/\\\/mastorrencito.com\\\/cat\\\/el-llegat-de-manuela-un-rescat-al-bosc-de-mas-torrencito\\\/#primaryimage\"},\"thumbnailUrl\":\"https:\\\/\\\/mastorrencito.com\\\/cat\\\/wp-content\\\/uploads\\\/sites\\\/3\\\/manuela_cachorros.jpg\",\"datePublished\":\"2024-10-29T06:21:14+00:00\",\"description\":\"Com una gosseta ens pot donar una lli\u00e7\u00f3 d'humanitat. El llegat de Manuela... un rescat al bosc de Mas Torrencito\",\"breadcrumb\":{\"@id\":\"https:\\\/\\\/mastorrencito.com\\\/cat\\\/el-llegat-de-manuela-un-rescat-al-bosc-de-mas-torrencito\\\/#breadcrumb\"},\"inLanguage\":\"es\",\"potentialAction\":[{\"@type\":\"ReadAction\",\"target\":[\"https:\\\/\\\/mastorrencito.com\\\/cat\\\/el-llegat-de-manuela-un-rescat-al-bosc-de-mas-torrencito\\\/\"]}]},{\"@type\":\"ImageObject\",\"inLanguage\":\"es\",\"@id\":\"https:\\\/\\\/mastorrencito.com\\\/cat\\\/el-llegat-de-manuela-un-rescat-al-bosc-de-mas-torrencito\\\/#primaryimage\",\"url\":\"https:\\\/\\\/mastorrencito.com\\\/cat\\\/wp-content\\\/uploads\\\/sites\\\/3\\\/manuela_cachorros.jpg\",\"contentUrl\":\"https:\\\/\\\/mastorrencito.com\\\/cat\\\/wp-content\\\/uploads\\\/sites\\\/3\\\/manuela_cachorros.jpg\",\"width\":1024,\"height\":1024},{\"@type\":\"BreadcrumbList\",\"@id\":\"https:\\\/\\\/mastorrencito.com\\\/cat\\\/el-llegat-de-manuela-un-rescat-al-bosc-de-mas-torrencito\\\/#breadcrumb\",\"itemListElement\":[{\"@type\":\"ListItem\",\"position\":1,\"name\":\"Portada\",\"item\":\"https:\\\/\\\/mastorrencito.com\\\/\"},{\"@type\":\"ListItem\",\"position\":2,\"name\":\"El llegat de Manuela&#8230; un rescat al bosc de Mas Torrencito\"}]},{\"@type\":\"WebSite\",\"@id\":\"https:\\\/\\\/mastorrencito.com\\\/#website\",\"url\":\"https:\\\/\\\/mastorrencito.com\\\/\",\"name\":\"Mas Torrencito CAT\",\"description\":\"Casa rural pet friendly en Girona\",\"publisher\":{\"@id\":\"https:\\\/\\\/mastorrencito.com\\\/#organization\"},\"potentialAction\":[{\"@type\":\"SearchAction\",\"target\":{\"@type\":\"EntryPoint\",\"urlTemplate\":\"https:\\\/\\\/mastorrencito.com\\\/?s={search_term_string}\"},\"query-input\":{\"@type\":\"PropertyValueSpecification\",\"valueRequired\":true,\"valueName\":\"search_term_string\"}}],\"inLanguage\":\"es\"},{\"@type\":\"Organization\",\"@id\":\"https:\\\/\\\/mastorrencito.com\\\/#organization\",\"name\":\"Mas Torrencito CAT\",\"url\":\"https:\\\/\\\/mastorrencito.com\\\/\",\"logo\":{\"@type\":\"ImageObject\",\"inLanguage\":\"es\",\"@id\":\"https:\\\/\\\/mastorrencito.com\\\/#\\\/schema\\\/logo\\\/image\\\/\",\"url\":\"https:\\\/\\\/mastorrencito.com\\\/cat\\\/wp-content\\\/uploads\\\/sites\\\/3\\\/Logo-Mastorrencito-horizontal.webp\",\"contentUrl\":\"https:\\\/\\\/mastorrencito.com\\\/cat\\\/wp-content\\\/uploads\\\/sites\\\/3\\\/Logo-Mastorrencito-horizontal.webp\",\"width\":161,\"height\":54,\"caption\":\"Mas Torrencito CAT\"},\"image\":{\"@id\":\"https:\\\/\\\/mastorrencito.com\\\/#\\\/schema\\\/logo\\\/image\\\/\"}},{\"@type\":\"Person\",\"@id\":\"https:\\\/\\\/mastorrencito.com\\\/#\\\/schema\\\/person\\\/18c619be80d4ae2667c702911625f790\",\"name\":\"Mastorrencito\",\"image\":{\"@type\":\"ImageObject\",\"inLanguage\":\"es\",\"@id\":\"https:\\\/\\\/secure.gravatar.com\\\/avatar\\\/3ef55e0519f987a734c21caee1423b51df7b760b7d81a38ecd31cab0a5115f6d?s=96&d=mm&r=g\",\"url\":\"https:\\\/\\\/secure.gravatar.com\\\/avatar\\\/3ef55e0519f987a734c21caee1423b51df7b760b7d81a38ecd31cab0a5115f6d?s=96&d=mm&r=g\",\"contentUrl\":\"https:\\\/\\\/secure.gravatar.com\\\/avatar\\\/3ef55e0519f987a734c21caee1423b51df7b760b7d81a38ecd31cab0a5115f6d?s=96&d=mm&r=g\",\"caption\":\"Mastorrencito\"},\"url\":\"https:\\\/\\\/mastorrencito.com\\\/cat\\\/author\\\/mastorrencito\\\/\"}]}<\/script>\n<!-- \/ Yoast SEO Premium plugin. -->","yoast_head_json":{"title":"El llegat de Manuela... un rescat al bosc de Mas Torrencito - Mas Torrencito CAT","description":"Com una gosseta ens pot donar una lli\u00e7\u00f3 d'humanitat. El llegat de Manuela... un rescat al bosc de Mas Torrencito","robots":{"index":"index","follow":"follow","max-snippet":"max-snippet:-1","max-image-preview":"max-image-preview:large","max-video-preview":"max-video-preview:-1"},"canonical":"https:\/\/mastorrencito.com\/cat\/el-llegat-de-manuela-un-rescat-al-bosc-de-mas-torrencito\/","og_locale":"es_ES","og_type":"article","og_title":"El llegat de Manuela... un rescat al bosc de Mas Torrencito","og_description":"Com una gosseta ens pot donar una lli\u00e7\u00f3 d'humanitat. El llegat de Manuela... un rescat al bosc de Mas Torrencito","og_url":"https:\/\/mastorrencito.com\/cat\/el-llegat-de-manuela-un-rescat-al-bosc-de-mas-torrencito\/","og_site_name":"Mas Torrencito CAT","article_published_time":"2024-10-29T06:21:14+00:00","og_image":[{"width":1024,"height":1024,"url":"https:\/\/mastorrencito.com\/cat\/wp-content\/uploads\/sites\/3\/manuela_cachorros.jpg","type":"image\/jpeg"}],"author":"Mastorrencito","twitter_card":"summary_large_image","twitter_misc":{"Escrito por":"Mastorrencito","Tiempo de lectura":"7 minutos"},"schema":{"@context":"https:\/\/schema.org","@graph":[{"@type":"Article","@id":"https:\/\/mastorrencito.com\/cat\/el-llegat-de-manuela-un-rescat-al-bosc-de-mas-torrencito\/#article","isPartOf":{"@id":"https:\/\/mastorrencito.com\/cat\/el-llegat-de-manuela-un-rescat-al-bosc-de-mas-torrencito\/"},"author":{"name":"Mastorrencito","@id":"https:\/\/mastorrencito.com\/#\/schema\/person\/18c619be80d4ae2667c702911625f790"},"headline":"El llegat de Manuela&#8230; un rescat al bosc de Mas Torrencito","datePublished":"2024-10-29T06:21:14+00:00","mainEntityOfPage":{"@id":"https:\/\/mastorrencito.com\/cat\/el-llegat-de-manuela-un-rescat-al-bosc-de-mas-torrencito\/"},"wordCount":1304,"commentCount":0,"publisher":{"@id":"https:\/\/mastorrencito.com\/#organization"},"image":{"@id":"https:\/\/mastorrencito.com\/cat\/el-llegat-de-manuela-un-rescat-al-bosc-de-mas-torrencito\/#primaryimage"},"thumbnailUrl":"https:\/\/mastorrencito.com\/cat\/wp-content\/uploads\/sites\/3\/manuela_cachorros.jpg","articleSection":["Hist\u00f2ries Mastorrencito"],"inLanguage":"es","potentialAction":[{"@type":"CommentAction","name":"Comment","target":["https:\/\/mastorrencito.com\/cat\/el-llegat-de-manuela-un-rescat-al-bosc-de-mas-torrencito\/#respond"]}]},{"@type":"WebPage","@id":"https:\/\/mastorrencito.com\/cat\/el-llegat-de-manuela-un-rescat-al-bosc-de-mas-torrencito\/","url":"https:\/\/mastorrencito.com\/cat\/el-llegat-de-manuela-un-rescat-al-bosc-de-mas-torrencito\/","name":"El llegat de Manuela... un rescat al bosc de Mas Torrencito - Mas Torrencito CAT","isPartOf":{"@id":"https:\/\/mastorrencito.com\/#website"},"primaryImageOfPage":{"@id":"https:\/\/mastorrencito.com\/cat\/el-llegat-de-manuela-un-rescat-al-bosc-de-mas-torrencito\/#primaryimage"},"image":{"@id":"https:\/\/mastorrencito.com\/cat\/el-llegat-de-manuela-un-rescat-al-bosc-de-mas-torrencito\/#primaryimage"},"thumbnailUrl":"https:\/\/mastorrencito.com\/cat\/wp-content\/uploads\/sites\/3\/manuela_cachorros.jpg","datePublished":"2024-10-29T06:21:14+00:00","description":"Com una gosseta ens pot donar una lli\u00e7\u00f3 d'humanitat. El llegat de Manuela... un rescat al bosc de Mas Torrencito","breadcrumb":{"@id":"https:\/\/mastorrencito.com\/cat\/el-llegat-de-manuela-un-rescat-al-bosc-de-mas-torrencito\/#breadcrumb"},"inLanguage":"es","potentialAction":[{"@type":"ReadAction","target":["https:\/\/mastorrencito.com\/cat\/el-llegat-de-manuela-un-rescat-al-bosc-de-mas-torrencito\/"]}]},{"@type":"ImageObject","inLanguage":"es","@id":"https:\/\/mastorrencito.com\/cat\/el-llegat-de-manuela-un-rescat-al-bosc-de-mas-torrencito\/#primaryimage","url":"https:\/\/mastorrencito.com\/cat\/wp-content\/uploads\/sites\/3\/manuela_cachorros.jpg","contentUrl":"https:\/\/mastorrencito.com\/cat\/wp-content\/uploads\/sites\/3\/manuela_cachorros.jpg","width":1024,"height":1024},{"@type":"BreadcrumbList","@id":"https:\/\/mastorrencito.com\/cat\/el-llegat-de-manuela-un-rescat-al-bosc-de-mas-torrencito\/#breadcrumb","itemListElement":[{"@type":"ListItem","position":1,"name":"Portada","item":"https:\/\/mastorrencito.com\/"},{"@type":"ListItem","position":2,"name":"El llegat de Manuela&#8230; un rescat al bosc de Mas Torrencito"}]},{"@type":"WebSite","@id":"https:\/\/mastorrencito.com\/#website","url":"https:\/\/mastorrencito.com\/","name":"Mas Torrencito CAT","description":"Casa rural pet friendly en Girona","publisher":{"@id":"https:\/\/mastorrencito.com\/#organization"},"potentialAction":[{"@type":"SearchAction","target":{"@type":"EntryPoint","urlTemplate":"https:\/\/mastorrencito.com\/?s={search_term_string}"},"query-input":{"@type":"PropertyValueSpecification","valueRequired":true,"valueName":"search_term_string"}}],"inLanguage":"es"},{"@type":"Organization","@id":"https:\/\/mastorrencito.com\/#organization","name":"Mas Torrencito CAT","url":"https:\/\/mastorrencito.com\/","logo":{"@type":"ImageObject","inLanguage":"es","@id":"https:\/\/mastorrencito.com\/#\/schema\/logo\/image\/","url":"https:\/\/mastorrencito.com\/cat\/wp-content\/uploads\/sites\/3\/Logo-Mastorrencito-horizontal.webp","contentUrl":"https:\/\/mastorrencito.com\/cat\/wp-content\/uploads\/sites\/3\/Logo-Mastorrencito-horizontal.webp","width":161,"height":54,"caption":"Mas Torrencito CAT"},"image":{"@id":"https:\/\/mastorrencito.com\/#\/schema\/logo\/image\/"}},{"@type":"Person","@id":"https:\/\/mastorrencito.com\/#\/schema\/person\/18c619be80d4ae2667c702911625f790","name":"Mastorrencito","image":{"@type":"ImageObject","inLanguage":"es","@id":"https:\/\/secure.gravatar.com\/avatar\/3ef55e0519f987a734c21caee1423b51df7b760b7d81a38ecd31cab0a5115f6d?s=96&d=mm&r=g","url":"https:\/\/secure.gravatar.com\/avatar\/3ef55e0519f987a734c21caee1423b51df7b760b7d81a38ecd31cab0a5115f6d?s=96&d=mm&r=g","contentUrl":"https:\/\/secure.gravatar.com\/avatar\/3ef55e0519f987a734c21caee1423b51df7b760b7d81a38ecd31cab0a5115f6d?s=96&d=mm&r=g","caption":"Mastorrencito"},"url":"https:\/\/mastorrencito.com\/cat\/author\/mastorrencito\/"}]}},"acf":[],"_links":{"self":[{"href":"https:\/\/mastorrencito.com\/cat\/wp-json\/wp\/v2\/posts\/4681","targetHints":{"allow":["GET"]}}],"collection":[{"href":"https:\/\/mastorrencito.com\/cat\/wp-json\/wp\/v2\/posts"}],"about":[{"href":"https:\/\/mastorrencito.com\/cat\/wp-json\/wp\/v2\/types\/post"}],"author":[{"embeddable":true,"href":"https:\/\/mastorrencito.com\/cat\/wp-json\/wp\/v2\/users\/2"}],"replies":[{"embeddable":true,"href":"https:\/\/mastorrencito.com\/cat\/wp-json\/wp\/v2\/comments?post=4681"}],"version-history":[{"count":0,"href":"https:\/\/mastorrencito.com\/cat\/wp-json\/wp\/v2\/posts\/4681\/revisions"}],"wp:featuredmedia":[{"embeddable":true,"href":"https:\/\/mastorrencito.com\/cat\/wp-json\/wp\/v2\/media\/4768"}],"wp:attachment":[{"href":"https:\/\/mastorrencito.com\/cat\/wp-json\/wp\/v2\/media?parent=4681"}],"wp:term":[{"taxonomy":"category","embeddable":true,"href":"https:\/\/mastorrencito.com\/cat\/wp-json\/wp\/v2\/categories?post=4681"},{"taxonomy":"post_tag","embeddable":true,"href":"https:\/\/mastorrencito.com\/cat\/wp-json\/wp\/v2\/tags?post=4681"}],"curies":[{"name":"wp","href":"https:\/\/api.w.org\/{rel}","templated":true}]}}