{"id":4677,"date":"2024-10-27T05:48:24","date_gmt":"2024-10-27T05:48:24","guid":{"rendered":"https:\/\/casaruralconperrosgirona.com\/la-trucada-inesperada-a-mas-torrencito\/"},"modified":"2024-10-27T05:48:24","modified_gmt":"2024-10-27T05:48:24","slug":"la-trucada-inesperada-a-mas-torrencito","status":"publish","type":"post","link":"https:\/\/mastorrencito.com\/cat\/la-trucada-inesperada-a-mas-torrencito\/","title":{"rendered":"La trucada inesperada a Mas Torrencito"},"content":{"rendered":"\n<p>La llum del mat\u00ed tot just comen\u00e7ava a treure el cap per la finestra quan vaig obrir els ulls, encara mig desorientat. Ufff, quin somni tinc avui! vaig murmurar per a mi mateix. Ahir a la nit ni tan sols em vaig quedar a veure el partit del Bar\u00e7a, encara que el Chillout va estar fins a la bandera. La trucada inesperada a Mas Torrencito   <\/p>\n\n<p>Hi eren tots: Jordi, Yoyo, Isa, Vicent, Ramon, Blanca, Moi, Eugenia, el nostre ve\u00ed Marck i el seu amic, Mikel, Sandra i la seva amiga\u2026 per\u00f2, sobretot, hi havia la Mire. All\u00e0 la tenies, amb la samarreta del Bar\u00e7a, deixant-se l&#8217;\u00e0nima a cada crit i celebrant cada gol com si fos l&#8217;\u00faltim. <\/p>\n\n<p>Jo, com sempre, no vaig poder amb tanta tensi\u00f3 i, tot just va comen\u00e7ar el partit, vaig decidir escapolir-me a la meva cuina. Des d&#8217;aqu\u00ed podia escoltar els \u201cUuuuuuiiiiiii!\u201d i els \u201cOooooostiaaaaaas!\u201d cada cop que s&#8217;acostaven a la porteria. I \u00e9s clar, els gols no passaven desapercebuts, la crid\u00f2ria era tan gran que semblava que es venia el sostre a baix. Finalment, a meitat de partit, em vaig deixar veure una estona entre la multitud, per no quedar d&#8217;antisocial, i despr\u00e9s em vaig retirar a les meves estances amb dignitat i una mica de cansament, mentre \u201cMam\u00e1s\u201d, la meva fidel companya, m&#8217;esperava al llit . Els altres, Masto, Maky i Mastitwo, ja dormien al despatx, lliures de la garriga futbolera.    <\/p>\n\n<p>A prop de les onze de la nit, ja estava profundament adormit quan vaig sentir la porta obrir-se. Vaig sentir una m\u00e0 a la meva espatlla i, entre somnis, vaig sentir la veu de la Mireia xiuxiuejant: <\/p>\n\n<p>\u2014Peque\u2026 jo, ho sento molt\u2026 per\u00f2 \u00e9s que no hi ha aigua.<\/p>\n\n<p>En aquell moment vaig sentir com el cor em feia un tomb. Un altre cop sense aigua! Mig en somnis i lluitant per obrir els ulls, em vaig aixecar com vaig poder i vaig revisar el sistema d&#8217;aigua. Despr\u00e9s d&#8217;alguns ajustaments i amb molt d&#8217;esfor\u00e7, vaig aconseguir que torn\u00e9s a funcionar. La Mireia em mirava amb aquella barreja de culpabilitat i tendresa que fa que no et puguis enutjar durant molt de temps, i abans que m&#8217;adon\u00e9s, era una altra vegada al llit, enfonsant-me de nou en el son.    <\/p>\n\n<h4 class=\"wp-block-heading\">Matina i La trucada inesperada a Mas Torrencito<\/h4>\n\n<p>L&#8217;endem\u00e0 al mat\u00ed, em vaig despertar cap a les 4:30, amb la sensaci\u00f3 que alguna cosa estava estranya, potser pel canvi d&#8217;hora. En fi, la rutina \u00e9s la rutina, aix\u00ed que vaig anar directe a encendre la cafetera pel meu primer caf\u00e8 del dia. Vaig fer un recorregut r\u00e0pid pels dip\u00f2sits d&#8217;aigua, assegurant-me que tot funcion\u00e9s correctament, i vaig verificar els llums del bar, que sempre s&#8217;apagaven si plovia. Tot estava en ordre, aix\u00ed que em vaig preparar un altre caf\u00e8 i em vaig posar a fer les meves coses: respondre correus, revisar xarxes, i atendre algun missatge de clients.   <\/p>\n\n<p>El mat\u00ed va passar tranquil\u00b7la, sense gaires ensurts, fins que cap a les deu, el tel\u00e8fon va sonar de sobte. El vaig mirar, estranyat, perqu\u00e8 no esperava cap trucada a aquella hora. <\/p>\n\n<p>\u2014Mas Torrencito, bon dia\u2026 digui&#8217;m? \u2014vaig respondre, amb aquella formalitat que hom fa servir per costum. <\/p>\n\n<p>\u2014Bon dia, Miguel Chordi? -la veu era femenina, amb un to seri\u00f3s per\u00f2 amigable. <\/p>\n\n<p>\u2014S\u00ed, s\u00f3c jo\u2026 \u2014vaig respondre, sense saber qu\u00e8 esperar\u2014. Qui li truca? <\/p>\n\n<p>\u2014Em dic Maria Jos\u00e9 Armengol, de Planeta, l&#8217;editorial de llibres.<\/p>\n\n<p>Em vaig quedar en silenci, processant all\u00f2 que acabava d&#8217;escoltar. Planeta? L&#8217;editorial de llibres? Em trucava alg\u00fa de Planeta?   <\/p>\n\n<p>\u2014Ahhh\u2026 s\u00ed, s\u00ed \u2014vaig dir, amb un to mig burleta, encara pensant que aix\u00f2 era una broma\u2014. I qu\u00e8 voleu? <\/p>\n\n<p>Ella va riure suaument, com si estigu\u00e9s acostumada a bregar amb gent incr\u00e8dula.<\/p>\n\n<p>\u2014B\u00e9, t&#8217;ho explico. Resulta que la teva cunyada Gisela \u00e9s amiga de la meva millor amiga, ia m\u00e9s treballa per a nosaltres a Planeta. Ella ens ha parlat dels textos que publiques a xarxes di\u00e0riament, i la meva amiga s&#8217;ha enganxat a llegir-te.  <\/p>\n\n<p>No podia creure el que escoltava. Els meus textos en xarxes llegien a Planeta?! Em va donar per deixar anar un \u201cJo, qu\u00e8 guai\u201d, tractant de sonar casual encara que per dins estava al\u00b7lucinant.  <\/p>\n\n<p>\u2014El cas \u00e9s que la meva amiga em va insistir que et lleg\u00eds tamb\u00e9, i porto uns dies seguint el que publiques. Fins i tot n&#8217;he llegit alguns de fa temps. Quan portes escrivint-los?  <\/p>\n\n<p>\u2014Ostis\u2026 doncs des del juliol, m\u00e9s o menys \u2014vaig contestar, encara sense saber com encaixar tot aix\u00f2.<\/p>\n\n<p>\u2014Doncs em van agradar molt. En vaig parlar amb els meus superiors i em van donar carta blanca per trucar-te i veure si podem fer alguna cosa amb tu. T&#8217;interessaria?  <\/p>\n\n<p>Jo ja no sabia qu\u00e8 pensar. Una editorial interessada en mi?! Vaig sentir que les paraules amb prou feines em sortien.  <\/p>\n\n<p>\u2014B\u00e9\u2026 no s\u00e9 qu\u00e8 dir. La veritat \u00e9s que aix\u00f2 m?ha pres per sorpresa. No \u00e9s una cosa que tingu\u00e9s previst. El meu cas \u00e9s la casa rural, els clients\u2026 per\u00f2 no ho s\u00e9\u2026 \u2014les paraules se m&#8217;ennuegaven\u2014. Qu\u00e8 haur\u00edem de fer, a grans trets?    <\/p>\n\n<p>\u2014El primer seria con\u00e8ixer-nos en persona. Estic passant el cap de setmana amb la meva fam\u00edlia a l&#8217;Escala, aix\u00ed que em puc acostar i ho comentem. <\/p>\n\n<h4 class=\"wp-block-heading\">Primera trobada. La trucada inesperada a Mas Torrencito <\/h4>\n\n<p>Vaig assentir, encara en xoc, i li vaig donar les meves coordenades. Quan vaig penjar, vaig c\u00f3rrer cap a la terrassa, on la Mireia estava amb Vicent, Isa, Ram\u00f3n i Blanca esmorzant, i els vaig deixar anar la not\u00edcia sense m\u00e9s ni m\u00e9s. <\/p>\n\n<p>\u2014M&#8217;acaba de trucar una dona de Planeta! Voleu parlar amb mi sobre els meus textos! <\/p>\n\n<p>Al principi, tots es van quedar mirant-me com si m&#8217;haguessin crescut dos caps. La Mireia va ser la primera a deixar anar la riallada. <\/p>\n\n<p>\u2014Vinga ja! Qu\u00e8 t&#8217;ha trucat qui? \u2014va dir, sense poder fer riure.  <\/p>\n\n<p>\u2014Us juro que \u00e9s cert! Truca a la teva germana i pregunta-li si coneix una tal Mar\u00eda Jos\u00e9 Armengol. <\/p>\n\n<p>Amb cara d&#8217;incredulitat, la Mireia va treure el tel\u00e8fon i va marcar el n\u00famero de la seva germana. Despr\u00e9s d&#8217;un moment d&#8217;espera, va confirmar la meva hist\u00f2ria. Resulta que s\u00ed, la tal Maria Josep treballava a Planeta i estava interessada en els meus textos. La Mireia em va mirar bocabadada.   <\/p>\n\n<p>\u2014Doncs \u00e9s veritat! \u2014va dir, entre sorpresa i emocionada\u2014. Que fort!  <\/p>\n\n<p>A dos quarts de dotze, el tel\u00e8fon va tornar a sonar. Era Maria Josep, que ja era a prop. Li vaig explicar com arribar-hi i que baix\u00e9s directe fins al Chillout perqu\u00e8 no tingu\u00e9s problemes d&#8217;aparcament. Els gossos van comen\u00e7ar a bordar, avisant l&#8217;arribada d&#8217;alg\u00fa, i tots vam treure el cap per veure. Quan el cotxe de Maria Josep va aparcar, vaig veure que es quedava a dins, una mica dubtosa.    <\/p>\n\n<p>\u2014Per\u00f2 despr\u00e9s de llegir les meves hist\u00f2ries no t&#8217;imaginaves que hi hauria gossos? \u2014li vaig dir, mig de broma, quan finalment va baixar del cotxe. <\/p>\n\n<p>Maria Josep va riure i els meus amics, sempre disposats per a les bromes, van deixar anar riallades mentre jo murmurava\u2014: Per aix\u00f2 treballa a Planeta, no sap qu\u00e8 \u00e9s un gos.<\/p>\n\n<p>Entre rialles, la vaig convidar a passar i la vaig portar a la terrassa, on Txarango sonava a tot pulm\u00f3. Vaig baixar el volum i li vaig oferir una mica de beure. <\/p>\n\n<p>\u2014Vols una cervesa, un caf\u00e8?<\/p>\n\n<p>\u2014Una birra estaria b\u00e9 \u2014em contest\u00e0 amb un somriure.<\/p>\n\n<figure class=\"wp-block-image size-large is-resized\"><a href=\"\/www-dot-mastorrencito-dot-com\"><img decoding=\"async\" src=\"https:\/\/mastorrencito.com\/wp-content\/uploads\/2024\/10\/haz_tu_reserva-1024x1024.jpg\" alt=\"Reserva a Mas Torrencito a preus incre&#xEF;bles.  \" class=\"wp-image-1836\" style=\"width:730px;height:auto\" \/><\/a><\/figure>\n<h4 class=\"wp-block-heading\">Cerveses i al\u00b7lucins. La trucada inesperada a Mas Torrencito <\/h4>\n\n<p>Li vaig servir la cervesa i, amb el got a la m\u00e0, em va comen\u00e7ar a explicar de nou sobre la proposta de Planeta. Em parlava de com els havien agradat molt els meus textos i de la possibilitat de convertir les meves publicacions en un llibre. Jo amb prou feines podia concentrar-me en les seves paraules, el meu cap donava voltes. Al final, em va mirar als ulls i va preguntar:   <\/p>\n\n<p>\u2014Aleshores\u2026 t&#8217;interessa?<\/p>\n\n<p>\u2014Ostis\u2026 no ho s\u00e9. No m&#8217;havia passat mai pel cap. El meu cas \u00e9s la casa rural, els clients, les hist\u00f2ries del dia a dia, per\u00f2\u2026 \u2014vaig tartamudejar, intentant trobar les paraules.  <\/p>\n\n<p>Ella em va mirar amb aquells ulls blaus enormes i seriosos\u2014. Mira, perqu\u00e8 no et preocupis, els meus superiors m&#8217;han donat llum verda per oferir-te un aven\u00e7. <\/p>\n\n<figure class=\"wp-block-image size-large\"><img decoding=\"async\" src=\"https:\/\/mastorrencito.com\/wp-content\/uploads\/2024\/10\/llamada1-1-1024x585.jpg\" alt=\"\" class=\"wp-image-1828\" \/><\/figure>\n<p>Em vaig quedar en silenci, tractant de processar all\u00f2 que acabava de dir. Un aven\u00e7?! <\/p>\n\n<p>\u2014I de quant estar\u00edem parlant? \u2014vaig preguntar amb veu entretallada. <\/p>\n\n<p>\u2014Entre 50 i 75 mil euros \u2014em va dir tranquil\u00b7lament.<\/p>\n\n<p>Per un moment, vaig sentir que el cap m&#8217;explotaria. Amb aquesta quantitat, podria cobrir els meus comptes, passar l&#8217;hivern amb tranquil\u00b7litat, treure&#8217;m alguns deutes i, qui sap, fins i tot comprar-me un cotxe el\u00e8ctric! <\/p>\n\n<p>El moment era surrealista, i jo seguia all\u00e0, assegut davant de Maria Josep, intentant assimilar-ho tot. Havia comen\u00e7at aquesta xerrada sense creure del tot en all\u00f2 que m&#8217;estava proposant i ara\u2026 m&#8217;estava parlant de contractes i aven\u00e7os! Vaig donar un glop a la meva cervesa, intentant processar.  <\/p>\n\n<p>\u2014Jo\u2026 doncs estaria guai, i qu\u00e8 he de fer? Perqu\u00e8 no crec que em doneu aquesta pasta per res \u2014vaig dir, intentant sonar pr\u00e0ctic, encara que el cor m&#8217;anava a mil per hora. <\/p>\n\n<p>\u2014B\u00e9 \u2014em va contestar ella amb un somriure segur\u2014, el primer seria signar un contracte de publicacions. Despr\u00e9s, un d&#8217;obligacions i, \u00e9s clar, un altre d&#8217;exclusivitat. <\/p>\n\n<p>Vaig assentir, encara als n\u00favols per\u00f2 tractant de mantenir els peus a terra.<\/p>\n\n<p>\u2014Aix\u00f2 em sembla normal, per\u00f2\u2026 em preocupa m\u00e9s saber com voleu plantejar-ho. O sigui, seria tal com el que ja faig? O espereu alguna cosa diferent? \u2014vaig dir, amb la veu tremolant una mica.   <\/p>\n\n<h4 class=\"wp-block-heading\">Els contractes. La trucada inesperada a Mas Torrencito <\/h4>\n\n<p>Maria Josep em va mirar directament, com qui t\u00e9 clar qu\u00e8 vol.<\/p>\n\n<p>\u2014Volem que, de tot el que ja portes publicat, ens donis perm\u00eds per reestructurar-ho, donar-li forma i publicar-ho. Volem conservar el teu estil, aix\u00f2 \u00e9s el que ens agrada. Aix\u00ed que, realment, nom\u00e9s ens hauries de donar el vistiplau i signar els contractes!  <\/p>\n\n<p>La idea em sonava com un somni. Reestructurar, polir el que ja havia escrit i\u2026 nom\u00e9s aix\u00f2? La vaig mirar mig incr\u00e8dul.  <\/p>\n\n<p>\u2014Nom\u00e9s aix\u00f2? No tinc res m\u00e9s a fer? <\/p>\n\n<p>\u2014Res m\u00e9s \u2014va dir, amb un somriure triomfal\u2014. Nom\u00e9s aix\u00f2 i signar. <\/p>\n\n<p>Vaig comen\u00e7ar a sentir l&#8217;adrenalina, per\u00f2 tot i aix\u00ed vaig decidir mantenir el cap fred.<\/p>\n\n<p>\u2014B\u00e9, si \u00e9s aix\u00f2\u2026 em sembla b\u00e9, per\u00f2 aquestes coses es parlen primer. Necessito llegir els contractes amb calma i tamb\u00e9 deixar-ho a la Mireia perqu\u00e8 li faci una ullada. Vaja, que no penso signar a cegues! \u2014vaig fer broma\u2014. Per aix\u00f2 ja tinc en Ramon \u2014vaig afegir, i en Ramon, que havia estat seguint la conversa, va aixecar la m\u00e0 com si fos un nen a classe i es va unir a les rialles de tots.    <\/p>\n\n<p>Maria Josep va assentir amb un aire tranquil, com si hagu\u00e9s previst que ho diria\u2014. Em sembla correcte. Jo t&#8217;ho deixo aqu\u00ed i ja em dius qu\u00e8 en penses.  <\/p>\n\n<p>\u2014Guai! \u2014vaig contestar, i l&#8217;ambient es va tornar a omplir de rialles i bromes mentre deixava els papers sobre la taula. <\/p>\n\n<p>Despr\u00e9s que firm\u00e9ssim una treva t\u00e0cita amb els temes de treball, comencem a parlar d&#8217;an\u00e8cdotes. Em va sorprendre com la Maria Josep semblava con\u00e8ixer les meves hist\u00f2ries de mem\u00f2ria. Resulta que feia setmanes que llegia&#8217;m i tenia les seves favorites. Riem recordant els gossos i els amics en les an\u00e8cdotes m\u00e9s desgavellades. El m\u00e9s incre\u00efble era sentir que aquesta persona, que venia d&#8217;una editorial de les grans, havia gaudit del que escrivia com si em conegu\u00e9s de tota la vida.    <\/p>\n\n<h4 class=\"wp-block-heading\">L\u00b4arribada de m\u00e9s amics. La trucada inesperada a Mas Torrencito <\/h4>\n\n<p>Enmig d&#8217;aquella xerrada, el so dels ocells i m\u00e9s gossos es va deixar sentir. Jordi i Yoyo arribaven amb Lluna, Quinto i Lia, que es van sumar a l&#8217;enrenou gos, i la casa va comen\u00e7ar a omplir-se d&#8217;aquell ca\u00f2tic bullici familiar, una barreja de rialles i lladrucs. Tothom estava al\u00b7lucinant amb la visita de Planeta, i \u00e9s clar, la conversa girava una vegada i una altra sobre el \u201cqu\u00e8 passar\u00e0\u201d i sobre com aix\u00f2 podria canviar les coses.  <\/p>\n\n<figure class=\"wp-block-image size-full\"><img decoding=\"async\" src=\"https:\/\/mastorrencito.com\/wp-content\/uploads\/llamada2-e1730008044710.jpg\" alt=\"La flama inesperada\" class=\"wp-image-1825\" \/><\/figure>\n<p>La Mireia, en una cantonada de la terrassa, ja havia obert el contracte i, entre birra i birra, li feia fotos i les manava per WhatsApp a la seva germana Gisela. La Gigi, pel que sembla, coneixia alg\u00fa de confian\u00e7a que podia fer una ullada als termes. Ens sent\u00edem al centre d&#8217;una pel\u00b7l\u00edcula, entre rialles, emoci\u00f3 i molta curiositat per saber qu\u00e8 acabaria tot aix\u00f2.  <\/p>\n\n<p>Ja s&#8217;anava fent tard, i com tota bona reuni\u00f3 que s&#8217;allarga, la xerrada va derivar a \u201ci ara qu\u00e8 mengem?\u201d. Amb tantes persones i gossos al voltant, lopci\u00f3 m\u00e9s f\u00e0cil era una bona barbacoa. Aix\u00ed que el Vicent, el Jordi i jo vam decidir baixar a B\u00e0scara a la recerca de carn per alimentar el batall\u00f3, mentre la Mireia, la Blanca i la Isa es quedaven cuidant els gossos al jard\u00ed, que havien declarat la gespa com el seu territori oficial del dia.  <\/p>\n\n<p>De tornada, vam armar una bona barbacoa i tots ens vam asseure a la terrassa, gaudint del menjar, amb un sol que ens donava un respir just abans que comenc\u00e9s a ennuvolar-se. Ens vam posar a imaginar qu\u00e8 vindria: com seria veure les meves paraules en paper, qui s&#8217;encarregaria de la portada, i, per descomptat, les bromes no van parar. \u201cEscolta, quan siguis fam\u00f3s, no t&#8217;oblidis dels pobres,\u201d deia Vicent, i entre rialles, jo li responia: \u201cTindr\u00e9 un cap\u00edtol nom\u00e9s per a tu, tet\u201d.  <\/p>\n\n<h3 class=\"wp-block-heading\">La Planxa&#8230;.<\/h3>\n\n<p>Al capvespre, el cel es va enfosquir r\u00e0pid amb els n\u00favols grisos de la tempesta que s&#8217;apropava, i tots ens vam ficar a la cuina, on seguim xerrant i llan\u00e7ant elucubracions sobre el llibre, els plans, el contracte. Per\u00f2 hi havia alguna cosa que no podia esperar m\u00e9s: les meves rentadores i la planxa, que sempre quedaven pendents. Aix\u00ed que com ja em coneixen&#8230; i saben que m&#8217;agrada estar sol mentre planxo, si aquesta la Miri nom\u00e9s.. val.. per\u00f2 m\u00e9s gent&#8230; uffff&#8230; agobia&#8230; i com ho sabien.. es van baixar el Chillout a seguir la festa.<\/p>\n\n<p>Un cop a la tranquil\u00b7litat de la planxa, em vaig posar a pensar en tot el que havia passat. Era surrealista. Semblava cosa d&#8217;un somni, com si no fos cert. Quan vaig acabar de planxar i em vaig dirigir cap al Chillout, estava buit. No hi havia ning\u00fa. Ni rastre dels meus amics, ni dels gossos. El silenci era absolut.      <\/p>\n\n<p>Vaig mirar per tota la casa, vaig trucar a tots, per\u00f2 res. Ni un so, ni un senyal de vida. Vaig comen\u00e7ar a preocupar-me. On eren tots? El cor em bategava fort, sentia que alguna cosa estava fora de lloc. Vaig comen\u00e7ar a caminar per cada rac\u00f3 de la casa, la meva veu ressonant al buit. Ning\u00fa no responia.      <\/p>\n\n<p>I llavors\u2026 em vaig despertar. Vaig mirar el rellotge: eren les 4.45 del mat\u00ed. <br \/><br \/><strong>Feli<\/strong> z Domingo\u2026 Tant de bo que segueixi plovent molt\u2026 que ho necessitem\u2026. i que el canvi d&#8217;hora no t&#8217;alteri gaire. <\/p>\n\n<p>\u2014\u2013<br \/> Si vols, podeu veure els nostres <strong>bons per caps de setmana, bons jubilats<\/strong> , a un preu incre\u00efble..entra a <a href=\"https:\/\/www.mastorrencito.com\/\">www.mastorrencito.com<\/a> o si vols podeu llegir m\u00e9s hist\u00f2ria i anecdotes que ens han passat a Mas Torrencito\u2026 Fes click <a href=\"https:\/\/mastorrencito.com\/es\/\">aqu\u00ed<\/a> :<br \/><\/p>\n\n<p><\/p>\n","protected":false},"excerpt":{"rendered":"<p>La llum del mat\u00ed tot just comen\u00e7ava a treure el cap per la finestra quan vaig obrir els ulls, encara mig desorientat. Ufff, quin somni tinc avui! vaig murmurar per a mi mateix. Ahir a la nit ni tan sols em vaig quedar a veure el partit del Bar\u00e7a, encara que el Chillout va estar [&hellip;]<\/p>\n","protected":false},"author":2,"featured_media":4765,"comment_status":"open","ping_status":"open","sticky":false,"template":"","format":"standard","meta":{"_acf_changed":false,"footnotes":""},"categories":[35],"tags":[],"class_list":["post-4677","post","type-post","status-publish","format-standard","has-post-thumbnail","hentry","category-histories-mastorrencito"],"yoast_head":"<!-- This site is optimized with the Yoast SEO Premium plugin v27.3 (Yoast SEO v27.5) - https:\/\/yoast.com\/product\/yoast-seo-premium-wordpress\/ -->\n<title>La trucada inesperada a Mas Torrencito - Mas Torrencito CAT<\/title>\n<meta name=\"description\" content=\"De com la vida et pot canviar quan ens t&#039;ho esperes. La trucada inesperada a Mas Torrencito. Turisme petfriendy girona.\" \/>\n<meta name=\"robots\" content=\"index, follow, max-snippet:-1, max-image-preview:large, max-video-preview:-1\" \/>\n<link rel=\"canonical\" href=\"https:\/\/mastorrencito.com\/cat\/la-trucada-inesperada-a-mas-torrencito\/\" \/>\n<meta property=\"og:locale\" content=\"es_ES\" \/>\n<meta property=\"og:type\" content=\"article\" \/>\n<meta property=\"og:title\" content=\"La trucada inesperada a Mas Torrencito\" \/>\n<meta property=\"og:description\" content=\"De com la vida et pot canviar quan ens t&#039;ho esperes. La trucada inesperada a Mas Torrencito. Turisme petfriendy girona.\" \/>\n<meta property=\"og:url\" content=\"https:\/\/mastorrencito.com\/cat\/la-trucada-inesperada-a-mas-torrencito\/\" \/>\n<meta property=\"og:site_name\" content=\"Mas Torrencito CAT\" \/>\n<meta property=\"article:published_time\" content=\"2024-10-27T05:48:24+00:00\" \/>\n<meta property=\"og:image\" content=\"https:\/\/mastorrencito.com\/cat\/wp-content\/uploads\/sites\/3\/llamada1-1.jpg\" \/>\n\t<meta property=\"og:image:width\" content=\"1792\" \/>\n\t<meta property=\"og:image:height\" content=\"1024\" \/>\n\t<meta property=\"og:image:type\" content=\"image\/jpeg\" \/>\n<meta name=\"author\" content=\"Mastorrencito\" \/>\n<meta name=\"twitter:card\" content=\"summary_large_image\" \/>\n<meta name=\"twitter:label1\" content=\"Escrito por\" \/>\n\t<meta name=\"twitter:data1\" content=\"Mastorrencito\" \/>\n\t<meta name=\"twitter:label2\" content=\"Tiempo de lectura\" \/>\n\t<meta name=\"twitter:data2\" content=\"15 minutos\" \/>\n<script type=\"application\/ld+json\" class=\"yoast-schema-graph\">{\"@context\":\"https:\\\/\\\/schema.org\",\"@graph\":[{\"@type\":\"Article\",\"@id\":\"https:\\\/\\\/mastorrencito.com\\\/cat\\\/la-trucada-inesperada-a-mas-torrencito\\\/#article\",\"isPartOf\":{\"@id\":\"https:\\\/\\\/mastorrencito.com\\\/cat\\\/la-trucada-inesperada-a-mas-torrencito\\\/\"},\"author\":{\"name\":\"Mastorrencito\",\"@id\":\"https:\\\/\\\/mastorrencito.com\\\/#\\\/schema\\\/person\\\/18c619be80d4ae2667c702911625f790\"},\"headline\":\"La trucada inesperada a Mas Torrencito\",\"datePublished\":\"2024-10-27T05:48:24+00:00\",\"mainEntityOfPage\":{\"@id\":\"https:\\\/\\\/mastorrencito.com\\\/cat\\\/la-trucada-inesperada-a-mas-torrencito\\\/\"},\"wordCount\":2703,\"commentCount\":0,\"publisher\":{\"@id\":\"https:\\\/\\\/mastorrencito.com\\\/#organization\"},\"image\":{\"@id\":\"https:\\\/\\\/mastorrencito.com\\\/cat\\\/la-trucada-inesperada-a-mas-torrencito\\\/#primaryimage\"},\"thumbnailUrl\":\"https:\\\/\\\/mastorrencito.com\\\/cat\\\/wp-content\\\/uploads\\\/sites\\\/3\\\/llamada1-1.jpg\",\"articleSection\":[\"Hist\u00f2ries Mastorrencito\"],\"inLanguage\":\"es\",\"potentialAction\":[{\"@type\":\"CommentAction\",\"name\":\"Comment\",\"target\":[\"https:\\\/\\\/mastorrencito.com\\\/cat\\\/la-trucada-inesperada-a-mas-torrencito\\\/#respond\"]}]},{\"@type\":\"WebPage\",\"@id\":\"https:\\\/\\\/mastorrencito.com\\\/cat\\\/la-trucada-inesperada-a-mas-torrencito\\\/\",\"url\":\"https:\\\/\\\/mastorrencito.com\\\/cat\\\/la-trucada-inesperada-a-mas-torrencito\\\/\",\"name\":\"La trucada inesperada a Mas Torrencito - Mas Torrencito CAT\",\"isPartOf\":{\"@id\":\"https:\\\/\\\/mastorrencito.com\\\/#website\"},\"primaryImageOfPage\":{\"@id\":\"https:\\\/\\\/mastorrencito.com\\\/cat\\\/la-trucada-inesperada-a-mas-torrencito\\\/#primaryimage\"},\"image\":{\"@id\":\"https:\\\/\\\/mastorrencito.com\\\/cat\\\/la-trucada-inesperada-a-mas-torrencito\\\/#primaryimage\"},\"thumbnailUrl\":\"https:\\\/\\\/mastorrencito.com\\\/cat\\\/wp-content\\\/uploads\\\/sites\\\/3\\\/llamada1-1.jpg\",\"datePublished\":\"2024-10-27T05:48:24+00:00\",\"description\":\"De com la vida et pot canviar quan ens t'ho esperes. La trucada inesperada a Mas Torrencito. Turisme petfriendy girona.\",\"breadcrumb\":{\"@id\":\"https:\\\/\\\/mastorrencito.com\\\/cat\\\/la-trucada-inesperada-a-mas-torrencito\\\/#breadcrumb\"},\"inLanguage\":\"es\",\"potentialAction\":[{\"@type\":\"ReadAction\",\"target\":[\"https:\\\/\\\/mastorrencito.com\\\/cat\\\/la-trucada-inesperada-a-mas-torrencito\\\/\"]}]},{\"@type\":\"ImageObject\",\"inLanguage\":\"es\",\"@id\":\"https:\\\/\\\/mastorrencito.com\\\/cat\\\/la-trucada-inesperada-a-mas-torrencito\\\/#primaryimage\",\"url\":\"https:\\\/\\\/mastorrencito.com\\\/cat\\\/wp-content\\\/uploads\\\/sites\\\/3\\\/llamada1-1.jpg\",\"contentUrl\":\"https:\\\/\\\/mastorrencito.com\\\/cat\\\/wp-content\\\/uploads\\\/sites\\\/3\\\/llamada1-1.jpg\",\"width\":1792,\"height\":1024},{\"@type\":\"BreadcrumbList\",\"@id\":\"https:\\\/\\\/mastorrencito.com\\\/cat\\\/la-trucada-inesperada-a-mas-torrencito\\\/#breadcrumb\",\"itemListElement\":[{\"@type\":\"ListItem\",\"position\":1,\"name\":\"Portada\",\"item\":\"https:\\\/\\\/mastorrencito.com\\\/\"},{\"@type\":\"ListItem\",\"position\":2,\"name\":\"La trucada inesperada a Mas Torrencito\"}]},{\"@type\":\"WebSite\",\"@id\":\"https:\\\/\\\/mastorrencito.com\\\/#website\",\"url\":\"https:\\\/\\\/mastorrencito.com\\\/\",\"name\":\"Mas Torrencito CAT\",\"description\":\"Casa rural pet friendly en Girona\",\"publisher\":{\"@id\":\"https:\\\/\\\/mastorrencito.com\\\/#organization\"},\"potentialAction\":[{\"@type\":\"SearchAction\",\"target\":{\"@type\":\"EntryPoint\",\"urlTemplate\":\"https:\\\/\\\/mastorrencito.com\\\/?s={search_term_string}\"},\"query-input\":{\"@type\":\"PropertyValueSpecification\",\"valueRequired\":true,\"valueName\":\"search_term_string\"}}],\"inLanguage\":\"es\"},{\"@type\":\"Organization\",\"@id\":\"https:\\\/\\\/mastorrencito.com\\\/#organization\",\"name\":\"Mas Torrencito CAT\",\"url\":\"https:\\\/\\\/mastorrencito.com\\\/\",\"logo\":{\"@type\":\"ImageObject\",\"inLanguage\":\"es\",\"@id\":\"https:\\\/\\\/mastorrencito.com\\\/#\\\/schema\\\/logo\\\/image\\\/\",\"url\":\"https:\\\/\\\/mastorrencito.com\\\/cat\\\/wp-content\\\/uploads\\\/sites\\\/3\\\/Logo-Mastorrencito-horizontal.webp\",\"contentUrl\":\"https:\\\/\\\/mastorrencito.com\\\/cat\\\/wp-content\\\/uploads\\\/sites\\\/3\\\/Logo-Mastorrencito-horizontal.webp\",\"width\":161,\"height\":54,\"caption\":\"Mas Torrencito CAT\"},\"image\":{\"@id\":\"https:\\\/\\\/mastorrencito.com\\\/#\\\/schema\\\/logo\\\/image\\\/\"}},{\"@type\":\"Person\",\"@id\":\"https:\\\/\\\/mastorrencito.com\\\/#\\\/schema\\\/person\\\/18c619be80d4ae2667c702911625f790\",\"name\":\"Mastorrencito\",\"image\":{\"@type\":\"ImageObject\",\"inLanguage\":\"es\",\"@id\":\"https:\\\/\\\/secure.gravatar.com\\\/avatar\\\/3ef55e0519f987a734c21caee1423b51df7b760b7d81a38ecd31cab0a5115f6d?s=96&d=mm&r=g\",\"url\":\"https:\\\/\\\/secure.gravatar.com\\\/avatar\\\/3ef55e0519f987a734c21caee1423b51df7b760b7d81a38ecd31cab0a5115f6d?s=96&d=mm&r=g\",\"contentUrl\":\"https:\\\/\\\/secure.gravatar.com\\\/avatar\\\/3ef55e0519f987a734c21caee1423b51df7b760b7d81a38ecd31cab0a5115f6d?s=96&d=mm&r=g\",\"caption\":\"Mastorrencito\"},\"url\":\"https:\\\/\\\/mastorrencito.com\\\/cat\\\/author\\\/mastorrencito\\\/\"}]}<\/script>\n<!-- \/ Yoast SEO Premium plugin. -->","yoast_head_json":{"title":"La trucada inesperada a Mas Torrencito - Mas Torrencito CAT","description":"De com la vida et pot canviar quan ens t'ho esperes. La trucada inesperada a Mas Torrencito. Turisme petfriendy girona.","robots":{"index":"index","follow":"follow","max-snippet":"max-snippet:-1","max-image-preview":"max-image-preview:large","max-video-preview":"max-video-preview:-1"},"canonical":"https:\/\/mastorrencito.com\/cat\/la-trucada-inesperada-a-mas-torrencito\/","og_locale":"es_ES","og_type":"article","og_title":"La trucada inesperada a Mas Torrencito","og_description":"De com la vida et pot canviar quan ens t'ho esperes. La trucada inesperada a Mas Torrencito. Turisme petfriendy girona.","og_url":"https:\/\/mastorrencito.com\/cat\/la-trucada-inesperada-a-mas-torrencito\/","og_site_name":"Mas Torrencito CAT","article_published_time":"2024-10-27T05:48:24+00:00","og_image":[{"width":1792,"height":1024,"url":"https:\/\/mastorrencito.com\/cat\/wp-content\/uploads\/sites\/3\/llamada1-1.jpg","type":"image\/jpeg"}],"author":"Mastorrencito","twitter_card":"summary_large_image","twitter_misc":{"Escrito por":"Mastorrencito","Tiempo de lectura":"15 minutos"},"schema":{"@context":"https:\/\/schema.org","@graph":[{"@type":"Article","@id":"https:\/\/mastorrencito.com\/cat\/la-trucada-inesperada-a-mas-torrencito\/#article","isPartOf":{"@id":"https:\/\/mastorrencito.com\/cat\/la-trucada-inesperada-a-mas-torrencito\/"},"author":{"name":"Mastorrencito","@id":"https:\/\/mastorrencito.com\/#\/schema\/person\/18c619be80d4ae2667c702911625f790"},"headline":"La trucada inesperada a Mas Torrencito","datePublished":"2024-10-27T05:48:24+00:00","mainEntityOfPage":{"@id":"https:\/\/mastorrencito.com\/cat\/la-trucada-inesperada-a-mas-torrencito\/"},"wordCount":2703,"commentCount":0,"publisher":{"@id":"https:\/\/mastorrencito.com\/#organization"},"image":{"@id":"https:\/\/mastorrencito.com\/cat\/la-trucada-inesperada-a-mas-torrencito\/#primaryimage"},"thumbnailUrl":"https:\/\/mastorrencito.com\/cat\/wp-content\/uploads\/sites\/3\/llamada1-1.jpg","articleSection":["Hist\u00f2ries Mastorrencito"],"inLanguage":"es","potentialAction":[{"@type":"CommentAction","name":"Comment","target":["https:\/\/mastorrencito.com\/cat\/la-trucada-inesperada-a-mas-torrencito\/#respond"]}]},{"@type":"WebPage","@id":"https:\/\/mastorrencito.com\/cat\/la-trucada-inesperada-a-mas-torrencito\/","url":"https:\/\/mastorrencito.com\/cat\/la-trucada-inesperada-a-mas-torrencito\/","name":"La trucada inesperada a Mas Torrencito - Mas Torrencito CAT","isPartOf":{"@id":"https:\/\/mastorrencito.com\/#website"},"primaryImageOfPage":{"@id":"https:\/\/mastorrencito.com\/cat\/la-trucada-inesperada-a-mas-torrencito\/#primaryimage"},"image":{"@id":"https:\/\/mastorrencito.com\/cat\/la-trucada-inesperada-a-mas-torrencito\/#primaryimage"},"thumbnailUrl":"https:\/\/mastorrencito.com\/cat\/wp-content\/uploads\/sites\/3\/llamada1-1.jpg","datePublished":"2024-10-27T05:48:24+00:00","description":"De com la vida et pot canviar quan ens t'ho esperes. La trucada inesperada a Mas Torrencito. Turisme petfriendy girona.","breadcrumb":{"@id":"https:\/\/mastorrencito.com\/cat\/la-trucada-inesperada-a-mas-torrencito\/#breadcrumb"},"inLanguage":"es","potentialAction":[{"@type":"ReadAction","target":["https:\/\/mastorrencito.com\/cat\/la-trucada-inesperada-a-mas-torrencito\/"]}]},{"@type":"ImageObject","inLanguage":"es","@id":"https:\/\/mastorrencito.com\/cat\/la-trucada-inesperada-a-mas-torrencito\/#primaryimage","url":"https:\/\/mastorrencito.com\/cat\/wp-content\/uploads\/sites\/3\/llamada1-1.jpg","contentUrl":"https:\/\/mastorrencito.com\/cat\/wp-content\/uploads\/sites\/3\/llamada1-1.jpg","width":1792,"height":1024},{"@type":"BreadcrumbList","@id":"https:\/\/mastorrencito.com\/cat\/la-trucada-inesperada-a-mas-torrencito\/#breadcrumb","itemListElement":[{"@type":"ListItem","position":1,"name":"Portada","item":"https:\/\/mastorrencito.com\/"},{"@type":"ListItem","position":2,"name":"La trucada inesperada a Mas Torrencito"}]},{"@type":"WebSite","@id":"https:\/\/mastorrencito.com\/#website","url":"https:\/\/mastorrencito.com\/","name":"Mas Torrencito CAT","description":"Casa rural pet friendly en Girona","publisher":{"@id":"https:\/\/mastorrencito.com\/#organization"},"potentialAction":[{"@type":"SearchAction","target":{"@type":"EntryPoint","urlTemplate":"https:\/\/mastorrencito.com\/?s={search_term_string}"},"query-input":{"@type":"PropertyValueSpecification","valueRequired":true,"valueName":"search_term_string"}}],"inLanguage":"es"},{"@type":"Organization","@id":"https:\/\/mastorrencito.com\/#organization","name":"Mas Torrencito CAT","url":"https:\/\/mastorrencito.com\/","logo":{"@type":"ImageObject","inLanguage":"es","@id":"https:\/\/mastorrencito.com\/#\/schema\/logo\/image\/","url":"https:\/\/mastorrencito.com\/cat\/wp-content\/uploads\/sites\/3\/Logo-Mastorrencito-horizontal.webp","contentUrl":"https:\/\/mastorrencito.com\/cat\/wp-content\/uploads\/sites\/3\/Logo-Mastorrencito-horizontal.webp","width":161,"height":54,"caption":"Mas Torrencito CAT"},"image":{"@id":"https:\/\/mastorrencito.com\/#\/schema\/logo\/image\/"}},{"@type":"Person","@id":"https:\/\/mastorrencito.com\/#\/schema\/person\/18c619be80d4ae2667c702911625f790","name":"Mastorrencito","image":{"@type":"ImageObject","inLanguage":"es","@id":"https:\/\/secure.gravatar.com\/avatar\/3ef55e0519f987a734c21caee1423b51df7b760b7d81a38ecd31cab0a5115f6d?s=96&d=mm&r=g","url":"https:\/\/secure.gravatar.com\/avatar\/3ef55e0519f987a734c21caee1423b51df7b760b7d81a38ecd31cab0a5115f6d?s=96&d=mm&r=g","contentUrl":"https:\/\/secure.gravatar.com\/avatar\/3ef55e0519f987a734c21caee1423b51df7b760b7d81a38ecd31cab0a5115f6d?s=96&d=mm&r=g","caption":"Mastorrencito"},"url":"https:\/\/mastorrencito.com\/cat\/author\/mastorrencito\/"}]}},"acf":[],"_links":{"self":[{"href":"https:\/\/mastorrencito.com\/cat\/wp-json\/wp\/v2\/posts\/4677","targetHints":{"allow":["GET"]}}],"collection":[{"href":"https:\/\/mastorrencito.com\/cat\/wp-json\/wp\/v2\/posts"}],"about":[{"href":"https:\/\/mastorrencito.com\/cat\/wp-json\/wp\/v2\/types\/post"}],"author":[{"embeddable":true,"href":"https:\/\/mastorrencito.com\/cat\/wp-json\/wp\/v2\/users\/2"}],"replies":[{"embeddable":true,"href":"https:\/\/mastorrencito.com\/cat\/wp-json\/wp\/v2\/comments?post=4677"}],"version-history":[{"count":0,"href":"https:\/\/mastorrencito.com\/cat\/wp-json\/wp\/v2\/posts\/4677\/revisions"}],"wp:featuredmedia":[{"embeddable":true,"href":"https:\/\/mastorrencito.com\/cat\/wp-json\/wp\/v2\/media\/4765"}],"wp:attachment":[{"href":"https:\/\/mastorrencito.com\/cat\/wp-json\/wp\/v2\/media?parent=4677"}],"wp:term":[{"taxonomy":"category","embeddable":true,"href":"https:\/\/mastorrencito.com\/cat\/wp-json\/wp\/v2\/categories?post=4677"},{"taxonomy":"post_tag","embeddable":true,"href":"https:\/\/mastorrencito.com\/cat\/wp-json\/wp\/v2\/tags?post=4677"}],"curies":[{"name":"wp","href":"https:\/\/api.w.org\/{rel}","templated":true}]}}