{"id":4674,"date":"2024-10-26T05:40:03","date_gmt":"2024-10-26T05:40:03","guid":{"rendered":"https:\/\/casaruralconperrosgirona.com\/el-desenllac-de-la-maleta\/"},"modified":"2024-10-26T05:40:03","modified_gmt":"2024-10-26T05:40:03","slug":"el-desenllac-de-la-maleta","status":"publish","type":"post","link":"https:\/\/mastorrencito.com\/cat\/el-desenllac-de-la-maleta\/","title":{"rendered":"El Desenlla\u00e7 de la maleta."},"content":{"rendered":"\n<h6 class=\"wp-block-heading\">Com cada mat\u00ed, em vaig despertar abans que son\u00e9s el despertador, per\u00f2 aquesta vegada va ser diferent. El Desenlla\u00e7 de la maleta. <\/h6>\n\n<p>Aquella nit havia dormit malament, despertant-me diverses vegades amb el pensament de les maletes i d&#8217;aquells homes rondant-me al cap. A sobre, una tempesta havia caigut durant la matinada, i Mamas, el nostre gos poruc, havia pujat al llit com un elefant, aixafant-nos a mi ia Mireia mentre intentava arraulir-se. Finalment es va calmar, ia l&#8217;estona tots vam aconseguir tornar-nos a adormir&#8230; encara que jo no tant.  <\/p>\n\n<p>A les cinc, com de costum, em vaig aixecar. Vaig preparar-me el caf\u00e8 i, mentre l&#8217;ordinador encenia, vaig fer la meva ronda habitual: vaig verificar que els diferencials no haguessin saltat, que els dip\u00f2sits d&#8217;aigua estiguessin b\u00e9. Tot en ordre. Per\u00f2 en treure el cap cap al p\u00e0rquing, un parell de llums em van cridar l&#8217;atenci\u00f3: hi havia un cotxe enc\u00e8s sota la pluja, i all\u00e0, al costat del maleter obert, hi havia l&#8217;home gran.  <\/p>\n\n<hr class=\"wp-block-separator has-alpha-channel-opacity\" \/>\n\n<h3 class=\"wp-block-heading\"><strong>L&#8217;ad\u00e9u inesperat<\/strong> . El Desenlla\u00e7 de la maleta. <\/h3>\n\n<p>Vaig sortir al carrer, amb la pluja picant-me a la cara, i em vaig acostar. En veure&#8217;m, l&#8217;home gran em va saludar amb un \u00abbon dia\u00bb sec, mentre guardava algunes coses al cotxe. <\/p>\n\n<p>\u2014Prepares la sortida tan aviat? \u2014li vaig dir, mirant de semblar natural. <\/p>\n\n<p>Va assentir, sense gaire inter\u00e8s a conversar.<\/p>\n\n<p>\u2014S\u00ed, prepareu el compte. Esmorzem i marxem. <\/p>\n\n<p>Vaig mirar dins del cotxe, buscant amb la mirada les maletes, per\u00f2 no les vaig veure enlloc. Tot just intercanvi\u00e0rem algunes paraules m\u00e9s, i me&#8217;n vaig anar a la cuina a preparar un parell de caf\u00e8s mentre organitzava els esmorzars. <\/p>\n\n<p>Poc despr\u00e9s, els homes van entrar al menjador i van menjar en silenci, sense mirar-se ni dir res. Quan van acabar, em van demanar el compte. Vaig anar a preparar-los el check-out, i aquesta vegada els vaig demanar la documentaci\u00f3. Em van lliurar els seus papers i els vaig tornar juntament amb la suma del compte. Sense mirar-la, l&#8217;home va treure un feix de bitllets, em va pagar i fins i tot va deixar el canvi sobre la taula. Res de preguntes, res de comiats, nom\u00e9s fredor.     <\/p>\n\n<p>Despr\u00e9s van tornar a la seva habitaci\u00f3 i van recollir les coses. Em vaig quedar observant, intrigat, mentre arrossegaven les maletes cap al cotxe. Aquesta vegada nom\u00e9s anava l&#8217;home petit, i semblava que les maletes pesaven molt menys, com si fossin\u2026 buides.  <\/p>\n\n<figure class=\"wp-block-image size-full\"><img decoding=\"async\" src=\"https:\/\/mastorrencito.com\/wp-content\/uploads\/DALL\u00b7E-2024-10-26-07.09.58-Early-morning-scene-on-a-rustic-Catalan-farmhouse-terrace-with-a-large-man-packing-items-into-a-car-under-the-rain-the-headlights-casting-a-dim-glow.webp\" alt=\"\" class=\"wp-image-1804\" \/><\/figure>\n<hr class=\"wp-block-separator has-alpha-channel-opacity\" \/>\n\n<h3 class=\"wp-block-heading\"><strong>La sospita a l&#8217;aire<\/strong> . El Desenlla\u00e7 de la maleta. <\/h3>\n\n<p>Quan van marxar, el silenci que van deixar darrere es va fer gaireb\u00e9 palpable. El meu cap no parava de fer preguntes:   <em>On era el que hi havia a dins? Qu\u00e8 va passar durant la nit? On ho haurien deixat?  <\/em><\/p>\n\n<p>Vaig esperar amb impaci\u00e8ncia que baix\u00e9s alg\u00fa m\u00e9s. Les hores passaven lentament fins que finalment va apar\u00e8ixer la Mireia, i sense perdre un segon, li vaig explicar tot el que havia passat. Els ulls es van obrir amb sorpresa, i amb un gest r\u00e0pid, vam decidir inspeccionar l&#8217;habitaci\u00f3.  <\/p>\n\n<hr class=\"wp-block-separator has-alpha-channel-opacity\" \/>\n\n<h3 class=\"wp-block-heading\"><strong>L&#8217;habitaci\u00f3 buida<\/strong> . El Desenlla\u00e7 de la maleta. <\/h3>\n\n<p>Vam pujar al quart n\u00famero 8. La porta va grinyolar en obrir-la, i el que vam trobar a dins ens va deixar perplexos: estava ordenada, neta, com si ning\u00fa hagu\u00e9s passat la nit all\u00e0. Nom\u00e9s unes copes de cervesa buides a la terrassa i el cendrer amb burilles eren les \u00faniques proves que realment hi havien estat.  <\/p>\n\n<p>La Mireia em va mirar, incr\u00e8dula, i vam decidir fer una cerca m\u00e9s exhaustiva. Sense trobar res a l&#8217;habitaci\u00f3, baixem a la cuina. Just quan arribem, escoltem la tos caracter\u00edstica de Katy ressonant des de les escales. Aquesta tos forta que semblava capa\u00e7 de despertar tota la masia. Tot i aix\u00f2, tots seguien dormint.    <\/p>\n\n<hr class=\"wp-block-separator has-alpha-channel-opacity\" \/>\n\n<h3 class=\"wp-block-heading\"><strong>La sospita final<\/strong><\/h3>\n\n<p>Mentre recollia l&#8217;esmorzar dels dos homes, la meva ment no deixava de fer voltes al misteri. Qu\u00e8 podien haver amagat o deixat enrere? La pregunta em cremava per dins i, de mica en mica, una inquietud va comen\u00e7ar a formar-se. Sempre hi havia una possibilitat, una ombra al fons dels meus pensaments que no gosava considerar. La idea que <em>ella<\/em> estigu\u00e9s involucrada\u2026 que <em>ella<\/em> hagu\u00e9s estat c\u00f2mplice.    <\/p>\n\n<p>La Mireia i jo hav\u00edem fet broma moltes vegades sobre com seria de convenient si <em>ella<\/em> ocult\u00e9s un secret, si es desf\u00e9s de qualsevol cosa sense deixar cap rastre. <em>Ella<\/em> sempre hi era, treballant incansablement, triturant, descomponent, desfent sense descans.<\/p>\n\n<p><em><strong>La fossa s\u00e8ptica.<\/strong><\/em><\/p>\n\n<hr class=\"wp-block-separator has-alpha-channel-opacity\" \/>\n\n<h3 class=\"wp-block-heading\"><strong>La cerca final<\/strong> . El Desenlla\u00e7 de la maleta. <\/h3>\n\n<p>Vaig esperar que baixessin el Ramon i la Blanca, i quan es van unir a nosaltres per esmorzar, els vaig explicar tot el que havia passat. Ells escoltaven, at\u00f2nits, mentre els explicava la situaci\u00f3. En Ramon, com sempre, va treure el sentit de l&#8217;humor, per\u00f2 em mirava amb una expressi\u00f3 de preocupaci\u00f3.  <\/p>\n\n<p>\u2014El que sigui, \u00e9s a la fossa \u2014va dir en Ramon amb el to greu.<\/p>\n\n<p>Aleshores va baixar Katy, amb el seu pijama de Mickey Mouse i un somriure ing\u00e8nu, mentre s&#8217;unia a la conversa. Ens mirem els uns als altres, i entre tots, vam decidir fer- <em>hi<\/em> una visita . Vaig prendre una palanca i una llanterna, i ens vam dirigir a l&#8217;entrada de la fossa. Al voltant de la tapa de concret, tots miraven expectants mentre aixecava la tapa lentament.   <\/p>\n\n<hr class=\"wp-block-separator has-alpha-channel-opacity\" \/>\n\n<h3 class=\"wp-block-heading\"><strong>La revelaci\u00f3<\/strong><\/h3>\n\n<p>En obrir la primera tapa, una pudor nauseabunda va escapar de la fossa, obligant-nos a retrocedir. Tots cobrim els nostres nassos mentre un n\u00favol de vapor f\u00e8tid s&#8217;enlairava a l&#8217;aire. Vaig deixar que l&#8217;olor es dissipara, i amb una barreja de temor i resoluci\u00f3, vaig obrir les altres dues tapes.  <\/p>\n\n<p>Mirem a dins. Estava plena\u2026 per\u00f2 nom\u00e9s de deixalles. No hi havia res m\u00e9s que foscor i un remenat de residus que es perdia al fons. Vaig intentar buscar amb un ferro, remenant el fons, per\u00f2 res. No hi havia res m\u00e9s que immund\u00edcia.    <\/p>\n\n<hr class=\"wp-block-separator has-alpha-channel-opacity\" \/>\n\n<h3 class=\"wp-block-heading\"><strong>La inc\u00f2gnita persistent<\/strong><\/h3>\n\n<p>Vam tapar la fossa i vam tornar a la casa, en silenci. El que havia passat es quedava com un enigma sense resoldre. Vam fer una \u00faltima revisi\u00f3 de l&#8217;habitaci\u00f3, despr\u00e9s del bungalow, sense cap rastre de res sospit\u00f3s.  <\/p>\n\n<p>Ramon, amb el seu humor a prova de misteris, va llan\u00e7ar una \u00faltima broma que va ressonar a la masia:<\/p>\n\n<p>\u2014No ho veig clar \u2014va dir, i encara que tots riem, el riure va tenir un deix nervi\u00f3s.<\/p>\n\n<p>Jo vaig somriure, malgrat tot. Ramon estaria cec, per\u00f2 alguna cosa en mi sabia que ell veia m\u00e9s enll\u00e0 de qualsevol de nosaltres. Ens vam reunir al menjador, encara processant el misteri que aquests dos homes havien deixat darrere seu.  <\/p>\n\n<p>I aix\u00ed, la masia va tornar a la quietud habitual, per\u00f2 l&#8217;enigma de les maletes i el que contenien seguia flotant a l&#8217;aire, un secret que la masia semblava haver absorbit entre les seves parets i que potser mai no arribar\u00edem a descobrir del tot.<\/p>\n\n<hr class=\"wp-block-separator has-alpha-channel-opacity\" \/>\n\n<p><\/p>\n\n<p><strong>Feli\u00e7<\/strong> Dissabte&#8230; Tant de bo que plogui molt&#8230; que ho necessitem&#8230;.   <\/p>\n\n<p>\u2014\u2013<br \/> Si vols, podeu veure els nostres <strong>bons per caps de setmana, bons jubilats<\/strong> , a un preu incre\u00efble..entra a <a href=\"https:\/\/www.mastorrencito.com\/\">www.mastorrencito.com<\/a> o si vols podeu llegir m\u00e9s hist\u00f2ria i anecdotes que ens han passat a Mas Torrencito\u2026 Fes click <a href=\"https:\/\/mastorrencito.com\/es\/\">aqu\u00ed<\/a> :<\/p>\n","protected":false},"excerpt":{"rendered":"<p>Com cada mat\u00ed, em vaig despertar abans que son\u00e9s el despertador, per\u00f2 aquesta vegada va ser diferent. El Desenlla\u00e7 de la maleta. Aquella nit havia dormit malament, despertant-me diverses vegades amb el pensament de les maletes i d&#8217;aquells homes rondant-me al cap. A sobre, una tempesta havia caigut durant la matinada, i Mamas, el nostre [&hellip;]<\/p>\n","protected":false},"author":2,"featured_media":4762,"comment_status":"open","ping_status":"open","sticky":false,"template":"","format":"standard","meta":{"_acf_changed":false,"footnotes":""},"categories":[35],"tags":[],"class_list":["post-4674","post","type-post","status-publish","format-standard","has-post-thumbnail","hentry","category-histories-mastorrencito"],"yoast_head":"<!-- This site is optimized with the Yoast SEO Premium plugin v27.3 (Yoast SEO v27.5) - https:\/\/yoast.com\/product\/yoast-seo-premium-wordpress\/ -->\n<title>El Desenlla\u00e7 de la maleta. - Mas Torrencito CAT<\/title>\n<meta name=\"robots\" content=\"index, follow, max-snippet:-1, max-image-preview:large, max-video-preview:-1\" \/>\n<link rel=\"canonical\" href=\"https:\/\/mastorrencito.com\/cat\/el-desenllac-de-la-maleta\/\" \/>\n<meta property=\"og:locale\" content=\"es_ES\" \/>\n<meta property=\"og:type\" content=\"article\" \/>\n<meta property=\"og:title\" content=\"El Desenlla\u00e7 de la maleta.\" \/>\n<meta property=\"og:description\" content=\"Com cada mat\u00ed, em vaig despertar abans que son\u00e9s el despertador, per\u00f2 aquesta vegada va ser diferent. El Desenlla\u00e7 de la maleta. Aquella nit havia dormit malament, despertant-me diverses vegades amb el pensament de les maletes i d&#8217;aquells homes rondant-me al cap. A sobre, una tempesta havia caigut durant la matinada, i Mamas, el nostre [&hellip;]\" \/>\n<meta property=\"og:url\" content=\"https:\/\/mastorrencito.com\/cat\/el-desenllac-de-la-maleta\/\" \/>\n<meta property=\"og:site_name\" content=\"Mas Torrencito CAT\" \/>\n<meta property=\"article:published_time\" content=\"2024-10-26T05:40:03+00:00\" \/>\n<meta property=\"og:image\" content=\"https:\/\/mastorrencito.com\/cat\/wp-content\/uploads\/sites\/3\/DALL\u00b7E-2024-10-26-07.10.05-A-scene-of-people-standing-around-an-old-septic-tank-at-a-Catalan-farmhouse-in-daylight.-A-man-is-opening-the-cover-with-a-crowbar-while-others-incl.webp\" \/>\n\t<meta property=\"og:image:width\" content=\"1024\" \/>\n\t<meta property=\"og:image:height\" content=\"1024\" \/>\n\t<meta property=\"og:image:type\" content=\"image\/webp\" \/>\n<meta name=\"author\" content=\"Mastorrencito\" \/>\n<meta name=\"twitter:card\" content=\"summary_large_image\" \/>\n<meta name=\"twitter:label1\" content=\"Escrito por\" \/>\n\t<meta name=\"twitter:data1\" content=\"Mastorrencito\" \/>\n\t<meta name=\"twitter:label2\" content=\"Tiempo de lectura\" \/>\n\t<meta name=\"twitter:data2\" content=\"7 minutos\" \/>\n<script type=\"application\/ld+json\" class=\"yoast-schema-graph\">{\"@context\":\"https:\\\/\\\/schema.org\",\"@graph\":[{\"@type\":\"Article\",\"@id\":\"https:\\\/\\\/mastorrencito.com\\\/cat\\\/el-desenllac-de-la-maleta\\\/#article\",\"isPartOf\":{\"@id\":\"https:\\\/\\\/mastorrencito.com\\\/cat\\\/el-desenllac-de-la-maleta\\\/\"},\"author\":{\"name\":\"Mastorrencito\",\"@id\":\"https:\\\/\\\/mastorrencito.com\\\/#\\\/schema\\\/person\\\/18c619be80d4ae2667c702911625f790\"},\"headline\":\"El Desenlla\u00e7 de la maleta.\",\"datePublished\":\"2024-10-26T05:40:03+00:00\",\"mainEntityOfPage\":{\"@id\":\"https:\\\/\\\/mastorrencito.com\\\/cat\\\/el-desenllac-de-la-maleta\\\/\"},\"wordCount\":1261,\"commentCount\":0,\"publisher\":{\"@id\":\"https:\\\/\\\/mastorrencito.com\\\/#organization\"},\"image\":{\"@id\":\"https:\\\/\\\/mastorrencito.com\\\/cat\\\/el-desenllac-de-la-maleta\\\/#primaryimage\"},\"thumbnailUrl\":\"https:\\\/\\\/mastorrencito.com\\\/cat\\\/wp-content\\\/uploads\\\/sites\\\/3\\\/DALL\u00b7E-2024-10-26-07.10.05-A-scene-of-people-standing-around-an-old-septic-tank-at-a-Catalan-farmhouse-in-daylight.-A-man-is-opening-the-cover-with-a-crowbar-while-others-incl.webp\",\"articleSection\":[\"Hist\u00f2ries Mastorrencito\"],\"inLanguage\":\"es\",\"potentialAction\":[{\"@type\":\"CommentAction\",\"name\":\"Comment\",\"target\":[\"https:\\\/\\\/mastorrencito.com\\\/cat\\\/el-desenllac-de-la-maleta\\\/#respond\"]}]},{\"@type\":\"WebPage\",\"@id\":\"https:\\\/\\\/mastorrencito.com\\\/cat\\\/el-desenllac-de-la-maleta\\\/\",\"url\":\"https:\\\/\\\/mastorrencito.com\\\/cat\\\/el-desenllac-de-la-maleta\\\/\",\"name\":\"El Desenlla\u00e7 de la maleta. - Mas Torrencito CAT\",\"isPartOf\":{\"@id\":\"https:\\\/\\\/mastorrencito.com\\\/#website\"},\"primaryImageOfPage\":{\"@id\":\"https:\\\/\\\/mastorrencito.com\\\/cat\\\/el-desenllac-de-la-maleta\\\/#primaryimage\"},\"image\":{\"@id\":\"https:\\\/\\\/mastorrencito.com\\\/cat\\\/el-desenllac-de-la-maleta\\\/#primaryimage\"},\"thumbnailUrl\":\"https:\\\/\\\/mastorrencito.com\\\/cat\\\/wp-content\\\/uploads\\\/sites\\\/3\\\/DALL\u00b7E-2024-10-26-07.10.05-A-scene-of-people-standing-around-an-old-septic-tank-at-a-Catalan-farmhouse-in-daylight.-A-man-is-opening-the-cover-with-a-crowbar-while-others-incl.webp\",\"datePublished\":\"2024-10-26T05:40:03+00:00\",\"breadcrumb\":{\"@id\":\"https:\\\/\\\/mastorrencito.com\\\/cat\\\/el-desenllac-de-la-maleta\\\/#breadcrumb\"},\"inLanguage\":\"es\",\"potentialAction\":[{\"@type\":\"ReadAction\",\"target\":[\"https:\\\/\\\/mastorrencito.com\\\/cat\\\/el-desenllac-de-la-maleta\\\/\"]}]},{\"@type\":\"ImageObject\",\"inLanguage\":\"es\",\"@id\":\"https:\\\/\\\/mastorrencito.com\\\/cat\\\/el-desenllac-de-la-maleta\\\/#primaryimage\",\"url\":\"https:\\\/\\\/mastorrencito.com\\\/cat\\\/wp-content\\\/uploads\\\/sites\\\/3\\\/DALL\u00b7E-2024-10-26-07.10.05-A-scene-of-people-standing-around-an-old-septic-tank-at-a-Catalan-farmhouse-in-daylight.-A-man-is-opening-the-cover-with-a-crowbar-while-others-incl.webp\",\"contentUrl\":\"https:\\\/\\\/mastorrencito.com\\\/cat\\\/wp-content\\\/uploads\\\/sites\\\/3\\\/DALL\u00b7E-2024-10-26-07.10.05-A-scene-of-people-standing-around-an-old-septic-tank-at-a-Catalan-farmhouse-in-daylight.-A-man-is-opening-the-cover-with-a-crowbar-while-others-incl.webp\",\"width\":1024,\"height\":1024},{\"@type\":\"BreadcrumbList\",\"@id\":\"https:\\\/\\\/mastorrencito.com\\\/cat\\\/el-desenllac-de-la-maleta\\\/#breadcrumb\",\"itemListElement\":[{\"@type\":\"ListItem\",\"position\":1,\"name\":\"Portada\",\"item\":\"https:\\\/\\\/mastorrencito.com\\\/\"},{\"@type\":\"ListItem\",\"position\":2,\"name\":\"El Desenlla\u00e7 de la maleta.\"}]},{\"@type\":\"WebSite\",\"@id\":\"https:\\\/\\\/mastorrencito.com\\\/#website\",\"url\":\"https:\\\/\\\/mastorrencito.com\\\/\",\"name\":\"Mas Torrencito CAT\",\"description\":\"Casa rural pet friendly en Girona\",\"publisher\":{\"@id\":\"https:\\\/\\\/mastorrencito.com\\\/#organization\"},\"potentialAction\":[{\"@type\":\"SearchAction\",\"target\":{\"@type\":\"EntryPoint\",\"urlTemplate\":\"https:\\\/\\\/mastorrencito.com\\\/?s={search_term_string}\"},\"query-input\":{\"@type\":\"PropertyValueSpecification\",\"valueRequired\":true,\"valueName\":\"search_term_string\"}}],\"inLanguage\":\"es\"},{\"@type\":\"Organization\",\"@id\":\"https:\\\/\\\/mastorrencito.com\\\/#organization\",\"name\":\"Mas Torrencito CAT\",\"url\":\"https:\\\/\\\/mastorrencito.com\\\/\",\"logo\":{\"@type\":\"ImageObject\",\"inLanguage\":\"es\",\"@id\":\"https:\\\/\\\/mastorrencito.com\\\/#\\\/schema\\\/logo\\\/image\\\/\",\"url\":\"https:\\\/\\\/mastorrencito.com\\\/cat\\\/wp-content\\\/uploads\\\/sites\\\/3\\\/Logo-Mastorrencito-horizontal.webp\",\"contentUrl\":\"https:\\\/\\\/mastorrencito.com\\\/cat\\\/wp-content\\\/uploads\\\/sites\\\/3\\\/Logo-Mastorrencito-horizontal.webp\",\"width\":161,\"height\":54,\"caption\":\"Mas Torrencito CAT\"},\"image\":{\"@id\":\"https:\\\/\\\/mastorrencito.com\\\/#\\\/schema\\\/logo\\\/image\\\/\"}},{\"@type\":\"Person\",\"@id\":\"https:\\\/\\\/mastorrencito.com\\\/#\\\/schema\\\/person\\\/18c619be80d4ae2667c702911625f790\",\"name\":\"Mastorrencito\",\"image\":{\"@type\":\"ImageObject\",\"inLanguage\":\"es\",\"@id\":\"https:\\\/\\\/secure.gravatar.com\\\/avatar\\\/3ef55e0519f987a734c21caee1423b51df7b760b7d81a38ecd31cab0a5115f6d?s=96&d=mm&r=g\",\"url\":\"https:\\\/\\\/secure.gravatar.com\\\/avatar\\\/3ef55e0519f987a734c21caee1423b51df7b760b7d81a38ecd31cab0a5115f6d?s=96&d=mm&r=g\",\"contentUrl\":\"https:\\\/\\\/secure.gravatar.com\\\/avatar\\\/3ef55e0519f987a734c21caee1423b51df7b760b7d81a38ecd31cab0a5115f6d?s=96&d=mm&r=g\",\"caption\":\"Mastorrencito\"},\"url\":\"https:\\\/\\\/mastorrencito.com\\\/cat\\\/author\\\/mastorrencito\\\/\"}]}<\/script>\n<!-- \/ Yoast SEO Premium plugin. -->","yoast_head_json":{"title":"El Desenlla\u00e7 de la maleta. - Mas Torrencito CAT","robots":{"index":"index","follow":"follow","max-snippet":"max-snippet:-1","max-image-preview":"max-image-preview:large","max-video-preview":"max-video-preview:-1"},"canonical":"https:\/\/mastorrencito.com\/cat\/el-desenllac-de-la-maleta\/","og_locale":"es_ES","og_type":"article","og_title":"El Desenlla\u00e7 de la maleta.","og_description":"Com cada mat\u00ed, em vaig despertar abans que son\u00e9s el despertador, per\u00f2 aquesta vegada va ser diferent. El Desenlla\u00e7 de la maleta. Aquella nit havia dormit malament, despertant-me diverses vegades amb el pensament de les maletes i d&#8217;aquells homes rondant-me al cap. A sobre, una tempesta havia caigut durant la matinada, i Mamas, el nostre [&hellip;]","og_url":"https:\/\/mastorrencito.com\/cat\/el-desenllac-de-la-maleta\/","og_site_name":"Mas Torrencito CAT","article_published_time":"2024-10-26T05:40:03+00:00","og_image":[{"width":1024,"height":1024,"url":"https:\/\/mastorrencito.com\/cat\/wp-content\/uploads\/sites\/3\/DALL\u00b7E-2024-10-26-07.10.05-A-scene-of-people-standing-around-an-old-septic-tank-at-a-Catalan-farmhouse-in-daylight.-A-man-is-opening-the-cover-with-a-crowbar-while-others-incl.webp","type":"image\/webp"}],"author":"Mastorrencito","twitter_card":"summary_large_image","twitter_misc":{"Escrito por":"Mastorrencito","Tiempo de lectura":"7 minutos"},"schema":{"@context":"https:\/\/schema.org","@graph":[{"@type":"Article","@id":"https:\/\/mastorrencito.com\/cat\/el-desenllac-de-la-maleta\/#article","isPartOf":{"@id":"https:\/\/mastorrencito.com\/cat\/el-desenllac-de-la-maleta\/"},"author":{"name":"Mastorrencito","@id":"https:\/\/mastorrencito.com\/#\/schema\/person\/18c619be80d4ae2667c702911625f790"},"headline":"El Desenlla\u00e7 de la maleta.","datePublished":"2024-10-26T05:40:03+00:00","mainEntityOfPage":{"@id":"https:\/\/mastorrencito.com\/cat\/el-desenllac-de-la-maleta\/"},"wordCount":1261,"commentCount":0,"publisher":{"@id":"https:\/\/mastorrencito.com\/#organization"},"image":{"@id":"https:\/\/mastorrencito.com\/cat\/el-desenllac-de-la-maleta\/#primaryimage"},"thumbnailUrl":"https:\/\/mastorrencito.com\/cat\/wp-content\/uploads\/sites\/3\/DALL\u00b7E-2024-10-26-07.10.05-A-scene-of-people-standing-around-an-old-septic-tank-at-a-Catalan-farmhouse-in-daylight.-A-man-is-opening-the-cover-with-a-crowbar-while-others-incl.webp","articleSection":["Hist\u00f2ries Mastorrencito"],"inLanguage":"es","potentialAction":[{"@type":"CommentAction","name":"Comment","target":["https:\/\/mastorrencito.com\/cat\/el-desenllac-de-la-maleta\/#respond"]}]},{"@type":"WebPage","@id":"https:\/\/mastorrencito.com\/cat\/el-desenllac-de-la-maleta\/","url":"https:\/\/mastorrencito.com\/cat\/el-desenllac-de-la-maleta\/","name":"El Desenlla\u00e7 de la maleta. - Mas Torrencito CAT","isPartOf":{"@id":"https:\/\/mastorrencito.com\/#website"},"primaryImageOfPage":{"@id":"https:\/\/mastorrencito.com\/cat\/el-desenllac-de-la-maleta\/#primaryimage"},"image":{"@id":"https:\/\/mastorrencito.com\/cat\/el-desenllac-de-la-maleta\/#primaryimage"},"thumbnailUrl":"https:\/\/mastorrencito.com\/cat\/wp-content\/uploads\/sites\/3\/DALL\u00b7E-2024-10-26-07.10.05-A-scene-of-people-standing-around-an-old-septic-tank-at-a-Catalan-farmhouse-in-daylight.-A-man-is-opening-the-cover-with-a-crowbar-while-others-incl.webp","datePublished":"2024-10-26T05:40:03+00:00","breadcrumb":{"@id":"https:\/\/mastorrencito.com\/cat\/el-desenllac-de-la-maleta\/#breadcrumb"},"inLanguage":"es","potentialAction":[{"@type":"ReadAction","target":["https:\/\/mastorrencito.com\/cat\/el-desenllac-de-la-maleta\/"]}]},{"@type":"ImageObject","inLanguage":"es","@id":"https:\/\/mastorrencito.com\/cat\/el-desenllac-de-la-maleta\/#primaryimage","url":"https:\/\/mastorrencito.com\/cat\/wp-content\/uploads\/sites\/3\/DALL\u00b7E-2024-10-26-07.10.05-A-scene-of-people-standing-around-an-old-septic-tank-at-a-Catalan-farmhouse-in-daylight.-A-man-is-opening-the-cover-with-a-crowbar-while-others-incl.webp","contentUrl":"https:\/\/mastorrencito.com\/cat\/wp-content\/uploads\/sites\/3\/DALL\u00b7E-2024-10-26-07.10.05-A-scene-of-people-standing-around-an-old-septic-tank-at-a-Catalan-farmhouse-in-daylight.-A-man-is-opening-the-cover-with-a-crowbar-while-others-incl.webp","width":1024,"height":1024},{"@type":"BreadcrumbList","@id":"https:\/\/mastorrencito.com\/cat\/el-desenllac-de-la-maleta\/#breadcrumb","itemListElement":[{"@type":"ListItem","position":1,"name":"Portada","item":"https:\/\/mastorrencito.com\/"},{"@type":"ListItem","position":2,"name":"El Desenlla\u00e7 de la maleta."}]},{"@type":"WebSite","@id":"https:\/\/mastorrencito.com\/#website","url":"https:\/\/mastorrencito.com\/","name":"Mas Torrencito CAT","description":"Casa rural pet friendly en Girona","publisher":{"@id":"https:\/\/mastorrencito.com\/#organization"},"potentialAction":[{"@type":"SearchAction","target":{"@type":"EntryPoint","urlTemplate":"https:\/\/mastorrencito.com\/?s={search_term_string}"},"query-input":{"@type":"PropertyValueSpecification","valueRequired":true,"valueName":"search_term_string"}}],"inLanguage":"es"},{"@type":"Organization","@id":"https:\/\/mastorrencito.com\/#organization","name":"Mas Torrencito CAT","url":"https:\/\/mastorrencito.com\/","logo":{"@type":"ImageObject","inLanguage":"es","@id":"https:\/\/mastorrencito.com\/#\/schema\/logo\/image\/","url":"https:\/\/mastorrencito.com\/cat\/wp-content\/uploads\/sites\/3\/Logo-Mastorrencito-horizontal.webp","contentUrl":"https:\/\/mastorrencito.com\/cat\/wp-content\/uploads\/sites\/3\/Logo-Mastorrencito-horizontal.webp","width":161,"height":54,"caption":"Mas Torrencito CAT"},"image":{"@id":"https:\/\/mastorrencito.com\/#\/schema\/logo\/image\/"}},{"@type":"Person","@id":"https:\/\/mastorrencito.com\/#\/schema\/person\/18c619be80d4ae2667c702911625f790","name":"Mastorrencito","image":{"@type":"ImageObject","inLanguage":"es","@id":"https:\/\/secure.gravatar.com\/avatar\/3ef55e0519f987a734c21caee1423b51df7b760b7d81a38ecd31cab0a5115f6d?s=96&d=mm&r=g","url":"https:\/\/secure.gravatar.com\/avatar\/3ef55e0519f987a734c21caee1423b51df7b760b7d81a38ecd31cab0a5115f6d?s=96&d=mm&r=g","contentUrl":"https:\/\/secure.gravatar.com\/avatar\/3ef55e0519f987a734c21caee1423b51df7b760b7d81a38ecd31cab0a5115f6d?s=96&d=mm&r=g","caption":"Mastorrencito"},"url":"https:\/\/mastorrencito.com\/cat\/author\/mastorrencito\/"}]}},"acf":[],"_links":{"self":[{"href":"https:\/\/mastorrencito.com\/cat\/wp-json\/wp\/v2\/posts\/4674","targetHints":{"allow":["GET"]}}],"collection":[{"href":"https:\/\/mastorrencito.com\/cat\/wp-json\/wp\/v2\/posts"}],"about":[{"href":"https:\/\/mastorrencito.com\/cat\/wp-json\/wp\/v2\/types\/post"}],"author":[{"embeddable":true,"href":"https:\/\/mastorrencito.com\/cat\/wp-json\/wp\/v2\/users\/2"}],"replies":[{"embeddable":true,"href":"https:\/\/mastorrencito.com\/cat\/wp-json\/wp\/v2\/comments?post=4674"}],"version-history":[{"count":0,"href":"https:\/\/mastorrencito.com\/cat\/wp-json\/wp\/v2\/posts\/4674\/revisions"}],"wp:featuredmedia":[{"embeddable":true,"href":"https:\/\/mastorrencito.com\/cat\/wp-json\/wp\/v2\/media\/4762"}],"wp:attachment":[{"href":"https:\/\/mastorrencito.com\/cat\/wp-json\/wp\/v2\/media?parent=4674"}],"wp:term":[{"taxonomy":"category","embeddable":true,"href":"https:\/\/mastorrencito.com\/cat\/wp-json\/wp\/v2\/categories?post=4674"},{"taxonomy":"post_tag","embeddable":true,"href":"https:\/\/mastorrencito.com\/cat\/wp-json\/wp\/v2\/tags?post=4674"}],"curies":[{"name":"wp","href":"https:\/\/api.w.org\/{rel}","templated":true}]}}