{"id":4672,"date":"2024-10-25T05:17:00","date_gmt":"2024-10-25T05:17:00","guid":{"rendered":"https:\/\/casaruralconperrosgirona.com\/moltes-mes-preguntes-que-respostes-a-mas-torrencito\/"},"modified":"2024-10-25T05:17:00","modified_gmt":"2024-10-25T05:17:00","slug":"moltes-mes-preguntes-que-respostes-a-mas-torrencito","status":"publish","type":"post","link":"https:\/\/mastorrencito.com\/cat\/moltes-mes-preguntes-que-respostes-a-mas-torrencito\/","title":{"rendered":"Moltes m\u00e9s preguntes que respostes a Mas Torrencito"},"content":{"rendered":"\n<h4 class=\"wp-block-heading\"><strong>Cap\u00edtol 3: Maletes i Cables<\/strong> . M\u00e9s preguntes que respostes a Mas Torrencito <\/h4>\n\n\n\n<hr class=\"wp-block-separator has-alpha-channel-opacity\" \/>\n\n\n\n<p>Em vaig aturar un segon en sentir el meu nom. La veu de l&#8217;home m\u00e9s gran ressonava amb fermesa, gaireb\u00e9 autorit\u00e0ria. M\u00e9s preguntes que respostes a Mas Torrencito  <\/p>\n\n\n\n<p>\u2014Miguel, veuen un moment\u2026<\/p>\n\n\n\n<p>Em vaig girar lentament, intentant mantenir la calma mentre el meu cor s&#8217;accelerava. Per qu\u00e8 volien parlar amb mi en aquest to tan seri\u00f3s? Vaig caminar cap a ells, intentant que no es not\u00e9s la lleugera vacil\u00b7laci\u00f3 als meus passos. Quan vaig arribar, em vaig trobar dret davant d&#8217;aquelles dues figures que, amb la penombra de la nit, semblaven encara m\u00e9s imponents.   <\/p>\n\n\n\n<p>L&#8217;home alt va assenyalar les maletes amb un somriure tens.<\/p>\n\n\n\n<p>\u2014Tenim un problema.<\/p>\n\n\n\n<hr class=\"wp-block-separator has-alpha-channel-opacity\" \/>\n\n\n\n<h4 class=\"wp-block-heading\"><strong>El pes ocult<\/strong><\/h4>\n\n\n\n<p>\u2014Un problema? \u2014vaig preguntar, mirant que la meva veu no tremol\u00e9s. <\/p>\n\n\n\n<p>El m\u00e9s baix dels dos va sospirar profundament, com si port\u00e9s tot el dia esperant aquest moment.<\/p>\n\n\n\n<p>\u2014Aquestes maletes \u2014va dir, mirant cap a les enormes b\u00e8sties negres que havien estat movent amb tant d&#8217;esfor\u00e7\u2014, no hi caben a l&#8217;habitaci\u00f3. Les portes s\u00f3n massa estretes. <\/p>\n\n\n\n<p>Per un moment, vaig sentir una barreja d&#8217;alleujament i de desconcert. Aix\u00f2 era tot? El problema eren les portes? Semblava una excusa massa simple. Alguna cosa no encaixava.    <\/p>\n\n\n\n<p>\u2014I qu\u00e8 proposeu? \u2014vaig preguntar-los, creuant els bra\u00e7os, mirant de llegir els seus gestos. <\/p>\n\n\n\n<p>L&#8217;home m\u00e9s gran em va mirar fixament.<\/p>\n\n\n\n<p>\u2014Haurem de deixar-les fora, a la terrassa, per\u00f2 necessitem la teva ajuda per trobar alguna cosa\u2026 <em>especial<\/em> .<\/p>\n\n\n\n<hr class=\"wp-block-separator has-alpha-channel-opacity\" \/>\n\n\n\n<h3 class=\"wp-block-heading\"><strong>Cables a la penombra<\/strong> . Moltes m\u00e9s preguntes que respostes a Mas Torrencito <\/h3>\n\n\n\n<p>\u2014Especial? \u2014vaig repetir, sense poder dissimular el dubte en el meu to. <\/p>\n\n\n\n<p>L&#8217;home m\u00e9s baix va mirar al voltant com si tingu\u00e9s por de ser escoltat, encara que no hi havia ning\u00fa a prop. Es va inclinar cap a mi, baixant la veu fins a convertir-la en un xiuxiueig. <\/p>\n\n\n\n<p>\u2014Necessitem alguns cables. Forts. I llargs.  <\/p>\n\n\n\n<figure class=\"wp-block-image size-large\"><a href=\"https:\/\/booking.mastorrencito.com\/?code=84901729&amp;lang=cat\"><img decoding=\"async\" src=\"https:\/\/mastorrencito.com\/wp-content\/uploads\/2024\/10\/www.mastorrencito.com_-1024x1024.png\" alt=\"\" class=\"wp-image-1797\" \/><\/a><\/figure>\n\n\n\n<p>Els vaig observar intentant trobar alguna explicaci\u00f3 l\u00f2gica a la seva petici\u00f3. Cables? Per qu\u00e8 volien cables? Vaig mirar les maletes de nou, aquelles monstruositats que havien arrossegat pel corriol fins a l&#8217;habitaci\u00f3. El que fos que fos dins no nom\u00e9s era pesat, sin\u00f3 tamb\u00e9 massa gran per a alguna cosa normal. Alguna cosa em deia que no nom\u00e9s volien deixar les maletes all\u00e0.     <\/p>\n\n\n\n<p>\u2014Cables? \u2014vaig repetir, intentant guanyar temps mentre els meus pensaments giraven en cercles\u2014. Per qu\u00e8?  <\/p>\n\n\n\n<p>L&#8217;home m\u00e9s alt es va limitar a mirar-me, la seva expressi\u00f3 impassible. L&#8217;altre va arronsar les espatlles. <\/p>\n\n\n\n<p>\u2014\u00c9s complicat \u2014va dir, com si volgu\u00e9s tancar el tema r\u00e0pidament\u2014. Nom\u00e9s els necessitem per\u2026 assegurar les maletes. <\/p>\n\n\n\n<hr class=\"wp-block-separator has-alpha-channel-opacity\" \/>\n\n\n\n<p><strong>La intu\u00efci\u00f3 dels gossos<\/strong><\/p>\n\n\n\n<p>Els gossos, que fins aleshores havien estat en silenci al despatx, van comen\u00e7ar a bordar de nou. Maky va ser el primer, seguit de Masto i Mastitwo. Els lladrucs ressonaven en la foscor, i alguna cosa en el to de les veus em va posar els p\u00e8ls de punta. Era com si no nom\u00e9s oloressin els homes, sin\u00f3 al que hi havia dins d&#8217;aquelles maletes. I no els agradava.    <\/p>\n\n\n\n<p>Vaig tornar a mirar els homes. El gran seguia impassible, per\u00f2 el nen comen\u00e7ava a mostrar signes d&#8217;incomoditat, mirava cap als costats com si esper\u00e9s que alg\u00fa ens sorprengu\u00e9s en qualsevol moment. L&#8217;aire s&#8217;havia tornat dens, feixuc.  <\/p>\n\n\n\n<p>\u2014\u00c9s clar, tinc alguns cables al magatzem \u2014vaig dir finalment, sense deixar d&#8217;observar-los\u2014. Puc portar-vos alguns. <\/p>\n\n\n\n<p>L&#8217;home gran va assentir.<\/p>\n\n\n\n<p>\u2014Aix\u00f2 seria de gran ajuda.<\/p>\n\n\n\n<hr class=\"wp-block-separator has-alpha-channel-opacity\" \/>\n\n\n\n<h4 class=\"wp-block-heading\"><strong>Els preparatius<\/strong> . Moltes m\u00e9s preguntes que respostes a Mas Torrencito <\/h4>\n\n\n\n<p>Em vaig girar i vaig comen\u00e7ar a caminar cap al petit magatzem que ten\u00edem al soterrani de la masia. El terra de pedra crugia sota els meus peus, ia cada pas sentia que la pressi\u00f3 augmentava. Mentre buscava els cables, els meus pensaments no deixaven de fer voltes.    <em>Per qu\u00e8 cables?<\/em>  Qu\u00e8 volien fer realment amb aquestes maletes?<\/p>\n\n\n\n<p>Vaig obrir la porta del magatzem i, despr\u00e9s de regirar entre eines i velles caixes, vaig trobar alguns cables de diversos metres de llarg. Els vaig sostenir a les mans, sentint el seu pes. Eren cables d\u00fas industrial, prou forts per suportar una gran tensi\u00f3.    <em>Qu\u00e8 podrien estar planejant?<\/em><\/p>\n\n\n\n<p>De cam\u00ed de tornada, vaig passar a prop de la c\u00e0mera de seguretat que fallava, la del p\u00e0rquing. Em vaig aturar un segon, dubtant. Alguna cosa en mi volia revisar per qu\u00e8 estava apagada, per\u00f2 el rellotge de Prosegur encara no havia arribat. El fet que aquesta c\u00e0mera en particular fos fora de servei no m&#8217;agradava res.   <\/p>\n\n\n\n<hr class=\"wp-block-separator has-alpha-channel-opacity\" \/>\n\n\n\n<h4 class=\"wp-block-heading\"><strong>Els ulls vigilants de Ramon<\/strong><\/h4>\n\n\n\n<p>En arribar a la terrassa, vaig notar que el Ramon i la Blanca seguien all\u00e0, conversant en veu baixa. Tot i que en Ramon era cec, els altres sentits ho compensaven, i sempre semblava saber m\u00e9s del que deia. <\/p>\n\n\n\n<p>\u2014Tot b\u00e9? \u2014va preguntar en Ramon sense mirar-me directament, com si sab\u00e9s que alguna cosa no estava b\u00e9. <\/p>\n\n\n\n<p>\u2014S\u00ed, nom\u00e9s un problema amb les maletes \u2014vaig respondre intentant sonar despreocupat.<\/p>\n\n\n\n<p>Ramon va arrufar les celles.<\/p>\n\n\n\n<p>\u2014No s\u00f3n maletes normals \u2014va dir en un to greu\u2014. Aneu amb compte. <\/p>\n\n\n\n<p>El seu advertiment em va deixar gla\u00e7at per un moment. No podia saber qu\u00e8 havia vist \u2014o sentit\u2014, per\u00f2 la seva intu\u00efci\u00f3 no fallava mai. Vaig sentir una opressi\u00f3 al pit.  <\/p>\n\n\n\n<hr class=\"wp-block-separator has-alpha-channel-opacity\" \/>\n\n\n\n<h4 class=\"wp-block-heading\"><strong>Cables i secrets<\/strong><\/h4>\n\n\n\n<p>Vaig lliurar els cables als homes, que els van rebre amb una gratitud for\u00e7ada.<\/p>\n\n\n\n<p>\u2014Perfecte \u2014va dir el m\u00e9s baix\u2014. Aix\u00f2 \u00e9s justament el que necessit\u00e0vem. <\/p>\n\n\n\n<p>Em vaig quedar observant com els manipulaven. Mentre treballaven en silenci, lligant les maletes amb aquests cables, vaig poder sentir que hi havia alguna cosa m\u00e9s als seus moviments. No era nom\u00e9s q\u00fcesti\u00f3 d&#8217;assegurar les maletes, semblava que volien amagar alguna cosa. Potser no es tractava nom\u00e9s de contenir-ne el contingut, sin\u00f3 d&#8217;amagar-lo.   <\/p>\n\n\n\n<p>L&#8217;home gran va aixecar el cap i em va mirar fixament.<\/p>\n\n\n\n<p>\u2014Aix\u00f2 no ha de preocupar ning\u00fa \u2014va dir, amb una serietat que va travessar l&#8217;aire com un ganivet.<\/p>\n\n\n\n<p>La meva gola es va assecar.<\/p>\n\n\n\n<p>\u2014No em preocupa \u2014vaig mentir.<\/p>\n\n\n\n<p>Els gossos seguien bordant al despatx, les seves veus reverberant a la dist\u00e0ncia. Alguna cosa, alguna cosa en aquestes maletes, estava alterant tothom a la masia. I no podia ser bo.  <\/p>\n\n\n\n<hr class=\"wp-block-separator has-alpha-channel-opacity\" \/>\n\n\n\n<p><strong>Qu\u00e8 amaguen les maletes?<\/strong><\/p>\n\n\n\n<p>Mentre em retirava lentament cap a la porta, no podia deixar de pensar a les maletes. Alguna cosa dintre seu estava movent els fils d&#8217;aquesta inquietant situaci\u00f3, i aquests homes sabien molt m\u00e9s del que deixaven entreveure. <\/p>\n\n\n\n<p>Mentre m&#8217;allunyava, la veu de Ramon ressonava al meu cap: <em>\u00abAneu amb compte.\u00bb<\/em><\/p>\n\n\n\n<p>La pregunta seguia latent, cada cop m\u00e9s forta: <em>Quins dimonis amaguen aquestes maletes?<\/em><\/p>\n\n\n\n<hr class=\"wp-block-separator has-alpha-channel-opacity\" \/>\n\n\n\n<h1 class=\"wp-block-heading\"><strong>Cap\u00edtol 4: Nit tranquil\u00b7la dins de la intriga i incertesa<\/strong><\/h1>\n\n\n\n<hr class=\"wp-block-separator has-alpha-channel-opacity\" \/>\n\n\n\n<p><strong>El respir del sopar<\/strong><\/p>\n\n\n\n<p>Va arribar l&#8217;hora del sopar, i vaig decidir que una mica de tranquil\u00b7litat no ens vindria malament a cap. Despr\u00e9s de tot, el dia havia estat ple d&#8217;incertesa i de preguntes sense resposta, i el meu cap necessitava desconnectar. Vaig organitzar un sopar senzill, d&#8217;aquells que et reconforten: pa amb tom\u00e0quet, embotits de la terra, uns talls de pernil ib\u00e8ric, formatges variats i, per descomptat, vi. Convidem el Ramon, la Blanca i la Katy perqu\u00e8 ens acompanyessin a la cuina. Potser, entre converses i rialles, aconseguir\u00edem dispersar l&#8217;ambient enrarit que flotava sobre nosaltres des de l&#8217;arribada dels dos homes i les maletes.    <\/p>\n\n\n\n<p>\u00c9s clar que, encara que intent\u00e9s ignorar-ho, les preguntes estaven a l&#8217;aire, i no nom\u00e9s al meu cap. Ramon, m\u00e9s espavilat que un colibr\u00ed, estava llest per bombardejar-me preguntes. Amb un petit somriure als llavis, vaig notar com els seus sentits semblaven estar m\u00e9s agusats que mai. I despr\u00e9s hi havia la Katy, la veu de la qual sonava sempre com si estigu\u00e9s cridant, fins i tot quan intentava xiuxiuejar. <em>B\u00e9, lidiaria amb aix\u00f2 quan comenc\u00e9s<\/em> , vaig pensar mentre obria una ampolla de vi.   <\/p>\n\n\n\n<hr class=\"wp-block-separator has-alpha-channel-opacity\" \/>\n\n\n\n<h4 class=\"wp-block-heading\"><strong>El tema inevitable<\/strong><\/h4>\n\n\n\n<figure class=\"wp-block-image size-full\"><img decoding=\"async\" src=\"https:\/\/mastorrencito.com\/wp-content\/uploads\/alemanes-4-1.jpg\" alt=\"\" class=\"wp-image-1791\" \/><\/figure>\n\n\n\n<p>Seiem tots al voltant de la taula. Entre copes i mossegades, intentava portar la conversa a temes lleugers, per\u00f2 com s&#8217;esperava, la curiositat sobre les maletes flotava entre nosaltres com una ombra. Ramon no va trigar a disparar la primera pregunta, directe i sense embuts.  <\/p>\n\n\n\n<p>\u2014Per\u00f2 qu\u00e8 hi ha dins d&#8217;aquestes maletes? \u2014va preguntar amb el seu t\u00edpic to seri\u00f3s, encara que una mica divertit. Vaig notar com vorejava el cap, el seu instint clarament en alerta.  <\/p>\n\n\n\n<p>Vaig intentar fer un gest despreocupat.<\/p>\n\n\n\n<p>\u2014Doncs mira, no ho s\u00e9, Ramon. I prefereixo no saber-ho \u2014vaig respondre, mirant de tallar el tema\u2014. Ja n&#8217;hi ha prou de parlar de maletes. Mengem tranquils, que si no, aquesta nit no en dormim cap.   <\/p>\n\n\n\n<p>Per\u00f2 les meves paraules no van semblar fer gaire efecte. Katy va deixar anar una rialleta, mirant en Ramon com si hagu\u00e9ssim trobat el tema perfecte de conversa. Ramon, sempre tan perspica\u00e7, va captar la meva incomoditat i va aixecar les mans en un gest de rendici\u00f3, encara que amb un somriure juganer.  <\/p>\n\n\n\n<p>\u2014D&#8217;acord, val \u2014va dir\u2014, per\u00f2 aquestes coses rares sempre em posen alerta, ja ho saps.<\/p>\n\n\n\n<p>Vaig assentir, intentant canviar de tema, ia poc a poc la conversa es va anar desviant cap a coses m\u00e9s ximples i divertides. El vi va comen\u00e7ar a afluixar les tensions, i les rialles, encara que una mica nervioses al principi, es van tornar m\u00e9s genu\u00efnes. <\/p>\n\n\n\n<hr class=\"wp-block-separator has-alpha-channel-opacity\" \/>\n\n\n\n<h3 class=\"wp-block-heading\"><strong>Una nit amb preguntes sense resposta<\/strong><\/h3>\n\n\n\n<p>El sopar va acabar entre rialles i alguna broma sobre \u00abels misteris de la masia\u00bb. Quan el rellotge va comen\u00e7ar a marcar les hores avan\u00e7ades de la nit, vam decidir anar-nos-en cadasc\u00fa a la seva habitaci\u00f3. Jo, sent el que m\u00e9s d&#8217;hora matinada, vaig intentar deixar de banda la sensaci\u00f3 d&#8217;inquietud que seguia ancorada al fons de la meva ment. Volia aclarir el cap, relaxar-me, i per fi descansar.   <\/p>\n\n\n\n<p>Em vaig acomiadar de tots i vaig pujar a la meva habitaci\u00f3. El passad\u00eds estava en silenci, i cada petit so de la masia, des del cruixit de la fusta fins al vent que passava entre les finestres, semblava amplificat a la quietud de la nit. Quan finalment vaig arribar a la meva habitaci\u00f3, vaig deixar escapar un sospir, pensant en la tranquil\u00b7litat que m&#8217;esperava.  <\/p>\n\n\n\n<hr class=\"wp-block-separator has-alpha-channel-opacity\" \/>\n\n\n\n<p><strong>Una sensaci\u00f3 a la foscor<\/strong><\/p>\n\n\n<figure class=\"wp-block-post-featured-image\"><img fetchpriority=\"high\" decoding=\"async\" width=\"1024\" height=\"1024\" src=\"https:\/\/mastorrencito.com\/cat\/wp-content\/uploads\/sites\/3\/alemanes_3.jpg\" class=\"attachment-post-thumbnail size-post-thumbnail wp-post-image\" alt=\"Mas preguntas que respuestas en Mas Torrencito\" style=\"object-fit:cover;\" srcset=\"https:\/\/mastorrencito.com\/cat\/wp-content\/uploads\/sites\/3\/alemanes_3.jpg 1024w, https:\/\/mastorrencito.com\/cat\/wp-content\/uploads\/sites\/3\/alemanes_3-300x300.jpg 300w, https:\/\/mastorrencito.com\/cat\/wp-content\/uploads\/sites\/3\/alemanes_3-150x150.jpg 150w, https:\/\/mastorrencito.com\/cat\/wp-content\/uploads\/sites\/3\/alemanes_3-768x768.jpg 768w\" sizes=\"(max-width: 1024px) 100vw, 1024px\" \/><\/figure>\n\n\n<p>En ficar-me al llit i apagar la llum, vaig sentir una mena de calma. Em vaig recolzar, deixant que el cansament del dia s&#8217;apoder\u00e9s de mi. Per\u00f2 quan els meus ulls comen\u00e7aven a tancar-se, vaig sentir un lleu cruixit, com si alguna cosa o alg\u00fa es mogu\u00e9s a l&#8217;exterior del mas. Vaig obrir els ulls de cop i vaig agudicar l&#8217;o\u00efda, intentant captar algun so m\u00e9s. Em vaig conv\u00e8ncer que havia de ser el vent, o algun animal rondant pel jard\u00ed. Despr\u00e9s de tot, en aquesta zona era com\u00fa veure guineus i algun teix\u00f3.     <\/p>\n\n\n\n<p>Vaig intentar tornar a adormir-me, per\u00f2 la inquietud no em deixava. Una mena d&#8217;intu\u00efci\u00f3 em deia que alguna cosa no estava b\u00e9. Vaig recordar la conversa amb els homes i la seva insist\u00e8ncia als cables, el pes de les maletes, i la manera com els gossos no deixaven de bordar-los. <\/p>\n\n\n\n<p><em>No pensis en aix\u00f2<\/em> , em vaig dir, per\u00f2 era in\u00fatil. Les imatges de les maletes, la cara seriosa dels homes i les preguntes de Ramon rondaven la meva ment, com un murmuri a la penombra. <\/p>\n\n\n\n<hr class=\"wp-block-separator has-alpha-channel-opacity\" \/>\n\n\n\n<p><strong>La vig\u00edlia inquietant<\/strong><\/p>\n\n\n\n<p>Va passar una estona en qu\u00e8 nom\u00e9s escoltava la meva respiraci\u00f3, i per fi, em vaig conv\u00e8ncer que tot estava a la meva imaginaci\u00f3. Per\u00f2 aleshores, un lleu soroll es va filtrar des del jard\u00ed, just sota la meva finestra. No podia veure res des del meu angle, per\u00f2 el so era clar: un cop suau, una mica com un arrossegament o un lliscament pesat sobre la grava. Vaig sentir que un calfred em recorria l&#8217;esquena.   <\/p>\n\n\n\n<p>Per un instant, vaig voler aixecar-me, anar fins a la finestra i veure qu\u00e8 passava. Per\u00f2 alguna cosa m&#8217;aturava. Potser la por, o aquella part de mi que m&#8217;estimava m\u00e9s no saber. Al seu lloc, vaig decidir que el millor era intentar ignorar-ho. Al capdavall, el cansament acabaria guanyant, oi?    <\/p>\n\n\n\n<p>Vaig tancar els ulls amb for\u00e7a, desitjant que el somni s&#8217;emport\u00e9s tots aquests dubtes i preocupacions.<\/p>\n\n\n\n<hr class=\"wp-block-separator has-alpha-channel-opacity\" \/>\n\n\n\n<p><strong>Una promesa d&#8217;incertesa<\/strong><\/p>\n\n\n\n<p>Amb el soroll del jard\u00ed encara ressonant a les meves orelles, em vaig deixar portar finalment pel somni, encara que aquest era un somni inquiet. I mentre em submergia en la foscor, no deixava de repetir-me a mi mateix que, l&#8217;endem\u00e0, aclariria tots els dubtes. Les preguntes que ens envoltaven, el secret de les maletes i els homes misteriosos no podien romandre ocults per sempre.  <\/p>\n\n\n\n<hr class=\"wp-block-separator has-alpha-channel-opacity\" \/>\n\n\n\n<p>ONNTINUAR\u00c0\u2026 dem\u00e0\u2026.<\/p>\n\n\n\n<p><strong>Feli\u00e7 Divendres i bon finde a tothom!<\/strong>  \ud83d\ude0a i dem\u00e0\u2026 M\u00c9S<\/p>\n\n\n\n<p>\u2014\u2013<br> Si vols, podeu veure els nostres <strong>bons per caps de setmana, bons jubilats<\/strong> , a un preu incre\u00efble..entra a <a href=\"https:\/\/www.mastorrencito.com\/\">www.mastorrencito.com<\/a> o si vols podeu llegir m\u00e9s hist\u00f2ria i anecdotes que ens han passat a Mas Torrencito\u2026 Fes click <a href=\"https:\/\/mastorrencito.com\/es\/\">aqu\u00ed<\/a> :<\/p>\n","protected":false},"excerpt":{"rendered":"<p>Cap\u00edtol 3: Maletes i Cables . M\u00e9s preguntes que respostes a Mas Torrencito Em vaig aturar un segon en sentir el meu nom. La veu de l&#8217;home m\u00e9s gran ressonava amb fermesa, gaireb\u00e9 autorit\u00e0ria. M\u00e9s preguntes que respostes a Mas Torrencito \u2014Miguel, veuen un moment\u2026 Em vaig girar lentament, intentant mantenir la calma mentre el [&hellip;]<\/p>\n","protected":false},"author":2,"featured_media":4758,"comment_status":"open","ping_status":"open","sticky":false,"template":"","format":"standard","meta":{"_acf_changed":false,"footnotes":""},"categories":[35],"tags":[],"class_list":["post-4672","post","type-post","status-publish","format-standard","has-post-thumbnail","hentry","category-histories-mastorrencito"],"yoast_head":"<!-- This site is optimized with the Yoast SEO Premium plugin v27.3 (Yoast SEO v27.5) - https:\/\/yoast.com\/product\/yoast-seo-premium-wordpress\/ -->\n<title>Moltes m\u00e9s preguntes que respostes a Mas Torrencito - Mas Torrencito CAT<\/title>\n<meta name=\"robots\" content=\"index, follow, max-snippet:-1, max-image-preview:large, max-video-preview:-1\" \/>\n<link rel=\"canonical\" href=\"https:\/\/mastorrencito.com\/cat\/moltes-mes-preguntes-que-respostes-a-mas-torrencito\/\" \/>\n<meta property=\"og:locale\" content=\"es_ES\" \/>\n<meta property=\"og:type\" content=\"article\" \/>\n<meta property=\"og:title\" content=\"Moltes m\u00e9s preguntes que respostes a Mas Torrencito\" \/>\n<meta property=\"og:description\" content=\"Cap\u00edtol 3: Maletes i Cables . M\u00e9s preguntes que respostes a Mas Torrencito Em vaig aturar un segon en sentir el meu nom. La veu de l&#8217;home m\u00e9s gran ressonava amb fermesa, gaireb\u00e9 autorit\u00e0ria. M\u00e9s preguntes que respostes a Mas Torrencito \u2014Miguel, veuen un moment\u2026 Em vaig girar lentament, intentant mantenir la calma mentre el [&hellip;]\" \/>\n<meta property=\"og:url\" content=\"https:\/\/mastorrencito.com\/cat\/moltes-mes-preguntes-que-respostes-a-mas-torrencito\/\" \/>\n<meta property=\"og:site_name\" content=\"Mas Torrencito CAT\" \/>\n<meta property=\"article:published_time\" content=\"2024-10-25T05:17:00+00:00\" \/>\n<meta property=\"og:image\" content=\"https:\/\/mastorrencito.com\/cat\/wp-content\/uploads\/sites\/3\/alemanes_3.jpg\" \/>\n\t<meta property=\"og:image:width\" content=\"1024\" \/>\n\t<meta property=\"og:image:height\" content=\"1024\" \/>\n\t<meta property=\"og:image:type\" content=\"image\/jpeg\" \/>\n<meta name=\"author\" content=\"Mastorrencito\" \/>\n<meta name=\"twitter:card\" content=\"summary_large_image\" \/>\n<meta name=\"twitter:label1\" content=\"Escrito por\" \/>\n\t<meta name=\"twitter:data1\" content=\"Mastorrencito\" \/>\n\t<meta name=\"twitter:label2\" content=\"Tiempo de lectura\" \/>\n\t<meta name=\"twitter:data2\" content=\"13 minutos\" \/>\n<script type=\"application\/ld+json\" class=\"yoast-schema-graph\">{\"@context\":\"https:\\\/\\\/schema.org\",\"@graph\":[{\"@type\":\"Article\",\"@id\":\"https:\\\/\\\/mastorrencito.com\\\/cat\\\/moltes-mes-preguntes-que-respostes-a-mas-torrencito\\\/#article\",\"isPartOf\":{\"@id\":\"https:\\\/\\\/mastorrencito.com\\\/cat\\\/moltes-mes-preguntes-que-respostes-a-mas-torrencito\\\/\"},\"author\":{\"name\":\"Mastorrencito\",\"@id\":\"https:\\\/\\\/mastorrencito.com\\\/#\\\/schema\\\/person\\\/18c619be80d4ae2667c702911625f790\"},\"headline\":\"Moltes m\u00e9s preguntes que respostes a Mas Torrencito\",\"datePublished\":\"2024-10-25T05:17:00+00:00\",\"mainEntityOfPage\":{\"@id\":\"https:\\\/\\\/mastorrencito.com\\\/cat\\\/moltes-mes-preguntes-que-respostes-a-mas-torrencito\\\/\"},\"wordCount\":2261,\"commentCount\":0,\"publisher\":{\"@id\":\"https:\\\/\\\/mastorrencito.com\\\/#organization\"},\"image\":{\"@id\":\"https:\\\/\\\/mastorrencito.com\\\/cat\\\/moltes-mes-preguntes-que-respostes-a-mas-torrencito\\\/#primaryimage\"},\"thumbnailUrl\":\"https:\\\/\\\/mastorrencito.com\\\/cat\\\/wp-content\\\/uploads\\\/sites\\\/3\\\/alemanes_3.jpg\",\"articleSection\":[\"Hist\u00f2ries Mastorrencito\"],\"inLanguage\":\"es\",\"potentialAction\":[{\"@type\":\"CommentAction\",\"name\":\"Comment\",\"target\":[\"https:\\\/\\\/mastorrencito.com\\\/cat\\\/moltes-mes-preguntes-que-respostes-a-mas-torrencito\\\/#respond\"]}]},{\"@type\":\"WebPage\",\"@id\":\"https:\\\/\\\/mastorrencito.com\\\/cat\\\/moltes-mes-preguntes-que-respostes-a-mas-torrencito\\\/\",\"url\":\"https:\\\/\\\/mastorrencito.com\\\/cat\\\/moltes-mes-preguntes-que-respostes-a-mas-torrencito\\\/\",\"name\":\"Moltes m\u00e9s preguntes que respostes a Mas Torrencito - Mas Torrencito CAT\",\"isPartOf\":{\"@id\":\"https:\\\/\\\/mastorrencito.com\\\/#website\"},\"primaryImageOfPage\":{\"@id\":\"https:\\\/\\\/mastorrencito.com\\\/cat\\\/moltes-mes-preguntes-que-respostes-a-mas-torrencito\\\/#primaryimage\"},\"image\":{\"@id\":\"https:\\\/\\\/mastorrencito.com\\\/cat\\\/moltes-mes-preguntes-que-respostes-a-mas-torrencito\\\/#primaryimage\"},\"thumbnailUrl\":\"https:\\\/\\\/mastorrencito.com\\\/cat\\\/wp-content\\\/uploads\\\/sites\\\/3\\\/alemanes_3.jpg\",\"datePublished\":\"2024-10-25T05:17:00+00:00\",\"breadcrumb\":{\"@id\":\"https:\\\/\\\/mastorrencito.com\\\/cat\\\/moltes-mes-preguntes-que-respostes-a-mas-torrencito\\\/#breadcrumb\"},\"inLanguage\":\"es\",\"potentialAction\":[{\"@type\":\"ReadAction\",\"target\":[\"https:\\\/\\\/mastorrencito.com\\\/cat\\\/moltes-mes-preguntes-que-respostes-a-mas-torrencito\\\/\"]}]},{\"@type\":\"ImageObject\",\"inLanguage\":\"es\",\"@id\":\"https:\\\/\\\/mastorrencito.com\\\/cat\\\/moltes-mes-preguntes-que-respostes-a-mas-torrencito\\\/#primaryimage\",\"url\":\"https:\\\/\\\/mastorrencito.com\\\/cat\\\/wp-content\\\/uploads\\\/sites\\\/3\\\/alemanes_3.jpg\",\"contentUrl\":\"https:\\\/\\\/mastorrencito.com\\\/cat\\\/wp-content\\\/uploads\\\/sites\\\/3\\\/alemanes_3.jpg\",\"width\":1024,\"height\":1024,\"caption\":\"Mas preguntas que respuestas en Mas Torrencito\"},{\"@type\":\"BreadcrumbList\",\"@id\":\"https:\\\/\\\/mastorrencito.com\\\/cat\\\/moltes-mes-preguntes-que-respostes-a-mas-torrencito\\\/#breadcrumb\",\"itemListElement\":[{\"@type\":\"ListItem\",\"position\":1,\"name\":\"Portada\",\"item\":\"https:\\\/\\\/mastorrencito.com\\\/\"},{\"@type\":\"ListItem\",\"position\":2,\"name\":\"Moltes m\u00e9s preguntes que respostes a Mas Torrencito\"}]},{\"@type\":\"WebSite\",\"@id\":\"https:\\\/\\\/mastorrencito.com\\\/#website\",\"url\":\"https:\\\/\\\/mastorrencito.com\\\/\",\"name\":\"Mas Torrencito CAT\",\"description\":\"Casa rural pet friendly en Girona\",\"publisher\":{\"@id\":\"https:\\\/\\\/mastorrencito.com\\\/#organization\"},\"potentialAction\":[{\"@type\":\"SearchAction\",\"target\":{\"@type\":\"EntryPoint\",\"urlTemplate\":\"https:\\\/\\\/mastorrencito.com\\\/?s={search_term_string}\"},\"query-input\":{\"@type\":\"PropertyValueSpecification\",\"valueRequired\":true,\"valueName\":\"search_term_string\"}}],\"inLanguage\":\"es\"},{\"@type\":\"Organization\",\"@id\":\"https:\\\/\\\/mastorrencito.com\\\/#organization\",\"name\":\"Mas Torrencito CAT\",\"url\":\"https:\\\/\\\/mastorrencito.com\\\/\",\"logo\":{\"@type\":\"ImageObject\",\"inLanguage\":\"es\",\"@id\":\"https:\\\/\\\/mastorrencito.com\\\/#\\\/schema\\\/logo\\\/image\\\/\",\"url\":\"https:\\\/\\\/mastorrencito.com\\\/cat\\\/wp-content\\\/uploads\\\/sites\\\/3\\\/Logo-Mastorrencito-horizontal.webp\",\"contentUrl\":\"https:\\\/\\\/mastorrencito.com\\\/cat\\\/wp-content\\\/uploads\\\/sites\\\/3\\\/Logo-Mastorrencito-horizontal.webp\",\"width\":161,\"height\":54,\"caption\":\"Mas Torrencito CAT\"},\"image\":{\"@id\":\"https:\\\/\\\/mastorrencito.com\\\/#\\\/schema\\\/logo\\\/image\\\/\"}},{\"@type\":\"Person\",\"@id\":\"https:\\\/\\\/mastorrencito.com\\\/#\\\/schema\\\/person\\\/18c619be80d4ae2667c702911625f790\",\"name\":\"Mastorrencito\",\"image\":{\"@type\":\"ImageObject\",\"inLanguage\":\"es\",\"@id\":\"https:\\\/\\\/secure.gravatar.com\\\/avatar\\\/3ef55e0519f987a734c21caee1423b51df7b760b7d81a38ecd31cab0a5115f6d?s=96&d=mm&r=g\",\"url\":\"https:\\\/\\\/secure.gravatar.com\\\/avatar\\\/3ef55e0519f987a734c21caee1423b51df7b760b7d81a38ecd31cab0a5115f6d?s=96&d=mm&r=g\",\"contentUrl\":\"https:\\\/\\\/secure.gravatar.com\\\/avatar\\\/3ef55e0519f987a734c21caee1423b51df7b760b7d81a38ecd31cab0a5115f6d?s=96&d=mm&r=g\",\"caption\":\"Mastorrencito\"},\"url\":\"https:\\\/\\\/mastorrencito.com\\\/cat\\\/author\\\/mastorrencito\\\/\"}]}<\/script>\n<!-- \/ Yoast SEO Premium plugin. -->","yoast_head_json":{"title":"Moltes m\u00e9s preguntes que respostes a Mas Torrencito - Mas Torrencito CAT","robots":{"index":"index","follow":"follow","max-snippet":"max-snippet:-1","max-image-preview":"max-image-preview:large","max-video-preview":"max-video-preview:-1"},"canonical":"https:\/\/mastorrencito.com\/cat\/moltes-mes-preguntes-que-respostes-a-mas-torrencito\/","og_locale":"es_ES","og_type":"article","og_title":"Moltes m\u00e9s preguntes que respostes a Mas Torrencito","og_description":"Cap\u00edtol 3: Maletes i Cables . M\u00e9s preguntes que respostes a Mas Torrencito Em vaig aturar un segon en sentir el meu nom. La veu de l&#8217;home m\u00e9s gran ressonava amb fermesa, gaireb\u00e9 autorit\u00e0ria. M\u00e9s preguntes que respostes a Mas Torrencito \u2014Miguel, veuen un moment\u2026 Em vaig girar lentament, intentant mantenir la calma mentre el [&hellip;]","og_url":"https:\/\/mastorrencito.com\/cat\/moltes-mes-preguntes-que-respostes-a-mas-torrencito\/","og_site_name":"Mas Torrencito CAT","article_published_time":"2024-10-25T05:17:00+00:00","og_image":[{"width":1024,"height":1024,"url":"https:\/\/mastorrencito.com\/cat\/wp-content\/uploads\/sites\/3\/alemanes_3.jpg","type":"image\/jpeg"}],"author":"Mastorrencito","twitter_card":"summary_large_image","twitter_misc":{"Escrito por":"Mastorrencito","Tiempo de lectura":"13 minutos"},"schema":{"@context":"https:\/\/schema.org","@graph":[{"@type":"Article","@id":"https:\/\/mastorrencito.com\/cat\/moltes-mes-preguntes-que-respostes-a-mas-torrencito\/#article","isPartOf":{"@id":"https:\/\/mastorrencito.com\/cat\/moltes-mes-preguntes-que-respostes-a-mas-torrencito\/"},"author":{"name":"Mastorrencito","@id":"https:\/\/mastorrencito.com\/#\/schema\/person\/18c619be80d4ae2667c702911625f790"},"headline":"Moltes m\u00e9s preguntes que respostes a Mas Torrencito","datePublished":"2024-10-25T05:17:00+00:00","mainEntityOfPage":{"@id":"https:\/\/mastorrencito.com\/cat\/moltes-mes-preguntes-que-respostes-a-mas-torrencito\/"},"wordCount":2261,"commentCount":0,"publisher":{"@id":"https:\/\/mastorrencito.com\/#organization"},"image":{"@id":"https:\/\/mastorrencito.com\/cat\/moltes-mes-preguntes-que-respostes-a-mas-torrencito\/#primaryimage"},"thumbnailUrl":"https:\/\/mastorrencito.com\/cat\/wp-content\/uploads\/sites\/3\/alemanes_3.jpg","articleSection":["Hist\u00f2ries Mastorrencito"],"inLanguage":"es","potentialAction":[{"@type":"CommentAction","name":"Comment","target":["https:\/\/mastorrencito.com\/cat\/moltes-mes-preguntes-que-respostes-a-mas-torrencito\/#respond"]}]},{"@type":"WebPage","@id":"https:\/\/mastorrencito.com\/cat\/moltes-mes-preguntes-que-respostes-a-mas-torrencito\/","url":"https:\/\/mastorrencito.com\/cat\/moltes-mes-preguntes-que-respostes-a-mas-torrencito\/","name":"Moltes m\u00e9s preguntes que respostes a Mas Torrencito - Mas Torrencito CAT","isPartOf":{"@id":"https:\/\/mastorrencito.com\/#website"},"primaryImageOfPage":{"@id":"https:\/\/mastorrencito.com\/cat\/moltes-mes-preguntes-que-respostes-a-mas-torrencito\/#primaryimage"},"image":{"@id":"https:\/\/mastorrencito.com\/cat\/moltes-mes-preguntes-que-respostes-a-mas-torrencito\/#primaryimage"},"thumbnailUrl":"https:\/\/mastorrencito.com\/cat\/wp-content\/uploads\/sites\/3\/alemanes_3.jpg","datePublished":"2024-10-25T05:17:00+00:00","breadcrumb":{"@id":"https:\/\/mastorrencito.com\/cat\/moltes-mes-preguntes-que-respostes-a-mas-torrencito\/#breadcrumb"},"inLanguage":"es","potentialAction":[{"@type":"ReadAction","target":["https:\/\/mastorrencito.com\/cat\/moltes-mes-preguntes-que-respostes-a-mas-torrencito\/"]}]},{"@type":"ImageObject","inLanguage":"es","@id":"https:\/\/mastorrencito.com\/cat\/moltes-mes-preguntes-que-respostes-a-mas-torrencito\/#primaryimage","url":"https:\/\/mastorrencito.com\/cat\/wp-content\/uploads\/sites\/3\/alemanes_3.jpg","contentUrl":"https:\/\/mastorrencito.com\/cat\/wp-content\/uploads\/sites\/3\/alemanes_3.jpg","width":1024,"height":1024,"caption":"Mas preguntas que respuestas en Mas Torrencito"},{"@type":"BreadcrumbList","@id":"https:\/\/mastorrencito.com\/cat\/moltes-mes-preguntes-que-respostes-a-mas-torrencito\/#breadcrumb","itemListElement":[{"@type":"ListItem","position":1,"name":"Portada","item":"https:\/\/mastorrencito.com\/"},{"@type":"ListItem","position":2,"name":"Moltes m\u00e9s preguntes que respostes a Mas Torrencito"}]},{"@type":"WebSite","@id":"https:\/\/mastorrencito.com\/#website","url":"https:\/\/mastorrencito.com\/","name":"Mas Torrencito CAT","description":"Casa rural pet friendly en Girona","publisher":{"@id":"https:\/\/mastorrencito.com\/#organization"},"potentialAction":[{"@type":"SearchAction","target":{"@type":"EntryPoint","urlTemplate":"https:\/\/mastorrencito.com\/?s={search_term_string}"},"query-input":{"@type":"PropertyValueSpecification","valueRequired":true,"valueName":"search_term_string"}}],"inLanguage":"es"},{"@type":"Organization","@id":"https:\/\/mastorrencito.com\/#organization","name":"Mas Torrencito CAT","url":"https:\/\/mastorrencito.com\/","logo":{"@type":"ImageObject","inLanguage":"es","@id":"https:\/\/mastorrencito.com\/#\/schema\/logo\/image\/","url":"https:\/\/mastorrencito.com\/cat\/wp-content\/uploads\/sites\/3\/Logo-Mastorrencito-horizontal.webp","contentUrl":"https:\/\/mastorrencito.com\/cat\/wp-content\/uploads\/sites\/3\/Logo-Mastorrencito-horizontal.webp","width":161,"height":54,"caption":"Mas Torrencito CAT"},"image":{"@id":"https:\/\/mastorrencito.com\/#\/schema\/logo\/image\/"}},{"@type":"Person","@id":"https:\/\/mastorrencito.com\/#\/schema\/person\/18c619be80d4ae2667c702911625f790","name":"Mastorrencito","image":{"@type":"ImageObject","inLanguage":"es","@id":"https:\/\/secure.gravatar.com\/avatar\/3ef55e0519f987a734c21caee1423b51df7b760b7d81a38ecd31cab0a5115f6d?s=96&d=mm&r=g","url":"https:\/\/secure.gravatar.com\/avatar\/3ef55e0519f987a734c21caee1423b51df7b760b7d81a38ecd31cab0a5115f6d?s=96&d=mm&r=g","contentUrl":"https:\/\/secure.gravatar.com\/avatar\/3ef55e0519f987a734c21caee1423b51df7b760b7d81a38ecd31cab0a5115f6d?s=96&d=mm&r=g","caption":"Mastorrencito"},"url":"https:\/\/mastorrencito.com\/cat\/author\/mastorrencito\/"}]}},"acf":[],"_links":{"self":[{"href":"https:\/\/mastorrencito.com\/cat\/wp-json\/wp\/v2\/posts\/4672","targetHints":{"allow":["GET"]}}],"collection":[{"href":"https:\/\/mastorrencito.com\/cat\/wp-json\/wp\/v2\/posts"}],"about":[{"href":"https:\/\/mastorrencito.com\/cat\/wp-json\/wp\/v2\/types\/post"}],"author":[{"embeddable":true,"href":"https:\/\/mastorrencito.com\/cat\/wp-json\/wp\/v2\/users\/2"}],"replies":[{"embeddable":true,"href":"https:\/\/mastorrencito.com\/cat\/wp-json\/wp\/v2\/comments?post=4672"}],"version-history":[{"count":0,"href":"https:\/\/mastorrencito.com\/cat\/wp-json\/wp\/v2\/posts\/4672\/revisions"}],"wp:featuredmedia":[{"embeddable":true,"href":"https:\/\/mastorrencito.com\/cat\/wp-json\/wp\/v2\/media\/4758"}],"wp:attachment":[{"href":"https:\/\/mastorrencito.com\/cat\/wp-json\/wp\/v2\/media?parent=4672"}],"wp:term":[{"taxonomy":"category","embeddable":true,"href":"https:\/\/mastorrencito.com\/cat\/wp-json\/wp\/v2\/categories?post=4672"},{"taxonomy":"post_tag","embeddable":true,"href":"https:\/\/mastorrencito.com\/cat\/wp-json\/wp\/v2\/tags?post=4672"}],"curies":[{"name":"wp","href":"https:\/\/api.w.org\/{rel}","templated":true}]}}