{"id":4668,"date":"2024-10-06T04:48:28","date_gmt":"2024-10-06T04:48:28","guid":{"rendered":"https:\/\/casaruralconperrosgirona.com\/lultima-nit-de-mateu-a-mas-torrencito\/"},"modified":"2024-10-06T04:48:28","modified_gmt":"2024-10-06T04:48:28","slug":"lultima-nit-de-mateu-a-mas-torrencito","status":"publish","type":"post","link":"https:\/\/mastorrencito.com\/cat\/lultima-nit-de-mateu-a-mas-torrencito\/","title":{"rendered":"L&#8217;\u00faltima Nit de Mateu a Mas Torrencito"},"content":{"rendered":"\n<p><em>Contada per Manuela<\/em><\/p>\n\n<hr class=\"wp-block-separator has-alpha-channel-opacity\" \/>\n\n<h4 class=\"wp-block-heading\">Fa un any i mig que vaig creuar a l&#8217;altra banda \ud83c\udf08, per\u00f2 des d&#8217;aqu\u00ed, segueixo cuidant <em>Mas Torrencito<\/em> , aquella llar tan especial que compartim tants peluts i humans. Avui he de contar una hist\u00f2ria que tant de bo no hagu\u00e9s passat mai, una que encara fa mal\u2026 una hist\u00f2ria sobre el meu amic Mateu. L&#8217;\u00faltima nit de mateig a Mas Torrencito  <\/h4>\n\n<h4 class=\"wp-block-heading\"><strong>Mateu, el Gosset que Sempre Tornava<\/strong><\/h4>\n\n<p>Mateu no era de <em>Mas Torrencito<\/em> , b\u00e9, oficialment no ho era. Vivia a dos quil\u00f2metres, per\u00f2 per a ell, la seva llar veritable sempre va ser aqu\u00ed. Quin gosset m\u00e9s llest! \ud83d\udc3e S&#8217;escapava de casa una vegada i una altra per venir a jugar amb nosaltres, com si tingu\u00e9s un GPS directe al cor d&#8217;aquest lloc. \ud83d\udc36\ud83d\udca8 Jo ho veia arribar corrent, amb aquella energia que no s&#8217;acabava mai, la llengua fora, la cua batent-se al ritme de la seva alegria. Markos, Max, Mar i jo sempre ho reb\u00edem com un dels nostres.     <\/p>\n\n<h4 class=\"wp-block-heading\"><strong>La Rutina de Mateu i Miquel<\/strong><\/h4>\n\n<p>Miguel es desesperava. Mateu s&#8217;escapolia cada dia, i Miguel, amb tota la seva paci\u00e8ncia, el portava de tornada al cotxe \ud83d\ude97. Per\u00f2 no importava quantes vegades ho fes, Mateu sempre arribava abans que ell! \ud83c\udfc3\u200d\u2642\ufe0f\ud83d\udca8 Era com si els camps li xiuxiuessin el cam\u00ed de tornada, com si les flors li diguessin \u00abCorre, Mateu, corre, que els altres t&#8217;estan esperant!\u00bb \ud83c\udf3c. I aqu\u00ed era ell, una altra vegada, panteixant al costat nostre abans que Miquel pogu\u00e9s aparcar.    <\/p>\n\n<h4 class=\"wp-block-heading\"><strong>Un Dia Fosc<\/strong> . L&#8217;\u00faltima nit de mateig a Mas Torrencito <\/h4>\n\n<p>Per\u00f2&#8230; hi ha dies que tenen un aire diferent, saps? Com si l&#8217;univers ja sab\u00e9s qu\u00e8 passar\u00e0 i tract\u00e9s d&#8217;advertir-te. Aquell dia, el cel estava gris des de bon mat\u00ed, com si el sol no volgu\u00e9s sortir \u2601\ufe0f. La pluja va comen\u00e7ar fina, per\u00f2 despr\u00e9s es va anar intensificant. Mateu, \u00e9s clar, no s&#8217;immutava. Va arribar xopat i feli\u00e7, sacsejant l&#8217;aigua del seu pelatge per tota la casa rural, per a desesperaci\u00f3 dels clients. \ud83d\ude02\ud83c\udf27\ufe0f Jugava sense descans, es rebolcava amb nosaltres, bordava amb aquell to juganer que tenia. Per ell, nom\u00e9s era un dia m\u00e9s.       <\/p>\n\n<h4 class=\"wp-block-heading\"><strong>El Tr\u00e0gic Final<\/strong><\/h4>\n\n<p>Per\u00f2 no ho era. \ud83c\udf27\ufe0f La nit va caure, i amb ella, una negror m\u00e9s densa que altres vegades. No sabem exactament qu\u00e8 va passar. Potser es va desorientar per la pluja, o potser alg\u00fa no ho va veure a la foscor. El petit pont que creuava el rierol mai no havia estat un problema, per\u00f2 aquella nit\u2026 aquella male\u00efda nit \ud83c\udf11.    <\/p>\n\n<p>Vaig sentir alguna cosa, un soroll sord, per\u00f2 no vaig pensar que fos important. El vent i la pluja ho van apagar tot. No vam veure Mateu caure, no ho vam sentir plorar. Nom\u00e9s\u2026 se&#8217;n va anar. Alguna cosa o alg\u00fa ho va colpejar. Es va relliscar i va caure al rierol, i en tocar l&#8217;aigua freda, es va colpejar el cap \ud83d\udc94. I aqu\u00ed va quedar, sol, a la foscor, mentre nosaltres, inconscients, dorm\u00edem.      <\/p>\n\n<h4 class=\"wp-block-heading\"><strong>El Descobriment<\/strong> . L&#8217;\u00faltima nit de mateig a Mas Torrencito <\/h4>\n\n<p>L&#8217;endem\u00e0 al mat\u00ed, el silenci es va fer m\u00e9s pesat. Ning\u00fa havia vist Mateu des que va comen\u00e7ar a ploure. Per\u00f2 tots pens\u00e0vem que, com sempre, havia tornat a casa seva. Miguel tamb\u00e9 ho pensava.   <\/p>\n\n<p>Va ser quan Miguel va sortir cap al pou, cap a les 9 del mat\u00ed, que el va trobar. All\u00e0 hi havia Mateu\u2026 imm\u00f2bil, sense vida \ud83d\ude1e. El gosset que mai no es cansava de c\u00f3rrer, que sempre trobava el cam\u00ed de tornada, aquella vegada no ho havia aconseguit.  <\/p>\n\n<h4 class=\"wp-block-heading\"><strong>El Dolor de la P\u00e8rdua<\/strong><\/h4>\n\n<p>Miguel va caure de genolls al fang, xopat per les ll\u00e0grimes que el cel seguia vessant. Les seves mans tremolaven mentre el prenia als bra\u00e7os. Jo, des del meu rac\u00f3 a la casa, mirava impotent \ud83d\ude14. Volia bordar, c\u00f3rrer cap a ells, per\u00f2 ja no podia. Nom\u00e9s podia observar, com sempre faig ara.    <\/p>\n\n<p>El m\u00f3n es va sentir buit. Markos, Max, Mar\u2026 tots buscaven Mateu pels racons, sense entendre per qu\u00e8 no sortia a jugar. Els clients preguntaven per ell, per\u00f2 no hi havia paraules per explicar. Aquell dia nom\u00e9s hi havia silenci i tristesa. Mas Torrencito, el nostre refugi, se sentia m\u00e9s fosc que mai. \ud83c\udf27\ufe0f     <\/p>\n\n<h4 class=\"wp-block-heading\"><strong>El Record de Mateu<\/strong><\/h4>\n\n<p>Aquell dia, el cel no va deixar de plorar. I tampoc Miquel. Els gossos ho van sentir, els camps ho van sentir. Tots sab\u00edem que alguna cosa faltava.   <\/p>\n\n<p>Mateu, aquest petit i valent esperit lliure, ja no creuaria els camps per tornar corrents. Per\u00f2 el riure gosset, l&#8217;energia inesgotable, el cor pur, continuaran bategant a cada rac\u00f3 d&#8217;aquest lloc. \u2728\ud83d\udcab  <\/p>\n\n<p>Perqu\u00e8 encara que ja no estigui f\u00edsicament, Mateo sempre ser\u00e0 part de <em>Mas Torrencito<\/em> . El seu esperit correr\u00e0 amb el vent entre els arbres, saltar\u00e0 entre les flors \ud83c\udf3c, ia cada lladruc d&#8217;alegria, sabrem que ell segueix aqu\u00ed, amb nosaltres. <br \/><br \/>&#8212;&#8211;<br \/> Si voleu podeu veure els nostres bons ofertes per a caps de setmana, bons jubilats, &#8230; a <a href=\"https:\/\/www.mastorrencito.com\">www.mastorrencito.com<\/a> o llegir m\u00e9s hist\u00f2ria fes clic <a href=\"https:\/\/mastorrencito.com\/\">aqu\u00ed<\/a> :<\/p>\n\n<p><\/p>\n","protected":false},"excerpt":{"rendered":"<p>Contada per Manuela Fa un any i mig que vaig creuar a l&#8217;altra banda \ud83c\udf08, per\u00f2 des d&#8217;aqu\u00ed, segueixo cuidant Mas Torrencito , aquella llar tan especial que compartim tants peluts i humans. Avui he de contar una hist\u00f2ria que tant de bo no hagu\u00e9s passat mai, una que encara fa mal\u2026 una hist\u00f2ria sobre [&hellip;]<\/p>\n","protected":false},"author":2,"featured_media":4745,"comment_status":"open","ping_status":"open","sticky":false,"template":"","format":"standard","meta":{"_acf_changed":false,"footnotes":""},"categories":[35],"tags":[],"class_list":["post-4668","post","type-post","status-publish","format-standard","has-post-thumbnail","hentry","category-histories-mastorrencito"],"yoast_head":"<!-- This site is optimized with the Yoast SEO Premium plugin v27.3 (Yoast SEO v27.5) - https:\/\/yoast.com\/product\/yoast-seo-premium-wordpress\/ -->\n<title>L&#039;\u00faltima Nit de Mateu a Mas Torrencito - Mas Torrencito CAT<\/title>\n<meta name=\"description\" content=\"Emotiva hist\u00f2ria de Mateo, un gosset juganer a Mas Torrencito, casa rural per a mascotes. Amor incondicional en una narraci\u00f3 commovedora.\" \/>\n<meta name=\"robots\" content=\"index, follow, max-snippet:-1, max-image-preview:large, max-video-preview:-1\" \/>\n<link rel=\"canonical\" href=\"https:\/\/mastorrencito.com\/cat\/lultima-nit-de-mateu-a-mas-torrencito\/\" \/>\n<meta property=\"og:locale\" content=\"es_ES\" \/>\n<meta property=\"og:type\" content=\"article\" \/>\n<meta property=\"og:title\" content=\"L&#039;\u00faltima Nit de Mateu a Mas Torrencito\" \/>\n<meta property=\"og:description\" content=\"Emotiva hist\u00f2ria de Mateo, un gosset juganer a Mas Torrencito, casa rural per a mascotes. Amor incondicional en una narraci\u00f3 commovedora.\" \/>\n<meta property=\"og:url\" content=\"https:\/\/mastorrencito.com\/cat\/lultima-nit-de-mateu-a-mas-torrencito\/\" \/>\n<meta property=\"og:site_name\" content=\"Mas Torrencito CAT\" \/>\n<meta property=\"article:published_time\" content=\"2024-10-06T04:48:28+00:00\" \/>\n<meta property=\"og:image\" content=\"https:\/\/mastorrencito.com\/cat\/wp-content\/uploads\/sites\/3\/mateo.jpg\" \/>\n\t<meta property=\"og:image:width\" content=\"1024\" \/>\n\t<meta property=\"og:image:height\" content=\"1024\" \/>\n\t<meta property=\"og:image:type\" content=\"image\/jpeg\" \/>\n<meta name=\"author\" content=\"Mastorrencito\" \/>\n<meta name=\"twitter:card\" content=\"summary_large_image\" \/>\n<meta name=\"twitter:label1\" content=\"Escrito por\" \/>\n\t<meta name=\"twitter:data1\" content=\"Mastorrencito\" \/>\n\t<meta name=\"twitter:label2\" content=\"Tiempo de lectura\" \/>\n\t<meta name=\"twitter:data2\" content=\"4 minutos\" \/>\n<script type=\"application\/ld+json\" class=\"yoast-schema-graph\">{\"@context\":\"https:\\\/\\\/schema.org\",\"@graph\":[{\"@type\":\"Article\",\"@id\":\"https:\\\/\\\/mastorrencito.com\\\/cat\\\/lultima-nit-de-mateu-a-mas-torrencito\\\/#article\",\"isPartOf\":{\"@id\":\"https:\\\/\\\/mastorrencito.com\\\/cat\\\/lultima-nit-de-mateu-a-mas-torrencito\\\/\"},\"author\":{\"name\":\"Mastorrencito\",\"@id\":\"https:\\\/\\\/mastorrencito.com\\\/#\\\/schema\\\/person\\\/18c619be80d4ae2667c702911625f790\"},\"headline\":\"L&#8217;\u00faltima Nit de Mateu a Mas Torrencito\",\"datePublished\":\"2024-10-06T04:48:28+00:00\",\"mainEntityOfPage\":{\"@id\":\"https:\\\/\\\/mastorrencito.com\\\/cat\\\/lultima-nit-de-mateu-a-mas-torrencito\\\/\"},\"wordCount\":878,\"commentCount\":0,\"publisher\":{\"@id\":\"https:\\\/\\\/mastorrencito.com\\\/#organization\"},\"image\":{\"@id\":\"https:\\\/\\\/mastorrencito.com\\\/cat\\\/lultima-nit-de-mateu-a-mas-torrencito\\\/#primaryimage\"},\"thumbnailUrl\":\"https:\\\/\\\/mastorrencito.com\\\/cat\\\/wp-content\\\/uploads\\\/sites\\\/3\\\/mateo.jpg\",\"articleSection\":[\"Hist\u00f2ries Mastorrencito\"],\"inLanguage\":\"es\",\"potentialAction\":[{\"@type\":\"CommentAction\",\"name\":\"Comment\",\"target\":[\"https:\\\/\\\/mastorrencito.com\\\/cat\\\/lultima-nit-de-mateu-a-mas-torrencito\\\/#respond\"]}]},{\"@type\":\"WebPage\",\"@id\":\"https:\\\/\\\/mastorrencito.com\\\/cat\\\/lultima-nit-de-mateu-a-mas-torrencito\\\/\",\"url\":\"https:\\\/\\\/mastorrencito.com\\\/cat\\\/lultima-nit-de-mateu-a-mas-torrencito\\\/\",\"name\":\"L'\u00faltima Nit de Mateu a Mas Torrencito - Mas Torrencito CAT\",\"isPartOf\":{\"@id\":\"https:\\\/\\\/mastorrencito.com\\\/#website\"},\"primaryImageOfPage\":{\"@id\":\"https:\\\/\\\/mastorrencito.com\\\/cat\\\/lultima-nit-de-mateu-a-mas-torrencito\\\/#primaryimage\"},\"image\":{\"@id\":\"https:\\\/\\\/mastorrencito.com\\\/cat\\\/lultima-nit-de-mateu-a-mas-torrencito\\\/#primaryimage\"},\"thumbnailUrl\":\"https:\\\/\\\/mastorrencito.com\\\/cat\\\/wp-content\\\/uploads\\\/sites\\\/3\\\/mateo.jpg\",\"datePublished\":\"2024-10-06T04:48:28+00:00\",\"description\":\"Emotiva hist\u00f2ria de Mateo, un gosset juganer a Mas Torrencito, casa rural per a mascotes. Amor incondicional en una narraci\u00f3 commovedora.\",\"breadcrumb\":{\"@id\":\"https:\\\/\\\/mastorrencito.com\\\/cat\\\/lultima-nit-de-mateu-a-mas-torrencito\\\/#breadcrumb\"},\"inLanguage\":\"es\",\"potentialAction\":[{\"@type\":\"ReadAction\",\"target\":[\"https:\\\/\\\/mastorrencito.com\\\/cat\\\/lultima-nit-de-mateu-a-mas-torrencito\\\/\"]}]},{\"@type\":\"ImageObject\",\"inLanguage\":\"es\",\"@id\":\"https:\\\/\\\/mastorrencito.com\\\/cat\\\/lultima-nit-de-mateu-a-mas-torrencito\\\/#primaryimage\",\"url\":\"https:\\\/\\\/mastorrencito.com\\\/cat\\\/wp-content\\\/uploads\\\/sites\\\/3\\\/mateo.jpg\",\"contentUrl\":\"https:\\\/\\\/mastorrencito.com\\\/cat\\\/wp-content\\\/uploads\\\/sites\\\/3\\\/mateo.jpg\",\"width\":1024,\"height\":1024},{\"@type\":\"BreadcrumbList\",\"@id\":\"https:\\\/\\\/mastorrencito.com\\\/cat\\\/lultima-nit-de-mateu-a-mas-torrencito\\\/#breadcrumb\",\"itemListElement\":[{\"@type\":\"ListItem\",\"position\":1,\"name\":\"Portada\",\"item\":\"https:\\\/\\\/mastorrencito.com\\\/\"},{\"@type\":\"ListItem\",\"position\":2,\"name\":\"L&#8217;\u00faltima Nit de Mateu a Mas Torrencito\"}]},{\"@type\":\"WebSite\",\"@id\":\"https:\\\/\\\/mastorrencito.com\\\/#website\",\"url\":\"https:\\\/\\\/mastorrencito.com\\\/\",\"name\":\"Mas Torrencito CAT\",\"description\":\"Casa rural pet friendly en Girona\",\"publisher\":{\"@id\":\"https:\\\/\\\/mastorrencito.com\\\/#organization\"},\"potentialAction\":[{\"@type\":\"SearchAction\",\"target\":{\"@type\":\"EntryPoint\",\"urlTemplate\":\"https:\\\/\\\/mastorrencito.com\\\/?s={search_term_string}\"},\"query-input\":{\"@type\":\"PropertyValueSpecification\",\"valueRequired\":true,\"valueName\":\"search_term_string\"}}],\"inLanguage\":\"es\"},{\"@type\":\"Organization\",\"@id\":\"https:\\\/\\\/mastorrencito.com\\\/#organization\",\"name\":\"Mas Torrencito CAT\",\"url\":\"https:\\\/\\\/mastorrencito.com\\\/\",\"logo\":{\"@type\":\"ImageObject\",\"inLanguage\":\"es\",\"@id\":\"https:\\\/\\\/mastorrencito.com\\\/#\\\/schema\\\/logo\\\/image\\\/\",\"url\":\"https:\\\/\\\/mastorrencito.com\\\/cat\\\/wp-content\\\/uploads\\\/sites\\\/3\\\/Logo-Mastorrencito-horizontal.webp\",\"contentUrl\":\"https:\\\/\\\/mastorrencito.com\\\/cat\\\/wp-content\\\/uploads\\\/sites\\\/3\\\/Logo-Mastorrencito-horizontal.webp\",\"width\":161,\"height\":54,\"caption\":\"Mas Torrencito CAT\"},\"image\":{\"@id\":\"https:\\\/\\\/mastorrencito.com\\\/#\\\/schema\\\/logo\\\/image\\\/\"}},{\"@type\":\"Person\",\"@id\":\"https:\\\/\\\/mastorrencito.com\\\/#\\\/schema\\\/person\\\/18c619be80d4ae2667c702911625f790\",\"name\":\"Mastorrencito\",\"image\":{\"@type\":\"ImageObject\",\"inLanguage\":\"es\",\"@id\":\"https:\\\/\\\/secure.gravatar.com\\\/avatar\\\/3ef55e0519f987a734c21caee1423b51df7b760b7d81a38ecd31cab0a5115f6d?s=96&d=mm&r=g\",\"url\":\"https:\\\/\\\/secure.gravatar.com\\\/avatar\\\/3ef55e0519f987a734c21caee1423b51df7b760b7d81a38ecd31cab0a5115f6d?s=96&d=mm&r=g\",\"contentUrl\":\"https:\\\/\\\/secure.gravatar.com\\\/avatar\\\/3ef55e0519f987a734c21caee1423b51df7b760b7d81a38ecd31cab0a5115f6d?s=96&d=mm&r=g\",\"caption\":\"Mastorrencito\"},\"url\":\"https:\\\/\\\/mastorrencito.com\\\/cat\\\/author\\\/mastorrencito\\\/\"}]}<\/script>\n<!-- \/ Yoast SEO Premium plugin. -->","yoast_head_json":{"title":"L'\u00faltima Nit de Mateu a Mas Torrencito - Mas Torrencito CAT","description":"Emotiva hist\u00f2ria de Mateo, un gosset juganer a Mas Torrencito, casa rural per a mascotes. Amor incondicional en una narraci\u00f3 commovedora.","robots":{"index":"index","follow":"follow","max-snippet":"max-snippet:-1","max-image-preview":"max-image-preview:large","max-video-preview":"max-video-preview:-1"},"canonical":"https:\/\/mastorrencito.com\/cat\/lultima-nit-de-mateu-a-mas-torrencito\/","og_locale":"es_ES","og_type":"article","og_title":"L'\u00faltima Nit de Mateu a Mas Torrencito","og_description":"Emotiva hist\u00f2ria de Mateo, un gosset juganer a Mas Torrencito, casa rural per a mascotes. Amor incondicional en una narraci\u00f3 commovedora.","og_url":"https:\/\/mastorrencito.com\/cat\/lultima-nit-de-mateu-a-mas-torrencito\/","og_site_name":"Mas Torrencito CAT","article_published_time":"2024-10-06T04:48:28+00:00","og_image":[{"width":1024,"height":1024,"url":"https:\/\/mastorrencito.com\/cat\/wp-content\/uploads\/sites\/3\/mateo.jpg","type":"image\/jpeg"}],"author":"Mastorrencito","twitter_card":"summary_large_image","twitter_misc":{"Escrito por":"Mastorrencito","Tiempo de lectura":"4 minutos"},"schema":{"@context":"https:\/\/schema.org","@graph":[{"@type":"Article","@id":"https:\/\/mastorrencito.com\/cat\/lultima-nit-de-mateu-a-mas-torrencito\/#article","isPartOf":{"@id":"https:\/\/mastorrencito.com\/cat\/lultima-nit-de-mateu-a-mas-torrencito\/"},"author":{"name":"Mastorrencito","@id":"https:\/\/mastorrencito.com\/#\/schema\/person\/18c619be80d4ae2667c702911625f790"},"headline":"L&#8217;\u00faltima Nit de Mateu a Mas Torrencito","datePublished":"2024-10-06T04:48:28+00:00","mainEntityOfPage":{"@id":"https:\/\/mastorrencito.com\/cat\/lultima-nit-de-mateu-a-mas-torrencito\/"},"wordCount":878,"commentCount":0,"publisher":{"@id":"https:\/\/mastorrencito.com\/#organization"},"image":{"@id":"https:\/\/mastorrencito.com\/cat\/lultima-nit-de-mateu-a-mas-torrencito\/#primaryimage"},"thumbnailUrl":"https:\/\/mastorrencito.com\/cat\/wp-content\/uploads\/sites\/3\/mateo.jpg","articleSection":["Hist\u00f2ries Mastorrencito"],"inLanguage":"es","potentialAction":[{"@type":"CommentAction","name":"Comment","target":["https:\/\/mastorrencito.com\/cat\/lultima-nit-de-mateu-a-mas-torrencito\/#respond"]}]},{"@type":"WebPage","@id":"https:\/\/mastorrencito.com\/cat\/lultima-nit-de-mateu-a-mas-torrencito\/","url":"https:\/\/mastorrencito.com\/cat\/lultima-nit-de-mateu-a-mas-torrencito\/","name":"L'\u00faltima Nit de Mateu a Mas Torrencito - Mas Torrencito CAT","isPartOf":{"@id":"https:\/\/mastorrencito.com\/#website"},"primaryImageOfPage":{"@id":"https:\/\/mastorrencito.com\/cat\/lultima-nit-de-mateu-a-mas-torrencito\/#primaryimage"},"image":{"@id":"https:\/\/mastorrencito.com\/cat\/lultima-nit-de-mateu-a-mas-torrencito\/#primaryimage"},"thumbnailUrl":"https:\/\/mastorrencito.com\/cat\/wp-content\/uploads\/sites\/3\/mateo.jpg","datePublished":"2024-10-06T04:48:28+00:00","description":"Emotiva hist\u00f2ria de Mateo, un gosset juganer a Mas Torrencito, casa rural per a mascotes. Amor incondicional en una narraci\u00f3 commovedora.","breadcrumb":{"@id":"https:\/\/mastorrencito.com\/cat\/lultima-nit-de-mateu-a-mas-torrencito\/#breadcrumb"},"inLanguage":"es","potentialAction":[{"@type":"ReadAction","target":["https:\/\/mastorrencito.com\/cat\/lultima-nit-de-mateu-a-mas-torrencito\/"]}]},{"@type":"ImageObject","inLanguage":"es","@id":"https:\/\/mastorrencito.com\/cat\/lultima-nit-de-mateu-a-mas-torrencito\/#primaryimage","url":"https:\/\/mastorrencito.com\/cat\/wp-content\/uploads\/sites\/3\/mateo.jpg","contentUrl":"https:\/\/mastorrencito.com\/cat\/wp-content\/uploads\/sites\/3\/mateo.jpg","width":1024,"height":1024},{"@type":"BreadcrumbList","@id":"https:\/\/mastorrencito.com\/cat\/lultima-nit-de-mateu-a-mas-torrencito\/#breadcrumb","itemListElement":[{"@type":"ListItem","position":1,"name":"Portada","item":"https:\/\/mastorrencito.com\/"},{"@type":"ListItem","position":2,"name":"L&#8217;\u00faltima Nit de Mateu a Mas Torrencito"}]},{"@type":"WebSite","@id":"https:\/\/mastorrencito.com\/#website","url":"https:\/\/mastorrencito.com\/","name":"Mas Torrencito CAT","description":"Casa rural pet friendly en Girona","publisher":{"@id":"https:\/\/mastorrencito.com\/#organization"},"potentialAction":[{"@type":"SearchAction","target":{"@type":"EntryPoint","urlTemplate":"https:\/\/mastorrencito.com\/?s={search_term_string}"},"query-input":{"@type":"PropertyValueSpecification","valueRequired":true,"valueName":"search_term_string"}}],"inLanguage":"es"},{"@type":"Organization","@id":"https:\/\/mastorrencito.com\/#organization","name":"Mas Torrencito CAT","url":"https:\/\/mastorrencito.com\/","logo":{"@type":"ImageObject","inLanguage":"es","@id":"https:\/\/mastorrencito.com\/#\/schema\/logo\/image\/","url":"https:\/\/mastorrencito.com\/cat\/wp-content\/uploads\/sites\/3\/Logo-Mastorrencito-horizontal.webp","contentUrl":"https:\/\/mastorrencito.com\/cat\/wp-content\/uploads\/sites\/3\/Logo-Mastorrencito-horizontal.webp","width":161,"height":54,"caption":"Mas Torrencito CAT"},"image":{"@id":"https:\/\/mastorrencito.com\/#\/schema\/logo\/image\/"}},{"@type":"Person","@id":"https:\/\/mastorrencito.com\/#\/schema\/person\/18c619be80d4ae2667c702911625f790","name":"Mastorrencito","image":{"@type":"ImageObject","inLanguage":"es","@id":"https:\/\/secure.gravatar.com\/avatar\/3ef55e0519f987a734c21caee1423b51df7b760b7d81a38ecd31cab0a5115f6d?s=96&d=mm&r=g","url":"https:\/\/secure.gravatar.com\/avatar\/3ef55e0519f987a734c21caee1423b51df7b760b7d81a38ecd31cab0a5115f6d?s=96&d=mm&r=g","contentUrl":"https:\/\/secure.gravatar.com\/avatar\/3ef55e0519f987a734c21caee1423b51df7b760b7d81a38ecd31cab0a5115f6d?s=96&d=mm&r=g","caption":"Mastorrencito"},"url":"https:\/\/mastorrencito.com\/cat\/author\/mastorrencito\/"}]}},"acf":[],"_links":{"self":[{"href":"https:\/\/mastorrencito.com\/cat\/wp-json\/wp\/v2\/posts\/4668","targetHints":{"allow":["GET"]}}],"collection":[{"href":"https:\/\/mastorrencito.com\/cat\/wp-json\/wp\/v2\/posts"}],"about":[{"href":"https:\/\/mastorrencito.com\/cat\/wp-json\/wp\/v2\/types\/post"}],"author":[{"embeddable":true,"href":"https:\/\/mastorrencito.com\/cat\/wp-json\/wp\/v2\/users\/2"}],"replies":[{"embeddable":true,"href":"https:\/\/mastorrencito.com\/cat\/wp-json\/wp\/v2\/comments?post=4668"}],"version-history":[{"count":0,"href":"https:\/\/mastorrencito.com\/cat\/wp-json\/wp\/v2\/posts\/4668\/revisions"}],"wp:featuredmedia":[{"embeddable":true,"href":"https:\/\/mastorrencito.com\/cat\/wp-json\/wp\/v2\/media\/4745"}],"wp:attachment":[{"href":"https:\/\/mastorrencito.com\/cat\/wp-json\/wp\/v2\/media?parent=4668"}],"wp:term":[{"taxonomy":"category","embeddable":true,"href":"https:\/\/mastorrencito.com\/cat\/wp-json\/wp\/v2\/categories?post=4668"},{"taxonomy":"post_tag","embeddable":true,"href":"https:\/\/mastorrencito.com\/cat\/wp-json\/wp\/v2\/tags?post=4668"}],"curies":[{"name":"wp","href":"https:\/\/api.w.org\/{rel}","templated":true}]}}