{"id":4664,"date":"2024-10-04T04:28:21","date_gmt":"2024-10-04T04:28:21","guid":{"rendered":"https:\/\/casaruralconperrosgirona.com\/visc-de-miracle-mas-torrencito\/"},"modified":"2024-10-04T04:28:21","modified_gmt":"2024-10-04T04:28:21","slug":"visc-de-miracle-mas-torrencito","status":"publish","type":"post","link":"https:\/\/mastorrencito.com\/cat\/visc-de-miracle-mas-torrencito\/","title":{"rendered":"Visc de Miracle &#8211; Mas Torrencito"},"content":{"rendered":"\n<p>Hi ha dies que comencen tranquils i acaben de manera que mai no podries haver imaginat. vIU DE MIRACLE&#8230; Et sents invencible, immune als capricis del dest\u00ed, fins que la naturalesa decideix demostrar-te el contrari.    <\/p>\n\n<p>Mas Torrencito, aquest refugi al mig de la natura, sembla tenir un imant per als raigs. No s\u00e9 per qu\u00e8, per\u00f2 els darrers anys m&#8217;he vist, literalment, un sospir de la mort m\u00e9s d&#8217;una vegada. Tres cops, per ser exactes. Visc de miracle.   <\/p>\n\n<p>La primera vegada que vaig sentir l&#8217;al\u00e8 el\u00e8ctric d&#8217;un llamp va ser un d&#8217;aquells dies de tempesta \u00e8pica. El cel es va tancar de sobte, i en q\u00fcesti\u00f3 de minuts va comen\u00e7ar a caure un x\u00e0fec que t&#8217;xopava fins als ossos. Tothom es va refugiar dins la casa, la pluja queia amb tanta for\u00e7a que ni els para-sols ens podien protegir. Est\u00e0vem tots segurs sota sostre, quan un client se m&#8217;acosta, amb aquesta urg\u00e8ncia que nom\u00e9s porten les males not\u00edcies.   <\/p>\n\n<p>\u2014Miguel, t&#8217;has deixat el cotxe descapotat.<br \/>\u2014No em fotis!<\/p>\n\n<p>Sense pensar-ho, em vaig llan\u00e7ar cap al cotxe. Amb dos segons n&#8217;hi va haver prou per quedar xop. Vaig arribar a tancar-lo, per\u00f2 ja era tard, l&#8217;interior estava tan mullat com jo. Vaig caminar de tornada a la casa, aquesta vegada amb calma. No tenia sentit c\u00f3rrer, ja estava calat fins als ossos. Des de la dist\u00e0ncia, la Mire em feia senyals fren\u00e8tics, dient-me que em afany\u00e9s, per\u00f2 jo vaig seguir al meu ritme.     <\/p>\n\n<h2 class=\"wp-block-heading\">Aleshores va passar. El llamp va caure a Mas torrencito <\/h2>\n\n<p>Un estr\u00e8pit esquin\u00e7ador va trencar l&#8217;aire, fent vibrar el terra sota els meus peus. Vaig fer un salt, com si el mateix infern hagu\u00e9s obert les portes. Vaig entrar a la casa, m\u00e9s per instint que per una altra cosa, i en creuar la porta vaig veure la Mireia, blanca com un paper.  <\/p>\n\n<p>\u2014Qu\u00e8 et passa? \u2014li vaig preguntar, sense entendre&#8217;n l&#8217;expressi\u00f3. <br \/>\u2014T&#8217;acaba de caure un llamp, Miquel.<\/p>\n\n<p>No m&#8217;ho vaig creure. Per\u00f2 quan vam revisar les c\u00e0meres, hi havia l&#8217;evid\u00e8ncia. El llamp havia caigut a menys d&#8217;un mil\u00b7l\u00edmetre d&#8217;on era. Una mica m\u00e9s a prop, i potser no estaria aqu\u00ed explicant aix\u00f2.   <\/p>\n\n<p>La segona vegada va ser pitjor. \u00c9rem a la terrassa, gaudint d&#8217;una tarda tranquil\u00b7la. El cel, negre com una boca de llop, amena\u00e7ava de trencar en qualsevol moment. Els gossos estaven aterrits, excepte Manuela, la m\u00e9s valenta de tots, que estava al nostre costat. De sobte, un tro ensordidor va trencar la tranquil\u00b7litat, i vam veure com un llamp queia exactament al mateix lloc de sempre. Per\u00f2 aquesta vegada, alguna cosa va ser diferent. El llamp no es va aturar a terra; va pujar pels cables de llum i va avan\u00e7ar cap a la casa.      <\/p>\n\n<h4 class=\"wp-block-heading\">Ho vaig veure tot com a c\u00e0mera lenta. Mas Torrencito <\/h4>\n\n<p>La desc\u00e0rrega avan\u00e7ava, serpentejant pels cables, apropant-se perillosament a la casa. No ho vaig pensar dues vegades. Vaig saltar de la cadira i vaig c\u00f3rrer cap a l&#8217;interruptor general.    <\/p>\n\n<p>Amb una manotada el vaig apagar just un segon abans que la desc\u00e0rrega arrib\u00e9s. Per\u00f2 no n&#8217;hi va haver prou. El llamp va entrar a la casa, i els cables es van convertir en conductes de mort. Va arribar al quadre el\u00e8ctric i va explotar, sumint-nos en la foscor total.   <\/p>\n\n<p>L&#8217;olor de pl\u00e0stic cremat va envair l&#8217;ambient, i un n\u00favol de fum negre va sortir del quadre el\u00e8ctric, com un presagi del que hauria pogut ser. Vam tenir sort, molta sort. Quan el fum es va dissipar, vam obrir el quadre, i estava completament socarrimat.    <\/p>\n\n<p>La casa va quedar a les fosques, il\u00b7luminada nom\u00e9s pels llums d&#8217;emerg\u00e8ncia. Calmats, vam encendre espelmes i llanternes, i vaig aconseguir activar els generadors per recuperar una mica de normalitat. Per\u00f2 part de la casa seguia sense electricitat.  <\/p>\n\n<h4 class=\"wp-block-heading\">Encara sort que tenim el lampista. El llamp va caure a Mas torrencito <\/h4>\n\n<p>Aquella mateixa nit vaig trucar al lampista, Carlos. No era una cosa que fes sovint, nom\u00e9s li trucava en casos d&#8217;extrema urg\u00e8ncia, i aquest ho era. Ell tampoc no s&#8217;ho podia creure quan li vaig explicar qu\u00e8 havia passat. L&#8217;endem\u00e0 va arribar d&#8217;hora.   <\/p>\n\n<p>El que va trobar el va deixar bocabadat: el quadre general estava destru\u00eft, els cables que venien de l&#8217;exterior estaven completament cremats, i el transformador a uns 60 metres de la casa havia rebentat. Un parell de peces de cer\u00e0mica o vidre, que semblen bolets, estaven destrossades. Vam trucar a Endesa perqu\u00e8 vinguessin a reparar-ho.  <\/p>\n\n<p>I encara que sembli incre\u00efble, l&#8217;\u00fanica cosa que vam patir va ser un gran ensurt. Els clients ho van prendre sorprenentment b\u00e9. No hi va haver queixes, no hi va haver p\u00e0nic, nom\u00e9s una bona an\u00e8cdota per explicar, un relat m\u00e9s d&#8217;aquells que semblen trets d&#8217;una pel\u00b7l\u00edcula. <\/p>\n\n<p>Per\u00f2 a Mas Torrencito, tot pot passar quan menys t&#8217;ho esperes. Especialment si hi ha raigs pel mig. <br \/><br \/><\/p>\n","protected":false},"excerpt":{"rendered":"<p>Hi ha dies que comencen tranquils i acaben de manera que mai no podries haver imaginat. vIU DE MIRACLE&#8230; Et sents invencible, immune als capricis del dest\u00ed, fins que la naturalesa decideix demostrar-te el contrari. Mas Torrencito, aquest refugi al mig de la natura, sembla tenir un imant per als raigs. No s\u00e9 per qu\u00e8, [&hellip;]<\/p>\n","protected":false},"author":2,"featured_media":4743,"comment_status":"open","ping_status":"open","sticky":false,"template":"","format":"standard","meta":{"_acf_changed":false,"footnotes":""},"categories":[35],"tags":[],"class_list":["post-4664","post","type-post","status-publish","format-standard","has-post-thumbnail","hentry","category-histories-mastorrencito"],"yoast_head":"<!-- This site is optimized with the Yoast SEO Premium plugin v27.3 (Yoast SEO v27.5) - https:\/\/yoast.com\/product\/yoast-seo-premium-wordpress\/ -->\n<title>Visc de Miracle - Mas Torrencito - Mas Torrencito CAT<\/title>\n<meta name=\"description\" content=\"De com va caure un Rayo a Mas Torrencito. Un lloc aparentment tranquil. envoltat de plena natura i envoltat de gossos.\" \/>\n<meta name=\"robots\" content=\"index, follow, max-snippet:-1, max-image-preview:large, max-video-preview:-1\" \/>\n<link rel=\"canonical\" href=\"https:\/\/mastorrencito.com\/cat\/visc-de-miracle-mas-torrencito\/\" \/>\n<meta property=\"og:locale\" content=\"es_ES\" \/>\n<meta property=\"og:type\" content=\"article\" \/>\n<meta property=\"og:title\" content=\"Visc de Miracle - Mas Torrencito\" \/>\n<meta property=\"og:description\" content=\"De com va caure un Rayo a Mas Torrencito. Un lloc aparentment tranquil. envoltat de plena natura i envoltat de gossos.\" \/>\n<meta property=\"og:url\" content=\"https:\/\/mastorrencito.com\/cat\/visc-de-miracle-mas-torrencito\/\" \/>\n<meta property=\"og:site_name\" content=\"Mas Torrencito CAT\" \/>\n<meta property=\"article:published_time\" content=\"2024-10-04T04:28:21+00:00\" \/>\n<meta property=\"og:image\" content=\"https:\/\/mastorrencito.com\/cat\/wp-content\/uploads\/sites\/3\/rayos.jpg\" \/>\n\t<meta property=\"og:image:width\" content=\"1024\" \/>\n\t<meta property=\"og:image:height\" content=\"1024\" \/>\n\t<meta property=\"og:image:type\" content=\"image\/jpeg\" \/>\n<meta name=\"author\" content=\"Mastorrencito\" \/>\n<meta name=\"twitter:card\" content=\"summary_large_image\" \/>\n<meta name=\"twitter:label1\" content=\"Escrito por\" \/>\n\t<meta name=\"twitter:data1\" content=\"Mastorrencito\" \/>\n\t<meta name=\"twitter:label2\" content=\"Tiempo de lectura\" \/>\n\t<meta name=\"twitter:data2\" content=\"4 minutos\" \/>\n<script type=\"application\/ld+json\" class=\"yoast-schema-graph\">{\"@context\":\"https:\\\/\\\/schema.org\",\"@graph\":[{\"@type\":\"Article\",\"@id\":\"https:\\\/\\\/mastorrencito.com\\\/cat\\\/visc-de-miracle-mas-torrencito\\\/#article\",\"isPartOf\":{\"@id\":\"https:\\\/\\\/mastorrencito.com\\\/cat\\\/visc-de-miracle-mas-torrencito\\\/\"},\"author\":{\"name\":\"Mastorrencito\",\"@id\":\"https:\\\/\\\/mastorrencito.com\\\/#\\\/schema\\\/person\\\/18c619be80d4ae2667c702911625f790\"},\"headline\":\"Visc de Miracle &#8211; Mas Torrencito\",\"datePublished\":\"2024-10-04T04:28:21+00:00\",\"mainEntityOfPage\":{\"@id\":\"https:\\\/\\\/mastorrencito.com\\\/cat\\\/visc-de-miracle-mas-torrencito\\\/\"},\"wordCount\":888,\"commentCount\":0,\"publisher\":{\"@id\":\"https:\\\/\\\/mastorrencito.com\\\/#organization\"},\"image\":{\"@id\":\"https:\\\/\\\/mastorrencito.com\\\/cat\\\/visc-de-miracle-mas-torrencito\\\/#primaryimage\"},\"thumbnailUrl\":\"https:\\\/\\\/mastorrencito.com\\\/cat\\\/wp-content\\\/uploads\\\/sites\\\/3\\\/rayos.jpg\",\"articleSection\":[\"Hist\u00f2ries Mastorrencito\"],\"inLanguage\":\"es\",\"potentialAction\":[{\"@type\":\"CommentAction\",\"name\":\"Comment\",\"target\":[\"https:\\\/\\\/mastorrencito.com\\\/cat\\\/visc-de-miracle-mas-torrencito\\\/#respond\"]}]},{\"@type\":\"WebPage\",\"@id\":\"https:\\\/\\\/mastorrencito.com\\\/cat\\\/visc-de-miracle-mas-torrencito\\\/\",\"url\":\"https:\\\/\\\/mastorrencito.com\\\/cat\\\/visc-de-miracle-mas-torrencito\\\/\",\"name\":\"Visc de Miracle - Mas Torrencito - Mas Torrencito CAT\",\"isPartOf\":{\"@id\":\"https:\\\/\\\/mastorrencito.com\\\/#website\"},\"primaryImageOfPage\":{\"@id\":\"https:\\\/\\\/mastorrencito.com\\\/cat\\\/visc-de-miracle-mas-torrencito\\\/#primaryimage\"},\"image\":{\"@id\":\"https:\\\/\\\/mastorrencito.com\\\/cat\\\/visc-de-miracle-mas-torrencito\\\/#primaryimage\"},\"thumbnailUrl\":\"https:\\\/\\\/mastorrencito.com\\\/cat\\\/wp-content\\\/uploads\\\/sites\\\/3\\\/rayos.jpg\",\"datePublished\":\"2024-10-04T04:28:21+00:00\",\"description\":\"De com va caure un Rayo a Mas Torrencito. Un lloc aparentment tranquil. envoltat de plena natura i envoltat de gossos.\",\"breadcrumb\":{\"@id\":\"https:\\\/\\\/mastorrencito.com\\\/cat\\\/visc-de-miracle-mas-torrencito\\\/#breadcrumb\"},\"inLanguage\":\"es\",\"potentialAction\":[{\"@type\":\"ReadAction\",\"target\":[\"https:\\\/\\\/mastorrencito.com\\\/cat\\\/visc-de-miracle-mas-torrencito\\\/\"]}]},{\"@type\":\"ImageObject\",\"inLanguage\":\"es\",\"@id\":\"https:\\\/\\\/mastorrencito.com\\\/cat\\\/visc-de-miracle-mas-torrencito\\\/#primaryimage\",\"url\":\"https:\\\/\\\/mastorrencito.com\\\/cat\\\/wp-content\\\/uploads\\\/sites\\\/3\\\/rayos.jpg\",\"contentUrl\":\"https:\\\/\\\/mastorrencito.com\\\/cat\\\/wp-content\\\/uploads\\\/sites\\\/3\\\/rayos.jpg\",\"width\":1024,\"height\":1024},{\"@type\":\"BreadcrumbList\",\"@id\":\"https:\\\/\\\/mastorrencito.com\\\/cat\\\/visc-de-miracle-mas-torrencito\\\/#breadcrumb\",\"itemListElement\":[{\"@type\":\"ListItem\",\"position\":1,\"name\":\"Portada\",\"item\":\"https:\\\/\\\/mastorrencito.com\\\/\"},{\"@type\":\"ListItem\",\"position\":2,\"name\":\"Visc de Miracle &#8211; Mas Torrencito\"}]},{\"@type\":\"WebSite\",\"@id\":\"https:\\\/\\\/mastorrencito.com\\\/#website\",\"url\":\"https:\\\/\\\/mastorrencito.com\\\/\",\"name\":\"Mas Torrencito CAT\",\"description\":\"Casa rural pet friendly en Girona\",\"publisher\":{\"@id\":\"https:\\\/\\\/mastorrencito.com\\\/#organization\"},\"potentialAction\":[{\"@type\":\"SearchAction\",\"target\":{\"@type\":\"EntryPoint\",\"urlTemplate\":\"https:\\\/\\\/mastorrencito.com\\\/?s={search_term_string}\"},\"query-input\":{\"@type\":\"PropertyValueSpecification\",\"valueRequired\":true,\"valueName\":\"search_term_string\"}}],\"inLanguage\":\"es\"},{\"@type\":\"Organization\",\"@id\":\"https:\\\/\\\/mastorrencito.com\\\/#organization\",\"name\":\"Mas Torrencito CAT\",\"url\":\"https:\\\/\\\/mastorrencito.com\\\/\",\"logo\":{\"@type\":\"ImageObject\",\"inLanguage\":\"es\",\"@id\":\"https:\\\/\\\/mastorrencito.com\\\/#\\\/schema\\\/logo\\\/image\\\/\",\"url\":\"https:\\\/\\\/mastorrencito.com\\\/cat\\\/wp-content\\\/uploads\\\/sites\\\/3\\\/Logo-Mastorrencito-horizontal.webp\",\"contentUrl\":\"https:\\\/\\\/mastorrencito.com\\\/cat\\\/wp-content\\\/uploads\\\/sites\\\/3\\\/Logo-Mastorrencito-horizontal.webp\",\"width\":161,\"height\":54,\"caption\":\"Mas Torrencito CAT\"},\"image\":{\"@id\":\"https:\\\/\\\/mastorrencito.com\\\/#\\\/schema\\\/logo\\\/image\\\/\"}},{\"@type\":\"Person\",\"@id\":\"https:\\\/\\\/mastorrencito.com\\\/#\\\/schema\\\/person\\\/18c619be80d4ae2667c702911625f790\",\"name\":\"Mastorrencito\",\"image\":{\"@type\":\"ImageObject\",\"inLanguage\":\"es\",\"@id\":\"https:\\\/\\\/secure.gravatar.com\\\/avatar\\\/3ef55e0519f987a734c21caee1423b51df7b760b7d81a38ecd31cab0a5115f6d?s=96&d=mm&r=g\",\"url\":\"https:\\\/\\\/secure.gravatar.com\\\/avatar\\\/3ef55e0519f987a734c21caee1423b51df7b760b7d81a38ecd31cab0a5115f6d?s=96&d=mm&r=g\",\"contentUrl\":\"https:\\\/\\\/secure.gravatar.com\\\/avatar\\\/3ef55e0519f987a734c21caee1423b51df7b760b7d81a38ecd31cab0a5115f6d?s=96&d=mm&r=g\",\"caption\":\"Mastorrencito\"},\"url\":\"https:\\\/\\\/mastorrencito.com\\\/cat\\\/author\\\/mastorrencito\\\/\"}]}<\/script>\n<!-- \/ Yoast SEO Premium plugin. -->","yoast_head_json":{"title":"Visc de Miracle - Mas Torrencito - Mas Torrencito CAT","description":"De com va caure un Rayo a Mas Torrencito. Un lloc aparentment tranquil. envoltat de plena natura i envoltat de gossos.","robots":{"index":"index","follow":"follow","max-snippet":"max-snippet:-1","max-image-preview":"max-image-preview:large","max-video-preview":"max-video-preview:-1"},"canonical":"https:\/\/mastorrencito.com\/cat\/visc-de-miracle-mas-torrencito\/","og_locale":"es_ES","og_type":"article","og_title":"Visc de Miracle - Mas Torrencito","og_description":"De com va caure un Rayo a Mas Torrencito. Un lloc aparentment tranquil. envoltat de plena natura i envoltat de gossos.","og_url":"https:\/\/mastorrencito.com\/cat\/visc-de-miracle-mas-torrencito\/","og_site_name":"Mas Torrencito CAT","article_published_time":"2024-10-04T04:28:21+00:00","og_image":[{"width":1024,"height":1024,"url":"https:\/\/mastorrencito.com\/cat\/wp-content\/uploads\/sites\/3\/rayos.jpg","type":"image\/jpeg"}],"author":"Mastorrencito","twitter_card":"summary_large_image","twitter_misc":{"Escrito por":"Mastorrencito","Tiempo de lectura":"4 minutos"},"schema":{"@context":"https:\/\/schema.org","@graph":[{"@type":"Article","@id":"https:\/\/mastorrencito.com\/cat\/visc-de-miracle-mas-torrencito\/#article","isPartOf":{"@id":"https:\/\/mastorrencito.com\/cat\/visc-de-miracle-mas-torrencito\/"},"author":{"name":"Mastorrencito","@id":"https:\/\/mastorrencito.com\/#\/schema\/person\/18c619be80d4ae2667c702911625f790"},"headline":"Visc de Miracle &#8211; Mas Torrencito","datePublished":"2024-10-04T04:28:21+00:00","mainEntityOfPage":{"@id":"https:\/\/mastorrencito.com\/cat\/visc-de-miracle-mas-torrencito\/"},"wordCount":888,"commentCount":0,"publisher":{"@id":"https:\/\/mastorrencito.com\/#organization"},"image":{"@id":"https:\/\/mastorrencito.com\/cat\/visc-de-miracle-mas-torrencito\/#primaryimage"},"thumbnailUrl":"https:\/\/mastorrencito.com\/cat\/wp-content\/uploads\/sites\/3\/rayos.jpg","articleSection":["Hist\u00f2ries Mastorrencito"],"inLanguage":"es","potentialAction":[{"@type":"CommentAction","name":"Comment","target":["https:\/\/mastorrencito.com\/cat\/visc-de-miracle-mas-torrencito\/#respond"]}]},{"@type":"WebPage","@id":"https:\/\/mastorrencito.com\/cat\/visc-de-miracle-mas-torrencito\/","url":"https:\/\/mastorrencito.com\/cat\/visc-de-miracle-mas-torrencito\/","name":"Visc de Miracle - Mas Torrencito - Mas Torrencito CAT","isPartOf":{"@id":"https:\/\/mastorrencito.com\/#website"},"primaryImageOfPage":{"@id":"https:\/\/mastorrencito.com\/cat\/visc-de-miracle-mas-torrencito\/#primaryimage"},"image":{"@id":"https:\/\/mastorrencito.com\/cat\/visc-de-miracle-mas-torrencito\/#primaryimage"},"thumbnailUrl":"https:\/\/mastorrencito.com\/cat\/wp-content\/uploads\/sites\/3\/rayos.jpg","datePublished":"2024-10-04T04:28:21+00:00","description":"De com va caure un Rayo a Mas Torrencito. Un lloc aparentment tranquil. envoltat de plena natura i envoltat de gossos.","breadcrumb":{"@id":"https:\/\/mastorrencito.com\/cat\/visc-de-miracle-mas-torrencito\/#breadcrumb"},"inLanguage":"es","potentialAction":[{"@type":"ReadAction","target":["https:\/\/mastorrencito.com\/cat\/visc-de-miracle-mas-torrencito\/"]}]},{"@type":"ImageObject","inLanguage":"es","@id":"https:\/\/mastorrencito.com\/cat\/visc-de-miracle-mas-torrencito\/#primaryimage","url":"https:\/\/mastorrencito.com\/cat\/wp-content\/uploads\/sites\/3\/rayos.jpg","contentUrl":"https:\/\/mastorrencito.com\/cat\/wp-content\/uploads\/sites\/3\/rayos.jpg","width":1024,"height":1024},{"@type":"BreadcrumbList","@id":"https:\/\/mastorrencito.com\/cat\/visc-de-miracle-mas-torrencito\/#breadcrumb","itemListElement":[{"@type":"ListItem","position":1,"name":"Portada","item":"https:\/\/mastorrencito.com\/"},{"@type":"ListItem","position":2,"name":"Visc de Miracle &#8211; Mas Torrencito"}]},{"@type":"WebSite","@id":"https:\/\/mastorrencito.com\/#website","url":"https:\/\/mastorrencito.com\/","name":"Mas Torrencito CAT","description":"Casa rural pet friendly en Girona","publisher":{"@id":"https:\/\/mastorrencito.com\/#organization"},"potentialAction":[{"@type":"SearchAction","target":{"@type":"EntryPoint","urlTemplate":"https:\/\/mastorrencito.com\/?s={search_term_string}"},"query-input":{"@type":"PropertyValueSpecification","valueRequired":true,"valueName":"search_term_string"}}],"inLanguage":"es"},{"@type":"Organization","@id":"https:\/\/mastorrencito.com\/#organization","name":"Mas Torrencito CAT","url":"https:\/\/mastorrencito.com\/","logo":{"@type":"ImageObject","inLanguage":"es","@id":"https:\/\/mastorrencito.com\/#\/schema\/logo\/image\/","url":"https:\/\/mastorrencito.com\/cat\/wp-content\/uploads\/sites\/3\/Logo-Mastorrencito-horizontal.webp","contentUrl":"https:\/\/mastorrencito.com\/cat\/wp-content\/uploads\/sites\/3\/Logo-Mastorrencito-horizontal.webp","width":161,"height":54,"caption":"Mas Torrencito CAT"},"image":{"@id":"https:\/\/mastorrencito.com\/#\/schema\/logo\/image\/"}},{"@type":"Person","@id":"https:\/\/mastorrencito.com\/#\/schema\/person\/18c619be80d4ae2667c702911625f790","name":"Mastorrencito","image":{"@type":"ImageObject","inLanguage":"es","@id":"https:\/\/secure.gravatar.com\/avatar\/3ef55e0519f987a734c21caee1423b51df7b760b7d81a38ecd31cab0a5115f6d?s=96&d=mm&r=g","url":"https:\/\/secure.gravatar.com\/avatar\/3ef55e0519f987a734c21caee1423b51df7b760b7d81a38ecd31cab0a5115f6d?s=96&d=mm&r=g","contentUrl":"https:\/\/secure.gravatar.com\/avatar\/3ef55e0519f987a734c21caee1423b51df7b760b7d81a38ecd31cab0a5115f6d?s=96&d=mm&r=g","caption":"Mastorrencito"},"url":"https:\/\/mastorrencito.com\/cat\/author\/mastorrencito\/"}]}},"acf":[],"_links":{"self":[{"href":"https:\/\/mastorrencito.com\/cat\/wp-json\/wp\/v2\/posts\/4664","targetHints":{"allow":["GET"]}}],"collection":[{"href":"https:\/\/mastorrencito.com\/cat\/wp-json\/wp\/v2\/posts"}],"about":[{"href":"https:\/\/mastorrencito.com\/cat\/wp-json\/wp\/v2\/types\/post"}],"author":[{"embeddable":true,"href":"https:\/\/mastorrencito.com\/cat\/wp-json\/wp\/v2\/users\/2"}],"replies":[{"embeddable":true,"href":"https:\/\/mastorrencito.com\/cat\/wp-json\/wp\/v2\/comments?post=4664"}],"version-history":[{"count":0,"href":"https:\/\/mastorrencito.com\/cat\/wp-json\/wp\/v2\/posts\/4664\/revisions"}],"wp:featuredmedia":[{"embeddable":true,"href":"https:\/\/mastorrencito.com\/cat\/wp-json\/wp\/v2\/media\/4743"}],"wp:attachment":[{"href":"https:\/\/mastorrencito.com\/cat\/wp-json\/wp\/v2\/media?parent=4664"}],"wp:term":[{"taxonomy":"category","embeddable":true,"href":"https:\/\/mastorrencito.com\/cat\/wp-json\/wp\/v2\/categories?post=4664"},{"taxonomy":"post_tag","embeddable":true,"href":"https:\/\/mastorrencito.com\/cat\/wp-json\/wp\/v2\/tags?post=4664"}],"curies":[{"name":"wp","href":"https:\/\/api.w.org\/{rel}","templated":true}]}}