{"id":4663,"date":"2024-10-15T05:17:13","date_gmt":"2024-10-15T05:17:13","guid":{"rendered":"https:\/\/casaruralconperrosgirona.com\/la-visita-de-joan-cecilia-i-els-seus-5-gossets-a-mas-torrencito\/"},"modified":"2024-10-15T05:17:13","modified_gmt":"2024-10-15T05:17:13","slug":"la-visita-de-joan-cecilia-i-els-seus-5-gossets-a-mas-torrencito","status":"publish","type":"post","link":"https:\/\/mastorrencito.com\/cat\/la-visita-de-joan-cecilia-i-els-seus-5-gossets-a-mas-torrencito\/","title":{"rendered":"La visita de Joan, Cec\u00edlia i els seus 5 gossets a Mas Torrencito"},"content":{"rendered":"\n<h3 class=\"wp-block-heading\"><\/h3>\n\n<p>La hist\u00f2ria que us explicar\u00e9 \u00e9s d&#8217;aquelles que et treuen un somriure d&#8217;orella a orella \ud83d\ude04. De vegades, a Mas Torrencito, passen coses tan especials que sembla que el temps s&#8217;atura. I aix\u00f2 \u00e9s just el que va passar quan el Joan i la Cec\u00edlia van arribar amb els seus cinc gossets.    <\/p>\n\n<p>S\u00ed, cinc. I no us enganyar\u00e9, en un lloc on hi ha normalment m\u00e9s de 22 gossos rondant, la cosa pintava per al caos. Per\u00f2 el que va passar va ser justament el contrari\u2026 M\u00e0gia pura! \ud83c\udf1f<\/p>\n\n<h4 class=\"wp-block-heading\"><strong>L&#8217;halo de bon rotllo que ho va embolicar tot<\/strong> . Un Cap de Setmana Inoblidable a Mas Torrencito <\/h4>\n\n<p>Tot just arribar, es va crear una atmosfera diferent. Com si haguessin obert una porta a una altra dimensi\u00f3 de tranquil\u00b7litat i bon rotllo. Tots els gossos estaven incre\u00efblement calmats. S&#8217;oloraven com a bons ve\u00efns, per\u00f2 res de lladrucs, ni carreres boges.     <\/p>\n\n<p>Era com si l&#8217;esperit de la pau hagu\u00e9s enva\u00eft Mas Torrencito. \ud83d\udd4a\ufe0f Fins i tot vaig pensar que m&#8217;havia empassat un \u00abtripi\u00bb dels anys 60, on tot era amor, felicitat, i un munt de colors \ud83c\udf08. Tot era tranquil\u00b7litat! Jajajajaja.   <\/p>\n\n<h4 class=\"wp-block-heading\"><strong>Cinc gossets caiguts del cel<\/strong><\/h4>\n\n<p>I qu\u00e8 em dieu d&#8217;aquests cinc peluts? Quina hist\u00f2ria m\u00e9s curiosa! Joan i Cec\u00edlia, que s\u00f3n uns viatgers empedre\u00efts \u2708\ufe0f, s&#8217;havien mudat a un poblet del Priorat per gaudir de la pau i el camp. Un bon dia, es troben una capseta a la porta de casa seva, i dins hi havia aquests cinc cadellets \ud83d\udc3e! Cinc! Tots germanets. I com que s\u00f3n persones de cor gran, no els van voler separar. Aix\u00ed que, de cop i volta, casa seva es va omplir d&#8217;alegria i potes corretejant per tot arreu.       <\/p>\n\n<h4 class=\"wp-block-heading\"><strong>Persones especials que omplen de calma el lloc<\/strong><\/h4>\n\n<p>El que m\u00e9s em va impactar de Joan i Cec\u00edlia no va ser nom\u00e9s el bon cor, sin\u00f3 aquella pau que transmeten. S\u00f3n d&#8217;aquelles persones amb qui et sentis a parlar cinc minuts i sembla que tot a la vida \u00e9s m\u00e9s f\u00e0cil, m\u00e9s senzill \ud83d\ude0a. Fins i tot els gossos ho notaven. Quan s&#8217;asseien a la terrassa, els altres gossos dels clients, i els meus tamb\u00e9! s&#8217;acomodaven tranquil\u00b7lament al costat. Era com un imant de bon rotllo. \ud83d\udd2e<\/p>\n\n<h4 class=\"wp-block-heading\"><strong>Un dinar col\u00b7lectiu que va trencar tots els esquemes<\/strong><\/h4>\n\n<p>Un dels dies van decidir anar a dinar al poble, a la famosa Katy \ud83c\udf7d\ufe0f. Tots pens\u00e0vem que seria un pla tranquil per a ells i els seus cinc gossets\u2026 per\u00f2 no va ser aix\u00ed. TOTS els clients de Mas Torrencito van decidir acompanyar-los! \ud83d\ude02 Era surrealista! Imagina una process\u00f3 de gent, gossos i bon rotllo caminant cap al poble. Va ser un d&#8217;aquells moments en qu\u00e8 no pots fer res m\u00e9s que riure&#8217;t i gaudir del surrealista de la situaci\u00f3.     <\/p>\n\n<h4 class=\"wp-block-heading\"><strong>Un finde per recordar<\/strong> . Un Cap de Setmana Inoblidable a Mas Torrencito <\/h4>\n\n<p>Aquell cap de setmana va quedar gravat a la meva mem\u00f2ria per sempre. No perqu\u00e8 hi hagu\u00e9s un gran enrenou, sin\u00f3 per tot el contrari. Joan i Cec\u00edlia van portar a Mas Torrencito una mica diferent. \ud83c\udf38 Ens van recordar que encara hi ha gent bona pel m\u00f3n, d&#8217;aquelles persones que et fan sentir m\u00e9s ric per dins nom\u00e9s per estar a prop seu. I \u00e9s clar, tot aix\u00f2, acompanyat de cinc adorables gossets que, si em descuido, fins i tot els clients se&#8217;ls volien endur a casa! \ud83d\ude05<\/p>\n\n<hr class=\"wp-block-separator has-alpha-channel-opacity\" \/>\n\n<h3 class=\"wp-block-heading\"><strong>Conclusi\u00f3: la m\u00e0gia de les persones i els gossos<\/strong><\/h3>\n\n<p>Aix\u00ed que, si mai tens l&#8217;oportunitat de con\u00e8ixer gent com en Joan i la Cec\u00edlia, no la deixis passar. Perqu\u00e8 el seu bon rotllo, la seva tranquil\u00b7litat i la seva forma de veure la vida s&#8217;encomanen, i de sobte, t&#8217;adones que fins i tot amb 22 gossos al voltant, tot es veu una mica millor \ud83d\udc15\ud83d\udc96. <\/p>\n\n<hr class=\"wp-block-separator has-alpha-channel-opacity\" \/>\n\n<p><strong>Feli\u00e7 dimarts a tothom!<\/strong> \ud83d\ude0a<\/p>\n\n<p>\u2014\u2013<br \/> Si voleu, podeu veure els nostres bons ofertes per a caps de setmana, bons jubilats, \u2026 a <a href=\"https:\/\/www.mastorrencito.com\/\">www.mastorrencito.com<\/a> o si vols llegir m\u00e9s hist\u00f2ria,.. fes click <a href=\"https:\/\/mastorrencito.com\/\">aqui<\/a> :<\/p>\n","protected":false},"excerpt":{"rendered":"<p>La hist\u00f2ria que us explicar\u00e9 \u00e9s d&#8217;aquelles que et treuen un somriure d&#8217;orella a orella \ud83d\ude04. De vegades, a Mas Torrencito, passen coses tan especials que sembla que el temps s&#8217;atura. I aix\u00f2 \u00e9s just el que va passar quan el Joan i la Cec\u00edlia van arribar amb els seus cinc gossets. S\u00ed, cinc. I [&hellip;]<\/p>\n","protected":false},"author":2,"featured_media":4749,"comment_status":"open","ping_status":"open","sticky":false,"template":"","format":"standard","meta":{"_acf_changed":false,"footnotes":""},"categories":[35],"tags":[],"class_list":["post-4663","post","type-post","status-publish","format-standard","has-post-thumbnail","hentry","category-histories-mastorrencito"],"yoast_head":"<!-- This site is optimized with the Yoast SEO Premium plugin v27.3 (Yoast SEO v27.5) - https:\/\/yoast.com\/product\/yoast-seo-premium-wordpress\/ -->\n<title>La visita de Joan, Cec\u00edlia i els seus 5 gossets a Mas Torrencito La M\u00e0gia de Joan, Cec\u00edlia i Els seus 5 Gossets a Mas Torrencito<\/title>\n<meta name=\"description\" content=\"La incre\u00efble hist\u00f2ria de Joan i Cec\u00edlia, una parella m\u00e0gica que, juntament amb els seus 5 adorables gossets, van omplir Mas Torrencito de bon rotllo.\" \/>\n<meta name=\"robots\" content=\"index, follow, max-snippet:-1, max-image-preview:large, max-video-preview:-1\" \/>\n<link rel=\"canonical\" href=\"https:\/\/mastorrencito.com\/cat\/la-visita-de-joan-cecilia-i-els-seus-5-gossets-a-mas-torrencito\/\" \/>\n<meta property=\"og:locale\" content=\"es_ES\" \/>\n<meta property=\"og:type\" content=\"article\" \/>\n<meta property=\"og:title\" content=\"La visita de Joan, Cec\u00edlia i els seus 5 gossets a Mas Torrencito\" \/>\n<meta property=\"og:description\" content=\"La incre\u00efble hist\u00f2ria de Joan i Cec\u00edlia, una parella m\u00e0gica que, juntament amb els seus 5 adorables gossets, van omplir Mas Torrencito de bon rotllo.\" \/>\n<meta property=\"og:url\" content=\"https:\/\/mastorrencito.com\/cat\/la-visita-de-joan-cecilia-i-els-seus-5-gossets-a-mas-torrencito\/\" \/>\n<meta property=\"og:site_name\" content=\"Mas Torrencito CAT\" \/>\n<meta property=\"article:published_time\" content=\"2024-10-15T05:17:13+00:00\" \/>\n<meta property=\"og:image\" content=\"https:\/\/mastorrencito.com\/cat\/wp-content\/uploads\/sites\/3\/joan_celia.jpg\" \/>\n\t<meta property=\"og:image:width\" content=\"1024\" \/>\n\t<meta property=\"og:image:height\" content=\"1024\" \/>\n\t<meta property=\"og:image:type\" content=\"image\/jpeg\" \/>\n<meta name=\"author\" content=\"Mastorrencito\" \/>\n<meta name=\"twitter:card\" content=\"summary_large_image\" \/>\n<meta name=\"twitter:label1\" content=\"Escrito por\" \/>\n\t<meta name=\"twitter:data1\" content=\"Mastorrencito\" \/>\n\t<meta name=\"twitter:label2\" content=\"Tiempo de lectura\" \/>\n\t<meta name=\"twitter:data2\" content=\"3 minutos\" \/>\n<script type=\"application\/ld+json\" class=\"yoast-schema-graph\">{\"@context\":\"https:\\\/\\\/schema.org\",\"@graph\":[{\"@type\":\"Article\",\"@id\":\"https:\\\/\\\/mastorrencito.com\\\/cat\\\/la-visita-de-joan-cecilia-i-els-seus-5-gossets-a-mas-torrencito\\\/#article\",\"isPartOf\":{\"@id\":\"https:\\\/\\\/mastorrencito.com\\\/cat\\\/la-visita-de-joan-cecilia-i-els-seus-5-gossets-a-mas-torrencito\\\/\"},\"author\":{\"name\":\"Mastorrencito\",\"@id\":\"https:\\\/\\\/mastorrencito.com\\\/#\\\/schema\\\/person\\\/18c619be80d4ae2667c702911625f790\"},\"headline\":\"La visita de Joan, Cec\u00edlia i els seus 5 gossets a Mas Torrencito\",\"datePublished\":\"2024-10-15T05:17:13+00:00\",\"mainEntityOfPage\":{\"@id\":\"https:\\\/\\\/mastorrencito.com\\\/cat\\\/la-visita-de-joan-cecilia-i-els-seus-5-gossets-a-mas-torrencito\\\/\"},\"wordCount\":714,\"commentCount\":0,\"publisher\":{\"@id\":\"https:\\\/\\\/mastorrencito.com\\\/#organization\"},\"image\":{\"@id\":\"https:\\\/\\\/mastorrencito.com\\\/cat\\\/la-visita-de-joan-cecilia-i-els-seus-5-gossets-a-mas-torrencito\\\/#primaryimage\"},\"thumbnailUrl\":\"https:\\\/\\\/mastorrencito.com\\\/cat\\\/wp-content\\\/uploads\\\/sites\\\/3\\\/joan_celia.jpg\",\"articleSection\":[\"Hist\u00f2ries Mastorrencito\"],\"inLanguage\":\"es\",\"potentialAction\":[{\"@type\":\"CommentAction\",\"name\":\"Comment\",\"target\":[\"https:\\\/\\\/mastorrencito.com\\\/cat\\\/la-visita-de-joan-cecilia-i-els-seus-5-gossets-a-mas-torrencito\\\/#respond\"]}]},{\"@type\":\"WebPage\",\"@id\":\"https:\\\/\\\/mastorrencito.com\\\/cat\\\/la-visita-de-joan-cecilia-i-els-seus-5-gossets-a-mas-torrencito\\\/\",\"url\":\"https:\\\/\\\/mastorrencito.com\\\/cat\\\/la-visita-de-joan-cecilia-i-els-seus-5-gossets-a-mas-torrencito\\\/\",\"name\":\"La visita de Joan, Cec\u00edlia i els seus 5 gossets a Mas Torrencito La M\u00e0gia de Joan, Cec\u00edlia i Els seus 5 Gossets a Mas Torrencito\",\"isPartOf\":{\"@id\":\"https:\\\/\\\/mastorrencito.com\\\/#website\"},\"primaryImageOfPage\":{\"@id\":\"https:\\\/\\\/mastorrencito.com\\\/cat\\\/la-visita-de-joan-cecilia-i-els-seus-5-gossets-a-mas-torrencito\\\/#primaryimage\"},\"image\":{\"@id\":\"https:\\\/\\\/mastorrencito.com\\\/cat\\\/la-visita-de-joan-cecilia-i-els-seus-5-gossets-a-mas-torrencito\\\/#primaryimage\"},\"thumbnailUrl\":\"https:\\\/\\\/mastorrencito.com\\\/cat\\\/wp-content\\\/uploads\\\/sites\\\/3\\\/joan_celia.jpg\",\"datePublished\":\"2024-10-15T05:17:13+00:00\",\"description\":\"La incre\u00efble hist\u00f2ria de Joan i Cec\u00edlia, una parella m\u00e0gica que, juntament amb els seus 5 adorables gossets, van omplir Mas Torrencito de bon rotllo.\",\"breadcrumb\":{\"@id\":\"https:\\\/\\\/mastorrencito.com\\\/cat\\\/la-visita-de-joan-cecilia-i-els-seus-5-gossets-a-mas-torrencito\\\/#breadcrumb\"},\"inLanguage\":\"es\",\"potentialAction\":[{\"@type\":\"ReadAction\",\"target\":[\"https:\\\/\\\/mastorrencito.com\\\/cat\\\/la-visita-de-joan-cecilia-i-els-seus-5-gossets-a-mas-torrencito\\\/\"]}]},{\"@type\":\"ImageObject\",\"inLanguage\":\"es\",\"@id\":\"https:\\\/\\\/mastorrencito.com\\\/cat\\\/la-visita-de-joan-cecilia-i-els-seus-5-gossets-a-mas-torrencito\\\/#primaryimage\",\"url\":\"https:\\\/\\\/mastorrencito.com\\\/cat\\\/wp-content\\\/uploads\\\/sites\\\/3\\\/joan_celia.jpg\",\"contentUrl\":\"https:\\\/\\\/mastorrencito.com\\\/cat\\\/wp-content\\\/uploads\\\/sites\\\/3\\\/joan_celia.jpg\",\"width\":1024,\"height\":1024},{\"@type\":\"BreadcrumbList\",\"@id\":\"https:\\\/\\\/mastorrencito.com\\\/cat\\\/la-visita-de-joan-cecilia-i-els-seus-5-gossets-a-mas-torrencito\\\/#breadcrumb\",\"itemListElement\":[{\"@type\":\"ListItem\",\"position\":1,\"name\":\"Portada\",\"item\":\"https:\\\/\\\/mastorrencito.com\\\/\"},{\"@type\":\"ListItem\",\"position\":2,\"name\":\"La visita de Joan, Cec\u00edlia i els seus 5 gossets a Mas Torrencito\"}]},{\"@type\":\"WebSite\",\"@id\":\"https:\\\/\\\/mastorrencito.com\\\/#website\",\"url\":\"https:\\\/\\\/mastorrencito.com\\\/\",\"name\":\"Mas Torrencito CAT\",\"description\":\"Casa rural pet friendly en Girona\",\"publisher\":{\"@id\":\"https:\\\/\\\/mastorrencito.com\\\/#organization\"},\"potentialAction\":[{\"@type\":\"SearchAction\",\"target\":{\"@type\":\"EntryPoint\",\"urlTemplate\":\"https:\\\/\\\/mastorrencito.com\\\/?s={search_term_string}\"},\"query-input\":{\"@type\":\"PropertyValueSpecification\",\"valueRequired\":true,\"valueName\":\"search_term_string\"}}],\"inLanguage\":\"es\"},{\"@type\":\"Organization\",\"@id\":\"https:\\\/\\\/mastorrencito.com\\\/#organization\",\"name\":\"Mas Torrencito CAT\",\"url\":\"https:\\\/\\\/mastorrencito.com\\\/\",\"logo\":{\"@type\":\"ImageObject\",\"inLanguage\":\"es\",\"@id\":\"https:\\\/\\\/mastorrencito.com\\\/#\\\/schema\\\/logo\\\/image\\\/\",\"url\":\"https:\\\/\\\/mastorrencito.com\\\/cat\\\/wp-content\\\/uploads\\\/sites\\\/3\\\/Logo-Mastorrencito-horizontal.webp\",\"contentUrl\":\"https:\\\/\\\/mastorrencito.com\\\/cat\\\/wp-content\\\/uploads\\\/sites\\\/3\\\/Logo-Mastorrencito-horizontal.webp\",\"width\":161,\"height\":54,\"caption\":\"Mas Torrencito CAT\"},\"image\":{\"@id\":\"https:\\\/\\\/mastorrencito.com\\\/#\\\/schema\\\/logo\\\/image\\\/\"}},{\"@type\":\"Person\",\"@id\":\"https:\\\/\\\/mastorrencito.com\\\/#\\\/schema\\\/person\\\/18c619be80d4ae2667c702911625f790\",\"name\":\"Mastorrencito\",\"image\":{\"@type\":\"ImageObject\",\"inLanguage\":\"es\",\"@id\":\"https:\\\/\\\/secure.gravatar.com\\\/avatar\\\/3ef55e0519f987a734c21caee1423b51df7b760b7d81a38ecd31cab0a5115f6d?s=96&d=mm&r=g\",\"url\":\"https:\\\/\\\/secure.gravatar.com\\\/avatar\\\/3ef55e0519f987a734c21caee1423b51df7b760b7d81a38ecd31cab0a5115f6d?s=96&d=mm&r=g\",\"contentUrl\":\"https:\\\/\\\/secure.gravatar.com\\\/avatar\\\/3ef55e0519f987a734c21caee1423b51df7b760b7d81a38ecd31cab0a5115f6d?s=96&d=mm&r=g\",\"caption\":\"Mastorrencito\"},\"url\":\"https:\\\/\\\/mastorrencito.com\\\/cat\\\/author\\\/mastorrencito\\\/\"}]}<\/script>\n<!-- \/ Yoast SEO Premium plugin. -->","yoast_head_json":{"title":"La visita de Joan, Cec\u00edlia i els seus 5 gossets a Mas Torrencito La M\u00e0gia de Joan, Cec\u00edlia i Els seus 5 Gossets a Mas Torrencito","description":"La incre\u00efble hist\u00f2ria de Joan i Cec\u00edlia, una parella m\u00e0gica que, juntament amb els seus 5 adorables gossets, van omplir Mas Torrencito de bon rotllo.","robots":{"index":"index","follow":"follow","max-snippet":"max-snippet:-1","max-image-preview":"max-image-preview:large","max-video-preview":"max-video-preview:-1"},"canonical":"https:\/\/mastorrencito.com\/cat\/la-visita-de-joan-cecilia-i-els-seus-5-gossets-a-mas-torrencito\/","og_locale":"es_ES","og_type":"article","og_title":"La visita de Joan, Cec\u00edlia i els seus 5 gossets a Mas Torrencito","og_description":"La incre\u00efble hist\u00f2ria de Joan i Cec\u00edlia, una parella m\u00e0gica que, juntament amb els seus 5 adorables gossets, van omplir Mas Torrencito de bon rotllo.","og_url":"https:\/\/mastorrencito.com\/cat\/la-visita-de-joan-cecilia-i-els-seus-5-gossets-a-mas-torrencito\/","og_site_name":"Mas Torrencito CAT","article_published_time":"2024-10-15T05:17:13+00:00","og_image":[{"width":1024,"height":1024,"url":"https:\/\/mastorrencito.com\/cat\/wp-content\/uploads\/sites\/3\/joan_celia.jpg","type":"image\/jpeg"}],"author":"Mastorrencito","twitter_card":"summary_large_image","twitter_misc":{"Escrito por":"Mastorrencito","Tiempo de lectura":"3 minutos"},"schema":{"@context":"https:\/\/schema.org","@graph":[{"@type":"Article","@id":"https:\/\/mastorrencito.com\/cat\/la-visita-de-joan-cecilia-i-els-seus-5-gossets-a-mas-torrencito\/#article","isPartOf":{"@id":"https:\/\/mastorrencito.com\/cat\/la-visita-de-joan-cecilia-i-els-seus-5-gossets-a-mas-torrencito\/"},"author":{"name":"Mastorrencito","@id":"https:\/\/mastorrencito.com\/#\/schema\/person\/18c619be80d4ae2667c702911625f790"},"headline":"La visita de Joan, Cec\u00edlia i els seus 5 gossets a Mas Torrencito","datePublished":"2024-10-15T05:17:13+00:00","mainEntityOfPage":{"@id":"https:\/\/mastorrencito.com\/cat\/la-visita-de-joan-cecilia-i-els-seus-5-gossets-a-mas-torrencito\/"},"wordCount":714,"commentCount":0,"publisher":{"@id":"https:\/\/mastorrencito.com\/#organization"},"image":{"@id":"https:\/\/mastorrencito.com\/cat\/la-visita-de-joan-cecilia-i-els-seus-5-gossets-a-mas-torrencito\/#primaryimage"},"thumbnailUrl":"https:\/\/mastorrencito.com\/cat\/wp-content\/uploads\/sites\/3\/joan_celia.jpg","articleSection":["Hist\u00f2ries Mastorrencito"],"inLanguage":"es","potentialAction":[{"@type":"CommentAction","name":"Comment","target":["https:\/\/mastorrencito.com\/cat\/la-visita-de-joan-cecilia-i-els-seus-5-gossets-a-mas-torrencito\/#respond"]}]},{"@type":"WebPage","@id":"https:\/\/mastorrencito.com\/cat\/la-visita-de-joan-cecilia-i-els-seus-5-gossets-a-mas-torrencito\/","url":"https:\/\/mastorrencito.com\/cat\/la-visita-de-joan-cecilia-i-els-seus-5-gossets-a-mas-torrencito\/","name":"La visita de Joan, Cec\u00edlia i els seus 5 gossets a Mas Torrencito La M\u00e0gia de Joan, Cec\u00edlia i Els seus 5 Gossets a Mas Torrencito","isPartOf":{"@id":"https:\/\/mastorrencito.com\/#website"},"primaryImageOfPage":{"@id":"https:\/\/mastorrencito.com\/cat\/la-visita-de-joan-cecilia-i-els-seus-5-gossets-a-mas-torrencito\/#primaryimage"},"image":{"@id":"https:\/\/mastorrencito.com\/cat\/la-visita-de-joan-cecilia-i-els-seus-5-gossets-a-mas-torrencito\/#primaryimage"},"thumbnailUrl":"https:\/\/mastorrencito.com\/cat\/wp-content\/uploads\/sites\/3\/joan_celia.jpg","datePublished":"2024-10-15T05:17:13+00:00","description":"La incre\u00efble hist\u00f2ria de Joan i Cec\u00edlia, una parella m\u00e0gica que, juntament amb els seus 5 adorables gossets, van omplir Mas Torrencito de bon rotllo.","breadcrumb":{"@id":"https:\/\/mastorrencito.com\/cat\/la-visita-de-joan-cecilia-i-els-seus-5-gossets-a-mas-torrencito\/#breadcrumb"},"inLanguage":"es","potentialAction":[{"@type":"ReadAction","target":["https:\/\/mastorrencito.com\/cat\/la-visita-de-joan-cecilia-i-els-seus-5-gossets-a-mas-torrencito\/"]}]},{"@type":"ImageObject","inLanguage":"es","@id":"https:\/\/mastorrencito.com\/cat\/la-visita-de-joan-cecilia-i-els-seus-5-gossets-a-mas-torrencito\/#primaryimage","url":"https:\/\/mastorrencito.com\/cat\/wp-content\/uploads\/sites\/3\/joan_celia.jpg","contentUrl":"https:\/\/mastorrencito.com\/cat\/wp-content\/uploads\/sites\/3\/joan_celia.jpg","width":1024,"height":1024},{"@type":"BreadcrumbList","@id":"https:\/\/mastorrencito.com\/cat\/la-visita-de-joan-cecilia-i-els-seus-5-gossets-a-mas-torrencito\/#breadcrumb","itemListElement":[{"@type":"ListItem","position":1,"name":"Portada","item":"https:\/\/mastorrencito.com\/"},{"@type":"ListItem","position":2,"name":"La visita de Joan, Cec\u00edlia i els seus 5 gossets a Mas Torrencito"}]},{"@type":"WebSite","@id":"https:\/\/mastorrencito.com\/#website","url":"https:\/\/mastorrencito.com\/","name":"Mas Torrencito CAT","description":"Casa rural pet friendly en Girona","publisher":{"@id":"https:\/\/mastorrencito.com\/#organization"},"potentialAction":[{"@type":"SearchAction","target":{"@type":"EntryPoint","urlTemplate":"https:\/\/mastorrencito.com\/?s={search_term_string}"},"query-input":{"@type":"PropertyValueSpecification","valueRequired":true,"valueName":"search_term_string"}}],"inLanguage":"es"},{"@type":"Organization","@id":"https:\/\/mastorrencito.com\/#organization","name":"Mas Torrencito CAT","url":"https:\/\/mastorrencito.com\/","logo":{"@type":"ImageObject","inLanguage":"es","@id":"https:\/\/mastorrencito.com\/#\/schema\/logo\/image\/","url":"https:\/\/mastorrencito.com\/cat\/wp-content\/uploads\/sites\/3\/Logo-Mastorrencito-horizontal.webp","contentUrl":"https:\/\/mastorrencito.com\/cat\/wp-content\/uploads\/sites\/3\/Logo-Mastorrencito-horizontal.webp","width":161,"height":54,"caption":"Mas Torrencito CAT"},"image":{"@id":"https:\/\/mastorrencito.com\/#\/schema\/logo\/image\/"}},{"@type":"Person","@id":"https:\/\/mastorrencito.com\/#\/schema\/person\/18c619be80d4ae2667c702911625f790","name":"Mastorrencito","image":{"@type":"ImageObject","inLanguage":"es","@id":"https:\/\/secure.gravatar.com\/avatar\/3ef55e0519f987a734c21caee1423b51df7b760b7d81a38ecd31cab0a5115f6d?s=96&d=mm&r=g","url":"https:\/\/secure.gravatar.com\/avatar\/3ef55e0519f987a734c21caee1423b51df7b760b7d81a38ecd31cab0a5115f6d?s=96&d=mm&r=g","contentUrl":"https:\/\/secure.gravatar.com\/avatar\/3ef55e0519f987a734c21caee1423b51df7b760b7d81a38ecd31cab0a5115f6d?s=96&d=mm&r=g","caption":"Mastorrencito"},"url":"https:\/\/mastorrencito.com\/cat\/author\/mastorrencito\/"}]}},"acf":[],"_links":{"self":[{"href":"https:\/\/mastorrencito.com\/cat\/wp-json\/wp\/v2\/posts\/4663","targetHints":{"allow":["GET"]}}],"collection":[{"href":"https:\/\/mastorrencito.com\/cat\/wp-json\/wp\/v2\/posts"}],"about":[{"href":"https:\/\/mastorrencito.com\/cat\/wp-json\/wp\/v2\/types\/post"}],"author":[{"embeddable":true,"href":"https:\/\/mastorrencito.com\/cat\/wp-json\/wp\/v2\/users\/2"}],"replies":[{"embeddable":true,"href":"https:\/\/mastorrencito.com\/cat\/wp-json\/wp\/v2\/comments?post=4663"}],"version-history":[{"count":0,"href":"https:\/\/mastorrencito.com\/cat\/wp-json\/wp\/v2\/posts\/4663\/revisions"}],"wp:featuredmedia":[{"embeddable":true,"href":"https:\/\/mastorrencito.com\/cat\/wp-json\/wp\/v2\/media\/4749"}],"wp:attachment":[{"href":"https:\/\/mastorrencito.com\/cat\/wp-json\/wp\/v2\/media?parent=4663"}],"wp:term":[{"taxonomy":"category","embeddable":true,"href":"https:\/\/mastorrencito.com\/cat\/wp-json\/wp\/v2\/categories?post=4663"},{"taxonomy":"post_tag","embeddable":true,"href":"https:\/\/mastorrencito.com\/cat\/wp-json\/wp\/v2\/tags?post=4663"}],"curies":[{"name":"wp","href":"https:\/\/api.w.org\/{rel}","templated":true}]}}