{"id":4662,"date":"2024-10-17T04:43:55","date_gmt":"2024-10-17T04:43:55","guid":{"rendered":"https:\/\/casaruralconperrosgirona.com\/lheroic-rescat-de-manuela-al-riu-de-mas-torrencito\/"},"modified":"2024-10-17T04:43:55","modified_gmt":"2024-10-17T04:43:55","slug":"lheroic-rescat-de-manuela-al-riu-de-mas-torrencito","status":"publish","type":"post","link":"https:\/\/mastorrencito.com\/cat\/lheroic-rescat-de-manuela-al-riu-de-mas-torrencito\/","title":{"rendered":"L&#8217;heroic rescat de Manuela al riu de Mas Torrencito"},"content":{"rendered":"\n<h3 class=\"wp-block-heading\">Passejades felices a Mas Torrencito<\/h3>\n\n<p>Ayyyy, quins records tan llunyans per\u00f2 tan vius al meu cor&#8230; Si tanco els ullets, puc tornar a sentir la brisa d&#8217;aquelles passejades i el so del riu a Mas Torrencito. Quins dies aquells! L&#8217;heroic rescat de Manuela al riu de Mas Torrencito   <\/p>\n\n<p>Era una rutina que m&#8217;omplia de felicitat. Cada mat\u00ed sort\u00edem a caminar entre els blats de moro, els meus amos, els meus companys perruns i jo. El cel estava sempre tan clar, i els camps feien olor de vida. Era el nostre moment, el nostre parad\u00eds.   <\/p>\n\n<h3 class=\"wp-block-heading\">El riu i el corrent inesperat<\/h3>\n\n<p>Per\u00f2 hi va haver un dia&#8230; un dia que no oblidar\u00e9 mai, encara que ja fa tant de temps que vaig partir. Aquell estiu, com de costum, an\u00e0vem cam\u00ed cap al riu. Ai, com m&#8217;agradava l&#8217;aigua! Era el millor de les passejades. Est\u00e0vem tots tan feli\u00e7os, brincando sense cap preocupaci\u00f3. Markos, amb el seu pas lent per\u00f2 segur, coixejava una mica, per\u00f2 sempre ens aconseguia amb aquesta energia que el caracteritzava. En Max, el vigilant de la nostra petita rajada, anava sempre enrere, assegurant-se que ning\u00fa no es qued\u00e9s endarrerit.      <\/p>\n\n<p>Aquell dia ens acompanyava un cadellet, Rodrigo. Era un gosset petit, ple d&#8217;energia i d&#8217;innoc\u00e8ncia, que venia amb uns clients que s&#8217;estaven allotjant. Ens divert\u00edem tant corrent pels blat de moro, i quan vam arribar al riu, la festa va continuar! Les pluges dels darrers dies havien deixat l&#8217;aigua m\u00e9s revolta, per\u00f2 aix\u00f2 no ens aturava. Corr\u00edem, ned\u00e0vem, an\u00e0vem de banda a banda buscant pilotes i pals que els nostres amos ens llan\u00e7aven. Rodrigo i jo compet\u00edem, cadasc\u00fa volent ser el primer a assolir la pilota que flotava de lluny.     <\/p>\n\n<h3 class=\"wp-block-heading\">El moment cr\u00edtic: el corrent ens arrossega. L&#8217;heroic rescat de Manuela al riu de Mas Torrencito <\/h3>\n\n<p>Tot anava perfecte, fins que&#8230; el corrent ens va sorprendre. Un corrent tan fort que ens va arrossegar sense av\u00eds. De cop i volta, el riu va deixar de ser el nostre amic. Comencem a allunyar-nos de la riba, sense poder fer res, portats per la for\u00e7a de l&#8217;aigua cap a uns r\u00e0pids que estaven m\u00e9s endavant. Quina por! Sentia com l&#8217;aigua intentava portar-me cap avall, em costava nedar, em costava respirar&#8230; i quan vaig mirar Rodrigo, ell encara estava pitjor. Era tan petit, i el pobre no tenia forces per mantenir-se flotant. Vaig veure com comen\u00e7ava a enfonsar-se.       <\/p>\n\n<h3 class=\"wp-block-heading\">El rescat: Manuela al rescat de Rodrigo<\/h3>\n\n<p>Va ser en aquell moment quan, sense pensar-ho dues vegades, em vaig submergir. L&#8217;aigua era densa, pesada, per\u00f2 vaig aconseguir assolir-ho. Amb les dents, vaig agafar la seva corretja i el vaig enlairar cap a la superf\u00edcie. Estava tan espantat, els seus ullets reflectien pur p\u00e0nic. Seguim lluitant, el corrent seguia portant-nos, per\u00f2 de sobte arribem a una mena de bassa natural, un rec\u00e9s de pau al mig del caos. Rodrigo estava esgotat, ja no podia m\u00e9s. Sentia el seu cosset tremolant contra el meu.      <\/p>\n\n<h3 class=\"wp-block-heading\">L&#8217;alleujament: els amos arriben al nostre rescat<\/h3>\n\n<p>I aleshores, escoltem les veus dels nostres amos. Quin alleujament! Estaven m\u00e9s a prop, corrent per la riba, ficant-se a l&#8217;aigua, intentant assolir-nos. Finalment, ho van aconseguir. Ens van treure d&#8217;all\u00e0, panteixants, espantats, per\u00f2 vius. Quin esglai tan gran passem! Un d&#8217;aquells que et deixen tremolant, dels que et queden gravats per sempre. Per\u00f2 ho superem.       <\/p>\n\n<h3 class=\"wp-block-heading\">Reflexi\u00f3 final: el riu i la seva tra\u00efci\u00f3. L&#8217;heroic rescat de Manuela al riu de Mas Torrencito <\/h3>\n\n<p>Despr\u00e9s d&#8217;aix\u00f2, Rodrigo ja no volia saber res del riu. Ni de pilotes, ni de pals. I no el culpo, el riu, igual que el mar, pot ser tra\u00efdor de vegades. Cal tenir respecte per aquelles aig\u00fces que semblen tan tranquil\u00b7les per\u00f2 que, en un instant, ho poden canviar tot.   <\/p>\n\n<p>Jo, en canvi, vaig seguir gaudint d&#8217;aquelles passejades mentre vaig poder, fins al meu darrer dia. Perqu\u00e8 encara que de vegades el riu era impredictible, la vida tamb\u00e9 ho \u00e9s, i cada moment que vam passar junts va ser una aventura que val la pena recordar. <\/p>\n\n<p><strong>Feli\u00e7 Dijous a tothom i que el teu gos t&#8217;acompanyi!!<\/strong> \ud83d\ude0a<\/p>\n\n<p>\u2014\u2013<br \/> Si voleu, podeu veure els nostres bons ofertes per a caps de setmana, bons jubilats, \u2026 a <a href=\"https:\/\/www.mastorrencito.com\/\">www.mastorrencito.com<\/a> o si vols llegir m\u00e9s hist\u00f2ria,.. fes click <a href=\"https:\/\/mastorrencito.com\/\">aqui<\/a> :<\/p>\n","protected":false},"excerpt":{"rendered":"<p>Passejades felices a Mas Torrencito Ayyyy, quins records tan llunyans per\u00f2 tan vius al meu cor&#8230; Si tanco els ullets, puc tornar a sentir la brisa d&#8217;aquelles passejades i el so del riu a Mas Torrencito. Quins dies aquells! L&#8217;heroic rescat de Manuela al riu de Mas Torrencito Era una rutina que m&#8217;omplia de felicitat. [&hellip;]<\/p>\n","protected":false},"author":2,"featured_media":4751,"comment_status":"open","ping_status":"open","sticky":false,"template":"","format":"standard","meta":{"_acf_changed":false,"footnotes":""},"categories":[35],"tags":[],"class_list":["post-4662","post","type-post","status-publish","format-standard","has-post-thumbnail","hentry","category-histories-mastorrencito"],"yoast_head":"<!-- This site is optimized with the Yoast SEO Premium plugin v27.3 (Yoast SEO v27.5) - https:\/\/yoast.com\/product\/yoast-seo-premium-wordpress\/ -->\n<title>L&#039;heroic rescat de Manuela al riu de Mas Torrencito - Mas Torrencito CAT<\/title>\n<meta name=\"description\" content=\"Descobreix l&#039;emocionant hist\u00f2ria de Manuela, que va rescatar Rodrigo, un petit cadell, dels perillosos corrents del riu\" \/>\n<meta name=\"robots\" content=\"index, follow, max-snippet:-1, max-image-preview:large, max-video-preview:-1\" \/>\n<link rel=\"canonical\" href=\"https:\/\/mastorrencito.com\/cat\/lheroic-rescat-de-manuela-al-riu-de-mas-torrencito\/\" \/>\n<meta property=\"og:locale\" content=\"es_ES\" \/>\n<meta property=\"og:type\" content=\"article\" \/>\n<meta property=\"og:title\" content=\"L&#039;heroic rescat de Manuela al riu de Mas Torrencito\" \/>\n<meta property=\"og:description\" content=\"Descobreix l&#039;emocionant hist\u00f2ria de Manuela, que va rescatar Rodrigo, un petit cadell, dels perillosos corrents del riu\" \/>\n<meta property=\"og:url\" content=\"https:\/\/mastorrencito.com\/cat\/lheroic-rescat-de-manuela-al-riu-de-mas-torrencito\/\" \/>\n<meta property=\"og:site_name\" content=\"Mas Torrencito CAT\" \/>\n<meta property=\"article:published_time\" content=\"2024-10-17T04:43:55+00:00\" \/>\n<meta property=\"og:image\" content=\"https:\/\/mastorrencito.com\/cat\/wp-content\/uploads\/sites\/3\/manuela_rio.jpg\" \/>\n\t<meta property=\"og:image:width\" content=\"1024\" \/>\n\t<meta property=\"og:image:height\" content=\"1024\" \/>\n\t<meta property=\"og:image:type\" content=\"image\/jpeg\" \/>\n<meta name=\"author\" content=\"Mastorrencito\" \/>\n<meta name=\"twitter:card\" content=\"summary_large_image\" \/>\n<meta name=\"twitter:label1\" content=\"Escrito por\" \/>\n\t<meta name=\"twitter:data1\" content=\"Mastorrencito\" \/>\n\t<meta name=\"twitter:label2\" content=\"Tiempo de lectura\" \/>\n\t<meta name=\"twitter:data2\" content=\"4 minutos\" \/>\n<script type=\"application\/ld+json\" class=\"yoast-schema-graph\">{\"@context\":\"https:\\\/\\\/schema.org\",\"@graph\":[{\"@type\":\"Article\",\"@id\":\"https:\\\/\\\/mastorrencito.com\\\/cat\\\/lheroic-rescat-de-manuela-al-riu-de-mas-torrencito\\\/#article\",\"isPartOf\":{\"@id\":\"https:\\\/\\\/mastorrencito.com\\\/cat\\\/lheroic-rescat-de-manuela-al-riu-de-mas-torrencito\\\/\"},\"author\":{\"name\":\"Mastorrencito\",\"@id\":\"https:\\\/\\\/mastorrencito.com\\\/#\\\/schema\\\/person\\\/18c619be80d4ae2667c702911625f790\"},\"headline\":\"L&#8217;heroic rescat de Manuela al riu de Mas Torrencito\",\"datePublished\":\"2024-10-17T04:43:55+00:00\",\"mainEntityOfPage\":{\"@id\":\"https:\\\/\\\/mastorrencito.com\\\/cat\\\/lheroic-rescat-de-manuela-al-riu-de-mas-torrencito\\\/\"},\"wordCount\":764,\"commentCount\":0,\"publisher\":{\"@id\":\"https:\\\/\\\/mastorrencito.com\\\/#organization\"},\"image\":{\"@id\":\"https:\\\/\\\/mastorrencito.com\\\/cat\\\/lheroic-rescat-de-manuela-al-riu-de-mas-torrencito\\\/#primaryimage\"},\"thumbnailUrl\":\"https:\\\/\\\/mastorrencito.com\\\/cat\\\/wp-content\\\/uploads\\\/sites\\\/3\\\/manuela_rio.jpg\",\"articleSection\":[\"Hist\u00f2ries Mastorrencito\"],\"inLanguage\":\"es\",\"potentialAction\":[{\"@type\":\"CommentAction\",\"name\":\"Comment\",\"target\":[\"https:\\\/\\\/mastorrencito.com\\\/cat\\\/lheroic-rescat-de-manuela-al-riu-de-mas-torrencito\\\/#respond\"]}]},{\"@type\":\"WebPage\",\"@id\":\"https:\\\/\\\/mastorrencito.com\\\/cat\\\/lheroic-rescat-de-manuela-al-riu-de-mas-torrencito\\\/\",\"url\":\"https:\\\/\\\/mastorrencito.com\\\/cat\\\/lheroic-rescat-de-manuela-al-riu-de-mas-torrencito\\\/\",\"name\":\"L'heroic rescat de Manuela al riu de Mas Torrencito - Mas Torrencito CAT\",\"isPartOf\":{\"@id\":\"https:\\\/\\\/mastorrencito.com\\\/#website\"},\"primaryImageOfPage\":{\"@id\":\"https:\\\/\\\/mastorrencito.com\\\/cat\\\/lheroic-rescat-de-manuela-al-riu-de-mas-torrencito\\\/#primaryimage\"},\"image\":{\"@id\":\"https:\\\/\\\/mastorrencito.com\\\/cat\\\/lheroic-rescat-de-manuela-al-riu-de-mas-torrencito\\\/#primaryimage\"},\"thumbnailUrl\":\"https:\\\/\\\/mastorrencito.com\\\/cat\\\/wp-content\\\/uploads\\\/sites\\\/3\\\/manuela_rio.jpg\",\"datePublished\":\"2024-10-17T04:43:55+00:00\",\"description\":\"Descobreix l'emocionant hist\u00f2ria de Manuela, que va rescatar Rodrigo, un petit cadell, dels perillosos corrents del riu\",\"breadcrumb\":{\"@id\":\"https:\\\/\\\/mastorrencito.com\\\/cat\\\/lheroic-rescat-de-manuela-al-riu-de-mas-torrencito\\\/#breadcrumb\"},\"inLanguage\":\"es\",\"potentialAction\":[{\"@type\":\"ReadAction\",\"target\":[\"https:\\\/\\\/mastorrencito.com\\\/cat\\\/lheroic-rescat-de-manuela-al-riu-de-mas-torrencito\\\/\"]}]},{\"@type\":\"ImageObject\",\"inLanguage\":\"es\",\"@id\":\"https:\\\/\\\/mastorrencito.com\\\/cat\\\/lheroic-rescat-de-manuela-al-riu-de-mas-torrencito\\\/#primaryimage\",\"url\":\"https:\\\/\\\/mastorrencito.com\\\/cat\\\/wp-content\\\/uploads\\\/sites\\\/3\\\/manuela_rio.jpg\",\"contentUrl\":\"https:\\\/\\\/mastorrencito.com\\\/cat\\\/wp-content\\\/uploads\\\/sites\\\/3\\\/manuela_rio.jpg\",\"width\":1024,\"height\":1024},{\"@type\":\"BreadcrumbList\",\"@id\":\"https:\\\/\\\/mastorrencito.com\\\/cat\\\/lheroic-rescat-de-manuela-al-riu-de-mas-torrencito\\\/#breadcrumb\",\"itemListElement\":[{\"@type\":\"ListItem\",\"position\":1,\"name\":\"Portada\",\"item\":\"https:\\\/\\\/mastorrencito.com\\\/\"},{\"@type\":\"ListItem\",\"position\":2,\"name\":\"L&#8217;heroic rescat de Manuela al riu de Mas Torrencito\"}]},{\"@type\":\"WebSite\",\"@id\":\"https:\\\/\\\/mastorrencito.com\\\/#website\",\"url\":\"https:\\\/\\\/mastorrencito.com\\\/\",\"name\":\"Mas Torrencito CAT\",\"description\":\"Casa rural pet friendly en Girona\",\"publisher\":{\"@id\":\"https:\\\/\\\/mastorrencito.com\\\/#organization\"},\"potentialAction\":[{\"@type\":\"SearchAction\",\"target\":{\"@type\":\"EntryPoint\",\"urlTemplate\":\"https:\\\/\\\/mastorrencito.com\\\/?s={search_term_string}\"},\"query-input\":{\"@type\":\"PropertyValueSpecification\",\"valueRequired\":true,\"valueName\":\"search_term_string\"}}],\"inLanguage\":\"es\"},{\"@type\":\"Organization\",\"@id\":\"https:\\\/\\\/mastorrencito.com\\\/#organization\",\"name\":\"Mas Torrencito CAT\",\"url\":\"https:\\\/\\\/mastorrencito.com\\\/\",\"logo\":{\"@type\":\"ImageObject\",\"inLanguage\":\"es\",\"@id\":\"https:\\\/\\\/mastorrencito.com\\\/#\\\/schema\\\/logo\\\/image\\\/\",\"url\":\"https:\\\/\\\/mastorrencito.com\\\/cat\\\/wp-content\\\/uploads\\\/sites\\\/3\\\/Logo-Mastorrencito-horizontal.webp\",\"contentUrl\":\"https:\\\/\\\/mastorrencito.com\\\/cat\\\/wp-content\\\/uploads\\\/sites\\\/3\\\/Logo-Mastorrencito-horizontal.webp\",\"width\":161,\"height\":54,\"caption\":\"Mas Torrencito CAT\"},\"image\":{\"@id\":\"https:\\\/\\\/mastorrencito.com\\\/#\\\/schema\\\/logo\\\/image\\\/\"}},{\"@type\":\"Person\",\"@id\":\"https:\\\/\\\/mastorrencito.com\\\/#\\\/schema\\\/person\\\/18c619be80d4ae2667c702911625f790\",\"name\":\"Mastorrencito\",\"image\":{\"@type\":\"ImageObject\",\"inLanguage\":\"es\",\"@id\":\"https:\\\/\\\/secure.gravatar.com\\\/avatar\\\/3ef55e0519f987a734c21caee1423b51df7b760b7d81a38ecd31cab0a5115f6d?s=96&d=mm&r=g\",\"url\":\"https:\\\/\\\/secure.gravatar.com\\\/avatar\\\/3ef55e0519f987a734c21caee1423b51df7b760b7d81a38ecd31cab0a5115f6d?s=96&d=mm&r=g\",\"contentUrl\":\"https:\\\/\\\/secure.gravatar.com\\\/avatar\\\/3ef55e0519f987a734c21caee1423b51df7b760b7d81a38ecd31cab0a5115f6d?s=96&d=mm&r=g\",\"caption\":\"Mastorrencito\"},\"url\":\"https:\\\/\\\/mastorrencito.com\\\/cat\\\/author\\\/mastorrencito\\\/\"}]}<\/script>\n<!-- \/ Yoast SEO Premium plugin. -->","yoast_head_json":{"title":"L'heroic rescat de Manuela al riu de Mas Torrencito - Mas Torrencito CAT","description":"Descobreix l'emocionant hist\u00f2ria de Manuela, que va rescatar Rodrigo, un petit cadell, dels perillosos corrents del riu","robots":{"index":"index","follow":"follow","max-snippet":"max-snippet:-1","max-image-preview":"max-image-preview:large","max-video-preview":"max-video-preview:-1"},"canonical":"https:\/\/mastorrencito.com\/cat\/lheroic-rescat-de-manuela-al-riu-de-mas-torrencito\/","og_locale":"es_ES","og_type":"article","og_title":"L'heroic rescat de Manuela al riu de Mas Torrencito","og_description":"Descobreix l'emocionant hist\u00f2ria de Manuela, que va rescatar Rodrigo, un petit cadell, dels perillosos corrents del riu","og_url":"https:\/\/mastorrencito.com\/cat\/lheroic-rescat-de-manuela-al-riu-de-mas-torrencito\/","og_site_name":"Mas Torrencito CAT","article_published_time":"2024-10-17T04:43:55+00:00","og_image":[{"width":1024,"height":1024,"url":"https:\/\/mastorrencito.com\/cat\/wp-content\/uploads\/sites\/3\/manuela_rio.jpg","type":"image\/jpeg"}],"author":"Mastorrencito","twitter_card":"summary_large_image","twitter_misc":{"Escrito por":"Mastorrencito","Tiempo de lectura":"4 minutos"},"schema":{"@context":"https:\/\/schema.org","@graph":[{"@type":"Article","@id":"https:\/\/mastorrencito.com\/cat\/lheroic-rescat-de-manuela-al-riu-de-mas-torrencito\/#article","isPartOf":{"@id":"https:\/\/mastorrencito.com\/cat\/lheroic-rescat-de-manuela-al-riu-de-mas-torrencito\/"},"author":{"name":"Mastorrencito","@id":"https:\/\/mastorrencito.com\/#\/schema\/person\/18c619be80d4ae2667c702911625f790"},"headline":"L&#8217;heroic rescat de Manuela al riu de Mas Torrencito","datePublished":"2024-10-17T04:43:55+00:00","mainEntityOfPage":{"@id":"https:\/\/mastorrencito.com\/cat\/lheroic-rescat-de-manuela-al-riu-de-mas-torrencito\/"},"wordCount":764,"commentCount":0,"publisher":{"@id":"https:\/\/mastorrencito.com\/#organization"},"image":{"@id":"https:\/\/mastorrencito.com\/cat\/lheroic-rescat-de-manuela-al-riu-de-mas-torrencito\/#primaryimage"},"thumbnailUrl":"https:\/\/mastorrencito.com\/cat\/wp-content\/uploads\/sites\/3\/manuela_rio.jpg","articleSection":["Hist\u00f2ries Mastorrencito"],"inLanguage":"es","potentialAction":[{"@type":"CommentAction","name":"Comment","target":["https:\/\/mastorrencito.com\/cat\/lheroic-rescat-de-manuela-al-riu-de-mas-torrencito\/#respond"]}]},{"@type":"WebPage","@id":"https:\/\/mastorrencito.com\/cat\/lheroic-rescat-de-manuela-al-riu-de-mas-torrencito\/","url":"https:\/\/mastorrencito.com\/cat\/lheroic-rescat-de-manuela-al-riu-de-mas-torrencito\/","name":"L'heroic rescat de Manuela al riu de Mas Torrencito - Mas Torrencito CAT","isPartOf":{"@id":"https:\/\/mastorrencito.com\/#website"},"primaryImageOfPage":{"@id":"https:\/\/mastorrencito.com\/cat\/lheroic-rescat-de-manuela-al-riu-de-mas-torrencito\/#primaryimage"},"image":{"@id":"https:\/\/mastorrencito.com\/cat\/lheroic-rescat-de-manuela-al-riu-de-mas-torrencito\/#primaryimage"},"thumbnailUrl":"https:\/\/mastorrencito.com\/cat\/wp-content\/uploads\/sites\/3\/manuela_rio.jpg","datePublished":"2024-10-17T04:43:55+00:00","description":"Descobreix l'emocionant hist\u00f2ria de Manuela, que va rescatar Rodrigo, un petit cadell, dels perillosos corrents del riu","breadcrumb":{"@id":"https:\/\/mastorrencito.com\/cat\/lheroic-rescat-de-manuela-al-riu-de-mas-torrencito\/#breadcrumb"},"inLanguage":"es","potentialAction":[{"@type":"ReadAction","target":["https:\/\/mastorrencito.com\/cat\/lheroic-rescat-de-manuela-al-riu-de-mas-torrencito\/"]}]},{"@type":"ImageObject","inLanguage":"es","@id":"https:\/\/mastorrencito.com\/cat\/lheroic-rescat-de-manuela-al-riu-de-mas-torrencito\/#primaryimage","url":"https:\/\/mastorrencito.com\/cat\/wp-content\/uploads\/sites\/3\/manuela_rio.jpg","contentUrl":"https:\/\/mastorrencito.com\/cat\/wp-content\/uploads\/sites\/3\/manuela_rio.jpg","width":1024,"height":1024},{"@type":"BreadcrumbList","@id":"https:\/\/mastorrencito.com\/cat\/lheroic-rescat-de-manuela-al-riu-de-mas-torrencito\/#breadcrumb","itemListElement":[{"@type":"ListItem","position":1,"name":"Portada","item":"https:\/\/mastorrencito.com\/"},{"@type":"ListItem","position":2,"name":"L&#8217;heroic rescat de Manuela al riu de Mas Torrencito"}]},{"@type":"WebSite","@id":"https:\/\/mastorrencito.com\/#website","url":"https:\/\/mastorrencito.com\/","name":"Mas Torrencito CAT","description":"Casa rural pet friendly en Girona","publisher":{"@id":"https:\/\/mastorrencito.com\/#organization"},"potentialAction":[{"@type":"SearchAction","target":{"@type":"EntryPoint","urlTemplate":"https:\/\/mastorrencito.com\/?s={search_term_string}"},"query-input":{"@type":"PropertyValueSpecification","valueRequired":true,"valueName":"search_term_string"}}],"inLanguage":"es"},{"@type":"Organization","@id":"https:\/\/mastorrencito.com\/#organization","name":"Mas Torrencito CAT","url":"https:\/\/mastorrencito.com\/","logo":{"@type":"ImageObject","inLanguage":"es","@id":"https:\/\/mastorrencito.com\/#\/schema\/logo\/image\/","url":"https:\/\/mastorrencito.com\/cat\/wp-content\/uploads\/sites\/3\/Logo-Mastorrencito-horizontal.webp","contentUrl":"https:\/\/mastorrencito.com\/cat\/wp-content\/uploads\/sites\/3\/Logo-Mastorrencito-horizontal.webp","width":161,"height":54,"caption":"Mas Torrencito CAT"},"image":{"@id":"https:\/\/mastorrencito.com\/#\/schema\/logo\/image\/"}},{"@type":"Person","@id":"https:\/\/mastorrencito.com\/#\/schema\/person\/18c619be80d4ae2667c702911625f790","name":"Mastorrencito","image":{"@type":"ImageObject","inLanguage":"es","@id":"https:\/\/secure.gravatar.com\/avatar\/3ef55e0519f987a734c21caee1423b51df7b760b7d81a38ecd31cab0a5115f6d?s=96&d=mm&r=g","url":"https:\/\/secure.gravatar.com\/avatar\/3ef55e0519f987a734c21caee1423b51df7b760b7d81a38ecd31cab0a5115f6d?s=96&d=mm&r=g","contentUrl":"https:\/\/secure.gravatar.com\/avatar\/3ef55e0519f987a734c21caee1423b51df7b760b7d81a38ecd31cab0a5115f6d?s=96&d=mm&r=g","caption":"Mastorrencito"},"url":"https:\/\/mastorrencito.com\/cat\/author\/mastorrencito\/"}]}},"acf":[],"_links":{"self":[{"href":"https:\/\/mastorrencito.com\/cat\/wp-json\/wp\/v2\/posts\/4662","targetHints":{"allow":["GET"]}}],"collection":[{"href":"https:\/\/mastorrencito.com\/cat\/wp-json\/wp\/v2\/posts"}],"about":[{"href":"https:\/\/mastorrencito.com\/cat\/wp-json\/wp\/v2\/types\/post"}],"author":[{"embeddable":true,"href":"https:\/\/mastorrencito.com\/cat\/wp-json\/wp\/v2\/users\/2"}],"replies":[{"embeddable":true,"href":"https:\/\/mastorrencito.com\/cat\/wp-json\/wp\/v2\/comments?post=4662"}],"version-history":[{"count":0,"href":"https:\/\/mastorrencito.com\/cat\/wp-json\/wp\/v2\/posts\/4662\/revisions"}],"wp:featuredmedia":[{"embeddable":true,"href":"https:\/\/mastorrencito.com\/cat\/wp-json\/wp\/v2\/media\/4751"}],"wp:attachment":[{"href":"https:\/\/mastorrencito.com\/cat\/wp-json\/wp\/v2\/media?parent=4662"}],"wp:term":[{"taxonomy":"category","embeddable":true,"href":"https:\/\/mastorrencito.com\/cat\/wp-json\/wp\/v2\/categories?post=4662"},{"taxonomy":"post_tag","embeddable":true,"href":"https:\/\/mastorrencito.com\/cat\/wp-json\/wp\/v2\/tags?post=4662"}],"curies":[{"name":"wp","href":"https:\/\/api.w.org\/{rel}","templated":true}]}}