{"id":4661,"date":"2024-10-19T09:31:03","date_gmt":"2024-10-19T09:31:03","guid":{"rendered":"https:\/\/casaruralconperrosgirona.com\/que-es-viure-a-mas-torrencito-una-historia-de-pau-natura-i-gossets-felicos\/"},"modified":"2024-10-19T09:31:03","modified_gmt":"2024-10-19T09:31:03","slug":"que-es-viure-a-mas-torrencito-una-historia-de-pau-natura-i-gossets-felicos","status":"publish","type":"post","link":"https:\/\/mastorrencito.com\/cat\/que-es-viure-a-mas-torrencito-una-historia-de-pau-natura-i-gossets-felicos\/","title":{"rendered":"Qu\u00e8 \u00e9s viure a Mas Torrencito: Una Hist\u00f2ria de Pau, Natura i Gossets Feli\u00e7os"},"content":{"rendered":"\n<hr class=\"wp-block-separator has-alpha-channel-opacity\" \/>\n\n<p>Qui m&#8217;havia de dir a mi fa uns anys que acabaria tan b\u00e9\u2026 Perqu\u00e8, de veritat, la vida fa m\u00e9s voltes que jo amb un GPS sense bateria. I vaja si he donat voltes! Qu\u00e8 \u00e9s viure a Mas Torrencito: Una Hist\u00f2ria de Pau, Natura i Gossets Feli\u00e7os  <\/p>\n\n<p>Per\u00f2 si m&#8217;haguessin dit llavors que acabaria en un lloc com <em>Mas Torrencito<\/em> , envoltat de jardins, boscos, gossets i clients que semblen sortits d&#8217;un conte, hauria pensat que m&#8217;estaven prenent els cabells.<\/p>\n\n<p>Mira que jo s\u00f3c de Salamanca, una terra de bona gent i bon menjar, per\u00f2 aqu\u00ed s\u00f3c, a la Catalunya m\u00e9s profunda, i encantat! Compte, que si m&#8217;ho haguessin dit, hauria imaginat acabar en una ciutat gran, com a m\u00ednim Barcelona! Jo era m\u00e9s de ciutat que no pas una rotonda. Les ciutats eren el meu: moviment, llums, gent, soroll\u2026 Tot aix\u00f2 em feia vidilla. I no \u00e9s que li tingu\u00e9s por de moure&#8217;m, perqu\u00e8 ja havia canviat de ciutat diverses vegades per feina, i aix\u00f2 mai no em va treure el son. No tenia aquest aferrament familiar o de \u201cla meva terra \u00e9s la meva terra\u201d, per\u00f2, amic, com canvien les coses.     <\/p>\n\n<h4 class=\"wp-block-heading\">L&#8217;aferrament: Viure a Mas Torrencito<\/h4>\n\n<p>Ara \u00e9s totalment diferent. Aquest aferrament que mai vaig tenir ha florit com un jard\u00ed a la primavera. Ara sento una connexi\u00f3 tremenda amb aquesta terra, amb la pau, la gent, els costums. I, et dic m\u00e9s, l&#8217;altre dia que vam tornar a Madrid i Salamanca, \u00a1em vaig quedar flipant!     <\/p>\n\n<p>Hi era, enmig del caos de cotxes i gent amb pressa, i no parava de pensar: \u201cCom dimonis vaig poder viure aqu\u00ed? Com no em vaig tornar boig amb tanta pressa i tant estr\u00e8s?\u201d. \u00c9s que ens acostumem al que sigui, per\u00f2 ara, despr\u00e9s d&#8217;estar envoltat de tant verd i tant silenci, tornar-hi va ser com enganxar-se un bany en aigua gelada. <\/p>\n\n<p>I ja no m&#8217;imagino la vida sense els meus gossos o sense els meus clients. I aix\u00f2 de viure en un pis? Ni de broma! Encara que, escolta, la vida t&#8217;ensenya a adaptar-te a tot, per\u00f2 ara que estic acostumat a tenir una cuina de 40 metres i un rebost que sembla m\u00e9s gran que el meu antic sal\u00f3, com tornar\u00e9 a quatre parets amb un ascensor? Jajajaja! No, no, que a m\u00e9s el millor de tot \u00e9s sortir al mat\u00ed al jard\u00ed i escoltar nom\u00e9s els ocellets i la brisa.       <\/p>\n\n<h3 class=\"wp-block-heading\">Apreciar all\u00f2 que es t\u00e9.<\/h3>\n\n<p>Aix\u00f2 \u00e9s luxe del bo. Tornar a la vida a la ciutat seria complicat, sobretot el dia a dia: sortir de casa, agafar un ascensor i obrir la porta per trobar-me amb un caos de tr\u00e0nsit i gent corrent. Va ser com quan vam anar l&#8217;altre dia a Logronyo i vam passar per aquest carrer ple de bars. D\u00e9u meu! Quin estr\u00e8s! Gaireb\u00e9 em fa un jamacuc en veure tanta gent junta! I aix\u00f2 que s\u00f3c de ciutat, per\u00f2 despr\u00e9s d&#8217;estar acostumat al camp\u2026        <\/p>\n\n<p>No vegis el xoc! Encara que, b\u00e9, no et mentir\u00e9, als deu minuts ja estava integrad\u00edssim, com si res, per\u00f2 la meva cara en arribar\u2026 Gaireb\u00e9 em d\u00f3na un patat\u00fas! Igual que quan vam arribar a Madrid i vam fer el recorregut per La Castellana, on hi havia m\u00e9s cotxes aquella estona que en els 3.000 quil\u00f2metres que hav\u00edem recorregut en tres dies per \u201cles Espanyes\u201d. Aix\u00f2 va ser un altre m\u00f3n, t&#8217;ho dic.   <\/p>\n\n<h3 class=\"wp-block-heading\">Sempre afortunat. Viure a Mas Torrencito. Qu\u00e8 \u00e9s viure a Mas Torrencito: Una Hist\u00f2ria de Pau, Natura i Gossets Feli\u00e7os  <\/h3>\n\n<p>Per\u00f2 mira, el que tinc clar\u00edssim \u00e9s que s\u00f3c molt afortunat. La vida ha estat generosa amb mi en salut (en diners una mica menys, i donarem la culpa al COVID i els punyeters cr\u00e8dits ICO, que ja \u00e9s una altra hist\u00f2ria). El millor de tot \u00e9s estar envoltat de bona gent, ja siguin amics, fam\u00edlia o clients, perqu\u00e8 aix\u00f2 sense ells no seria el mateix. I no m&#8217;oblido de Mire, que t\u00e9 el cel guanyat per aguantar-me, no s\u00e9 com ho fa, de deb\u00f2! Jajajaja! M&#8217;aguanta a mi, als gossos, ia sobre sempre hi ha un somriure.     <\/p>\n\n<p>Parlant de clients, que s\u00f3n el meu pa de cada dia, et dic que sense ells no podria viure aix\u00ed. \u00c9s clar que no! El 98% de vegades s\u00f3n macos, encara que sempre hi ha alguna an\u00e8cdota divertida amb ells, per\u00f2 la veritat \u00e9s que ells s\u00f3n els que fan que jo pugui seguir aqu\u00ed, amb la meva vida de camp i pau. Sense ells, mal, com es diu aqu\u00ed.   <\/p>\n\n<h3 class=\"wp-block-heading\">On millor&#8230;?<\/h3>\n\n<p>I despr\u00e9s hi ha el tema dels gossos, tant els meus com els dels clients. Aix\u00f2 s\u00ed que em t\u00e9 sempre en tensi\u00f3! Perqu\u00e8 no saps qu\u00e8 \u00e9s fins que vius aqu\u00ed: cada vegada que ve un client nou amb el seu gos, jo ja estic amb el cor en un puny. \u201cCom ser\u00e0 el gosset d&#8217;avui? Es portar\u00e0 b\u00e9 amb els meus? Ser\u00e0 d&#8217;aquells que semblen peluixos gegants per\u00f2 que et deixen anar un grunyit que et deixa tes? O ser\u00e0 un bon\u00e0s des del principi?\u201d.     <\/p>\n\n<p>Us dic que no \u00e9s f\u00e0cil. El dia que veig la foto d&#8217;un gosset immens\u2026 Ai, mare! Ja m&#8217;imagino que arrasar\u00e0 amb tot, i despr\u00e9s resulta ser un tros de pa que ni borda. Per\u00f2 \u00e9s el que t\u00e9 el cap, sempre pensant el pitjor\u2026 o no?   <\/p>\n\n<p>Al final, el que \u00e9s clar \u00e9s que tinc molta sort. La vida a <em>Mas Torrencito<\/em> \u00e9s un regal, envoltat de natura, bons amics, gossos i tranquil\u00b7litat. Aix\u00f2 s\u00ed, la vida rural no \u00e9s per a tothom, per\u00f2 per a mi ara mateix \u00e9s el millor que m&#8217;ha passat. I si algun dia passes per aqu\u00ed, no t&#8217;oblidis de saludar, i porta algun regal per als gossets, que ells tamb\u00e9 s&#8217;ho mereixen!   <\/p>\n\n<p><br \/><strong>Feli\u00e7 Dissabte a tothom!<\/strong> \ud83d\ude0a<\/p>\n\n<p>\u2014\u2013<br \/> Si voleu, podeu veure els nostres bons ofertes per a caps de setmana, bons jubilats, \u2026 a <a href=\"https:\/\/www.mastorrencito.com\/\">www.mastorrencito.com<\/a> o si vols llegir m\u00e9s hist\u00f2ria,.. fes click <a href=\"https:\/\/mastorrencito.com\/\">aqui<\/a> :<\/p>\n\n<p><\/p>\n","protected":false},"excerpt":{"rendered":"<p>Qui m&#8217;havia de dir a mi fa uns anys que acabaria tan b\u00e9\u2026 Perqu\u00e8, de veritat, la vida fa m\u00e9s voltes que jo amb un GPS sense bateria. I vaja si he donat voltes! Qu\u00e8 \u00e9s viure a Mas Torrencito: Una Hist\u00f2ria de Pau, Natura i Gossets Feli\u00e7os Per\u00f2 si m&#8217;haguessin dit llavors que acabaria [&hellip;]<\/p>\n","protected":false},"author":2,"featured_media":4752,"comment_status":"open","ping_status":"open","sticky":false,"template":"","format":"standard","meta":{"_acf_changed":false,"footnotes":""},"categories":[35],"tags":[],"class_list":["post-4661","post","type-post","status-publish","format-standard","has-post-thumbnail","hentry","category-histories-mastorrencito"],"yoast_head":"<!-- This site is optimized with the Yoast SEO Premium plugin v27.3 (Yoast SEO v27.5) - https:\/\/yoast.com\/product\/yoast-seo-premium-wordpress\/ -->\n<title>Qu\u00e8 \u00e9s viure a Mas Torrencito: Una Hist\u00f2ria de Pau, Natura i Gossets Feli\u00e7os<\/title>\n<meta name=\"description\" content=\"Descobreix com la vida a Mas Torrencito, un parad\u00eds rural a l&#039;Empord\u00e0, es va convertir en un rec\u00e9s de pau per a Miguel i els seus gossos\" \/>\n<meta name=\"robots\" content=\"index, follow, max-snippet:-1, max-image-preview:large, max-video-preview:-1\" \/>\n<link rel=\"canonical\" href=\"https:\/\/mastorrencito.com\/cat\/que-es-viure-a-mas-torrencito-una-historia-de-pau-natura-i-gossets-felicos\/\" \/>\n<meta property=\"og:locale\" content=\"es_ES\" \/>\n<meta property=\"og:type\" content=\"article\" \/>\n<meta property=\"og:title\" content=\"Qu\u00e8 \u00e9s viure a Mas Torrencito: Una Hist\u00f2ria de Pau, Natura i Gossets Feli\u00e7os\" \/>\n<meta property=\"og:description\" content=\"Descobreix com la vida a Mas Torrencito, un parad\u00eds rural a l&#039;Empord\u00e0, es va convertir en un rec\u00e9s de pau per a Miguel i els seus gossos\" \/>\n<meta property=\"og:url\" content=\"https:\/\/mastorrencito.com\/cat\/que-es-viure-a-mas-torrencito-una-historia-de-pau-natura-i-gossets-felicos\/\" \/>\n<meta property=\"og:site_name\" content=\"Mas Torrencito CAT\" \/>\n<meta property=\"article:published_time\" content=\"2024-10-19T09:31:03+00:00\" \/>\n<meta property=\"og:image\" content=\"https:\/\/mastorrencito.com\/cat\/wp-content\/uploads\/sites\/3\/mato.jpg\" \/>\n\t<meta property=\"og:image:width\" content=\"1024\" \/>\n\t<meta property=\"og:image:height\" content=\"1024\" \/>\n\t<meta property=\"og:image:type\" content=\"image\/jpeg\" \/>\n<meta name=\"author\" content=\"Mastorrencito\" \/>\n<meta name=\"twitter:card\" content=\"summary_large_image\" \/>\n<meta name=\"twitter:label1\" content=\"Escrito por\" \/>\n\t<meta name=\"twitter:data1\" content=\"Mastorrencito\" \/>\n\t<meta name=\"twitter:label2\" content=\"Tiempo de lectura\" \/>\n\t<meta name=\"twitter:data2\" content=\"6 minutos\" \/>\n<script type=\"application\/ld+json\" class=\"yoast-schema-graph\">{\"@context\":\"https:\\\/\\\/schema.org\",\"@graph\":[{\"@type\":\"Article\",\"@id\":\"https:\\\/\\\/mastorrencito.com\\\/cat\\\/que-es-viure-a-mas-torrencito-una-historia-de-pau-natura-i-gossets-felicos\\\/#article\",\"isPartOf\":{\"@id\":\"https:\\\/\\\/mastorrencito.com\\\/cat\\\/que-es-viure-a-mas-torrencito-una-historia-de-pau-natura-i-gossets-felicos\\\/\"},\"author\":{\"name\":\"Mastorrencito\",\"@id\":\"https:\\\/\\\/mastorrencito.com\\\/#\\\/schema\\\/person\\\/18c619be80d4ae2667c702911625f790\"},\"headline\":\"Qu\u00e8 \u00e9s viure a Mas Torrencito: Una Hist\u00f2ria de Pau, Natura i Gossets Feli\u00e7os\",\"datePublished\":\"2024-10-19T09:31:03+00:00\",\"mainEntityOfPage\":{\"@id\":\"https:\\\/\\\/mastorrencito.com\\\/cat\\\/que-es-viure-a-mas-torrencito-una-historia-de-pau-natura-i-gossets-felicos\\\/\"},\"wordCount\":1073,\"commentCount\":0,\"publisher\":{\"@id\":\"https:\\\/\\\/mastorrencito.com\\\/#organization\"},\"image\":{\"@id\":\"https:\\\/\\\/mastorrencito.com\\\/cat\\\/que-es-viure-a-mas-torrencito-una-historia-de-pau-natura-i-gossets-felicos\\\/#primaryimage\"},\"thumbnailUrl\":\"https:\\\/\\\/mastorrencito.com\\\/cat\\\/wp-content\\\/uploads\\\/sites\\\/3\\\/mato.jpg\",\"articleSection\":[\"Hist\u00f2ries Mastorrencito\"],\"inLanguage\":\"es\",\"potentialAction\":[{\"@type\":\"CommentAction\",\"name\":\"Comment\",\"target\":[\"https:\\\/\\\/mastorrencito.com\\\/cat\\\/que-es-viure-a-mas-torrencito-una-historia-de-pau-natura-i-gossets-felicos\\\/#respond\"]}]},{\"@type\":\"WebPage\",\"@id\":\"https:\\\/\\\/mastorrencito.com\\\/cat\\\/que-es-viure-a-mas-torrencito-una-historia-de-pau-natura-i-gossets-felicos\\\/\",\"url\":\"https:\\\/\\\/mastorrencito.com\\\/cat\\\/que-es-viure-a-mas-torrencito-una-historia-de-pau-natura-i-gossets-felicos\\\/\",\"name\":\"Qu\u00e8 \u00e9s viure a Mas Torrencito: Una Hist\u00f2ria de Pau, Natura i Gossets Feli\u00e7os\",\"isPartOf\":{\"@id\":\"https:\\\/\\\/mastorrencito.com\\\/#website\"},\"primaryImageOfPage\":{\"@id\":\"https:\\\/\\\/mastorrencito.com\\\/cat\\\/que-es-viure-a-mas-torrencito-una-historia-de-pau-natura-i-gossets-felicos\\\/#primaryimage\"},\"image\":{\"@id\":\"https:\\\/\\\/mastorrencito.com\\\/cat\\\/que-es-viure-a-mas-torrencito-una-historia-de-pau-natura-i-gossets-felicos\\\/#primaryimage\"},\"thumbnailUrl\":\"https:\\\/\\\/mastorrencito.com\\\/cat\\\/wp-content\\\/uploads\\\/sites\\\/3\\\/mato.jpg\",\"datePublished\":\"2024-10-19T09:31:03+00:00\",\"description\":\"Descobreix com la vida a Mas Torrencito, un parad\u00eds rural a l'Empord\u00e0, es va convertir en un rec\u00e9s de pau per a Miguel i els seus gossos\",\"breadcrumb\":{\"@id\":\"https:\\\/\\\/mastorrencito.com\\\/cat\\\/que-es-viure-a-mas-torrencito-una-historia-de-pau-natura-i-gossets-felicos\\\/#breadcrumb\"},\"inLanguage\":\"es\",\"potentialAction\":[{\"@type\":\"ReadAction\",\"target\":[\"https:\\\/\\\/mastorrencito.com\\\/cat\\\/que-es-viure-a-mas-torrencito-una-historia-de-pau-natura-i-gossets-felicos\\\/\"]}]},{\"@type\":\"ImageObject\",\"inLanguage\":\"es\",\"@id\":\"https:\\\/\\\/mastorrencito.com\\\/cat\\\/que-es-viure-a-mas-torrencito-una-historia-de-pau-natura-i-gossets-felicos\\\/#primaryimage\",\"url\":\"https:\\\/\\\/mastorrencito.com\\\/cat\\\/wp-content\\\/uploads\\\/sites\\\/3\\\/mato.jpg\",\"contentUrl\":\"https:\\\/\\\/mastorrencito.com\\\/cat\\\/wp-content\\\/uploads\\\/sites\\\/3\\\/mato.jpg\",\"width\":1024,\"height\":1024},{\"@type\":\"BreadcrumbList\",\"@id\":\"https:\\\/\\\/mastorrencito.com\\\/cat\\\/que-es-viure-a-mas-torrencito-una-historia-de-pau-natura-i-gossets-felicos\\\/#breadcrumb\",\"itemListElement\":[{\"@type\":\"ListItem\",\"position\":1,\"name\":\"Portada\",\"item\":\"https:\\\/\\\/mastorrencito.com\\\/\"},{\"@type\":\"ListItem\",\"position\":2,\"name\":\"Qu\u00e8 \u00e9s viure a Mas Torrencito: Una Hist\u00f2ria de Pau, Natura i Gossets Feli\u00e7os\"}]},{\"@type\":\"WebSite\",\"@id\":\"https:\\\/\\\/mastorrencito.com\\\/#website\",\"url\":\"https:\\\/\\\/mastorrencito.com\\\/\",\"name\":\"Mas Torrencito CAT\",\"description\":\"Casa rural pet friendly en Girona\",\"publisher\":{\"@id\":\"https:\\\/\\\/mastorrencito.com\\\/#organization\"},\"potentialAction\":[{\"@type\":\"SearchAction\",\"target\":{\"@type\":\"EntryPoint\",\"urlTemplate\":\"https:\\\/\\\/mastorrencito.com\\\/?s={search_term_string}\"},\"query-input\":{\"@type\":\"PropertyValueSpecification\",\"valueRequired\":true,\"valueName\":\"search_term_string\"}}],\"inLanguage\":\"es\"},{\"@type\":\"Organization\",\"@id\":\"https:\\\/\\\/mastorrencito.com\\\/#organization\",\"name\":\"Mas Torrencito CAT\",\"url\":\"https:\\\/\\\/mastorrencito.com\\\/\",\"logo\":{\"@type\":\"ImageObject\",\"inLanguage\":\"es\",\"@id\":\"https:\\\/\\\/mastorrencito.com\\\/#\\\/schema\\\/logo\\\/image\\\/\",\"url\":\"https:\\\/\\\/mastorrencito.com\\\/cat\\\/wp-content\\\/uploads\\\/sites\\\/3\\\/Logo-Mastorrencito-horizontal.webp\",\"contentUrl\":\"https:\\\/\\\/mastorrencito.com\\\/cat\\\/wp-content\\\/uploads\\\/sites\\\/3\\\/Logo-Mastorrencito-horizontal.webp\",\"width\":161,\"height\":54,\"caption\":\"Mas Torrencito CAT\"},\"image\":{\"@id\":\"https:\\\/\\\/mastorrencito.com\\\/#\\\/schema\\\/logo\\\/image\\\/\"}},{\"@type\":\"Person\",\"@id\":\"https:\\\/\\\/mastorrencito.com\\\/#\\\/schema\\\/person\\\/18c619be80d4ae2667c702911625f790\",\"name\":\"Mastorrencito\",\"image\":{\"@type\":\"ImageObject\",\"inLanguage\":\"es\",\"@id\":\"https:\\\/\\\/secure.gravatar.com\\\/avatar\\\/3ef55e0519f987a734c21caee1423b51df7b760b7d81a38ecd31cab0a5115f6d?s=96&d=mm&r=g\",\"url\":\"https:\\\/\\\/secure.gravatar.com\\\/avatar\\\/3ef55e0519f987a734c21caee1423b51df7b760b7d81a38ecd31cab0a5115f6d?s=96&d=mm&r=g\",\"contentUrl\":\"https:\\\/\\\/secure.gravatar.com\\\/avatar\\\/3ef55e0519f987a734c21caee1423b51df7b760b7d81a38ecd31cab0a5115f6d?s=96&d=mm&r=g\",\"caption\":\"Mastorrencito\"},\"url\":\"https:\\\/\\\/mastorrencito.com\\\/cat\\\/author\\\/mastorrencito\\\/\"}]}<\/script>\n<!-- \/ Yoast SEO Premium plugin. -->","yoast_head_json":{"title":"Qu\u00e8 \u00e9s viure a Mas Torrencito: Una Hist\u00f2ria de Pau, Natura i Gossets Feli\u00e7os","description":"Descobreix com la vida a Mas Torrencito, un parad\u00eds rural a l'Empord\u00e0, es va convertir en un rec\u00e9s de pau per a Miguel i els seus gossos","robots":{"index":"index","follow":"follow","max-snippet":"max-snippet:-1","max-image-preview":"max-image-preview:large","max-video-preview":"max-video-preview:-1"},"canonical":"https:\/\/mastorrencito.com\/cat\/que-es-viure-a-mas-torrencito-una-historia-de-pau-natura-i-gossets-felicos\/","og_locale":"es_ES","og_type":"article","og_title":"Qu\u00e8 \u00e9s viure a Mas Torrencito: Una Hist\u00f2ria de Pau, Natura i Gossets Feli\u00e7os","og_description":"Descobreix com la vida a Mas Torrencito, un parad\u00eds rural a l'Empord\u00e0, es va convertir en un rec\u00e9s de pau per a Miguel i els seus gossos","og_url":"https:\/\/mastorrencito.com\/cat\/que-es-viure-a-mas-torrencito-una-historia-de-pau-natura-i-gossets-felicos\/","og_site_name":"Mas Torrencito CAT","article_published_time":"2024-10-19T09:31:03+00:00","og_image":[{"width":1024,"height":1024,"url":"https:\/\/mastorrencito.com\/cat\/wp-content\/uploads\/sites\/3\/mato.jpg","type":"image\/jpeg"}],"author":"Mastorrencito","twitter_card":"summary_large_image","twitter_misc":{"Escrito por":"Mastorrencito","Tiempo de lectura":"6 minutos"},"schema":{"@context":"https:\/\/schema.org","@graph":[{"@type":"Article","@id":"https:\/\/mastorrencito.com\/cat\/que-es-viure-a-mas-torrencito-una-historia-de-pau-natura-i-gossets-felicos\/#article","isPartOf":{"@id":"https:\/\/mastorrencito.com\/cat\/que-es-viure-a-mas-torrencito-una-historia-de-pau-natura-i-gossets-felicos\/"},"author":{"name":"Mastorrencito","@id":"https:\/\/mastorrencito.com\/#\/schema\/person\/18c619be80d4ae2667c702911625f790"},"headline":"Qu\u00e8 \u00e9s viure a Mas Torrencito: Una Hist\u00f2ria de Pau, Natura i Gossets Feli\u00e7os","datePublished":"2024-10-19T09:31:03+00:00","mainEntityOfPage":{"@id":"https:\/\/mastorrencito.com\/cat\/que-es-viure-a-mas-torrencito-una-historia-de-pau-natura-i-gossets-felicos\/"},"wordCount":1073,"commentCount":0,"publisher":{"@id":"https:\/\/mastorrencito.com\/#organization"},"image":{"@id":"https:\/\/mastorrencito.com\/cat\/que-es-viure-a-mas-torrencito-una-historia-de-pau-natura-i-gossets-felicos\/#primaryimage"},"thumbnailUrl":"https:\/\/mastorrencito.com\/cat\/wp-content\/uploads\/sites\/3\/mato.jpg","articleSection":["Hist\u00f2ries Mastorrencito"],"inLanguage":"es","potentialAction":[{"@type":"CommentAction","name":"Comment","target":["https:\/\/mastorrencito.com\/cat\/que-es-viure-a-mas-torrencito-una-historia-de-pau-natura-i-gossets-felicos\/#respond"]}]},{"@type":"WebPage","@id":"https:\/\/mastorrencito.com\/cat\/que-es-viure-a-mas-torrencito-una-historia-de-pau-natura-i-gossets-felicos\/","url":"https:\/\/mastorrencito.com\/cat\/que-es-viure-a-mas-torrencito-una-historia-de-pau-natura-i-gossets-felicos\/","name":"Qu\u00e8 \u00e9s viure a Mas Torrencito: Una Hist\u00f2ria de Pau, Natura i Gossets Feli\u00e7os","isPartOf":{"@id":"https:\/\/mastorrencito.com\/#website"},"primaryImageOfPage":{"@id":"https:\/\/mastorrencito.com\/cat\/que-es-viure-a-mas-torrencito-una-historia-de-pau-natura-i-gossets-felicos\/#primaryimage"},"image":{"@id":"https:\/\/mastorrencito.com\/cat\/que-es-viure-a-mas-torrencito-una-historia-de-pau-natura-i-gossets-felicos\/#primaryimage"},"thumbnailUrl":"https:\/\/mastorrencito.com\/cat\/wp-content\/uploads\/sites\/3\/mato.jpg","datePublished":"2024-10-19T09:31:03+00:00","description":"Descobreix com la vida a Mas Torrencito, un parad\u00eds rural a l'Empord\u00e0, es va convertir en un rec\u00e9s de pau per a Miguel i els seus gossos","breadcrumb":{"@id":"https:\/\/mastorrencito.com\/cat\/que-es-viure-a-mas-torrencito-una-historia-de-pau-natura-i-gossets-felicos\/#breadcrumb"},"inLanguage":"es","potentialAction":[{"@type":"ReadAction","target":["https:\/\/mastorrencito.com\/cat\/que-es-viure-a-mas-torrencito-una-historia-de-pau-natura-i-gossets-felicos\/"]}]},{"@type":"ImageObject","inLanguage":"es","@id":"https:\/\/mastorrencito.com\/cat\/que-es-viure-a-mas-torrencito-una-historia-de-pau-natura-i-gossets-felicos\/#primaryimage","url":"https:\/\/mastorrencito.com\/cat\/wp-content\/uploads\/sites\/3\/mato.jpg","contentUrl":"https:\/\/mastorrencito.com\/cat\/wp-content\/uploads\/sites\/3\/mato.jpg","width":1024,"height":1024},{"@type":"BreadcrumbList","@id":"https:\/\/mastorrencito.com\/cat\/que-es-viure-a-mas-torrencito-una-historia-de-pau-natura-i-gossets-felicos\/#breadcrumb","itemListElement":[{"@type":"ListItem","position":1,"name":"Portada","item":"https:\/\/mastorrencito.com\/"},{"@type":"ListItem","position":2,"name":"Qu\u00e8 \u00e9s viure a Mas Torrencito: Una Hist\u00f2ria de Pau, Natura i Gossets Feli\u00e7os"}]},{"@type":"WebSite","@id":"https:\/\/mastorrencito.com\/#website","url":"https:\/\/mastorrencito.com\/","name":"Mas Torrencito CAT","description":"Casa rural pet friendly en Girona","publisher":{"@id":"https:\/\/mastorrencito.com\/#organization"},"potentialAction":[{"@type":"SearchAction","target":{"@type":"EntryPoint","urlTemplate":"https:\/\/mastorrencito.com\/?s={search_term_string}"},"query-input":{"@type":"PropertyValueSpecification","valueRequired":true,"valueName":"search_term_string"}}],"inLanguage":"es"},{"@type":"Organization","@id":"https:\/\/mastorrencito.com\/#organization","name":"Mas Torrencito CAT","url":"https:\/\/mastorrencito.com\/","logo":{"@type":"ImageObject","inLanguage":"es","@id":"https:\/\/mastorrencito.com\/#\/schema\/logo\/image\/","url":"https:\/\/mastorrencito.com\/cat\/wp-content\/uploads\/sites\/3\/Logo-Mastorrencito-horizontal.webp","contentUrl":"https:\/\/mastorrencito.com\/cat\/wp-content\/uploads\/sites\/3\/Logo-Mastorrencito-horizontal.webp","width":161,"height":54,"caption":"Mas Torrencito CAT"},"image":{"@id":"https:\/\/mastorrencito.com\/#\/schema\/logo\/image\/"}},{"@type":"Person","@id":"https:\/\/mastorrencito.com\/#\/schema\/person\/18c619be80d4ae2667c702911625f790","name":"Mastorrencito","image":{"@type":"ImageObject","inLanguage":"es","@id":"https:\/\/secure.gravatar.com\/avatar\/3ef55e0519f987a734c21caee1423b51df7b760b7d81a38ecd31cab0a5115f6d?s=96&d=mm&r=g","url":"https:\/\/secure.gravatar.com\/avatar\/3ef55e0519f987a734c21caee1423b51df7b760b7d81a38ecd31cab0a5115f6d?s=96&d=mm&r=g","contentUrl":"https:\/\/secure.gravatar.com\/avatar\/3ef55e0519f987a734c21caee1423b51df7b760b7d81a38ecd31cab0a5115f6d?s=96&d=mm&r=g","caption":"Mastorrencito"},"url":"https:\/\/mastorrencito.com\/cat\/author\/mastorrencito\/"}]}},"acf":[],"_links":{"self":[{"href":"https:\/\/mastorrencito.com\/cat\/wp-json\/wp\/v2\/posts\/4661","targetHints":{"allow":["GET"]}}],"collection":[{"href":"https:\/\/mastorrencito.com\/cat\/wp-json\/wp\/v2\/posts"}],"about":[{"href":"https:\/\/mastorrencito.com\/cat\/wp-json\/wp\/v2\/types\/post"}],"author":[{"embeddable":true,"href":"https:\/\/mastorrencito.com\/cat\/wp-json\/wp\/v2\/users\/2"}],"replies":[{"embeddable":true,"href":"https:\/\/mastorrencito.com\/cat\/wp-json\/wp\/v2\/comments?post=4661"}],"version-history":[{"count":0,"href":"https:\/\/mastorrencito.com\/cat\/wp-json\/wp\/v2\/posts\/4661\/revisions"}],"wp:featuredmedia":[{"embeddable":true,"href":"https:\/\/mastorrencito.com\/cat\/wp-json\/wp\/v2\/media\/4752"}],"wp:attachment":[{"href":"https:\/\/mastorrencito.com\/cat\/wp-json\/wp\/v2\/media?parent=4661"}],"wp:term":[{"taxonomy":"category","embeddable":true,"href":"https:\/\/mastorrencito.com\/cat\/wp-json\/wp\/v2\/categories?post=4661"},{"taxonomy":"post_tag","embeddable":true,"href":"https:\/\/mastorrencito.com\/cat\/wp-json\/wp\/v2\/tags?post=4661"}],"curies":[{"name":"wp","href":"https:\/\/api.w.org\/{rel}","templated":true}]}}