{"id":4660,"date":"2024-10-20T05:28:49","date_gmt":"2024-10-20T05:28:49","guid":{"rendered":"https:\/\/casaruralconperrosgirona.com\/tres-dies-per-oblidar-o-per-comptar-mil-vegades\/"},"modified":"2024-10-20T05:28:49","modified_gmt":"2024-10-20T05:28:49","slug":"tres-dies-per-oblidar-o-per-comptar-mil-vegades","status":"publish","type":"post","link":"https:\/\/mastorrencito.com\/cat\/tres-dies-per-oblidar-o-per-comptar-mil-vegades\/","title":{"rendered":"Tres dies per oblidar\u2026 o per comptar mil vegades"},"content":{"rendered":"\n<p>Ayyy, quins tres dies per oblidar\u2026 \ud83d\ude29 Si pogu\u00e9s fer <em>reset<\/em> a la vida, et juro que ho faria ara mateix. Mare meva! Perqu\u00e8 hi ha estades que et marquen, per\u00f2 aquesta\u2026 aquesta va ser d&#8217;aquelles que et deixen desitjant que s&#8217;inventi la m\u00e0quina del temps per esborrar-la. Tres dies per oblidar\u2026 o per comptar mil vegades   <\/p>\n\n<p>I la fam\u00edlia, en aquells temps, va ser la definici\u00f3 perfecta de \u201cper oblidar\u201d. \ud83d\ude05<\/p>\n\n<h4 class=\"wp-block-heading\">Els primers senyals de caos: El bene\u00eft WhatsApp<\/h4>\n\n<p><br \/>Sabeu aquesta sensaci\u00f3 quan alg\u00fa amb prou feines arriba i l&#8217;\u00fanic que desitges \u00e9s que se&#8217;n vagin, com m\u00e9s aviat millor? \ud83e\udd26 Doncs aix\u00f2 va ser el que ens va passar amb aquesta fam\u00edlia tan, per\u00f2 TAN peculiar. <\/p>\n\n<p>Tot va comen\u00e7ar amb el primer indici que la cosa no aniria b\u00e9: el bene\u00eft WhatsApp. \ud83d\udcf1 Tot just ho obro i ja noto aquesta vibraci\u00f3 de \u00abaix\u00f2 sortir\u00e0 malament\u00bb. Una resposta escarida, freda, d&#8217;aquelles que et fan pensar \u201cprepara&#8217;t\u201d. Per\u00f2 b\u00e9, no s\u00f3c endev\u00ed, encara que us juro que aquesta conversa era una premonici\u00f3 del que es venia.   <\/p>\n\n<h5 class=\"wp-block-heading\"><strong>La trucada puntual i la confusi\u00f3 del codi<\/strong> . Tres dies per oblidar\u2026 o per comptar mil vegades <\/h5>\n\n<p>La trucada, aix\u00f2 s\u00ed, puntual a m\u00e9s no poder. Exactament a les 11.00. Ni un segon abans, ni un despr\u00e9s. \u23f0<\/p>\n\n<p>\u2014Som aqu\u00ed i la porta no s&#8217;obre \u2014em diuen, com si fos culpa meva que l&#8217;univers conspir\u00e9s contra ells.<br \/>\u2014Heu posat el codi? \u2014els pregunto, aguantant les maneres com un sant.<br \/> \u2014Quin codi? \ud83d\ude12<br \/> \u2014El que us vaig enviar per WhatsApp\u2026<br \/> \u2014No ho he vist. <\/p>\n\n<p>En aquell moment, vaig sentir com l&#8217;\u00e0nima m&#8217;abandonava lentament\u2026 per\u00f2 all\u00e0 que vaig, com un heroi tr\u00e0gic, a donar-los el male\u00eft codi en persona. I hi s\u00f3n, tan frescos, ni un \u00abgr\u00e0cies\u00bb, ni un \u00abperdona\u00bb, res. Nom\u00e9s un sec \u201cJa\u201d quan l&#8217;introdueixen i\u2026 entren. \ud83d\udeaa<\/p>\n\n<h4 class=\"wp-block-heading\"><strong>Un ral\u00b7li per la costa i l&#8217;aparici\u00f3 de \u201cLa Senyora\u201d<\/strong><\/h4>\n\n<p>Per\u00f2, compte! Entren com si estiguessin en un ral\u00b7li, baixant la costa a tota velocitat. \ud83d\ude97\ud83d\udca8 I jo pensant: \u00abNom\u00e9s falta que atropellin alg\u00fa, els nens, els gossets\u2026\u00bb. I, de sobte, baixa ella. <strong>La senyora<\/strong> . I quan dic \u00absenyora\u00bb, no us imagineu una dol\u00e7a \u00e0via. No. Va baixar una dona gran, corpulenta, amb cara de pocs amics. \ud83d\ude20 Es dirigeix \u200b\u200bcap a mi sense saludar ni mirar ning\u00fa m\u00e9s i deixa anar, com qui reclama el seu regne perdut:       <\/p>\n\n<p>\u2014On \u00e9s l&#8217;amo? \ud83d\ude10<br \/> \u2014S\u00f3c jo\u2026 bon dia \u2014li responc, intentant mantenir el paio.<br \/> \u2014Tinc una habitaci\u00f3 reservada. Quin \u00e9s? <\/p>\n\n<p>El m\u00e9s normal, fins aqu\u00ed. Tret que els anteriors hostes encara estaven acabant de recollir les seves coses. Aix\u00ed que li explico:  <\/p>\n\n<p>\u2014Encara no est\u00e0 preparada, els hostes segueixen aqu\u00ed. Per\u00f2 si vol, puc ensenyar-li les instal\u00b7lacions mentre netegem l&#8217;habitaci\u00f3, i quan estigui a punt, us aviso. <\/p>\n\n<h4 class=\"wp-block-heading\">I llavors arriba la joia de la corona: Tres dies per oblidar\u2026 o per comptar mil vegades<\/h4>\n\n<p>\u2014Doncs quina vergonya \u2014em deixa anar sense tallar-se ni un p\u00e8l.<br \/> \u2014Senyora, a la reserva i al WhatsApp li ho expliquem ben clar: poden venir a les 11:00, per\u00f2 si l&#8217;habitaci\u00f3 no est\u00e0 a punt, poden gaudir de la casa mentre esperen. \ud83c\udfe1<br \/> \u2014Per gaudir d&#8217;una casa, em quedo a la meva. \ud83e\udd28<\/p>\n\n<p>Zas! Aqu\u00ed em va deixar, com qui llan\u00e7a un dard enverinat. \ud83c\udfaf Em vaig quedar un segon pensant \u00abQu\u00e8 li dic jo ara?\u00bb. I amb tota la paci\u00e8ncia del m\u00f3n, li suggereixo:   <\/p>\n\n<p>\u2014B\u00e9, si prefereix, poden fer una volta i quan estigui tot llest, l&#8217;aviso.<\/p>\n\n<h4 class=\"wp-block-heading\">El primer \u00abno gr\u00e0cies\u00bb i el segon \u00abara no puc\u00bb<\/h4>\n\n<p>Se&#8217;n va anar tal com havia arribat: amb la mateixa mala llet i, per descomptat, deixant anar algun comentari desagradable pel cam\u00ed. \ud83d\ude24<\/p>\n\n<p>A aix\u00f2 de les 12:15, fidel a la meva paraula, li truco per dir-li que la seva habitaci\u00f3 est\u00e0 a punt. I la seva resposta, amb tot l'\u00bbencant\u00bb que ja m&#8217;esperava, va ser: <\/p>\n\n<p>\u2014No pensar\u00e0s que deixar\u00e9 de fer coses per l&#8217;habitaci\u00f3. Ja arribarem quan vulguem. \ud83d\ude44<\/p>\n\n<p><strong>Genial.<\/strong>  O sigui, que aix\u00f2 de la puntualitat era nom\u00e9s per arribar a estressar-nos, per\u00f2 despr\u00e9s podien venir \u00abquan els doni la gana\u00bb. Respiro fondo, compto fins a deu i segueixo amb la meva vida. Mentrestant, tot seguia el curs a Mas Torrencito. Els altres clients van venir, tot en ordre. Res fora del normal, com sempre\u2026 fins que arribem a les 21:00. I <strong>la senyora<\/strong> encara sense apar\u00e8ixer. \ud83e\udd37     <\/p>\n\n<h4 class=\"wp-block-heading\">La trucada nocturna i la gran sorpresa. Tres dies per oblidar\u2026 o per comptar mil vegades <\/h4>\n\n<p>Aix\u00ed que la truco, perqu\u00e8 ja m&#8217;estava comen\u00e7ant a preocupar (i tamb\u00e9 perqu\u00e8, francament, no em venia de gust tancar sense saber si venien).<\/p>\n\n<p>\u2014Bones NOCHESSS \u2014li dic, amb el millor somriure telef\u00f2nic que vaig poder posar.<br \/> \u2014Digui \u2014respon amb el to de qui no est\u00e0 per a bromes.<br \/> \u2014Li truco de Mas Torrencito, tenien una habitaci\u00f3 reservada, han estat aqu\u00ed aquest mat\u00ed\u2026<br \/> \u2014Ja s\u00e9 que hi he estat. I ara s\u00f3c aqu\u00ed. \ud83d\ude12<br \/> \u2014Per\u00f2\u2026 pensen venir?<br \/> \u2014S\u00ed, quan acabem de sopar. \ud83c\udf7d\ufe0f<br \/> \u2014\u00c9s que tanquem a les 22:30, senyora, i aqu\u00ed no hi queda ning\u00fa despr\u00e9s d&#8217;aquella hora.<br \/> \u2014I qu\u00e8 vols, que m&#8217;aixequi ara mateix? \ud83e\udd28 <\/p>\n\n<p>Respiro, perqu\u00e8 les ganes de cridar ja estaven a punt de desbordar-se.<\/p>\n\n<p>\u2014Nom\u00e9s li comento els horaris. Si hagu\u00e9s volgut veure l&#8217;habitaci\u00f3 aquest mat\u00ed, no hi hauria cap problema, per\u00f2 \u00e9s que ni tan sols sap quina \u00e9s.<br \/> \u2014Doncs que m&#8217;ho digui el de recepci\u00f3.<br \/> \u2014El de recepci\u00f3 s\u00f3c jo, senyora. I me&#8217;n vaig al llit a les 23:00 perqu\u00e8 dem\u00e0 m&#8217;aixeco a les 5:00 per preparar els esmorzars. \ud83c\udf73 <\/p>\n\n<p>Despr\u00e9s d&#8217;uns segons de silenci inc\u00f2mode, finalment hi accedeix.<\/p>\n\n<p>\u2014D&#8217;acord, anem cap all\u00e0.<\/p>\n\n<p><strong>Cinc minuts<\/strong> . Ni un m\u00e9s, ni un de menys. Cinc minuts i ja eren a la porta. \ud83e\udd14 Estic gaireb\u00e9 segur que estaven sopant un entrep\u00e0 al cotxe esperant que els crid\u00e9s. \ud83d\ude02<\/p>\n\n<p>Arriben i, sorpresa, segueix sense apar\u00e8ixer el marit. No s\u00e9 si el tenia amagat al cotxe, com qui guarda un secret. Li ensenya tot: el bar, el menjador, el chill-out, i finalment la seva habitaci\u00f3.  <\/p>\n\n<p>\u2014B\u00e9, aix\u00f2 \u00e9s el que hi ha, tot b\u00e9? -li pregunto, esperant algun signe d&#8217;humanitat.<br \/> \u2014M&#8217;esperava una altra cosa\u2026 per\u00f2 b\u00e9, a hores d&#8217;ara ja no puc canviar. \ud83d\ude12 <\/p>\n\n<p>Pren ja! Me les donava d&#8217;endev\u00ed: sabia que diria alguna cosa aix\u00ed! Per\u00f2 no m&#8217;aturo aqu\u00ed.  <\/p>\n\n<p>\u2014L&#8217;esmorzar \u00e9s de 8.00 a 10.30. I si volen un caf\u00e8 despr\u00e9s, sempre hi ha les cafeteres enceses. \u2615<br \/> \u2014Jo vull esmorzar a les 11.00.<br \/> \u2014Doncs al bar del poble, perqu\u00e8 aqu\u00ed fins a les 10.30\u2026 despr\u00e9s recollim.<\/p>\n\n<h4 class=\"wp-block-heading\">El gran tancament: El Checkout que va salvar el dia. Tres dies per oblidar\u2026 o per comptar mil vegades <\/h4>\n\n<p>Me&#8217;n vaig directe a la cuina, li explico a la Mireia ia uns amics que hi eren la tragicom\u00e8dia del dia, i ens vam trencar de riure. \ud83e\udd23 Pujo al llit, per\u00f2 no passen ni 30 minuts quan la Mireia entra i em diu que la senyora vol parlar amb mi. Jo, ja a la vora del col\u00b7lapse, li dic:  <\/p>\n\n<p>\u2014No li has dit que estic dormint? \ud83d\ude11<br \/> \u2014S\u00ed, per\u00f2 hi insisteix.<\/p>\n\n<p>Aix\u00ed que m&#8217;aixeco, baixo i em trobo la senyora, amb la seva habitual cara d&#8217;indignaci\u00f3.<\/p>\n\n<p>\u2014Aix\u00f2 no \u00e9s el que es veu a la web. \ud83e\udd28<br \/> \u2014Perd\u00f3? Quina web ha vist vost\u00e8? La nostra p\u00e0gina reflecteix el que hi ha.<br \/> \u2014I l&#8217;spa? \ud83e\uddd0<br \/> \u2014Quin spa? Nosaltres no tenim spa!   <br \/>\u2014Doncs jo ho he vist. Aix\u00f2 d&#8217;internet nom\u00e9s serveix per enganyar-nos.<br \/> \u2014No, senyora. Internet \u00e9s per als que saben llegir. Si no us agrada, aneu-vos. Si no, ens veiem dem\u00e0. Bona nit. \ud83d\ude34 <\/p>\n\n<p><strong>I aix\u00ed vaig tancar el dia<\/strong> , amb aquesta resposta magistral que em va sortir de l&#8217;\u00e0nima.<\/p>\n\n<p>L&#8217;esmorzar va ser una altra odissea. La senyora m&#8217;esperava com qui enfrontar\u00e0 el seu enemic mortal. El marit, el gos\u2026 inexistents. No s\u00e9 si me&#8217;ls vaig imaginar o qu\u00e8, per\u00f2 per descomptat no els vaig veure. Despr\u00e9s de diversos intents fallits de fer que tot fos normal, va arribar el glori\u00f3s moment del <em>checkout<\/em> . \ud83e\udd32     <\/p>\n\n<p>Ni li vaig preguntar com havia anat l&#8217;estada. Li vaig fer el compte, va pagar i\u2026 ad\u00e9u molt bones! No s\u00e9 si vaig cobrar el marit, el gos, o si eren ens invisibles, per\u00f2 l&#8217;important \u00e9s que se&#8217;n van anar. \ud83d\ude05<\/p>\n\n<p>La pau va tornar a Mas Torrencito com una brisa fresca. \ud83c\udf3f Sabeu aquesta sensaci\u00f3 de relax profund? <strong>Aquesta<\/strong> . Com quan et treus una sabata inc\u00f2mode despr\u00e9s d&#8217;hores caminant. I \u00e9s quan penses: hi ha gent que simplement no sap gaudir de la vida, o pitjor encara, no es pot gaudir a si mateixa. Per\u00f2 almenys ja eren fora. \u270c\ufe0f     <\/p>\n\n<p><strong><br \/>Feli\u00e7 Diumenge a tots!<\/strong> i que el vostre gos us acompanyi!!!\ud83d\ude0a<\/p>\n\n<p>\u2014\u2013<br \/> Si voleu, podeu veure els nostres bons ofertes per a caps de setmana, bons jubilats, \u2026 a <a href=\"https:\/\/www.mastorrencito.com\/\">www.mastorrencito.com<\/a> o si vols llegir m\u00e9s hist\u00f2ria,.. fes click <a href=\"https:\/\/mastorrencito.com\/\">aqui<\/a> :<\/p>\n","protected":false},"excerpt":{"rendered":"<p>Ayyy, quins tres dies per oblidar\u2026 \ud83d\ude29 Si pogu\u00e9s fer reset a la vida, et juro que ho faria ara mateix. Mare meva! Perqu\u00e8 hi ha estades que et marquen, per\u00f2 aquesta\u2026 aquesta va ser d&#8217;aquelles que et deixen desitjant que s&#8217;inventi la m\u00e0quina del temps per esborrar-la. Tres dies per oblidar\u2026 o per comptar [&hellip;]<\/p>\n","protected":false},"author":2,"featured_media":4753,"comment_status":"open","ping_status":"open","sticky":false,"template":"","format":"standard","meta":{"_acf_changed":false,"footnotes":""},"categories":[35],"tags":[],"class_list":["post-4660","post","type-post","status-publish","format-standard","has-post-thumbnail","hentry","category-histories-mastorrencito"],"yoast_head":"<!-- This site is optimized with the Yoast SEO Premium plugin v27.3 (Yoast SEO v27.5) - https:\/\/yoast.com\/product\/yoast-seo-premium-wordpress\/ -->\n<title>Tres dies per oblidar\u2026 o per comptar mil vegades - Mas Torrencito CAT<\/title>\n<meta name=\"description\" content=\"De com arru\u00efnar un cap de setmana a Mas Torrencito. Les males maneres i la inexistent educaci\u00f3. Per oblidar.....\" \/>\n<meta name=\"robots\" content=\"index, follow, max-snippet:-1, max-image-preview:large, max-video-preview:-1\" \/>\n<link rel=\"canonical\" href=\"https:\/\/mastorrencito.com\/cat\/tres-dies-per-oblidar-o-per-comptar-mil-vegades\/\" \/>\n<meta property=\"og:locale\" content=\"es_ES\" \/>\n<meta property=\"og:type\" content=\"article\" \/>\n<meta property=\"og:title\" content=\"Tres dies per oblidar\u2026 o per comptar mil vegades\" \/>\n<meta property=\"og:description\" content=\"De com arru\u00efnar un cap de setmana a Mas Torrencito. Les males maneres i la inexistent educaci\u00f3. Per oblidar.....\" \/>\n<meta property=\"og:url\" content=\"https:\/\/mastorrencito.com\/cat\/tres-dies-per-oblidar-o-per-comptar-mil-vegades\/\" \/>\n<meta property=\"og:site_name\" content=\"Mas Torrencito CAT\" \/>\n<meta property=\"article:published_time\" content=\"2024-10-20T05:28:49+00:00\" \/>\n<meta property=\"og:image\" content=\"https:\/\/mastorrencito.com\/cat\/wp-content\/uploads\/sites\/3\/senor.jpg\" \/>\n\t<meta property=\"og:image:width\" content=\"1024\" \/>\n\t<meta property=\"og:image:height\" content=\"1024\" \/>\n\t<meta property=\"og:image:type\" content=\"image\/jpeg\" \/>\n<meta name=\"author\" content=\"Mastorrencito\" \/>\n<meta name=\"twitter:card\" content=\"summary_large_image\" \/>\n<meta name=\"twitter:label1\" content=\"Escrito por\" \/>\n\t<meta name=\"twitter:data1\" content=\"Mastorrencito\" \/>\n\t<meta name=\"twitter:label2\" content=\"Tiempo de lectura\" \/>\n\t<meta name=\"twitter:data2\" content=\"7 minutos\" \/>\n<script type=\"application\/ld+json\" class=\"yoast-schema-graph\">{\"@context\":\"https:\\\/\\\/schema.org\",\"@graph\":[{\"@type\":\"Article\",\"@id\":\"https:\\\/\\\/mastorrencito.com\\\/cat\\\/tres-dies-per-oblidar-o-per-comptar-mil-vegades\\\/#article\",\"isPartOf\":{\"@id\":\"https:\\\/\\\/mastorrencito.com\\\/cat\\\/tres-dies-per-oblidar-o-per-comptar-mil-vegades\\\/\"},\"author\":{\"name\":\"Mastorrencito\",\"@id\":\"https:\\\/\\\/mastorrencito.com\\\/#\\\/schema\\\/person\\\/18c619be80d4ae2667c702911625f790\"},\"headline\":\"Tres dies per oblidar\u2026 o per comptar mil vegades\",\"datePublished\":\"2024-10-20T05:28:49+00:00\",\"mainEntityOfPage\":{\"@id\":\"https:\\\/\\\/mastorrencito.com\\\/cat\\\/tres-dies-per-oblidar-o-per-comptar-mil-vegades\\\/\"},\"wordCount\":1539,\"commentCount\":0,\"publisher\":{\"@id\":\"https:\\\/\\\/mastorrencito.com\\\/#organization\"},\"image\":{\"@id\":\"https:\\\/\\\/mastorrencito.com\\\/cat\\\/tres-dies-per-oblidar-o-per-comptar-mil-vegades\\\/#primaryimage\"},\"thumbnailUrl\":\"https:\\\/\\\/mastorrencito.com\\\/cat\\\/wp-content\\\/uploads\\\/sites\\\/3\\\/senor.jpg\",\"articleSection\":[\"Hist\u00f2ries Mastorrencito\"],\"inLanguage\":\"es\",\"potentialAction\":[{\"@type\":\"CommentAction\",\"name\":\"Comment\",\"target\":[\"https:\\\/\\\/mastorrencito.com\\\/cat\\\/tres-dies-per-oblidar-o-per-comptar-mil-vegades\\\/#respond\"]}]},{\"@type\":\"WebPage\",\"@id\":\"https:\\\/\\\/mastorrencito.com\\\/cat\\\/tres-dies-per-oblidar-o-per-comptar-mil-vegades\\\/\",\"url\":\"https:\\\/\\\/mastorrencito.com\\\/cat\\\/tres-dies-per-oblidar-o-per-comptar-mil-vegades\\\/\",\"name\":\"Tres dies per oblidar\u2026 o per comptar mil vegades - Mas Torrencito CAT\",\"isPartOf\":{\"@id\":\"https:\\\/\\\/mastorrencito.com\\\/#website\"},\"primaryImageOfPage\":{\"@id\":\"https:\\\/\\\/mastorrencito.com\\\/cat\\\/tres-dies-per-oblidar-o-per-comptar-mil-vegades\\\/#primaryimage\"},\"image\":{\"@id\":\"https:\\\/\\\/mastorrencito.com\\\/cat\\\/tres-dies-per-oblidar-o-per-comptar-mil-vegades\\\/#primaryimage\"},\"thumbnailUrl\":\"https:\\\/\\\/mastorrencito.com\\\/cat\\\/wp-content\\\/uploads\\\/sites\\\/3\\\/senor.jpg\",\"datePublished\":\"2024-10-20T05:28:49+00:00\",\"description\":\"De com arru\u00efnar un cap de setmana a Mas Torrencito. Les males maneres i la inexistent educaci\u00f3. Per oblidar.....\",\"breadcrumb\":{\"@id\":\"https:\\\/\\\/mastorrencito.com\\\/cat\\\/tres-dies-per-oblidar-o-per-comptar-mil-vegades\\\/#breadcrumb\"},\"inLanguage\":\"es\",\"potentialAction\":[{\"@type\":\"ReadAction\",\"target\":[\"https:\\\/\\\/mastorrencito.com\\\/cat\\\/tres-dies-per-oblidar-o-per-comptar-mil-vegades\\\/\"]}]},{\"@type\":\"ImageObject\",\"inLanguage\":\"es\",\"@id\":\"https:\\\/\\\/mastorrencito.com\\\/cat\\\/tres-dies-per-oblidar-o-per-comptar-mil-vegades\\\/#primaryimage\",\"url\":\"https:\\\/\\\/mastorrencito.com\\\/cat\\\/wp-content\\\/uploads\\\/sites\\\/3\\\/senor.jpg\",\"contentUrl\":\"https:\\\/\\\/mastorrencito.com\\\/cat\\\/wp-content\\\/uploads\\\/sites\\\/3\\\/senor.jpg\",\"width\":1024,\"height\":1024},{\"@type\":\"BreadcrumbList\",\"@id\":\"https:\\\/\\\/mastorrencito.com\\\/cat\\\/tres-dies-per-oblidar-o-per-comptar-mil-vegades\\\/#breadcrumb\",\"itemListElement\":[{\"@type\":\"ListItem\",\"position\":1,\"name\":\"Portada\",\"item\":\"https:\\\/\\\/mastorrencito.com\\\/\"},{\"@type\":\"ListItem\",\"position\":2,\"name\":\"Tres dies per oblidar\u2026 o per comptar mil vegades\"}]},{\"@type\":\"WebSite\",\"@id\":\"https:\\\/\\\/mastorrencito.com\\\/#website\",\"url\":\"https:\\\/\\\/mastorrencito.com\\\/\",\"name\":\"Mas Torrencito CAT\",\"description\":\"Casa rural pet friendly en Girona\",\"publisher\":{\"@id\":\"https:\\\/\\\/mastorrencito.com\\\/#organization\"},\"potentialAction\":[{\"@type\":\"SearchAction\",\"target\":{\"@type\":\"EntryPoint\",\"urlTemplate\":\"https:\\\/\\\/mastorrencito.com\\\/?s={search_term_string}\"},\"query-input\":{\"@type\":\"PropertyValueSpecification\",\"valueRequired\":true,\"valueName\":\"search_term_string\"}}],\"inLanguage\":\"es\"},{\"@type\":\"Organization\",\"@id\":\"https:\\\/\\\/mastorrencito.com\\\/#organization\",\"name\":\"Mas Torrencito CAT\",\"url\":\"https:\\\/\\\/mastorrencito.com\\\/\",\"logo\":{\"@type\":\"ImageObject\",\"inLanguage\":\"es\",\"@id\":\"https:\\\/\\\/mastorrencito.com\\\/#\\\/schema\\\/logo\\\/image\\\/\",\"url\":\"https:\\\/\\\/mastorrencito.com\\\/cat\\\/wp-content\\\/uploads\\\/sites\\\/3\\\/Logo-Mastorrencito-horizontal.webp\",\"contentUrl\":\"https:\\\/\\\/mastorrencito.com\\\/cat\\\/wp-content\\\/uploads\\\/sites\\\/3\\\/Logo-Mastorrencito-horizontal.webp\",\"width\":161,\"height\":54,\"caption\":\"Mas Torrencito CAT\"},\"image\":{\"@id\":\"https:\\\/\\\/mastorrencito.com\\\/#\\\/schema\\\/logo\\\/image\\\/\"}},{\"@type\":\"Person\",\"@id\":\"https:\\\/\\\/mastorrencito.com\\\/#\\\/schema\\\/person\\\/18c619be80d4ae2667c702911625f790\",\"name\":\"Mastorrencito\",\"image\":{\"@type\":\"ImageObject\",\"inLanguage\":\"es\",\"@id\":\"https:\\\/\\\/secure.gravatar.com\\\/avatar\\\/3ef55e0519f987a734c21caee1423b51df7b760b7d81a38ecd31cab0a5115f6d?s=96&d=mm&r=g\",\"url\":\"https:\\\/\\\/secure.gravatar.com\\\/avatar\\\/3ef55e0519f987a734c21caee1423b51df7b760b7d81a38ecd31cab0a5115f6d?s=96&d=mm&r=g\",\"contentUrl\":\"https:\\\/\\\/secure.gravatar.com\\\/avatar\\\/3ef55e0519f987a734c21caee1423b51df7b760b7d81a38ecd31cab0a5115f6d?s=96&d=mm&r=g\",\"caption\":\"Mastorrencito\"},\"url\":\"https:\\\/\\\/mastorrencito.com\\\/cat\\\/author\\\/mastorrencito\\\/\"}]}<\/script>\n<!-- \/ Yoast SEO Premium plugin. -->","yoast_head_json":{"title":"Tres dies per oblidar\u2026 o per comptar mil vegades - Mas Torrencito CAT","description":"De com arru\u00efnar un cap de setmana a Mas Torrencito. Les males maneres i la inexistent educaci\u00f3. Per oblidar.....","robots":{"index":"index","follow":"follow","max-snippet":"max-snippet:-1","max-image-preview":"max-image-preview:large","max-video-preview":"max-video-preview:-1"},"canonical":"https:\/\/mastorrencito.com\/cat\/tres-dies-per-oblidar-o-per-comptar-mil-vegades\/","og_locale":"es_ES","og_type":"article","og_title":"Tres dies per oblidar\u2026 o per comptar mil vegades","og_description":"De com arru\u00efnar un cap de setmana a Mas Torrencito. Les males maneres i la inexistent educaci\u00f3. Per oblidar.....","og_url":"https:\/\/mastorrencito.com\/cat\/tres-dies-per-oblidar-o-per-comptar-mil-vegades\/","og_site_name":"Mas Torrencito CAT","article_published_time":"2024-10-20T05:28:49+00:00","og_image":[{"width":1024,"height":1024,"url":"https:\/\/mastorrencito.com\/cat\/wp-content\/uploads\/sites\/3\/senor.jpg","type":"image\/jpeg"}],"author":"Mastorrencito","twitter_card":"summary_large_image","twitter_misc":{"Escrito por":"Mastorrencito","Tiempo de lectura":"7 minutos"},"schema":{"@context":"https:\/\/schema.org","@graph":[{"@type":"Article","@id":"https:\/\/mastorrencito.com\/cat\/tres-dies-per-oblidar-o-per-comptar-mil-vegades\/#article","isPartOf":{"@id":"https:\/\/mastorrencito.com\/cat\/tres-dies-per-oblidar-o-per-comptar-mil-vegades\/"},"author":{"name":"Mastorrencito","@id":"https:\/\/mastorrencito.com\/#\/schema\/person\/18c619be80d4ae2667c702911625f790"},"headline":"Tres dies per oblidar\u2026 o per comptar mil vegades","datePublished":"2024-10-20T05:28:49+00:00","mainEntityOfPage":{"@id":"https:\/\/mastorrencito.com\/cat\/tres-dies-per-oblidar-o-per-comptar-mil-vegades\/"},"wordCount":1539,"commentCount":0,"publisher":{"@id":"https:\/\/mastorrencito.com\/#organization"},"image":{"@id":"https:\/\/mastorrencito.com\/cat\/tres-dies-per-oblidar-o-per-comptar-mil-vegades\/#primaryimage"},"thumbnailUrl":"https:\/\/mastorrencito.com\/cat\/wp-content\/uploads\/sites\/3\/senor.jpg","articleSection":["Hist\u00f2ries Mastorrencito"],"inLanguage":"es","potentialAction":[{"@type":"CommentAction","name":"Comment","target":["https:\/\/mastorrencito.com\/cat\/tres-dies-per-oblidar-o-per-comptar-mil-vegades\/#respond"]}]},{"@type":"WebPage","@id":"https:\/\/mastorrencito.com\/cat\/tres-dies-per-oblidar-o-per-comptar-mil-vegades\/","url":"https:\/\/mastorrencito.com\/cat\/tres-dies-per-oblidar-o-per-comptar-mil-vegades\/","name":"Tres dies per oblidar\u2026 o per comptar mil vegades - Mas Torrencito CAT","isPartOf":{"@id":"https:\/\/mastorrencito.com\/#website"},"primaryImageOfPage":{"@id":"https:\/\/mastorrencito.com\/cat\/tres-dies-per-oblidar-o-per-comptar-mil-vegades\/#primaryimage"},"image":{"@id":"https:\/\/mastorrencito.com\/cat\/tres-dies-per-oblidar-o-per-comptar-mil-vegades\/#primaryimage"},"thumbnailUrl":"https:\/\/mastorrencito.com\/cat\/wp-content\/uploads\/sites\/3\/senor.jpg","datePublished":"2024-10-20T05:28:49+00:00","description":"De com arru\u00efnar un cap de setmana a Mas Torrencito. Les males maneres i la inexistent educaci\u00f3. Per oblidar.....","breadcrumb":{"@id":"https:\/\/mastorrencito.com\/cat\/tres-dies-per-oblidar-o-per-comptar-mil-vegades\/#breadcrumb"},"inLanguage":"es","potentialAction":[{"@type":"ReadAction","target":["https:\/\/mastorrencito.com\/cat\/tres-dies-per-oblidar-o-per-comptar-mil-vegades\/"]}]},{"@type":"ImageObject","inLanguage":"es","@id":"https:\/\/mastorrencito.com\/cat\/tres-dies-per-oblidar-o-per-comptar-mil-vegades\/#primaryimage","url":"https:\/\/mastorrencito.com\/cat\/wp-content\/uploads\/sites\/3\/senor.jpg","contentUrl":"https:\/\/mastorrencito.com\/cat\/wp-content\/uploads\/sites\/3\/senor.jpg","width":1024,"height":1024},{"@type":"BreadcrumbList","@id":"https:\/\/mastorrencito.com\/cat\/tres-dies-per-oblidar-o-per-comptar-mil-vegades\/#breadcrumb","itemListElement":[{"@type":"ListItem","position":1,"name":"Portada","item":"https:\/\/mastorrencito.com\/"},{"@type":"ListItem","position":2,"name":"Tres dies per oblidar\u2026 o per comptar mil vegades"}]},{"@type":"WebSite","@id":"https:\/\/mastorrencito.com\/#website","url":"https:\/\/mastorrencito.com\/","name":"Mas Torrencito CAT","description":"Casa rural pet friendly en Girona","publisher":{"@id":"https:\/\/mastorrencito.com\/#organization"},"potentialAction":[{"@type":"SearchAction","target":{"@type":"EntryPoint","urlTemplate":"https:\/\/mastorrencito.com\/?s={search_term_string}"},"query-input":{"@type":"PropertyValueSpecification","valueRequired":true,"valueName":"search_term_string"}}],"inLanguage":"es"},{"@type":"Organization","@id":"https:\/\/mastorrencito.com\/#organization","name":"Mas Torrencito CAT","url":"https:\/\/mastorrencito.com\/","logo":{"@type":"ImageObject","inLanguage":"es","@id":"https:\/\/mastorrencito.com\/#\/schema\/logo\/image\/","url":"https:\/\/mastorrencito.com\/cat\/wp-content\/uploads\/sites\/3\/Logo-Mastorrencito-horizontal.webp","contentUrl":"https:\/\/mastorrencito.com\/cat\/wp-content\/uploads\/sites\/3\/Logo-Mastorrencito-horizontal.webp","width":161,"height":54,"caption":"Mas Torrencito CAT"},"image":{"@id":"https:\/\/mastorrencito.com\/#\/schema\/logo\/image\/"}},{"@type":"Person","@id":"https:\/\/mastorrencito.com\/#\/schema\/person\/18c619be80d4ae2667c702911625f790","name":"Mastorrencito","image":{"@type":"ImageObject","inLanguage":"es","@id":"https:\/\/secure.gravatar.com\/avatar\/3ef55e0519f987a734c21caee1423b51df7b760b7d81a38ecd31cab0a5115f6d?s=96&d=mm&r=g","url":"https:\/\/secure.gravatar.com\/avatar\/3ef55e0519f987a734c21caee1423b51df7b760b7d81a38ecd31cab0a5115f6d?s=96&d=mm&r=g","contentUrl":"https:\/\/secure.gravatar.com\/avatar\/3ef55e0519f987a734c21caee1423b51df7b760b7d81a38ecd31cab0a5115f6d?s=96&d=mm&r=g","caption":"Mastorrencito"},"url":"https:\/\/mastorrencito.com\/cat\/author\/mastorrencito\/"}]}},"acf":[],"_links":{"self":[{"href":"https:\/\/mastorrencito.com\/cat\/wp-json\/wp\/v2\/posts\/4660","targetHints":{"allow":["GET"]}}],"collection":[{"href":"https:\/\/mastorrencito.com\/cat\/wp-json\/wp\/v2\/posts"}],"about":[{"href":"https:\/\/mastorrencito.com\/cat\/wp-json\/wp\/v2\/types\/post"}],"author":[{"embeddable":true,"href":"https:\/\/mastorrencito.com\/cat\/wp-json\/wp\/v2\/users\/2"}],"replies":[{"embeddable":true,"href":"https:\/\/mastorrencito.com\/cat\/wp-json\/wp\/v2\/comments?post=4660"}],"version-history":[{"count":0,"href":"https:\/\/mastorrencito.com\/cat\/wp-json\/wp\/v2\/posts\/4660\/revisions"}],"wp:featuredmedia":[{"embeddable":true,"href":"https:\/\/mastorrencito.com\/cat\/wp-json\/wp\/v2\/media\/4753"}],"wp:attachment":[{"href":"https:\/\/mastorrencito.com\/cat\/wp-json\/wp\/v2\/media?parent=4660"}],"wp:term":[{"taxonomy":"category","embeddable":true,"href":"https:\/\/mastorrencito.com\/cat\/wp-json\/wp\/v2\/categories?post=4660"},{"taxonomy":"post_tag","embeddable":true,"href":"https:\/\/mastorrencito.com\/cat\/wp-json\/wp\/v2\/tags?post=4660"}],"curies":[{"name":"wp","href":"https:\/\/api.w.org\/{rel}","templated":true}]}}