{"id":4548,"date":"2026-02-06T05:02:47","date_gmt":"2026-02-06T05:02:47","guid":{"rendered":"https:\/\/casaruralconperrosgirona.com\/%f0%9f%90%be-una-sobretaula-amb-ferran\/"},"modified":"2026-02-06T07:09:07","modified_gmt":"2026-02-06T07:09:07","slug":"%f0%9f%90%be-una-sobretaula-amb-ferran","status":"publish","type":"post","link":"https:\/\/mastorrencito.com\/cat\/%f0%9f%90%be-una-sobretaula-amb-ferran\/","title":{"rendered":"\ud83d\udc3e Una sobretaula amb Ferran"},"content":{"rendered":"\n<p><em>(o com la imaginaci\u00f3 se&#8217;t cola fins a les postres)<\/em><\/p>\n\n<p>Va ser en un dinar. D&#8217;aquelles llargues, sense pressa, amb pa amb tom\u00e0quet, vi que no s&#8217;acaba i gossos dormisquejant sota la taula. Jo parlava amb Ferran, el pare d&#8217;Alguer Miquel, cantant i \u00e0nima de Txarango, com si ens conegu\u00e9ssim de tota la vida. B\u00e9\u2026 en realitat som bons amics&#8230;. bene\u00efda imaginaci\u00f3, que sempre em senti a taula amb qui em ve de gust!    <\/p>\n\n<p>\u2014\u201cEscolta Ferran\u2026 tu que el coneixes b\u00e9\u2026 creus que el teu fill em faria una versi\u00f3 de <em>Can\u00e7ons de llibertat<\/em> , per\u00f2 dedicada a Mas Torrencito? i li ho podria dir a LLach perqu\u00e8 fes els acompanyaments, com a FEAT???? <\/p>\n\n<figure class=\"wp-block-embed is-type-video is-provider-youtube wp-block-embed-youtube wp-embed-aspect-16-9 wp-has-aspect-ratio\"><div class=\"wp-block-embed__wrapper\">\n<iframe title=\"CAN\u00c7ONS DE LLIBERTAT - Txarango feat. Llui\u0301s Llach\" width=\"800\" height=\"450\" src=\"https:\/\/www.youtube.com\/embed\/AotPMd7QTZw?feature=oembed\" frameborder=\"0\" allow=\"accelerometer; autoplay; clipboard-write; encrypted-media; gyroscope; picture-in-picture; web-share\" referrerpolicy=\"strict-origin-when-cross-origin\" allowfullscreen><\/iframe>\n<\/div><\/figure>\n\n<p>Ferran em va mirar amb aquella cara barreja de tendresa i resignaci\u00f3 de pare que ha sentit moltes bogeries abans.<\/p>\n\n<p>\u2014\u201cMiguel, al meu fill li agrada la gent que somia. Que canta baixet per no despertar la tristesa\u2026 Aix\u00ed que si li ho expliques b\u00e9, potser fins i tot te la canta ell mateix, amb Masto fent els cors i Manuela movent la cua al comp\u00e0s\u2026\u201d<\/p>\n\n<p>I aqu\u00ed va ser quan em vaig adonar que al meu cap, aquesta versi\u00f3 ja sonava. Que els lladrucs eren ritmes, que les estelades onejaven amb cada vers i que les croquetes de l&#8217;esmorzar rimaven amb \u201cllibertat\u201d. Perqu\u00e8 la imaginaci\u00f3 t\u00e9 aix\u00f2: que et treu a passejar sense corretja, et deixa asseure&#8217;t amb Ferran i demanar-li al fill una can\u00e7\u00f3 que encara no existeix\u2026 per\u00f2 que ja forma part de la teva vida.  <\/p>\n\n<p>I si algun dia l&#8217;Alguer lleg\u00eds aix\u00f2, nom\u00e9s li podria dir:<br \/><strong>gr\u00e0cies per posar m\u00fasica a qu\u00e8 molts sentim per\u00f2 no sabem dir.<\/strong><br \/> I si a m\u00e9s li posa ritme gos\u2026 ja ni t&#8217;explico.<\/p>\n\n<h3 class=\"wp-block-heading\">\ud83c\udfb6 <strong>Can\u00e7ons de llibertat \u2013 Versi\u00f3 MasTorrencito<\/strong><\/h3>\n\n<p>Som el lladruc que vas sembrar<br \/> en camps d&#8217;oblit i d&#8217;alzina,<br \/> el ress\u00f2 dels que corrien<br \/> lliures per aquesta masia.<\/p>\n\n<p>Som el poble que camina,<br \/> amb les potes i la panxa,<br \/> amb la flor a l&#8217;orella de Manuela<br \/> i el sol brillant a la piscina \u2600\ufe0f \ud83d\udc36<\/p>\n\n<p>Cantem perqu\u00e8 no us oblideu<br \/> que aqu\u00ed els gossos manen,<br \/> perqu\u00e8 ning\u00fa s&#8217;agenolli<br \/> davant del que porta la corretja atape\u00efda.<\/p>\n\n<p><strong>Sonen al vent can\u00e7ons de llibertat,<br \/> dels que van creuar valls<br \/> per poder bordar.<br \/> Sonen al vent can\u00e7ons de veritat,<br \/> i encara que vingui un client ximple\u2026<br \/> no ens podr\u00e0 callar!<\/strong><\/p>\n\n<p>Portem les empremtes del cam\u00ed,<br \/> la mem\u00f2ria a cada coix\u00ed,<br \/> una catifa plena d&#8217;hist\u00f2ries<br \/> i sof\u00e0s amb \u00e0nima peluda.<\/p>\n\n<p>Portem l&#8217;udol del bosc,<br \/> els somnis de Tristesa i de Mames,<br \/> el perfum suau a croqueta,<br \/> i el dret a viure sense g\u00e0bies.<\/p>\n\n<p>I al cant d&#8217;aquesta casa<br \/> batega forta l&#8217;esperan\u00e7a,<br \/> que ni booking, ni estrelles,<br \/> ni ressenyes ens desgasten.<\/p>\n\n<p><strong>Sonen al vent can\u00e7ons de llibertat,<br \/> dels que dormen als llits<br \/> sense demanar disculpes ja.<br \/> Sonen al vent can\u00e7ons sense corral\u2026<br \/> i aqu\u00ed a Mas Torrencito,<br \/> la dignitat no es lloga mai!<\/strong><\/p>\n\n<p><\/p>\n\n<p>Que us sembla????? SE LA DEMANEM?????????<\/p>\n\n<blockquote class=\"wp-block-quote is-layout-flow wp-block-quote-is-layout-flow\">\n<p>Des de MasTorrencito et desitgem un bon dia i que els teus gossos t&#8217;acompanyin!!<\/p>\n<\/blockquote>\n\n<p>\u2014\u2013<br \/> Si vols, pot veure els nostres bons per <a href=\"https:\/\/mastorrencito.com\/\" target=\"_blank\" rel=\"noreferrer noopener\">a<\/a> <strong>caps de setmana, bons jubilats<\/strong> , a un preu incre\u00efble.. entra a <a href=\"https:\/\/www.mastorrencito.com\/\">www.mastorrencito.com<\/a> o si vols podeu llegir m\u00e9s hist\u00f2ria i an\u00e8cdotes que ens <a href=\"https:\/\/mastorrencito.com\/es\/\">han<\/a> passat a MasTorrencito\u2026 Clickea aqui\u2026<\/p>\n","protected":false},"excerpt":{"rendered":"<p>(o com la imaginaci\u00f3 se&#8217;t cola fins a les postres) Va ser en un dinar. D&#8217;aquelles llargues, sense pressa, amb pa amb tom\u00e0quet, vi que no s&#8217;acaba i gossos dormisquejant sota la taula. Jo parlava amb Ferran, el pare d&#8217;Alguer Miquel, cantant i \u00e0nima de Txarango, com si ens conegu\u00e9ssim de tota la vida. B\u00e9\u2026 [&hellip;]<\/p>\n","protected":false},"author":2,"featured_media":4528,"comment_status":"open","ping_status":"closed","sticky":false,"template":"","format":"standard","meta":{"_acf_changed":false,"footnotes":""},"categories":[28,35],"tags":[47,65,55,42],"class_list":["post-4548","post","type-post","status-publish","format-standard","has-post-thumbnail","hentry","category-blog","category-histories-mastorrencito","tag-gironaconmascotas","tag-tourism-with-pets","tag-turismecostabrava","tag-turismoconmascotas"],"yoast_head":"<!-- This site is optimized with the Yoast SEO Premium plugin v27.3 (Yoast SEO v27.4) - https:\/\/yoast.com\/product\/yoast-seo-premium-wordpress\/ -->\n<title>\ud83d\udc3e Una sobretaula amb Ferran - Mas Torrencito CAT<\/title>\n<meta name=\"description\" content=\"Perqu\u00e8 la imaginaci\u00f3 nnaciunca dorm...... \ud83d\udc3e Una sobretaula amb Ferran by MasTorrencito Turisme petfriendly Girona\" \/>\n<meta name=\"robots\" content=\"index, follow, max-snippet:-1, max-image-preview:large, max-video-preview:-1\" \/>\n<link rel=\"canonical\" href=\"https:\/\/mastorrencito.com\/cat\/\ud83d\udc3e-una-sobretaula-amb-ferran\/\" \/>\n<meta property=\"og:locale\" content=\"es_ES\" \/>\n<meta property=\"og:type\" content=\"article\" \/>\n<meta property=\"og:title\" content=\"\ud83d\udc3e Una sobretaula amb Ferran\" \/>\n<meta property=\"og:description\" content=\"Perqu\u00e8 la imaginaci\u00f3 nnaciunca dorm...... \ud83d\udc3e Una sobretaula amb Ferran by MasTorrencito Turisme petfriendly Girona\" \/>\n<meta property=\"og:url\" content=\"https:\/\/mastorrencito.com\/cat\/\ud83d\udc3e-una-sobretaula-amb-ferran\/\" \/>\n<meta property=\"og:site_name\" content=\"Mas Torrencito CAT\" \/>\n<meta property=\"article:published_time\" content=\"2026-02-06T05:02:47+00:00\" \/>\n<meta property=\"article:modified_time\" content=\"2026-02-06T07:09:07+00:00\" \/>\n<meta property=\"og:image\" content=\"https:\/\/mastorrencito.com\/cat\/wp-content\/uploads\/sites\/3\/Captura-de-pantalla-2025-06-28-a-las-7.46.57.png\" \/>\n\t<meta property=\"og:image:width\" content=\"1452\" \/>\n\t<meta property=\"og:image:height\" content=\"816\" \/>\n\t<meta property=\"og:image:type\" content=\"image\/png\" \/>\n<meta name=\"author\" content=\"Mastorrencito\" \/>\n<meta name=\"twitter:card\" content=\"summary_large_image\" \/>\n<meta name=\"twitter:label1\" content=\"Escrito por\" \/>\n\t<meta name=\"twitter:data1\" content=\"Mastorrencito\" \/>\n\t<meta name=\"twitter:label2\" content=\"Tiempo de lectura\" \/>\n\t<meta name=\"twitter:data2\" content=\"3 minutos\" \/>\n<script type=\"application\/ld+json\" class=\"yoast-schema-graph\">{\"@context\":\"https:\\\/\\\/schema.org\",\"@graph\":[{\"@type\":\"Article\",\"@id\":\"https:\\\/\\\/mastorrencito.com\\\/cat\\\/%f0%9f%90%be-una-sobretaula-amb-ferran\\\/#article\",\"isPartOf\":{\"@id\":\"https:\\\/\\\/mastorrencito.com\\\/cat\\\/%f0%9f%90%be-una-sobretaula-amb-ferran\\\/\"},\"author\":{\"name\":\"Mastorrencito\",\"@id\":\"https:\\\/\\\/mastorrencito.com\\\/#\\\/schema\\\/person\\\/18c619be80d4ae2667c702911625f790\"},\"headline\":\"\ud83d\udc3e Una sobretaula amb Ferran\",\"datePublished\":\"2026-02-06T05:02:47+00:00\",\"dateModified\":\"2026-02-06T07:09:07+00:00\",\"mainEntityOfPage\":{\"@id\":\"https:\\\/\\\/mastorrencito.com\\\/cat\\\/%f0%9f%90%be-una-sobretaula-amb-ferran\\\/\"},\"wordCount\":599,\"commentCount\":0,\"publisher\":{\"@id\":\"https:\\\/\\\/mastorrencito.com\\\/#organization\"},\"image\":{\"@id\":\"https:\\\/\\\/mastorrencito.com\\\/cat\\\/%f0%9f%90%be-una-sobretaula-amb-ferran\\\/#primaryimage\"},\"thumbnailUrl\":\"https:\\\/\\\/mastorrencito.com\\\/cat\\\/wp-content\\\/uploads\\\/sites\\\/3\\\/Captura-de-pantalla-2025-06-28-a-las-7.46.57.png\",\"keywords\":[\"Gironaconmascotas\",\"tourism with pets\",\"turismecostabrava\",\"turismoconmascotas\"],\"articleSection\":[\"Blog\",\"Hist\u00f2ries Mastorrencito\"],\"inLanguage\":\"es\",\"potentialAction\":[{\"@type\":\"CommentAction\",\"name\":\"Comment\",\"target\":[\"https:\\\/\\\/mastorrencito.com\\\/cat\\\/%f0%9f%90%be-una-sobretaula-amb-ferran\\\/#respond\"]}]},{\"@type\":\"WebPage\",\"@id\":\"https:\\\/\\\/mastorrencito.com\\\/cat\\\/%f0%9f%90%be-una-sobretaula-amb-ferran\\\/\",\"url\":\"https:\\\/\\\/mastorrencito.com\\\/cat\\\/%f0%9f%90%be-una-sobretaula-amb-ferran\\\/\",\"name\":\"\ud83d\udc3e Una sobretaula amb Ferran - Mas Torrencito CAT\",\"isPartOf\":{\"@id\":\"https:\\\/\\\/mastorrencito.com\\\/#website\"},\"primaryImageOfPage\":{\"@id\":\"https:\\\/\\\/mastorrencito.com\\\/cat\\\/%f0%9f%90%be-una-sobretaula-amb-ferran\\\/#primaryimage\"},\"image\":{\"@id\":\"https:\\\/\\\/mastorrencito.com\\\/cat\\\/%f0%9f%90%be-una-sobretaula-amb-ferran\\\/#primaryimage\"},\"thumbnailUrl\":\"https:\\\/\\\/mastorrencito.com\\\/cat\\\/wp-content\\\/uploads\\\/sites\\\/3\\\/Captura-de-pantalla-2025-06-28-a-las-7.46.57.png\",\"datePublished\":\"2026-02-06T05:02:47+00:00\",\"dateModified\":\"2026-02-06T07:09:07+00:00\",\"description\":\"Perqu\u00e8 la imaginaci\u00f3 nnaciunca dorm...... \ud83d\udc3e Una sobretaula amb Ferran by MasTorrencito Turisme petfriendly Girona\",\"breadcrumb\":{\"@id\":\"https:\\\/\\\/mastorrencito.com\\\/cat\\\/%f0%9f%90%be-una-sobretaula-amb-ferran\\\/#breadcrumb\"},\"inLanguage\":\"es\",\"potentialAction\":[{\"@type\":\"ReadAction\",\"target\":[\"https:\\\/\\\/mastorrencito.com\\\/cat\\\/%f0%9f%90%be-una-sobretaula-amb-ferran\\\/\"]}]},{\"@type\":\"ImageObject\",\"inLanguage\":\"es\",\"@id\":\"https:\\\/\\\/mastorrencito.com\\\/cat\\\/%f0%9f%90%be-una-sobretaula-amb-ferran\\\/#primaryimage\",\"url\":\"https:\\\/\\\/mastorrencito.com\\\/cat\\\/wp-content\\\/uploads\\\/sites\\\/3\\\/Captura-de-pantalla-2025-06-28-a-las-7.46.57.png\",\"contentUrl\":\"https:\\\/\\\/mastorrencito.com\\\/cat\\\/wp-content\\\/uploads\\\/sites\\\/3\\\/Captura-de-pantalla-2025-06-28-a-las-7.46.57.png\",\"width\":1452,\"height\":816,\"caption\":\"CAN\u00c7ONS DE LLIBERTAT\"},{\"@type\":\"BreadcrumbList\",\"@id\":\"https:\\\/\\\/mastorrencito.com\\\/cat\\\/%f0%9f%90%be-una-sobretaula-amb-ferran\\\/#breadcrumb\",\"itemListElement\":[{\"@type\":\"ListItem\",\"position\":1,\"name\":\"Portada\",\"item\":\"https:\\\/\\\/mastorrencito.com\\\/\"},{\"@type\":\"ListItem\",\"position\":2,\"name\":\"\ud83d\udc3e Una sobretaula amb Ferran\"}]},{\"@type\":\"WebSite\",\"@id\":\"https:\\\/\\\/mastorrencito.com\\\/#website\",\"url\":\"https:\\\/\\\/mastorrencito.com\\\/\",\"name\":\"Mas Torrencito CAT\",\"description\":\"Casa rural pet friendly en Girona\",\"publisher\":{\"@id\":\"https:\\\/\\\/mastorrencito.com\\\/#organization\"},\"potentialAction\":[{\"@type\":\"SearchAction\",\"target\":{\"@type\":\"EntryPoint\",\"urlTemplate\":\"https:\\\/\\\/mastorrencito.com\\\/?s={search_term_string}\"},\"query-input\":{\"@type\":\"PropertyValueSpecification\",\"valueRequired\":true,\"valueName\":\"search_term_string\"}}],\"inLanguage\":\"es\"},{\"@type\":\"Organization\",\"@id\":\"https:\\\/\\\/mastorrencito.com\\\/#organization\",\"name\":\"Mas Torrencito CAT\",\"url\":\"https:\\\/\\\/mastorrencito.com\\\/\",\"logo\":{\"@type\":\"ImageObject\",\"inLanguage\":\"es\",\"@id\":\"https:\\\/\\\/mastorrencito.com\\\/#\\\/schema\\\/logo\\\/image\\\/\",\"url\":\"https:\\\/\\\/mastorrencito.com\\\/cat\\\/wp-content\\\/uploads\\\/sites\\\/3\\\/Logo-Mastorrencito-horizontal.webp\",\"contentUrl\":\"https:\\\/\\\/mastorrencito.com\\\/cat\\\/wp-content\\\/uploads\\\/sites\\\/3\\\/Logo-Mastorrencito-horizontal.webp\",\"width\":161,\"height\":54,\"caption\":\"Mas Torrencito CAT\"},\"image\":{\"@id\":\"https:\\\/\\\/mastorrencito.com\\\/#\\\/schema\\\/logo\\\/image\\\/\"}},{\"@type\":\"Person\",\"@id\":\"https:\\\/\\\/mastorrencito.com\\\/#\\\/schema\\\/person\\\/18c619be80d4ae2667c702911625f790\",\"name\":\"Mastorrencito\",\"image\":{\"@type\":\"ImageObject\",\"inLanguage\":\"es\",\"@id\":\"https:\\\/\\\/secure.gravatar.com\\\/avatar\\\/3ef55e0519f987a734c21caee1423b51df7b760b7d81a38ecd31cab0a5115f6d?s=96&d=mm&r=g\",\"url\":\"https:\\\/\\\/secure.gravatar.com\\\/avatar\\\/3ef55e0519f987a734c21caee1423b51df7b760b7d81a38ecd31cab0a5115f6d?s=96&d=mm&r=g\",\"contentUrl\":\"https:\\\/\\\/secure.gravatar.com\\\/avatar\\\/3ef55e0519f987a734c21caee1423b51df7b760b7d81a38ecd31cab0a5115f6d?s=96&d=mm&r=g\",\"caption\":\"Mastorrencito\"},\"url\":\"https:\\\/\\\/mastorrencito.com\\\/cat\\\/author\\\/mastorrencito\\\/\"}]}<\/script>\n<!-- \/ Yoast SEO Premium plugin. -->","yoast_head_json":{"title":"\ud83d\udc3e Una sobretaula amb Ferran - Mas Torrencito CAT","description":"Perqu\u00e8 la imaginaci\u00f3 nnaciunca dorm...... \ud83d\udc3e Una sobretaula amb Ferran by MasTorrencito Turisme petfriendly Girona","robots":{"index":"index","follow":"follow","max-snippet":"max-snippet:-1","max-image-preview":"max-image-preview:large","max-video-preview":"max-video-preview:-1"},"canonical":"https:\/\/mastorrencito.com\/cat\/\ud83d\udc3e-una-sobretaula-amb-ferran\/","og_locale":"es_ES","og_type":"article","og_title":"\ud83d\udc3e Una sobretaula amb Ferran","og_description":"Perqu\u00e8 la imaginaci\u00f3 nnaciunca dorm...... \ud83d\udc3e Una sobretaula amb Ferran by MasTorrencito Turisme petfriendly Girona","og_url":"https:\/\/mastorrencito.com\/cat\/\ud83d\udc3e-una-sobretaula-amb-ferran\/","og_site_name":"Mas Torrencito CAT","article_published_time":"2026-02-06T05:02:47+00:00","article_modified_time":"2026-02-06T07:09:07+00:00","og_image":[{"width":1452,"height":816,"url":"https:\/\/mastorrencito.com\/cat\/wp-content\/uploads\/sites\/3\/Captura-de-pantalla-2025-06-28-a-las-7.46.57.png","type":"image\/png"}],"author":"Mastorrencito","twitter_card":"summary_large_image","twitter_misc":{"Escrito por":"Mastorrencito","Tiempo de lectura":"3 minutos"},"schema":{"@context":"https:\/\/schema.org","@graph":[{"@type":"Article","@id":"https:\/\/mastorrencito.com\/cat\/%f0%9f%90%be-una-sobretaula-amb-ferran\/#article","isPartOf":{"@id":"https:\/\/mastorrencito.com\/cat\/%f0%9f%90%be-una-sobretaula-amb-ferran\/"},"author":{"name":"Mastorrencito","@id":"https:\/\/mastorrencito.com\/#\/schema\/person\/18c619be80d4ae2667c702911625f790"},"headline":"\ud83d\udc3e Una sobretaula amb Ferran","datePublished":"2026-02-06T05:02:47+00:00","dateModified":"2026-02-06T07:09:07+00:00","mainEntityOfPage":{"@id":"https:\/\/mastorrencito.com\/cat\/%f0%9f%90%be-una-sobretaula-amb-ferran\/"},"wordCount":599,"commentCount":0,"publisher":{"@id":"https:\/\/mastorrencito.com\/#organization"},"image":{"@id":"https:\/\/mastorrencito.com\/cat\/%f0%9f%90%be-una-sobretaula-amb-ferran\/#primaryimage"},"thumbnailUrl":"https:\/\/mastorrencito.com\/cat\/wp-content\/uploads\/sites\/3\/Captura-de-pantalla-2025-06-28-a-las-7.46.57.png","keywords":["Gironaconmascotas","tourism with pets","turismecostabrava","turismoconmascotas"],"articleSection":["Blog","Hist\u00f2ries Mastorrencito"],"inLanguage":"es","potentialAction":[{"@type":"CommentAction","name":"Comment","target":["https:\/\/mastorrencito.com\/cat\/%f0%9f%90%be-una-sobretaula-amb-ferran\/#respond"]}]},{"@type":"WebPage","@id":"https:\/\/mastorrencito.com\/cat\/%f0%9f%90%be-una-sobretaula-amb-ferran\/","url":"https:\/\/mastorrencito.com\/cat\/%f0%9f%90%be-una-sobretaula-amb-ferran\/","name":"\ud83d\udc3e Una sobretaula amb Ferran - Mas Torrencito CAT","isPartOf":{"@id":"https:\/\/mastorrencito.com\/#website"},"primaryImageOfPage":{"@id":"https:\/\/mastorrencito.com\/cat\/%f0%9f%90%be-una-sobretaula-amb-ferran\/#primaryimage"},"image":{"@id":"https:\/\/mastorrencito.com\/cat\/%f0%9f%90%be-una-sobretaula-amb-ferran\/#primaryimage"},"thumbnailUrl":"https:\/\/mastorrencito.com\/cat\/wp-content\/uploads\/sites\/3\/Captura-de-pantalla-2025-06-28-a-las-7.46.57.png","datePublished":"2026-02-06T05:02:47+00:00","dateModified":"2026-02-06T07:09:07+00:00","description":"Perqu\u00e8 la imaginaci\u00f3 nnaciunca dorm...... \ud83d\udc3e Una sobretaula amb Ferran by MasTorrencito Turisme petfriendly Girona","breadcrumb":{"@id":"https:\/\/mastorrencito.com\/cat\/%f0%9f%90%be-una-sobretaula-amb-ferran\/#breadcrumb"},"inLanguage":"es","potentialAction":[{"@type":"ReadAction","target":["https:\/\/mastorrencito.com\/cat\/%f0%9f%90%be-una-sobretaula-amb-ferran\/"]}]},{"@type":"ImageObject","inLanguage":"es","@id":"https:\/\/mastorrencito.com\/cat\/%f0%9f%90%be-una-sobretaula-amb-ferran\/#primaryimage","url":"https:\/\/mastorrencito.com\/cat\/wp-content\/uploads\/sites\/3\/Captura-de-pantalla-2025-06-28-a-las-7.46.57.png","contentUrl":"https:\/\/mastorrencito.com\/cat\/wp-content\/uploads\/sites\/3\/Captura-de-pantalla-2025-06-28-a-las-7.46.57.png","width":1452,"height":816,"caption":"CAN\u00c7ONS DE LLIBERTAT"},{"@type":"BreadcrumbList","@id":"https:\/\/mastorrencito.com\/cat\/%f0%9f%90%be-una-sobretaula-amb-ferran\/#breadcrumb","itemListElement":[{"@type":"ListItem","position":1,"name":"Portada","item":"https:\/\/mastorrencito.com\/"},{"@type":"ListItem","position":2,"name":"\ud83d\udc3e Una sobretaula amb Ferran"}]},{"@type":"WebSite","@id":"https:\/\/mastorrencito.com\/#website","url":"https:\/\/mastorrencito.com\/","name":"Mas Torrencito CAT","description":"Casa rural pet friendly en Girona","publisher":{"@id":"https:\/\/mastorrencito.com\/#organization"},"potentialAction":[{"@type":"SearchAction","target":{"@type":"EntryPoint","urlTemplate":"https:\/\/mastorrencito.com\/?s={search_term_string}"},"query-input":{"@type":"PropertyValueSpecification","valueRequired":true,"valueName":"search_term_string"}}],"inLanguage":"es"},{"@type":"Organization","@id":"https:\/\/mastorrencito.com\/#organization","name":"Mas Torrencito CAT","url":"https:\/\/mastorrencito.com\/","logo":{"@type":"ImageObject","inLanguage":"es","@id":"https:\/\/mastorrencito.com\/#\/schema\/logo\/image\/","url":"https:\/\/mastorrencito.com\/cat\/wp-content\/uploads\/sites\/3\/Logo-Mastorrencito-horizontal.webp","contentUrl":"https:\/\/mastorrencito.com\/cat\/wp-content\/uploads\/sites\/3\/Logo-Mastorrencito-horizontal.webp","width":161,"height":54,"caption":"Mas Torrencito CAT"},"image":{"@id":"https:\/\/mastorrencito.com\/#\/schema\/logo\/image\/"}},{"@type":"Person","@id":"https:\/\/mastorrencito.com\/#\/schema\/person\/18c619be80d4ae2667c702911625f790","name":"Mastorrencito","image":{"@type":"ImageObject","inLanguage":"es","@id":"https:\/\/secure.gravatar.com\/avatar\/3ef55e0519f987a734c21caee1423b51df7b760b7d81a38ecd31cab0a5115f6d?s=96&d=mm&r=g","url":"https:\/\/secure.gravatar.com\/avatar\/3ef55e0519f987a734c21caee1423b51df7b760b7d81a38ecd31cab0a5115f6d?s=96&d=mm&r=g","contentUrl":"https:\/\/secure.gravatar.com\/avatar\/3ef55e0519f987a734c21caee1423b51df7b760b7d81a38ecd31cab0a5115f6d?s=96&d=mm&r=g","caption":"Mastorrencito"},"url":"https:\/\/mastorrencito.com\/cat\/author\/mastorrencito\/"}]}},"acf":[],"_links":{"self":[{"href":"https:\/\/mastorrencito.com\/cat\/wp-json\/wp\/v2\/posts\/4548","targetHints":{"allow":["GET"]}}],"collection":[{"href":"https:\/\/mastorrencito.com\/cat\/wp-json\/wp\/v2\/posts"}],"about":[{"href":"https:\/\/mastorrencito.com\/cat\/wp-json\/wp\/v2\/types\/post"}],"author":[{"embeddable":true,"href":"https:\/\/mastorrencito.com\/cat\/wp-json\/wp\/v2\/users\/2"}],"replies":[{"embeddable":true,"href":"https:\/\/mastorrencito.com\/cat\/wp-json\/wp\/v2\/comments?post=4548"}],"version-history":[{"count":1,"href":"https:\/\/mastorrencito.com\/cat\/wp-json\/wp\/v2\/posts\/4548\/revisions"}],"predecessor-version":[{"id":4826,"href":"https:\/\/mastorrencito.com\/cat\/wp-json\/wp\/v2\/posts\/4548\/revisions\/4826"}],"wp:featuredmedia":[{"embeddable":true,"href":"https:\/\/mastorrencito.com\/cat\/wp-json\/wp\/v2\/media\/4528"}],"wp:attachment":[{"href":"https:\/\/mastorrencito.com\/cat\/wp-json\/wp\/v2\/media?parent=4548"}],"wp:term":[{"taxonomy":"category","embeddable":true,"href":"https:\/\/mastorrencito.com\/cat\/wp-json\/wp\/v2\/categories?post=4548"},{"taxonomy":"post_tag","embeddable":true,"href":"https:\/\/mastorrencito.com\/cat\/wp-json\/wp\/v2\/tags?post=4548"}],"curies":[{"name":"wp","href":"https:\/\/api.w.org\/{rel}","templated":true}]}}