{"id":4427,"date":"2025-06-13T04:44:32","date_gmt":"2025-06-13T04:44:32","guid":{"rendered":"https:\/\/casaruralconperrosgirona.com\/el-que-amaga-el-graner-by-mastorrencito\/"},"modified":"2025-06-13T04:44:32","modified_gmt":"2025-06-13T04:44:32","slug":"el-que-amaga-el-graner-by-mastorrencito","status":"publish","type":"post","link":"https:\/\/mastorrencito.com\/cat\/el-que-amaga-el-graner-by-mastorrencito\/","title":{"rendered":"El que amaga el graner&#8230; (2 i 3) by MasTorrencito"},"content":{"rendered":"\n<p>Cap\u00edtol 1: La neteja<\/p>\n\n<p>S\u00f3c Miquel. I aquesta hist\u00f2ria comen\u00e7a amb merda. Literal. De la bona, acumulada durant anys, la que s \u201cenganxa a les botes ia l\u201d \u00e0nima. Perqu\u00e8 Mastorrencito, ja sabeu, t\u00e9 el seu encant rural i el seu pes en hist\u00f2ria, per\u00f2 tamb\u00e9 guarda secrets sota pols, fang i oblit. El que jo no sabia \u00e9s que, en decidir-me per fi a netejar el graner, desenterraria alguna cosa que canviaria tot.     <\/p>\n\n<p>Mastorretet t\u00e9 la casa principal, \u00e9s clar. Aqu\u00ed vivim. Per\u00f2 tamb\u00e9 t\u00e9 dues construccions annexes que sempre m&#8217;han tingut intrigat: el graner, i aquesta altra mena de caseta gegant, amb una arquitectura que d\u00f3na mil voltes a qualsevol xalet de revista. Amb la seva columna central, majestuosa, enmig del no-res, com dient: \u00abJo vaig aguantar guerres, tempestes i oblit. Tu qu\u00e8?\u00bb   <\/p>\n\n<p>Des que vaig arribar aqu\u00ed, ja fa molts anys, sempre vaig voler reformar-los. Per\u00f2 reformar costa. I aqu\u00ed, entre arranjaments de teulades, gossos, la vida mateixa&#8230; sempre se&#8217;n van els diners on m\u00e9s estreny. Calcula uns 80.000 euros per espai. Aix\u00ed que els vaig anar deixant. I ells, com tot el que es deixa, es van anar podrint. Finestres trencades, humitat fins al moll, bigues corcades pel temps. Per\u00f2 aquesta columna seguia all\u00e0, plantada com un sentinella.       <\/p>\n\n<p>Fins que un dia, no fa gaire, vaig dir: prou. Si no els puc reformar, almenys els buidar\u00e9. Netejar-los. Treure tot el que sobressin. Perqu\u00e8 ja era vergony\u00f3s. Un traster gegant de coses que ni sabia que tenia. I a m\u00e9s, cada vegada que passava per davant, sentia una mena d&#8217;estirada, com si el lloc em deman\u00e9s que el mir\u00e9s de nou.      <\/p>\n\n<p>Vaig muntar una quadrilla. Bons xavals. Un d&#8217;ells, el Javi, em va dir que el seu avi havia treballat a Mastorrencito durant la postguerra. Que alguna vegada va sentir parlar de \u00abcoses rares\u00bb guardades al graner. Jo riu en aquell moment. Ara ja no em fa tanta gr\u00e0cia.     <\/p>\n\n<p>Vam anar entrant als espais com qui entra en un ventre antic, amb respecte per\u00f2 amb escombres, carretons, guants i m\u00e0scares. Vam treure sof\u00e0s trencats, bicicletes sense rodes, sacs de ciment petrificat, llaunes buides de pintura, un seient oreller mig menjat per les rates, una col\u00b7lecci\u00f3 absurda de flascons de vidre amb l\u00edquids de colors que no em vaig atrevir ni a obrir. Classifiquem com en un ritual: aix\u00f2 \u00e9s escombraries pures, al contenidor; aix\u00f2 no tinc ni idea, munt intermedi; aix\u00f2 potser es pot vendre, per als meus git\u00e0nics.  <\/p>\n<figure class=\"wp-block-post-featured-image\"><img fetchpriority=\"high\" decoding=\"async\" width=\"1024\" height=\"1536\" src=\"https:\/\/mastorrencito.com\/cat\/wp-content\/uploads\/sites\/3\/granero3.jpg\" class=\"attachment-post-thumbnail size-post-thumbnail wp-post-image\" alt=\"El granero de MasTorrencito\" style=\"object-fit:cover;\" srcset=\"https:\/\/mastorrencito.com\/cat\/wp-content\/uploads\/sites\/3\/granero3.jpg 1024w, https:\/\/mastorrencito.com\/cat\/wp-content\/uploads\/sites\/3\/granero3-200x300.jpg 200w, https:\/\/mastorrencito.com\/cat\/wp-content\/uploads\/sites\/3\/granero3-683x1024.jpg 683w, https:\/\/mastorrencito.com\/cat\/wp-content\/uploads\/sites\/3\/granero3-768x1152.jpg 768w\" sizes=\"(max-width: 1024px) 100vw, 1024px\" \/><\/figure>\n<p>Mentre ells anaven i venien a la deixalleria, jo em dedicava a furgar entre els objectes que no entenia. alguna cosa s&#8217;estava destapant.    <\/p>\n\n<p>Trobem, entre caixes trencades i taulons, un retrat a l&#8217;oli. Cobert de pols. Ho netegem amb compte. Era el rostre d&#8217;un home seri\u00f3s, d&#8217;ulls penetrants, amb una medalla antiga a la solapa i un fons que vaig recon\u00e8ixer immediatament: la fa\u00e7ana de Mastorrencito, per\u00f2 amb un escut que ja no hi \u00e9s. El vaig deixar recolzat contra la paret. No sabia qu\u00e8 fer-ne. Ni tan sols sabia qui era. Per\u00f2 la seva mirada, juro per D\u00e9u, semblava seguir-me.       <\/p>\n\n<p>La primera construcci\u00f3 que buidem va ser la de la columna. A poc a poc, va anar quedant visible el terra. I llavors va passar. Despr\u00e9s d&#8217;escombrar durant hores, i treure capes de terra endurida, vam veure apar\u00e8ixer rajoles. No qualsevol rajola. Eren de fang cuit, com les de la casa principal, per\u00f2 moltes tenien una marca que ens va deixar gelats: quatre barres i una data.     <\/p>\n\n<ol start=\"1714\" class=\"wp-block-list\">\n<li><\/li>\n<\/ol>\n\n<p>Em vaig agenollar. Vaig passar la m\u00e0 per una. Estava perfectament conservada. El vermell argil\u00f3s tenia una brillantor que semblava impossible despr\u00e9s de tant d&#8217;any ocult. Era com si el temps hagu\u00e9s passat per sobre sense atrevir-se a tocar-les. Com si alguna cosa, o alg\u00fa, les hagu\u00e9s protegit.     <\/p>\n\n<p>Aquella nit, no vaig dormir b\u00e9. Em vaig quedar pensant. 1714. No \u00e9s qualsevol any. La guerra de Successi\u00f3. La caiguda de Barcelona. Un abans i un despr\u00e9s a la hist\u00f2ria de Catalunya. Per qu\u00e8 estaven aquestes rajoles all\u00e0, ocultes, com esperant ser descobertes? Qui les va posar? Per qu\u00e8?      <\/p>\n\n<p>L \u201cendem\u00e0 al mat\u00ed, vaig tornar al graner amb els gossos. Mastitwo se\u201d m va avan\u00e7ar, com sempre. Mames anava al meu costat, seriosa. Maqui i Mato, jugant a mossegar-se les orelles. Entrem a la construcci\u00f3. La llum entrava pels finestres alts i la pols flotava com en una pel\u00b7l\u00edcula antiga. All\u00e0 hi havia les rajoles, brillant com si volguessin explicar-me alguna cosa.      <\/p>\n\n<p>I ho van fer.<\/p>\n\n<p>Just al centre del terra, sota la columna, hi havia una rajola lleugerament m\u00e9s enfonsada. Em vaig ajupir. Vaig tocar les vores. Estava solta.   <\/p>\n\n<p>La vaig aixecar.<\/p>\n\n<p>Debajo no hab\u00eda tierra. Hab\u00eda un hueco. Un cuadrado de unos 60 por 60 cent\u00edmetros, perfectamente delimitado por ladrillos antiguos. Dentro, una caja. De madera negra, vieja, con herrajes oxidados pero intactos. Pesaba poco. La saqu\u00e9 con cuidado. Los perros se acercaron, inquietos. Mamas gru\u00f1\u00f3. Maqui se qued\u00f3 quieta, la mirada fija. Hasta Mato se sent\u00f3, cosa rara en ell.          <\/p>\n\n<p>No la vaig obrir. Encara no.     <\/p>\n\n<h1 class=\"wp-block-heading\">Cap\u00edtol 2: La caixa<\/h1>\n\n<p>La caixa pesava menys del que semblava. Tenia aquella textura de la fusta vella que en tocar-la gaireb\u00e9 cruixia sota els dits, com si protest\u00e9s per haver estat molestada. Em vaig asseure sobre un bloc de pedra mentre els gossos se m&#8217;agrupaven al voltant, expectants.  <\/p>\n\n<p>Amb la navalla petita que sempre porto a la butxaca, for\u00e7ant amb compte, vaig aconseguir fer saltar el pestell. El cruixit met\u00e0l\u00b7lic va ressonar a tot el graner com un tret sec. Masto va fer un respingo. Maqui va fer un salt i es va allunyar dues passes, per\u00f2 es va quedar mirant. Vaig obrir la tapa a poc a poc, com si estigu\u00e9s desenterrant una promesa antiga.    <\/p>\n\n<figure class=\"wp-block-image size-large\"><img decoding=\"async\" width=\"1024\" height=\"683\" src=\"https:\/\/mastorrencito.com\/wp-content\/uploads\/2025\/06\/caja_granero-1024x683.jpg\" alt=\"\" class=\"wp-image-4434\" srcset=\"https:\/\/mastorrencito.com\/cat\/wp-content\/uploads\/sites\/3\/caja_granero-1024x683.jpg 1024w, https:\/\/mastorrencito.com\/cat\/wp-content\/uploads\/sites\/3\/caja_granero-300x200.jpg 300w, https:\/\/mastorrencito.com\/cat\/wp-content\/uploads\/sites\/3\/caja_granero-768x512.jpg 768w, https:\/\/mastorrencito.com\/cat\/wp-content\/uploads\/sites\/3\/caja_granero.jpg 1536w\" sizes=\"(max-width: 1024px) 100vw, 1024px\" \/><\/figure>\n<p>Dins, el primer que vaig veure va ser un paquet embolicat amb tela. Tela gruixuda, grisa, amb brodats esfilagarsats. El vaig desenvolupar i va apar\u00e8ixer un llibre. Petit, de cuir fosc, sense t\u00edtol a la vista. Ho vaig obrir.    <\/p>\n\n<p>Era un diari.<\/p>\n\n<p>La primera p\u00e0gina estava escrita a m\u00e0, amb tinta ja esva\u00efda, en un catal\u00e0 antic, preci\u00f3s i una mica dif\u00edcil d&#8217;entendre. \u00abPer a qui trobi aquesta caixa&#8230;\u00bb deia. A partir d&#8217;aqu\u00ed comen\u00e7ava el relat d&#8217;un tal Bernat Jorba, datat el 1713. Soldat. Refugiat. Amagat a Mastorrencito.     <\/p>\n\n<p>No podia creure-ho. El diari parlava de la guerra, de com s&#8217;ocultaven a cases disperses per la zona, d&#8217;una xarxa de missatgers i d&#8217;un objecte que havien de protegir tant s\u00ed com no. \u00abEl cor de la terra\u00bb, li deia. Mai no explicava qu\u00e8 era, per\u00f2 s\u00ed on era: sota la columna.   <\/p>\n\n<p>Vaig mirar cap a la columna. Em vaig aixecar. Els gossos tamb\u00e9. Era com si ells ho sabessin. Com si tots aquests anys donant voltes per all\u00e0 haguessin estat part d&#8217;una cosa m\u00e9s gran.    <\/p>\n\n<p>Vaig tornar al buit. Vaig revisar millor. En una cantonada, gaireb\u00e9 fosa amb els maons, hi havia un s\u00edmbol tallat. Quatre barres. A sobre, un petit orifici com de pany.    <\/p>\n\n<p>La caixa tenia una doble tapa. Sota el diari, una petita clau rovellada descansava envoltada d&#8217;una cinta vermella. <\/p>\n\n<p>La vaig agafar. Encaixava. <\/p>\n\n<p>Vaig girar.<\/p>\n\n<p>El terra va tremolar. No com un terratr\u00e8mol. Com si alguna cosa, dins la terra, respongu\u00e9s a aquesta clau.  <\/p>\n\n<p>Els gossos van comen\u00e7ar a bordar tots alhora. Mamas, especialment, es va posar a gratar el terra prop de la columna com si sab\u00e9s exactament on. El totxo va cruixir. Una llosa sencera va comen\u00e7ar a moure&#8217;s.   <\/p>\n\n<p>I llavors vaig saber que el que havia descobert no era nom\u00e9s un diari.   <\/p>\n\n<p>Per\u00f2 aix\u00f2&#8230; aix\u00f2 encara no estic segur de si ho hauria d&#8217;haver obert.<\/p>\n\n<h2 class=\"wp-block-heading\">Cap\u00edtol 3: El passad\u00eds<\/h2>\n\n<p>La llosa es va despla\u00e7ar amb un soroll sord, com si alg\u00fa l&#8217;empeny\u00e9s des de dins. La pols que es va aixecar era esp\u00e8s, gaireb\u00e9 intocable, com si no s&#8217;hagu\u00e9s mogut als segles. Em vaig quedar paralitzat uns segons. Masto bordava amb insist\u00e8ncia. Mamas grunyia baixa, amb aquesta tensi\u00f3 que nom\u00e9s treu quan alguna cosa realment no li quadra. Maqui i Mato es mantenien darrere meu, inquiets, per\u00f2 sense moure&#8217;s.     <\/p>\n\n<figure class=\"wp-block-image size-large\"><img decoding=\"async\" width=\"1024\" height=\"683\" src=\"https:\/\/mastorrencito.com\/wp-content\/uploads\/2025\/06\/libro_granero-1024x683.jpg\" alt=\"\" class=\"wp-image-4437\" srcset=\"https:\/\/mastorrencito.com\/cat\/wp-content\/uploads\/sites\/3\/libro_granero-1024x683.jpg 1024w, https:\/\/mastorrencito.com\/cat\/wp-content\/uploads\/sites\/3\/libro_granero-300x200.jpg 300w, https:\/\/mastorrencito.com\/cat\/wp-content\/uploads\/sites\/3\/libro_granero-768x512.jpg 768w, https:\/\/mastorrencito.com\/cat\/wp-content\/uploads\/sites\/3\/libro_granero.jpg 1536w\" sizes=\"(max-width: 1024px) 100vw, 1024px\" \/><\/figure>\n<p>Sota la llosa, un forat fosc. No era gaire profund, tot just un metre, per\u00f2 s\u00ed prou per deixar veure un terra de pedra i, m\u00e9s enll\u00e0, un t\u00fanel que es perdia a la negror. No feia olor de humitat. Feia olor&#8230; a tancat. A temps congelat. A terra vella.     <\/p>\n\n<p>Vaig buscar una llanterna. Vaig haver de pujar corrent a la casa. Vaig agafar una frontal, una petita de m\u00e0, i vaig baixar amb una corda per si de cas. Els gossos m \u201cesperaven just on els havia deixat. Ning\u00fa no s\u201d havia mogut. Ni un p\u00e8l.     <\/p>\n\n<p>\u2014\u00bf Entrem o qu\u00e8? \u2014els vaig dir, m\u00e9s per espantar la por que per valentia. <\/p>\n\n<p>Vaig despenjar la corda i em vaig deixar caure. En tocar el terra, vaig notar la frescor. Era un altre clima all\u00e0 baix. Em vaig ajupir per no trobar el cap. El passad\u00eds no tenia m\u00e9s de metre i mig d&#8217;al\u00e7ada. Comen\u00e7ava en pedra polida, com una petita volta romana, i seguia, a poc a poc, transformant-se en una mica m\u00e9s r\u00fastic, amb parets de terra compacta.     <\/p>\n\n<p>Vaig avan\u00e7ar. A poc a poc. No vaig voler que baixessin els gossos encara. Cada pas era un cruixit. L&#8217;aire estava carregat de res antic. No por exactament. Per\u00f2 s\u00ed&#8230; mem\u00f2ria.      <\/p>\n\n<p>Uns deu metres m\u00e9s endavant, el t\u00fanel girava lleument. <\/p>\n\n<p>Una porta. De ferro. Refor\u00e7ada. Amb un s\u00edmbol gravat al centre: les quatre barres. Aquest cop, creuades per una l\u00ednia horitzontal que no havia vist abans.    <\/p>\n\n<p><\/p>\n\n<blockquote class=\"wp-block-quote is-layout-flow wp-block-quote-is-layout-flow\">\n<p><strong>CONTINUAR\u00c0&#8230;&#8230;&#8230;..<\/strong><br \/> _______<\/p>\n<\/blockquote>\n\n<blockquote class=\"wp-block-quote is-layout-flow wp-block-quote-is-layout-flow\">\n<p>Des de MasTorrencito et desitgem un bon dia i que els teus gossos t&#8217;acompanyin!!<\/p>\n<\/blockquote>\n\n<p>\u2014\u2013<br \/> Si vols, pot veure els nostres bons per <a href=\"https:\/\/mastorrencito.com\/\" target=\"_blank\" rel=\"noreferrer noopener\">a<\/a> <strong>caps de setmana, bons jubilats<\/strong> , a un preu incre\u00efble.. entra a <a href=\"https:\/\/www.mastorrencito.com\/\">www.mastorrencito.com<\/a> o si vols podeu llegir m\u00e9s hist\u00f2ria i an\u00e8cdotes que ens <a href=\"https:\/\/mastorrencito.com\/es\/\">han<\/a> passat a MasTorrencito\u2026 Clickea aqui\u2026<\/p>\n","protected":false},"excerpt":{"rendered":"<p>Cap\u00edtol 1: La neteja S\u00f3c Miquel. I aquesta hist\u00f2ria comen\u00e7a amb merda. Literal. De la bona, acumulada durant anys, la que s \u201cenganxa a les botes ia l\u201d \u00e0nima. Perqu\u00e8 Mastorrencito, ja sabeu, t\u00e9 el seu encant rural i el seu pes en hist\u00f2ria, per\u00f2 tamb\u00e9 guarda secrets sota pols, fang i oblit. El que [&hellip;]<\/p>\n","protected":false},"author":2,"featured_media":4515,"comment_status":"open","ping_status":"closed","sticky":false,"template":"","format":"standard","meta":{"_acf_changed":false,"footnotes":""},"categories":[35],"tags":[],"class_list":["post-4427","post","type-post","status-publish","format-standard","has-post-thumbnail","hentry","category-histories-mastorrencito"],"yoast_head":"<!-- This site is optimized with the Yoast SEO Premium plugin v27.3 (Yoast SEO v27.5) - https:\/\/yoast.com\/product\/yoast-seo-premium-wordpress\/ -->\n<title>El que amaga el graner... (2 i 3) by MasTorrencito - Mas Torrencito CAT<\/title>\n<meta name=\"description\" content=\"I \u00e9s que.. MasTorrencito t\u00e9 moltes moltes anecdotes... El que amaga el graner... 1714 by MasTorrencito\" \/>\n<meta name=\"robots\" content=\"index, follow, max-snippet:-1, max-image-preview:large, max-video-preview:-1\" \/>\n<link rel=\"canonical\" href=\"https:\/\/mastorrencito.com\/cat\/el-que-amaga-el-graner-by-mastorrencito\/\" \/>\n<meta property=\"og:locale\" content=\"es_ES\" \/>\n<meta property=\"og:type\" content=\"article\" \/>\n<meta property=\"og:title\" content=\"El que amaga el graner... (2 i 3) by MasTorrencito\" \/>\n<meta property=\"og:description\" content=\"I \u00e9s que.. MasTorrencito t\u00e9 moltes moltes anecdotes... El que amaga el graner... 1714 by MasTorrencito\" \/>\n<meta property=\"og:url\" content=\"https:\/\/mastorrencito.com\/cat\/el-que-amaga-el-graner-by-mastorrencito\/\" \/>\n<meta property=\"og:site_name\" content=\"Mas Torrencito CAT\" \/>\n<meta property=\"article:published_time\" content=\"2025-06-13T04:44:32+00:00\" \/>\n<meta property=\"og:image\" content=\"https:\/\/mastorrencito.com\/cat\/wp-content\/uploads\/sites\/3\/granero3.jpg\" \/>\n\t<meta property=\"og:image:width\" content=\"1024\" \/>\n\t<meta property=\"og:image:height\" content=\"1536\" \/>\n\t<meta property=\"og:image:type\" content=\"image\/jpeg\" \/>\n<meta name=\"author\" content=\"Mastorrencito\" \/>\n<meta name=\"twitter:card\" content=\"summary_large_image\" \/>\n<meta name=\"twitter:label1\" content=\"Escrito por\" \/>\n\t<meta name=\"twitter:data1\" content=\"Mastorrencito\" \/>\n\t<meta name=\"twitter:label2\" content=\"Tiempo de lectura\" \/>\n\t<meta name=\"twitter:data2\" content=\"9 minutos\" \/>\n<script type=\"application\/ld+json\" class=\"yoast-schema-graph\">{\"@context\":\"https:\\\/\\\/schema.org\",\"@graph\":[{\"@type\":\"Article\",\"@id\":\"https:\\\/\\\/mastorrencito.com\\\/cat\\\/el-que-amaga-el-graner-by-mastorrencito\\\/#article\",\"isPartOf\":{\"@id\":\"https:\\\/\\\/mastorrencito.com\\\/cat\\\/el-que-amaga-el-graner-by-mastorrencito\\\/\"},\"author\":{\"name\":\"Mastorrencito\",\"@id\":\"https:\\\/\\\/mastorrencito.com\\\/#\\\/schema\\\/person\\\/18c619be80d4ae2667c702911625f790\"},\"headline\":\"El que amaga el graner&#8230; (2 i 3) by MasTorrencito\",\"datePublished\":\"2025-06-13T04:44:32+00:00\",\"mainEntityOfPage\":{\"@id\":\"https:\\\/\\\/mastorrencito.com\\\/cat\\\/el-que-amaga-el-graner-by-mastorrencito\\\/\"},\"wordCount\":1752,\"commentCount\":1,\"publisher\":{\"@id\":\"https:\\\/\\\/mastorrencito.com\\\/#organization\"},\"image\":{\"@id\":\"https:\\\/\\\/mastorrencito.com\\\/cat\\\/el-que-amaga-el-graner-by-mastorrencito\\\/#primaryimage\"},\"thumbnailUrl\":\"https:\\\/\\\/mastorrencito.com\\\/cat\\\/wp-content\\\/uploads\\\/sites\\\/3\\\/granero3.jpg\",\"articleSection\":[\"Hist\u00f2ries Mastorrencito\"],\"inLanguage\":\"es\",\"potentialAction\":[{\"@type\":\"CommentAction\",\"name\":\"Comment\",\"target\":[\"https:\\\/\\\/mastorrencito.com\\\/cat\\\/el-que-amaga-el-graner-by-mastorrencito\\\/#respond\"]}]},{\"@type\":\"WebPage\",\"@id\":\"https:\\\/\\\/mastorrencito.com\\\/cat\\\/el-que-amaga-el-graner-by-mastorrencito\\\/\",\"url\":\"https:\\\/\\\/mastorrencito.com\\\/cat\\\/el-que-amaga-el-graner-by-mastorrencito\\\/\",\"name\":\"El que amaga el graner... (2 i 3) by MasTorrencito - Mas Torrencito CAT\",\"isPartOf\":{\"@id\":\"https:\\\/\\\/mastorrencito.com\\\/#website\"},\"primaryImageOfPage\":{\"@id\":\"https:\\\/\\\/mastorrencito.com\\\/cat\\\/el-que-amaga-el-graner-by-mastorrencito\\\/#primaryimage\"},\"image\":{\"@id\":\"https:\\\/\\\/mastorrencito.com\\\/cat\\\/el-que-amaga-el-graner-by-mastorrencito\\\/#primaryimage\"},\"thumbnailUrl\":\"https:\\\/\\\/mastorrencito.com\\\/cat\\\/wp-content\\\/uploads\\\/sites\\\/3\\\/granero3.jpg\",\"datePublished\":\"2025-06-13T04:44:32+00:00\",\"description\":\"I \u00e9s que.. MasTorrencito t\u00e9 moltes moltes anecdotes... El que amaga el graner... 1714 by MasTorrencito\",\"breadcrumb\":{\"@id\":\"https:\\\/\\\/mastorrencito.com\\\/cat\\\/el-que-amaga-el-graner-by-mastorrencito\\\/#breadcrumb\"},\"inLanguage\":\"es\",\"potentialAction\":[{\"@type\":\"ReadAction\",\"target\":[\"https:\\\/\\\/mastorrencito.com\\\/cat\\\/el-que-amaga-el-graner-by-mastorrencito\\\/\"]}]},{\"@type\":\"ImageObject\",\"inLanguage\":\"es\",\"@id\":\"https:\\\/\\\/mastorrencito.com\\\/cat\\\/el-que-amaga-el-graner-by-mastorrencito\\\/#primaryimage\",\"url\":\"https:\\\/\\\/mastorrencito.com\\\/cat\\\/wp-content\\\/uploads\\\/sites\\\/3\\\/granero3.jpg\",\"contentUrl\":\"https:\\\/\\\/mastorrencito.com\\\/cat\\\/wp-content\\\/uploads\\\/sites\\\/3\\\/granero3.jpg\",\"width\":1024,\"height\":1536,\"caption\":\"El granero de MasTorrencito\"},{\"@type\":\"BreadcrumbList\",\"@id\":\"https:\\\/\\\/mastorrencito.com\\\/cat\\\/el-que-amaga-el-graner-by-mastorrencito\\\/#breadcrumb\",\"itemListElement\":[{\"@type\":\"ListItem\",\"position\":1,\"name\":\"Portada\",\"item\":\"https:\\\/\\\/mastorrencito.com\\\/\"},{\"@type\":\"ListItem\",\"position\":2,\"name\":\"El que amaga el graner&#8230; (2 i 3) by MasTorrencito\"}]},{\"@type\":\"WebSite\",\"@id\":\"https:\\\/\\\/mastorrencito.com\\\/#website\",\"url\":\"https:\\\/\\\/mastorrencito.com\\\/\",\"name\":\"Mas Torrencito CAT\",\"description\":\"Casa rural pet friendly en Girona\",\"publisher\":{\"@id\":\"https:\\\/\\\/mastorrencito.com\\\/#organization\"},\"potentialAction\":[{\"@type\":\"SearchAction\",\"target\":{\"@type\":\"EntryPoint\",\"urlTemplate\":\"https:\\\/\\\/mastorrencito.com\\\/?s={search_term_string}\"},\"query-input\":{\"@type\":\"PropertyValueSpecification\",\"valueRequired\":true,\"valueName\":\"search_term_string\"}}],\"inLanguage\":\"es\"},{\"@type\":\"Organization\",\"@id\":\"https:\\\/\\\/mastorrencito.com\\\/#organization\",\"name\":\"Mas Torrencito CAT\",\"url\":\"https:\\\/\\\/mastorrencito.com\\\/\",\"logo\":{\"@type\":\"ImageObject\",\"inLanguage\":\"es\",\"@id\":\"https:\\\/\\\/mastorrencito.com\\\/#\\\/schema\\\/logo\\\/image\\\/\",\"url\":\"https:\\\/\\\/mastorrencito.com\\\/cat\\\/wp-content\\\/uploads\\\/sites\\\/3\\\/Logo-Mastorrencito-horizontal.webp\",\"contentUrl\":\"https:\\\/\\\/mastorrencito.com\\\/cat\\\/wp-content\\\/uploads\\\/sites\\\/3\\\/Logo-Mastorrencito-horizontal.webp\",\"width\":161,\"height\":54,\"caption\":\"Mas Torrencito CAT\"},\"image\":{\"@id\":\"https:\\\/\\\/mastorrencito.com\\\/#\\\/schema\\\/logo\\\/image\\\/\"}},{\"@type\":\"Person\",\"@id\":\"https:\\\/\\\/mastorrencito.com\\\/#\\\/schema\\\/person\\\/18c619be80d4ae2667c702911625f790\",\"name\":\"Mastorrencito\",\"image\":{\"@type\":\"ImageObject\",\"inLanguage\":\"es\",\"@id\":\"https:\\\/\\\/secure.gravatar.com\\\/avatar\\\/3ef55e0519f987a734c21caee1423b51df7b760b7d81a38ecd31cab0a5115f6d?s=96&d=mm&r=g\",\"url\":\"https:\\\/\\\/secure.gravatar.com\\\/avatar\\\/3ef55e0519f987a734c21caee1423b51df7b760b7d81a38ecd31cab0a5115f6d?s=96&d=mm&r=g\",\"contentUrl\":\"https:\\\/\\\/secure.gravatar.com\\\/avatar\\\/3ef55e0519f987a734c21caee1423b51df7b760b7d81a38ecd31cab0a5115f6d?s=96&d=mm&r=g\",\"caption\":\"Mastorrencito\"},\"url\":\"https:\\\/\\\/mastorrencito.com\\\/cat\\\/author\\\/mastorrencito\\\/\"}]}<\/script>\n<!-- \/ Yoast SEO Premium plugin. -->","yoast_head_json":{"title":"El que amaga el graner... (2 i 3) by MasTorrencito - Mas Torrencito CAT","description":"I \u00e9s que.. MasTorrencito t\u00e9 moltes moltes anecdotes... El que amaga el graner... 1714 by MasTorrencito","robots":{"index":"index","follow":"follow","max-snippet":"max-snippet:-1","max-image-preview":"max-image-preview:large","max-video-preview":"max-video-preview:-1"},"canonical":"https:\/\/mastorrencito.com\/cat\/el-que-amaga-el-graner-by-mastorrencito\/","og_locale":"es_ES","og_type":"article","og_title":"El que amaga el graner... (2 i 3) by MasTorrencito","og_description":"I \u00e9s que.. MasTorrencito t\u00e9 moltes moltes anecdotes... El que amaga el graner... 1714 by MasTorrencito","og_url":"https:\/\/mastorrencito.com\/cat\/el-que-amaga-el-graner-by-mastorrencito\/","og_site_name":"Mas Torrencito CAT","article_published_time":"2025-06-13T04:44:32+00:00","og_image":[{"width":1024,"height":1536,"url":"https:\/\/mastorrencito.com\/cat\/wp-content\/uploads\/sites\/3\/granero3.jpg","type":"image\/jpeg"}],"author":"Mastorrencito","twitter_card":"summary_large_image","twitter_misc":{"Escrito por":"Mastorrencito","Tiempo de lectura":"9 minutos"},"schema":{"@context":"https:\/\/schema.org","@graph":[{"@type":"Article","@id":"https:\/\/mastorrencito.com\/cat\/el-que-amaga-el-graner-by-mastorrencito\/#article","isPartOf":{"@id":"https:\/\/mastorrencito.com\/cat\/el-que-amaga-el-graner-by-mastorrencito\/"},"author":{"name":"Mastorrencito","@id":"https:\/\/mastorrencito.com\/#\/schema\/person\/18c619be80d4ae2667c702911625f790"},"headline":"El que amaga el graner&#8230; (2 i 3) by MasTorrencito","datePublished":"2025-06-13T04:44:32+00:00","mainEntityOfPage":{"@id":"https:\/\/mastorrencito.com\/cat\/el-que-amaga-el-graner-by-mastorrencito\/"},"wordCount":1752,"commentCount":1,"publisher":{"@id":"https:\/\/mastorrencito.com\/#organization"},"image":{"@id":"https:\/\/mastorrencito.com\/cat\/el-que-amaga-el-graner-by-mastorrencito\/#primaryimage"},"thumbnailUrl":"https:\/\/mastorrencito.com\/cat\/wp-content\/uploads\/sites\/3\/granero3.jpg","articleSection":["Hist\u00f2ries Mastorrencito"],"inLanguage":"es","potentialAction":[{"@type":"CommentAction","name":"Comment","target":["https:\/\/mastorrencito.com\/cat\/el-que-amaga-el-graner-by-mastorrencito\/#respond"]}]},{"@type":"WebPage","@id":"https:\/\/mastorrencito.com\/cat\/el-que-amaga-el-graner-by-mastorrencito\/","url":"https:\/\/mastorrencito.com\/cat\/el-que-amaga-el-graner-by-mastorrencito\/","name":"El que amaga el graner... (2 i 3) by MasTorrencito - Mas Torrencito CAT","isPartOf":{"@id":"https:\/\/mastorrencito.com\/#website"},"primaryImageOfPage":{"@id":"https:\/\/mastorrencito.com\/cat\/el-que-amaga-el-graner-by-mastorrencito\/#primaryimage"},"image":{"@id":"https:\/\/mastorrencito.com\/cat\/el-que-amaga-el-graner-by-mastorrencito\/#primaryimage"},"thumbnailUrl":"https:\/\/mastorrencito.com\/cat\/wp-content\/uploads\/sites\/3\/granero3.jpg","datePublished":"2025-06-13T04:44:32+00:00","description":"I \u00e9s que.. MasTorrencito t\u00e9 moltes moltes anecdotes... El que amaga el graner... 1714 by MasTorrencito","breadcrumb":{"@id":"https:\/\/mastorrencito.com\/cat\/el-que-amaga-el-graner-by-mastorrencito\/#breadcrumb"},"inLanguage":"es","potentialAction":[{"@type":"ReadAction","target":["https:\/\/mastorrencito.com\/cat\/el-que-amaga-el-graner-by-mastorrencito\/"]}]},{"@type":"ImageObject","inLanguage":"es","@id":"https:\/\/mastorrencito.com\/cat\/el-que-amaga-el-graner-by-mastorrencito\/#primaryimage","url":"https:\/\/mastorrencito.com\/cat\/wp-content\/uploads\/sites\/3\/granero3.jpg","contentUrl":"https:\/\/mastorrencito.com\/cat\/wp-content\/uploads\/sites\/3\/granero3.jpg","width":1024,"height":1536,"caption":"El granero de MasTorrencito"},{"@type":"BreadcrumbList","@id":"https:\/\/mastorrencito.com\/cat\/el-que-amaga-el-graner-by-mastorrencito\/#breadcrumb","itemListElement":[{"@type":"ListItem","position":1,"name":"Portada","item":"https:\/\/mastorrencito.com\/"},{"@type":"ListItem","position":2,"name":"El que amaga el graner&#8230; (2 i 3) by MasTorrencito"}]},{"@type":"WebSite","@id":"https:\/\/mastorrencito.com\/#website","url":"https:\/\/mastorrencito.com\/","name":"Mas Torrencito CAT","description":"Casa rural pet friendly en Girona","publisher":{"@id":"https:\/\/mastorrencito.com\/#organization"},"potentialAction":[{"@type":"SearchAction","target":{"@type":"EntryPoint","urlTemplate":"https:\/\/mastorrencito.com\/?s={search_term_string}"},"query-input":{"@type":"PropertyValueSpecification","valueRequired":true,"valueName":"search_term_string"}}],"inLanguage":"es"},{"@type":"Organization","@id":"https:\/\/mastorrencito.com\/#organization","name":"Mas Torrencito CAT","url":"https:\/\/mastorrencito.com\/","logo":{"@type":"ImageObject","inLanguage":"es","@id":"https:\/\/mastorrencito.com\/#\/schema\/logo\/image\/","url":"https:\/\/mastorrencito.com\/cat\/wp-content\/uploads\/sites\/3\/Logo-Mastorrencito-horizontal.webp","contentUrl":"https:\/\/mastorrencito.com\/cat\/wp-content\/uploads\/sites\/3\/Logo-Mastorrencito-horizontal.webp","width":161,"height":54,"caption":"Mas Torrencito CAT"},"image":{"@id":"https:\/\/mastorrencito.com\/#\/schema\/logo\/image\/"}},{"@type":"Person","@id":"https:\/\/mastorrencito.com\/#\/schema\/person\/18c619be80d4ae2667c702911625f790","name":"Mastorrencito","image":{"@type":"ImageObject","inLanguage":"es","@id":"https:\/\/secure.gravatar.com\/avatar\/3ef55e0519f987a734c21caee1423b51df7b760b7d81a38ecd31cab0a5115f6d?s=96&d=mm&r=g","url":"https:\/\/secure.gravatar.com\/avatar\/3ef55e0519f987a734c21caee1423b51df7b760b7d81a38ecd31cab0a5115f6d?s=96&d=mm&r=g","contentUrl":"https:\/\/secure.gravatar.com\/avatar\/3ef55e0519f987a734c21caee1423b51df7b760b7d81a38ecd31cab0a5115f6d?s=96&d=mm&r=g","caption":"Mastorrencito"},"url":"https:\/\/mastorrencito.com\/cat\/author\/mastorrencito\/"}]}},"acf":[],"_links":{"self":[{"href":"https:\/\/mastorrencito.com\/cat\/wp-json\/wp\/v2\/posts\/4427","targetHints":{"allow":["GET"]}}],"collection":[{"href":"https:\/\/mastorrencito.com\/cat\/wp-json\/wp\/v2\/posts"}],"about":[{"href":"https:\/\/mastorrencito.com\/cat\/wp-json\/wp\/v2\/types\/post"}],"author":[{"embeddable":true,"href":"https:\/\/mastorrencito.com\/cat\/wp-json\/wp\/v2\/users\/2"}],"replies":[{"embeddable":true,"href":"https:\/\/mastorrencito.com\/cat\/wp-json\/wp\/v2\/comments?post=4427"}],"version-history":[{"count":0,"href":"https:\/\/mastorrencito.com\/cat\/wp-json\/wp\/v2\/posts\/4427\/revisions"}],"wp:featuredmedia":[{"embeddable":true,"href":"https:\/\/mastorrencito.com\/cat\/wp-json\/wp\/v2\/media\/4515"}],"wp:attachment":[{"href":"https:\/\/mastorrencito.com\/cat\/wp-json\/wp\/v2\/media?parent=4427"}],"wp:term":[{"taxonomy":"category","embeddable":true,"href":"https:\/\/mastorrencito.com\/cat\/wp-json\/wp\/v2\/categories?post=4427"},{"taxonomy":"post_tag","embeddable":true,"href":"https:\/\/mastorrencito.com\/cat\/wp-json\/wp\/v2\/tags?post=4427"}],"curies":[{"name":"wp","href":"https:\/\/api.w.org\/{rel}","templated":true}]}}