{"id":4417,"date":"2025-06-09T04:56:15","date_gmt":"2025-06-09T04:56:15","guid":{"rendered":"https:\/\/casaruralconperrosgirona.com\/hisenda-beneida-siguis-entre-totes-les-p-fiscals-%f0%9f%98%87-%f0%9f%92%b8\/"},"modified":"2025-06-09T04:56:15","modified_gmt":"2025-06-09T04:56:15","slug":"hisenda-beneida-siguis-entre-totes-les-p-fiscals-%f0%9f%98%87-%f0%9f%92%b8","status":"publish","type":"post","link":"https:\/\/mastorrencito.com\/cat\/hisenda-beneida-siguis-entre-totes-les-p-fiscals-%f0%9f%98%87-%f0%9f%92%b8\/","title":{"rendered":"Hisenda\u2026 bene\u00efda siguis entre totes les p&#8230; fiscals \ud83d\ude07 \ud83d\udcb8"},"content":{"rendered":"\n<hr class=\"wp-block-separator has-alpha-channel-opacity\" \/>\n\n<p>Ayyy, qu\u00e8 seria de mi sense tu, el meu amor\u2026 Cada any em regales una experi\u00e8ncia nova. 2024 no ha estat diferent. De fet, ha estat preci\u00f3s: un any m\u00e9s sense inspecci\u00f3, i jo ja em sento com si visqu\u00e9s en un jard\u00ed sense flors \ud83c\udf3c \u2026 sense colors\u2026 sense \u00e0nima\u2026 per\u00f2 amb factures. Sempre amb factures. I no penseu malament&#8230; la P no \u00e9s de PUTA \u00e9s de MALSON    <\/p>\n\n<h4 class=\"wp-block-heading\">Hisenda o fent lladres???<\/h4>\n\n<p>Perqu\u00e8, \u00e9s clar, qui necessita pau mental quan pot tenir 85 tipus d \u201cIVA per jugar a Tetris comptable? \ud83e\udd2f<br \/> Aquest any hem col\u00b7leccionat:<br \/> 0\ufe0f\u20e3 , 2\ufe0f\u20e3 , 4\ufe0f\u20e3 , 5\ufe0f\u20e3 , 5-0.25 (aix\u00f2 qu\u00e8 \u00e9s, una promoci\u00f3 del Dia sense IVA del Lidl?), 7, 5\ufe0f\u20e3 , \ud83d\udd1f , i l\u201d infaltable 2\ufe0f\u20e3 1\ufe0f\u20e3 .<br \/> Nom\u00e9s em falta un \u00e0lbum de cromos per enganxar-los tots! \ud83d\udcda<\/p>\n\n<p>I \u00e9s clar, despr\u00e9s ve el <strong>reality fiscal<\/strong> :<br \/> \ud83d\udccc \u00abNo pots desgravar el cotxe sencer perqu\u00e8 el fas servir tamb\u00e9 per anar a buscar el pa.\u00bb<br \/> \ud83d\udccc \u00abLa llum no compta perqu\u00e8 il\u00b7lumina la teva cara, i aix\u00f2 no \u00e9s activitat econ\u00f2mica (de moment).\u00bb<br \/> \ud83d\udccc \u00abEl gas, l&#8217;aigua, el wifi\u2026 compte, que aix\u00f2 ho gaudeix el teu gos tamb\u00e9, i Hisenda no desgrava mascotes.\u00bb \ud83d\udc36 \ud83d\udca7 \u26a1<\/p>\n\n<p>Mentrestant, els que s\u00ed que tenen recursos per fer m\u00e0gia amb els seus diners (cof cof, les grans empreses), tenen assessors, fiscals, consultors, experts en evasi\u00f3 que podrien hackejar la NASA si els ho demanen\u2026 ia aquests, curiosament, ning\u00fa els molesta.<\/p>\n\n<p>Per\u00f2 als petits&#8230; a nosaltres ens teniu sempre a la mira \ud83d\udd0d<br \/> Som com aquest alumne que s\u00ed que estudia per\u00f2 a qui potser enxampen copiant&#8230; perqu\u00e8 \u00e9s clar, cal fer quota, i \u00e9s m\u00e9s f\u00e0cil fastiguejar el que no t\u00e9 amb qu\u00e8 defensar-se.<\/p>\n\n<p>Aix\u00f2 s\u00ed:<br \/> \ud83d\udcc6 Treball 18 hores al dia.<br \/> \ud83d\udc77\u200d\u2642\ufe0f Tinc dues empleades a qui pago la seva seguretat social, IRPF, retencions, i fins i tot els convido un caf\u00e8 de tant en tant.<br \/> \ud83d\udcbc S\u00f3c aut\u00f2nom.<br \/> \ud83d\udcc9 I resulta que, quan ens jubilem, gaireb\u00e9 segur que <strong>elles cobraran m\u00e9s pensi\u00f3 que jo<\/strong> .<\/p>\n\n<p>I encara he d&#8217;escoltar que ser el teu propi cap \u00e9s \u201cllibertat\u201d\u2026 Llibertat, s\u00ed. Per arru\u00efnar-te amb estil. \ud83d\udd4a\ufe0f \ud83d\udca5  <\/p>\n\n<hr class=\"wp-block-separator has-alpha-channel-opacity\" \/>\n\n<p>\ud83d\udce3 <strong>Estimada Hisenda,<\/strong><br \/> De deb\u00f2 us sembla malament que una casa rural que factura al 10% i compra al 21% tingui dret que li tornin la difer\u00e8ncia?<br \/> Tan complex \u00e9s?<br \/> Tan sospit\u00f3s us sembla que simplement vulguem deduir el que toca sense que ens tracteu com si estigu\u00e9ssim ficant droga a les caixes de fruita? \ud83c\udf4c \ud83d\ude93 <\/p>\n\n<p>Volem treballar. No sobreviure fent malabars amb normatives que ni vosaltres enteneu. <\/p>\n\n<p>Aix\u00ed que res, gr\u00e0cies per un altre any d&#8217;emocions fortes, contradiccions normatives i matinades per quadrar un Excel amb m\u00e9s IVA que l\u00f2gica.<\/p>\n\n<p>Us vull. Per\u00f2 des de lluny. Molt lluny.<br \/> Gaireb\u00e9 tant com est\u00e0 la jubilaci\u00f3 que em quedar\u00e0 despr\u00e9s de tot aix\u00f2. \ud83e\udd72 \ud83d\udcc9   <\/p>\n\n<hr class=\"wp-block-separator has-alpha-channel-opacity\" \/>\n\n<blockquote class=\"wp-block-quote is-layout-flow wp-block-quote-is-layout-flow\">\n<p>Des de MasTorrencito et desitgem un bon dia i que els teus gossos t&#8217;acompanyin!!<\/p>\n<\/blockquote>\n\n<p>\u2014\u2013<br \/> Si vols, pot veure els nostres bons per <a href=\"https:\/\/mastorrencito.com\/\" target=\"_blank\" rel=\"noreferrer noopener\">a<\/a> <strong>caps de setmana, bons jubilats<\/strong> , a un preu incre\u00efble.. entra a <a href=\"https:\/\/www.mastorrencito.com\/\">www.mastorrencito.com<\/a> o si vols podeu llegir m\u00e9s hist\u00f2ria i an\u00e8cdotes que ens <a href=\"https:\/\/mastorrencito.com\/es\/\">han<\/a> passat a MasTorrencito\u2026 Clickea aqui\u2026<\/p>\n","protected":false},"excerpt":{"rendered":"<p>Ayyy, qu\u00e8 seria de mi sense tu, el meu amor\u2026 Cada any em regales una experi\u00e8ncia nova. 2024 no ha estat diferent. De fet, ha estat preci\u00f3s: un any m\u00e9s sense inspecci\u00f3, i jo ja em sento com si visqu\u00e9s en un jard\u00ed sense flors \ud83c\udf3c \u2026 sense colors\u2026 sense \u00e0nima\u2026 per\u00f2 amb factures. Sempre [&hellip;]<\/p>\n","protected":false},"author":2,"featured_media":4413,"comment_status":"open","ping_status":"closed","sticky":false,"template":"","format":"standard","meta":{"_acf_changed":false,"footnotes":""},"categories":[35],"tags":[],"class_list":["post-4417","post","type-post","status-publish","format-standard","has-post-thumbnail","hentry","category-histories-mastorrencito"],"yoast_head":"<!-- This site is optimized with the Yoast SEO Premium plugin v27.3 (Yoast SEO v27.5) - https:\/\/yoast.com\/product\/yoast-seo-premium-wordpress\/ -->\n<title>Hisenda\u2026 bene\u00efda siguis entre totes les p... fiscals \ud83d\ude07 \ud83d\udcb8 - Mas Torrencito CAT<\/title>\n<meta name=\"description\" content=\"Que seria de nosaltres sense ella.. seria com un jard\u00ed sense flors.... Hisenda\u2026 bene\u00efda siguis entre totes les p... fiscals \ud83d\ude07 \ud83d\udcb8\" \/>\n<meta name=\"robots\" content=\"index, follow, max-snippet:-1, max-image-preview:large, max-video-preview:-1\" \/>\n<link rel=\"canonical\" href=\"https:\/\/mastorrencito.com\/cat\/hisenda-beneida-siguis-entre-totes-les-p-fiscals-\ud83d\ude07-\ud83d\udcb8\/\" \/>\n<meta property=\"og:locale\" content=\"es_ES\" \/>\n<meta property=\"og:type\" content=\"article\" \/>\n<meta property=\"og:title\" content=\"Hisenda\u2026 bene\u00efda siguis entre totes les p... fiscals \ud83d\ude07 \ud83d\udcb8\" \/>\n<meta property=\"og:description\" content=\"Que seria de nosaltres sense ella.. seria com un jard\u00ed sense flors.... Hisenda\u2026 bene\u00efda siguis entre totes les p... fiscals \ud83d\ude07 \ud83d\udcb8\" \/>\n<meta property=\"og:url\" content=\"https:\/\/mastorrencito.com\/cat\/hisenda-beneida-siguis-entre-totes-les-p-fiscals-\ud83d\ude07-\ud83d\udcb8\/\" \/>\n<meta property=\"og:site_name\" content=\"Mas Torrencito CAT\" \/>\n<meta property=\"article:published_time\" content=\"2025-06-09T04:56:15+00:00\" \/>\n<meta property=\"og:image\" content=\"https:\/\/mastorrencito.com\/cat\/wp-content\/uploads\/sites\/3\/masdita_hacienda.jpg\" \/>\n\t<meta property=\"og:image:width\" content=\"1024\" \/>\n\t<meta property=\"og:image:height\" content=\"1536\" \/>\n\t<meta property=\"og:image:type\" content=\"image\/jpeg\" \/>\n<meta name=\"author\" content=\"Mastorrencito\" \/>\n<meta name=\"twitter:card\" content=\"summary_large_image\" \/>\n<meta name=\"twitter:label1\" content=\"Escrito por\" \/>\n\t<meta name=\"twitter:data1\" content=\"Mastorrencito\" \/>\n\t<meta name=\"twitter:label2\" content=\"Tiempo de lectura\" \/>\n\t<meta name=\"twitter:data2\" content=\"3 minutos\" \/>\n<script type=\"application\/ld+json\" class=\"yoast-schema-graph\">{\"@context\":\"https:\\\/\\\/schema.org\",\"@graph\":[{\"@type\":\"Article\",\"@id\":\"https:\\\/\\\/mastorrencito.com\\\/cat\\\/hisenda-beneida-siguis-entre-totes-les-p-fiscals-%f0%9f%98%87-%f0%9f%92%b8\\\/#article\",\"isPartOf\":{\"@id\":\"https:\\\/\\\/mastorrencito.com\\\/cat\\\/hisenda-beneida-siguis-entre-totes-les-p-fiscals-%f0%9f%98%87-%f0%9f%92%b8\\\/\"},\"author\":{\"name\":\"Mastorrencito\",\"@id\":\"https:\\\/\\\/mastorrencito.com\\\/#\\\/schema\\\/person\\\/18c619be80d4ae2667c702911625f790\"},\"headline\":\"Hisenda\u2026 bene\u00efda siguis entre totes les p&#8230; fiscals \ud83d\ude07 \ud83d\udcb8\",\"datePublished\":\"2025-06-09T04:56:15+00:00\",\"mainEntityOfPage\":{\"@id\":\"https:\\\/\\\/mastorrencito.com\\\/cat\\\/hisenda-beneida-siguis-entre-totes-les-p-fiscals-%f0%9f%98%87-%f0%9f%92%b8\\\/\"},\"wordCount\":530,\"commentCount\":0,\"publisher\":{\"@id\":\"https:\\\/\\\/mastorrencito.com\\\/#organization\"},\"image\":{\"@id\":\"https:\\\/\\\/mastorrencito.com\\\/cat\\\/hisenda-beneida-siguis-entre-totes-les-p-fiscals-%f0%9f%98%87-%f0%9f%92%b8\\\/#primaryimage\"},\"thumbnailUrl\":\"https:\\\/\\\/mastorrencito.com\\\/cat\\\/wp-content\\\/uploads\\\/sites\\\/3\\\/masdita_hacienda.jpg\",\"articleSection\":[\"Hist\u00f2ries Mastorrencito\"],\"inLanguage\":\"es\",\"potentialAction\":[{\"@type\":\"CommentAction\",\"name\":\"Comment\",\"target\":[\"https:\\\/\\\/mastorrencito.com\\\/cat\\\/hisenda-beneida-siguis-entre-totes-les-p-fiscals-%f0%9f%98%87-%f0%9f%92%b8\\\/#respond\"]}]},{\"@type\":\"WebPage\",\"@id\":\"https:\\\/\\\/mastorrencito.com\\\/cat\\\/hisenda-beneida-siguis-entre-totes-les-p-fiscals-%f0%9f%98%87-%f0%9f%92%b8\\\/\",\"url\":\"https:\\\/\\\/mastorrencito.com\\\/cat\\\/hisenda-beneida-siguis-entre-totes-les-p-fiscals-%f0%9f%98%87-%f0%9f%92%b8\\\/\",\"name\":\"Hisenda\u2026 bene\u00efda siguis entre totes les p... fiscals \ud83d\ude07 \ud83d\udcb8 - Mas Torrencito CAT\",\"isPartOf\":{\"@id\":\"https:\\\/\\\/mastorrencito.com\\\/#website\"},\"primaryImageOfPage\":{\"@id\":\"https:\\\/\\\/mastorrencito.com\\\/cat\\\/hisenda-beneida-siguis-entre-totes-les-p-fiscals-%f0%9f%98%87-%f0%9f%92%b8\\\/#primaryimage\"},\"image\":{\"@id\":\"https:\\\/\\\/mastorrencito.com\\\/cat\\\/hisenda-beneida-siguis-entre-totes-les-p-fiscals-%f0%9f%98%87-%f0%9f%92%b8\\\/#primaryimage\"},\"thumbnailUrl\":\"https:\\\/\\\/mastorrencito.com\\\/cat\\\/wp-content\\\/uploads\\\/sites\\\/3\\\/masdita_hacienda.jpg\",\"datePublished\":\"2025-06-09T04:56:15+00:00\",\"description\":\"Que seria de nosaltres sense ella.. seria com un jard\u00ed sense flors.... Hisenda\u2026 bene\u00efda siguis entre totes les p... fiscals \ud83d\ude07 \ud83d\udcb8\",\"breadcrumb\":{\"@id\":\"https:\\\/\\\/mastorrencito.com\\\/cat\\\/hisenda-beneida-siguis-entre-totes-les-p-fiscals-%f0%9f%98%87-%f0%9f%92%b8\\\/#breadcrumb\"},\"inLanguage\":\"es\",\"potentialAction\":[{\"@type\":\"ReadAction\",\"target\":[\"https:\\\/\\\/mastorrencito.com\\\/cat\\\/hisenda-beneida-siguis-entre-totes-les-p-fiscals-%f0%9f%98%87-%f0%9f%92%b8\\\/\"]}]},{\"@type\":\"ImageObject\",\"inLanguage\":\"es\",\"@id\":\"https:\\\/\\\/mastorrencito.com\\\/cat\\\/hisenda-beneida-siguis-entre-totes-les-p-fiscals-%f0%9f%98%87-%f0%9f%92%b8\\\/#primaryimage\",\"url\":\"https:\\\/\\\/mastorrencito.com\\\/cat\\\/wp-content\\\/uploads\\\/sites\\\/3\\\/masdita_hacienda.jpg\",\"contentUrl\":\"https:\\\/\\\/mastorrencito.com\\\/cat\\\/wp-content\\\/uploads\\\/sites\\\/3\\\/masdita_hacienda.jpg\",\"width\":1024,\"height\":1536,\"caption\":\"hacienda o haciendo ladrones by mastorrencito\"},{\"@type\":\"BreadcrumbList\",\"@id\":\"https:\\\/\\\/mastorrencito.com\\\/cat\\\/hisenda-beneida-siguis-entre-totes-les-p-fiscals-%f0%9f%98%87-%f0%9f%92%b8\\\/#breadcrumb\",\"itemListElement\":[{\"@type\":\"ListItem\",\"position\":1,\"name\":\"Portada\",\"item\":\"https:\\\/\\\/mastorrencito.com\\\/\"},{\"@type\":\"ListItem\",\"position\":2,\"name\":\"Hisenda\u2026 bene\u00efda siguis entre totes les p&#8230; fiscals \ud83d\ude07 \ud83d\udcb8\"}]},{\"@type\":\"WebSite\",\"@id\":\"https:\\\/\\\/mastorrencito.com\\\/#website\",\"url\":\"https:\\\/\\\/mastorrencito.com\\\/\",\"name\":\"Mas Torrencito CAT\",\"description\":\"Casa rural pet friendly en Girona\",\"publisher\":{\"@id\":\"https:\\\/\\\/mastorrencito.com\\\/#organization\"},\"potentialAction\":[{\"@type\":\"SearchAction\",\"target\":{\"@type\":\"EntryPoint\",\"urlTemplate\":\"https:\\\/\\\/mastorrencito.com\\\/?s={search_term_string}\"},\"query-input\":{\"@type\":\"PropertyValueSpecification\",\"valueRequired\":true,\"valueName\":\"search_term_string\"}}],\"inLanguage\":\"es\"},{\"@type\":\"Organization\",\"@id\":\"https:\\\/\\\/mastorrencito.com\\\/#organization\",\"name\":\"Mas Torrencito CAT\",\"url\":\"https:\\\/\\\/mastorrencito.com\\\/\",\"logo\":{\"@type\":\"ImageObject\",\"inLanguage\":\"es\",\"@id\":\"https:\\\/\\\/mastorrencito.com\\\/#\\\/schema\\\/logo\\\/image\\\/\",\"url\":\"https:\\\/\\\/mastorrencito.com\\\/cat\\\/wp-content\\\/uploads\\\/sites\\\/3\\\/Logo-Mastorrencito-horizontal.webp\",\"contentUrl\":\"https:\\\/\\\/mastorrencito.com\\\/cat\\\/wp-content\\\/uploads\\\/sites\\\/3\\\/Logo-Mastorrencito-horizontal.webp\",\"width\":161,\"height\":54,\"caption\":\"Mas Torrencito CAT\"},\"image\":{\"@id\":\"https:\\\/\\\/mastorrencito.com\\\/#\\\/schema\\\/logo\\\/image\\\/\"}},{\"@type\":\"Person\",\"@id\":\"https:\\\/\\\/mastorrencito.com\\\/#\\\/schema\\\/person\\\/18c619be80d4ae2667c702911625f790\",\"name\":\"Mastorrencito\",\"image\":{\"@type\":\"ImageObject\",\"inLanguage\":\"es\",\"@id\":\"https:\\\/\\\/secure.gravatar.com\\\/avatar\\\/3ef55e0519f987a734c21caee1423b51df7b760b7d81a38ecd31cab0a5115f6d?s=96&d=mm&r=g\",\"url\":\"https:\\\/\\\/secure.gravatar.com\\\/avatar\\\/3ef55e0519f987a734c21caee1423b51df7b760b7d81a38ecd31cab0a5115f6d?s=96&d=mm&r=g\",\"contentUrl\":\"https:\\\/\\\/secure.gravatar.com\\\/avatar\\\/3ef55e0519f987a734c21caee1423b51df7b760b7d81a38ecd31cab0a5115f6d?s=96&d=mm&r=g\",\"caption\":\"Mastorrencito\"},\"url\":\"https:\\\/\\\/mastorrencito.com\\\/cat\\\/author\\\/mastorrencito\\\/\"}]}<\/script>\n<!-- \/ Yoast SEO Premium plugin. -->","yoast_head_json":{"title":"Hisenda\u2026 bene\u00efda siguis entre totes les p... fiscals \ud83d\ude07 \ud83d\udcb8 - Mas Torrencito CAT","description":"Que seria de nosaltres sense ella.. seria com un jard\u00ed sense flors.... Hisenda\u2026 bene\u00efda siguis entre totes les p... fiscals \ud83d\ude07 \ud83d\udcb8","robots":{"index":"index","follow":"follow","max-snippet":"max-snippet:-1","max-image-preview":"max-image-preview:large","max-video-preview":"max-video-preview:-1"},"canonical":"https:\/\/mastorrencito.com\/cat\/hisenda-beneida-siguis-entre-totes-les-p-fiscals-\ud83d\ude07-\ud83d\udcb8\/","og_locale":"es_ES","og_type":"article","og_title":"Hisenda\u2026 bene\u00efda siguis entre totes les p... fiscals \ud83d\ude07 \ud83d\udcb8","og_description":"Que seria de nosaltres sense ella.. seria com un jard\u00ed sense flors.... Hisenda\u2026 bene\u00efda siguis entre totes les p... fiscals \ud83d\ude07 \ud83d\udcb8","og_url":"https:\/\/mastorrencito.com\/cat\/hisenda-beneida-siguis-entre-totes-les-p-fiscals-\ud83d\ude07-\ud83d\udcb8\/","og_site_name":"Mas Torrencito CAT","article_published_time":"2025-06-09T04:56:15+00:00","og_image":[{"width":1024,"height":1536,"url":"https:\/\/mastorrencito.com\/cat\/wp-content\/uploads\/sites\/3\/masdita_hacienda.jpg","type":"image\/jpeg"}],"author":"Mastorrencito","twitter_card":"summary_large_image","twitter_misc":{"Escrito por":"Mastorrencito","Tiempo de lectura":"3 minutos"},"schema":{"@context":"https:\/\/schema.org","@graph":[{"@type":"Article","@id":"https:\/\/mastorrencito.com\/cat\/hisenda-beneida-siguis-entre-totes-les-p-fiscals-%f0%9f%98%87-%f0%9f%92%b8\/#article","isPartOf":{"@id":"https:\/\/mastorrencito.com\/cat\/hisenda-beneida-siguis-entre-totes-les-p-fiscals-%f0%9f%98%87-%f0%9f%92%b8\/"},"author":{"name":"Mastorrencito","@id":"https:\/\/mastorrencito.com\/#\/schema\/person\/18c619be80d4ae2667c702911625f790"},"headline":"Hisenda\u2026 bene\u00efda siguis entre totes les p&#8230; fiscals \ud83d\ude07 \ud83d\udcb8","datePublished":"2025-06-09T04:56:15+00:00","mainEntityOfPage":{"@id":"https:\/\/mastorrencito.com\/cat\/hisenda-beneida-siguis-entre-totes-les-p-fiscals-%f0%9f%98%87-%f0%9f%92%b8\/"},"wordCount":530,"commentCount":0,"publisher":{"@id":"https:\/\/mastorrencito.com\/#organization"},"image":{"@id":"https:\/\/mastorrencito.com\/cat\/hisenda-beneida-siguis-entre-totes-les-p-fiscals-%f0%9f%98%87-%f0%9f%92%b8\/#primaryimage"},"thumbnailUrl":"https:\/\/mastorrencito.com\/cat\/wp-content\/uploads\/sites\/3\/masdita_hacienda.jpg","articleSection":["Hist\u00f2ries Mastorrencito"],"inLanguage":"es","potentialAction":[{"@type":"CommentAction","name":"Comment","target":["https:\/\/mastorrencito.com\/cat\/hisenda-beneida-siguis-entre-totes-les-p-fiscals-%f0%9f%98%87-%f0%9f%92%b8\/#respond"]}]},{"@type":"WebPage","@id":"https:\/\/mastorrencito.com\/cat\/hisenda-beneida-siguis-entre-totes-les-p-fiscals-%f0%9f%98%87-%f0%9f%92%b8\/","url":"https:\/\/mastorrencito.com\/cat\/hisenda-beneida-siguis-entre-totes-les-p-fiscals-%f0%9f%98%87-%f0%9f%92%b8\/","name":"Hisenda\u2026 bene\u00efda siguis entre totes les p... fiscals \ud83d\ude07 \ud83d\udcb8 - Mas Torrencito CAT","isPartOf":{"@id":"https:\/\/mastorrencito.com\/#website"},"primaryImageOfPage":{"@id":"https:\/\/mastorrencito.com\/cat\/hisenda-beneida-siguis-entre-totes-les-p-fiscals-%f0%9f%98%87-%f0%9f%92%b8\/#primaryimage"},"image":{"@id":"https:\/\/mastorrencito.com\/cat\/hisenda-beneida-siguis-entre-totes-les-p-fiscals-%f0%9f%98%87-%f0%9f%92%b8\/#primaryimage"},"thumbnailUrl":"https:\/\/mastorrencito.com\/cat\/wp-content\/uploads\/sites\/3\/masdita_hacienda.jpg","datePublished":"2025-06-09T04:56:15+00:00","description":"Que seria de nosaltres sense ella.. seria com un jard\u00ed sense flors.... Hisenda\u2026 bene\u00efda siguis entre totes les p... fiscals \ud83d\ude07 \ud83d\udcb8","breadcrumb":{"@id":"https:\/\/mastorrencito.com\/cat\/hisenda-beneida-siguis-entre-totes-les-p-fiscals-%f0%9f%98%87-%f0%9f%92%b8\/#breadcrumb"},"inLanguage":"es","potentialAction":[{"@type":"ReadAction","target":["https:\/\/mastorrencito.com\/cat\/hisenda-beneida-siguis-entre-totes-les-p-fiscals-%f0%9f%98%87-%f0%9f%92%b8\/"]}]},{"@type":"ImageObject","inLanguage":"es","@id":"https:\/\/mastorrencito.com\/cat\/hisenda-beneida-siguis-entre-totes-les-p-fiscals-%f0%9f%98%87-%f0%9f%92%b8\/#primaryimage","url":"https:\/\/mastorrencito.com\/cat\/wp-content\/uploads\/sites\/3\/masdita_hacienda.jpg","contentUrl":"https:\/\/mastorrencito.com\/cat\/wp-content\/uploads\/sites\/3\/masdita_hacienda.jpg","width":1024,"height":1536,"caption":"hacienda o haciendo ladrones by mastorrencito"},{"@type":"BreadcrumbList","@id":"https:\/\/mastorrencito.com\/cat\/hisenda-beneida-siguis-entre-totes-les-p-fiscals-%f0%9f%98%87-%f0%9f%92%b8\/#breadcrumb","itemListElement":[{"@type":"ListItem","position":1,"name":"Portada","item":"https:\/\/mastorrencito.com\/"},{"@type":"ListItem","position":2,"name":"Hisenda\u2026 bene\u00efda siguis entre totes les p&#8230; fiscals \ud83d\ude07 \ud83d\udcb8"}]},{"@type":"WebSite","@id":"https:\/\/mastorrencito.com\/#website","url":"https:\/\/mastorrencito.com\/","name":"Mas Torrencito CAT","description":"Casa rural pet friendly en Girona","publisher":{"@id":"https:\/\/mastorrencito.com\/#organization"},"potentialAction":[{"@type":"SearchAction","target":{"@type":"EntryPoint","urlTemplate":"https:\/\/mastorrencito.com\/?s={search_term_string}"},"query-input":{"@type":"PropertyValueSpecification","valueRequired":true,"valueName":"search_term_string"}}],"inLanguage":"es"},{"@type":"Organization","@id":"https:\/\/mastorrencito.com\/#organization","name":"Mas Torrencito CAT","url":"https:\/\/mastorrencito.com\/","logo":{"@type":"ImageObject","inLanguage":"es","@id":"https:\/\/mastorrencito.com\/#\/schema\/logo\/image\/","url":"https:\/\/mastorrencito.com\/cat\/wp-content\/uploads\/sites\/3\/Logo-Mastorrencito-horizontal.webp","contentUrl":"https:\/\/mastorrencito.com\/cat\/wp-content\/uploads\/sites\/3\/Logo-Mastorrencito-horizontal.webp","width":161,"height":54,"caption":"Mas Torrencito CAT"},"image":{"@id":"https:\/\/mastorrencito.com\/#\/schema\/logo\/image\/"}},{"@type":"Person","@id":"https:\/\/mastorrencito.com\/#\/schema\/person\/18c619be80d4ae2667c702911625f790","name":"Mastorrencito","image":{"@type":"ImageObject","inLanguage":"es","@id":"https:\/\/secure.gravatar.com\/avatar\/3ef55e0519f987a734c21caee1423b51df7b760b7d81a38ecd31cab0a5115f6d?s=96&d=mm&r=g","url":"https:\/\/secure.gravatar.com\/avatar\/3ef55e0519f987a734c21caee1423b51df7b760b7d81a38ecd31cab0a5115f6d?s=96&d=mm&r=g","contentUrl":"https:\/\/secure.gravatar.com\/avatar\/3ef55e0519f987a734c21caee1423b51df7b760b7d81a38ecd31cab0a5115f6d?s=96&d=mm&r=g","caption":"Mastorrencito"},"url":"https:\/\/mastorrencito.com\/cat\/author\/mastorrencito\/"}]}},"acf":[],"_links":{"self":[{"href":"https:\/\/mastorrencito.com\/cat\/wp-json\/wp\/v2\/posts\/4417","targetHints":{"allow":["GET"]}}],"collection":[{"href":"https:\/\/mastorrencito.com\/cat\/wp-json\/wp\/v2\/posts"}],"about":[{"href":"https:\/\/mastorrencito.com\/cat\/wp-json\/wp\/v2\/types\/post"}],"author":[{"embeddable":true,"href":"https:\/\/mastorrencito.com\/cat\/wp-json\/wp\/v2\/users\/2"}],"replies":[{"embeddable":true,"href":"https:\/\/mastorrencito.com\/cat\/wp-json\/wp\/v2\/comments?post=4417"}],"version-history":[{"count":0,"href":"https:\/\/mastorrencito.com\/cat\/wp-json\/wp\/v2\/posts\/4417\/revisions"}],"wp:featuredmedia":[{"embeddable":true,"href":"https:\/\/mastorrencito.com\/cat\/wp-json\/wp\/v2\/media\/4413"}],"wp:attachment":[{"href":"https:\/\/mastorrencito.com\/cat\/wp-json\/wp\/v2\/media?parent=4417"}],"wp:term":[{"taxonomy":"category","embeddable":true,"href":"https:\/\/mastorrencito.com\/cat\/wp-json\/wp\/v2\/categories?post=4417"},{"taxonomy":"post_tag","embeddable":true,"href":"https:\/\/mastorrencito.com\/cat\/wp-json\/wp\/v2\/tags?post=4417"}],"curies":[{"name":"wp","href":"https:\/\/api.w.org\/{rel}","templated":true}]}}