{"id":4401,"date":"2025-06-08T05:06:51","date_gmt":"2025-06-08T05:06:51","guid":{"rendered":"https:\/\/casaruralconperrosgirona.com\/si-no-estuvieramos\/"},"modified":"2025-06-08T05:06:51","modified_gmt":"2025-06-08T05:06:51","slug":"si-no-estuvieramos-2","status":"publish","type":"post","link":"https:\/\/mastorrencito.com\/cat\/si-no-estuvieramos-2\/","title":{"rendered":"\u201cSi no estuvi\u00e9ramos&#8230;\u201d"},"content":{"rendered":"\n<hr class=\"wp-block-separator has-alpha-channel-opacity\" \/>\n\n<p>\ud83d\udc3e <em>Contado por Manuela, fundadora peluda y alma eterna de Mastorrencito<\/em><\/p>\n\n<p>Hola.<br \/> Soy Manuela. La Golden Retriever.<br \/> S\u00ed, esa rubia que lo empez\u00f3 todo. La que primero ladr\u00f3n, la que primero se tom\u00f3 al sol en el porche de Mastorrencito y pens\u00f3:  <br \/><em>\u201cAqu\u00ed, s\u00ed. Aqu\u00ed se puede ser feliz.\u201d<\/em><\/p>\n\n<p>Hoy os hablo desde otro sitio. Uno tranquilo, lleno de sombra y c\u00e9sped blando, donde descansamos los perros buenos. Aqu\u00ed estoy como Markos, Max, Macarena, Mast\u00edn Tirur\u00ed y Mato.<br \/> Y entre juego y juego, a veces nos asomos a mirar qu\u00e9 pasa ah\u00ed abajo, donde sea nuestro legado.  <\/p>\n\n<p>El otro d\u00eda so\u00f1\u00f3 algo horrible. So\u00f1\u00e9 que <strong>no est\u00e1bamos<\/strong> .<br \/> Ni yo, ni Masto, ni Mast\u00edn TIRURI, ni Maky, ni Mamas, ni Mastitwo.<br \/> Ni nosotros, ni los amigos que vienen con sus familias, ni los que se quedan unos d\u00edas, ni los que repeten verano tras verano. <\/p>\n\n<p>Y lo que vino&#8230; no me lo quito de la cabeza.<\/p>\n<figure class=\"wp-block-post-featured-image\"><img fetchpriority=\"high\" decoding=\"async\" width=\"1920\" height=\"2560\" src=\"https:\/\/mastorrencito.com\/cat\/wp-content\/uploads\/sites\/3\/20171231_074520-scaled-1.jpg\" class=\"attachment-post-thumbnail size-post-thumbnail wp-post-image\" alt=\"\" style=\"object-fit:cover;\" srcset=\"https:\/\/mastorrencito.com\/cat\/wp-content\/uploads\/sites\/3\/20171231_074520-scaled-1.jpg 1920w, https:\/\/mastorrencito.com\/cat\/wp-content\/uploads\/sites\/3\/20171231_074520-scaled-1-225x300.jpg 225w, https:\/\/mastorrencito.com\/cat\/wp-content\/uploads\/sites\/3\/20171231_074520-scaled-1-768x1024.jpg 768w, https:\/\/mastorrencito.com\/cat\/wp-content\/uploads\/sites\/3\/20171231_074520-scaled-1-1152x1536.jpg 1152w, https:\/\/mastorrencito.com\/cat\/wp-content\/uploads\/sites\/3\/20171231_074520-scaled-1-1536x2048.jpg 1536w\" sizes=\"(max-width: 1920px) 100vw, 1920px\" \/><\/figure>\n<hr class=\"wp-block-separator has-alpha-channel-opacity\" \/>\n\n<p>Mastorrencito segu\u00eda ah\u00ed, s\u00ed.<br \/> Los \u00e1rboles, el campo, el viento.<br \/> Todo en su sitio.<br \/> Pero estaba vac\u00edo.<br \/> Como una casa en la que se le han apagado las luces por dentro.<\/p>\n\n<p>No se o\u00edan ladridos.<br \/> No hab\u00eda carreras ni juegos.<br \/> Los bebederos estaban limpios, s\u00ed&#8230; pero llenos.<br \/> Las piernas hechas.<br \/> Las pelotas nuevas, sin una sola mordida.<\/p>\n\n<p>Y los humanos&#8230; desubicados.<br \/> Uno de los cuidadores se sinti\u00f3 en una piedra con una pelota en la mando. Se qued\u00f3 mir\u00e1ndola, quieto. Como esperando que alguien viniera a quit\u00e1rsela. Pero no vino nadie.   <\/p>\n\n<p>No hab\u00eda movimiento.<br \/> No hab\u00eda alegr\u00eda.<br \/> Solo rutinas. Solo silencio. <\/p>\n\n<hr class=\"wp-block-separator has-alpha-channel-opacity\" \/>\n\n<p><strong>Sin nosotros, Mastorrencito no era Mastorrencito.<\/strong><\/p>\n\n<p>Era una casa rural m\u00e1s.<br \/> Bonita, s\u00ed. Correcta.<br \/> Pero sin alma. <\/p>\n\n<p>Porque el alma somos nosotros.<\/p>\n\n<p>Nosotros damos la bienvenida, marcamos el ritmo del d\u00eda, convertimos los pasillos en autopistas de felicidad, llenamos los rincones de vida (y de pelos, vale, tambi\u00e9n de pelos \ud83d\udc3e ).<\/p>\n\n<p>Y entonces lo entendi\u00f3:<\/p>\n\n<p>No somos un a\u00f1adido.<br \/> No somos un servicio extra.<br \/><strong>Somos el coraz\u00f3n.<\/strong><\/p>\n\n<hr class=\"wp-block-separator has-alpha-channel-opacity\" \/>\n\n<p>Aqu\u00ed llega lo hablamos muchas veces.<br \/> Markos dice que sin \u00e9l, nadie se pelea en broma por una rama.<br \/> Macarena asegura que los cojines del sof\u00e1 est\u00e1n demasiado ordenados.<br \/> Max dice que sin sus siestas roncando, el silencio se molesto.<br \/> Mato solo quiere una pelota, pero tambi\u00e9n echa a falta el jaleo.<\/p>\n\n<p>Y yo&#8230;<br \/> Yo pienso en Masto, en Maky, en Mamas, en Mastitwo.<br \/> Los que est\u00e9n ah\u00ed abajo.<br \/> Los que ahora sostenen ese sitio.<br \/> Y me alegro de que extiende.<\/p>\n\n<p>Porque sin ellos, no ser\u00eda una casa.<br \/> Ser\u00eda s\u00f3lo un sitio bonito.<br \/> Y eso no es suficiente.<\/p>\n\n<hr class=\"wp-block-separator has-alpha-channel-opacity\" \/>\n\n<p>Por eso, si est\u00e1s leyendo esto, y tienes la suerte de estar all\u00ed con uno de ellos, o de pasar unos d\u00edas contigo perro en Mastorrencito\u2026<br \/> M\u00edralo.<br \/> Acaricialo aunque tenga barro.<br \/> D\u00e9jale subirse al sof\u00e1 si le apetece.<br \/> Aguanta el ladrido.<br \/> Y sonr\u00ede cuando trobes pelos en la ropa.<br \/> Porque eso significa que <strong>estamos<\/strong> .<br \/> Y mientras estamos, todo sigue teniendo sentido.<\/p>\n\n<p>Con cari\u00f1o, desde siempre,<br \/><strong>Manuela<\/strong><br \/> Golden, fundadora, jefa de mimos, y guardiana invisible de ese lugar al que llamamos hogar \ud83d\udc36 \u2764\ufe0f<\/p>\n\n<hr class=\"wp-block-separator has-alpha-channel-opacity\" \/>\n\n<h2 class=\"wp-block-heading\">Reflexi\u00f3n<\/h2>\n\n<p><strong>\u00bfY si vivi\u00e9ramos sin pelos\u2026 ni perros?<\/strong><\/p>\n\n<p>La casa estar\u00eda limpia.<br \/> Los sof\u00e1s impecables.<br \/> Las alfombras sin huellas.<br \/> Y el coche, por fin, sin ese manto de pelo que parece parte del tapizado.<\/p>\n\n<p>S\u00ed, todo estar\u00eda en orden.<br \/> Pero faltar\u00eda lo esencial.<\/p>\n\n<p>Nadie saldr\u00eda corriendo a saludarte como si volvieras de una guerra, aunque solo hayas ido a miedo el pan.<br \/> Nadie se tumbar\u00eda a tus pies sin pedir nada.<br \/> Nadie te mirar\u00eda como si fueras, literalmente, <strong>su mundo entero<\/strong> .<\/p>\n\n<p>Sin perros, tendr\u00edamos m\u00e1s tiempo\u2026<br \/> pero menos motivos para salir de casa.<br \/> M\u00e1s espacio\u2026<br \/> pero menos ganas de lanzarlo.<br \/> M\u00e1s silencio\u2026<br \/> pero menos consuelo.<\/p>\n\n<p>Sin esos pelos que se te pegan en la ropa, no habr\u00eda rastro de nadie que te acompa\u00f1e sin condiciones.<br \/> Sin ese lamento tras la puerta, no habr\u00eda quien notara cuando est\u00e1s triste.<br \/> Sin ese compa\u00f1ero de cuatro patas, la rutina ser\u00eda eso: rutina. Sin pausas, sin sorpresas, sin esa alegr\u00eda tonta de ver mover un pegamento. <\/p>\n\n<p>Podemos aspirar la casa.<br \/> Podemos dejarnos los pelos de la ropa.<br \/> Pero no deber\u00edamos aspirar una vida sin ellos.<\/p>\n\n<p>Porque vivir sin pelos es posible.<br \/> Pero vivir sin perros\u2026<br \/><strong>es otra cosa.<\/strong><\/p>\n\n<p>Una m\u00e1s limpia, s\u00ed.<br \/>Pero tambi\u00e9n m\u00e1s vac\u00eda.<\/p>\n\n<blockquote class=\"wp-block-quote is-layout-flow wp-block-quote-is-layout-flow\">\n<p>Desde MasTorrencito te deseamos un buen d\u00eda y que tus perros te acompa\u00f1en!!!!<\/p>\n<\/blockquote>\n\n<p>\u2014\u2013<br \/> Si quieres, puede ver nuestros <strong>bonos para fines de semana, bonos jubilados<\/strong> <a href=\"https:\/\/mastorrencito.com\/es\/\" target=\"_blank\" rel=\"noreferrer noopener\">,<\/a> a un precio incre\u00edble.. entra en <a href=\"https:\/\/www.mastorrencito.com\/\">www.mastorrencito.com<\/a> o si quieres pod\u00e9is leer m\u00e1s historia y an\u00e9cdotas que nos <a href=\"https:\/\/mastorrencito.com\/es\/\">han<\/a> pasado en MasTorrencito\u2026<\/p>\n","protected":false},"excerpt":{"rendered":"<p>\ud83d\udc3e Contado por Manuela, fundadora peluda y alma eterna de Mastorrencito Hola. Soy Manuela. La Golden Retriever. S\u00ed, esa rubia que lo empez\u00f3 todo. La que primero ladr\u00f3n, la que primero se tom\u00f3 al sol en el porche de Mastorrencito y pens\u00f3: \u201cAqu\u00ed, s\u00ed. Aqu\u00ed se puede ser feliz.\u201d Hoy os hablo desde otro sitio. [&hellip;]<\/p>\n","protected":false},"author":2,"featured_media":4397,"comment_status":"open","ping_status":"closed","sticky":false,"template":"","format":"standard","meta":{"_acf_changed":false,"footnotes":""},"categories":[36],"tags":[],"class_list":["post-4401","post","type-post","status-publish","format-standard","has-post-thumbnail","hentry","category-historias-de-mastorrencito"],"yoast_head":"<!-- This site is optimized with the Yoast SEO Premium plugin v27.3 (Yoast SEO v27.5) - https:\/\/yoast.com\/product\/yoast-seo-premium-wordpress\/ -->\n<title>\u201cSi no estuvi\u00e9ramos...\u201d - Mas Torrencito CAT<\/title>\n<meta name=\"description\" content=\"Imaginate tu mundo sin perros... imaginate MasTorrencito sin ellos... \u201cSi no estuvi\u00e9ramos...\u201d \u00bfC\u00f3mo ser\u00eda tu vida????\" \/>\n<meta name=\"robots\" content=\"index, follow, max-snippet:-1, max-image-preview:large, max-video-preview:-1\" \/>\n<link rel=\"canonical\" href=\"https:\/\/mastorrencito.com\/cat\/si-no-estuvieramos-2\/\" \/>\n<meta property=\"og:locale\" content=\"es_ES\" \/>\n<meta property=\"og:type\" content=\"article\" \/>\n<meta property=\"og:title\" content=\"\u201cSi no estuvi\u00e9ramos...\u201d\" \/>\n<meta property=\"og:description\" content=\"Imaginate tu mundo sin perros... imaginate MasTorrencito sin ellos... \u201cSi no estuvi\u00e9ramos...\u201d \u00bfC\u00f3mo ser\u00eda tu vida????\" \/>\n<meta property=\"og:url\" content=\"https:\/\/mastorrencito.com\/cat\/si-no-estuvieramos-2\/\" \/>\n<meta property=\"og:site_name\" content=\"Mas Torrencito CAT\" \/>\n<meta property=\"article:published_time\" content=\"2025-06-08T05:06:51+00:00\" \/>\n<meta property=\"og:image\" content=\"https:\/\/mastorrencito.com\/cat\/wp-content\/uploads\/sites\/3\/20171231_074520-scaled-1.jpg\" \/>\n\t<meta property=\"og:image:width\" content=\"1920\" \/>\n\t<meta property=\"og:image:height\" content=\"2560\" \/>\n\t<meta property=\"og:image:type\" content=\"image\/jpeg\" \/>\n<meta name=\"author\" content=\"Mastorrencito\" \/>\n<meta name=\"twitter:card\" content=\"summary_large_image\" \/>\n<meta name=\"twitter:label1\" content=\"Escrito por\" \/>\n\t<meta name=\"twitter:data1\" content=\"Mastorrencito\" \/>\n\t<meta name=\"twitter:label2\" content=\"Tiempo de lectura\" \/>\n\t<meta name=\"twitter:data2\" content=\"4 minutos\" \/>\n<script type=\"application\/ld+json\" class=\"yoast-schema-graph\">{\"@context\":\"https:\\\/\\\/schema.org\",\"@graph\":[{\"@type\":\"Article\",\"@id\":\"https:\\\/\\\/mastorrencito.com\\\/cat\\\/si-no-estuvieramos-2\\\/#article\",\"isPartOf\":{\"@id\":\"https:\\\/\\\/mastorrencito.com\\\/cat\\\/si-no-estuvieramos-2\\\/\"},\"author\":{\"name\":\"Mastorrencito\",\"@id\":\"https:\\\/\\\/mastorrencito.com\\\/#\\\/schema\\\/person\\\/18c619be80d4ae2667c702911625f790\"},\"headline\":\"\u201cSi no estuvi\u00e9ramos&#8230;\u201d\",\"datePublished\":\"2025-06-08T05:06:51+00:00\",\"mainEntityOfPage\":{\"@id\":\"https:\\\/\\\/mastorrencito.com\\\/cat\\\/si-no-estuvieramos-2\\\/\"},\"wordCount\":819,\"commentCount\":0,\"publisher\":{\"@id\":\"https:\\\/\\\/mastorrencito.com\\\/#organization\"},\"image\":{\"@id\":\"https:\\\/\\\/mastorrencito.com\\\/cat\\\/si-no-estuvieramos-2\\\/#primaryimage\"},\"thumbnailUrl\":\"https:\\\/\\\/mastorrencito.com\\\/cat\\\/wp-content\\\/uploads\\\/sites\\\/3\\\/20171231_074520-scaled-1.jpg\",\"articleSection\":[\"Historias de Mastorrencito\"],\"inLanguage\":\"es\",\"potentialAction\":[{\"@type\":\"CommentAction\",\"name\":\"Comment\",\"target\":[\"https:\\\/\\\/mastorrencito.com\\\/cat\\\/si-no-estuvieramos-2\\\/#respond\"]}]},{\"@type\":\"WebPage\",\"@id\":\"https:\\\/\\\/mastorrencito.com\\\/cat\\\/si-no-estuvieramos-2\\\/\",\"url\":\"https:\\\/\\\/mastorrencito.com\\\/cat\\\/si-no-estuvieramos-2\\\/\",\"name\":\"\u201cSi no estuvi\u00e9ramos...\u201d - Mas Torrencito CAT\",\"isPartOf\":{\"@id\":\"https:\\\/\\\/mastorrencito.com\\\/#website\"},\"primaryImageOfPage\":{\"@id\":\"https:\\\/\\\/mastorrencito.com\\\/cat\\\/si-no-estuvieramos-2\\\/#primaryimage\"},\"image\":{\"@id\":\"https:\\\/\\\/mastorrencito.com\\\/cat\\\/si-no-estuvieramos-2\\\/#primaryimage\"},\"thumbnailUrl\":\"https:\\\/\\\/mastorrencito.com\\\/cat\\\/wp-content\\\/uploads\\\/sites\\\/3\\\/20171231_074520-scaled-1.jpg\",\"datePublished\":\"2025-06-08T05:06:51+00:00\",\"description\":\"Imaginate tu mundo sin perros... imaginate MasTorrencito sin ellos... \u201cSi no estuvi\u00e9ramos...\u201d \u00bfC\u00f3mo ser\u00eda tu vida????\",\"breadcrumb\":{\"@id\":\"https:\\\/\\\/mastorrencito.com\\\/cat\\\/si-no-estuvieramos-2\\\/#breadcrumb\"},\"inLanguage\":\"es\",\"potentialAction\":[{\"@type\":\"ReadAction\",\"target\":[\"https:\\\/\\\/mastorrencito.com\\\/cat\\\/si-no-estuvieramos-2\\\/\"]}]},{\"@type\":\"ImageObject\",\"inLanguage\":\"es\",\"@id\":\"https:\\\/\\\/mastorrencito.com\\\/cat\\\/si-no-estuvieramos-2\\\/#primaryimage\",\"url\":\"https:\\\/\\\/mastorrencito.com\\\/cat\\\/wp-content\\\/uploads\\\/sites\\\/3\\\/20171231_074520-scaled-1.jpg\",\"contentUrl\":\"https:\\\/\\\/mastorrencito.com\\\/cat\\\/wp-content\\\/uploads\\\/sites\\\/3\\\/20171231_074520-scaled-1.jpg\",\"width\":1920,\"height\":2560},{\"@type\":\"BreadcrumbList\",\"@id\":\"https:\\\/\\\/mastorrencito.com\\\/cat\\\/si-no-estuvieramos-2\\\/#breadcrumb\",\"itemListElement\":[{\"@type\":\"ListItem\",\"position\":1,\"name\":\"Portada\",\"item\":\"https:\\\/\\\/mastorrencito.com\\\/\"},{\"@type\":\"ListItem\",\"position\":2,\"name\":\"\u201cSi no estuvi\u00e9ramos&#8230;\u201d\"}]},{\"@type\":\"WebSite\",\"@id\":\"https:\\\/\\\/mastorrencito.com\\\/#website\",\"url\":\"https:\\\/\\\/mastorrencito.com\\\/\",\"name\":\"Mas Torrencito CAT\",\"description\":\"Casa rural pet friendly en Girona\",\"publisher\":{\"@id\":\"https:\\\/\\\/mastorrencito.com\\\/#organization\"},\"potentialAction\":[{\"@type\":\"SearchAction\",\"target\":{\"@type\":\"EntryPoint\",\"urlTemplate\":\"https:\\\/\\\/mastorrencito.com\\\/?s={search_term_string}\"},\"query-input\":{\"@type\":\"PropertyValueSpecification\",\"valueRequired\":true,\"valueName\":\"search_term_string\"}}],\"inLanguage\":\"es\"},{\"@type\":\"Organization\",\"@id\":\"https:\\\/\\\/mastorrencito.com\\\/#organization\",\"name\":\"Mas Torrencito CAT\",\"url\":\"https:\\\/\\\/mastorrencito.com\\\/\",\"logo\":{\"@type\":\"ImageObject\",\"inLanguage\":\"es\",\"@id\":\"https:\\\/\\\/mastorrencito.com\\\/#\\\/schema\\\/logo\\\/image\\\/\",\"url\":\"https:\\\/\\\/mastorrencito.com\\\/cat\\\/wp-content\\\/uploads\\\/sites\\\/3\\\/Logo-Mastorrencito-horizontal.webp\",\"contentUrl\":\"https:\\\/\\\/mastorrencito.com\\\/cat\\\/wp-content\\\/uploads\\\/sites\\\/3\\\/Logo-Mastorrencito-horizontal.webp\",\"width\":161,\"height\":54,\"caption\":\"Mas Torrencito CAT\"},\"image\":{\"@id\":\"https:\\\/\\\/mastorrencito.com\\\/#\\\/schema\\\/logo\\\/image\\\/\"}},{\"@type\":\"Person\",\"@id\":\"https:\\\/\\\/mastorrencito.com\\\/#\\\/schema\\\/person\\\/18c619be80d4ae2667c702911625f790\",\"name\":\"Mastorrencito\",\"image\":{\"@type\":\"ImageObject\",\"inLanguage\":\"es\",\"@id\":\"https:\\\/\\\/secure.gravatar.com\\\/avatar\\\/3ef55e0519f987a734c21caee1423b51df7b760b7d81a38ecd31cab0a5115f6d?s=96&d=mm&r=g\",\"url\":\"https:\\\/\\\/secure.gravatar.com\\\/avatar\\\/3ef55e0519f987a734c21caee1423b51df7b760b7d81a38ecd31cab0a5115f6d?s=96&d=mm&r=g\",\"contentUrl\":\"https:\\\/\\\/secure.gravatar.com\\\/avatar\\\/3ef55e0519f987a734c21caee1423b51df7b760b7d81a38ecd31cab0a5115f6d?s=96&d=mm&r=g\",\"caption\":\"Mastorrencito\"},\"url\":\"https:\\\/\\\/mastorrencito.com\\\/cat\\\/author\\\/mastorrencito\\\/\"}]}<\/script>\n<!-- \/ Yoast SEO Premium plugin. -->","yoast_head_json":{"title":"\u201cSi no estuvi\u00e9ramos...\u201d - Mas Torrencito CAT","description":"Imaginate tu mundo sin perros... imaginate MasTorrencito sin ellos... \u201cSi no estuvi\u00e9ramos...\u201d \u00bfC\u00f3mo ser\u00eda tu vida????","robots":{"index":"index","follow":"follow","max-snippet":"max-snippet:-1","max-image-preview":"max-image-preview:large","max-video-preview":"max-video-preview:-1"},"canonical":"https:\/\/mastorrencito.com\/cat\/si-no-estuvieramos-2\/","og_locale":"es_ES","og_type":"article","og_title":"\u201cSi no estuvi\u00e9ramos...\u201d","og_description":"Imaginate tu mundo sin perros... imaginate MasTorrencito sin ellos... \u201cSi no estuvi\u00e9ramos...\u201d \u00bfC\u00f3mo ser\u00eda tu vida????","og_url":"https:\/\/mastorrencito.com\/cat\/si-no-estuvieramos-2\/","og_site_name":"Mas Torrencito CAT","article_published_time":"2025-06-08T05:06:51+00:00","og_image":[{"width":1920,"height":2560,"url":"https:\/\/mastorrencito.com\/cat\/wp-content\/uploads\/sites\/3\/20171231_074520-scaled-1.jpg","type":"image\/jpeg"}],"author":"Mastorrencito","twitter_card":"summary_large_image","twitter_misc":{"Escrito por":"Mastorrencito","Tiempo de lectura":"4 minutos"},"schema":{"@context":"https:\/\/schema.org","@graph":[{"@type":"Article","@id":"https:\/\/mastorrencito.com\/cat\/si-no-estuvieramos-2\/#article","isPartOf":{"@id":"https:\/\/mastorrencito.com\/cat\/si-no-estuvieramos-2\/"},"author":{"name":"Mastorrencito","@id":"https:\/\/mastorrencito.com\/#\/schema\/person\/18c619be80d4ae2667c702911625f790"},"headline":"\u201cSi no estuvi\u00e9ramos&#8230;\u201d","datePublished":"2025-06-08T05:06:51+00:00","mainEntityOfPage":{"@id":"https:\/\/mastorrencito.com\/cat\/si-no-estuvieramos-2\/"},"wordCount":819,"commentCount":0,"publisher":{"@id":"https:\/\/mastorrencito.com\/#organization"},"image":{"@id":"https:\/\/mastorrencito.com\/cat\/si-no-estuvieramos-2\/#primaryimage"},"thumbnailUrl":"https:\/\/mastorrencito.com\/cat\/wp-content\/uploads\/sites\/3\/20171231_074520-scaled-1.jpg","articleSection":["Historias de Mastorrencito"],"inLanguage":"es","potentialAction":[{"@type":"CommentAction","name":"Comment","target":["https:\/\/mastorrencito.com\/cat\/si-no-estuvieramos-2\/#respond"]}]},{"@type":"WebPage","@id":"https:\/\/mastorrencito.com\/cat\/si-no-estuvieramos-2\/","url":"https:\/\/mastorrencito.com\/cat\/si-no-estuvieramos-2\/","name":"\u201cSi no estuvi\u00e9ramos...\u201d - Mas Torrencito CAT","isPartOf":{"@id":"https:\/\/mastorrencito.com\/#website"},"primaryImageOfPage":{"@id":"https:\/\/mastorrencito.com\/cat\/si-no-estuvieramos-2\/#primaryimage"},"image":{"@id":"https:\/\/mastorrencito.com\/cat\/si-no-estuvieramos-2\/#primaryimage"},"thumbnailUrl":"https:\/\/mastorrencito.com\/cat\/wp-content\/uploads\/sites\/3\/20171231_074520-scaled-1.jpg","datePublished":"2025-06-08T05:06:51+00:00","description":"Imaginate tu mundo sin perros... imaginate MasTorrencito sin ellos... \u201cSi no estuvi\u00e9ramos...\u201d \u00bfC\u00f3mo ser\u00eda tu vida????","breadcrumb":{"@id":"https:\/\/mastorrencito.com\/cat\/si-no-estuvieramos-2\/#breadcrumb"},"inLanguage":"es","potentialAction":[{"@type":"ReadAction","target":["https:\/\/mastorrencito.com\/cat\/si-no-estuvieramos-2\/"]}]},{"@type":"ImageObject","inLanguage":"es","@id":"https:\/\/mastorrencito.com\/cat\/si-no-estuvieramos-2\/#primaryimage","url":"https:\/\/mastorrencito.com\/cat\/wp-content\/uploads\/sites\/3\/20171231_074520-scaled-1.jpg","contentUrl":"https:\/\/mastorrencito.com\/cat\/wp-content\/uploads\/sites\/3\/20171231_074520-scaled-1.jpg","width":1920,"height":2560},{"@type":"BreadcrumbList","@id":"https:\/\/mastorrencito.com\/cat\/si-no-estuvieramos-2\/#breadcrumb","itemListElement":[{"@type":"ListItem","position":1,"name":"Portada","item":"https:\/\/mastorrencito.com\/"},{"@type":"ListItem","position":2,"name":"\u201cSi no estuvi\u00e9ramos&#8230;\u201d"}]},{"@type":"WebSite","@id":"https:\/\/mastorrencito.com\/#website","url":"https:\/\/mastorrencito.com\/","name":"Mas Torrencito CAT","description":"Casa rural pet friendly en Girona","publisher":{"@id":"https:\/\/mastorrencito.com\/#organization"},"potentialAction":[{"@type":"SearchAction","target":{"@type":"EntryPoint","urlTemplate":"https:\/\/mastorrencito.com\/?s={search_term_string}"},"query-input":{"@type":"PropertyValueSpecification","valueRequired":true,"valueName":"search_term_string"}}],"inLanguage":"es"},{"@type":"Organization","@id":"https:\/\/mastorrencito.com\/#organization","name":"Mas Torrencito CAT","url":"https:\/\/mastorrencito.com\/","logo":{"@type":"ImageObject","inLanguage":"es","@id":"https:\/\/mastorrencito.com\/#\/schema\/logo\/image\/","url":"https:\/\/mastorrencito.com\/cat\/wp-content\/uploads\/sites\/3\/Logo-Mastorrencito-horizontal.webp","contentUrl":"https:\/\/mastorrencito.com\/cat\/wp-content\/uploads\/sites\/3\/Logo-Mastorrencito-horizontal.webp","width":161,"height":54,"caption":"Mas Torrencito CAT"},"image":{"@id":"https:\/\/mastorrencito.com\/#\/schema\/logo\/image\/"}},{"@type":"Person","@id":"https:\/\/mastorrencito.com\/#\/schema\/person\/18c619be80d4ae2667c702911625f790","name":"Mastorrencito","image":{"@type":"ImageObject","inLanguage":"es","@id":"https:\/\/secure.gravatar.com\/avatar\/3ef55e0519f987a734c21caee1423b51df7b760b7d81a38ecd31cab0a5115f6d?s=96&d=mm&r=g","url":"https:\/\/secure.gravatar.com\/avatar\/3ef55e0519f987a734c21caee1423b51df7b760b7d81a38ecd31cab0a5115f6d?s=96&d=mm&r=g","contentUrl":"https:\/\/secure.gravatar.com\/avatar\/3ef55e0519f987a734c21caee1423b51df7b760b7d81a38ecd31cab0a5115f6d?s=96&d=mm&r=g","caption":"Mastorrencito"},"url":"https:\/\/mastorrencito.com\/cat\/author\/mastorrencito\/"}]}},"acf":[],"_links":{"self":[{"href":"https:\/\/mastorrencito.com\/cat\/wp-json\/wp\/v2\/posts\/4401","targetHints":{"allow":["GET"]}}],"collection":[{"href":"https:\/\/mastorrencito.com\/cat\/wp-json\/wp\/v2\/posts"}],"about":[{"href":"https:\/\/mastorrencito.com\/cat\/wp-json\/wp\/v2\/types\/post"}],"author":[{"embeddable":true,"href":"https:\/\/mastorrencito.com\/cat\/wp-json\/wp\/v2\/users\/2"}],"replies":[{"embeddable":true,"href":"https:\/\/mastorrencito.com\/cat\/wp-json\/wp\/v2\/comments?post=4401"}],"version-history":[{"count":0,"href":"https:\/\/mastorrencito.com\/cat\/wp-json\/wp\/v2\/posts\/4401\/revisions"}],"wp:featuredmedia":[{"embeddable":true,"href":"https:\/\/mastorrencito.com\/cat\/wp-json\/wp\/v2\/media\/4397"}],"wp:attachment":[{"href":"https:\/\/mastorrencito.com\/cat\/wp-json\/wp\/v2\/media?parent=4401"}],"wp:term":[{"taxonomy":"category","embeddable":true,"href":"https:\/\/mastorrencito.com\/cat\/wp-json\/wp\/v2\/categories?post=4401"},{"taxonomy":"post_tag","embeddable":true,"href":"https:\/\/mastorrencito.com\/cat\/wp-json\/wp\/v2\/tags?post=4401"}],"curies":[{"name":"wp","href":"https:\/\/api.w.org\/{rel}","templated":true}]}}