{"id":4389,"date":"2025-06-05T05:00:53","date_gmt":"2025-06-05T05:00:53","guid":{"rendered":"https:\/\/casaruralconperrosgirona.com\/els-felicos-preus\/"},"modified":"2025-06-05T05:00:53","modified_gmt":"2025-06-05T05:00:53","slug":"els-felicos-preus","status":"publish","type":"post","link":"https:\/\/mastorrencito.com\/cat\/els-felicos-preus\/","title":{"rendered":"Els feli\u00e7os preus\u2026"},"content":{"rendered":"\n<h3 class=\"wp-block-heading\">Va l \u201caltre dia i em truca una senyora que vol venir aquest estiu amb la seva filla&#8230;<br \/> Molt amable al principi, que si ha vist unes fotos, que \u00e9s la filla la que li ha dit que reservi&#8230; que si li puc explicar com funcionem, quins serveis hi ha, que si hi ha lloc&#8230; i que vol l\u201d habitaci\u00f3 m\u00e9s gran i amb terrassa \ud83d\ude0e \ud83c\udf3f<\/h3>\n\n<p>Li demano dates. Miro. <br \/><strong>S\u00ed, hi ha lloc.<\/strong><\/p>\n\n<p>\u2014I quin preu t\u00e9?<br \/> \u2014 140\u20ac la nit, m\u00e9s esmorzars \u2615 \ud83c\udf5e<br \/> \u2014 I els gossos quant paguen?<br \/> \u2014 6\u20ac\/gos\/dia \ud83d\udc36<br \/> \u2014Ui, molt car!<br \/> \u2014 B\u00e9\u2026 \u00e9s el que cobrem \ud83e\udd37\u200d\u2642\ufe0f<br \/> \u2014 Aleshores si hi vaig 10 dies\u2026 quant em costa?<br \/> \u2014 Doncs&#8230; 140 x 10 = 1.400\u20ac, m\u00e9s esmorzars, m\u00e9s els gossos.<br \/> \u2014 Home\u2026 esmorzar caldr\u00e0 esmorzar\u2026<br \/> \u2014 Aleshores li surt per uns XXXX\u20ac total.<br \/> \u2014 DONCS LA VERITAT! Em sembla car\u00edssim pel que ofereixen. <br \/>\u2014 Senyora, no us discutir\u00e9. Aquests s\u00f3n els preus. <br \/>\u2014I no pot ser m\u00e9s barat?<br \/>\u2014S\u00ed, \u00e9s clar.<br \/>\u2014Ja em semblava a mi!<br \/>\u2014 Agafant una habitaci\u00f3 m\u00e9s barata\u2026 o venint menys dies.<br \/>\u2014 Home! Aix\u00f2 no \u00e9s m\u00e9s barat, aix\u00f2 s\u00f3n menys diners.<br \/> \u2014 B\u00e9\u2026 per\u00f2 costa menys, no?<br \/> \u2014\u00c9s que jo he vist\u2026<br \/> \u2014S\u00ed?<br \/> \u2014He vist llocs m\u00e9s barats!<br \/> \u2014Doncs res, senyora, reservi en aquests llocs. Sense cap problema.<br \/> \u2014Ja, per\u00f2 la meva filla\u2026<br \/> \u2014No ho s\u00e9, senyora\u2026 vost\u00e8 mateixa.<br \/> \u2014 Ja\u2026 per\u00f2 \u00e9s que em sembla car\u00edssim pel que \u00e9s\u2026<br \/> \u2014 Tranquil\u00b7la, hi ha molt\u00edssims altres llocs. Truqui a qualsevol.<br \/> \u2014Ja\u2026 per\u00f2 la meva filla\u2026<br \/> \u2014Ho entenc.<br \/> \u2014Jo per descomptat no pagaria aix\u00f2. I encara menys.    <br \/>\u2014Doncs res, senyora. Li desitjo sort i que trobi all\u00f2 que busca.<br \/> \u2014Ja\u2026<br \/> \u2014 Bona tarda. <\/p>\n<figure class=\"wp-block-post-featured-image\"><img fetchpriority=\"high\" decoding=\"async\" width=\"1536\" height=\"1024\" src=\"https:\/\/mastorrencito.com\/cat\/wp-content\/uploads\/sites\/3\/lallamada_by_mastorrencito.jpg\" class=\"attachment-post-thumbnail size-post-thumbnail wp-post-image\" alt=\"la_llamada_by_mastorrencito\" style=\"object-fit:cover;\" srcset=\"https:\/\/mastorrencito.com\/cat\/wp-content\/uploads\/sites\/3\/lallamada_by_mastorrencito.jpg 1536w, https:\/\/mastorrencito.com\/cat\/wp-content\/uploads\/sites\/3\/lallamada_by_mastorrencito-300x200.jpg 300w, https:\/\/mastorrencito.com\/cat\/wp-content\/uploads\/sites\/3\/lallamada_by_mastorrencito-1024x683.jpg 1024w, https:\/\/mastorrencito.com\/cat\/wp-content\/uploads\/sites\/3\/lallamada_by_mastorrencito-768x512.jpg 768w\" sizes=\"(max-width: 1536px) 100vw, 1536px\" \/><\/figure>\n<hr class=\"wp-block-separator has-alpha-channel-opacity\" \/>\n\n<p><strong>Diverses hores despr\u00e9s&#8230; \ud83d\udcde<\/strong><br \/> Sona el tel\u00e8fon.<br \/><strong>Ella una altra vegada.<\/strong><\/p>\n\n<p>\u2014 Bona tarda, s\u00f3c jo.<br \/> \u2014 Hola\u2026 <strong>JO.<\/strong><br \/> \u2014 Miri, que he estat preguntant a altres llocs\u2026 i s\u00ed, s\u00f3n m\u00e9s barats.<br \/> \u2014 Qu\u00e8 b\u00e9! Quina sort. I&#8230;?  <br \/>\u2014Doncs aix\u00f2, que volia que vost\u00e8 ho sab\u00e9s.<br \/>\u2014Em sembla genial. Espero que ho gaudeixin.<br \/> \u2014Ja\u2026 per\u00f2 hi ha un problema.<br \/> \u2014 Quina?<br \/><strong>\u2014 Els gossos.<\/strong><br \/> \u2014 Qu\u00e8 passa amb els gossos?<br \/> \u2014 Nom\u00e9s em deixen portar el petit, el caniche \ud83d\udc29<br \/> \u2014 I quants en tenen?<br \/> \u2014 Jo el canitxe, la meva filla dos Golden i un pag\u00e8s \ud83d\udc36 \ud83d\udc36 \ud83d\udc36<br \/> \u2014Ah!<br \/> \u2014 I no poden estar solts, ni a zones comunes, ni piscina.<br \/> \u2014 AHHHH!<br \/> \u2014 Aix\u00ed que no em quedar\u00e0 m\u00e9s remei que reservar amb vosaltres\u2026<br \/> \u2014No, senyora, no us preocupeu. Busqueu! Llocs hi ha a puntades de peu. Rurals com xampinyons \ud83c\udf44<br \/> \u2014Ja, per\u00f2 no vull fer-me jo les coses\u2026<br \/> \u2014 AHHHHHHHHHH!<br \/> \u2014 I vost\u00e8 no en coneixer\u00e0 cap altre?<br \/> \u2014 Mireu, us dono el tel\u00e8fon de l&#8217;associaci\u00f3. Truca, els deixa les dades, i si alg\u00fa t\u00e9 alguna cosa, us contactaran.     <br \/>\u2014Ahhh s\u00ed\u2026 Que amable \u00e9s vost\u00e8!<br \/>\u2014 Apunt \ud83d\udcde<\/p>\n\n<hr class=\"wp-block-separator has-alpha-channel-opacity\" \/>\n\n<p><strong>Dia seg\u00fcent. <\/strong><br \/>\u2014 Hola, s\u00f3c jo.<br \/> \u2014 HOLA JO.<br \/> \u2014Que no m&#8217;ha trucat ning\u00fa\u2026<br \/> \u2014 Senyora, va trucar a les 9 de la nit.<br \/> \u2014 D&#8217;acord, d&#8217;acord\u2026 ja li dir\u00e9 alguna cosa.<br \/> \u2014No, a mi no em digui res.  <br \/><strong>CHAO.<\/strong> \ud83d\udc4b<\/p>\n\n<hr class=\"wp-block-separator has-alpha-channel-opacity\" \/>\n\n<p><strong>Aquella mateixa tarda. 20:00. Sona el tel\u00e8fon&#8230; \ud83d\udcf1<\/strong><br \/>\u2014 Hola, s\u00f3c JO.<br \/>\u2014 Hola JO.<br \/>\u2014Que no, que no hi ha el que volem. Aix\u00ed que reservo amb tu. <br \/>\u2014Doncs&#8230; ser\u00e0 que no. Ja est\u00e0 ocupat.<br \/> \u2014 COM??? PER\u00d2 COM POT SER???<br \/> \u2014Doncs han reservat aquest mat\u00ed per la web \ud83d\udcbb<br \/> \u2014I ara qu\u00e8 dic a la meva filla?<br \/> \u2014Sincerament\u2026<br \/> \u2014 S\u00ed\u2026<br \/> &#8211; <strong>Ni idea.<\/strong><br \/> \u2014\u00c9s que ella volia venir aqu\u00ed.<br \/> \u2014Per\u00f2 aqu\u00ed ja no hi ha lloc \ud83d\ude05 <\/p>\n\n<p>Deu minuts m\u00e9s de conversa: que si tal, que si pasqual, que si la filla s&#8217;enfadar\u00e0, que si no es pot fer un forat\u2026<\/p>\n\n<p>Li dic que ho sento, que tot est\u00e0 ple. Per\u00f2 si em deixa les dades, si alg\u00fa anul\u00b7la, la truco.<br \/> I aqu\u00ed queda la cosa. <\/p>\n\n<hr class=\"wp-block-separator has-alpha-channel-opacity\" \/>\n\n<p><strong>L&#8217;endem\u00e0 al mat\u00ed&#8230; crida la filla.<\/strong><br \/>\u2014 Hola. Mira, ma mare m&#8217;ha explicat\u2026<br \/> I gaireb\u00e9 gaireb\u00e9 tot cert\u2026 excepte gaireb\u00e9 tots els detalls \ud83d\ude44 <\/p>\n\n<p>Aleshores li explico la meva versi\u00f3.<br \/> I em diu:<br \/> \u2014 AHHH LA MEVA MARE!<br \/> \u2014 Ja\u2026 \u00e9s el que tenen les mares \ud83d\ude05<br \/> \u2014Per\u00f2 la meva\u2026<br \/> \u2014 AJ si t \u201cexpliqu\u00e9s jo de Marich\u00f3n\u2026<br \/> \u2014 Aleshores, no hi ha lloc?<br \/> \u2014 L\u201d \u00fanic que em queda \u00e9s una a la planta de dalt, sense ascensor. I amb tres gossos, millor una amb terrassa. <br \/>\u2014Doncs s\u00ed\u2026 la veritat. Mato a la meva mare! <br \/>\u2014 Tranquil\u00b7la, si alg\u00fa anul\u00b7la, t&#8217;aviso.<br \/>\u2014Per\u00f2 em pots reservar aquesta per ara? I si se n \u201callibera l\u201d altra, em canvies. <br \/>\u2014 Fet. Per\u00f2 que s\u00e0pigues aix\u00f2 de les escales. <br \/>\u2014Ella \u00e9s \u00e0gil.<br \/>&#8211; OK.<br \/>\u2014 Mil gr\u00e0cies\u2026 i perd\u00f3 per la meva mare \ud83d\ude4f s\u2026 Que si la filla s&#8217;enfada, que si no li puc fer un forat, que si patat\u00edn, que si patat\u00e1n\u2026<\/p>\n\n<h3 class=\"wp-block-heading\"><strong>Reflexi\u00f3: El que \u00e9s car, el que \u00e9s barat i el valor de les coses<\/strong><\/h3>\n\n<p>Hi ha persones que no busquen un lloc on allotjar-se. Busquen una batalla de preus. No volen gaudir, volen regatejar. No valoren la neteja, l \u201catenci\u00f3, la tranquil\u00b7litat, ni que alg\u00fa els faci el llit o els prepari l\u201d esmorzar amb cura. Volen tot aix\u00f2, s\u00ed\u2026 per\u00f2 de franc, o gaireb\u00e9.    <\/p>\n\n<p>Diuen que \u00e9s car, sense parar-se a pensar quant costa de mantenir un lloc cuidat, amb personal, amb normes, amb respecte pels animals i pels humans. Ho volen tot: l \u201chabitaci\u00f3 m\u00e9s gran, la terrassa, l\u201d esmorzar perfecte, que acceptis els seus quatre gossos, que no bordin, que no molestin, que hi hagi microones, i que a sobre els caiguis b\u00e9. <\/p>\n\n<p>I quan els dius el que val, ho comparen amb una cosa que no hi t\u00e9 res a veure. Com si reservar a Booking un apartament sense llen\u00e7ols, sense atenci\u00f3, sense zona comuna, i amb normes absurdes fos el mateix. Com si el preu ho fos tot.  <\/p>\n\n<p>Per\u00f2 hi ha alguna cosa que moltes vegades obliden:  <strong>el valor no \u00e9s el que costa. \u00c9s el que reps. <\/strong><br \/>I el que no valores a temps, <strong>un altre ho reserva.<\/strong> I llavors ja nom\u00e9s hi ha queixes, laments i trucades amb \u201cs\u00f3c jo\u201d de fons.<\/p>\n\n<p>No \u00e9s que no hi hagi lloc.<br \/> \u00c9s que no hi ha lloc per a tot aix\u00f2 que no volen pagar, per\u00f2 s\u00ed que volen exigir.<br \/> I no, no \u00e9s car. \u00c9s just.<br \/> El m\u00e9s car \u00e9s haver de donar explicacions cada vegada que fas b\u00e9 la teva feina. <\/p>\n\n<p>______<br \/> Des de MasTorrencito et desitgem un bon dia i que els teus gossos t&#8217;acompanyin!!<\/p>\n\n<p>\u2014\u2013<br \/> Si vols, pot veure els nostres bons per <a href=\"https:\/\/mastorrencito.com\/\" target=\"_blank\" rel=\"noreferrer noopener\">a<\/a> <strong>caps de setmana, bons jubilats<\/strong> , a un preu incre\u00efble.. entra a <a href=\"https:\/\/www.mastorrencito.com\/\">www.mastorrencito.com<\/a> o si vols podeu llegir m\u00e9s hist\u00f2ria i an\u00e8cdotes que ens <a href=\"https:\/\/mastorrencito.com\/es\/\">han<\/a> passat a MasTorrencito\u2026 Clickea aqui\u2026<\/p>\n","protected":false},"excerpt":{"rendered":"<p>Va l \u201caltre dia i em truca una senyora que vol venir aquest estiu amb la seva filla&#8230; Molt amable al principi, que si ha vist unes fotos, que \u00e9s la filla la que li ha dit que reservi&#8230; que si li puc explicar com funcionem, quins serveis hi ha, que si hi ha lloc&#8230; [&hellip;]<\/p>\n","protected":false},"author":2,"featured_media":4385,"comment_status":"open","ping_status":"closed","sticky":false,"template":"","format":"standard","meta":{"_acf_changed":false,"footnotes":""},"categories":[35],"tags":[],"class_list":["post-4389","post","type-post","status-publish","format-standard","has-post-thumbnail","hentry","category-histories-mastorrencito"],"yoast_head":"<!-- This site is optimized with the Yoast SEO Premium plugin v27.3 (Yoast SEO v27.5) - https:\/\/yoast.com\/product\/yoast-seo-premium-wordpress\/ -->\n<title>Els feli\u00e7os preus\u2026 - Mas Torrencito CAT<\/title>\n<meta name=\"description\" content=\"I \u00e9s que de vegades els donem massa voltes a les coses.... i... Els feli\u00e7os preus\u2026 by MasTorrencito Turisme Petfriendly Girona\" \/>\n<meta name=\"robots\" content=\"index, follow, max-snippet:-1, max-image-preview:large, max-video-preview:-1\" \/>\n<link rel=\"canonical\" href=\"https:\/\/mastorrencito.com\/cat\/els-felicos-preus\/\" \/>\n<meta property=\"og:locale\" content=\"es_ES\" \/>\n<meta property=\"og:type\" content=\"article\" \/>\n<meta property=\"og:title\" content=\"Els feli\u00e7os preus\u2026\" \/>\n<meta property=\"og:description\" content=\"I \u00e9s que de vegades els donem massa voltes a les coses.... i... Els feli\u00e7os preus\u2026 by MasTorrencito Turisme Petfriendly Girona\" \/>\n<meta property=\"og:url\" content=\"https:\/\/mastorrencito.com\/cat\/els-felicos-preus\/\" \/>\n<meta property=\"og:site_name\" content=\"Mas Torrencito CAT\" \/>\n<meta property=\"article:published_time\" content=\"2025-06-05T05:00:53+00:00\" \/>\n<meta property=\"og:image\" content=\"https:\/\/mastorrencito.com\/cat\/wp-content\/uploads\/sites\/3\/lallamada_by_mastorrencito.jpg\" \/>\n\t<meta property=\"og:image:width\" content=\"1536\" \/>\n\t<meta property=\"og:image:height\" content=\"1024\" \/>\n\t<meta property=\"og:image:type\" content=\"image\/jpeg\" \/>\n<meta name=\"author\" content=\"Mastorrencito\" \/>\n<meta name=\"twitter:card\" content=\"summary_large_image\" \/>\n<meta name=\"twitter:label1\" content=\"Escrito por\" \/>\n\t<meta name=\"twitter:data1\" content=\"Mastorrencito\" \/>\n\t<meta name=\"twitter:label2\" content=\"Tiempo de lectura\" \/>\n\t<meta name=\"twitter:data2\" content=\"6 minutos\" \/>\n<script type=\"application\/ld+json\" class=\"yoast-schema-graph\">{\"@context\":\"https:\\\/\\\/schema.org\",\"@graph\":[{\"@type\":\"Article\",\"@id\":\"https:\\\/\\\/mastorrencito.com\\\/cat\\\/els-felicos-preus\\\/#article\",\"isPartOf\":{\"@id\":\"https:\\\/\\\/mastorrencito.com\\\/cat\\\/els-felicos-preus\\\/\"},\"author\":{\"name\":\"Mastorrencito\",\"@id\":\"https:\\\/\\\/mastorrencito.com\\\/#\\\/schema\\\/person\\\/18c619be80d4ae2667c702911625f790\"},\"headline\":\"Els feli\u00e7os preus\u2026\",\"datePublished\":\"2025-06-05T05:00:53+00:00\",\"mainEntityOfPage\":{\"@id\":\"https:\\\/\\\/mastorrencito.com\\\/cat\\\/els-felicos-preus\\\/\"},\"wordCount\":1118,\"commentCount\":0,\"publisher\":{\"@id\":\"https:\\\/\\\/mastorrencito.com\\\/#organization\"},\"image\":{\"@id\":\"https:\\\/\\\/mastorrencito.com\\\/cat\\\/els-felicos-preus\\\/#primaryimage\"},\"thumbnailUrl\":\"https:\\\/\\\/mastorrencito.com\\\/cat\\\/wp-content\\\/uploads\\\/sites\\\/3\\\/lallamada_by_mastorrencito.jpg\",\"articleSection\":[\"Hist\u00f2ries Mastorrencito\"],\"inLanguage\":\"es\",\"potentialAction\":[{\"@type\":\"CommentAction\",\"name\":\"Comment\",\"target\":[\"https:\\\/\\\/mastorrencito.com\\\/cat\\\/els-felicos-preus\\\/#respond\"]}]},{\"@type\":\"WebPage\",\"@id\":\"https:\\\/\\\/mastorrencito.com\\\/cat\\\/els-felicos-preus\\\/\",\"url\":\"https:\\\/\\\/mastorrencito.com\\\/cat\\\/els-felicos-preus\\\/\",\"name\":\"Els feli\u00e7os preus\u2026 - Mas Torrencito CAT\",\"isPartOf\":{\"@id\":\"https:\\\/\\\/mastorrencito.com\\\/#website\"},\"primaryImageOfPage\":{\"@id\":\"https:\\\/\\\/mastorrencito.com\\\/cat\\\/els-felicos-preus\\\/#primaryimage\"},\"image\":{\"@id\":\"https:\\\/\\\/mastorrencito.com\\\/cat\\\/els-felicos-preus\\\/#primaryimage\"},\"thumbnailUrl\":\"https:\\\/\\\/mastorrencito.com\\\/cat\\\/wp-content\\\/uploads\\\/sites\\\/3\\\/lallamada_by_mastorrencito.jpg\",\"datePublished\":\"2025-06-05T05:00:53+00:00\",\"description\":\"I \u00e9s que de vegades els donem massa voltes a les coses.... i... Els feli\u00e7os preus\u2026 by MasTorrencito Turisme Petfriendly Girona\",\"breadcrumb\":{\"@id\":\"https:\\\/\\\/mastorrencito.com\\\/cat\\\/els-felicos-preus\\\/#breadcrumb\"},\"inLanguage\":\"es\",\"potentialAction\":[{\"@type\":\"ReadAction\",\"target\":[\"https:\\\/\\\/mastorrencito.com\\\/cat\\\/els-felicos-preus\\\/\"]}]},{\"@type\":\"ImageObject\",\"inLanguage\":\"es\",\"@id\":\"https:\\\/\\\/mastorrencito.com\\\/cat\\\/els-felicos-preus\\\/#primaryimage\",\"url\":\"https:\\\/\\\/mastorrencito.com\\\/cat\\\/wp-content\\\/uploads\\\/sites\\\/3\\\/lallamada_by_mastorrencito.jpg\",\"contentUrl\":\"https:\\\/\\\/mastorrencito.com\\\/cat\\\/wp-content\\\/uploads\\\/sites\\\/3\\\/lallamada_by_mastorrencito.jpg\",\"width\":1536,\"height\":1024,\"caption\":\"la_llamada_by_mastorrencito\"},{\"@type\":\"BreadcrumbList\",\"@id\":\"https:\\\/\\\/mastorrencito.com\\\/cat\\\/els-felicos-preus\\\/#breadcrumb\",\"itemListElement\":[{\"@type\":\"ListItem\",\"position\":1,\"name\":\"Portada\",\"item\":\"https:\\\/\\\/mastorrencito.com\\\/\"},{\"@type\":\"ListItem\",\"position\":2,\"name\":\"Els feli\u00e7os preus\u2026\"}]},{\"@type\":\"WebSite\",\"@id\":\"https:\\\/\\\/mastorrencito.com\\\/#website\",\"url\":\"https:\\\/\\\/mastorrencito.com\\\/\",\"name\":\"Mas Torrencito CAT\",\"description\":\"Casa rural pet friendly en Girona\",\"publisher\":{\"@id\":\"https:\\\/\\\/mastorrencito.com\\\/#organization\"},\"potentialAction\":[{\"@type\":\"SearchAction\",\"target\":{\"@type\":\"EntryPoint\",\"urlTemplate\":\"https:\\\/\\\/mastorrencito.com\\\/?s={search_term_string}\"},\"query-input\":{\"@type\":\"PropertyValueSpecification\",\"valueRequired\":true,\"valueName\":\"search_term_string\"}}],\"inLanguage\":\"es\"},{\"@type\":\"Organization\",\"@id\":\"https:\\\/\\\/mastorrencito.com\\\/#organization\",\"name\":\"Mas Torrencito CAT\",\"url\":\"https:\\\/\\\/mastorrencito.com\\\/\",\"logo\":{\"@type\":\"ImageObject\",\"inLanguage\":\"es\",\"@id\":\"https:\\\/\\\/mastorrencito.com\\\/#\\\/schema\\\/logo\\\/image\\\/\",\"url\":\"https:\\\/\\\/mastorrencito.com\\\/cat\\\/wp-content\\\/uploads\\\/sites\\\/3\\\/Logo-Mastorrencito-horizontal.webp\",\"contentUrl\":\"https:\\\/\\\/mastorrencito.com\\\/cat\\\/wp-content\\\/uploads\\\/sites\\\/3\\\/Logo-Mastorrencito-horizontal.webp\",\"width\":161,\"height\":54,\"caption\":\"Mas Torrencito CAT\"},\"image\":{\"@id\":\"https:\\\/\\\/mastorrencito.com\\\/#\\\/schema\\\/logo\\\/image\\\/\"}},{\"@type\":\"Person\",\"@id\":\"https:\\\/\\\/mastorrencito.com\\\/#\\\/schema\\\/person\\\/18c619be80d4ae2667c702911625f790\",\"name\":\"Mastorrencito\",\"image\":{\"@type\":\"ImageObject\",\"inLanguage\":\"es\",\"@id\":\"https:\\\/\\\/secure.gravatar.com\\\/avatar\\\/3ef55e0519f987a734c21caee1423b51df7b760b7d81a38ecd31cab0a5115f6d?s=96&d=mm&r=g\",\"url\":\"https:\\\/\\\/secure.gravatar.com\\\/avatar\\\/3ef55e0519f987a734c21caee1423b51df7b760b7d81a38ecd31cab0a5115f6d?s=96&d=mm&r=g\",\"contentUrl\":\"https:\\\/\\\/secure.gravatar.com\\\/avatar\\\/3ef55e0519f987a734c21caee1423b51df7b760b7d81a38ecd31cab0a5115f6d?s=96&d=mm&r=g\",\"caption\":\"Mastorrencito\"},\"url\":\"https:\\\/\\\/mastorrencito.com\\\/cat\\\/author\\\/mastorrencito\\\/\"}]}<\/script>\n<!-- \/ Yoast SEO Premium plugin. -->","yoast_head_json":{"title":"Els feli\u00e7os preus\u2026 - Mas Torrencito CAT","description":"I \u00e9s que de vegades els donem massa voltes a les coses.... i... Els feli\u00e7os preus\u2026 by MasTorrencito Turisme Petfriendly Girona","robots":{"index":"index","follow":"follow","max-snippet":"max-snippet:-1","max-image-preview":"max-image-preview:large","max-video-preview":"max-video-preview:-1"},"canonical":"https:\/\/mastorrencito.com\/cat\/els-felicos-preus\/","og_locale":"es_ES","og_type":"article","og_title":"Els feli\u00e7os preus\u2026","og_description":"I \u00e9s que de vegades els donem massa voltes a les coses.... i... Els feli\u00e7os preus\u2026 by MasTorrencito Turisme Petfriendly Girona","og_url":"https:\/\/mastorrencito.com\/cat\/els-felicos-preus\/","og_site_name":"Mas Torrencito CAT","article_published_time":"2025-06-05T05:00:53+00:00","og_image":[{"width":1536,"height":1024,"url":"https:\/\/mastorrencito.com\/cat\/wp-content\/uploads\/sites\/3\/lallamada_by_mastorrencito.jpg","type":"image\/jpeg"}],"author":"Mastorrencito","twitter_card":"summary_large_image","twitter_misc":{"Escrito por":"Mastorrencito","Tiempo de lectura":"6 minutos"},"schema":{"@context":"https:\/\/schema.org","@graph":[{"@type":"Article","@id":"https:\/\/mastorrencito.com\/cat\/els-felicos-preus\/#article","isPartOf":{"@id":"https:\/\/mastorrencito.com\/cat\/els-felicos-preus\/"},"author":{"name":"Mastorrencito","@id":"https:\/\/mastorrencito.com\/#\/schema\/person\/18c619be80d4ae2667c702911625f790"},"headline":"Els feli\u00e7os preus\u2026","datePublished":"2025-06-05T05:00:53+00:00","mainEntityOfPage":{"@id":"https:\/\/mastorrencito.com\/cat\/els-felicos-preus\/"},"wordCount":1118,"commentCount":0,"publisher":{"@id":"https:\/\/mastorrencito.com\/#organization"},"image":{"@id":"https:\/\/mastorrencito.com\/cat\/els-felicos-preus\/#primaryimage"},"thumbnailUrl":"https:\/\/mastorrencito.com\/cat\/wp-content\/uploads\/sites\/3\/lallamada_by_mastorrencito.jpg","articleSection":["Hist\u00f2ries Mastorrencito"],"inLanguage":"es","potentialAction":[{"@type":"CommentAction","name":"Comment","target":["https:\/\/mastorrencito.com\/cat\/els-felicos-preus\/#respond"]}]},{"@type":"WebPage","@id":"https:\/\/mastorrencito.com\/cat\/els-felicos-preus\/","url":"https:\/\/mastorrencito.com\/cat\/els-felicos-preus\/","name":"Els feli\u00e7os preus\u2026 - Mas Torrencito CAT","isPartOf":{"@id":"https:\/\/mastorrencito.com\/#website"},"primaryImageOfPage":{"@id":"https:\/\/mastorrencito.com\/cat\/els-felicos-preus\/#primaryimage"},"image":{"@id":"https:\/\/mastorrencito.com\/cat\/els-felicos-preus\/#primaryimage"},"thumbnailUrl":"https:\/\/mastorrencito.com\/cat\/wp-content\/uploads\/sites\/3\/lallamada_by_mastorrencito.jpg","datePublished":"2025-06-05T05:00:53+00:00","description":"I \u00e9s que de vegades els donem massa voltes a les coses.... i... Els feli\u00e7os preus\u2026 by MasTorrencito Turisme Petfriendly Girona","breadcrumb":{"@id":"https:\/\/mastorrencito.com\/cat\/els-felicos-preus\/#breadcrumb"},"inLanguage":"es","potentialAction":[{"@type":"ReadAction","target":["https:\/\/mastorrencito.com\/cat\/els-felicos-preus\/"]}]},{"@type":"ImageObject","inLanguage":"es","@id":"https:\/\/mastorrencito.com\/cat\/els-felicos-preus\/#primaryimage","url":"https:\/\/mastorrencito.com\/cat\/wp-content\/uploads\/sites\/3\/lallamada_by_mastorrencito.jpg","contentUrl":"https:\/\/mastorrencito.com\/cat\/wp-content\/uploads\/sites\/3\/lallamada_by_mastorrencito.jpg","width":1536,"height":1024,"caption":"la_llamada_by_mastorrencito"},{"@type":"BreadcrumbList","@id":"https:\/\/mastorrencito.com\/cat\/els-felicos-preus\/#breadcrumb","itemListElement":[{"@type":"ListItem","position":1,"name":"Portada","item":"https:\/\/mastorrencito.com\/"},{"@type":"ListItem","position":2,"name":"Els feli\u00e7os preus\u2026"}]},{"@type":"WebSite","@id":"https:\/\/mastorrencito.com\/#website","url":"https:\/\/mastorrencito.com\/","name":"Mas Torrencito CAT","description":"Casa rural pet friendly en Girona","publisher":{"@id":"https:\/\/mastorrencito.com\/#organization"},"potentialAction":[{"@type":"SearchAction","target":{"@type":"EntryPoint","urlTemplate":"https:\/\/mastorrencito.com\/?s={search_term_string}"},"query-input":{"@type":"PropertyValueSpecification","valueRequired":true,"valueName":"search_term_string"}}],"inLanguage":"es"},{"@type":"Organization","@id":"https:\/\/mastorrencito.com\/#organization","name":"Mas Torrencito CAT","url":"https:\/\/mastorrencito.com\/","logo":{"@type":"ImageObject","inLanguage":"es","@id":"https:\/\/mastorrencito.com\/#\/schema\/logo\/image\/","url":"https:\/\/mastorrencito.com\/cat\/wp-content\/uploads\/sites\/3\/Logo-Mastorrencito-horizontal.webp","contentUrl":"https:\/\/mastorrencito.com\/cat\/wp-content\/uploads\/sites\/3\/Logo-Mastorrencito-horizontal.webp","width":161,"height":54,"caption":"Mas Torrencito CAT"},"image":{"@id":"https:\/\/mastorrencito.com\/#\/schema\/logo\/image\/"}},{"@type":"Person","@id":"https:\/\/mastorrencito.com\/#\/schema\/person\/18c619be80d4ae2667c702911625f790","name":"Mastorrencito","image":{"@type":"ImageObject","inLanguage":"es","@id":"https:\/\/secure.gravatar.com\/avatar\/3ef55e0519f987a734c21caee1423b51df7b760b7d81a38ecd31cab0a5115f6d?s=96&d=mm&r=g","url":"https:\/\/secure.gravatar.com\/avatar\/3ef55e0519f987a734c21caee1423b51df7b760b7d81a38ecd31cab0a5115f6d?s=96&d=mm&r=g","contentUrl":"https:\/\/secure.gravatar.com\/avatar\/3ef55e0519f987a734c21caee1423b51df7b760b7d81a38ecd31cab0a5115f6d?s=96&d=mm&r=g","caption":"Mastorrencito"},"url":"https:\/\/mastorrencito.com\/cat\/author\/mastorrencito\/"}]}},"acf":[],"_links":{"self":[{"href":"https:\/\/mastorrencito.com\/cat\/wp-json\/wp\/v2\/posts\/4389","targetHints":{"allow":["GET"]}}],"collection":[{"href":"https:\/\/mastorrencito.com\/cat\/wp-json\/wp\/v2\/posts"}],"about":[{"href":"https:\/\/mastorrencito.com\/cat\/wp-json\/wp\/v2\/types\/post"}],"author":[{"embeddable":true,"href":"https:\/\/mastorrencito.com\/cat\/wp-json\/wp\/v2\/users\/2"}],"replies":[{"embeddable":true,"href":"https:\/\/mastorrencito.com\/cat\/wp-json\/wp\/v2\/comments?post=4389"}],"version-history":[{"count":0,"href":"https:\/\/mastorrencito.com\/cat\/wp-json\/wp\/v2\/posts\/4389\/revisions"}],"wp:featuredmedia":[{"embeddable":true,"href":"https:\/\/mastorrencito.com\/cat\/wp-json\/wp\/v2\/media\/4385"}],"wp:attachment":[{"href":"https:\/\/mastorrencito.com\/cat\/wp-json\/wp\/v2\/media?parent=4389"}],"wp:term":[{"taxonomy":"category","embeddable":true,"href":"https:\/\/mastorrencito.com\/cat\/wp-json\/wp\/v2\/categories?post=4389"},{"taxonomy":"post_tag","embeddable":true,"href":"https:\/\/mastorrencito.com\/cat\/wp-json\/wp\/v2\/tags?post=4389"}],"curies":[{"name":"wp","href":"https:\/\/api.w.org\/{rel}","templated":true}]}}