{"id":4381,"date":"2025-06-04T05:06:03","date_gmt":"2025-06-04T05:06:03","guid":{"rendered":"https:\/\/casaruralconperrosgirona.com\/educar-es-querer-be-una-reflexio-sobre-nens-perros-i-adults-responsables\/"},"modified":"2025-06-04T05:06:03","modified_gmt":"2025-06-04T05:06:03","slug":"educar-es-querer-be-una-reflexio-sobre-nens-perros-i-adults-responsables","status":"publish","type":"post","link":"https:\/\/mastorrencito.com\/cat\/educar-es-querer-be-una-reflexio-sobre-nens-perros-i-adults-responsables\/","title":{"rendered":"Educar \u00e9s querer b\u00e9: una reflexi\u00f3 sobre nens, perros\u2026 i adults responsables"},"content":{"rendered":"\n<p>Cada vegada \u00e9s m\u00e9s habitual trobar llocs que no accepten perros. Tamb\u00e9 els hay que no permeten nens. Algunos incluso prefieren no ver ni a unos ni a otros. Y no siempre \u00e9s per capricho: moltes vegades \u00e9s per experi\u00e8ncies anteriors, per situacions inc\u00f3modes, per aquesta sensaci\u00f3 de que el que hauria de ser bonito o entra\u00f1able acaba sent un problema.   <\/p>\n\n<p>Y ah\u00ed vuelve la t\u00edpica frase:<br \/><strong>\u201cYo preferio a los perros abans que a los ni\u00f1os\u201d.<\/strong><\/p>\n\n<p>\u00bfLa hab\u00e9is o\u00eddo? Segur que s\u00ed. \u00bfY sab\u00e9is qu\u00e8?    <strong>Dep\u00e8n.<\/strong><\/p>\n\n<p>Perqu\u00e8 no es tracta de perros o de nens. Es tracta d&#8217; <strong>educaci\u00f3<\/strong> . De com se cr\u00edan, com se les guia, com se les ensenya a estar al m\u00f3n. Lo que marca la difer\u00e8ncia no \u00e9s si el que entra per la porta t\u00e9 dos patas o quatre. Lo que importa \u00e9s com es comporta. Y, sobre todo, <strong>qu\u00e9 tipo de adulto hay detr\u00e1s<\/strong> .     <\/p>\n<figure class=\"wp-block-post-featured-image\"><img fetchpriority=\"high\" decoding=\"async\" width=\"1024\" height=\"1024\" src=\"https:\/\/mastorrencito.com\/cat\/wp-content\/uploads\/sites\/3\/educandobyMasTorrencito.jpg\" class=\"attachment-post-thumbnail size-post-thumbnail wp-post-image\" alt=\"hay que educar bien a perros y a ni\u00f1os by MasTorrencito\" style=\"object-fit:cover;\" srcset=\"https:\/\/mastorrencito.com\/cat\/wp-content\/uploads\/sites\/3\/educandobyMasTorrencito.jpg 1024w, https:\/\/mastorrencito.com\/cat\/wp-content\/uploads\/sites\/3\/educandobyMasTorrencito-300x300.jpg 300w, https:\/\/mastorrencito.com\/cat\/wp-content\/uploads\/sites\/3\/educandobyMasTorrencito-150x150.jpg 150w, https:\/\/mastorrencito.com\/cat\/wp-content\/uploads\/sites\/3\/educandobyMasTorrencito-768x768.jpg 768w\" sizes=\"(max-width: 1024px) 100vw, 1024px\" \/><\/figure>\n<hr class=\"wp-block-separator has-alpha-channel-opacity\" \/>\n\n<h3 class=\"wp-block-heading\">Quan suena el \u201ctimbre\u201d: tensi\u00f3n en Mastorrencito<\/h3>\n\n<p>Aqu\u00ed, en Mastorrencito, cada arribada d \u201cun nou perro es viu amb una mescla d\u201d il\u00b7lusi\u00f3&#8230; i tensi\u00f3.<br \/> Nosaltres seguim preguntant sempre:<\/p>\n\n<ul class=\"wp-block-list\">\n<li>\u00bfSe llevar\u00e1 bien con los nuestros?<\/li>\n\n\n\n<li>Ser\u00e0 juguet\u00f3n o dominant?<\/li>\n\n\n\n<li>Quina ra\u00e7a \u00e9s?<\/li>\n\n\n\n<li>Quina mida t\u00e9?<\/li>\n\n\n\n<li>Est\u00e0s castrat?<\/li>\n\n\n\n<li>Has socialitzat abans?<\/li>\n\n\n\n<li>\u00bfY los due\u00f1os? Seran responsables? Estaran pendents? \u00bfOs limitaran a soltarlo y desaparecer?   <\/li>\n<\/ul>\n\n<p>Porque, seamos claros, <strong>el problema casi nunca es el perro<\/strong> .<br \/> Lo que realment marca la difer\u00e8ncia \u00e9s <strong>c\u00f3mo lo han criado, c\u00f3mo lo cuidan, c\u00f3mo lo entienden els seus due\u00f1os<\/strong> .<\/p>\n\n<p>\u00c9s clar, quan has viscut unas quantes situacions complicades, el cos et posa en alerta. Perqu\u00e8 quan un perro s \u201cadapta b\u00e9, juega, respeta als altres i segueix al seu hum\u00e0, tot va sobre rues. Pero quan no&#8230; l\u201d estr\u00e9s \u00e9s real. Y no porque el perro \u201csea malo\u201d, sin\u00f3 perqu\u00e8 <strong>nadie li ha ensenyat com comportar-se en un entorn compartit<\/strong> .   <\/p>\n\n<p>Y con los ni\u00f1os pasa exactamente lo mismo. Nos encantan los peques, pero los que vienen bien educados, que saben estar, que entienden que est\u00e1n en una casa que no es la suya. Perqu\u00e8 quan llegan nens que gritan, el tocan tot, el trencan o el desordenan&#8230; i els pares no s&#8217;immutan&#8230; la conviv\u00e8ncia es torna molt cuesta arriba.  <\/p>\n\n<hr class=\"wp-block-separator has-alpha-channel-opacity\" \/>\n\n<h3 class=\"wp-block-heading\">Los buenos ejemplos que nos dan esperanza<\/h3>\n\n<p>Per suerte, tamb\u00e9 tenim hist\u00f2ries que ens devolven la fe al m\u00f3n.<\/p>\n\n<p>Hi ha una fam\u00edlia que viene cada any a passar un fin de setmana. No tenen perro, per\u00f2 s\u00ed tres fills. Les encanta venir porque pueden jugar con nuestros perretes, ba\u00f1arse con ellos, pasar tiempo juntos. Una vegada tamb\u00e9 deixaron que un dels nens durmiera amb un dels perros. Si vierais les seves caras\u2026 pura felicitat.    <\/p>\n\n<p>Pero lo mas bonito es lo educados que son.<br \/> Demaneu perm\u00eds per a tot:<br \/><strong>\u201c\u00bfPuedo coger el parch\u00eds?\u201d<\/strong><br \/> Y al acabar, ho reconec tot. No hi ha que dir res. En la mesa, se sientan, comen amb els seus pares, no se levantan, no arman jaleo, no ensucian.  <\/p>\n\n<p>Y esto no \u00e9s casualitat. \u00c9s el resultat de pares que han fet el seu treball. Que estan presents. Que han ensenyat des de petits.   <\/p>\n\n<p>Tambi\u00e9n tenemos familias que vienen con ni\u00f1os <strong>y<\/strong> perros. Y el resultado es igual de positivo: ni\u00f1os respetuosos, atentos, perros tranquilos, educados, que se adaptan sin problema. Perqu\u00e8 l&#8217;educaci\u00f3 es nota, es transmet, es respira.  <\/p>\n\n<hr class=\"wp-block-separator has-alpha-channel-opacity\" \/>\n\n<h3 class=\"wp-block-heading\">I tamb\u00e9 hi ha d&#8217;altres&#8230;<\/h3>\n\n<p>Claro que s\u00ed. Tambi\u00e9n hay quienes llegan y, en cuesti\u00f3n de minutos, la casa parece un caos. <\/p>\n\n<p>Ni\u00f1os que gritan, corren, lo tocan tot, tiran coses. Y los padres, tan tranquilos. Com si no fora amb ells. Com si educar fuera opcional.<br \/> Y muchas veces, el perro que traen \u00e9s un cielo. Bon\u00edssim. Calmado. Y da la impresi\u00f3n de que <strong>lo ha educado alguien que s\u00ed se implica<\/strong> .      <\/p>\n\n<p>Y ah\u00ed est\u00e1 el contraste. Perqu\u00e8 no \u00e9s que els nens o els perros sean un problema per s\u00ed sols. El problema apareix <strong>quan els adults no assumeixen la seva responsabilitat<\/strong> .  <\/p>\n\n<hr class=\"wp-block-separator has-alpha-channel-opacity\" \/>\n\n<h3 class=\"wp-block-heading\">Qu\u00e8 volem dir amb tot aix\u00f2?<\/h3>\n\n<p>Que <strong>educar b\u00e9 es querer b\u00e9<\/strong> . I que \u00e9s igual de necessari amb els nens que amb els perros. <\/p>\n\n<p>Perqu\u00e8 tots depenen de nosaltres. Aprenent de lo que ven. Necessita guia, estructura, atenci\u00f3, rutinas, normes. No basta con quererlos mucho. Hay que dedicarles tiempo. Hay que estar ah\u00ed. Hay que ense\u00f1arles a respetar, a convivir, a estar en el mundo.      <\/p>\n\n<p>No serveix aix\u00f2 de:<br \/> \u2014 <em>\u201cNom\u00e9s \u00e9s un nen.\u201d<\/em><br \/> \u2014 <em>\u201cNom\u00e9s \u00e9s un gos.\u201d<\/em><\/p>\n\n<p>No.<br \/> Un nen sense l\u00edmits pot fer que qualsevol espai es vol inaguant.<br \/> Un perro sense normes pot estresar a tots els que li envolten.<br \/> Per\u00f2 tamb\u00e9 passa al contrari:<br \/> Un nen ben educat alegra qualsevol lloc.<br \/> Un perro equilibrat i respetuoso fa que tot fluya.<\/p>\n\n<hr class=\"wp-block-separator has-alpha-channel-opacity\" \/>\n\n<h2 class=\"wp-block-heading\">En resum\u2026<\/h2>\n\n<p>No es tracta de elegir entre nens o perros. Es tracta d&#8217;educar. <\/p>\n\n<p>Y cuando hay buena educaci\u00f3n, da igual con qui\u00e9n vengas. Aqu\u00ed, en Mastorrencito, siempre ser\u00e1s bienvenido. <\/p>\n\n<p>Aix\u00ed que la propera vegada que alg\u00fa diga \u201cyo prefereix als perros\u201d o \u201cno aguanto a los ni\u00f1os\u201d, pensad en aix\u00f2:<br \/><strong>No \u00e9s q\u00fcesti\u00f3 d&#8217;esp\u00e8cie. Es q\u00fcesti\u00f3 de valors. De responsabilitat. De c\u00f3mo cuidar i guiar a quiens depenen de nosaltres.   <\/strong><\/p>\n\n<p>Perqu\u00e8 al final,  <strong>educar \u00e9s amar. Y amar b\u00e9, tamb\u00e9 \u00e9s educar b\u00e9 <\/strong>.<\/p>\n\n<h2 class=\"wp-block-heading\">Reflexi\u00f3:<\/h2>\n\n<h4 class=\"wp-block-heading\"><strong>Perro ben educat. Hola b\u00e9 educat. 100% assegurat.  <\/strong><\/h4>\n\n<p>Porque no hay truco ni secreto: el que se ve en un perro tranquilo, respetuoso y feliz&#8230; sol venir d \u201cun hum\u00e0 que s\u201d ha implicat.<br \/> Y lo mismo pasa con los ni\u00f1os.<\/p>\n\n<p>Educar b\u00e9 no \u00e9s sol corregir. Es estar, guiar, marcar l\u00edmits amb cari\u00f1o, ensenyar a convivir.<br \/> Quan ves a un nen que respeta, que cuida, que pregunta abans de tocar, saps que hi ha una fam\u00edlia darrere que ha semblat b\u00e9.<br \/> I quan ves a un perro que s&#8217;adapta, que no invade, que sap estar\u2026 lo mateix. <\/p>\n\n<p>No es tracta de sort.<br \/> Es tracta de comprom\u00eds.<\/p>\n\n<p>Al final, tant los hijos com los perros son reflejo de quien los gu\u00eda.<br \/> I quan l&#8217;educaci\u00f3 \u00e9s bona,  <strong>tot flueix. Sempre. <\/strong><\/p>\n\n<hr class=\"wp-block-separator has-alpha-channel-opacity\" \/>\n\n<blockquote class=\"wp-block-quote is-layout-flow wp-block-quote-is-layout-flow\">\n<p>Desde MasTorrencito us desitgem un bon dia i que els vostres perros us acompanyen!!!!<\/p>\n<\/blockquote>\n\n<p>\u2014\u2013<br \/> Si quieres, puede ver nuestros <strong>bonos para fines de semana, bonos jubilados<\/strong> , a un precio incre\u00edble.. entra a <a href=\"https:\/\/www.mastorrencito.com\/\">www.mastorrencito.com<\/a> o si vols poder llegir m\u00e9s hist\u00f2ria i an\u00e8cdotes que ens <a href=\"https:\/\/mastorrencito.com\/es\/\">han<\/a> passat en MasTorrencito\u2026 Clickea aqui\u2026 <a href=\"https:\/\/mastorrencito.com\/\" target=\"_blank\" rel=\"noreferrer noopener\">https:\/\/mastorrencito.com\/<\/a><\/p>\n","protected":false},"excerpt":{"rendered":"<p>Cada vegada \u00e9s m\u00e9s habitual trobar llocs que no accepten perros. Tamb\u00e9 els hay que no permeten nens. Algunos incluso prefieren no ver ni a unos ni a otros. Y no siempre \u00e9s per capricho: moltes vegades \u00e9s per experi\u00e8ncies anteriors, per situacions inc\u00f3modes, per aquesta sensaci\u00f3 de que el que hauria de ser bonito [&hellip;]<\/p>\n","protected":false},"author":2,"featured_media":4374,"comment_status":"open","ping_status":"closed","sticky":false,"template":"","format":"standard","meta":{"_acf_changed":false,"footnotes":""},"categories":[35],"tags":[],"class_list":["post-4381","post","type-post","status-publish","format-standard","has-post-thumbnail","hentry","category-histories-mastorrencito"],"yoast_head":"<!-- This site is optimized with the Yoast SEO Premium plugin v27.3 (Yoast SEO v27.5) - https:\/\/yoast.com\/product\/yoast-seo-premium-wordpress\/ -->\n<title>Educar \u00e9s querer b\u00e9: una reflexi\u00f3 sobre nens, perros\u2026 i adults responsables - Mas Torrencito CAT<\/title>\n<meta name=\"description\" content=\"y es que tot va de la mano... o no???? Educar \u00e9s querer b\u00e9: una reflexi\u00f3 sobre nens, perros\u2026 i adults responsables\" \/>\n<meta name=\"robots\" content=\"index, follow, max-snippet:-1, max-image-preview:large, max-video-preview:-1\" \/>\n<link rel=\"canonical\" href=\"https:\/\/mastorrencito.com\/cat\/educar-es-querer-be-una-reflexio-sobre-nens-perros-i-adults-responsables\/\" \/>\n<meta property=\"og:locale\" content=\"es_ES\" \/>\n<meta property=\"og:type\" content=\"article\" \/>\n<meta property=\"og:title\" content=\"Educar \u00e9s querer b\u00e9: una reflexi\u00f3 sobre nens, perros\u2026 i adults responsables\" \/>\n<meta property=\"og:description\" content=\"y es que tot va de la mano... o no???? Educar \u00e9s querer b\u00e9: una reflexi\u00f3 sobre nens, perros\u2026 i adults responsables\" \/>\n<meta property=\"og:url\" content=\"https:\/\/mastorrencito.com\/cat\/educar-es-querer-be-una-reflexio-sobre-nens-perros-i-adults-responsables\/\" \/>\n<meta property=\"og:site_name\" content=\"Mas Torrencito CAT\" \/>\n<meta property=\"article:published_time\" content=\"2025-06-04T05:06:03+00:00\" \/>\n<meta property=\"og:image\" content=\"https:\/\/mastorrencito.com\/cat\/wp-content\/uploads\/sites\/3\/educandobyMasTorrencito.jpg\" \/>\n\t<meta property=\"og:image:width\" content=\"1024\" \/>\n\t<meta property=\"og:image:height\" content=\"1024\" \/>\n\t<meta property=\"og:image:type\" content=\"image\/jpeg\" \/>\n<meta name=\"author\" content=\"Mastorrencito\" \/>\n<meta name=\"twitter:card\" content=\"summary_large_image\" \/>\n<meta name=\"twitter:label1\" content=\"Escrito por\" \/>\n\t<meta name=\"twitter:data1\" content=\"Mastorrencito\" \/>\n\t<meta name=\"twitter:label2\" content=\"Tiempo de lectura\" \/>\n\t<meta name=\"twitter:data2\" content=\"6 minutos\" \/>\n<script type=\"application\/ld+json\" class=\"yoast-schema-graph\">{\"@context\":\"https:\\\/\\\/schema.org\",\"@graph\":[{\"@type\":\"Article\",\"@id\":\"https:\\\/\\\/mastorrencito.com\\\/cat\\\/educar-es-querer-be-una-reflexio-sobre-nens-perros-i-adults-responsables\\\/#article\",\"isPartOf\":{\"@id\":\"https:\\\/\\\/mastorrencito.com\\\/cat\\\/educar-es-querer-be-una-reflexio-sobre-nens-perros-i-adults-responsables\\\/\"},\"author\":{\"name\":\"Mastorrencito\",\"@id\":\"https:\\\/\\\/mastorrencito.com\\\/#\\\/schema\\\/person\\\/18c619be80d4ae2667c702911625f790\"},\"headline\":\"Educar \u00e9s querer b\u00e9: una reflexi\u00f3 sobre nens, perros\u2026 i adults responsables\",\"datePublished\":\"2025-06-04T05:06:03+00:00\",\"mainEntityOfPage\":{\"@id\":\"https:\\\/\\\/mastorrencito.com\\\/cat\\\/educar-es-querer-be-una-reflexio-sobre-nens-perros-i-adults-responsables\\\/\"},\"wordCount\":1127,\"commentCount\":2,\"publisher\":{\"@id\":\"https:\\\/\\\/mastorrencito.com\\\/#organization\"},\"image\":{\"@id\":\"https:\\\/\\\/mastorrencito.com\\\/cat\\\/educar-es-querer-be-una-reflexio-sobre-nens-perros-i-adults-responsables\\\/#primaryimage\"},\"thumbnailUrl\":\"https:\\\/\\\/mastorrencito.com\\\/cat\\\/wp-content\\\/uploads\\\/sites\\\/3\\\/educandobyMasTorrencito.jpg\",\"articleSection\":[\"Hist\u00f2ries Mastorrencito\"],\"inLanguage\":\"es\",\"potentialAction\":[{\"@type\":\"CommentAction\",\"name\":\"Comment\",\"target\":[\"https:\\\/\\\/mastorrencito.com\\\/cat\\\/educar-es-querer-be-una-reflexio-sobre-nens-perros-i-adults-responsables\\\/#respond\"]}]},{\"@type\":\"WebPage\",\"@id\":\"https:\\\/\\\/mastorrencito.com\\\/cat\\\/educar-es-querer-be-una-reflexio-sobre-nens-perros-i-adults-responsables\\\/\",\"url\":\"https:\\\/\\\/mastorrencito.com\\\/cat\\\/educar-es-querer-be-una-reflexio-sobre-nens-perros-i-adults-responsables\\\/\",\"name\":\"Educar \u00e9s querer b\u00e9: una reflexi\u00f3 sobre nens, perros\u2026 i adults responsables - Mas Torrencito CAT\",\"isPartOf\":{\"@id\":\"https:\\\/\\\/mastorrencito.com\\\/#website\"},\"primaryImageOfPage\":{\"@id\":\"https:\\\/\\\/mastorrencito.com\\\/cat\\\/educar-es-querer-be-una-reflexio-sobre-nens-perros-i-adults-responsables\\\/#primaryimage\"},\"image\":{\"@id\":\"https:\\\/\\\/mastorrencito.com\\\/cat\\\/educar-es-querer-be-una-reflexio-sobre-nens-perros-i-adults-responsables\\\/#primaryimage\"},\"thumbnailUrl\":\"https:\\\/\\\/mastorrencito.com\\\/cat\\\/wp-content\\\/uploads\\\/sites\\\/3\\\/educandobyMasTorrencito.jpg\",\"datePublished\":\"2025-06-04T05:06:03+00:00\",\"description\":\"y es que tot va de la mano... o no???? Educar \u00e9s querer b\u00e9: una reflexi\u00f3 sobre nens, perros\u2026 i adults responsables\",\"breadcrumb\":{\"@id\":\"https:\\\/\\\/mastorrencito.com\\\/cat\\\/educar-es-querer-be-una-reflexio-sobre-nens-perros-i-adults-responsables\\\/#breadcrumb\"},\"inLanguage\":\"es\",\"potentialAction\":[{\"@type\":\"ReadAction\",\"target\":[\"https:\\\/\\\/mastorrencito.com\\\/cat\\\/educar-es-querer-be-una-reflexio-sobre-nens-perros-i-adults-responsables\\\/\"]}]},{\"@type\":\"ImageObject\",\"inLanguage\":\"es\",\"@id\":\"https:\\\/\\\/mastorrencito.com\\\/cat\\\/educar-es-querer-be-una-reflexio-sobre-nens-perros-i-adults-responsables\\\/#primaryimage\",\"url\":\"https:\\\/\\\/mastorrencito.com\\\/cat\\\/wp-content\\\/uploads\\\/sites\\\/3\\\/educandobyMasTorrencito.jpg\",\"contentUrl\":\"https:\\\/\\\/mastorrencito.com\\\/cat\\\/wp-content\\\/uploads\\\/sites\\\/3\\\/educandobyMasTorrencito.jpg\",\"width\":1024,\"height\":1024,\"caption\":\"hay que educar bien a perros y a ni\u00f1os by MasTorrencito\"},{\"@type\":\"BreadcrumbList\",\"@id\":\"https:\\\/\\\/mastorrencito.com\\\/cat\\\/educar-es-querer-be-una-reflexio-sobre-nens-perros-i-adults-responsables\\\/#breadcrumb\",\"itemListElement\":[{\"@type\":\"ListItem\",\"position\":1,\"name\":\"Portada\",\"item\":\"https:\\\/\\\/mastorrencito.com\\\/\"},{\"@type\":\"ListItem\",\"position\":2,\"name\":\"Educar \u00e9s querer b\u00e9: una reflexi\u00f3 sobre nens, perros\u2026 i adults responsables\"}]},{\"@type\":\"WebSite\",\"@id\":\"https:\\\/\\\/mastorrencito.com\\\/#website\",\"url\":\"https:\\\/\\\/mastorrencito.com\\\/\",\"name\":\"Mas Torrencito CAT\",\"description\":\"Casa rural pet friendly en Girona\",\"publisher\":{\"@id\":\"https:\\\/\\\/mastorrencito.com\\\/#organization\"},\"potentialAction\":[{\"@type\":\"SearchAction\",\"target\":{\"@type\":\"EntryPoint\",\"urlTemplate\":\"https:\\\/\\\/mastorrencito.com\\\/?s={search_term_string}\"},\"query-input\":{\"@type\":\"PropertyValueSpecification\",\"valueRequired\":true,\"valueName\":\"search_term_string\"}}],\"inLanguage\":\"es\"},{\"@type\":\"Organization\",\"@id\":\"https:\\\/\\\/mastorrencito.com\\\/#organization\",\"name\":\"Mas Torrencito CAT\",\"url\":\"https:\\\/\\\/mastorrencito.com\\\/\",\"logo\":{\"@type\":\"ImageObject\",\"inLanguage\":\"es\",\"@id\":\"https:\\\/\\\/mastorrencito.com\\\/#\\\/schema\\\/logo\\\/image\\\/\",\"url\":\"https:\\\/\\\/mastorrencito.com\\\/cat\\\/wp-content\\\/uploads\\\/sites\\\/3\\\/Logo-Mastorrencito-horizontal.webp\",\"contentUrl\":\"https:\\\/\\\/mastorrencito.com\\\/cat\\\/wp-content\\\/uploads\\\/sites\\\/3\\\/Logo-Mastorrencito-horizontal.webp\",\"width\":161,\"height\":54,\"caption\":\"Mas Torrencito CAT\"},\"image\":{\"@id\":\"https:\\\/\\\/mastorrencito.com\\\/#\\\/schema\\\/logo\\\/image\\\/\"}},{\"@type\":\"Person\",\"@id\":\"https:\\\/\\\/mastorrencito.com\\\/#\\\/schema\\\/person\\\/18c619be80d4ae2667c702911625f790\",\"name\":\"Mastorrencito\",\"image\":{\"@type\":\"ImageObject\",\"inLanguage\":\"es\",\"@id\":\"https:\\\/\\\/secure.gravatar.com\\\/avatar\\\/3ef55e0519f987a734c21caee1423b51df7b760b7d81a38ecd31cab0a5115f6d?s=96&d=mm&r=g\",\"url\":\"https:\\\/\\\/secure.gravatar.com\\\/avatar\\\/3ef55e0519f987a734c21caee1423b51df7b760b7d81a38ecd31cab0a5115f6d?s=96&d=mm&r=g\",\"contentUrl\":\"https:\\\/\\\/secure.gravatar.com\\\/avatar\\\/3ef55e0519f987a734c21caee1423b51df7b760b7d81a38ecd31cab0a5115f6d?s=96&d=mm&r=g\",\"caption\":\"Mastorrencito\"},\"url\":\"https:\\\/\\\/mastorrencito.com\\\/cat\\\/author\\\/mastorrencito\\\/\"}]}<\/script>\n<!-- \/ Yoast SEO Premium plugin. -->","yoast_head_json":{"title":"Educar \u00e9s querer b\u00e9: una reflexi\u00f3 sobre nens, perros\u2026 i adults responsables - Mas Torrencito CAT","description":"y es que tot va de la mano... o no???? Educar \u00e9s querer b\u00e9: una reflexi\u00f3 sobre nens, perros\u2026 i adults responsables","robots":{"index":"index","follow":"follow","max-snippet":"max-snippet:-1","max-image-preview":"max-image-preview:large","max-video-preview":"max-video-preview:-1"},"canonical":"https:\/\/mastorrencito.com\/cat\/educar-es-querer-be-una-reflexio-sobre-nens-perros-i-adults-responsables\/","og_locale":"es_ES","og_type":"article","og_title":"Educar \u00e9s querer b\u00e9: una reflexi\u00f3 sobre nens, perros\u2026 i adults responsables","og_description":"y es que tot va de la mano... o no???? Educar \u00e9s querer b\u00e9: una reflexi\u00f3 sobre nens, perros\u2026 i adults responsables","og_url":"https:\/\/mastorrencito.com\/cat\/educar-es-querer-be-una-reflexio-sobre-nens-perros-i-adults-responsables\/","og_site_name":"Mas Torrencito CAT","article_published_time":"2025-06-04T05:06:03+00:00","og_image":[{"width":1024,"height":1024,"url":"https:\/\/mastorrencito.com\/cat\/wp-content\/uploads\/sites\/3\/educandobyMasTorrencito.jpg","type":"image\/jpeg"}],"author":"Mastorrencito","twitter_card":"summary_large_image","twitter_misc":{"Escrito por":"Mastorrencito","Tiempo de lectura":"6 minutos"},"schema":{"@context":"https:\/\/schema.org","@graph":[{"@type":"Article","@id":"https:\/\/mastorrencito.com\/cat\/educar-es-querer-be-una-reflexio-sobre-nens-perros-i-adults-responsables\/#article","isPartOf":{"@id":"https:\/\/mastorrencito.com\/cat\/educar-es-querer-be-una-reflexio-sobre-nens-perros-i-adults-responsables\/"},"author":{"name":"Mastorrencito","@id":"https:\/\/mastorrencito.com\/#\/schema\/person\/18c619be80d4ae2667c702911625f790"},"headline":"Educar \u00e9s querer b\u00e9: una reflexi\u00f3 sobre nens, perros\u2026 i adults responsables","datePublished":"2025-06-04T05:06:03+00:00","mainEntityOfPage":{"@id":"https:\/\/mastorrencito.com\/cat\/educar-es-querer-be-una-reflexio-sobre-nens-perros-i-adults-responsables\/"},"wordCount":1127,"commentCount":2,"publisher":{"@id":"https:\/\/mastorrencito.com\/#organization"},"image":{"@id":"https:\/\/mastorrencito.com\/cat\/educar-es-querer-be-una-reflexio-sobre-nens-perros-i-adults-responsables\/#primaryimage"},"thumbnailUrl":"https:\/\/mastorrencito.com\/cat\/wp-content\/uploads\/sites\/3\/educandobyMasTorrencito.jpg","articleSection":["Hist\u00f2ries Mastorrencito"],"inLanguage":"es","potentialAction":[{"@type":"CommentAction","name":"Comment","target":["https:\/\/mastorrencito.com\/cat\/educar-es-querer-be-una-reflexio-sobre-nens-perros-i-adults-responsables\/#respond"]}]},{"@type":"WebPage","@id":"https:\/\/mastorrencito.com\/cat\/educar-es-querer-be-una-reflexio-sobre-nens-perros-i-adults-responsables\/","url":"https:\/\/mastorrencito.com\/cat\/educar-es-querer-be-una-reflexio-sobre-nens-perros-i-adults-responsables\/","name":"Educar \u00e9s querer b\u00e9: una reflexi\u00f3 sobre nens, perros\u2026 i adults responsables - Mas Torrencito CAT","isPartOf":{"@id":"https:\/\/mastorrencito.com\/#website"},"primaryImageOfPage":{"@id":"https:\/\/mastorrencito.com\/cat\/educar-es-querer-be-una-reflexio-sobre-nens-perros-i-adults-responsables\/#primaryimage"},"image":{"@id":"https:\/\/mastorrencito.com\/cat\/educar-es-querer-be-una-reflexio-sobre-nens-perros-i-adults-responsables\/#primaryimage"},"thumbnailUrl":"https:\/\/mastorrencito.com\/cat\/wp-content\/uploads\/sites\/3\/educandobyMasTorrencito.jpg","datePublished":"2025-06-04T05:06:03+00:00","description":"y es que tot va de la mano... o no???? Educar \u00e9s querer b\u00e9: una reflexi\u00f3 sobre nens, perros\u2026 i adults responsables","breadcrumb":{"@id":"https:\/\/mastorrencito.com\/cat\/educar-es-querer-be-una-reflexio-sobre-nens-perros-i-adults-responsables\/#breadcrumb"},"inLanguage":"es","potentialAction":[{"@type":"ReadAction","target":["https:\/\/mastorrencito.com\/cat\/educar-es-querer-be-una-reflexio-sobre-nens-perros-i-adults-responsables\/"]}]},{"@type":"ImageObject","inLanguage":"es","@id":"https:\/\/mastorrencito.com\/cat\/educar-es-querer-be-una-reflexio-sobre-nens-perros-i-adults-responsables\/#primaryimage","url":"https:\/\/mastorrencito.com\/cat\/wp-content\/uploads\/sites\/3\/educandobyMasTorrencito.jpg","contentUrl":"https:\/\/mastorrencito.com\/cat\/wp-content\/uploads\/sites\/3\/educandobyMasTorrencito.jpg","width":1024,"height":1024,"caption":"hay que educar bien a perros y a ni\u00f1os by MasTorrencito"},{"@type":"BreadcrumbList","@id":"https:\/\/mastorrencito.com\/cat\/educar-es-querer-be-una-reflexio-sobre-nens-perros-i-adults-responsables\/#breadcrumb","itemListElement":[{"@type":"ListItem","position":1,"name":"Portada","item":"https:\/\/mastorrencito.com\/"},{"@type":"ListItem","position":2,"name":"Educar \u00e9s querer b\u00e9: una reflexi\u00f3 sobre nens, perros\u2026 i adults responsables"}]},{"@type":"WebSite","@id":"https:\/\/mastorrencito.com\/#website","url":"https:\/\/mastorrencito.com\/","name":"Mas Torrencito CAT","description":"Casa rural pet friendly en Girona","publisher":{"@id":"https:\/\/mastorrencito.com\/#organization"},"potentialAction":[{"@type":"SearchAction","target":{"@type":"EntryPoint","urlTemplate":"https:\/\/mastorrencito.com\/?s={search_term_string}"},"query-input":{"@type":"PropertyValueSpecification","valueRequired":true,"valueName":"search_term_string"}}],"inLanguage":"es"},{"@type":"Organization","@id":"https:\/\/mastorrencito.com\/#organization","name":"Mas Torrencito CAT","url":"https:\/\/mastorrencito.com\/","logo":{"@type":"ImageObject","inLanguage":"es","@id":"https:\/\/mastorrencito.com\/#\/schema\/logo\/image\/","url":"https:\/\/mastorrencito.com\/cat\/wp-content\/uploads\/sites\/3\/Logo-Mastorrencito-horizontal.webp","contentUrl":"https:\/\/mastorrencito.com\/cat\/wp-content\/uploads\/sites\/3\/Logo-Mastorrencito-horizontal.webp","width":161,"height":54,"caption":"Mas Torrencito CAT"},"image":{"@id":"https:\/\/mastorrencito.com\/#\/schema\/logo\/image\/"}},{"@type":"Person","@id":"https:\/\/mastorrencito.com\/#\/schema\/person\/18c619be80d4ae2667c702911625f790","name":"Mastorrencito","image":{"@type":"ImageObject","inLanguage":"es","@id":"https:\/\/secure.gravatar.com\/avatar\/3ef55e0519f987a734c21caee1423b51df7b760b7d81a38ecd31cab0a5115f6d?s=96&d=mm&r=g","url":"https:\/\/secure.gravatar.com\/avatar\/3ef55e0519f987a734c21caee1423b51df7b760b7d81a38ecd31cab0a5115f6d?s=96&d=mm&r=g","contentUrl":"https:\/\/secure.gravatar.com\/avatar\/3ef55e0519f987a734c21caee1423b51df7b760b7d81a38ecd31cab0a5115f6d?s=96&d=mm&r=g","caption":"Mastorrencito"},"url":"https:\/\/mastorrencito.com\/cat\/author\/mastorrencito\/"}]}},"acf":[],"_links":{"self":[{"href":"https:\/\/mastorrencito.com\/cat\/wp-json\/wp\/v2\/posts\/4381","targetHints":{"allow":["GET"]}}],"collection":[{"href":"https:\/\/mastorrencito.com\/cat\/wp-json\/wp\/v2\/posts"}],"about":[{"href":"https:\/\/mastorrencito.com\/cat\/wp-json\/wp\/v2\/types\/post"}],"author":[{"embeddable":true,"href":"https:\/\/mastorrencito.com\/cat\/wp-json\/wp\/v2\/users\/2"}],"replies":[{"embeddable":true,"href":"https:\/\/mastorrencito.com\/cat\/wp-json\/wp\/v2\/comments?post=4381"}],"version-history":[{"count":0,"href":"https:\/\/mastorrencito.com\/cat\/wp-json\/wp\/v2\/posts\/4381\/revisions"}],"wp:featuredmedia":[{"embeddable":true,"href":"https:\/\/mastorrencito.com\/cat\/wp-json\/wp\/v2\/media\/4374"}],"wp:attachment":[{"href":"https:\/\/mastorrencito.com\/cat\/wp-json\/wp\/v2\/media?parent=4381"}],"wp:term":[{"taxonomy":"category","embeddable":true,"href":"https:\/\/mastorrencito.com\/cat\/wp-json\/wp\/v2\/categories?post=4381"},{"taxonomy":"post_tag","embeddable":true,"href":"https:\/\/mastorrencito.com\/cat\/wp-json\/wp\/v2\/tags?post=4381"}],"curies":[{"name":"wp","href":"https:\/\/api.w.org\/{rel}","templated":true}]}}