{"id":4314,"date":"2025-05-22T04:35:11","date_gmt":"2025-05-22T04:35:11","guid":{"rendered":"https:\/\/casaruralconperrosgirona.com\/no-es-pot-presumir-de-valors-quan-sactua-sense-cap\/"},"modified":"2025-05-22T04:35:11","modified_gmt":"2025-05-22T04:35:11","slug":"no-es-pot-presumir-de-valors-quan-sactua-sense-cap","status":"publish","type":"post","link":"https:\/\/mastorrencito.com\/cat\/no-es-pot-presumir-de-valors-quan-sactua-sense-cap\/","title":{"rendered":"No es pot presumir de valors quan s?actua sense cap."},"content":{"rendered":"\n<p>S\u00f3c Miguel, de <em>Mastorrencito<\/em> , i el que explicar\u00e9 no \u00e9s un cas a\u00efllat: \u00e9s el reflex d&#8217;una falta de respecte que molts callen per\u00f2 que tots patim els que treballem de cara al p\u00fablic. I ja est\u00e0 b\u00e9. <\/p>\n\n<p>Aquest article el publicaria ahir al mat\u00ed, nom\u00e9s veure que no havien vingut. Per\u00f2 vaig respirar profund. Vaig pensar: <em>\u201cpotser els ha passat alguna cosa\u201d<\/em> , <em>\u201cpotser mereixen una mica de temps\u201d<\/em> .<br \/> Doncs no. Vist el vist, <strong>em reitero<\/strong> : s\u00f3n uns <strong>MISERABLES<\/strong> .   <\/p>\n<figure class=\"wp-block-post-featured-image\"><img fetchpriority=\"high\" decoding=\"async\" width=\"1024\" height=\"1024\" src=\"https:\/\/mastorrencito.com\/cat\/wp-content\/uploads\/sites\/3\/canecorso.jpg\" class=\"attachment-post-thumbnail size-post-thumbnail wp-post-image\" alt=\"los impresentables que no se presentaron\" style=\"object-fit:cover;\" srcset=\"https:\/\/mastorrencito.com\/cat\/wp-content\/uploads\/sites\/3\/canecorso.jpg 1024w, https:\/\/mastorrencito.com\/cat\/wp-content\/uploads\/sites\/3\/canecorso-300x300.jpg 300w, https:\/\/mastorrencito.com\/cat\/wp-content\/uploads\/sites\/3\/canecorso-150x150.jpg 150w, https:\/\/mastorrencito.com\/cat\/wp-content\/uploads\/sites\/3\/canecorso-768x768.jpg 768w\" sizes=\"(max-width: 1024px) 100vw, 1024px\" \/><\/figure>\n<p>Juguen amb el temps i els diners dels altres com si no valgu\u00e9s res. I aix\u00f2 no es perdona. <\/p>\n\n<p>Fa uns dies em truca un home. Que necessita <strong>tres habitacions per a la nit anterior<\/strong> . Ve amb vaixell, s\u00f3n sis. Que se&#8217;n va de preu. Que millor dues habitacions triples. Li dic que s\u00ed, sense posar pegues.     <\/p>\n\n<p>Despr\u00e9s em truca una altra vegada: que al final s\u00f3n set. I qu\u00e8 faig? <strong>Els regalo una tercera habitaci\u00f3<\/strong> , sense cost, perqu\u00e8 puguin descansar com a persones despr\u00e9s d \u201cun viatge llarg. Ho faig perqu\u00e8 crec que tractar b\u00e9 alg\u00fa porta bon tracte de tornada. De vegades m\u201d equivoco.   <\/p>\n\n<p>M&#8217;ho agraeix, \u00e9s clar. De paraula. Paraules buides.  <\/p>\n\n<p>A les set de la tarda m \u201cavisen: hi ha hagut un accident i s\u201d endarrereixen que els indiqui les seves habitacions.      <\/p>\n\n<h4 class=\"wp-block-heading\"><strong>00:15. Res. Ni arriben, ni avisen, ni contesten.<\/strong><\/h4>\n\n<p>Anomenem.<br \/> Esperem.<br \/> Ens anem a dormir. Dia esgotador, nit anterior sense dormir.       <strong>I ni una male\u00efda explicaci\u00f3.<\/strong><\/p>\n\n<p>L \u201cendem\u00e0 truco a una persona de l\u201d equip perqu\u00e8 no es desplaci. Comandament un WhatsApp al client. Sense resposta. Els envio la factura. Per mail. Per\u00f2 si no van ser capa\u00e7os de donar la cara, ni despenjar ni contestar un whatt,&#8230;. qu\u00e8 esperar\u00e9?      <\/p>\n\n<p>I ara ve el m\u00e9s dolor\u00f3s de tot: aquesta gent representa una <strong>associaci\u00f3 de gossos&#8230;<\/strong> . Un col\u00b7lectiu que se suposa comprom\u00e8s amb la defensa, el respecte i la responsabilitat. Per\u00f2 el que jo vaig viure va ser exactament el contrari: <strong>irresponsabilitat, desconsideraci\u00f3 i menyspreu absolut pel nostre temps i feina<\/strong> .  <\/p>\n\n<p>I no. <\/p>\n\n<p>No es pot anar per la vida enarborant la bandera de l \u201camor pels animals i despr\u00e9s tractar les persones com a escombraries. No es pot parlar de noblesa, de valors, de comprom\u00eds&#8230; i despr\u00e9s desapar\u00e8ixer sense fer cara. El que van fer no va ser una badada: va ser un acte de <strong>pura falta d\u201d educaci\u00f3<\/strong> .  <\/p>\n\n<p>Aqu\u00ed, a <em>Mastorrencito<\/em> , ho donem tot pels nostres hostes \u2014humans i animals\u2014. Preparem espais amb cura, atenem amb respecte, i fem all\u00f2 impossible per adaptar-nos. Per\u00f2 de vegades sembla que com m\u00e9s d\u00f3nes, <strong>m\u00e9s trepitgen<\/strong> .  <\/p>\n\n<p>I \u00e9s aqu\u00ed quan un se \u201cn farta.<br \/> De la gent que ho exigeix \u200b\u200btot i no en d\u00f3na res.<br \/> Dels que prediquen respecte mentre t\u201d ignoren.<br \/> Dels que es creuen amb dret a tot, nom\u00e9s per tenir una causa al darrere.<\/p>\n\n<p>Doncs no.<br \/><\/p>\n\n<p><strong>Una causa no justifica la manca de principis.<\/strong><\/p>\n\n<p>Nom\u00e9s espero que els gossos d\u00b4aquesta associaci\u00f3 tinguin m\u00e9s sort que nosaltres. Perqu\u00e8 si els tracten amb el mateix respecte amb qu\u00e8 van tractar als que els vam oferir allotjament i ajuda\u2026 <\/p>\n\n<p><strong>Pobres gossets.<\/strong> &#8230;&#8230; amb aquest tipus de gent!!!!!<\/p>\n\n<p>Des de MasTorrencito et desitgem un bon dia i que els teus gossos t&#8217;acompanyin!!<\/p>\n\n<p>\u2014\u2013<br \/> Si vols, pot veure els nostres bons per <a href=\"https:\/\/mastorrencito.com\/\" target=\"_blank\" rel=\"noreferrer noopener\">a<\/a> <strong>caps de setmana, bons jubilats<\/strong> , a un preu incre\u00efble.. entra a <a href=\"https:\/\/www.mastorrencito.com\/\">www.mastorrencito.com<\/a> o si vols podeu llegir m\u00e9s hist\u00f2ria i an\u00e8cdotes que ens <a href=\"https:\/\/mastorrencito.com\/\">han<\/a> passat a MasTorrencito\u2026 Clickea aqui\u2026<\/p>\n","protected":false},"excerpt":{"rendered":"<p>S\u00f3c Miguel, de Mastorrencito , i el que explicar\u00e9 no \u00e9s un cas a\u00efllat: \u00e9s el reflex d&#8217;una falta de respecte que molts callen per\u00f2 que tots patim els que treballem de cara al p\u00fablic. I ja est\u00e0 b\u00e9. Aquest article el publicaria ahir al mat\u00ed, nom\u00e9s veure que no havien vingut. Per\u00f2 vaig respirar [&hellip;]<\/p>\n","protected":false},"author":2,"featured_media":4309,"comment_status":"open","ping_status":"closed","sticky":false,"template":"","format":"standard","meta":{"_acf_changed":false,"footnotes":""},"categories":[35],"tags":[],"class_list":["post-4314","post","type-post","status-publish","format-standard","has-post-thumbnail","hentry","category-histories-mastorrencito"],"yoast_head":"<!-- This site is optimized with the Yoast SEO Premium plugin v27.3 (Yoast SEO v27.5) - https:\/\/yoast.com\/product\/yoast-seo-premium-wordpress\/ -->\n<title>No es pot presumir de valors quan s?actua sense cap. - Mas Torrencito CAT<\/title>\n<meta name=\"description\" content=\"Els impresentables que no es van presentar..... No es pot presumir de valors quan s&#039;actua sense cap.\" \/>\n<meta name=\"robots\" content=\"index, follow, max-snippet:-1, max-image-preview:large, max-video-preview:-1\" \/>\n<link rel=\"canonical\" href=\"https:\/\/mastorrencito.com\/cat\/no-es-pot-presumir-de-valors-quan-sactua-sense-cap\/\" \/>\n<meta property=\"og:locale\" content=\"es_ES\" \/>\n<meta property=\"og:type\" content=\"article\" \/>\n<meta property=\"og:title\" content=\"No es pot presumir de valors quan s?actua sense cap.\" \/>\n<meta property=\"og:description\" content=\"Els impresentables que no es van presentar..... No es pot presumir de valors quan s&#039;actua sense cap.\" \/>\n<meta property=\"og:url\" content=\"https:\/\/mastorrencito.com\/cat\/no-es-pot-presumir-de-valors-quan-sactua-sense-cap\/\" \/>\n<meta property=\"og:site_name\" content=\"Mas Torrencito CAT\" \/>\n<meta property=\"article:published_time\" content=\"2025-05-22T04:35:11+00:00\" \/>\n<meta property=\"og:image\" content=\"https:\/\/mastorrencito.com\/cat\/wp-content\/uploads\/sites\/3\/canecorso.jpg\" \/>\n\t<meta property=\"og:image:width\" content=\"1024\" \/>\n\t<meta property=\"og:image:height\" content=\"1024\" \/>\n\t<meta property=\"og:image:type\" content=\"image\/jpeg\" \/>\n<meta name=\"author\" content=\"Mastorrencito\" \/>\n<meta name=\"twitter:card\" content=\"summary_large_image\" \/>\n<meta name=\"twitter:label1\" content=\"Escrito por\" \/>\n\t<meta name=\"twitter:data1\" content=\"Mastorrencito\" \/>\n\t<meta name=\"twitter:label2\" content=\"Tiempo de lectura\" \/>\n\t<meta name=\"twitter:data2\" content=\"3 minutos\" \/>\n<script type=\"application\/ld+json\" class=\"yoast-schema-graph\">{\"@context\":\"https:\\\/\\\/schema.org\",\"@graph\":[{\"@type\":\"Article\",\"@id\":\"https:\\\/\\\/mastorrencito.com\\\/cat\\\/no-es-pot-presumir-de-valors-quan-sactua-sense-cap\\\/#article\",\"isPartOf\":{\"@id\":\"https:\\\/\\\/mastorrencito.com\\\/cat\\\/no-es-pot-presumir-de-valors-quan-sactua-sense-cap\\\/\"},\"author\":{\"name\":\"Mastorrencito\",\"@id\":\"https:\\\/\\\/mastorrencito.com\\\/#\\\/schema\\\/person\\\/18c619be80d4ae2667c702911625f790\"},\"headline\":\"No es pot presumir de valors quan s?actua sense cap.\",\"datePublished\":\"2025-05-22T04:35:11+00:00\",\"mainEntityOfPage\":{\"@id\":\"https:\\\/\\\/mastorrencito.com\\\/cat\\\/no-es-pot-presumir-de-valors-quan-sactua-sense-cap\\\/\"},\"wordCount\":619,\"commentCount\":0,\"publisher\":{\"@id\":\"https:\\\/\\\/mastorrencito.com\\\/#organization\"},\"image\":{\"@id\":\"https:\\\/\\\/mastorrencito.com\\\/cat\\\/no-es-pot-presumir-de-valors-quan-sactua-sense-cap\\\/#primaryimage\"},\"thumbnailUrl\":\"https:\\\/\\\/mastorrencito.com\\\/cat\\\/wp-content\\\/uploads\\\/sites\\\/3\\\/canecorso.jpg\",\"articleSection\":[\"Hist\u00f2ries Mastorrencito\"],\"inLanguage\":\"es\",\"potentialAction\":[{\"@type\":\"CommentAction\",\"name\":\"Comment\",\"target\":[\"https:\\\/\\\/mastorrencito.com\\\/cat\\\/no-es-pot-presumir-de-valors-quan-sactua-sense-cap\\\/#respond\"]}]},{\"@type\":\"WebPage\",\"@id\":\"https:\\\/\\\/mastorrencito.com\\\/cat\\\/no-es-pot-presumir-de-valors-quan-sactua-sense-cap\\\/\",\"url\":\"https:\\\/\\\/mastorrencito.com\\\/cat\\\/no-es-pot-presumir-de-valors-quan-sactua-sense-cap\\\/\",\"name\":\"No es pot presumir de valors quan s?actua sense cap. - Mas Torrencito CAT\",\"isPartOf\":{\"@id\":\"https:\\\/\\\/mastorrencito.com\\\/#website\"},\"primaryImageOfPage\":{\"@id\":\"https:\\\/\\\/mastorrencito.com\\\/cat\\\/no-es-pot-presumir-de-valors-quan-sactua-sense-cap\\\/#primaryimage\"},\"image\":{\"@id\":\"https:\\\/\\\/mastorrencito.com\\\/cat\\\/no-es-pot-presumir-de-valors-quan-sactua-sense-cap\\\/#primaryimage\"},\"thumbnailUrl\":\"https:\\\/\\\/mastorrencito.com\\\/cat\\\/wp-content\\\/uploads\\\/sites\\\/3\\\/canecorso.jpg\",\"datePublished\":\"2025-05-22T04:35:11+00:00\",\"description\":\"Els impresentables que no es van presentar..... No es pot presumir de valors quan s'actua sense cap.\",\"breadcrumb\":{\"@id\":\"https:\\\/\\\/mastorrencito.com\\\/cat\\\/no-es-pot-presumir-de-valors-quan-sactua-sense-cap\\\/#breadcrumb\"},\"inLanguage\":\"es\",\"potentialAction\":[{\"@type\":\"ReadAction\",\"target\":[\"https:\\\/\\\/mastorrencito.com\\\/cat\\\/no-es-pot-presumir-de-valors-quan-sactua-sense-cap\\\/\"]}]},{\"@type\":\"ImageObject\",\"inLanguage\":\"es\",\"@id\":\"https:\\\/\\\/mastorrencito.com\\\/cat\\\/no-es-pot-presumir-de-valors-quan-sactua-sense-cap\\\/#primaryimage\",\"url\":\"https:\\\/\\\/mastorrencito.com\\\/cat\\\/wp-content\\\/uploads\\\/sites\\\/3\\\/canecorso.jpg\",\"contentUrl\":\"https:\\\/\\\/mastorrencito.com\\\/cat\\\/wp-content\\\/uploads\\\/sites\\\/3\\\/canecorso.jpg\",\"width\":1024,\"height\":1024,\"caption\":\"los impresentables que no se presentaron\"},{\"@type\":\"BreadcrumbList\",\"@id\":\"https:\\\/\\\/mastorrencito.com\\\/cat\\\/no-es-pot-presumir-de-valors-quan-sactua-sense-cap\\\/#breadcrumb\",\"itemListElement\":[{\"@type\":\"ListItem\",\"position\":1,\"name\":\"Portada\",\"item\":\"https:\\\/\\\/mastorrencito.com\\\/\"},{\"@type\":\"ListItem\",\"position\":2,\"name\":\"No es pot presumir de valors quan s?actua sense cap.\"}]},{\"@type\":\"WebSite\",\"@id\":\"https:\\\/\\\/mastorrencito.com\\\/#website\",\"url\":\"https:\\\/\\\/mastorrencito.com\\\/\",\"name\":\"Mas Torrencito CAT\",\"description\":\"Casa rural pet friendly en Girona\",\"publisher\":{\"@id\":\"https:\\\/\\\/mastorrencito.com\\\/#organization\"},\"potentialAction\":[{\"@type\":\"SearchAction\",\"target\":{\"@type\":\"EntryPoint\",\"urlTemplate\":\"https:\\\/\\\/mastorrencito.com\\\/?s={search_term_string}\"},\"query-input\":{\"@type\":\"PropertyValueSpecification\",\"valueRequired\":true,\"valueName\":\"search_term_string\"}}],\"inLanguage\":\"es\"},{\"@type\":\"Organization\",\"@id\":\"https:\\\/\\\/mastorrencito.com\\\/#organization\",\"name\":\"Mas Torrencito CAT\",\"url\":\"https:\\\/\\\/mastorrencito.com\\\/\",\"logo\":{\"@type\":\"ImageObject\",\"inLanguage\":\"es\",\"@id\":\"https:\\\/\\\/mastorrencito.com\\\/#\\\/schema\\\/logo\\\/image\\\/\",\"url\":\"https:\\\/\\\/mastorrencito.com\\\/cat\\\/wp-content\\\/uploads\\\/sites\\\/3\\\/Logo-Mastorrencito-horizontal.webp\",\"contentUrl\":\"https:\\\/\\\/mastorrencito.com\\\/cat\\\/wp-content\\\/uploads\\\/sites\\\/3\\\/Logo-Mastorrencito-horizontal.webp\",\"width\":161,\"height\":54,\"caption\":\"Mas Torrencito CAT\"},\"image\":{\"@id\":\"https:\\\/\\\/mastorrencito.com\\\/#\\\/schema\\\/logo\\\/image\\\/\"}},{\"@type\":\"Person\",\"@id\":\"https:\\\/\\\/mastorrencito.com\\\/#\\\/schema\\\/person\\\/18c619be80d4ae2667c702911625f790\",\"name\":\"Mastorrencito\",\"image\":{\"@type\":\"ImageObject\",\"inLanguage\":\"es\",\"@id\":\"https:\\\/\\\/secure.gravatar.com\\\/avatar\\\/3ef55e0519f987a734c21caee1423b51df7b760b7d81a38ecd31cab0a5115f6d?s=96&d=mm&r=g\",\"url\":\"https:\\\/\\\/secure.gravatar.com\\\/avatar\\\/3ef55e0519f987a734c21caee1423b51df7b760b7d81a38ecd31cab0a5115f6d?s=96&d=mm&r=g\",\"contentUrl\":\"https:\\\/\\\/secure.gravatar.com\\\/avatar\\\/3ef55e0519f987a734c21caee1423b51df7b760b7d81a38ecd31cab0a5115f6d?s=96&d=mm&r=g\",\"caption\":\"Mastorrencito\"},\"url\":\"https:\\\/\\\/mastorrencito.com\\\/cat\\\/author\\\/mastorrencito\\\/\"}]}<\/script>\n<!-- \/ Yoast SEO Premium plugin. -->","yoast_head_json":{"title":"No es pot presumir de valors quan s?actua sense cap. - Mas Torrencito CAT","description":"Els impresentables que no es van presentar..... No es pot presumir de valors quan s'actua sense cap.","robots":{"index":"index","follow":"follow","max-snippet":"max-snippet:-1","max-image-preview":"max-image-preview:large","max-video-preview":"max-video-preview:-1"},"canonical":"https:\/\/mastorrencito.com\/cat\/no-es-pot-presumir-de-valors-quan-sactua-sense-cap\/","og_locale":"es_ES","og_type":"article","og_title":"No es pot presumir de valors quan s?actua sense cap.","og_description":"Els impresentables que no es van presentar..... No es pot presumir de valors quan s'actua sense cap.","og_url":"https:\/\/mastorrencito.com\/cat\/no-es-pot-presumir-de-valors-quan-sactua-sense-cap\/","og_site_name":"Mas Torrencito CAT","article_published_time":"2025-05-22T04:35:11+00:00","og_image":[{"width":1024,"height":1024,"url":"https:\/\/mastorrencito.com\/cat\/wp-content\/uploads\/sites\/3\/canecorso.jpg","type":"image\/jpeg"}],"author":"Mastorrencito","twitter_card":"summary_large_image","twitter_misc":{"Escrito por":"Mastorrencito","Tiempo de lectura":"3 minutos"},"schema":{"@context":"https:\/\/schema.org","@graph":[{"@type":"Article","@id":"https:\/\/mastorrencito.com\/cat\/no-es-pot-presumir-de-valors-quan-sactua-sense-cap\/#article","isPartOf":{"@id":"https:\/\/mastorrencito.com\/cat\/no-es-pot-presumir-de-valors-quan-sactua-sense-cap\/"},"author":{"name":"Mastorrencito","@id":"https:\/\/mastorrencito.com\/#\/schema\/person\/18c619be80d4ae2667c702911625f790"},"headline":"No es pot presumir de valors quan s?actua sense cap.","datePublished":"2025-05-22T04:35:11+00:00","mainEntityOfPage":{"@id":"https:\/\/mastorrencito.com\/cat\/no-es-pot-presumir-de-valors-quan-sactua-sense-cap\/"},"wordCount":619,"commentCount":0,"publisher":{"@id":"https:\/\/mastorrencito.com\/#organization"},"image":{"@id":"https:\/\/mastorrencito.com\/cat\/no-es-pot-presumir-de-valors-quan-sactua-sense-cap\/#primaryimage"},"thumbnailUrl":"https:\/\/mastorrencito.com\/cat\/wp-content\/uploads\/sites\/3\/canecorso.jpg","articleSection":["Hist\u00f2ries Mastorrencito"],"inLanguage":"es","potentialAction":[{"@type":"CommentAction","name":"Comment","target":["https:\/\/mastorrencito.com\/cat\/no-es-pot-presumir-de-valors-quan-sactua-sense-cap\/#respond"]}]},{"@type":"WebPage","@id":"https:\/\/mastorrencito.com\/cat\/no-es-pot-presumir-de-valors-quan-sactua-sense-cap\/","url":"https:\/\/mastorrencito.com\/cat\/no-es-pot-presumir-de-valors-quan-sactua-sense-cap\/","name":"No es pot presumir de valors quan s?actua sense cap. - Mas Torrencito CAT","isPartOf":{"@id":"https:\/\/mastorrencito.com\/#website"},"primaryImageOfPage":{"@id":"https:\/\/mastorrencito.com\/cat\/no-es-pot-presumir-de-valors-quan-sactua-sense-cap\/#primaryimage"},"image":{"@id":"https:\/\/mastorrencito.com\/cat\/no-es-pot-presumir-de-valors-quan-sactua-sense-cap\/#primaryimage"},"thumbnailUrl":"https:\/\/mastorrencito.com\/cat\/wp-content\/uploads\/sites\/3\/canecorso.jpg","datePublished":"2025-05-22T04:35:11+00:00","description":"Els impresentables que no es van presentar..... No es pot presumir de valors quan s'actua sense cap.","breadcrumb":{"@id":"https:\/\/mastorrencito.com\/cat\/no-es-pot-presumir-de-valors-quan-sactua-sense-cap\/#breadcrumb"},"inLanguage":"es","potentialAction":[{"@type":"ReadAction","target":["https:\/\/mastorrencito.com\/cat\/no-es-pot-presumir-de-valors-quan-sactua-sense-cap\/"]}]},{"@type":"ImageObject","inLanguage":"es","@id":"https:\/\/mastorrencito.com\/cat\/no-es-pot-presumir-de-valors-quan-sactua-sense-cap\/#primaryimage","url":"https:\/\/mastorrencito.com\/cat\/wp-content\/uploads\/sites\/3\/canecorso.jpg","contentUrl":"https:\/\/mastorrencito.com\/cat\/wp-content\/uploads\/sites\/3\/canecorso.jpg","width":1024,"height":1024,"caption":"los impresentables que no se presentaron"},{"@type":"BreadcrumbList","@id":"https:\/\/mastorrencito.com\/cat\/no-es-pot-presumir-de-valors-quan-sactua-sense-cap\/#breadcrumb","itemListElement":[{"@type":"ListItem","position":1,"name":"Portada","item":"https:\/\/mastorrencito.com\/"},{"@type":"ListItem","position":2,"name":"No es pot presumir de valors quan s?actua sense cap."}]},{"@type":"WebSite","@id":"https:\/\/mastorrencito.com\/#website","url":"https:\/\/mastorrencito.com\/","name":"Mas Torrencito CAT","description":"Casa rural pet friendly en Girona","publisher":{"@id":"https:\/\/mastorrencito.com\/#organization"},"potentialAction":[{"@type":"SearchAction","target":{"@type":"EntryPoint","urlTemplate":"https:\/\/mastorrencito.com\/?s={search_term_string}"},"query-input":{"@type":"PropertyValueSpecification","valueRequired":true,"valueName":"search_term_string"}}],"inLanguage":"es"},{"@type":"Organization","@id":"https:\/\/mastorrencito.com\/#organization","name":"Mas Torrencito CAT","url":"https:\/\/mastorrencito.com\/","logo":{"@type":"ImageObject","inLanguage":"es","@id":"https:\/\/mastorrencito.com\/#\/schema\/logo\/image\/","url":"https:\/\/mastorrencito.com\/cat\/wp-content\/uploads\/sites\/3\/Logo-Mastorrencito-horizontal.webp","contentUrl":"https:\/\/mastorrencito.com\/cat\/wp-content\/uploads\/sites\/3\/Logo-Mastorrencito-horizontal.webp","width":161,"height":54,"caption":"Mas Torrencito CAT"},"image":{"@id":"https:\/\/mastorrencito.com\/#\/schema\/logo\/image\/"}},{"@type":"Person","@id":"https:\/\/mastorrencito.com\/#\/schema\/person\/18c619be80d4ae2667c702911625f790","name":"Mastorrencito","image":{"@type":"ImageObject","inLanguage":"es","@id":"https:\/\/secure.gravatar.com\/avatar\/3ef55e0519f987a734c21caee1423b51df7b760b7d81a38ecd31cab0a5115f6d?s=96&d=mm&r=g","url":"https:\/\/secure.gravatar.com\/avatar\/3ef55e0519f987a734c21caee1423b51df7b760b7d81a38ecd31cab0a5115f6d?s=96&d=mm&r=g","contentUrl":"https:\/\/secure.gravatar.com\/avatar\/3ef55e0519f987a734c21caee1423b51df7b760b7d81a38ecd31cab0a5115f6d?s=96&d=mm&r=g","caption":"Mastorrencito"},"url":"https:\/\/mastorrencito.com\/cat\/author\/mastorrencito\/"}]}},"acf":[],"_links":{"self":[{"href":"https:\/\/mastorrencito.com\/cat\/wp-json\/wp\/v2\/posts\/4314","targetHints":{"allow":["GET"]}}],"collection":[{"href":"https:\/\/mastorrencito.com\/cat\/wp-json\/wp\/v2\/posts"}],"about":[{"href":"https:\/\/mastorrencito.com\/cat\/wp-json\/wp\/v2\/types\/post"}],"author":[{"embeddable":true,"href":"https:\/\/mastorrencito.com\/cat\/wp-json\/wp\/v2\/users\/2"}],"replies":[{"embeddable":true,"href":"https:\/\/mastorrencito.com\/cat\/wp-json\/wp\/v2\/comments?post=4314"}],"version-history":[{"count":0,"href":"https:\/\/mastorrencito.com\/cat\/wp-json\/wp\/v2\/posts\/4314\/revisions"}],"wp:featuredmedia":[{"embeddable":true,"href":"https:\/\/mastorrencito.com\/cat\/wp-json\/wp\/v2\/media\/4309"}],"wp:attachment":[{"href":"https:\/\/mastorrencito.com\/cat\/wp-json\/wp\/v2\/media?parent=4314"}],"wp:term":[{"taxonomy":"category","embeddable":true,"href":"https:\/\/mastorrencito.com\/cat\/wp-json\/wp\/v2\/categories?post=4314"},{"taxonomy":"post_tag","embeddable":true,"href":"https:\/\/mastorrencito.com\/cat\/wp-json\/wp\/v2\/tags?post=4314"}],"curies":[{"name":"wp","href":"https:\/\/api.w.org\/{rel}","templated":true}]}}