{"id":4289,"date":"2025-05-21T04:07:28","date_gmt":"2025-05-21T04:07:28","guid":{"rendered":"https:\/\/casaruralconperrosgirona.com\/estimat-leon-muack-amb-k-de-kuki\/"},"modified":"2025-05-21T04:07:28","modified_gmt":"2025-05-21T04:07:28","slug":"estimat-leon-muack-amb-k-de-kuki","status":"publish","type":"post","link":"https:\/\/mastorrencito.com\/cat\/estimat-leon-muack-amb-k-de-kuki\/","title":{"rendered":"Estimat Leon Muack (amb K de Kuki)"},"content":{"rendered":"\n<p>Sabem que \u00faltimament no ets en el teu <em>millor moment borsatil\u00edstic<\/em> , que si l&#8217;amic cara-pastanaga et tira les accions per terra, que si el Twitter rebatejat no t&#8217;acaba d&#8217;enlairar-se&#8230; En fi, un c\u00famul de <em>marcianades<\/em> . Per\u00f2 per aix\u00f2 mateix, t&#8217;escrivim des del cor de l&#8217;Empord\u00e0, des de <strong>Mas Torrencito<\/strong> , la casa rural que admet mascotes i, si es porten b\u00e9, tamb\u00e9 humans.  <\/p>\n<figure class=\"wp-block-post-featured-image\"><img fetchpriority=\"high\" decoding=\"async\" width=\"1536\" height=\"1024\" src=\"https:\/\/mastorrencito.com\/cat\/wp-content\/uploads\/sites\/3\/tesla_mastorrencito.jpg\" class=\"attachment-post-thumbnail size-post-thumbnail wp-post-image\" alt=\"Tesla pets edition\" style=\"object-fit:cover;\" srcset=\"https:\/\/mastorrencito.com\/cat\/wp-content\/uploads\/sites\/3\/tesla_mastorrencito.jpg 1536w, https:\/\/mastorrencito.com\/cat\/wp-content\/uploads\/sites\/3\/tesla_mastorrencito-300x200.jpg 300w, https:\/\/mastorrencito.com\/cat\/wp-content\/uploads\/sites\/3\/tesla_mastorrencito-1024x683.jpg 1024w, https:\/\/mastorrencito.com\/cat\/wp-content\/uploads\/sites\/3\/tesla_mastorrencito-768x512.jpg 768w\" sizes=\"(max-width: 1536px) 100vw, 1536px\" \/><\/figure>\n<p>Et proposem una idea que no nom\u00e9s et tornar\u00e0 la brillantor als ulls, sin\u00f3 que et convertir\u00e0 en el <strong>pastor alemany de la innovaci\u00f3 gossada<\/strong> :<\/p>\n\n<p>\ud83c\udf89 <strong>El Tesla Dog Friendly Senior Edition.<\/strong> \ud83c\udf89<\/p>\n\n<p>T&#8217;ho pintem f\u00e0cil, Muack:<\/p>\n\n<ul class=\"wp-block-list\">\n<li>Una rampa autom\u00e0tica perqu\u00e8 els gossets majors no hagin de fer el triple salt ol\u00edmpic per pujar.<\/li>\n\n\n\n<li>A\/C del darrere personalitzat amb <strong>aromater\u00e0pia de lavanda i pernil salat<\/strong> .<\/li>\n\n\n\n<li>Una llitera ortop\u00e8dica amb massatge shiatsu (o com es digui).<\/li>\n\n\n\n<li>Portes amb obertura antiestr\u00e8s, so de lladruc tranquil\u00b7litzador i m\u00fasica d&#8217;Enya en mode loop.<\/li>\n\n\n\n<li>I per descomptat, <strong>serigrafiat amb petjades<\/strong> , edici\u00f3 limitada, numerada, i signada amb el musell de Manuela, la nostra golden angeleta que va viure 16 anys amb nosaltres. \ud83c\udf3c<\/li>\n<\/ul>\n\n<p>Sabem que aix\u00f2 us interessa.<br \/> Un cotxe el\u00e8ctric, sostenible, que cuida els peludits grans, i que pot rec\u00f3rrer mons\u2026 per\u00f2 amb ells.<\/p>\n\n<p>Val que m&#8217;acabo de comprar un <strong>Kia EV3<\/strong> , per\u00f2 aix\u00f2 no ha de ser un obstacle. L&#8217;aparco, li dono una manta, i l&#8217;utilitzo nom\u00e9s per anar al s\u00faper. El Tesla perruno s&#8217;usaria per all\u00f2 important: <strong>per viure i viatjar amb amor<\/strong> .  <\/p>\n\n<p>Leon, sigues Musk, per\u00f2 tamb\u00e9 sigues Muack:<br \/> \ud83d\udca5 Fes-ho pels vells que encara somien amb treure el cap per la finestra i olorar el m\u00f3n! \ud83d\udca5<\/p>\n\n<p>Un lamet\u00f3n amb afecte des de Mas Torrencito,<br \/> \ud83d\udc3e Miguel i les seves 4 potes co-directives (Masto, Maky, Mastitwo i Mamas)<\/p>\n\n<p>PD: Prometem no deixar baves als seients\u2026 B\u00e9, gaireb\u00e9. \ud83d\ude05<br \/><br \/> AHHH per cert, m&#8217;ho pots enviar aqu\u00ed a MasTorrencito&#8230; o si \u00e9s molt problema.. em dius i intento apropar-me.,&#8230; no gaire lluny ehhhh&#8230; que tinc clients&#8230;. i gossets que atendre!!!!!<\/p>\n\n<h4 class=\"wp-block-heading\"><strong>REFLEXI\u00d3 PERRUNA SOBRE UN TESLA AMB EMPREMTES<\/strong><\/h4>\n\n<p>D&#8217;acord\u2026 ja ho sabem.<br \/> Avui dia dir que t&#8217;agrada Elon Musk \u00e9s com confessar que col\u00b7lecciones pedres del rony\u00f3: no \u00e9s popular, ni est\u00e0 ben vist, ni t&#8217;ho perdonen a Twitter.<\/p>\n\n<p>Per\u00f2 veurem\u2026 \u00bf i si, per una vegada, es marqu\u00e9s un gest senzill, bonic i amb \u00e0nima?<br \/> \u00bf I si llanc\u00e9s alguna cosa tan aparentment insignificant com un <strong>Tesla adaptat per a gossets majors<\/strong> ?<\/p>\n\n<p>S\u00ed, s\u00ed, sona friqui, ho s\u00e9. Per\u00f2 <strong>imagina&#8217;t-ho<\/strong> :<br \/> \ud83d\ude97 Tesla Dog Friendly Edition,<br \/> \ud83d\udc3e amb empremtes serigrafiades,<br \/> \ud83c\udf2c amb aire condicionat al maleter,<br \/> \ud83d\udecf amb llitet ortop\u00e8dic i rampa autom\u00e0tica&#8230;<br \/> I a dins, un golden vellet abocant el musell per la finestreta mentre sona Coldplay baixet. <\/p>\n\n<p>Ara digues-me tu, quin telenot\u00edcies, quina xarxa social, quina \u00e0via amb Facebook no compartiria aix\u00f2?<\/p>\n\n<p>No parlem de coets, ni de comprar Twitter, ni d&#8217;inventar cervells cibern\u00e8tics. Parlem <strong>duna idea simple, emp\u00e0tica, amb missatge<\/strong> . D&#8217;aquelles que connecten amb el cor (i amb l&#8217;algorisme d&#8217;Instagram).  <\/p>\n\n<p>Perqu\u00e8 s\u00ed, molts odien Elon.<br \/> Per\u00f2 molts m\u00e9s <strong>estimen els gossos<\/strong> .<\/p>\n\n<p>I aqu\u00ed, estimat Leon Muack, hi ha m\u00e9s rendibilitat emocional que a tota la borsa de valors.<br \/> Fes-ho, encara que sigui per m\u00e0rqueting.<br \/> Encara que sigui per tu.<br \/> Encara que sigui per ells. \ud83d\udc36 \ud83d\udc9b <\/p>\n\n<hr class=\"wp-block-separator has-alpha-channel-opacity\" \/>\n\n<blockquote class=\"wp-block-quote is-layout-flow wp-block-quote-is-layout-flow\">\n<p>Des de MasTorrencito et desitgem un bon dia i que els teus gossos t&#8217;acompanyin!!<\/p>\n<\/blockquote>\n\n<p>Si vols, pot veure els nostres <strong>bons per caps de setmana, bons jubilats<\/strong> , a un preu incre\u00efble.. entra a <a href=\"https:\/\/www.mastorrencito.com\/\">www.mastorrencito.com<\/a> o si vols podeu llegir m\u00e9s hist\u00f2ria i an\u00e8c<\/p>\n\n<p><\/p>\n","protected":false},"excerpt":{"rendered":"<p>Sabem que \u00faltimament no ets en el teu millor moment borsatil\u00edstic , que si l&#8217;amic cara-pastanaga et tira les accions per terra, que si el Twitter rebatejat no t&#8217;acaba d&#8217;enlairar-se&#8230; En fi, un c\u00famul de marcianades . Per\u00f2 per aix\u00f2 mateix, t&#8217;escrivim des del cor de l&#8217;Empord\u00e0, des de Mas Torrencito , la casa rural [&hellip;]<\/p>\n","protected":false},"author":2,"featured_media":4285,"comment_status":"open","ping_status":"closed","sticky":false,"template":"","format":"standard","meta":{"_acf_changed":false,"footnotes":""},"categories":[35],"tags":[],"class_list":["post-4289","post","type-post","status-publish","format-standard","has-post-thumbnail","hentry","category-histories-mastorrencito"],"yoast_head":"<!-- This site is optimized with the Yoast SEO Premium plugin v27.3 (Yoast SEO v27.5) - https:\/\/yoast.com\/product\/yoast-seo-premium-wordpress\/ -->\n<title>Estimat Leon Muack (amb K de Kuki) - Mas Torrencito CAT<\/title>\n<meta name=\"description\" content=\"I us imagineu que el lleg\u00eds i li fes gr\u00e0cia... ja que no tinc germ\u00e0 Papa... doncs... Estimat Leon Muack (amb K de Kuki)\" \/>\n<meta name=\"robots\" content=\"index, follow, max-snippet:-1, max-image-preview:large, max-video-preview:-1\" \/>\n<link rel=\"canonical\" href=\"https:\/\/mastorrencito.com\/cat\/estimat-leon-muack-amb-k-de-kuki\/\" \/>\n<meta property=\"og:locale\" content=\"es_ES\" \/>\n<meta property=\"og:type\" content=\"article\" \/>\n<meta property=\"og:title\" content=\"Estimat Leon Muack (amb K de Kuki)\" \/>\n<meta property=\"og:description\" content=\"I us imagineu que el lleg\u00eds i li fes gr\u00e0cia... ja que no tinc germ\u00e0 Papa... doncs... Estimat Leon Muack (amb K de Kuki)\" \/>\n<meta property=\"og:url\" content=\"https:\/\/mastorrencito.com\/cat\/estimat-leon-muack-amb-k-de-kuki\/\" \/>\n<meta property=\"og:site_name\" content=\"Mas Torrencito CAT\" \/>\n<meta property=\"article:published_time\" content=\"2025-05-21T04:07:28+00:00\" \/>\n<meta property=\"og:image\" content=\"https:\/\/mastorrencito.com\/cat\/wp-content\/uploads\/sites\/3\/tesla_mastorrencito.jpg\" \/>\n\t<meta property=\"og:image:width\" content=\"1536\" \/>\n\t<meta property=\"og:image:height\" content=\"1024\" \/>\n\t<meta property=\"og:image:type\" content=\"image\/jpeg\" \/>\n<meta name=\"author\" content=\"Mastorrencito\" \/>\n<meta name=\"twitter:card\" content=\"summary_large_image\" \/>\n<meta name=\"twitter:label1\" content=\"Escrito por\" \/>\n\t<meta name=\"twitter:data1\" content=\"Mastorrencito\" \/>\n\t<meta name=\"twitter:label2\" content=\"Tiempo de lectura\" \/>\n\t<meta name=\"twitter:data2\" content=\"3 minutos\" \/>\n<script type=\"application\/ld+json\" class=\"yoast-schema-graph\">{\"@context\":\"https:\\\/\\\/schema.org\",\"@graph\":[{\"@type\":\"Article\",\"@id\":\"https:\\\/\\\/mastorrencito.com\\\/cat\\\/estimat-leon-muack-amb-k-de-kuki\\\/#article\",\"isPartOf\":{\"@id\":\"https:\\\/\\\/mastorrencito.com\\\/cat\\\/estimat-leon-muack-amb-k-de-kuki\\\/\"},\"author\":{\"name\":\"Mastorrencito\",\"@id\":\"https:\\\/\\\/mastorrencito.com\\\/#\\\/schema\\\/person\\\/18c619be80d4ae2667c702911625f790\"},\"headline\":\"Estimat Leon Muack (amb K de Kuki)\",\"datePublished\":\"2025-05-21T04:07:28+00:00\",\"mainEntityOfPage\":{\"@id\":\"https:\\\/\\\/mastorrencito.com\\\/cat\\\/estimat-leon-muack-amb-k-de-kuki\\\/\"},\"wordCount\":626,\"commentCount\":0,\"publisher\":{\"@id\":\"https:\\\/\\\/mastorrencito.com\\\/#organization\"},\"image\":{\"@id\":\"https:\\\/\\\/mastorrencito.com\\\/cat\\\/estimat-leon-muack-amb-k-de-kuki\\\/#primaryimage\"},\"thumbnailUrl\":\"https:\\\/\\\/mastorrencito.com\\\/cat\\\/wp-content\\\/uploads\\\/sites\\\/3\\\/tesla_mastorrencito.jpg\",\"articleSection\":[\"Hist\u00f2ries Mastorrencito\"],\"inLanguage\":\"es\",\"potentialAction\":[{\"@type\":\"CommentAction\",\"name\":\"Comment\",\"target\":[\"https:\\\/\\\/mastorrencito.com\\\/cat\\\/estimat-leon-muack-amb-k-de-kuki\\\/#respond\"]}]},{\"@type\":\"WebPage\",\"@id\":\"https:\\\/\\\/mastorrencito.com\\\/cat\\\/estimat-leon-muack-amb-k-de-kuki\\\/\",\"url\":\"https:\\\/\\\/mastorrencito.com\\\/cat\\\/estimat-leon-muack-amb-k-de-kuki\\\/\",\"name\":\"Estimat Leon Muack (amb K de Kuki) - Mas Torrencito CAT\",\"isPartOf\":{\"@id\":\"https:\\\/\\\/mastorrencito.com\\\/#website\"},\"primaryImageOfPage\":{\"@id\":\"https:\\\/\\\/mastorrencito.com\\\/cat\\\/estimat-leon-muack-amb-k-de-kuki\\\/#primaryimage\"},\"image\":{\"@id\":\"https:\\\/\\\/mastorrencito.com\\\/cat\\\/estimat-leon-muack-amb-k-de-kuki\\\/#primaryimage\"},\"thumbnailUrl\":\"https:\\\/\\\/mastorrencito.com\\\/cat\\\/wp-content\\\/uploads\\\/sites\\\/3\\\/tesla_mastorrencito.jpg\",\"datePublished\":\"2025-05-21T04:07:28+00:00\",\"description\":\"I us imagineu que el lleg\u00eds i li fes gr\u00e0cia... ja que no tinc germ\u00e0 Papa... doncs... Estimat Leon Muack (amb K de Kuki)\",\"breadcrumb\":{\"@id\":\"https:\\\/\\\/mastorrencito.com\\\/cat\\\/estimat-leon-muack-amb-k-de-kuki\\\/#breadcrumb\"},\"inLanguage\":\"es\",\"potentialAction\":[{\"@type\":\"ReadAction\",\"target\":[\"https:\\\/\\\/mastorrencito.com\\\/cat\\\/estimat-leon-muack-amb-k-de-kuki\\\/\"]}]},{\"@type\":\"ImageObject\",\"inLanguage\":\"es\",\"@id\":\"https:\\\/\\\/mastorrencito.com\\\/cat\\\/estimat-leon-muack-amb-k-de-kuki\\\/#primaryimage\",\"url\":\"https:\\\/\\\/mastorrencito.com\\\/cat\\\/wp-content\\\/uploads\\\/sites\\\/3\\\/tesla_mastorrencito.jpg\",\"contentUrl\":\"https:\\\/\\\/mastorrencito.com\\\/cat\\\/wp-content\\\/uploads\\\/sites\\\/3\\\/tesla_mastorrencito.jpg\",\"width\":1536,\"height\":1024,\"caption\":\"Tesla pets edition\"},{\"@type\":\"BreadcrumbList\",\"@id\":\"https:\\\/\\\/mastorrencito.com\\\/cat\\\/estimat-leon-muack-amb-k-de-kuki\\\/#breadcrumb\",\"itemListElement\":[{\"@type\":\"ListItem\",\"position\":1,\"name\":\"Portada\",\"item\":\"https:\\\/\\\/mastorrencito.com\\\/\"},{\"@type\":\"ListItem\",\"position\":2,\"name\":\"Estimat Leon Muack (amb K de Kuki)\"}]},{\"@type\":\"WebSite\",\"@id\":\"https:\\\/\\\/mastorrencito.com\\\/#website\",\"url\":\"https:\\\/\\\/mastorrencito.com\\\/\",\"name\":\"Mas Torrencito CAT\",\"description\":\"Casa rural pet friendly en Girona\",\"publisher\":{\"@id\":\"https:\\\/\\\/mastorrencito.com\\\/#organization\"},\"potentialAction\":[{\"@type\":\"SearchAction\",\"target\":{\"@type\":\"EntryPoint\",\"urlTemplate\":\"https:\\\/\\\/mastorrencito.com\\\/?s={search_term_string}\"},\"query-input\":{\"@type\":\"PropertyValueSpecification\",\"valueRequired\":true,\"valueName\":\"search_term_string\"}}],\"inLanguage\":\"es\"},{\"@type\":\"Organization\",\"@id\":\"https:\\\/\\\/mastorrencito.com\\\/#organization\",\"name\":\"Mas Torrencito CAT\",\"url\":\"https:\\\/\\\/mastorrencito.com\\\/\",\"logo\":{\"@type\":\"ImageObject\",\"inLanguage\":\"es\",\"@id\":\"https:\\\/\\\/mastorrencito.com\\\/#\\\/schema\\\/logo\\\/image\\\/\",\"url\":\"https:\\\/\\\/mastorrencito.com\\\/cat\\\/wp-content\\\/uploads\\\/sites\\\/3\\\/Logo-Mastorrencito-horizontal.webp\",\"contentUrl\":\"https:\\\/\\\/mastorrencito.com\\\/cat\\\/wp-content\\\/uploads\\\/sites\\\/3\\\/Logo-Mastorrencito-horizontal.webp\",\"width\":161,\"height\":54,\"caption\":\"Mas Torrencito CAT\"},\"image\":{\"@id\":\"https:\\\/\\\/mastorrencito.com\\\/#\\\/schema\\\/logo\\\/image\\\/\"}},{\"@type\":\"Person\",\"@id\":\"https:\\\/\\\/mastorrencito.com\\\/#\\\/schema\\\/person\\\/18c619be80d4ae2667c702911625f790\",\"name\":\"Mastorrencito\",\"image\":{\"@type\":\"ImageObject\",\"inLanguage\":\"es\",\"@id\":\"https:\\\/\\\/secure.gravatar.com\\\/avatar\\\/3ef55e0519f987a734c21caee1423b51df7b760b7d81a38ecd31cab0a5115f6d?s=96&d=mm&r=g\",\"url\":\"https:\\\/\\\/secure.gravatar.com\\\/avatar\\\/3ef55e0519f987a734c21caee1423b51df7b760b7d81a38ecd31cab0a5115f6d?s=96&d=mm&r=g\",\"contentUrl\":\"https:\\\/\\\/secure.gravatar.com\\\/avatar\\\/3ef55e0519f987a734c21caee1423b51df7b760b7d81a38ecd31cab0a5115f6d?s=96&d=mm&r=g\",\"caption\":\"Mastorrencito\"},\"url\":\"https:\\\/\\\/mastorrencito.com\\\/cat\\\/author\\\/mastorrencito\\\/\"}]}<\/script>\n<!-- \/ Yoast SEO Premium plugin. -->","yoast_head_json":{"title":"Estimat Leon Muack (amb K de Kuki) - Mas Torrencito CAT","description":"I us imagineu que el lleg\u00eds i li fes gr\u00e0cia... ja que no tinc germ\u00e0 Papa... doncs... Estimat Leon Muack (amb K de Kuki)","robots":{"index":"index","follow":"follow","max-snippet":"max-snippet:-1","max-image-preview":"max-image-preview:large","max-video-preview":"max-video-preview:-1"},"canonical":"https:\/\/mastorrencito.com\/cat\/estimat-leon-muack-amb-k-de-kuki\/","og_locale":"es_ES","og_type":"article","og_title":"Estimat Leon Muack (amb K de Kuki)","og_description":"I us imagineu que el lleg\u00eds i li fes gr\u00e0cia... ja que no tinc germ\u00e0 Papa... doncs... Estimat Leon Muack (amb K de Kuki)","og_url":"https:\/\/mastorrencito.com\/cat\/estimat-leon-muack-amb-k-de-kuki\/","og_site_name":"Mas Torrencito CAT","article_published_time":"2025-05-21T04:07:28+00:00","og_image":[{"width":1536,"height":1024,"url":"https:\/\/mastorrencito.com\/cat\/wp-content\/uploads\/sites\/3\/tesla_mastorrencito.jpg","type":"image\/jpeg"}],"author":"Mastorrencito","twitter_card":"summary_large_image","twitter_misc":{"Escrito por":"Mastorrencito","Tiempo de lectura":"3 minutos"},"schema":{"@context":"https:\/\/schema.org","@graph":[{"@type":"Article","@id":"https:\/\/mastorrencito.com\/cat\/estimat-leon-muack-amb-k-de-kuki\/#article","isPartOf":{"@id":"https:\/\/mastorrencito.com\/cat\/estimat-leon-muack-amb-k-de-kuki\/"},"author":{"name":"Mastorrencito","@id":"https:\/\/mastorrencito.com\/#\/schema\/person\/18c619be80d4ae2667c702911625f790"},"headline":"Estimat Leon Muack (amb K de Kuki)","datePublished":"2025-05-21T04:07:28+00:00","mainEntityOfPage":{"@id":"https:\/\/mastorrencito.com\/cat\/estimat-leon-muack-amb-k-de-kuki\/"},"wordCount":626,"commentCount":0,"publisher":{"@id":"https:\/\/mastorrencito.com\/#organization"},"image":{"@id":"https:\/\/mastorrencito.com\/cat\/estimat-leon-muack-amb-k-de-kuki\/#primaryimage"},"thumbnailUrl":"https:\/\/mastorrencito.com\/cat\/wp-content\/uploads\/sites\/3\/tesla_mastorrencito.jpg","articleSection":["Hist\u00f2ries Mastorrencito"],"inLanguage":"es","potentialAction":[{"@type":"CommentAction","name":"Comment","target":["https:\/\/mastorrencito.com\/cat\/estimat-leon-muack-amb-k-de-kuki\/#respond"]}]},{"@type":"WebPage","@id":"https:\/\/mastorrencito.com\/cat\/estimat-leon-muack-amb-k-de-kuki\/","url":"https:\/\/mastorrencito.com\/cat\/estimat-leon-muack-amb-k-de-kuki\/","name":"Estimat Leon Muack (amb K de Kuki) - Mas Torrencito CAT","isPartOf":{"@id":"https:\/\/mastorrencito.com\/#website"},"primaryImageOfPage":{"@id":"https:\/\/mastorrencito.com\/cat\/estimat-leon-muack-amb-k-de-kuki\/#primaryimage"},"image":{"@id":"https:\/\/mastorrencito.com\/cat\/estimat-leon-muack-amb-k-de-kuki\/#primaryimage"},"thumbnailUrl":"https:\/\/mastorrencito.com\/cat\/wp-content\/uploads\/sites\/3\/tesla_mastorrencito.jpg","datePublished":"2025-05-21T04:07:28+00:00","description":"I us imagineu que el lleg\u00eds i li fes gr\u00e0cia... ja que no tinc germ\u00e0 Papa... doncs... Estimat Leon Muack (amb K de Kuki)","breadcrumb":{"@id":"https:\/\/mastorrencito.com\/cat\/estimat-leon-muack-amb-k-de-kuki\/#breadcrumb"},"inLanguage":"es","potentialAction":[{"@type":"ReadAction","target":["https:\/\/mastorrencito.com\/cat\/estimat-leon-muack-amb-k-de-kuki\/"]}]},{"@type":"ImageObject","inLanguage":"es","@id":"https:\/\/mastorrencito.com\/cat\/estimat-leon-muack-amb-k-de-kuki\/#primaryimage","url":"https:\/\/mastorrencito.com\/cat\/wp-content\/uploads\/sites\/3\/tesla_mastorrencito.jpg","contentUrl":"https:\/\/mastorrencito.com\/cat\/wp-content\/uploads\/sites\/3\/tesla_mastorrencito.jpg","width":1536,"height":1024,"caption":"Tesla pets edition"},{"@type":"BreadcrumbList","@id":"https:\/\/mastorrencito.com\/cat\/estimat-leon-muack-amb-k-de-kuki\/#breadcrumb","itemListElement":[{"@type":"ListItem","position":1,"name":"Portada","item":"https:\/\/mastorrencito.com\/"},{"@type":"ListItem","position":2,"name":"Estimat Leon Muack (amb K de Kuki)"}]},{"@type":"WebSite","@id":"https:\/\/mastorrencito.com\/#website","url":"https:\/\/mastorrencito.com\/","name":"Mas Torrencito CAT","description":"Casa rural pet friendly en Girona","publisher":{"@id":"https:\/\/mastorrencito.com\/#organization"},"potentialAction":[{"@type":"SearchAction","target":{"@type":"EntryPoint","urlTemplate":"https:\/\/mastorrencito.com\/?s={search_term_string}"},"query-input":{"@type":"PropertyValueSpecification","valueRequired":true,"valueName":"search_term_string"}}],"inLanguage":"es"},{"@type":"Organization","@id":"https:\/\/mastorrencito.com\/#organization","name":"Mas Torrencito CAT","url":"https:\/\/mastorrencito.com\/","logo":{"@type":"ImageObject","inLanguage":"es","@id":"https:\/\/mastorrencito.com\/#\/schema\/logo\/image\/","url":"https:\/\/mastorrencito.com\/cat\/wp-content\/uploads\/sites\/3\/Logo-Mastorrencito-horizontal.webp","contentUrl":"https:\/\/mastorrencito.com\/cat\/wp-content\/uploads\/sites\/3\/Logo-Mastorrencito-horizontal.webp","width":161,"height":54,"caption":"Mas Torrencito CAT"},"image":{"@id":"https:\/\/mastorrencito.com\/#\/schema\/logo\/image\/"}},{"@type":"Person","@id":"https:\/\/mastorrencito.com\/#\/schema\/person\/18c619be80d4ae2667c702911625f790","name":"Mastorrencito","image":{"@type":"ImageObject","inLanguage":"es","@id":"https:\/\/secure.gravatar.com\/avatar\/3ef55e0519f987a734c21caee1423b51df7b760b7d81a38ecd31cab0a5115f6d?s=96&d=mm&r=g","url":"https:\/\/secure.gravatar.com\/avatar\/3ef55e0519f987a734c21caee1423b51df7b760b7d81a38ecd31cab0a5115f6d?s=96&d=mm&r=g","contentUrl":"https:\/\/secure.gravatar.com\/avatar\/3ef55e0519f987a734c21caee1423b51df7b760b7d81a38ecd31cab0a5115f6d?s=96&d=mm&r=g","caption":"Mastorrencito"},"url":"https:\/\/mastorrencito.com\/cat\/author\/mastorrencito\/"}]}},"acf":[],"_links":{"self":[{"href":"https:\/\/mastorrencito.com\/cat\/wp-json\/wp\/v2\/posts\/4289","targetHints":{"allow":["GET"]}}],"collection":[{"href":"https:\/\/mastorrencito.com\/cat\/wp-json\/wp\/v2\/posts"}],"about":[{"href":"https:\/\/mastorrencito.com\/cat\/wp-json\/wp\/v2\/types\/post"}],"author":[{"embeddable":true,"href":"https:\/\/mastorrencito.com\/cat\/wp-json\/wp\/v2\/users\/2"}],"replies":[{"embeddable":true,"href":"https:\/\/mastorrencito.com\/cat\/wp-json\/wp\/v2\/comments?post=4289"}],"version-history":[{"count":0,"href":"https:\/\/mastorrencito.com\/cat\/wp-json\/wp\/v2\/posts\/4289\/revisions"}],"wp:featuredmedia":[{"embeddable":true,"href":"https:\/\/mastorrencito.com\/cat\/wp-json\/wp\/v2\/media\/4285"}],"wp:attachment":[{"href":"https:\/\/mastorrencito.com\/cat\/wp-json\/wp\/v2\/media?parent=4289"}],"wp:term":[{"taxonomy":"category","embeddable":true,"href":"https:\/\/mastorrencito.com\/cat\/wp-json\/wp\/v2\/categories?post=4289"},{"taxonomy":"post_tag","embeddable":true,"href":"https:\/\/mastorrencito.com\/cat\/wp-json\/wp\/v2\/tags?post=4289"}],"curies":[{"name":"wp","href":"https:\/\/api.w.org\/{rel}","templated":true}]}}