{"id":4273,"date":"2025-05-18T06:11:22","date_gmt":"2025-05-18T06:11:22","guid":{"rendered":"https:\/\/casaruralconperrosgirona.com\/eurovisio-2025-la-canco-del-cinisme\/"},"modified":"2025-05-18T06:11:22","modified_gmt":"2025-05-18T06:11:22","slug":"eurovisio-2025-la-canco-del-cinisme","status":"publish","type":"post","link":"https:\/\/mastorrencito.com\/cat\/eurovisio-2025-la-canco-del-cinisme\/","title":{"rendered":"Eurovisi\u00f3 2025: La Can\u00e7\u00f3 del Cinisme"},"content":{"rendered":"\n<h3 class=\"wp-block-heading\"><\/h3>\n\n<p>No s\u00e9 ni per on comen\u00e7ar. Aix\u00f2 d&#8217;Eurovisi\u00f3 aquest any ha estat m\u00e9s que una decepci\u00f3 musical. Ha estat un mirall brut, trencat, del que som com a societat. No em molesta que Espanya quedi al lloc 24. Francament, tant me fa si anem amb una cobla, amb electr\u00f2nica o amb un himne punk. Per\u00f2 que <strong>Israel hagi quedat segona<\/strong> , aix\u00f2 s\u00ed que em crema. Em remou per dins. M&#8217;indigna.       <\/p>\n<figure class=\"wp-block-post-featured-image\"><img fetchpriority=\"high\" decoding=\"async\" width=\"1024\" height=\"1536\" src=\"https:\/\/mastorrencito.com\/cat\/wp-content\/uploads\/sites\/3\/deprava_euro.png\" class=\"attachment-post-thumbnail size-post-thumbnail wp-post-image\" alt=\"Si cerramos mas los ojos... nos volveremos idiotas\" style=\"object-fit:cover;\" srcset=\"https:\/\/mastorrencito.com\/cat\/wp-content\/uploads\/sites\/3\/deprava_euro.png 1024w, https:\/\/mastorrencito.com\/cat\/wp-content\/uploads\/sites\/3\/deprava_euro-200x300.png 200w, https:\/\/mastorrencito.com\/cat\/wp-content\/uploads\/sites\/3\/deprava_euro-683x1024.png 683w, https:\/\/mastorrencito.com\/cat\/wp-content\/uploads\/sites\/3\/deprava_euro-768x1152.png 768w\" sizes=\"(max-width: 1024px) 100vw, 1024px\" \/><\/figure>\n<p>I no, no \u00e9s per la cantant. Que quedi clar: <strong>aix\u00f2 no va contra una persona<\/strong> , sin\u00f3 contra all\u00f2 que representa, contra el context que s&#8217;ha escombrat sota la catifa amb purpurina i focus de colors. Parlem d&#8217;un pa\u00eds que est\u00e0 sent acusat de <strong>crims de guerra, de massacres, d&#8217;una neteja brutal a Gaza<\/strong> , i que, tot i aix\u00f2, \u00e9s premiat i aplaudit en prime time.  <\/p>\n\n<p>I llavors em faig una pregunta que ning\u00fa no sembla voler respondre:<\/p>\n\n<p><strong>\u00bf Per qu\u00e8 Israel participa a Eurovisi\u00f3 i Palestina no?<\/strong><br \/>No \u00e9s una q\u00fcesti\u00f3 de geografia \u2014perqu\u00e8 Eurovisi\u00f3 ha incl\u00f2s Austr\u00e0lia. No \u00e9s una q\u00fcesti\u00f3 de m\u00fasica \u2014perqu\u00e8 talent hi ha a cada rac\u00f3 del m\u00f3n.<br \/> \u00c9s una q\u00fcesti\u00f3 de poder. De qui t\u00e9 veu i qui no. De qui t\u00e9 mitjans, protecci\u00f3, narrativa internacional. I qui nom\u00e9s t\u00e9 runes, cad\u00e0vers i silenci.    <\/p>\n\n<p>Mentrestant, nosaltres, com a espectadors, ens empassem el xou, votem, opinem, ens emocionem&#8230; i <strong>seguim alimentant un circ<\/strong> on all\u00f2 pol\u00edtic es maquilla de cultura i all\u00f2 \u00e8tic se sacrifica en nom de l&#8217;espectacle.<\/p>\n\n<p>I encara hi ha qui se sorpr\u00e8n que estiguem anestesiats, que ens manipulin com volen.<\/p>\n\n<p>El cas d&#8217;Espanya \u00e9s el menys important. Que Portugal ens d\u00f3na nom\u00e9s sis punts? Que una proposta com la de Nebulossa amb prou feines rasca vots? Ja ni sorpr\u00e8n. No \u00e9s nom\u00e9s una q\u00fcesti\u00f3 de gustos o ve\u00efnats. \u00c9s que <strong>tot aix\u00f2 fa olor de c\u00e0lcul, de quotes, d&#8217;interessos creuats.<\/strong> \u00c9s un tauler on la m\u00fasica \u00e9s nom\u00e9s una excusa per col\u00b7locar fitxes.     <\/p>\n\n<p>Per\u00f2 el pitjor no \u00e9s el lloc. El pitjor \u00e9s el que revela: que el mal d&#8217;uns val menys que el xou dels altres. Que la mem\u00f2ria \u00e9s fr\u00e0gil si hi ha espectacle.   <\/p>\n\n<p>I despr\u00e9s ens preguntem per qu\u00e8 la gent desconfia de tot. Per qu\u00e8 creixen el cinisme, la r\u00e0bia i la desafecci\u00f3. <\/p>\n\n<p>Aix\u00f2 d&#8217;Eurovisi\u00f3 aquest any  <strong>no va ser nom\u00e9s una gala. Va ser una lli\u00e7\u00f3 brutal del que som capa\u00e7os d&#8217;aplaudir quan vam decidir mirar cap a una altra banda. <\/strong><\/p>\n\n<p>I mentrestant, jo\u2026<br \/><strong>jo em quedo al meu tros de parad\u00eds, aqu\u00ed amb els meus gossets<\/strong> , respirant fondo, intentant que no em bulli la sang amb tanta injust\u00edcia, corrupci\u00f3 i depravaci\u00f3 de l&#8217;\u00e9sser hum\u00e0. Intentant que la pau que m&#8217;envolta no es vegi enva\u00efda per un m\u00f3n que, francament, sembla haver perdut el judici. <\/p>\n\n<hr class=\"wp-block-separator has-alpha-channel-opacity\" \/>\n\n<blockquote class=\"wp-block-quote is-layout-flow wp-block-quote-is-layout-flow\">\n<p>Des de MasTorrencito et desitgem un bon dia i que els teus gossos t&#8217;acompanyin!!<\/p>\n<\/blockquote>\n\n<p>Si vols, pot veure els nostres bons per <a href=\"https:\/\/mastorrencito.com\/\" target=\"_blank\" rel=\"noreferrer noopener\">a<\/a> <strong>caps de setmana, bons jubilats<\/strong> , a un preu incre\u00efble.. entra a <a href=\"https:\/\/www.mastorrencito.com\/\">www.mastorrencito.com<\/a> o si vols podeu llegir m\u00e9s hist\u00f2ria i an\u00e8cdotes que ens <a href=\"https:\/\/mastorrencito.com\/es\/\">han<\/a> passat a MasTorrencito\u2026 Clickea aqui\u2026<\/p>\n","protected":false},"excerpt":{"rendered":"<p>No s\u00e9 ni per on comen\u00e7ar. Aix\u00f2 d&#8217;Eurovisi\u00f3 aquest any ha estat m\u00e9s que una decepci\u00f3 musical. Ha estat un mirall brut, trencat, del que som com a societat. No em molesta que Espanya quedi al lloc 24. Francament, tant me fa si anem amb una cobla, amb electr\u00f2nica o amb un himne punk. Per\u00f2 [&hellip;]<\/p>\n","protected":false},"author":2,"featured_media":4267,"comment_status":"open","ping_status":"closed","sticky":false,"template":"","format":"standard","meta":{"_acf_changed":false,"footnotes":""},"categories":[35],"tags":[],"class_list":["post-4273","post","type-post","status-publish","format-standard","has-post-thumbnail","hentry","category-histories-mastorrencito"],"yoast_head":"<!-- This site is optimized with the Yoast SEO Premium plugin v27.3 (Yoast SEO v27.4) - https:\/\/yoast.com\/product\/yoast-seo-premium-wordpress\/ -->\n<title>Eurovisi\u00f3 2025: La Can\u00e7\u00f3 del Cinisme - Mas Torrencito CAT<\/title>\n<meta name=\"description\" content=\"I continuarem aplaudint mentre l&#039;espectacle continu\u00ef... Eurovisi\u00f3 2025: La Can\u00e7\u00f3 del Cinisme by MasTorrencito\" \/>\n<meta name=\"robots\" content=\"index, follow, max-snippet:-1, max-image-preview:large, max-video-preview:-1\" \/>\n<link rel=\"canonical\" href=\"https:\/\/mastorrencito.com\/cat\/eurovisio-2025-la-canco-del-cinisme\/\" \/>\n<meta property=\"og:locale\" content=\"es_ES\" \/>\n<meta property=\"og:type\" content=\"article\" \/>\n<meta property=\"og:title\" content=\"Eurovisi\u00f3 2025: La Can\u00e7\u00f3 del Cinisme\" \/>\n<meta property=\"og:description\" content=\"I continuarem aplaudint mentre l&#039;espectacle continu\u00ef... Eurovisi\u00f3 2025: La Can\u00e7\u00f3 del Cinisme by MasTorrencito\" \/>\n<meta property=\"og:url\" content=\"https:\/\/mastorrencito.com\/cat\/eurovisio-2025-la-canco-del-cinisme\/\" \/>\n<meta property=\"og:site_name\" content=\"Mas Torrencito CAT\" \/>\n<meta property=\"article:published_time\" content=\"2025-05-18T06:11:22+00:00\" \/>\n<meta property=\"og:image\" content=\"https:\/\/mastorrencito.com\/cat\/wp-content\/uploads\/sites\/3\/deprava_euro.png\" \/>\n\t<meta property=\"og:image:width\" content=\"1024\" \/>\n\t<meta property=\"og:image:height\" content=\"1536\" \/>\n\t<meta property=\"og:image:type\" content=\"image\/png\" \/>\n<meta name=\"author\" content=\"Mastorrencito\" \/>\n<meta name=\"twitter:card\" content=\"summary_large_image\" \/>\n<meta name=\"twitter:label1\" content=\"Escrito por\" \/>\n\t<meta name=\"twitter:data1\" content=\"Mastorrencito\" \/>\n\t<meta name=\"twitter:label2\" content=\"Tiempo de lectura\" \/>\n\t<meta name=\"twitter:data2\" content=\"3 minutos\" \/>\n<script type=\"application\/ld+json\" class=\"yoast-schema-graph\">{\"@context\":\"https:\\\/\\\/schema.org\",\"@graph\":[{\"@type\":\"Article\",\"@id\":\"https:\\\/\\\/mastorrencito.com\\\/cat\\\/eurovisio-2025-la-canco-del-cinisme\\\/#article\",\"isPartOf\":{\"@id\":\"https:\\\/\\\/mastorrencito.com\\\/cat\\\/eurovisio-2025-la-canco-del-cinisme\\\/\"},\"author\":{\"name\":\"Mastorrencito\",\"@id\":\"https:\\\/\\\/mastorrencito.com\\\/#\\\/schema\\\/person\\\/18c619be80d4ae2667c702911625f790\"},\"headline\":\"Eurovisi\u00f3 2025: La Can\u00e7\u00f3 del Cinisme\",\"datePublished\":\"2025-05-18T06:11:22+00:00\",\"mainEntityOfPage\":{\"@id\":\"https:\\\/\\\/mastorrencito.com\\\/cat\\\/eurovisio-2025-la-canco-del-cinisme\\\/\"},\"wordCount\":570,\"commentCount\":0,\"publisher\":{\"@id\":\"https:\\\/\\\/mastorrencito.com\\\/#organization\"},\"image\":{\"@id\":\"https:\\\/\\\/mastorrencito.com\\\/cat\\\/eurovisio-2025-la-canco-del-cinisme\\\/#primaryimage\"},\"thumbnailUrl\":\"https:\\\/\\\/mastorrencito.com\\\/cat\\\/wp-content\\\/uploads\\\/sites\\\/3\\\/deprava_euro.png\",\"articleSection\":[\"Hist\u00f2ries Mastorrencito\"],\"inLanguage\":\"es\",\"potentialAction\":[{\"@type\":\"CommentAction\",\"name\":\"Comment\",\"target\":[\"https:\\\/\\\/mastorrencito.com\\\/cat\\\/eurovisio-2025-la-canco-del-cinisme\\\/#respond\"]}]},{\"@type\":\"WebPage\",\"@id\":\"https:\\\/\\\/mastorrencito.com\\\/cat\\\/eurovisio-2025-la-canco-del-cinisme\\\/\",\"url\":\"https:\\\/\\\/mastorrencito.com\\\/cat\\\/eurovisio-2025-la-canco-del-cinisme\\\/\",\"name\":\"Eurovisi\u00f3 2025: La Can\u00e7\u00f3 del Cinisme - Mas Torrencito CAT\",\"isPartOf\":{\"@id\":\"https:\\\/\\\/mastorrencito.com\\\/#website\"},\"primaryImageOfPage\":{\"@id\":\"https:\\\/\\\/mastorrencito.com\\\/cat\\\/eurovisio-2025-la-canco-del-cinisme\\\/#primaryimage\"},\"image\":{\"@id\":\"https:\\\/\\\/mastorrencito.com\\\/cat\\\/eurovisio-2025-la-canco-del-cinisme\\\/#primaryimage\"},\"thumbnailUrl\":\"https:\\\/\\\/mastorrencito.com\\\/cat\\\/wp-content\\\/uploads\\\/sites\\\/3\\\/deprava_euro.png\",\"datePublished\":\"2025-05-18T06:11:22+00:00\",\"description\":\"I continuarem aplaudint mentre l'espectacle continu\u00ef... Eurovisi\u00f3 2025: La Can\u00e7\u00f3 del Cinisme by MasTorrencito\",\"breadcrumb\":{\"@id\":\"https:\\\/\\\/mastorrencito.com\\\/cat\\\/eurovisio-2025-la-canco-del-cinisme\\\/#breadcrumb\"},\"inLanguage\":\"es\",\"potentialAction\":[{\"@type\":\"ReadAction\",\"target\":[\"https:\\\/\\\/mastorrencito.com\\\/cat\\\/eurovisio-2025-la-canco-del-cinisme\\\/\"]}]},{\"@type\":\"ImageObject\",\"inLanguage\":\"es\",\"@id\":\"https:\\\/\\\/mastorrencito.com\\\/cat\\\/eurovisio-2025-la-canco-del-cinisme\\\/#primaryimage\",\"url\":\"https:\\\/\\\/mastorrencito.com\\\/cat\\\/wp-content\\\/uploads\\\/sites\\\/3\\\/deprava_euro.png\",\"contentUrl\":\"https:\\\/\\\/mastorrencito.com\\\/cat\\\/wp-content\\\/uploads\\\/sites\\\/3\\\/deprava_euro.png\",\"width\":1024,\"height\":1536,\"caption\":\"Si cerramos mas los ojos... nos volveremos idiotas\"},{\"@type\":\"BreadcrumbList\",\"@id\":\"https:\\\/\\\/mastorrencito.com\\\/cat\\\/eurovisio-2025-la-canco-del-cinisme\\\/#breadcrumb\",\"itemListElement\":[{\"@type\":\"ListItem\",\"position\":1,\"name\":\"Portada\",\"item\":\"https:\\\/\\\/mastorrencito.com\\\/\"},{\"@type\":\"ListItem\",\"position\":2,\"name\":\"Eurovisi\u00f3 2025: La Can\u00e7\u00f3 del Cinisme\"}]},{\"@type\":\"WebSite\",\"@id\":\"https:\\\/\\\/mastorrencito.com\\\/#website\",\"url\":\"https:\\\/\\\/mastorrencito.com\\\/\",\"name\":\"Mas Torrencito CAT\",\"description\":\"Casa rural pet friendly en Girona\",\"publisher\":{\"@id\":\"https:\\\/\\\/mastorrencito.com\\\/#organization\"},\"potentialAction\":[{\"@type\":\"SearchAction\",\"target\":{\"@type\":\"EntryPoint\",\"urlTemplate\":\"https:\\\/\\\/mastorrencito.com\\\/?s={search_term_string}\"},\"query-input\":{\"@type\":\"PropertyValueSpecification\",\"valueRequired\":true,\"valueName\":\"search_term_string\"}}],\"inLanguage\":\"es\"},{\"@type\":\"Organization\",\"@id\":\"https:\\\/\\\/mastorrencito.com\\\/#organization\",\"name\":\"Mas Torrencito CAT\",\"url\":\"https:\\\/\\\/mastorrencito.com\\\/\",\"logo\":{\"@type\":\"ImageObject\",\"inLanguage\":\"es\",\"@id\":\"https:\\\/\\\/mastorrencito.com\\\/#\\\/schema\\\/logo\\\/image\\\/\",\"url\":\"https:\\\/\\\/mastorrencito.com\\\/cat\\\/wp-content\\\/uploads\\\/sites\\\/3\\\/Logo-Mastorrencito-horizontal.webp\",\"contentUrl\":\"https:\\\/\\\/mastorrencito.com\\\/cat\\\/wp-content\\\/uploads\\\/sites\\\/3\\\/Logo-Mastorrencito-horizontal.webp\",\"width\":161,\"height\":54,\"caption\":\"Mas Torrencito CAT\"},\"image\":{\"@id\":\"https:\\\/\\\/mastorrencito.com\\\/#\\\/schema\\\/logo\\\/image\\\/\"}},{\"@type\":\"Person\",\"@id\":\"https:\\\/\\\/mastorrencito.com\\\/#\\\/schema\\\/person\\\/18c619be80d4ae2667c702911625f790\",\"name\":\"Mastorrencito\",\"image\":{\"@type\":\"ImageObject\",\"inLanguage\":\"es\",\"@id\":\"https:\\\/\\\/secure.gravatar.com\\\/avatar\\\/3ef55e0519f987a734c21caee1423b51df7b760b7d81a38ecd31cab0a5115f6d?s=96&d=mm&r=g\",\"url\":\"https:\\\/\\\/secure.gravatar.com\\\/avatar\\\/3ef55e0519f987a734c21caee1423b51df7b760b7d81a38ecd31cab0a5115f6d?s=96&d=mm&r=g\",\"contentUrl\":\"https:\\\/\\\/secure.gravatar.com\\\/avatar\\\/3ef55e0519f987a734c21caee1423b51df7b760b7d81a38ecd31cab0a5115f6d?s=96&d=mm&r=g\",\"caption\":\"Mastorrencito\"},\"url\":\"https:\\\/\\\/mastorrencito.com\\\/cat\\\/author\\\/mastorrencito\\\/\"}]}<\/script>\n<!-- \/ Yoast SEO Premium plugin. -->","yoast_head_json":{"title":"Eurovisi\u00f3 2025: La Can\u00e7\u00f3 del Cinisme - Mas Torrencito CAT","description":"I continuarem aplaudint mentre l'espectacle continu\u00ef... Eurovisi\u00f3 2025: La Can\u00e7\u00f3 del Cinisme by MasTorrencito","robots":{"index":"index","follow":"follow","max-snippet":"max-snippet:-1","max-image-preview":"max-image-preview:large","max-video-preview":"max-video-preview:-1"},"canonical":"https:\/\/mastorrencito.com\/cat\/eurovisio-2025-la-canco-del-cinisme\/","og_locale":"es_ES","og_type":"article","og_title":"Eurovisi\u00f3 2025: La Can\u00e7\u00f3 del Cinisme","og_description":"I continuarem aplaudint mentre l'espectacle continu\u00ef... Eurovisi\u00f3 2025: La Can\u00e7\u00f3 del Cinisme by MasTorrencito","og_url":"https:\/\/mastorrencito.com\/cat\/eurovisio-2025-la-canco-del-cinisme\/","og_site_name":"Mas Torrencito CAT","article_published_time":"2025-05-18T06:11:22+00:00","og_image":[{"width":1024,"height":1536,"url":"https:\/\/mastorrencito.com\/cat\/wp-content\/uploads\/sites\/3\/deprava_euro.png","type":"image\/png"}],"author":"Mastorrencito","twitter_card":"summary_large_image","twitter_misc":{"Escrito por":"Mastorrencito","Tiempo de lectura":"3 minutos"},"schema":{"@context":"https:\/\/schema.org","@graph":[{"@type":"Article","@id":"https:\/\/mastorrencito.com\/cat\/eurovisio-2025-la-canco-del-cinisme\/#article","isPartOf":{"@id":"https:\/\/mastorrencito.com\/cat\/eurovisio-2025-la-canco-del-cinisme\/"},"author":{"name":"Mastorrencito","@id":"https:\/\/mastorrencito.com\/#\/schema\/person\/18c619be80d4ae2667c702911625f790"},"headline":"Eurovisi\u00f3 2025: La Can\u00e7\u00f3 del Cinisme","datePublished":"2025-05-18T06:11:22+00:00","mainEntityOfPage":{"@id":"https:\/\/mastorrencito.com\/cat\/eurovisio-2025-la-canco-del-cinisme\/"},"wordCount":570,"commentCount":0,"publisher":{"@id":"https:\/\/mastorrencito.com\/#organization"},"image":{"@id":"https:\/\/mastorrencito.com\/cat\/eurovisio-2025-la-canco-del-cinisme\/#primaryimage"},"thumbnailUrl":"https:\/\/mastorrencito.com\/cat\/wp-content\/uploads\/sites\/3\/deprava_euro.png","articleSection":["Hist\u00f2ries Mastorrencito"],"inLanguage":"es","potentialAction":[{"@type":"CommentAction","name":"Comment","target":["https:\/\/mastorrencito.com\/cat\/eurovisio-2025-la-canco-del-cinisme\/#respond"]}]},{"@type":"WebPage","@id":"https:\/\/mastorrencito.com\/cat\/eurovisio-2025-la-canco-del-cinisme\/","url":"https:\/\/mastorrencito.com\/cat\/eurovisio-2025-la-canco-del-cinisme\/","name":"Eurovisi\u00f3 2025: La Can\u00e7\u00f3 del Cinisme - Mas Torrencito CAT","isPartOf":{"@id":"https:\/\/mastorrencito.com\/#website"},"primaryImageOfPage":{"@id":"https:\/\/mastorrencito.com\/cat\/eurovisio-2025-la-canco-del-cinisme\/#primaryimage"},"image":{"@id":"https:\/\/mastorrencito.com\/cat\/eurovisio-2025-la-canco-del-cinisme\/#primaryimage"},"thumbnailUrl":"https:\/\/mastorrencito.com\/cat\/wp-content\/uploads\/sites\/3\/deprava_euro.png","datePublished":"2025-05-18T06:11:22+00:00","description":"I continuarem aplaudint mentre l'espectacle continu\u00ef... Eurovisi\u00f3 2025: La Can\u00e7\u00f3 del Cinisme by MasTorrencito","breadcrumb":{"@id":"https:\/\/mastorrencito.com\/cat\/eurovisio-2025-la-canco-del-cinisme\/#breadcrumb"},"inLanguage":"es","potentialAction":[{"@type":"ReadAction","target":["https:\/\/mastorrencito.com\/cat\/eurovisio-2025-la-canco-del-cinisme\/"]}]},{"@type":"ImageObject","inLanguage":"es","@id":"https:\/\/mastorrencito.com\/cat\/eurovisio-2025-la-canco-del-cinisme\/#primaryimage","url":"https:\/\/mastorrencito.com\/cat\/wp-content\/uploads\/sites\/3\/deprava_euro.png","contentUrl":"https:\/\/mastorrencito.com\/cat\/wp-content\/uploads\/sites\/3\/deprava_euro.png","width":1024,"height":1536,"caption":"Si cerramos mas los ojos... nos volveremos idiotas"},{"@type":"BreadcrumbList","@id":"https:\/\/mastorrencito.com\/cat\/eurovisio-2025-la-canco-del-cinisme\/#breadcrumb","itemListElement":[{"@type":"ListItem","position":1,"name":"Portada","item":"https:\/\/mastorrencito.com\/"},{"@type":"ListItem","position":2,"name":"Eurovisi\u00f3 2025: La Can\u00e7\u00f3 del Cinisme"}]},{"@type":"WebSite","@id":"https:\/\/mastorrencito.com\/#website","url":"https:\/\/mastorrencito.com\/","name":"Mas Torrencito CAT","description":"Casa rural pet friendly en Girona","publisher":{"@id":"https:\/\/mastorrencito.com\/#organization"},"potentialAction":[{"@type":"SearchAction","target":{"@type":"EntryPoint","urlTemplate":"https:\/\/mastorrencito.com\/?s={search_term_string}"},"query-input":{"@type":"PropertyValueSpecification","valueRequired":true,"valueName":"search_term_string"}}],"inLanguage":"es"},{"@type":"Organization","@id":"https:\/\/mastorrencito.com\/#organization","name":"Mas Torrencito CAT","url":"https:\/\/mastorrencito.com\/","logo":{"@type":"ImageObject","inLanguage":"es","@id":"https:\/\/mastorrencito.com\/#\/schema\/logo\/image\/","url":"https:\/\/mastorrencito.com\/cat\/wp-content\/uploads\/sites\/3\/Logo-Mastorrencito-horizontal.webp","contentUrl":"https:\/\/mastorrencito.com\/cat\/wp-content\/uploads\/sites\/3\/Logo-Mastorrencito-horizontal.webp","width":161,"height":54,"caption":"Mas Torrencito CAT"},"image":{"@id":"https:\/\/mastorrencito.com\/#\/schema\/logo\/image\/"}},{"@type":"Person","@id":"https:\/\/mastorrencito.com\/#\/schema\/person\/18c619be80d4ae2667c702911625f790","name":"Mastorrencito","image":{"@type":"ImageObject","inLanguage":"es","@id":"https:\/\/secure.gravatar.com\/avatar\/3ef55e0519f987a734c21caee1423b51df7b760b7d81a38ecd31cab0a5115f6d?s=96&d=mm&r=g","url":"https:\/\/secure.gravatar.com\/avatar\/3ef55e0519f987a734c21caee1423b51df7b760b7d81a38ecd31cab0a5115f6d?s=96&d=mm&r=g","contentUrl":"https:\/\/secure.gravatar.com\/avatar\/3ef55e0519f987a734c21caee1423b51df7b760b7d81a38ecd31cab0a5115f6d?s=96&d=mm&r=g","caption":"Mastorrencito"},"url":"https:\/\/mastorrencito.com\/cat\/author\/mastorrencito\/"}]}},"acf":[],"_links":{"self":[{"href":"https:\/\/mastorrencito.com\/cat\/wp-json\/wp\/v2\/posts\/4273","targetHints":{"allow":["GET"]}}],"collection":[{"href":"https:\/\/mastorrencito.com\/cat\/wp-json\/wp\/v2\/posts"}],"about":[{"href":"https:\/\/mastorrencito.com\/cat\/wp-json\/wp\/v2\/types\/post"}],"author":[{"embeddable":true,"href":"https:\/\/mastorrencito.com\/cat\/wp-json\/wp\/v2\/users\/2"}],"replies":[{"embeddable":true,"href":"https:\/\/mastorrencito.com\/cat\/wp-json\/wp\/v2\/comments?post=4273"}],"version-history":[{"count":0,"href":"https:\/\/mastorrencito.com\/cat\/wp-json\/wp\/v2\/posts\/4273\/revisions"}],"wp:featuredmedia":[{"embeddable":true,"href":"https:\/\/mastorrencito.com\/cat\/wp-json\/wp\/v2\/media\/4267"}],"wp:attachment":[{"href":"https:\/\/mastorrencito.com\/cat\/wp-json\/wp\/v2\/media?parent=4273"}],"wp:term":[{"taxonomy":"category","embeddable":true,"href":"https:\/\/mastorrencito.com\/cat\/wp-json\/wp\/v2\/categories?post=4273"},{"taxonomy":"post_tag","embeddable":true,"href":"https:\/\/mastorrencito.com\/cat\/wp-json\/wp\/v2\/tags?post=4273"}],"curies":[{"name":"wp","href":"https:\/\/api.w.org\/{rel}","templated":true}]}}