{"id":4253,"date":"2025-04-16T11:37:00","date_gmt":"2025-04-16T11:37:00","guid":{"rendered":"https:\/\/casaruralconperrosgirona.com\/vacaciones-con-mascota-en-girona-mastorrencito\/"},"modified":"2025-04-16T11:37:00","modified_gmt":"2025-04-16T11:37:00","slug":"vacances-amb-mascota-a-girona-mastorrencito","status":"publish","type":"post","link":"https:\/\/mastorrencito.com\/cat\/vacances-amb-mascota-a-girona-mastorrencito\/","title":{"rendered":"Escapada amb gossos a Girona: natura, relax i bones passejades"},"content":{"rendered":"\n<p><br>Tens ganes de desconnectar uns dies i no t&#8217;imagines fer-ho sense el teu company pelut? Si est\u00e0s organitzant unes vacances amb la teva mascota, a <strong>Mastorrencito<\/strong> t&#8217;ho posem f\u00e0cil: el nostre allotjament est\u00e0 pensat perqu\u00e8 us sentiu com a casa des del primer moment. <\/p>\n\n\n\n<h2 class=\"wp-block-heading\">Per qu\u00e8 escollir Mastorrencito per a unes vacances amb mascota?<\/h2>\n\n\n\n<p>Entre platges, muntanyes, pobles amb encant i molts plans a l&#8217;aire lliure, a <a href=\"https:\/\/mastorrencito.com\/\">Mastorrencito<\/a> ho tenim tot perqu\u00e8 gaudeixis amb el teu company de quatre potes.<\/p>\n\n\n\n<p>La Costa Brava \u00e9s una destinaci\u00f3 molt amigable amb els animals. Aqu\u00ed no nom\u00e9s hi ha espais naturals on poden c\u00f3rrer i jugar, tamb\u00e9 hi trobar\u00e0s bars i restaurants que els reben amb els bra\u00e7os oberts. Qu\u00e8 hi trobar\u00e0s?  <\/p>\n\n\n\n<ul class=\"wp-block-list\">\n<li><strong>Platges<\/strong> per passejar amb gossos, com la de Sant Pol o la de Pals.<\/li>\n<\/ul>\n\n\n\n<ul class=\"wp-block-list\">\n<li><strong>Camins i rutes de muntanya<\/strong> pel Parc Natural de la Zona Volc\u00e0nica de la Garrotxa o la Costa Brava.<\/li>\n<\/ul>\n\n\n\n<ul class=\"wp-block-list\">\n<li><strong>Terrasses i restaurants pet-friendly<\/strong>, perfectes per gaudir amb la companyia del teu gos.<\/li>\n<\/ul>\n\n\n\n<h2 class=\"wp-block-heading\">Mastorrencito: un allotjament que pensa en tots<\/h2>\n\n\n\n<p>A <strong>Mastorrencito<\/strong> sabem com n&#8217;\u00e9s d&#8217;important sentir-se c\u00f2mode quan viatges amb la teva mascota. Per aix\u00f2, ho tenim tot preparat perqu\u00e8 no falti de res: espais perqu\u00e8 corri lliurement, llits i menjadores disponibles, ombra, aigua fresca i molt d&#8217;espai a l&#8217;aire lliure. I si teniu dubtes sobre on anar o qu\u00e8 fer, tamb\u00e9 us assessorem amb idees i recomanacions adaptades al vostre viatge.  <\/p>\n\n\n\n<h3 class=\"wp-block-heading\"><strong>Plans que podeu fer junts a Girona<\/strong><\/h3>\n\n\n\n<p>Aqu\u00ed van algunes idees per aprofitar al m\u00e0xim les vacances amb mascota:<\/p>\n\n\n\n<h3 class=\"wp-block-heading\"><strong>1. Platges amb encant a la Costa Brava<\/strong><\/h3>\n\n\n\n<p>Algunes platges permeten l&#8217;acc\u00e9s a gossos fora dels mesos m\u00e9s concorreguts. Per exemple, Sant Pol (a Sant Feliu de Gu\u00edxols) o Platja del Rac\u00f3 (a Calella de Palafrugell) s\u00f3n ideals per fer llargues passejades al costat del mar. <\/p>\n\n\n\n<h3 class=\"wp-block-heading\"><strong>2. Excursions en plena natura<\/strong><\/h3>\n\n\n\n<p>A la Garrotxa podeu rec\u00f3rrer rutes com la del volc\u00e0 Croscat o la de Santa Margarida, sempre envoltat de paisatges espectaculars i senders tranquils on el vostre gos tamb\u00e9 gaudir\u00e0.<\/p>\n\n\n\n<h3 class=\"wp-block-heading\"><strong>3. Pobles que semblen de conte<\/strong><\/h3>\n\n\n\n<p>Passejar per llocs com Pals, Peratallada o Besal\u00fa \u00e9s una experi\u00e8ncia que combina hist\u00f2ria, arquitectura i tranquil\u00b7litat. I el millor: molts bars i terrasses permeten que el teu gos t&#8217;acompanyi mentre prens alguna cosa. <\/p>\n\n\n\n<h3 class=\"wp-block-heading\"><strong>4. Menjar b\u00e9 sense deixar el teu pelut fora<\/strong><\/h3>\n\n\n\n<p>A restaurants com <strong>El Cau del Llop<\/strong> , a Sant Feliu de Gu\u00edxols, o <strong>Can Roca<\/strong> a Girona, pots gaudir de la gastronomia local sense haver de deixar el teu pelut fora.<\/p>\n\n\n\n<h2 class=\"wp-block-heading\">El pla perfecte comen\u00e7a amb un allotjament ideal<\/h2>\n\n\n\n<p>En definitiva, viatjar amb la teva mascota ja no ha de ser complicat. Si tries b\u00e9 el dest\u00ed i t&#8217;allotges a <strong>Mastorrencito<\/strong>, nom\u00e9s t&#8217;has de preocupar d&#8217;una cosa: gaudir!<\/p>\n\n\n\n<p>Si vols, pot veure els nostres <strong>bons per caps de setmana<\/strong> un preu incre\u00efble.. entra i <a href=\"https:\/\/mastorrencito.com\/bonos-experiencias\/\" target=\"_blank\" rel=\"noreferrer noopener\">RESERVA<\/a>!<\/p>\n\n\n\n<p><\/p>\n","protected":false},"excerpt":{"rendered":"<p>Tens ganes de desconnectar uns dies i no t&#8217;imagines fer-ho sense el teu company pelut? Si est\u00e0s organitzant unes vacances amb la teva mascota, a Mastorrencito t&#8217;ho posem f\u00e0cil: el nostre allotjament est\u00e0 pensat perqu\u00e8 us sentiu com a casa des del primer moment. Per qu\u00e8 escollir Mastorrencito per a unes vacances amb mascota? Entre [&hellip;]<\/p>\n","protected":false},"author":2,"featured_media":2965,"comment_status":"open","ping_status":"closed","sticky":false,"template":"","format":"standard","meta":{"_acf_changed":false,"footnotes":""},"categories":[32],"tags":[],"class_list":["post-4253","post","type-post","status-publish","format-standard","has-post-thumbnail","hentry","category-vacances-amb-gossos"],"yoast_head":"<!-- This site is optimized with the Yoast SEO Premium plugin v27.3 (Yoast SEO v27.5) - https:\/\/yoast.com\/product\/yoast-seo-premium-wordpress\/ -->\n<title>Vacances amb mascota a Girona | Mastorrencito<\/title>\n<meta name=\"description\" content=\"Vacances amb mascota a Mastorrencito: qu\u00e8 veure, on dormir i com gaudir al m\u00e0xim amb el teu gos. Reserva amb les nostres ofertes!\" \/>\n<meta name=\"robots\" content=\"index, follow, max-snippet:-1, max-image-preview:large, max-video-preview:-1\" \/>\n<link rel=\"canonical\" href=\"https:\/\/mastorrencito.com\/cat\/vacances-amb-mascota-a-girona-mastorrencito\/\" \/>\n<meta property=\"og:locale\" content=\"es_ES\" \/>\n<meta property=\"og:type\" content=\"article\" \/>\n<meta property=\"og:title\" content=\"Escapada amb gossos a Girona: natura, relax i bones passejades\" \/>\n<meta property=\"og:description\" content=\"Vacances amb mascota a Mastorrencito: qu\u00e8 veure, on dormir i com gaudir al m\u00e0xim amb el teu gos. Reserva amb les nostres ofertes!\" \/>\n<meta property=\"og:url\" content=\"https:\/\/mastorrencito.com\/cat\/vacances-amb-mascota-a-girona-mastorrencito\/\" \/>\n<meta property=\"og:site_name\" content=\"Mas Torrencito CAT\" \/>\n<meta property=\"article:published_time\" content=\"2025-04-16T11:37:00+00:00\" \/>\n<meta property=\"og:image\" content=\"https:\/\/mastorrencito.com\/cat\/wp-content\/uploads\/sites\/3\/11_TTF7708_W-scaled-1.jpg\" \/>\n\t<meta property=\"og:image:width\" content=\"2560\" \/>\n\t<meta property=\"og:image:height\" content=\"1707\" \/>\n\t<meta property=\"og:image:type\" content=\"image\/jpeg\" \/>\n<meta name=\"author\" content=\"Mastorrencito\" \/>\n<meta name=\"twitter:card\" content=\"summary_large_image\" \/>\n<meta name=\"twitter:label1\" content=\"Escrito por\" \/>\n\t<meta name=\"twitter:data1\" content=\"Mastorrencito\" \/>\n\t<meta name=\"twitter:label2\" content=\"Tiempo de lectura\" \/>\n\t<meta name=\"twitter:data2\" content=\"3 minutos\" \/>\n<script type=\"application\/ld+json\" class=\"yoast-schema-graph\">{\"@context\":\"https:\\\/\\\/schema.org\",\"@graph\":[{\"@type\":\"Article\",\"@id\":\"https:\\\/\\\/mastorrencito.com\\\/cat\\\/vacances-amb-mascota-a-girona-mastorrencito\\\/#article\",\"isPartOf\":{\"@id\":\"https:\\\/\\\/mastorrencito.com\\\/cat\\\/vacances-amb-mascota-a-girona-mastorrencito\\\/\"},\"author\":{\"name\":\"Mastorrencito\",\"@id\":\"https:\\\/\\\/mastorrencito.com\\\/#\\\/schema\\\/person\\\/18c619be80d4ae2667c702911625f790\"},\"headline\":\"Escapada amb gossos a Girona: natura, relax i bones passejades\",\"datePublished\":\"2025-04-16T11:37:00+00:00\",\"mainEntityOfPage\":{\"@id\":\"https:\\\/\\\/mastorrencito.com\\\/cat\\\/vacances-amb-mascota-a-girona-mastorrencito\\\/\"},\"wordCount\":509,\"commentCount\":0,\"publisher\":{\"@id\":\"https:\\\/\\\/mastorrencito.com\\\/#organization\"},\"image\":{\"@id\":\"https:\\\/\\\/mastorrencito.com\\\/cat\\\/vacances-amb-mascota-a-girona-mastorrencito\\\/#primaryimage\"},\"thumbnailUrl\":\"https:\\\/\\\/mastorrencito.com\\\/cat\\\/wp-content\\\/uploads\\\/sites\\\/3\\\/11_TTF7708_W-scaled-1.jpg\",\"articleSection\":[\"Vacances amb gossos\"],\"inLanguage\":\"es\",\"potentialAction\":[{\"@type\":\"CommentAction\",\"name\":\"Comment\",\"target\":[\"https:\\\/\\\/mastorrencito.com\\\/cat\\\/vacances-amb-mascota-a-girona-mastorrencito\\\/#respond\"]}]},{\"@type\":\"WebPage\",\"@id\":\"https:\\\/\\\/mastorrencito.com\\\/cat\\\/vacances-amb-mascota-a-girona-mastorrencito\\\/\",\"url\":\"https:\\\/\\\/mastorrencito.com\\\/cat\\\/vacances-amb-mascota-a-girona-mastorrencito\\\/\",\"name\":\"Vacances amb mascota a Girona | Mastorrencito\",\"isPartOf\":{\"@id\":\"https:\\\/\\\/mastorrencito.com\\\/#website\"},\"primaryImageOfPage\":{\"@id\":\"https:\\\/\\\/mastorrencito.com\\\/cat\\\/vacances-amb-mascota-a-girona-mastorrencito\\\/#primaryimage\"},\"image\":{\"@id\":\"https:\\\/\\\/mastorrencito.com\\\/cat\\\/vacances-amb-mascota-a-girona-mastorrencito\\\/#primaryimage\"},\"thumbnailUrl\":\"https:\\\/\\\/mastorrencito.com\\\/cat\\\/wp-content\\\/uploads\\\/sites\\\/3\\\/11_TTF7708_W-scaled-1.jpg\",\"datePublished\":\"2025-04-16T11:37:00+00:00\",\"description\":\"Vacances amb mascota a Mastorrencito: qu\u00e8 veure, on dormir i com gaudir al m\u00e0xim amb el teu gos. Reserva amb les nostres ofertes!\",\"breadcrumb\":{\"@id\":\"https:\\\/\\\/mastorrencito.com\\\/cat\\\/vacances-amb-mascota-a-girona-mastorrencito\\\/#breadcrumb\"},\"inLanguage\":\"es\",\"potentialAction\":[{\"@type\":\"ReadAction\",\"target\":[\"https:\\\/\\\/mastorrencito.com\\\/cat\\\/vacances-amb-mascota-a-girona-mastorrencito\\\/\"]}]},{\"@type\":\"ImageObject\",\"inLanguage\":\"es\",\"@id\":\"https:\\\/\\\/mastorrencito.com\\\/cat\\\/vacances-amb-mascota-a-girona-mastorrencito\\\/#primaryimage\",\"url\":\"https:\\\/\\\/mastorrencito.com\\\/cat\\\/wp-content\\\/uploads\\\/sites\\\/3\\\/11_TTF7708_W-scaled-1.jpg\",\"contentUrl\":\"https:\\\/\\\/mastorrencito.com\\\/cat\\\/wp-content\\\/uploads\\\/sites\\\/3\\\/11_TTF7708_W-scaled-1.jpg\",\"width\":2560,\"height\":1707,\"caption\":\"MasTorrencito turismo rural petfriendly Girona\"},{\"@type\":\"BreadcrumbList\",\"@id\":\"https:\\\/\\\/mastorrencito.com\\\/cat\\\/vacances-amb-mascota-a-girona-mastorrencito\\\/#breadcrumb\",\"itemListElement\":[{\"@type\":\"ListItem\",\"position\":1,\"name\":\"Portada\",\"item\":\"https:\\\/\\\/mastorrencito.com\\\/\"},{\"@type\":\"ListItem\",\"position\":2,\"name\":\"Escapada amb gossos a Girona: natura, relax i bones passejades\"}]},{\"@type\":\"WebSite\",\"@id\":\"https:\\\/\\\/mastorrencito.com\\\/#website\",\"url\":\"https:\\\/\\\/mastorrencito.com\\\/\",\"name\":\"Mas Torrencito CAT\",\"description\":\"Casa rural pet friendly en Girona\",\"publisher\":{\"@id\":\"https:\\\/\\\/mastorrencito.com\\\/#organization\"},\"potentialAction\":[{\"@type\":\"SearchAction\",\"target\":{\"@type\":\"EntryPoint\",\"urlTemplate\":\"https:\\\/\\\/mastorrencito.com\\\/?s={search_term_string}\"},\"query-input\":{\"@type\":\"PropertyValueSpecification\",\"valueRequired\":true,\"valueName\":\"search_term_string\"}}],\"inLanguage\":\"es\"},{\"@type\":\"Organization\",\"@id\":\"https:\\\/\\\/mastorrencito.com\\\/#organization\",\"name\":\"Mas Torrencito CAT\",\"url\":\"https:\\\/\\\/mastorrencito.com\\\/\",\"logo\":{\"@type\":\"ImageObject\",\"inLanguage\":\"es\",\"@id\":\"https:\\\/\\\/mastorrencito.com\\\/#\\\/schema\\\/logo\\\/image\\\/\",\"url\":\"https:\\\/\\\/mastorrencito.com\\\/cat\\\/wp-content\\\/uploads\\\/sites\\\/3\\\/Logo-Mastorrencito-horizontal.webp\",\"contentUrl\":\"https:\\\/\\\/mastorrencito.com\\\/cat\\\/wp-content\\\/uploads\\\/sites\\\/3\\\/Logo-Mastorrencito-horizontal.webp\",\"width\":161,\"height\":54,\"caption\":\"Mas Torrencito CAT\"},\"image\":{\"@id\":\"https:\\\/\\\/mastorrencito.com\\\/#\\\/schema\\\/logo\\\/image\\\/\"}},{\"@type\":\"Person\",\"@id\":\"https:\\\/\\\/mastorrencito.com\\\/#\\\/schema\\\/person\\\/18c619be80d4ae2667c702911625f790\",\"name\":\"Mastorrencito\",\"image\":{\"@type\":\"ImageObject\",\"inLanguage\":\"es\",\"@id\":\"https:\\\/\\\/secure.gravatar.com\\\/avatar\\\/3ef55e0519f987a734c21caee1423b51df7b760b7d81a38ecd31cab0a5115f6d?s=96&d=mm&r=g\",\"url\":\"https:\\\/\\\/secure.gravatar.com\\\/avatar\\\/3ef55e0519f987a734c21caee1423b51df7b760b7d81a38ecd31cab0a5115f6d?s=96&d=mm&r=g\",\"contentUrl\":\"https:\\\/\\\/secure.gravatar.com\\\/avatar\\\/3ef55e0519f987a734c21caee1423b51df7b760b7d81a38ecd31cab0a5115f6d?s=96&d=mm&r=g\",\"caption\":\"Mastorrencito\"},\"url\":\"https:\\\/\\\/mastorrencito.com\\\/cat\\\/author\\\/mastorrencito\\\/\"}]}<\/script>\n<!-- \/ Yoast SEO Premium plugin. -->","yoast_head_json":{"title":"Vacances amb mascota a Girona | Mastorrencito","description":"Vacances amb mascota a Mastorrencito: qu\u00e8 veure, on dormir i com gaudir al m\u00e0xim amb el teu gos. Reserva amb les nostres ofertes!","robots":{"index":"index","follow":"follow","max-snippet":"max-snippet:-1","max-image-preview":"max-image-preview:large","max-video-preview":"max-video-preview:-1"},"canonical":"https:\/\/mastorrencito.com\/cat\/vacances-amb-mascota-a-girona-mastorrencito\/","og_locale":"es_ES","og_type":"article","og_title":"Escapada amb gossos a Girona: natura, relax i bones passejades","og_description":"Vacances amb mascota a Mastorrencito: qu\u00e8 veure, on dormir i com gaudir al m\u00e0xim amb el teu gos. Reserva amb les nostres ofertes!","og_url":"https:\/\/mastorrencito.com\/cat\/vacances-amb-mascota-a-girona-mastorrencito\/","og_site_name":"Mas Torrencito CAT","article_published_time":"2025-04-16T11:37:00+00:00","og_image":[{"width":2560,"height":1707,"url":"https:\/\/mastorrencito.com\/cat\/wp-content\/uploads\/sites\/3\/11_TTF7708_W-scaled-1.jpg","type":"image\/jpeg"}],"author":"Mastorrencito","twitter_card":"summary_large_image","twitter_misc":{"Escrito por":"Mastorrencito","Tiempo de lectura":"3 minutos"},"schema":{"@context":"https:\/\/schema.org","@graph":[{"@type":"Article","@id":"https:\/\/mastorrencito.com\/cat\/vacances-amb-mascota-a-girona-mastorrencito\/#article","isPartOf":{"@id":"https:\/\/mastorrencito.com\/cat\/vacances-amb-mascota-a-girona-mastorrencito\/"},"author":{"name":"Mastorrencito","@id":"https:\/\/mastorrencito.com\/#\/schema\/person\/18c619be80d4ae2667c702911625f790"},"headline":"Escapada amb gossos a Girona: natura, relax i bones passejades","datePublished":"2025-04-16T11:37:00+00:00","mainEntityOfPage":{"@id":"https:\/\/mastorrencito.com\/cat\/vacances-amb-mascota-a-girona-mastorrencito\/"},"wordCount":509,"commentCount":0,"publisher":{"@id":"https:\/\/mastorrencito.com\/#organization"},"image":{"@id":"https:\/\/mastorrencito.com\/cat\/vacances-amb-mascota-a-girona-mastorrencito\/#primaryimage"},"thumbnailUrl":"https:\/\/mastorrencito.com\/cat\/wp-content\/uploads\/sites\/3\/11_TTF7708_W-scaled-1.jpg","articleSection":["Vacances amb gossos"],"inLanguage":"es","potentialAction":[{"@type":"CommentAction","name":"Comment","target":["https:\/\/mastorrencito.com\/cat\/vacances-amb-mascota-a-girona-mastorrencito\/#respond"]}]},{"@type":"WebPage","@id":"https:\/\/mastorrencito.com\/cat\/vacances-amb-mascota-a-girona-mastorrencito\/","url":"https:\/\/mastorrencito.com\/cat\/vacances-amb-mascota-a-girona-mastorrencito\/","name":"Vacances amb mascota a Girona | Mastorrencito","isPartOf":{"@id":"https:\/\/mastorrencito.com\/#website"},"primaryImageOfPage":{"@id":"https:\/\/mastorrencito.com\/cat\/vacances-amb-mascota-a-girona-mastorrencito\/#primaryimage"},"image":{"@id":"https:\/\/mastorrencito.com\/cat\/vacances-amb-mascota-a-girona-mastorrencito\/#primaryimage"},"thumbnailUrl":"https:\/\/mastorrencito.com\/cat\/wp-content\/uploads\/sites\/3\/11_TTF7708_W-scaled-1.jpg","datePublished":"2025-04-16T11:37:00+00:00","description":"Vacances amb mascota a Mastorrencito: qu\u00e8 veure, on dormir i com gaudir al m\u00e0xim amb el teu gos. Reserva amb les nostres ofertes!","breadcrumb":{"@id":"https:\/\/mastorrencito.com\/cat\/vacances-amb-mascota-a-girona-mastorrencito\/#breadcrumb"},"inLanguage":"es","potentialAction":[{"@type":"ReadAction","target":["https:\/\/mastorrencito.com\/cat\/vacances-amb-mascota-a-girona-mastorrencito\/"]}]},{"@type":"ImageObject","inLanguage":"es","@id":"https:\/\/mastorrencito.com\/cat\/vacances-amb-mascota-a-girona-mastorrencito\/#primaryimage","url":"https:\/\/mastorrencito.com\/cat\/wp-content\/uploads\/sites\/3\/11_TTF7708_W-scaled-1.jpg","contentUrl":"https:\/\/mastorrencito.com\/cat\/wp-content\/uploads\/sites\/3\/11_TTF7708_W-scaled-1.jpg","width":2560,"height":1707,"caption":"MasTorrencito turismo rural petfriendly Girona"},{"@type":"BreadcrumbList","@id":"https:\/\/mastorrencito.com\/cat\/vacances-amb-mascota-a-girona-mastorrencito\/#breadcrumb","itemListElement":[{"@type":"ListItem","position":1,"name":"Portada","item":"https:\/\/mastorrencito.com\/"},{"@type":"ListItem","position":2,"name":"Escapada amb gossos a Girona: natura, relax i bones passejades"}]},{"@type":"WebSite","@id":"https:\/\/mastorrencito.com\/#website","url":"https:\/\/mastorrencito.com\/","name":"Mas Torrencito CAT","description":"Casa rural pet friendly en Girona","publisher":{"@id":"https:\/\/mastorrencito.com\/#organization"},"potentialAction":[{"@type":"SearchAction","target":{"@type":"EntryPoint","urlTemplate":"https:\/\/mastorrencito.com\/?s={search_term_string}"},"query-input":{"@type":"PropertyValueSpecification","valueRequired":true,"valueName":"search_term_string"}}],"inLanguage":"es"},{"@type":"Organization","@id":"https:\/\/mastorrencito.com\/#organization","name":"Mas Torrencito CAT","url":"https:\/\/mastorrencito.com\/","logo":{"@type":"ImageObject","inLanguage":"es","@id":"https:\/\/mastorrencito.com\/#\/schema\/logo\/image\/","url":"https:\/\/mastorrencito.com\/cat\/wp-content\/uploads\/sites\/3\/Logo-Mastorrencito-horizontal.webp","contentUrl":"https:\/\/mastorrencito.com\/cat\/wp-content\/uploads\/sites\/3\/Logo-Mastorrencito-horizontal.webp","width":161,"height":54,"caption":"Mas Torrencito CAT"},"image":{"@id":"https:\/\/mastorrencito.com\/#\/schema\/logo\/image\/"}},{"@type":"Person","@id":"https:\/\/mastorrencito.com\/#\/schema\/person\/18c619be80d4ae2667c702911625f790","name":"Mastorrencito","image":{"@type":"ImageObject","inLanguage":"es","@id":"https:\/\/secure.gravatar.com\/avatar\/3ef55e0519f987a734c21caee1423b51df7b760b7d81a38ecd31cab0a5115f6d?s=96&d=mm&r=g","url":"https:\/\/secure.gravatar.com\/avatar\/3ef55e0519f987a734c21caee1423b51df7b760b7d81a38ecd31cab0a5115f6d?s=96&d=mm&r=g","contentUrl":"https:\/\/secure.gravatar.com\/avatar\/3ef55e0519f987a734c21caee1423b51df7b760b7d81a38ecd31cab0a5115f6d?s=96&d=mm&r=g","caption":"Mastorrencito"},"url":"https:\/\/mastorrencito.com\/cat\/author\/mastorrencito\/"}]}},"acf":[],"_links":{"self":[{"href":"https:\/\/mastorrencito.com\/cat\/wp-json\/wp\/v2\/posts\/4253","targetHints":{"allow":["GET"]}}],"collection":[{"href":"https:\/\/mastorrencito.com\/cat\/wp-json\/wp\/v2\/posts"}],"about":[{"href":"https:\/\/mastorrencito.com\/cat\/wp-json\/wp\/v2\/types\/post"}],"author":[{"embeddable":true,"href":"https:\/\/mastorrencito.com\/cat\/wp-json\/wp\/v2\/users\/2"}],"replies":[{"embeddable":true,"href":"https:\/\/mastorrencito.com\/cat\/wp-json\/wp\/v2\/comments?post=4253"}],"version-history":[{"count":0,"href":"https:\/\/mastorrencito.com\/cat\/wp-json\/wp\/v2\/posts\/4253\/revisions"}],"wp:featuredmedia":[{"embeddable":true,"href":"https:\/\/mastorrencito.com\/cat\/wp-json\/wp\/v2\/media\/2965"}],"wp:attachment":[{"href":"https:\/\/mastorrencito.com\/cat\/wp-json\/wp\/v2\/media?parent=4253"}],"wp:term":[{"taxonomy":"category","embeddable":true,"href":"https:\/\/mastorrencito.com\/cat\/wp-json\/wp\/v2\/categories?post=4253"},{"taxonomy":"post_tag","embeddable":true,"href":"https:\/\/mastorrencito.com\/cat\/wp-json\/wp\/v2\/tags?post=4253"}],"curies":[{"name":"wp","href":"https:\/\/api.w.org\/{rel}","templated":true}]}}