{"id":4214,"date":"2025-05-15T04:49:22","date_gmt":"2025-05-15T04:49:22","guid":{"rendered":"https:\/\/casaruralconperrosgirona.com\/%f0%9f%8e%81-la-historia-de-la-guanyadora-que-volia-el-premi-a-bizum-%f0%9f%98%82-spoiler-no\/"},"modified":"2025-05-15T04:49:22","modified_gmt":"2025-05-15T04:49:22","slug":"%f0%9f%8e%81-la-historia-de-la-guanyadora-que-volia-el-premi-a-bizum-%f0%9f%98%82-spoiler-no","status":"publish","type":"post","link":"https:\/\/mastorrencito.com\/cat\/%f0%9f%8e%81-la-historia-de-la-guanyadora-que-volia-el-premi-a-bizum-%f0%9f%98%82-spoiler-no\/","title":{"rendered":"\ud83c\udf81 La hist\u00f2ria de la guanyadora que volia el premi a BIZUM \ud83d\ude02 (Spoiler: NO)"},"content":{"rendered":"\n<p>Ai mare meva el que us porto avui! Aix\u00f2 cal explicar-ho perqu\u00e8 si no rebento&#8230; \ud83d\ude05 <\/p>\n\n<p>Com sabeu, a <strong>Mas Torrencito<\/strong> fem sortejos tot l\u00b4any. Uns quants, no pocs. Que si estades per a tu i els teus peluts \ud83d\udc36 , que si experi\u00e8ncies \u00faniques per desconnectar entre setmana&#8230; vaja, regal\u00e0s pensats per a gent que estima els gossos, la tranquil\u00b7litat i les coses ben fetes. \u2764\ufe0f Per cert avui agra\u00efm a tots els participants del sorteig de @mastorrencito amb @Travelguau i felicitem a @Vicky.vic.84 , la guanyadora, que es va endur 4 nits a MasTorrencito per aquest estiu&#8230;     <\/p>\n\n<p>B\u00e9, doncs fa uns dies&#8230; sona el tel\u00e8fon \ud83d\udcde<\/p>\n\n<p>\u2014Hola, \u00bf parlo amb Mas Torrencito?<br \/> \u2014S\u00ed, digues-me<br \/> \u2014Mira, que s\u00f3c la guanyadora del sorteig de les dues nits d&#8217;allotjament&#8230;<br \/> \u2014\u00a1 Ah, enhorabona! \ud83e\udd73<br \/> \u2014S\u00ed\u2026 veur\u00e0s\u2026 \u00e9s que em ve fatal anar-hi i no em fan gaire gr\u00e0cia els gossos, la veritat&#8230; llavors,&#8230; em pots fer un Bizum pel valor del premi?<\/p>\n\n<p>\ud83d\ude36\ud83d\ude36\ud83d\ude36<\/p>\n\n<p>Perd\u00f3. QU\u00c8EEEE??? <\/p>\n\n<p>Aix\u00ed, com qui demana canvi per al pa. Sense despentinar-se \ud83e\udd11   <\/p>\n\n<p>A veure, estimada:<br \/><strong>Aix\u00f2 no \u00e9s El Preu Just.<\/strong><br \/> No \u00e9s un rasca i guanya de l&#8217;estanc.<br \/> No \u00e9s un tiquet regal de Zara.<br \/> \u00c9S UN SORTEIG!! I el premi \u00e9s <strong>una experi\u00e8ncia<\/strong> , no diners. <\/p>\n\n<p>Li explico, molt educadament, que no&#8230; que el premi <strong>no es canvia per diners<\/strong> ni per vals, ni per likes, ni per car\u00edcies. Que si no pot venir, doncs sent, ho sent molt i ho perd. I ja est\u00e0. \ud83e\udd37\u200d\u2642\ufe0f   <\/p>\n\n<p><\/p>\n<figure class=\"wp-block-post-featured-image\"><img fetchpriority=\"high\" decoding=\"async\" width=\"1536\" height=\"1024\" src=\"https:\/\/mastorrencito.com\/cat\/wp-content\/uploads\/sites\/3\/toonta.jpg\" class=\"attachment-post-thumbnail size-post-thumbnail wp-post-image\" alt=\"La Tonta del Bizum by MasTorrencito\" style=\"object-fit:cover;\" srcset=\"https:\/\/mastorrencito.com\/cat\/wp-content\/uploads\/sites\/3\/toonta.jpg 1536w, https:\/\/mastorrencito.com\/cat\/wp-content\/uploads\/sites\/3\/toonta-300x200.jpg 300w, https:\/\/mastorrencito.com\/cat\/wp-content\/uploads\/sites\/3\/toonta-1024x683.jpg 1024w, https:\/\/mastorrencito.com\/cat\/wp-content\/uploads\/sites\/3\/toonta-768x512.jpg 768w\" sizes=\"(max-width: 1536px) 100vw, 1536px\" \/><\/figure>\n<p>Per\u00f2 agafeu-vos&#8230; que em diu:<br \/> \u2014Doncs llavors ho venc.<\/p>\n\n<p>COMOOO?!!!<\/p>\n\n<p>Que si ho pot vendre, diu. Com si fos un microones.<br \/> I aqu\u00ed ja, us juro, se&#8217;m va inflar la vena del front com un globus de fira. \ud83c\udf88 <\/p>\n\n<p>Li vaig dir molt clar que NO.<br \/>\u274c Que els premis NO s\u00f3n \u200b\u200btransferibles.<br \/>\u274c Que si no ve ella, no hi pot venir ning\u00fa m\u00e9s.<br \/>\u274c Que no \u00e9s Wallapop ni TicketSwap ni res d&#8217;aix\u00f2.<\/p>\n\n<p>I aleshores comen\u00e7a:<br \/> \u2014\u00a1 Aix\u00f2 \u00e9s una estafa!<br \/> \u2014\u00a1 Us denunciar\u00e9 en xarxes!<br \/> \u2014\u00a1 Ho posar\u00e9 per tot arreu!<br \/> \u2014\u00a1 Sou uns lladres!<\/p>\n\n<p>I jo ja, amb tota la pau que em quedava al cos, li vaig dir:<\/p>\n\n<p>\u2014Mira, fes una cosa&#8230;<br \/> \u2014\u00bf Qu\u00e8?<br \/> \u2014 <strong>A la merda.<\/strong><br \/> I el vaig penjar.<\/p>\n\n<p>\ud83e\uddd8\u200d\u2642\ufe0f<\/p>\n\n<p>Des de llavors, ni den\u00fancia, ni publicaci\u00f3, ni res. Una de dues: o se li va passar l&#8217;enuig, o es va adonar que estava fent el rid\u00edcul. <\/p>\n\n<p>I tot aix\u00f2 em fa pensar\u2026 \ud83e\udd14<\/p>\n\n<h3 class=\"wp-block-heading\">Gent que participa sense saber qu\u00e8 hi participa: STOP JA! \ud83d\udeab<\/h3>\n\n<p>Si veus que el premi \u00e9s <strong>una estada de dues nits entre setmana<\/strong> , en un allotjament pet friendly, envoltat de natura, pensat per desconnectar&#8230; i tu ni pots, ni vols, ni t&#8217;agraden els gossos&#8230;<\/p>\n\n<p><strong>\u00a1\u00a1<\/strong> NO PARTICIPES \ud83d\ude24 <strong>CONY!<\/strong><\/p>\n\n<p>Perqu\u00e8 hi ha molta gent que S\u00cd ho vol. Que S\u00cd s&#8217;il\u00b7lusiona. Que S\u00cd ho aprofitaria. I tu els ho est\u00e0s traient per emplenar un formulari sense mirar. \ud83d\ude29<\/p>\n\n<p>I aix\u00f2 tamb\u00e9 va per als que despr\u00e9s volen canviar les dates, ficar m\u00e9s gent, portar el cunyat, els nens, els sogres, el gat, el canari\u2026 NO, AMIGA, NO!<br \/>\u00c9s per  <strong>dues persones, en habitaci\u00f3 doble, amb els gossos. <\/strong>  \ud83d\udc3e<\/p>\n\n<p>No us agraden els gossos?<br \/> No pots viatjar entre setmana?<br \/> Creus que podr\u00e0s revendre el premi com si fos un iPhone?<br \/> Aleshores aquest no \u00e9s el teu sorteig.<br \/> V\u00e9s-te&#8217;n al del robot de cuina. Al de la cafetera. Al de la cistella d&#8217;embotits. \ud83c\udf56 Per\u00f2 <strong>no al de Mas Torrencito.<\/strong>   <\/p>\n\n<p>Aqu\u00ed sortegem alguna cosa que va m\u00e9s enll\u00e0 de \u201cguanyar alguna cosa\u201d. \u00c9s per desconnectar, gaudir, compartir amb els teus peluts i viure una estona bonica. Per\u00f2 no t&#8217;hi apuntis!   <\/p>\n\n<p>Fi del desfogament.<\/p>\n\n<p>Gr\u00e0cies per venir a la meva xerrada TED rural, i si us plau: <strong>llegeix b\u00e9 abans de participar-hi.<\/strong><br \/> I que guanyin els que de deb\u00f2 ho volen! \ud83d\udc9a \ud83d\udc36 <\/p>\n\n<hr class=\"wp-block-separator has-alpha-channel-opacity\" \/>\n\n<h3 class=\"wp-block-heading\">\ud83e\udd21 L&#8217;era daurada del \u00abParticip per participar\u00bb (i si guanyo, ja veur\u00e9 qu\u00e8 faig)<\/h3>\n\n<p>Vivim temps meravellosos. Temps en qu\u00e8 la gent no llegeix, no escolta, no ent\u00e9n&#8230; per\u00f2 <strong>hi participa<\/strong> . Perqu\u00e8 per qu\u00e8 informar-se quan pots fer clic com un ximpanz\u00e9 entrenat i esperar que caigui del cel una estada a la Toscana, una Thermomix o una casa a la platja? \ud83e\udde0 \u2728   <\/p>\n\n<p>Per\u00f2 \u00e9s clar, despr\u00e9s arriba el gir de gui\u00f3:<br \/> \u201cHe guanyat dues nits en un allotjament rural per anar amb els meus gossos?\u201d<br \/><em>\u2014Jo no tinc gos.<\/em><br \/> \u2014 <em>Jo treballo entre setmana.<\/em><br \/> &#8211; <em>Jo nom\u00e9s volia guanyar alguna cosa, el que sigui.<\/em><br \/> \u2014 <em>Em fas un Bizum?<\/em><\/p>\n\n<p>I aqu\u00ed hi ha el cor del drama modern: gent <strong>acostumada que tot s&#8217;adapti al seu caprici<\/strong> , encara que no en tingui ni idea del que est\u00e0 demanant. O pitjor encara: gent que creu que pot participar en qualsevol cosa perqu\u00e8 total, \u201cja veur\u00e9 com ho arregla si guanyo\u201d. <\/p>\n\n<p>Escolta, t&#8217;ha tocat un creuer pel B\u00e0ltic i tu tens vertigen, al\u00b7l\u00e8rgia al salnitre i n\u00e0usees per moviment?<br \/>NO PASSA RES: ven-ho, canvia&#8217;l, subhasta&#8217;l per Wallapop o digues-li a l&#8217;organitzador que millor et transfereixi l&#8217;equivalent en carburant \ud83d\udea2 \ud83d\udcb8 <\/p>\n\n<p>Perqu\u00e8 \u00e9s clar, qui et creus tu que ets per donar un premi que no es pugui monetitzar? Un rom\u00e0ntic del bescanvi emocional? Un idealista de les experi\u00e8ncies?  <br \/><strong>Si us plau. Que aix\u00f2 \u00e9s Instagram, no la casa de Heidi. <\/strong><\/p>\n\n<p>La culpa, en part, \u00e9s de nosaltres mateixos: ens hem acostumat a regalar coses bones i assumir que tothom ent\u00e9n qu\u00e8 significa \u00abno transferible\u00bb, \u00abper a dues persones\u00bb, \u00abentre setmana\u00bb, o \u2014agafa&#8217;t\u2014 \u00abacompanyat de gossos\u00bb. \ud83d\udc15\u200d\ud83e\uddba <\/p>\n\n<p>Per\u00f2 no. \u00c9s molt demanar.<\/p>\n\n<p>Perqu\u00e8 a l&#8217;univers paral\u00b7lel on viuen alguns, tot \u00e9s negociable: les normes, les dates, la l\u00f2gica&#8230; fins al sentit com\u00fa. I si els dius que no, s&#8217;ofenen. Et diuen estafador. T&#8217;amenacen amb xarxes socials (on ja hi ha m\u00e9s fiscals que influencers). I tu, que nom\u00e9s volies regalar alguna cosa bonica, acabes dient-los: \u201ca la merda\u201d. I penjant. \u260e\ufe0f      <\/p>\n\n<p><strong>Morella sat\u00edrica del dia:<\/strong><br \/> Si participar\u00e0s en un sorteig sense saber ni qu\u00e8 \u00e9s, almenys tingues la dec\u00e8ncia de no guanyar. Perqu\u00e8 ja prou tenim amb les factures com per sobre haver de fer pedagogia b\u00e0sica amb adults confosos que creuen que un premi \u00e9s una targeta regal del Corte Ingl\u00e9s. <\/p>\n\n<p>I si et toca i no en pots gaudir, l&#8217;\u00fanic que has de fer \u00e9s una cosa molt dif\u00edcil en aquests temps:<\/p>\n\n<p><strong>Renunciar amb dignitat.<\/strong><\/p>\n\n<p>Que aix\u00f2, avui dia, val m\u00e9s que el premi.<\/p>\n\n<p>Des de MasTorrencito et desitgem un bon dia i que els teus gossos t&#8217;acompanyin!!<\/p>\n\n<p>\u2014\u2013<br \/> Si vols, pot veure els nostres bons per <a href=\"https:\/\/mastorrencito.com\/\" target=\"_blank\" rel=\"noreferrer noopener\">a<\/a> <strong>caps de setmana, bons jubilats<\/strong> , a un preu incre\u00efble.. entra a <a href=\"https:\/\/www.mastorrencito.com\/\">www.mastorrencito.com<\/a> o si vols podeu llegir m\u00e9s hist\u00f2ria i an\u00e8cdotes que ens <a href=\"https:\/\/mastorrencito.com\/es\/\">han<\/a> passat a MasTorrencito\u2026 Clickea aqui\u2026<\/p>\n","protected":false},"excerpt":{"rendered":"<p>Ai mare meva el que us porto avui! Aix\u00f2 cal explicar-ho perqu\u00e8 si no rebento&#8230; \ud83d\ude05 Com sabeu, a Mas Torrencito fem sortejos tot l\u00b4any. Uns quants, no pocs. Que si estades per a tu i els teus peluts \ud83d\udc36 , que si experi\u00e8ncies \u00faniques per desconnectar entre setmana&#8230; vaja, regal\u00e0s pensats per a gent [&hellip;]<\/p>\n","protected":false},"author":2,"featured_media":4208,"comment_status":"open","ping_status":"closed","sticky":false,"template":"","format":"standard","meta":{"_acf_changed":false,"footnotes":""},"categories":[35],"tags":[],"class_list":["post-4214","post","type-post","status-publish","format-standard","has-post-thumbnail","hentry","category-histories-mastorrencito"],"yoast_head":"<!-- This site is optimized with the Yoast SEO Premium plugin v27.3 (Yoast SEO v27.4) - https:\/\/yoast.com\/product\/yoast-seo-premium-wordpress\/ -->\n<title>La hist\u00f2ria de la guanyadora que volia el premi a BIZUM<\/title>\n<meta name=\"description\" content=\"I \u00e9s que de veritat, la gent cada dia em sorpr\u00e8n m\u00e9s... MI, per MI, i per MI... La hist\u00f2ria de la guanyadora que volia el premi a BIZUM\" \/>\n<meta name=\"robots\" content=\"index, follow, max-snippet:-1, max-image-preview:large, max-video-preview:-1\" \/>\n<link rel=\"canonical\" href=\"https:\/\/mastorrencito.com\/cat\/\ud83c\udf81-la-historia-de-la-guanyadora-que-volia-el-premi-a-bizum-\ud83d\ude02-spoiler-no\/\" \/>\n<meta property=\"og:locale\" content=\"es_ES\" \/>\n<meta property=\"og:type\" content=\"article\" \/>\n<meta property=\"og:title\" content=\"\ud83c\udf81 La hist\u00f2ria de la guanyadora que volia el premi a BIZUM \ud83d\ude02 (Spoiler: NO)\" \/>\n<meta property=\"og:description\" content=\"I \u00e9s que de veritat, la gent cada dia em sorpr\u00e8n m\u00e9s... MI, per MI, i per MI... La hist\u00f2ria de la guanyadora que volia el premi a BIZUM\" \/>\n<meta property=\"og:url\" content=\"https:\/\/mastorrencito.com\/cat\/\ud83c\udf81-la-historia-de-la-guanyadora-que-volia-el-premi-a-bizum-\ud83d\ude02-spoiler-no\/\" \/>\n<meta property=\"og:site_name\" content=\"Mas Torrencito CAT\" \/>\n<meta property=\"article:published_time\" content=\"2025-05-15T04:49:22+00:00\" \/>\n<meta property=\"og:image\" content=\"https:\/\/mastorrencito.com\/cat\/wp-content\/uploads\/sites\/3\/toonta.jpg\" \/>\n\t<meta property=\"og:image:width\" content=\"1536\" \/>\n\t<meta property=\"og:image:height\" content=\"1024\" \/>\n\t<meta property=\"og:image:type\" content=\"image\/jpeg\" \/>\n<meta name=\"author\" content=\"Mastorrencito\" \/>\n<meta name=\"twitter:card\" content=\"summary_large_image\" \/>\n<meta name=\"twitter:label1\" content=\"Escrito por\" \/>\n\t<meta name=\"twitter:data1\" content=\"Mastorrencito\" \/>\n\t<meta name=\"twitter:label2\" content=\"Tiempo de lectura\" \/>\n\t<meta name=\"twitter:data2\" content=\"6 minutos\" \/>\n<script type=\"application\/ld+json\" class=\"yoast-schema-graph\">{\"@context\":\"https:\\\/\\\/schema.org\",\"@graph\":[{\"@type\":\"Article\",\"@id\":\"https:\\\/\\\/mastorrencito.com\\\/cat\\\/%f0%9f%8e%81-la-historia-de-la-guanyadora-que-volia-el-premi-a-bizum-%f0%9f%98%82-spoiler-no\\\/#article\",\"isPartOf\":{\"@id\":\"https:\\\/\\\/mastorrencito.com\\\/cat\\\/%f0%9f%8e%81-la-historia-de-la-guanyadora-que-volia-el-premi-a-bizum-%f0%9f%98%82-spoiler-no\\\/\"},\"author\":{\"name\":\"Mastorrencito\",\"@id\":\"https:\\\/\\\/mastorrencito.com\\\/#\\\/schema\\\/person\\\/18c619be80d4ae2667c702911625f790\"},\"headline\":\"\ud83c\udf81 La hist\u00f2ria de la guanyadora que volia el premi a BIZUM \ud83d\ude02 (Spoiler: NO)\",\"datePublished\":\"2025-05-15T04:49:22+00:00\",\"mainEntityOfPage\":{\"@id\":\"https:\\\/\\\/mastorrencito.com\\\/cat\\\/%f0%9f%8e%81-la-historia-de-la-guanyadora-que-volia-el-premi-a-bizum-%f0%9f%98%82-spoiler-no\\\/\"},\"wordCount\":1166,\"commentCount\":0,\"publisher\":{\"@id\":\"https:\\\/\\\/mastorrencito.com\\\/#organization\"},\"image\":{\"@id\":\"https:\\\/\\\/mastorrencito.com\\\/cat\\\/%f0%9f%8e%81-la-historia-de-la-guanyadora-que-volia-el-premi-a-bizum-%f0%9f%98%82-spoiler-no\\\/#primaryimage\"},\"thumbnailUrl\":\"https:\\\/\\\/mastorrencito.com\\\/cat\\\/wp-content\\\/uploads\\\/sites\\\/3\\\/toonta.jpg\",\"articleSection\":[\"Hist\u00f2ries Mastorrencito\"],\"inLanguage\":\"es\",\"potentialAction\":[{\"@type\":\"CommentAction\",\"name\":\"Comment\",\"target\":[\"https:\\\/\\\/mastorrencito.com\\\/cat\\\/%f0%9f%8e%81-la-historia-de-la-guanyadora-que-volia-el-premi-a-bizum-%f0%9f%98%82-spoiler-no\\\/#respond\"]}]},{\"@type\":\"WebPage\",\"@id\":\"https:\\\/\\\/mastorrencito.com\\\/cat\\\/%f0%9f%8e%81-la-historia-de-la-guanyadora-que-volia-el-premi-a-bizum-%f0%9f%98%82-spoiler-no\\\/\",\"url\":\"https:\\\/\\\/mastorrencito.com\\\/cat\\\/%f0%9f%8e%81-la-historia-de-la-guanyadora-que-volia-el-premi-a-bizum-%f0%9f%98%82-spoiler-no\\\/\",\"name\":\"La hist\u00f2ria de la guanyadora que volia el premi a BIZUM\",\"isPartOf\":{\"@id\":\"https:\\\/\\\/mastorrencito.com\\\/#website\"},\"primaryImageOfPage\":{\"@id\":\"https:\\\/\\\/mastorrencito.com\\\/cat\\\/%f0%9f%8e%81-la-historia-de-la-guanyadora-que-volia-el-premi-a-bizum-%f0%9f%98%82-spoiler-no\\\/#primaryimage\"},\"image\":{\"@id\":\"https:\\\/\\\/mastorrencito.com\\\/cat\\\/%f0%9f%8e%81-la-historia-de-la-guanyadora-que-volia-el-premi-a-bizum-%f0%9f%98%82-spoiler-no\\\/#primaryimage\"},\"thumbnailUrl\":\"https:\\\/\\\/mastorrencito.com\\\/cat\\\/wp-content\\\/uploads\\\/sites\\\/3\\\/toonta.jpg\",\"datePublished\":\"2025-05-15T04:49:22+00:00\",\"description\":\"I \u00e9s que de veritat, la gent cada dia em sorpr\u00e8n m\u00e9s... MI, per MI, i per MI... La hist\u00f2ria de la guanyadora que volia el premi a BIZUM\",\"breadcrumb\":{\"@id\":\"https:\\\/\\\/mastorrencito.com\\\/cat\\\/%f0%9f%8e%81-la-historia-de-la-guanyadora-que-volia-el-premi-a-bizum-%f0%9f%98%82-spoiler-no\\\/#breadcrumb\"},\"inLanguage\":\"es\",\"potentialAction\":[{\"@type\":\"ReadAction\",\"target\":[\"https:\\\/\\\/mastorrencito.com\\\/cat\\\/%f0%9f%8e%81-la-historia-de-la-guanyadora-que-volia-el-premi-a-bizum-%f0%9f%98%82-spoiler-no\\\/\"]}]},{\"@type\":\"ImageObject\",\"inLanguage\":\"es\",\"@id\":\"https:\\\/\\\/mastorrencito.com\\\/cat\\\/%f0%9f%8e%81-la-historia-de-la-guanyadora-que-volia-el-premi-a-bizum-%f0%9f%98%82-spoiler-no\\\/#primaryimage\",\"url\":\"https:\\\/\\\/mastorrencito.com\\\/cat\\\/wp-content\\\/uploads\\\/sites\\\/3\\\/toonta.jpg\",\"contentUrl\":\"https:\\\/\\\/mastorrencito.com\\\/cat\\\/wp-content\\\/uploads\\\/sites\\\/3\\\/toonta.jpg\",\"width\":1536,\"height\":1024,\"caption\":\"La Tonta del Bizum by MasTorrencito\"},{\"@type\":\"BreadcrumbList\",\"@id\":\"https:\\\/\\\/mastorrencito.com\\\/cat\\\/%f0%9f%8e%81-la-historia-de-la-guanyadora-que-volia-el-premi-a-bizum-%f0%9f%98%82-spoiler-no\\\/#breadcrumb\",\"itemListElement\":[{\"@type\":\"ListItem\",\"position\":1,\"name\":\"Portada\",\"item\":\"https:\\\/\\\/mastorrencito.com\\\/\"},{\"@type\":\"ListItem\",\"position\":2,\"name\":\"\ud83c\udf81 La hist\u00f2ria de la guanyadora que volia el premi a BIZUM \ud83d\ude02 (Spoiler: NO)\"}]},{\"@type\":\"WebSite\",\"@id\":\"https:\\\/\\\/mastorrencito.com\\\/#website\",\"url\":\"https:\\\/\\\/mastorrencito.com\\\/\",\"name\":\"Mas Torrencito CAT\",\"description\":\"Casa rural pet friendly en Girona\",\"publisher\":{\"@id\":\"https:\\\/\\\/mastorrencito.com\\\/#organization\"},\"potentialAction\":[{\"@type\":\"SearchAction\",\"target\":{\"@type\":\"EntryPoint\",\"urlTemplate\":\"https:\\\/\\\/mastorrencito.com\\\/?s={search_term_string}\"},\"query-input\":{\"@type\":\"PropertyValueSpecification\",\"valueRequired\":true,\"valueName\":\"search_term_string\"}}],\"inLanguage\":\"es\"},{\"@type\":\"Organization\",\"@id\":\"https:\\\/\\\/mastorrencito.com\\\/#organization\",\"name\":\"Mas Torrencito CAT\",\"url\":\"https:\\\/\\\/mastorrencito.com\\\/\",\"logo\":{\"@type\":\"ImageObject\",\"inLanguage\":\"es\",\"@id\":\"https:\\\/\\\/mastorrencito.com\\\/#\\\/schema\\\/logo\\\/image\\\/\",\"url\":\"https:\\\/\\\/mastorrencito.com\\\/cat\\\/wp-content\\\/uploads\\\/sites\\\/3\\\/Logo-Mastorrencito-horizontal.webp\",\"contentUrl\":\"https:\\\/\\\/mastorrencito.com\\\/cat\\\/wp-content\\\/uploads\\\/sites\\\/3\\\/Logo-Mastorrencito-horizontal.webp\",\"width\":161,\"height\":54,\"caption\":\"Mas Torrencito CAT\"},\"image\":{\"@id\":\"https:\\\/\\\/mastorrencito.com\\\/#\\\/schema\\\/logo\\\/image\\\/\"}},{\"@type\":\"Person\",\"@id\":\"https:\\\/\\\/mastorrencito.com\\\/#\\\/schema\\\/person\\\/18c619be80d4ae2667c702911625f790\",\"name\":\"Mastorrencito\",\"image\":{\"@type\":\"ImageObject\",\"inLanguage\":\"es\",\"@id\":\"https:\\\/\\\/secure.gravatar.com\\\/avatar\\\/3ef55e0519f987a734c21caee1423b51df7b760b7d81a38ecd31cab0a5115f6d?s=96&d=mm&r=g\",\"url\":\"https:\\\/\\\/secure.gravatar.com\\\/avatar\\\/3ef55e0519f987a734c21caee1423b51df7b760b7d81a38ecd31cab0a5115f6d?s=96&d=mm&r=g\",\"contentUrl\":\"https:\\\/\\\/secure.gravatar.com\\\/avatar\\\/3ef55e0519f987a734c21caee1423b51df7b760b7d81a38ecd31cab0a5115f6d?s=96&d=mm&r=g\",\"caption\":\"Mastorrencito\"},\"url\":\"https:\\\/\\\/mastorrencito.com\\\/cat\\\/author\\\/mastorrencito\\\/\"}]}<\/script>\n<!-- \/ Yoast SEO Premium plugin. -->","yoast_head_json":{"title":"La hist\u00f2ria de la guanyadora que volia el premi a BIZUM","description":"I \u00e9s que de veritat, la gent cada dia em sorpr\u00e8n m\u00e9s... MI, per MI, i per MI... La hist\u00f2ria de la guanyadora que volia el premi a BIZUM","robots":{"index":"index","follow":"follow","max-snippet":"max-snippet:-1","max-image-preview":"max-image-preview:large","max-video-preview":"max-video-preview:-1"},"canonical":"https:\/\/mastorrencito.com\/cat\/\ud83c\udf81-la-historia-de-la-guanyadora-que-volia-el-premi-a-bizum-\ud83d\ude02-spoiler-no\/","og_locale":"es_ES","og_type":"article","og_title":"\ud83c\udf81 La hist\u00f2ria de la guanyadora que volia el premi a BIZUM \ud83d\ude02 (Spoiler: NO)","og_description":"I \u00e9s que de veritat, la gent cada dia em sorpr\u00e8n m\u00e9s... MI, per MI, i per MI... La hist\u00f2ria de la guanyadora que volia el premi a BIZUM","og_url":"https:\/\/mastorrencito.com\/cat\/\ud83c\udf81-la-historia-de-la-guanyadora-que-volia-el-premi-a-bizum-\ud83d\ude02-spoiler-no\/","og_site_name":"Mas Torrencito CAT","article_published_time":"2025-05-15T04:49:22+00:00","og_image":[{"width":1536,"height":1024,"url":"https:\/\/mastorrencito.com\/cat\/wp-content\/uploads\/sites\/3\/toonta.jpg","type":"image\/jpeg"}],"author":"Mastorrencito","twitter_card":"summary_large_image","twitter_misc":{"Escrito por":"Mastorrencito","Tiempo de lectura":"6 minutos"},"schema":{"@context":"https:\/\/schema.org","@graph":[{"@type":"Article","@id":"https:\/\/mastorrencito.com\/cat\/%f0%9f%8e%81-la-historia-de-la-guanyadora-que-volia-el-premi-a-bizum-%f0%9f%98%82-spoiler-no\/#article","isPartOf":{"@id":"https:\/\/mastorrencito.com\/cat\/%f0%9f%8e%81-la-historia-de-la-guanyadora-que-volia-el-premi-a-bizum-%f0%9f%98%82-spoiler-no\/"},"author":{"name":"Mastorrencito","@id":"https:\/\/mastorrencito.com\/#\/schema\/person\/18c619be80d4ae2667c702911625f790"},"headline":"\ud83c\udf81 La hist\u00f2ria de la guanyadora que volia el premi a BIZUM \ud83d\ude02 (Spoiler: NO)","datePublished":"2025-05-15T04:49:22+00:00","mainEntityOfPage":{"@id":"https:\/\/mastorrencito.com\/cat\/%f0%9f%8e%81-la-historia-de-la-guanyadora-que-volia-el-premi-a-bizum-%f0%9f%98%82-spoiler-no\/"},"wordCount":1166,"commentCount":0,"publisher":{"@id":"https:\/\/mastorrencito.com\/#organization"},"image":{"@id":"https:\/\/mastorrencito.com\/cat\/%f0%9f%8e%81-la-historia-de-la-guanyadora-que-volia-el-premi-a-bizum-%f0%9f%98%82-spoiler-no\/#primaryimage"},"thumbnailUrl":"https:\/\/mastorrencito.com\/cat\/wp-content\/uploads\/sites\/3\/toonta.jpg","articleSection":["Hist\u00f2ries Mastorrencito"],"inLanguage":"es","potentialAction":[{"@type":"CommentAction","name":"Comment","target":["https:\/\/mastorrencito.com\/cat\/%f0%9f%8e%81-la-historia-de-la-guanyadora-que-volia-el-premi-a-bizum-%f0%9f%98%82-spoiler-no\/#respond"]}]},{"@type":"WebPage","@id":"https:\/\/mastorrencito.com\/cat\/%f0%9f%8e%81-la-historia-de-la-guanyadora-que-volia-el-premi-a-bizum-%f0%9f%98%82-spoiler-no\/","url":"https:\/\/mastorrencito.com\/cat\/%f0%9f%8e%81-la-historia-de-la-guanyadora-que-volia-el-premi-a-bizum-%f0%9f%98%82-spoiler-no\/","name":"La hist\u00f2ria de la guanyadora que volia el premi a BIZUM","isPartOf":{"@id":"https:\/\/mastorrencito.com\/#website"},"primaryImageOfPage":{"@id":"https:\/\/mastorrencito.com\/cat\/%f0%9f%8e%81-la-historia-de-la-guanyadora-que-volia-el-premi-a-bizum-%f0%9f%98%82-spoiler-no\/#primaryimage"},"image":{"@id":"https:\/\/mastorrencito.com\/cat\/%f0%9f%8e%81-la-historia-de-la-guanyadora-que-volia-el-premi-a-bizum-%f0%9f%98%82-spoiler-no\/#primaryimage"},"thumbnailUrl":"https:\/\/mastorrencito.com\/cat\/wp-content\/uploads\/sites\/3\/toonta.jpg","datePublished":"2025-05-15T04:49:22+00:00","description":"I \u00e9s que de veritat, la gent cada dia em sorpr\u00e8n m\u00e9s... MI, per MI, i per MI... La hist\u00f2ria de la guanyadora que volia el premi a BIZUM","breadcrumb":{"@id":"https:\/\/mastorrencito.com\/cat\/%f0%9f%8e%81-la-historia-de-la-guanyadora-que-volia-el-premi-a-bizum-%f0%9f%98%82-spoiler-no\/#breadcrumb"},"inLanguage":"es","potentialAction":[{"@type":"ReadAction","target":["https:\/\/mastorrencito.com\/cat\/%f0%9f%8e%81-la-historia-de-la-guanyadora-que-volia-el-premi-a-bizum-%f0%9f%98%82-spoiler-no\/"]}]},{"@type":"ImageObject","inLanguage":"es","@id":"https:\/\/mastorrencito.com\/cat\/%f0%9f%8e%81-la-historia-de-la-guanyadora-que-volia-el-premi-a-bizum-%f0%9f%98%82-spoiler-no\/#primaryimage","url":"https:\/\/mastorrencito.com\/cat\/wp-content\/uploads\/sites\/3\/toonta.jpg","contentUrl":"https:\/\/mastorrencito.com\/cat\/wp-content\/uploads\/sites\/3\/toonta.jpg","width":1536,"height":1024,"caption":"La Tonta del Bizum by MasTorrencito"},{"@type":"BreadcrumbList","@id":"https:\/\/mastorrencito.com\/cat\/%f0%9f%8e%81-la-historia-de-la-guanyadora-que-volia-el-premi-a-bizum-%f0%9f%98%82-spoiler-no\/#breadcrumb","itemListElement":[{"@type":"ListItem","position":1,"name":"Portada","item":"https:\/\/mastorrencito.com\/"},{"@type":"ListItem","position":2,"name":"\ud83c\udf81 La hist\u00f2ria de la guanyadora que volia el premi a BIZUM \ud83d\ude02 (Spoiler: NO)"}]},{"@type":"WebSite","@id":"https:\/\/mastorrencito.com\/#website","url":"https:\/\/mastorrencito.com\/","name":"Mas Torrencito CAT","description":"Casa rural pet friendly en Girona","publisher":{"@id":"https:\/\/mastorrencito.com\/#organization"},"potentialAction":[{"@type":"SearchAction","target":{"@type":"EntryPoint","urlTemplate":"https:\/\/mastorrencito.com\/?s={search_term_string}"},"query-input":{"@type":"PropertyValueSpecification","valueRequired":true,"valueName":"search_term_string"}}],"inLanguage":"es"},{"@type":"Organization","@id":"https:\/\/mastorrencito.com\/#organization","name":"Mas Torrencito CAT","url":"https:\/\/mastorrencito.com\/","logo":{"@type":"ImageObject","inLanguage":"es","@id":"https:\/\/mastorrencito.com\/#\/schema\/logo\/image\/","url":"https:\/\/mastorrencito.com\/cat\/wp-content\/uploads\/sites\/3\/Logo-Mastorrencito-horizontal.webp","contentUrl":"https:\/\/mastorrencito.com\/cat\/wp-content\/uploads\/sites\/3\/Logo-Mastorrencito-horizontal.webp","width":161,"height":54,"caption":"Mas Torrencito CAT"},"image":{"@id":"https:\/\/mastorrencito.com\/#\/schema\/logo\/image\/"}},{"@type":"Person","@id":"https:\/\/mastorrencito.com\/#\/schema\/person\/18c619be80d4ae2667c702911625f790","name":"Mastorrencito","image":{"@type":"ImageObject","inLanguage":"es","@id":"https:\/\/secure.gravatar.com\/avatar\/3ef55e0519f987a734c21caee1423b51df7b760b7d81a38ecd31cab0a5115f6d?s=96&d=mm&r=g","url":"https:\/\/secure.gravatar.com\/avatar\/3ef55e0519f987a734c21caee1423b51df7b760b7d81a38ecd31cab0a5115f6d?s=96&d=mm&r=g","contentUrl":"https:\/\/secure.gravatar.com\/avatar\/3ef55e0519f987a734c21caee1423b51df7b760b7d81a38ecd31cab0a5115f6d?s=96&d=mm&r=g","caption":"Mastorrencito"},"url":"https:\/\/mastorrencito.com\/cat\/author\/mastorrencito\/"}]}},"acf":[],"_links":{"self":[{"href":"https:\/\/mastorrencito.com\/cat\/wp-json\/wp\/v2\/posts\/4214","targetHints":{"allow":["GET"]}}],"collection":[{"href":"https:\/\/mastorrencito.com\/cat\/wp-json\/wp\/v2\/posts"}],"about":[{"href":"https:\/\/mastorrencito.com\/cat\/wp-json\/wp\/v2\/types\/post"}],"author":[{"embeddable":true,"href":"https:\/\/mastorrencito.com\/cat\/wp-json\/wp\/v2\/users\/2"}],"replies":[{"embeddable":true,"href":"https:\/\/mastorrencito.com\/cat\/wp-json\/wp\/v2\/comments?post=4214"}],"version-history":[{"count":0,"href":"https:\/\/mastorrencito.com\/cat\/wp-json\/wp\/v2\/posts\/4214\/revisions"}],"wp:featuredmedia":[{"embeddable":true,"href":"https:\/\/mastorrencito.com\/cat\/wp-json\/wp\/v2\/media\/4208"}],"wp:attachment":[{"href":"https:\/\/mastorrencito.com\/cat\/wp-json\/wp\/v2\/media?parent=4214"}],"wp:term":[{"taxonomy":"category","embeddable":true,"href":"https:\/\/mastorrencito.com\/cat\/wp-json\/wp\/v2\/categories?post=4214"},{"taxonomy":"post_tag","embeddable":true,"href":"https:\/\/mastorrencito.com\/cat\/wp-json\/wp\/v2\/tags?post=4214"}],"curies":[{"name":"wp","href":"https:\/\/api.w.org\/{rel}","templated":true}]}}