{"id":4202,"date":"2025-05-14T04:33:06","date_gmt":"2025-05-14T04:33:06","guid":{"rendered":"https:\/\/casaruralconperrosgirona.com\/%f0%9f%96%a4-la-perdua-%f0%9f%96%a4\/"},"modified":"2025-05-14T04:33:06","modified_gmt":"2025-05-14T04:33:06","slug":"%f0%9f%96%a4-la-perdua-%f0%9f%96%a4","status":"publish","type":"post","link":"https:\/\/mastorrencito.com\/cat\/%f0%9f%96%a4-la-perdua-%f0%9f%96%a4\/","title":{"rendered":"\ud83d\udda4 \u200b\u200bLA P\u00c8RDUA \ud83d\udda4"},"content":{"rendered":"\n<p>I qu\u00e8 \u00e9s perdre la teva mascota?<\/p>\n\n<p>Per mi, que no he tingut fills (almenys que jo s\u00e0piga&#8230; \ud83d\ude05 ), perdre <strong>Manuela<\/strong> , Markos, Mast\u00edn, Max,&#8230; va ser, en una paraula:<\/p>\n\n<p><strong>DESCARREGADOR.<\/strong><\/p>\n\n<p>Aix\u00ed, amb maj\u00fascules. Perqu\u00e8 <strong>no era \u201cnom\u00e9s una mascota\u201d<\/strong> .<br \/> Era fam\u00edlia. Companya. Parteix de la meva \u00e0nima.   <\/p>\n\n<p>I si no tens animals, ho respecto.<br \/> Per\u00f2 <strong>no minimitzis el dolor de qui s\u00ed que els t\u00e9<\/strong> .<br \/> No diguis \u201cera nom\u00e9s un gos\u201d o \u201cnom\u00e9s un gat\u201d.<br \/> Perqu\u00e8 per a molts de nosaltres&#8230; <strong>eren TOT.<\/strong><\/p>\n<figure class=\"wp-block-post-featured-image\"><img fetchpriority=\"high\" decoding=\"async\" width=\"1244\" height=\"2560\" src=\"https:\/\/mastorrencito.com\/cat\/wp-content\/uploads\/sites\/3\/mkartkosvsManuela-scaled-1.jpg\" class=\"attachment-post-thumbnail size-post-thumbnail wp-post-image\" alt=\"\" style=\"object-fit:cover;\" srcset=\"https:\/\/mastorrencito.com\/cat\/wp-content\/uploads\/sites\/3\/mkartkosvsManuela-scaled-1.jpg 1244w, https:\/\/mastorrencito.com\/cat\/wp-content\/uploads\/sites\/3\/mkartkosvsManuela-scaled-1-146x300.jpg 146w, https:\/\/mastorrencito.com\/cat\/wp-content\/uploads\/sites\/3\/mkartkosvsManuela-scaled-1-498x1024.jpg 498w, https:\/\/mastorrencito.com\/cat\/wp-content\/uploads\/sites\/3\/mkartkosvsManuela-scaled-1-768x1580.jpg 768w, https:\/\/mastorrencito.com\/cat\/wp-content\/uploads\/sites\/3\/mkartkosvsManuela-scaled-1-746x1536.jpg 746w, https:\/\/mastorrencito.com\/cat\/wp-content\/uploads\/sites\/3\/mkartkosvsManuela-scaled-1-995x2048.jpg 995w\" sizes=\"(max-width: 1244px) 100vw, 1244px\" \/><\/figure>\n<p>Vivim veient morts cada dia a la tele.<br \/> Centenars de persones, en guerres, trag\u00e8dies&#8230;<br \/> I seguim menjant.<br \/> Ens hem endurit.<br \/> Ens hi hem acostumat.<\/p>\n\n<p>Per\u00f2 <strong>quan perds qui estimes<\/strong> \u2014encara que tingui quatre potes\u2014<br \/> &#8230;aix\u00f2 et trenca.<br \/> Et deixa un silenci que crida cada dia.<\/p>\n\n<p>\ud83c\udfa7 Ahir vaig trobar aquesta can\u00e7\u00f3.<br \/> Creada amb IA. Encara no s?ha estrenat oficialment.<br \/> Per\u00f2 ja \u00e9s una joia. <br \/><strong>Una can\u00e7\u00f3 que fa mal. Que diu tot sense dir-ho tot. <\/strong><\/p>\n\n<p><a class=\"\" href=\"https:\/\/www.youtube.com\/watch?v=RoKRT95jwTo\">\ud83d\udd17 Escolta-la aqu\u00ed<\/a><\/p>\n\n<p>Si heu estimat un animal, us tocar\u00e0 l&#8217;\u00e0nima.<br \/> I si no\u2026 potser t&#8217;ajudi a entendre&#8217;ns una mica m\u00e9s. \ud83d\udc3e<\/p>\n\n<p><\/p>\n\n<p>\u00c9s clar, aqu\u00ed tens la lletra organitzada en <strong>estrofes<\/strong> , perqu\u00e8 sigui m\u00e9s f\u00e0cil de llegir i entendre:<\/p>\n\n<hr class=\"wp-block-separator has-alpha-channel-opacity\" \/>\n\n<p><strong>I built our home with bleeding hands<\/strong><br \/> Laid each brick with love and plans<br \/> You were my light, my reason why<br \/> Now I just talk to an empty sky<\/p>\n\n<p>I&#8217;m still waiting at the door<br \/> Where your laughter lived before<br \/> Every night I whisper low<br \/> \u201cMenja back home, don&#8217;t let me go\u201d<br \/> But silence is all I know<\/p>\n\n<hr class=\"wp-block-separator has-alpha-channel-opacity\" \/>\n\n<p><strong>You wore your cap, I fixed your tie<\/strong><br \/> Watched you chase your dreams and fly<br \/> I gave you wings, I stayed behind<br \/> But now you&#8217;re gone, and so is time<\/p>\n\n<p>I&#8217;m still waiting at the door<br \/> Where your footsteps touched the floor<br \/> Even pain begins to fade<br \/> But the love, it always stayed<br \/> Still alone, still afraid<\/p>\n\n<hr class=\"wp-block-separator has-alpha-channel-opacity\" \/>\n\n<p><strong>I don&#8217;t need much, just one more day<\/strong><br \/> To hear you call, to hear you say<br \/> That I remember who you are<br \/> But wishes don&#8217;t go that far<\/p>\n\n<p>So I sing here on the stage<br \/> Old and tired, full of ache<br \/> Not for gold, not for fame<br \/> Just to call out your name<\/p>\n\n<p>Still waiting<br \/> Still the same<\/p>\n\n<hr class=\"wp-block-separator has-alpha-channel-opacity\" \/>\n\n<p>traducci\u00f3 liter\u00e0ria segons IA<\/p>\n\n<hr class=\"wp-block-separator has-alpha-channel-opacity\" \/>\n\n<p><strong>Vaig construir la nostra llar amb mans sagnants<\/strong><br \/> Vaig posar cada ma\u00f3 amb amor i plans<br \/> Tu eres la meva llum, la meva ra\u00f3 de ser<br \/> Ara nom\u00e9s parlo a un cel sense respondre<\/p>\n\n<p>Continuo esperant a la porta<br \/> On abans vivia el teu riure solt<br \/> Cada nit xiuxiueig baixet:<br \/> \u201cTorna a casa, no em deixis solet\u201d<br \/> Per\u00f2 el silenci \u00e9s l&#8217;\u00fanic que conec<\/p>\n\n<hr class=\"wp-block-separator has-alpha-channel-opacity\" \/>\n\n<p><strong>Et vas posar la teva gorra, jo t&#8217;he ajustat la corbata<\/strong><br \/> Et vaig veure perseguir els teus somnis amb ales de plata<br \/> Et vaig donar ales, jo em vaig quedar enrere<br \/> Per\u00f2 ara te n&#8217;has anat\u2026 i el temps se&#8217;n va<\/p>\n\n<p>Continuo esperant a la porta<br \/> On els teus passos fregaven la catifa morta<br \/> Fins i tot el dolor comen\u00e7a a minvar<br \/> Per\u00f2 l&#8217;amor&#8230; aquest no vol marxar<br \/> Segueixo sol, segueixo amb por<\/p>\n\n<hr class=\"wp-block-separator has-alpha-channel-opacity\" \/>\n\n<p><strong>No necessito gaire, nom\u00e9s un dia m\u00e9s<\/strong><br \/> Sentir-te trucar, sentir-te potser<br \/> Dir que encara recordes qui s\u00f3c<br \/> Per\u00f2 els desitjos no arriben tan lluny, avui<\/p>\n\n<p>Aix\u00ed que canto aqu\u00ed, sobre l&#8217;escenari<br \/> Vell, cansat, amb l&#8217;\u00e0nima en calvari<br \/> No per or, ni per fama<br \/> Nom\u00e9s per cridar el vostre nom amb l&#8217;\u00e0nima<\/p>\n\n<p>Continuo esperant<br \/> Segueixo igual<\/p>\n\n<hr class=\"wp-block-separator has-alpha-channel-opacity\" \/>\n\n<p><\/p>\n\n<p>Des de MasTorrencito et desitgem un bon dia i que els teus gossos t&#8217;acompanyin!!<\/p>\n\n<p>\u2014\u2013<br \/> Si vols, pot veure els nostres bons per <a href=\"https:\/\/mastorrencito.com\/\" target=\"_blank\" rel=\"noreferrer noopener\">a<\/a> <strong>caps de setmana, bons jubilats<\/strong> , a un preu incre\u00efble.. entra a <a href=\"https:\/\/www.mastorrencito.com\/\">www.mastorrencito.com<\/a> o si vols podeu llegir m\u00e9s hist\u00f2ria i an\u00e8cdotes que ens <a href=\"https:\/\/mastorrencito.com\/es\/\">han<\/a> passat a MasTorrencito\u2026 Clickea aqui\u2026<\/p>\n","protected":false},"excerpt":{"rendered":"<p>I qu\u00e8 \u00e9s perdre la teva mascota? Per mi, que no he tingut fills (almenys que jo s\u00e0piga&#8230; \ud83d\ude05 ), perdre Manuela , Markos, Mast\u00edn, Max,&#8230; va ser, en una paraula: DESCARREGADOR. Aix\u00ed, amb maj\u00fascules. Perqu\u00e8 no era \u201cnom\u00e9s una mascota\u201d . Era fam\u00edlia. Companya. Parteix de la meva \u00e0nima. I si no tens animals, [&hellip;]<\/p>\n","protected":false},"author":2,"featured_media":4196,"comment_status":"open","ping_status":"closed","sticky":false,"template":"","format":"standard","meta":{"_acf_changed":false,"footnotes":""},"categories":[35],"tags":[],"class_list":["post-4202","post","type-post","status-publish","format-standard","has-post-thumbnail","hentry","category-histories-mastorrencito"],"yoast_head":"<!-- This site is optimized with the Yoast SEO Premium plugin v27.3 (Yoast SEO v27.5) - https:\/\/yoast.com\/product\/yoast-seo-premium-wordpress\/ -->\n<title>\ud83d\udda4 \u200b\u200bLA P\u00c8RDUA \ud83d\udda4 - Mas Torrencito CAT<\/title>\n<meta name=\"description\" content=\"I \u00e9s que cadasc\u00fa assimila la p\u00e8rdua de la manera que pot... alguns ho portaran millor i altres pitjor... per\u00f2 hem de RESPECTAR\" \/>\n<meta name=\"robots\" content=\"index, follow, max-snippet:-1, max-image-preview:large, max-video-preview:-1\" \/>\n<link rel=\"canonical\" href=\"https:\/\/mastorrencito.com\/cat\/\ud83d\udda4-la-perdua-\ud83d\udda4\/\" \/>\n<meta property=\"og:locale\" content=\"es_ES\" \/>\n<meta property=\"og:type\" content=\"article\" \/>\n<meta property=\"og:title\" content=\"\ud83d\udda4 \u200b\u200bLA P\u00c8RDUA \ud83d\udda4\" \/>\n<meta property=\"og:description\" content=\"I \u00e9s que cadasc\u00fa assimila la p\u00e8rdua de la manera que pot... alguns ho portaran millor i altres pitjor... per\u00f2 hem de RESPECTAR\" \/>\n<meta property=\"og:url\" content=\"https:\/\/mastorrencito.com\/cat\/\ud83d\udda4-la-perdua-\ud83d\udda4\/\" \/>\n<meta property=\"og:site_name\" content=\"Mas Torrencito CAT\" \/>\n<meta property=\"article:published_time\" content=\"2025-05-14T04:33:06+00:00\" \/>\n<meta property=\"og:image\" content=\"https:\/\/mastorrencito.com\/cat\/wp-content\/uploads\/sites\/3\/mkartkosvsManuela-scaled-1.jpg\" \/>\n\t<meta property=\"og:image:width\" content=\"1244\" \/>\n\t<meta property=\"og:image:height\" content=\"2560\" \/>\n\t<meta property=\"og:image:type\" content=\"image\/jpeg\" \/>\n<meta name=\"author\" content=\"Mastorrencito\" \/>\n<meta name=\"twitter:card\" content=\"summary_large_image\" \/>\n<meta name=\"twitter:label1\" content=\"Escrito por\" \/>\n\t<meta name=\"twitter:data1\" content=\"Mastorrencito\" \/>\n\t<meta name=\"twitter:label2\" content=\"Tiempo de lectura\" \/>\n\t<meta name=\"twitter:data2\" content=\"3 minutos\" \/>\n<script type=\"application\/ld+json\" class=\"yoast-schema-graph\">{\"@context\":\"https:\\\/\\\/schema.org\",\"@graph\":[{\"@type\":\"Article\",\"@id\":\"https:\\\/\\\/mastorrencito.com\\\/cat\\\/%f0%9f%96%a4-la-perdua-%f0%9f%96%a4\\\/#article\",\"isPartOf\":{\"@id\":\"https:\\\/\\\/mastorrencito.com\\\/cat\\\/%f0%9f%96%a4-la-perdua-%f0%9f%96%a4\\\/\"},\"author\":{\"name\":\"Mastorrencito\",\"@id\":\"https:\\\/\\\/mastorrencito.com\\\/#\\\/schema\\\/person\\\/18c619be80d4ae2667c702911625f790\"},\"headline\":\"\ud83d\udda4 \u200b\u200bLA P\u00c8RDUA \ud83d\udda4\",\"datePublished\":\"2025-05-14T04:33:06+00:00\",\"mainEntityOfPage\":{\"@id\":\"https:\\\/\\\/mastorrencito.com\\\/cat\\\/%f0%9f%96%a4-la-perdua-%f0%9f%96%a4\\\/\"},\"wordCount\":660,\"commentCount\":0,\"publisher\":{\"@id\":\"https:\\\/\\\/mastorrencito.com\\\/#organization\"},\"image\":{\"@id\":\"https:\\\/\\\/mastorrencito.com\\\/cat\\\/%f0%9f%96%a4-la-perdua-%f0%9f%96%a4\\\/#primaryimage\"},\"thumbnailUrl\":\"https:\\\/\\\/mastorrencito.com\\\/cat\\\/wp-content\\\/uploads\\\/sites\\\/3\\\/mkartkosvsManuela-scaled-1.jpg\",\"articleSection\":[\"Hist\u00f2ries Mastorrencito\"],\"inLanguage\":\"es\",\"potentialAction\":[{\"@type\":\"CommentAction\",\"name\":\"Comment\",\"target\":[\"https:\\\/\\\/mastorrencito.com\\\/cat\\\/%f0%9f%96%a4-la-perdua-%f0%9f%96%a4\\\/#respond\"]}]},{\"@type\":\"WebPage\",\"@id\":\"https:\\\/\\\/mastorrencito.com\\\/cat\\\/%f0%9f%96%a4-la-perdua-%f0%9f%96%a4\\\/\",\"url\":\"https:\\\/\\\/mastorrencito.com\\\/cat\\\/%f0%9f%96%a4-la-perdua-%f0%9f%96%a4\\\/\",\"name\":\"\ud83d\udda4 \u200b\u200bLA P\u00c8RDUA \ud83d\udda4 - Mas Torrencito CAT\",\"isPartOf\":{\"@id\":\"https:\\\/\\\/mastorrencito.com\\\/#website\"},\"primaryImageOfPage\":{\"@id\":\"https:\\\/\\\/mastorrencito.com\\\/cat\\\/%f0%9f%96%a4-la-perdua-%f0%9f%96%a4\\\/#primaryimage\"},\"image\":{\"@id\":\"https:\\\/\\\/mastorrencito.com\\\/cat\\\/%f0%9f%96%a4-la-perdua-%f0%9f%96%a4\\\/#primaryimage\"},\"thumbnailUrl\":\"https:\\\/\\\/mastorrencito.com\\\/cat\\\/wp-content\\\/uploads\\\/sites\\\/3\\\/mkartkosvsManuela-scaled-1.jpg\",\"datePublished\":\"2025-05-14T04:33:06+00:00\",\"description\":\"I \u00e9s que cadasc\u00fa assimila la p\u00e8rdua de la manera que pot... alguns ho portaran millor i altres pitjor... per\u00f2 hem de RESPECTAR\",\"breadcrumb\":{\"@id\":\"https:\\\/\\\/mastorrencito.com\\\/cat\\\/%f0%9f%96%a4-la-perdua-%f0%9f%96%a4\\\/#breadcrumb\"},\"inLanguage\":\"es\",\"potentialAction\":[{\"@type\":\"ReadAction\",\"target\":[\"https:\\\/\\\/mastorrencito.com\\\/cat\\\/%f0%9f%96%a4-la-perdua-%f0%9f%96%a4\\\/\"]}]},{\"@type\":\"ImageObject\",\"inLanguage\":\"es\",\"@id\":\"https:\\\/\\\/mastorrencito.com\\\/cat\\\/%f0%9f%96%a4-la-perdua-%f0%9f%96%a4\\\/#primaryimage\",\"url\":\"https:\\\/\\\/mastorrencito.com\\\/cat\\\/wp-content\\\/uploads\\\/sites\\\/3\\\/mkartkosvsManuela-scaled-1.jpg\",\"contentUrl\":\"https:\\\/\\\/mastorrencito.com\\\/cat\\\/wp-content\\\/uploads\\\/sites\\\/3\\\/mkartkosvsManuela-scaled-1.jpg\",\"width\":1244,\"height\":2560},{\"@type\":\"BreadcrumbList\",\"@id\":\"https:\\\/\\\/mastorrencito.com\\\/cat\\\/%f0%9f%96%a4-la-perdua-%f0%9f%96%a4\\\/#breadcrumb\",\"itemListElement\":[{\"@type\":\"ListItem\",\"position\":1,\"name\":\"Portada\",\"item\":\"https:\\\/\\\/mastorrencito.com\\\/\"},{\"@type\":\"ListItem\",\"position\":2,\"name\":\"\ud83d\udda4 \u200b\u200bLA P\u00c8RDUA \ud83d\udda4\"}]},{\"@type\":\"WebSite\",\"@id\":\"https:\\\/\\\/mastorrencito.com\\\/#website\",\"url\":\"https:\\\/\\\/mastorrencito.com\\\/\",\"name\":\"Mas Torrencito CAT\",\"description\":\"Casa rural pet friendly en Girona\",\"publisher\":{\"@id\":\"https:\\\/\\\/mastorrencito.com\\\/#organization\"},\"potentialAction\":[{\"@type\":\"SearchAction\",\"target\":{\"@type\":\"EntryPoint\",\"urlTemplate\":\"https:\\\/\\\/mastorrencito.com\\\/?s={search_term_string}\"},\"query-input\":{\"@type\":\"PropertyValueSpecification\",\"valueRequired\":true,\"valueName\":\"search_term_string\"}}],\"inLanguage\":\"es\"},{\"@type\":\"Organization\",\"@id\":\"https:\\\/\\\/mastorrencito.com\\\/#organization\",\"name\":\"Mas Torrencito CAT\",\"url\":\"https:\\\/\\\/mastorrencito.com\\\/\",\"logo\":{\"@type\":\"ImageObject\",\"inLanguage\":\"es\",\"@id\":\"https:\\\/\\\/mastorrencito.com\\\/#\\\/schema\\\/logo\\\/image\\\/\",\"url\":\"https:\\\/\\\/mastorrencito.com\\\/cat\\\/wp-content\\\/uploads\\\/sites\\\/3\\\/Logo-Mastorrencito-horizontal.webp\",\"contentUrl\":\"https:\\\/\\\/mastorrencito.com\\\/cat\\\/wp-content\\\/uploads\\\/sites\\\/3\\\/Logo-Mastorrencito-horizontal.webp\",\"width\":161,\"height\":54,\"caption\":\"Mas Torrencito CAT\"},\"image\":{\"@id\":\"https:\\\/\\\/mastorrencito.com\\\/#\\\/schema\\\/logo\\\/image\\\/\"}},{\"@type\":\"Person\",\"@id\":\"https:\\\/\\\/mastorrencito.com\\\/#\\\/schema\\\/person\\\/18c619be80d4ae2667c702911625f790\",\"name\":\"Mastorrencito\",\"image\":{\"@type\":\"ImageObject\",\"inLanguage\":\"es\",\"@id\":\"https:\\\/\\\/secure.gravatar.com\\\/avatar\\\/3ef55e0519f987a734c21caee1423b51df7b760b7d81a38ecd31cab0a5115f6d?s=96&d=mm&r=g\",\"url\":\"https:\\\/\\\/secure.gravatar.com\\\/avatar\\\/3ef55e0519f987a734c21caee1423b51df7b760b7d81a38ecd31cab0a5115f6d?s=96&d=mm&r=g\",\"contentUrl\":\"https:\\\/\\\/secure.gravatar.com\\\/avatar\\\/3ef55e0519f987a734c21caee1423b51df7b760b7d81a38ecd31cab0a5115f6d?s=96&d=mm&r=g\",\"caption\":\"Mastorrencito\"},\"url\":\"https:\\\/\\\/mastorrencito.com\\\/cat\\\/author\\\/mastorrencito\\\/\"}]}<\/script>\n<!-- \/ Yoast SEO Premium plugin. -->","yoast_head_json":{"title":"\ud83d\udda4 \u200b\u200bLA P\u00c8RDUA \ud83d\udda4 - Mas Torrencito CAT","description":"I \u00e9s que cadasc\u00fa assimila la p\u00e8rdua de la manera que pot... alguns ho portaran millor i altres pitjor... per\u00f2 hem de RESPECTAR","robots":{"index":"index","follow":"follow","max-snippet":"max-snippet:-1","max-image-preview":"max-image-preview:large","max-video-preview":"max-video-preview:-1"},"canonical":"https:\/\/mastorrencito.com\/cat\/\ud83d\udda4-la-perdua-\ud83d\udda4\/","og_locale":"es_ES","og_type":"article","og_title":"\ud83d\udda4 \u200b\u200bLA P\u00c8RDUA \ud83d\udda4","og_description":"I \u00e9s que cadasc\u00fa assimila la p\u00e8rdua de la manera que pot... alguns ho portaran millor i altres pitjor... per\u00f2 hem de RESPECTAR","og_url":"https:\/\/mastorrencito.com\/cat\/\ud83d\udda4-la-perdua-\ud83d\udda4\/","og_site_name":"Mas Torrencito CAT","article_published_time":"2025-05-14T04:33:06+00:00","og_image":[{"width":1244,"height":2560,"url":"https:\/\/mastorrencito.com\/cat\/wp-content\/uploads\/sites\/3\/mkartkosvsManuela-scaled-1.jpg","type":"image\/jpeg"}],"author":"Mastorrencito","twitter_card":"summary_large_image","twitter_misc":{"Escrito por":"Mastorrencito","Tiempo de lectura":"3 minutos"},"schema":{"@context":"https:\/\/schema.org","@graph":[{"@type":"Article","@id":"https:\/\/mastorrencito.com\/cat\/%f0%9f%96%a4-la-perdua-%f0%9f%96%a4\/#article","isPartOf":{"@id":"https:\/\/mastorrencito.com\/cat\/%f0%9f%96%a4-la-perdua-%f0%9f%96%a4\/"},"author":{"name":"Mastorrencito","@id":"https:\/\/mastorrencito.com\/#\/schema\/person\/18c619be80d4ae2667c702911625f790"},"headline":"\ud83d\udda4 \u200b\u200bLA P\u00c8RDUA \ud83d\udda4","datePublished":"2025-05-14T04:33:06+00:00","mainEntityOfPage":{"@id":"https:\/\/mastorrencito.com\/cat\/%f0%9f%96%a4-la-perdua-%f0%9f%96%a4\/"},"wordCount":660,"commentCount":0,"publisher":{"@id":"https:\/\/mastorrencito.com\/#organization"},"image":{"@id":"https:\/\/mastorrencito.com\/cat\/%f0%9f%96%a4-la-perdua-%f0%9f%96%a4\/#primaryimage"},"thumbnailUrl":"https:\/\/mastorrencito.com\/cat\/wp-content\/uploads\/sites\/3\/mkartkosvsManuela-scaled-1.jpg","articleSection":["Hist\u00f2ries Mastorrencito"],"inLanguage":"es","potentialAction":[{"@type":"CommentAction","name":"Comment","target":["https:\/\/mastorrencito.com\/cat\/%f0%9f%96%a4-la-perdua-%f0%9f%96%a4\/#respond"]}]},{"@type":"WebPage","@id":"https:\/\/mastorrencito.com\/cat\/%f0%9f%96%a4-la-perdua-%f0%9f%96%a4\/","url":"https:\/\/mastorrencito.com\/cat\/%f0%9f%96%a4-la-perdua-%f0%9f%96%a4\/","name":"\ud83d\udda4 \u200b\u200bLA P\u00c8RDUA \ud83d\udda4 - Mas Torrencito CAT","isPartOf":{"@id":"https:\/\/mastorrencito.com\/#website"},"primaryImageOfPage":{"@id":"https:\/\/mastorrencito.com\/cat\/%f0%9f%96%a4-la-perdua-%f0%9f%96%a4\/#primaryimage"},"image":{"@id":"https:\/\/mastorrencito.com\/cat\/%f0%9f%96%a4-la-perdua-%f0%9f%96%a4\/#primaryimage"},"thumbnailUrl":"https:\/\/mastorrencito.com\/cat\/wp-content\/uploads\/sites\/3\/mkartkosvsManuela-scaled-1.jpg","datePublished":"2025-05-14T04:33:06+00:00","description":"I \u00e9s que cadasc\u00fa assimila la p\u00e8rdua de la manera que pot... alguns ho portaran millor i altres pitjor... per\u00f2 hem de RESPECTAR","breadcrumb":{"@id":"https:\/\/mastorrencito.com\/cat\/%f0%9f%96%a4-la-perdua-%f0%9f%96%a4\/#breadcrumb"},"inLanguage":"es","potentialAction":[{"@type":"ReadAction","target":["https:\/\/mastorrencito.com\/cat\/%f0%9f%96%a4-la-perdua-%f0%9f%96%a4\/"]}]},{"@type":"ImageObject","inLanguage":"es","@id":"https:\/\/mastorrencito.com\/cat\/%f0%9f%96%a4-la-perdua-%f0%9f%96%a4\/#primaryimage","url":"https:\/\/mastorrencito.com\/cat\/wp-content\/uploads\/sites\/3\/mkartkosvsManuela-scaled-1.jpg","contentUrl":"https:\/\/mastorrencito.com\/cat\/wp-content\/uploads\/sites\/3\/mkartkosvsManuela-scaled-1.jpg","width":1244,"height":2560},{"@type":"BreadcrumbList","@id":"https:\/\/mastorrencito.com\/cat\/%f0%9f%96%a4-la-perdua-%f0%9f%96%a4\/#breadcrumb","itemListElement":[{"@type":"ListItem","position":1,"name":"Portada","item":"https:\/\/mastorrencito.com\/"},{"@type":"ListItem","position":2,"name":"\ud83d\udda4 \u200b\u200bLA P\u00c8RDUA \ud83d\udda4"}]},{"@type":"WebSite","@id":"https:\/\/mastorrencito.com\/#website","url":"https:\/\/mastorrencito.com\/","name":"Mas Torrencito CAT","description":"Casa rural pet friendly en Girona","publisher":{"@id":"https:\/\/mastorrencito.com\/#organization"},"potentialAction":[{"@type":"SearchAction","target":{"@type":"EntryPoint","urlTemplate":"https:\/\/mastorrencito.com\/?s={search_term_string}"},"query-input":{"@type":"PropertyValueSpecification","valueRequired":true,"valueName":"search_term_string"}}],"inLanguage":"es"},{"@type":"Organization","@id":"https:\/\/mastorrencito.com\/#organization","name":"Mas Torrencito CAT","url":"https:\/\/mastorrencito.com\/","logo":{"@type":"ImageObject","inLanguage":"es","@id":"https:\/\/mastorrencito.com\/#\/schema\/logo\/image\/","url":"https:\/\/mastorrencito.com\/cat\/wp-content\/uploads\/sites\/3\/Logo-Mastorrencito-horizontal.webp","contentUrl":"https:\/\/mastorrencito.com\/cat\/wp-content\/uploads\/sites\/3\/Logo-Mastorrencito-horizontal.webp","width":161,"height":54,"caption":"Mas Torrencito CAT"},"image":{"@id":"https:\/\/mastorrencito.com\/#\/schema\/logo\/image\/"}},{"@type":"Person","@id":"https:\/\/mastorrencito.com\/#\/schema\/person\/18c619be80d4ae2667c702911625f790","name":"Mastorrencito","image":{"@type":"ImageObject","inLanguage":"es","@id":"https:\/\/secure.gravatar.com\/avatar\/3ef55e0519f987a734c21caee1423b51df7b760b7d81a38ecd31cab0a5115f6d?s=96&d=mm&r=g","url":"https:\/\/secure.gravatar.com\/avatar\/3ef55e0519f987a734c21caee1423b51df7b760b7d81a38ecd31cab0a5115f6d?s=96&d=mm&r=g","contentUrl":"https:\/\/secure.gravatar.com\/avatar\/3ef55e0519f987a734c21caee1423b51df7b760b7d81a38ecd31cab0a5115f6d?s=96&d=mm&r=g","caption":"Mastorrencito"},"url":"https:\/\/mastorrencito.com\/cat\/author\/mastorrencito\/"}]}},"acf":[],"_links":{"self":[{"href":"https:\/\/mastorrencito.com\/cat\/wp-json\/wp\/v2\/posts\/4202","targetHints":{"allow":["GET"]}}],"collection":[{"href":"https:\/\/mastorrencito.com\/cat\/wp-json\/wp\/v2\/posts"}],"about":[{"href":"https:\/\/mastorrencito.com\/cat\/wp-json\/wp\/v2\/types\/post"}],"author":[{"embeddable":true,"href":"https:\/\/mastorrencito.com\/cat\/wp-json\/wp\/v2\/users\/2"}],"replies":[{"embeddable":true,"href":"https:\/\/mastorrencito.com\/cat\/wp-json\/wp\/v2\/comments?post=4202"}],"version-history":[{"count":0,"href":"https:\/\/mastorrencito.com\/cat\/wp-json\/wp\/v2\/posts\/4202\/revisions"}],"wp:featuredmedia":[{"embeddable":true,"href":"https:\/\/mastorrencito.com\/cat\/wp-json\/wp\/v2\/media\/4196"}],"wp:attachment":[{"href":"https:\/\/mastorrencito.com\/cat\/wp-json\/wp\/v2\/media?parent=4202"}],"wp:term":[{"taxonomy":"category","embeddable":true,"href":"https:\/\/mastorrencito.com\/cat\/wp-json\/wp\/v2\/categories?post=4202"},{"taxonomy":"post_tag","embeddable":true,"href":"https:\/\/mastorrencito.com\/cat\/wp-json\/wp\/v2\/tags?post=4202"}],"curies":[{"name":"wp","href":"https:\/\/api.w.org\/{rel}","templated":true}]}}