{"id":4183,"date":"2025-05-10T05:21:44","date_gmt":"2025-05-10T05:21:44","guid":{"rendered":"https:\/\/casaruralconperrosgirona.com\/no-us-agraden-els-gossos-doncs-ets-al-teu-dret-collega-%f0%9f%90%be\/"},"modified":"2025-05-10T05:21:44","modified_gmt":"2025-05-10T05:21:44","slug":"no-us-agraden-els-gossos-doncs-ets-al-teu-dret-collega-%f0%9f%90%be","status":"publish","type":"post","link":"https:\/\/mastorrencito.com\/cat\/no-us-agraden-els-gossos-doncs-ets-al-teu-dret-collega-%f0%9f%90%be\/","title":{"rendered":"No us agraden els gossos? Doncs ets al teu dret, col\u00b7lega! \ud83d\udc3e"},"content":{"rendered":"\n<p><\/p>\n\n<p>I ho dic jo, que visc envoltat de musells, potes, baves felices i alguna croqueta robada de l&#8217;esmorzar&#8230; Per\u00f2 s\u00ed, \u00e9s totalment respectable que hi hagi persones a les quals NO els agradin els gossos. I sabeu qu\u00e8? <strong>No passa res<\/strong> . No et fa un \u00e9sser fred, ni sense sentiments, ni un \u00abfastig\u00f3s sense \u00e0nima\u00bb, com de vegades deixen anar per aqu\u00ed els <em>fonamentalistes del musell<\/em> . Simplement et fa hum\u00e0. Diferent. Amb les teves prefer\u00e8ncies. I punt.       <\/p>\n\n<p>Perqu\u00e8 igual que hi ha gent a qui no li agraden els nens, o les multituds, o la truita de patates amb ceba (aix\u00f2 ja \u00e9s greu! \ud83d\ude02 )&#8230; tamb\u00e9 n&#8217;hi ha que prefereixen no tenir un gos al costat. I aix\u00f2, repeteixo amb lladruc suau per\u00f2 ferm: <strong>\u00c9S RESPETABLE<\/strong> . <\/p>\n<figure class=\"wp-block-post-featured-image\"><img fetchpriority=\"high\" decoding=\"async\" width=\"1024\" height=\"1024\" src=\"https:\/\/mastorrencito.com\/cat\/wp-content\/uploads\/sites\/3\/respeto.jpg\" class=\"attachment-post-thumbnail size-post-thumbnail wp-post-image\" alt=\"Hay que respetar a los que tienen perro y A LOS QUE NO... by MasTorrencito\" style=\"object-fit:cover;\" srcset=\"https:\/\/mastorrencito.com\/cat\/wp-content\/uploads\/sites\/3\/respeto.jpg 1024w, https:\/\/mastorrencito.com\/cat\/wp-content\/uploads\/sites\/3\/respeto-300x300.jpg 300w, https:\/\/mastorrencito.com\/cat\/wp-content\/uploads\/sites\/3\/respeto-150x150.jpg 150w, https:\/\/mastorrencito.com\/cat\/wp-content\/uploads\/sites\/3\/respeto-768x768.jpg 768w\" sizes=\"(max-width: 1024px) 100vw, 1024px\" \/><\/figure>\n<p>\ud83c\udf0d El problema no \u00e9s que no t&#8217;agradin. El problema \u00e9s quan <strong>tu decideixes que com que no t&#8217;agraden, ning\u00fa no els hauria de tenir a prop.<\/strong> I ja no parlem de prefer\u00e8ncies, sin\u00f3 d&#8217;egoisme pur i dur.<br \/> I per aix\u00f2, amic meu, \u00e9s tan important <strong>la informaci\u00f3 pr\u00e8via, la claredat i, sobretot, el SENTIT COM\u00da<\/strong> . <\/p>\n\n<p>\ud83d\udce2 Si vas a un lloc que diu clarament \u00abS&#8217;ACCEPTEN GOS\u00bb, de veritat et sorpr\u00e8n veure gossos? De veritat? \u00c9s com si vas a un bar el 2005 on es podia fumar i t&#8217;indignaves per sortir olorant a Marlboro. Doncs noi! No haver entrat.    <\/p>\n\n<p>\ud83d\udccc A Mas Torrencito, per exemple, <strong>ho diem alt, clar i amb emoticones<\/strong> :<br \/> \u2728 AQU\u00cd ELS GOSSOS S\u00d3N BENVINGUTS \u2728<br \/> I no ho diem per fardar ni per apuntar-nos a la moda \u201cpetfriendly\u201d de postal. Ho diem perqu\u00e8 \u00e9s real. Perqu\u00e8 si vens, <strong>veur\u00e0s gossos<\/strong> . Molts. Lliures. Feli\u00e7os. Rascant, dormint en sof\u00e0s o saludant-te per esmorzar.      <\/p>\n\n<p>Aix\u00ed que si veniu esperant una altra cosa&#8230; el problema no \u00e9s nostre. El problema \u00e9s que <strong>potser no has llegit, o no t&#8217;ha donat la gana d&#8217;entendre<\/strong> .<br \/> I si a sobre vens, veus gossos, i despr\u00e9s poses una ressenya queixant-te dels gossos&#8230; perdona que t&#8217;ho digui, per\u00f2 aix\u00f2 \u00e9s de <strong>TONT@S<\/strong> . S\u00ed, amb maj\u00fascules i arrova.  <\/p>\n\n<p>\ud83d\udc3e Per aix\u00f2, el respecte comen\u00e7a abans darribar.<br \/> Comen\u00e7a quan t&#8217;informes, quan tries conscientment, i quan entens que un espai petfriendly \u00e9s, precisament, per a gent que estima els gossos. I tu, si no ho comparteixes, pots triar un altre lloc. <strong>I ning\u00fa et jutjar\u00e0 per aix\u00f2<\/strong> .<br \/> Per\u00f2 jutjar els altres per una cosa que ja estava anunciada&#8230; aix\u00f2 s\u00ed que no t\u00e9 passi. <\/p>\n\n<h3 class=\"wp-block-heading\">\ud83d\udc3e <em>Reflexi\u00f3 express<\/em><\/h3>\n\n<p>Respectar no \u00e9s pas compartir.<br \/> Respectar \u00e9s entendre que el m\u00f3n no gira al voltant del que li agrada a un.<\/p>\n\n<p>Si un lloc admet gossos, \u00e9s l\u00f2gic que hi hagi gossos. Com al seu dia, si un bar permetia fumar, sabies qu\u00e8 anaves.<br \/> El que \u00e9s estrany no \u00e9s que bordin, el que \u00e9s estrany \u00e9s que encara hi hagi gent que, sabent on va\u2026 despr\u00e9s s&#8217;ofengui. <\/p>\n\n<p>La veritable conviv\u00e8ncia no s?imposa. Es tria.<br \/> I comen\u00e7a per una cosa molt b\u00e0sica:<br \/> \ud83d\udcd6 <em>Llegir el que posa<\/em><br \/> \ud83e\udde0 <em>I utilitzar el sentit com\u00fa<\/em> . <\/p>\n\n<p>__________<\/p>\n\n<p>Des de MasTorrencito et desitgem un bon dia i que els teus gossos t&#8217;acompanyin!!<\/p>\n\n<p>\u2014\u2013<br \/> Si vols, pot veure els nostres bons per <a href=\"https:\/\/mastorrencito.com\/\" target=\"_blank\" rel=\"noreferrer noopener\">a<\/a> <strong>caps de setmana, bons jubilats<\/strong> , a un preu incre\u00efble.. entra a <a href=\"https:\/\/www.mastorrencito.com\/\">www.mastorrencito.com<\/a> o si vols podeu llegir m\u00e9s hist\u00f2ria i an\u00e8cdotes que ens <a href=\"https:\/\/mastorrencito.com\/\">han<\/a> passat a MasTorrencito\u2026 Clickea aqui\u2026<\/p>\n\n<p>_______<br \/> #PetFriendlyDeVeritat<br \/> #mastorret<br \/> #SiNoTeGustanElsGossosNoVingues<br \/> #RespecteMutu<br \/> #SentitCom\u00faPorFavor<br \/> #AmorPerruno<br \/> #MascotesBenvingudes<br \/> #ConPerrosYConOrgullo<br \/> #MasTorrencitoStyle<br \/> #TurismoConPeludos<br \/> #LoDiceElCartel#PetFriendly #DogLoversWelcome #RespectEachOther<br \/> #TravelWithDogs #DogFriendlyPlace #SenseOfHumorRequired<br \/> #MasTorrencitoVibes #NoTeGustanElsGossosNoPasaNada<br \/> #DogLife #YouWereWarned \ud83d\udc36 \ud83d\ude09<\/p>\n","protected":false},"excerpt":{"rendered":"<p>I ho dic jo, que visc envoltat de musells, potes, baves felices i alguna croqueta robada de l&#8217;esmorzar&#8230; Per\u00f2 s\u00ed, \u00e9s totalment respectable que hi hagi persones a les quals NO els agradin els gossos. I sabeu qu\u00e8? No passa res . No et fa un \u00e9sser fred, ni sense sentiments, ni un \u00abfastig\u00f3s sense [&hellip;]<\/p>\n","protected":false},"author":2,"featured_media":4176,"comment_status":"open","ping_status":"closed","sticky":false,"template":"","format":"standard","meta":{"_acf_changed":false,"footnotes":""},"categories":[35],"tags":[],"class_list":["post-4183","post","type-post","status-publish","format-standard","has-post-thumbnail","hentry","category-histories-mastorrencito"],"yoast_head":"<!-- This site is optimized with the Yoast SEO Premium plugin v27.3 (Yoast SEO v27.5) - https:\/\/yoast.com\/product\/yoast-seo-premium-wordpress\/ -->\n<title>No us agraden els gossos? Doncs ets al teu dret, col\u00b7lega! \ud83d\udc3e - Mas Torrencito CAT<\/title>\n<meta name=\"description\" content=\"I \u00e9s que cal respectar... tants els uns com els altres... sin\u00f3 ens anirem a la m\u00e0... No t&#039;agraden els gossos? Doncs ets al teu dret\" \/>\n<meta name=\"robots\" content=\"index, follow, max-snippet:-1, max-image-preview:large, max-video-preview:-1\" \/>\n<link rel=\"canonical\" href=\"https:\/\/mastorrencito.com\/cat\/no-us-agraden-els-gossos-doncs-ets-al-teu-dret-collega-\ud83d\udc3e\/\" \/>\n<meta property=\"og:locale\" content=\"es_ES\" \/>\n<meta property=\"og:type\" content=\"article\" \/>\n<meta property=\"og:title\" content=\"No us agraden els gossos? Doncs ets al teu dret, col\u00b7lega! \ud83d\udc3e\" \/>\n<meta property=\"og:description\" content=\"I \u00e9s que cal respectar... tants els uns com els altres... sin\u00f3 ens anirem a la m\u00e0... No t&#039;agraden els gossos? Doncs ets al teu dret\" \/>\n<meta property=\"og:url\" content=\"https:\/\/mastorrencito.com\/cat\/no-us-agraden-els-gossos-doncs-ets-al-teu-dret-collega-\ud83d\udc3e\/\" \/>\n<meta property=\"og:site_name\" content=\"Mas Torrencito CAT\" \/>\n<meta property=\"article:published_time\" content=\"2025-05-10T05:21:44+00:00\" \/>\n<meta property=\"og:image\" content=\"https:\/\/mastorrencito.com\/cat\/wp-content\/uploads\/sites\/3\/respeto.jpg\" \/>\n\t<meta property=\"og:image:width\" content=\"1024\" \/>\n\t<meta property=\"og:image:height\" content=\"1024\" \/>\n\t<meta property=\"og:image:type\" content=\"image\/jpeg\" \/>\n<meta name=\"author\" content=\"Mastorrencito\" \/>\n<meta name=\"twitter:card\" content=\"summary_large_image\" \/>\n<meta name=\"twitter:label1\" content=\"Escrito por\" \/>\n\t<meta name=\"twitter:data1\" content=\"Mastorrencito\" \/>\n\t<meta name=\"twitter:label2\" content=\"Tiempo de lectura\" \/>\n\t<meta name=\"twitter:data2\" content=\"3 minutos\" \/>\n<script type=\"application\/ld+json\" class=\"yoast-schema-graph\">{\"@context\":\"https:\\\/\\\/schema.org\",\"@graph\":[{\"@type\":\"Article\",\"@id\":\"https:\\\/\\\/mastorrencito.com\\\/cat\\\/no-us-agraden-els-gossos-doncs-ets-al-teu-dret-collega-%f0%9f%90%be\\\/#article\",\"isPartOf\":{\"@id\":\"https:\\\/\\\/mastorrencito.com\\\/cat\\\/no-us-agraden-els-gossos-doncs-ets-al-teu-dret-collega-%f0%9f%90%be\\\/\"},\"author\":{\"name\":\"Mastorrencito\",\"@id\":\"https:\\\/\\\/mastorrencito.com\\\/#\\\/schema\\\/person\\\/18c619be80d4ae2667c702911625f790\"},\"headline\":\"No us agraden els gossos? Doncs ets al teu dret, col\u00b7lega! \ud83d\udc3e\",\"datePublished\":\"2025-05-10T05:21:44+00:00\",\"mainEntityOfPage\":{\"@id\":\"https:\\\/\\\/mastorrencito.com\\\/cat\\\/no-us-agraden-els-gossos-doncs-ets-al-teu-dret-collega-%f0%9f%90%be\\\/\"},\"wordCount\":614,\"commentCount\":0,\"publisher\":{\"@id\":\"https:\\\/\\\/mastorrencito.com\\\/#organization\"},\"image\":{\"@id\":\"https:\\\/\\\/mastorrencito.com\\\/cat\\\/no-us-agraden-els-gossos-doncs-ets-al-teu-dret-collega-%f0%9f%90%be\\\/#primaryimage\"},\"thumbnailUrl\":\"https:\\\/\\\/mastorrencito.com\\\/cat\\\/wp-content\\\/uploads\\\/sites\\\/3\\\/respeto.jpg\",\"articleSection\":[\"Hist\u00f2ries Mastorrencito\"],\"inLanguage\":\"es\",\"potentialAction\":[{\"@type\":\"CommentAction\",\"name\":\"Comment\",\"target\":[\"https:\\\/\\\/mastorrencito.com\\\/cat\\\/no-us-agraden-els-gossos-doncs-ets-al-teu-dret-collega-%f0%9f%90%be\\\/#respond\"]}]},{\"@type\":\"WebPage\",\"@id\":\"https:\\\/\\\/mastorrencito.com\\\/cat\\\/no-us-agraden-els-gossos-doncs-ets-al-teu-dret-collega-%f0%9f%90%be\\\/\",\"url\":\"https:\\\/\\\/mastorrencito.com\\\/cat\\\/no-us-agraden-els-gossos-doncs-ets-al-teu-dret-collega-%f0%9f%90%be\\\/\",\"name\":\"No us agraden els gossos? Doncs ets al teu dret, col\u00b7lega! \ud83d\udc3e - Mas Torrencito CAT\",\"isPartOf\":{\"@id\":\"https:\\\/\\\/mastorrencito.com\\\/#website\"},\"primaryImageOfPage\":{\"@id\":\"https:\\\/\\\/mastorrencito.com\\\/cat\\\/no-us-agraden-els-gossos-doncs-ets-al-teu-dret-collega-%f0%9f%90%be\\\/#primaryimage\"},\"image\":{\"@id\":\"https:\\\/\\\/mastorrencito.com\\\/cat\\\/no-us-agraden-els-gossos-doncs-ets-al-teu-dret-collega-%f0%9f%90%be\\\/#primaryimage\"},\"thumbnailUrl\":\"https:\\\/\\\/mastorrencito.com\\\/cat\\\/wp-content\\\/uploads\\\/sites\\\/3\\\/respeto.jpg\",\"datePublished\":\"2025-05-10T05:21:44+00:00\",\"description\":\"I \u00e9s que cal respectar... tants els uns com els altres... sin\u00f3 ens anirem a la m\u00e0... No t'agraden els gossos? Doncs ets al teu dret\",\"breadcrumb\":{\"@id\":\"https:\\\/\\\/mastorrencito.com\\\/cat\\\/no-us-agraden-els-gossos-doncs-ets-al-teu-dret-collega-%f0%9f%90%be\\\/#breadcrumb\"},\"inLanguage\":\"es\",\"potentialAction\":[{\"@type\":\"ReadAction\",\"target\":[\"https:\\\/\\\/mastorrencito.com\\\/cat\\\/no-us-agraden-els-gossos-doncs-ets-al-teu-dret-collega-%f0%9f%90%be\\\/\"]}]},{\"@type\":\"ImageObject\",\"inLanguage\":\"es\",\"@id\":\"https:\\\/\\\/mastorrencito.com\\\/cat\\\/no-us-agraden-els-gossos-doncs-ets-al-teu-dret-collega-%f0%9f%90%be\\\/#primaryimage\",\"url\":\"https:\\\/\\\/mastorrencito.com\\\/cat\\\/wp-content\\\/uploads\\\/sites\\\/3\\\/respeto.jpg\",\"contentUrl\":\"https:\\\/\\\/mastorrencito.com\\\/cat\\\/wp-content\\\/uploads\\\/sites\\\/3\\\/respeto.jpg\",\"width\":1024,\"height\":1024,\"caption\":\"Hay que respetar a los que tienen perro y A LOS QUE NO... by MasTorrencito\"},{\"@type\":\"BreadcrumbList\",\"@id\":\"https:\\\/\\\/mastorrencito.com\\\/cat\\\/no-us-agraden-els-gossos-doncs-ets-al-teu-dret-collega-%f0%9f%90%be\\\/#breadcrumb\",\"itemListElement\":[{\"@type\":\"ListItem\",\"position\":1,\"name\":\"Portada\",\"item\":\"https:\\\/\\\/mastorrencito.com\\\/\"},{\"@type\":\"ListItem\",\"position\":2,\"name\":\"No us agraden els gossos? Doncs ets al teu dret, col\u00b7lega! \ud83d\udc3e\"}]},{\"@type\":\"WebSite\",\"@id\":\"https:\\\/\\\/mastorrencito.com\\\/#website\",\"url\":\"https:\\\/\\\/mastorrencito.com\\\/\",\"name\":\"Mas Torrencito CAT\",\"description\":\"Casa rural pet friendly en Girona\",\"publisher\":{\"@id\":\"https:\\\/\\\/mastorrencito.com\\\/#organization\"},\"potentialAction\":[{\"@type\":\"SearchAction\",\"target\":{\"@type\":\"EntryPoint\",\"urlTemplate\":\"https:\\\/\\\/mastorrencito.com\\\/?s={search_term_string}\"},\"query-input\":{\"@type\":\"PropertyValueSpecification\",\"valueRequired\":true,\"valueName\":\"search_term_string\"}}],\"inLanguage\":\"es\"},{\"@type\":\"Organization\",\"@id\":\"https:\\\/\\\/mastorrencito.com\\\/#organization\",\"name\":\"Mas Torrencito CAT\",\"url\":\"https:\\\/\\\/mastorrencito.com\\\/\",\"logo\":{\"@type\":\"ImageObject\",\"inLanguage\":\"es\",\"@id\":\"https:\\\/\\\/mastorrencito.com\\\/#\\\/schema\\\/logo\\\/image\\\/\",\"url\":\"https:\\\/\\\/mastorrencito.com\\\/cat\\\/wp-content\\\/uploads\\\/sites\\\/3\\\/Logo-Mastorrencito-horizontal.webp\",\"contentUrl\":\"https:\\\/\\\/mastorrencito.com\\\/cat\\\/wp-content\\\/uploads\\\/sites\\\/3\\\/Logo-Mastorrencito-horizontal.webp\",\"width\":161,\"height\":54,\"caption\":\"Mas Torrencito CAT\"},\"image\":{\"@id\":\"https:\\\/\\\/mastorrencito.com\\\/#\\\/schema\\\/logo\\\/image\\\/\"}},{\"@type\":\"Person\",\"@id\":\"https:\\\/\\\/mastorrencito.com\\\/#\\\/schema\\\/person\\\/18c619be80d4ae2667c702911625f790\",\"name\":\"Mastorrencito\",\"image\":{\"@type\":\"ImageObject\",\"inLanguage\":\"es\",\"@id\":\"https:\\\/\\\/secure.gravatar.com\\\/avatar\\\/3ef55e0519f987a734c21caee1423b51df7b760b7d81a38ecd31cab0a5115f6d?s=96&d=mm&r=g\",\"url\":\"https:\\\/\\\/secure.gravatar.com\\\/avatar\\\/3ef55e0519f987a734c21caee1423b51df7b760b7d81a38ecd31cab0a5115f6d?s=96&d=mm&r=g\",\"contentUrl\":\"https:\\\/\\\/secure.gravatar.com\\\/avatar\\\/3ef55e0519f987a734c21caee1423b51df7b760b7d81a38ecd31cab0a5115f6d?s=96&d=mm&r=g\",\"caption\":\"Mastorrencito\"},\"url\":\"https:\\\/\\\/mastorrencito.com\\\/cat\\\/author\\\/mastorrencito\\\/\"}]}<\/script>\n<!-- \/ Yoast SEO Premium plugin. -->","yoast_head_json":{"title":"No us agraden els gossos? Doncs ets al teu dret, col\u00b7lega! \ud83d\udc3e - Mas Torrencito CAT","description":"I \u00e9s que cal respectar... tants els uns com els altres... sin\u00f3 ens anirem a la m\u00e0... No t'agraden els gossos? Doncs ets al teu dret","robots":{"index":"index","follow":"follow","max-snippet":"max-snippet:-1","max-image-preview":"max-image-preview:large","max-video-preview":"max-video-preview:-1"},"canonical":"https:\/\/mastorrencito.com\/cat\/no-us-agraden-els-gossos-doncs-ets-al-teu-dret-collega-\ud83d\udc3e\/","og_locale":"es_ES","og_type":"article","og_title":"No us agraden els gossos? Doncs ets al teu dret, col\u00b7lega! \ud83d\udc3e","og_description":"I \u00e9s que cal respectar... tants els uns com els altres... sin\u00f3 ens anirem a la m\u00e0... No t'agraden els gossos? Doncs ets al teu dret","og_url":"https:\/\/mastorrencito.com\/cat\/no-us-agraden-els-gossos-doncs-ets-al-teu-dret-collega-\ud83d\udc3e\/","og_site_name":"Mas Torrencito CAT","article_published_time":"2025-05-10T05:21:44+00:00","og_image":[{"width":1024,"height":1024,"url":"https:\/\/mastorrencito.com\/cat\/wp-content\/uploads\/sites\/3\/respeto.jpg","type":"image\/jpeg"}],"author":"Mastorrencito","twitter_card":"summary_large_image","twitter_misc":{"Escrito por":"Mastorrencito","Tiempo de lectura":"3 minutos"},"schema":{"@context":"https:\/\/schema.org","@graph":[{"@type":"Article","@id":"https:\/\/mastorrencito.com\/cat\/no-us-agraden-els-gossos-doncs-ets-al-teu-dret-collega-%f0%9f%90%be\/#article","isPartOf":{"@id":"https:\/\/mastorrencito.com\/cat\/no-us-agraden-els-gossos-doncs-ets-al-teu-dret-collega-%f0%9f%90%be\/"},"author":{"name":"Mastorrencito","@id":"https:\/\/mastorrencito.com\/#\/schema\/person\/18c619be80d4ae2667c702911625f790"},"headline":"No us agraden els gossos? Doncs ets al teu dret, col\u00b7lega! \ud83d\udc3e","datePublished":"2025-05-10T05:21:44+00:00","mainEntityOfPage":{"@id":"https:\/\/mastorrencito.com\/cat\/no-us-agraden-els-gossos-doncs-ets-al-teu-dret-collega-%f0%9f%90%be\/"},"wordCount":614,"commentCount":0,"publisher":{"@id":"https:\/\/mastorrencito.com\/#organization"},"image":{"@id":"https:\/\/mastorrencito.com\/cat\/no-us-agraden-els-gossos-doncs-ets-al-teu-dret-collega-%f0%9f%90%be\/#primaryimage"},"thumbnailUrl":"https:\/\/mastorrencito.com\/cat\/wp-content\/uploads\/sites\/3\/respeto.jpg","articleSection":["Hist\u00f2ries Mastorrencito"],"inLanguage":"es","potentialAction":[{"@type":"CommentAction","name":"Comment","target":["https:\/\/mastorrencito.com\/cat\/no-us-agraden-els-gossos-doncs-ets-al-teu-dret-collega-%f0%9f%90%be\/#respond"]}]},{"@type":"WebPage","@id":"https:\/\/mastorrencito.com\/cat\/no-us-agraden-els-gossos-doncs-ets-al-teu-dret-collega-%f0%9f%90%be\/","url":"https:\/\/mastorrencito.com\/cat\/no-us-agraden-els-gossos-doncs-ets-al-teu-dret-collega-%f0%9f%90%be\/","name":"No us agraden els gossos? Doncs ets al teu dret, col\u00b7lega! \ud83d\udc3e - Mas Torrencito CAT","isPartOf":{"@id":"https:\/\/mastorrencito.com\/#website"},"primaryImageOfPage":{"@id":"https:\/\/mastorrencito.com\/cat\/no-us-agraden-els-gossos-doncs-ets-al-teu-dret-collega-%f0%9f%90%be\/#primaryimage"},"image":{"@id":"https:\/\/mastorrencito.com\/cat\/no-us-agraden-els-gossos-doncs-ets-al-teu-dret-collega-%f0%9f%90%be\/#primaryimage"},"thumbnailUrl":"https:\/\/mastorrencito.com\/cat\/wp-content\/uploads\/sites\/3\/respeto.jpg","datePublished":"2025-05-10T05:21:44+00:00","description":"I \u00e9s que cal respectar... tants els uns com els altres... sin\u00f3 ens anirem a la m\u00e0... No t'agraden els gossos? Doncs ets al teu dret","breadcrumb":{"@id":"https:\/\/mastorrencito.com\/cat\/no-us-agraden-els-gossos-doncs-ets-al-teu-dret-collega-%f0%9f%90%be\/#breadcrumb"},"inLanguage":"es","potentialAction":[{"@type":"ReadAction","target":["https:\/\/mastorrencito.com\/cat\/no-us-agraden-els-gossos-doncs-ets-al-teu-dret-collega-%f0%9f%90%be\/"]}]},{"@type":"ImageObject","inLanguage":"es","@id":"https:\/\/mastorrencito.com\/cat\/no-us-agraden-els-gossos-doncs-ets-al-teu-dret-collega-%f0%9f%90%be\/#primaryimage","url":"https:\/\/mastorrencito.com\/cat\/wp-content\/uploads\/sites\/3\/respeto.jpg","contentUrl":"https:\/\/mastorrencito.com\/cat\/wp-content\/uploads\/sites\/3\/respeto.jpg","width":1024,"height":1024,"caption":"Hay que respetar a los que tienen perro y A LOS QUE NO... by MasTorrencito"},{"@type":"BreadcrumbList","@id":"https:\/\/mastorrencito.com\/cat\/no-us-agraden-els-gossos-doncs-ets-al-teu-dret-collega-%f0%9f%90%be\/#breadcrumb","itemListElement":[{"@type":"ListItem","position":1,"name":"Portada","item":"https:\/\/mastorrencito.com\/"},{"@type":"ListItem","position":2,"name":"No us agraden els gossos? Doncs ets al teu dret, col\u00b7lega! \ud83d\udc3e"}]},{"@type":"WebSite","@id":"https:\/\/mastorrencito.com\/#website","url":"https:\/\/mastorrencito.com\/","name":"Mas Torrencito CAT","description":"Casa rural pet friendly en Girona","publisher":{"@id":"https:\/\/mastorrencito.com\/#organization"},"potentialAction":[{"@type":"SearchAction","target":{"@type":"EntryPoint","urlTemplate":"https:\/\/mastorrencito.com\/?s={search_term_string}"},"query-input":{"@type":"PropertyValueSpecification","valueRequired":true,"valueName":"search_term_string"}}],"inLanguage":"es"},{"@type":"Organization","@id":"https:\/\/mastorrencito.com\/#organization","name":"Mas Torrencito CAT","url":"https:\/\/mastorrencito.com\/","logo":{"@type":"ImageObject","inLanguage":"es","@id":"https:\/\/mastorrencito.com\/#\/schema\/logo\/image\/","url":"https:\/\/mastorrencito.com\/cat\/wp-content\/uploads\/sites\/3\/Logo-Mastorrencito-horizontal.webp","contentUrl":"https:\/\/mastorrencito.com\/cat\/wp-content\/uploads\/sites\/3\/Logo-Mastorrencito-horizontal.webp","width":161,"height":54,"caption":"Mas Torrencito CAT"},"image":{"@id":"https:\/\/mastorrencito.com\/#\/schema\/logo\/image\/"}},{"@type":"Person","@id":"https:\/\/mastorrencito.com\/#\/schema\/person\/18c619be80d4ae2667c702911625f790","name":"Mastorrencito","image":{"@type":"ImageObject","inLanguage":"es","@id":"https:\/\/secure.gravatar.com\/avatar\/3ef55e0519f987a734c21caee1423b51df7b760b7d81a38ecd31cab0a5115f6d?s=96&d=mm&r=g","url":"https:\/\/secure.gravatar.com\/avatar\/3ef55e0519f987a734c21caee1423b51df7b760b7d81a38ecd31cab0a5115f6d?s=96&d=mm&r=g","contentUrl":"https:\/\/secure.gravatar.com\/avatar\/3ef55e0519f987a734c21caee1423b51df7b760b7d81a38ecd31cab0a5115f6d?s=96&d=mm&r=g","caption":"Mastorrencito"},"url":"https:\/\/mastorrencito.com\/cat\/author\/mastorrencito\/"}]}},"acf":[],"_links":{"self":[{"href":"https:\/\/mastorrencito.com\/cat\/wp-json\/wp\/v2\/posts\/4183","targetHints":{"allow":["GET"]}}],"collection":[{"href":"https:\/\/mastorrencito.com\/cat\/wp-json\/wp\/v2\/posts"}],"about":[{"href":"https:\/\/mastorrencito.com\/cat\/wp-json\/wp\/v2\/types\/post"}],"author":[{"embeddable":true,"href":"https:\/\/mastorrencito.com\/cat\/wp-json\/wp\/v2\/users\/2"}],"replies":[{"embeddable":true,"href":"https:\/\/mastorrencito.com\/cat\/wp-json\/wp\/v2\/comments?post=4183"}],"version-history":[{"count":0,"href":"https:\/\/mastorrencito.com\/cat\/wp-json\/wp\/v2\/posts\/4183\/revisions"}],"wp:featuredmedia":[{"embeddable":true,"href":"https:\/\/mastorrencito.com\/cat\/wp-json\/wp\/v2\/media\/4176"}],"wp:attachment":[{"href":"https:\/\/mastorrencito.com\/cat\/wp-json\/wp\/v2\/media?parent=4183"}],"wp:term":[{"taxonomy":"category","embeddable":true,"href":"https:\/\/mastorrencito.com\/cat\/wp-json\/wp\/v2\/categories?post=4183"},{"taxonomy":"post_tag","embeddable":true,"href":"https:\/\/mastorrencito.com\/cat\/wp-json\/wp\/v2\/tags?post=4183"}],"curies":[{"name":"wp","href":"https:\/\/api.w.org\/{rel}","templated":true}]}}