{"id":4157,"date":"2025-05-04T04:40:44","date_gmt":"2025-05-04T04:40:44","guid":{"rendered":"https:\/\/casaruralconperrosgirona.com\/saps-que-es-ux-b2b-o-b2c\/"},"modified":"2025-05-04T04:40:44","modified_gmt":"2025-05-04T04:40:44","slug":"saps-que-es-ux-b2b-o-b2c","status":"publish","type":"post","link":"https:\/\/mastorrencito.com\/cat\/saps-que-es-ux-b2b-o-b2c\/","title":{"rendered":"Saps que \u00e9s UX, B2B o B2C?"},"content":{"rendered":"\n<p>Fa uns dies, el meu amic Andreu, de <strong>Masia la Palma<\/strong> , em va ensenyar una ressenya que li va deixar una clienta. Una d&#8217;aquelles ressenyes que no necessiten floritures ni par\u00e0grafs eterns: poques paraules, per\u00f2 tan ben triades que et pessiquin l&#8217;\u00e0nima. <\/p>\n\n<p>Una ressenya bonica, s\u00ed&#8230; per\u00f2, sobretot, <strong>aut\u00e8ntica<\/strong> . D&#8217;aquelles que aconsegueixen condensar en unes l\u00ednies tota una experi\u00e8ncia, el sabor de boca que et deixa un lloc, l&#8217;emoci\u00f3 callada d&#8217;una estada viscuda amb calma, amb cura\u2026 amb veritat. <\/p>\n\n<p>I vaig pensar: <em>aix\u00f2 \u00e9s el que de deb\u00f2 val la pena<\/em> . Que alg\u00fa se&#8217;n vagi i, sense demanar-li res, et regali una opini\u00f3 que fa olor de gratitud i de records feli\u00e7os. <\/p>\n\n<p>Aix\u00ed que, des d&#8217;aqu\u00ed, el meu petit homenatge a aquelles persones que saben veure amb el cor\u2026 i escriure&#8217;l amb senzillesa.<\/p>\n<figure class=\"wp-block-post-featured-image\"><img fetchpriority=\"high\" decoding=\"async\" width=\"1024\" height=\"1536\" src=\"https:\/\/mastorrencito.com\/cat\/wp-content\/uploads\/sites\/3\/b2b.jpg\" class=\"attachment-post-thumbnail size-post-thumbnail wp-post-image\" alt=\"UX o la experiencia final del cliente by MasTorrencito\" style=\"object-fit:cover;\" srcset=\"https:\/\/mastorrencito.com\/cat\/wp-content\/uploads\/sites\/3\/b2b.jpg 1024w, https:\/\/mastorrencito.com\/cat\/wp-content\/uploads\/sites\/3\/b2b-200x300.jpg 200w, https:\/\/mastorrencito.com\/cat\/wp-content\/uploads\/sites\/3\/b2b-683x1024.jpg 683w, https:\/\/mastorrencito.com\/cat\/wp-content\/uploads\/sites\/3\/b2b-768x1152.jpg 768w\" sizes=\"(max-width: 1024px) 100vw, 1024px\" \/><\/figure>\n<p><br \/>La ressel\u00b7la parlava d&#8217;una cosa anomenada UX. I jo vaig pensar: \u00abUX? Aix\u00f2 qu\u00e8 \u00e9s? Una nova cadena de televisi\u00f3? Un plat de sushi?\u00bb \ud83d\ude02 Per\u00f2 la curiositat va poder amb mi (com sempre), aix\u00ed que em vaig posar a investigar\u2026 i aqu\u00ed va comen\u00e7ar el meu petit viatge al meravell\u00f3s m\u00f3n de les paraulotes en angl\u00e8s que usen els de m\u00e0rqueting per dir coses de tota la vida per\u00f2 amb m\u00e9s glamour.<\/p>\n\n<p>Resulta que UX vol dir <strong>User<\/strong> Experience , o en cristi\u00e0: <strong>l&#8217;experi\u00e8ncia de l&#8217;usuari<\/strong> .<br \/> I amb aix\u00f2 em va explotar una mica el cap \ud83d\udca5 perqu\u00e8 em vaig adonar que aix\u00f2 que ells anomenen UX\u2026 \u00e9s just el que jo fa anys que intento crear a MasTorrencito!<\/p>\n\n<p>Per\u00f2 anem per parts.<\/p>\n\n<p>Tamb\u00e9 em vaig trobar amb altres termes:<br \/> \ud83d\udc49 <strong>B2B<\/strong> ( <em>Business to Business<\/em> ): empreses que li venen a altres empreses.<br \/> \ud83d\udc49 <strong>B2C<\/strong> (Business <em>to Consumer): empreses que venen al consumidor<\/em> final.<br \/> \ud83d\udc49 I <strong>UX<\/strong> , que com deia, \u00e9s el que tu sents quan compres alguna cosa, quan uses un servei, quan visites un lloc\u2026 quan vius una experi\u00e8ncia, vaja.<\/p>\n\n<p>I aqu\u00ed va ser quan vaig connectar els punts.<br \/> Perqu\u00e8 a MasTorrencito no venem habitacions.<br \/> Venem la sensaci\u00f3 d&#8217;arribar a un lloc tranquil despr\u00e9s d&#8217;un viatge llarg. De prendre&#8217;t un vi sense mirar el rellotge.   <\/p>\n\n<p>I aix\u00f2&#8230; aix\u00f2 \u00e9s pura UX.<\/p>\n\n<h4 class=\"wp-block-heading\">T&#8217;explico un exemple que em va marcar:<\/h4>\n\n<p>Un dia van arribar tres parelles, cadascuna d?un pa\u00eds diferent \u2014uns alemanys, uns belgues i uns su\u00efssos\u2014.<br \/>Nom\u00e9s venien a passar una nit. Una paradeta r\u00e0pida abans de seguir el cam\u00ed al sud.<br \/> Per\u00f2 quan van veure el jard\u00ed, l&#8217;entorn, la llibertat amb qu\u00e8 els seus gossos es podien moure, l&#8217;ambient que es respirava&#8230; es van deixar anar. <\/p>\n\n<p>Van acabar passant la tarda junts, encara que no es coneixien abans.<br \/> Es van obrir unes cerveses, van treure unes ampolles de vi, es van asseure al jard\u00ed i van comen\u00e7ar a parlar, a riure, a compartir hist\u00f2ries.<br \/> Els seus gossos corrien feli\u00e7os entre els arbres, els nostres es van sumar a la festa, i entre lladrucs, rialles i brindis&#8230; se&#8217;ls va fer de nit.<\/p>\n\n<p>Va ser un dels moments que no es programen ni es venen amb una oferta.<br \/> Va ser <strong>experi\u00e8ncia pura<\/strong> . Va ser connexi\u00f3, llibertat, gaudi. Va ser exactament aix\u00f2 que els experts anomenen una \u201cbona UX\u201d, per\u00f2 que aqu\u00ed simplement anomenem <strong>sentir-se com a casa<\/strong> .  <\/p>\n\n<p>I per aix\u00f2 tinc clients que fa <strong>m\u00e9s de 15 anys<\/strong> que paren a MasTorrencito.<br \/> Gent que baixa d&#8217;Alemanya, de Su\u00efssa, de B\u00e8lgica, cam\u00ed cap a Almeria, M\u00e0laga, Val\u00e8ncia&#8230; i que <strong>sempre<\/strong> fan una nit aqu\u00ed.<br \/> Alguns es queden nom\u00e9s un dia, altres allarguen l&#8217;estada. Per\u00f2 l&#8217;important \u00e9s que, encara que estiguin de pas, <strong>ens trien cada cop<\/strong> .<br \/> Perqu\u00e8 aqu\u00ed recarreguen energia. Perqu\u00e8 els seus gossos descansen. Perqu\u00e8 ells dormen <strong>tranquils<\/strong> .    <\/p>\n\n<p>Jo no s\u00e9 gaire de tecnicismes, ni tinc un m\u00e0ster en m\u00e0rqueting digital\u2026<br \/> Per\u00f2 s\u00e9 recon\u00e8ixer quan alg\u00fa se&#8217;n va d&#8217;aqu\u00ed amb un somriure, amb les espatlles m\u00e9s relaxades, amb la copa buida per\u00f2 l&#8217;\u00e0nima plena.<\/p>\n\n<p>I aix\u00f2, amics, <strong>\u00e9s UX<\/strong> .<\/p>\n\n<p>Aix\u00ed que gr\u00e0cies, Andr\u00e9s, per ensenyar-me aquesta ressenya.<br \/> Perqu\u00e8 ara s\u00e9 que all\u00f2 que faig, all\u00f2 que vivim aqu\u00ed, t\u00e9 un nom.<br \/> I encara que vingui en angl\u00e8s\u2026 <strong>se sent en qualsevol idioma<\/strong> \u2764\ufe0f<\/p>\n\n<h4 class=\"wp-block-heading\">Reflexi\u00f3:  <\/h4>\n\n<p>De vegades em pregunten si m&#8217;importen les ressenyes.<br \/> I la veritat \u00e9s que s\u00ed\u2026 per\u00f2 no pels punts, ni per l&#8217;algorisme, ni per estar a dalt a Google.<br \/><strong>M&#8217;importen quan s\u00f3n de veritat<\/strong> .<\/p>\n\n<p>Quan alg\u00fa escriu el que va viure a <strong>MasTorrencito<\/strong> , com es va sentir, com van riure, com van dormir\u2026<br \/> Quan expliquen que els seus gossos van c\u00f3rrer lliures, que es van prendre un vinet al jard\u00ed, que es van sentir a casa\u2026<br \/> Aqu\u00ed \u00e9s quan dic: <em>aix\u00f2 s\u00ed que val la pena<\/em> .<\/p>\n\n<p>Perqu\u00e8 jo, <strong>Miquel<\/strong> , no he muntat un hotel.<br \/> He creat un lloc. Un rac\u00f3 amb \u00e0nima.<br \/> I quan alg\u00fa ho nota, ho sent i ho escriu\u2026 <br \/><strong>m&#8217;emociona de deb\u00f2<\/strong> .<\/p>\n\n<p>No cal que ho diguin bonic.<br \/> Nom\u00e9s que ho diguin sincer.<br \/> Que expliquin el que som. Sense filtres. Sense postureig.  <\/p>\n\n<p>Perqu\u00e8 a MasTorrencito no prometem luxe.<br \/> Prometem <strong>autenticitat<\/strong> .<br \/> I si en una ressenya alg\u00fa ho reflecteix\u2026<br \/> per a mi, aix\u00f2 \u00e9s <strong>SUUUPERRRR<\/strong> . De deb\u00f2. \ud83d\udc9b<\/p>\n\n<p><\/p>\n\n<p>___________<\/p>\n\n<p>Des de MasTorrencito et desitgem un bon dia i que els teus gossos t&#8217;acompanyin!!<\/p>\n\n<p>\u2014\u2013<br \/> Si vols, pot veure els nostres bons per <a href=\"https:\/\/mastorrencito.com\/\" target=\"_blank\" rel=\"noreferrer noopener\">a<\/a> <strong>caps de setmana, bons jubilats<\/strong> , a un preu incre\u00efble.. entra a <a href=\"https:\/\/www.mastorrencito.com\/\">www.mastorrencito.com<\/a> o si vols podeu llegir m\u00e9s hist\u00f2ria i an\u00e8cdotes que ens <a href=\"https:\/\/mastorrencito.com\/es\/\">han<\/a> passat a MasTorrencito\u2026 Clickea aqui\u2026<\/p>\n","protected":false},"excerpt":{"rendered":"<p>Fa uns dies, el meu amic Andreu, de Masia la Palma , em va ensenyar una ressenya que li va deixar una clienta. Una d&#8217;aquelles ressenyes que no necessiten floritures ni par\u00e0grafs eterns: poques paraules, per\u00f2 tan ben triades que et pessiquin l&#8217;\u00e0nima. Una ressenya bonica, s\u00ed&#8230; per\u00f2, sobretot, aut\u00e8ntica . D&#8217;aquelles que aconsegueixen condensar [&hellip;]<\/p>\n","protected":false},"author":2,"featured_media":4144,"comment_status":"open","ping_status":"closed","sticky":false,"template":"","format":"standard","meta":{"_acf_changed":false,"footnotes":""},"categories":[35],"tags":[],"class_list":["post-4157","post","type-post","status-publish","format-standard","has-post-thumbnail","hentry","category-histories-mastorrencito"],"yoast_head":"<!-- This site is optimized with the Yoast SEO Premium plugin v27.3 (Yoast SEO v27.5) - https:\/\/yoast.com\/product\/yoast-seo-premium-wordpress\/ -->\n<title>Saps que \u00e9s UX, B2B o B2C? - Mas Torrencito CAT<\/title>\n<meta name=\"description\" content=\"I \u00e9s que en aix\u00f2 de vendre, o et poses les piles o et mengen... encara que crec que el millor \u00e9s SER AUTENTIC. Saps que \u00e9s UX, B2B o B2C?\" \/>\n<meta name=\"robots\" content=\"index, follow, max-snippet:-1, max-image-preview:large, max-video-preview:-1\" \/>\n<link rel=\"canonical\" href=\"https:\/\/mastorrencito.com\/cat\/saps-que-es-ux-b2b-o-b2c\/\" \/>\n<meta property=\"og:locale\" content=\"es_ES\" \/>\n<meta property=\"og:type\" content=\"article\" \/>\n<meta property=\"og:title\" content=\"Saps que \u00e9s UX, B2B o B2C?\" \/>\n<meta property=\"og:description\" content=\"I \u00e9s que en aix\u00f2 de vendre, o et poses les piles o et mengen... encara que crec que el millor \u00e9s SER AUTENTIC. Saps que \u00e9s UX, B2B o B2C?\" \/>\n<meta property=\"og:url\" content=\"https:\/\/mastorrencito.com\/cat\/saps-que-es-ux-b2b-o-b2c\/\" \/>\n<meta property=\"og:site_name\" content=\"Mas Torrencito CAT\" \/>\n<meta property=\"article:published_time\" content=\"2025-05-04T04:40:44+00:00\" \/>\n<meta property=\"og:image\" content=\"https:\/\/mastorrencito.com\/cat\/wp-content\/uploads\/sites\/3\/b2b.jpg\" \/>\n\t<meta property=\"og:image:width\" content=\"1024\" \/>\n\t<meta property=\"og:image:height\" content=\"1536\" \/>\n\t<meta property=\"og:image:type\" content=\"image\/jpeg\" \/>\n<meta name=\"author\" content=\"Mastorrencito\" \/>\n<meta name=\"twitter:card\" content=\"summary_large_image\" \/>\n<meta name=\"twitter:label1\" content=\"Escrito por\" \/>\n\t<meta name=\"twitter:data1\" content=\"Mastorrencito\" \/>\n\t<meta name=\"twitter:label2\" content=\"Tiempo de lectura\" \/>\n\t<meta name=\"twitter:data2\" content=\"5 minutos\" \/>\n<script type=\"application\/ld+json\" class=\"yoast-schema-graph\">{\"@context\":\"https:\\\/\\\/schema.org\",\"@graph\":[{\"@type\":\"Article\",\"@id\":\"https:\\\/\\\/mastorrencito.com\\\/cat\\\/saps-que-es-ux-b2b-o-b2c\\\/#article\",\"isPartOf\":{\"@id\":\"https:\\\/\\\/mastorrencito.com\\\/cat\\\/saps-que-es-ux-b2b-o-b2c\\\/\"},\"author\":{\"name\":\"Mastorrencito\",\"@id\":\"https:\\\/\\\/mastorrencito.com\\\/#\\\/schema\\\/person\\\/18c619be80d4ae2667c702911625f790\"},\"headline\":\"Saps que \u00e9s UX, B2B o B2C?\",\"datePublished\":\"2025-05-04T04:40:44+00:00\",\"mainEntityOfPage\":{\"@id\":\"https:\\\/\\\/mastorrencito.com\\\/cat\\\/saps-que-es-ux-b2b-o-b2c\\\/\"},\"wordCount\":965,\"commentCount\":0,\"publisher\":{\"@id\":\"https:\\\/\\\/mastorrencito.com\\\/#organization\"},\"image\":{\"@id\":\"https:\\\/\\\/mastorrencito.com\\\/cat\\\/saps-que-es-ux-b2b-o-b2c\\\/#primaryimage\"},\"thumbnailUrl\":\"https:\\\/\\\/mastorrencito.com\\\/cat\\\/wp-content\\\/uploads\\\/sites\\\/3\\\/b2b.jpg\",\"articleSection\":[\"Hist\u00f2ries Mastorrencito\"],\"inLanguage\":\"es\",\"potentialAction\":[{\"@type\":\"CommentAction\",\"name\":\"Comment\",\"target\":[\"https:\\\/\\\/mastorrencito.com\\\/cat\\\/saps-que-es-ux-b2b-o-b2c\\\/#respond\"]}]},{\"@type\":\"WebPage\",\"@id\":\"https:\\\/\\\/mastorrencito.com\\\/cat\\\/saps-que-es-ux-b2b-o-b2c\\\/\",\"url\":\"https:\\\/\\\/mastorrencito.com\\\/cat\\\/saps-que-es-ux-b2b-o-b2c\\\/\",\"name\":\"Saps que \u00e9s UX, B2B o B2C? - Mas Torrencito CAT\",\"isPartOf\":{\"@id\":\"https:\\\/\\\/mastorrencito.com\\\/#website\"},\"primaryImageOfPage\":{\"@id\":\"https:\\\/\\\/mastorrencito.com\\\/cat\\\/saps-que-es-ux-b2b-o-b2c\\\/#primaryimage\"},\"image\":{\"@id\":\"https:\\\/\\\/mastorrencito.com\\\/cat\\\/saps-que-es-ux-b2b-o-b2c\\\/#primaryimage\"},\"thumbnailUrl\":\"https:\\\/\\\/mastorrencito.com\\\/cat\\\/wp-content\\\/uploads\\\/sites\\\/3\\\/b2b.jpg\",\"datePublished\":\"2025-05-04T04:40:44+00:00\",\"description\":\"I \u00e9s que en aix\u00f2 de vendre, o et poses les piles o et mengen... encara que crec que el millor \u00e9s SER AUTENTIC. Saps que \u00e9s UX, B2B o B2C?\",\"breadcrumb\":{\"@id\":\"https:\\\/\\\/mastorrencito.com\\\/cat\\\/saps-que-es-ux-b2b-o-b2c\\\/#breadcrumb\"},\"inLanguage\":\"es\",\"potentialAction\":[{\"@type\":\"ReadAction\",\"target\":[\"https:\\\/\\\/mastorrencito.com\\\/cat\\\/saps-que-es-ux-b2b-o-b2c\\\/\"]}]},{\"@type\":\"ImageObject\",\"inLanguage\":\"es\",\"@id\":\"https:\\\/\\\/mastorrencito.com\\\/cat\\\/saps-que-es-ux-b2b-o-b2c\\\/#primaryimage\",\"url\":\"https:\\\/\\\/mastorrencito.com\\\/cat\\\/wp-content\\\/uploads\\\/sites\\\/3\\\/b2b.jpg\",\"contentUrl\":\"https:\\\/\\\/mastorrencito.com\\\/cat\\\/wp-content\\\/uploads\\\/sites\\\/3\\\/b2b.jpg\",\"width\":1024,\"height\":1536,\"caption\":\"UX o la experiencia final del cliente by MasTorrencito\"},{\"@type\":\"BreadcrumbList\",\"@id\":\"https:\\\/\\\/mastorrencito.com\\\/cat\\\/saps-que-es-ux-b2b-o-b2c\\\/#breadcrumb\",\"itemListElement\":[{\"@type\":\"ListItem\",\"position\":1,\"name\":\"Portada\",\"item\":\"https:\\\/\\\/mastorrencito.com\\\/\"},{\"@type\":\"ListItem\",\"position\":2,\"name\":\"Saps que \u00e9s UX, B2B o B2C?\"}]},{\"@type\":\"WebSite\",\"@id\":\"https:\\\/\\\/mastorrencito.com\\\/#website\",\"url\":\"https:\\\/\\\/mastorrencito.com\\\/\",\"name\":\"Mas Torrencito CAT\",\"description\":\"Casa rural pet friendly en Girona\",\"publisher\":{\"@id\":\"https:\\\/\\\/mastorrencito.com\\\/#organization\"},\"potentialAction\":[{\"@type\":\"SearchAction\",\"target\":{\"@type\":\"EntryPoint\",\"urlTemplate\":\"https:\\\/\\\/mastorrencito.com\\\/?s={search_term_string}\"},\"query-input\":{\"@type\":\"PropertyValueSpecification\",\"valueRequired\":true,\"valueName\":\"search_term_string\"}}],\"inLanguage\":\"es\"},{\"@type\":\"Organization\",\"@id\":\"https:\\\/\\\/mastorrencito.com\\\/#organization\",\"name\":\"Mas Torrencito CAT\",\"url\":\"https:\\\/\\\/mastorrencito.com\\\/\",\"logo\":{\"@type\":\"ImageObject\",\"inLanguage\":\"es\",\"@id\":\"https:\\\/\\\/mastorrencito.com\\\/#\\\/schema\\\/logo\\\/image\\\/\",\"url\":\"https:\\\/\\\/mastorrencito.com\\\/cat\\\/wp-content\\\/uploads\\\/sites\\\/3\\\/Logo-Mastorrencito-horizontal.webp\",\"contentUrl\":\"https:\\\/\\\/mastorrencito.com\\\/cat\\\/wp-content\\\/uploads\\\/sites\\\/3\\\/Logo-Mastorrencito-horizontal.webp\",\"width\":161,\"height\":54,\"caption\":\"Mas Torrencito CAT\"},\"image\":{\"@id\":\"https:\\\/\\\/mastorrencito.com\\\/#\\\/schema\\\/logo\\\/image\\\/\"}},{\"@type\":\"Person\",\"@id\":\"https:\\\/\\\/mastorrencito.com\\\/#\\\/schema\\\/person\\\/18c619be80d4ae2667c702911625f790\",\"name\":\"Mastorrencito\",\"image\":{\"@type\":\"ImageObject\",\"inLanguage\":\"es\",\"@id\":\"https:\\\/\\\/secure.gravatar.com\\\/avatar\\\/3ef55e0519f987a734c21caee1423b51df7b760b7d81a38ecd31cab0a5115f6d?s=96&d=mm&r=g\",\"url\":\"https:\\\/\\\/secure.gravatar.com\\\/avatar\\\/3ef55e0519f987a734c21caee1423b51df7b760b7d81a38ecd31cab0a5115f6d?s=96&d=mm&r=g\",\"contentUrl\":\"https:\\\/\\\/secure.gravatar.com\\\/avatar\\\/3ef55e0519f987a734c21caee1423b51df7b760b7d81a38ecd31cab0a5115f6d?s=96&d=mm&r=g\",\"caption\":\"Mastorrencito\"},\"url\":\"https:\\\/\\\/mastorrencito.com\\\/cat\\\/author\\\/mastorrencito\\\/\"}]}<\/script>\n<!-- \/ Yoast SEO Premium plugin. -->","yoast_head_json":{"title":"Saps que \u00e9s UX, B2B o B2C? - Mas Torrencito CAT","description":"I \u00e9s que en aix\u00f2 de vendre, o et poses les piles o et mengen... encara que crec que el millor \u00e9s SER AUTENTIC. Saps que \u00e9s UX, B2B o B2C?","robots":{"index":"index","follow":"follow","max-snippet":"max-snippet:-1","max-image-preview":"max-image-preview:large","max-video-preview":"max-video-preview:-1"},"canonical":"https:\/\/mastorrencito.com\/cat\/saps-que-es-ux-b2b-o-b2c\/","og_locale":"es_ES","og_type":"article","og_title":"Saps que \u00e9s UX, B2B o B2C?","og_description":"I \u00e9s que en aix\u00f2 de vendre, o et poses les piles o et mengen... encara que crec que el millor \u00e9s SER AUTENTIC. Saps que \u00e9s UX, B2B o B2C?","og_url":"https:\/\/mastorrencito.com\/cat\/saps-que-es-ux-b2b-o-b2c\/","og_site_name":"Mas Torrencito CAT","article_published_time":"2025-05-04T04:40:44+00:00","og_image":[{"width":1024,"height":1536,"url":"https:\/\/mastorrencito.com\/cat\/wp-content\/uploads\/sites\/3\/b2b.jpg","type":"image\/jpeg"}],"author":"Mastorrencito","twitter_card":"summary_large_image","twitter_misc":{"Escrito por":"Mastorrencito","Tiempo de lectura":"5 minutos"},"schema":{"@context":"https:\/\/schema.org","@graph":[{"@type":"Article","@id":"https:\/\/mastorrencito.com\/cat\/saps-que-es-ux-b2b-o-b2c\/#article","isPartOf":{"@id":"https:\/\/mastorrencito.com\/cat\/saps-que-es-ux-b2b-o-b2c\/"},"author":{"name":"Mastorrencito","@id":"https:\/\/mastorrencito.com\/#\/schema\/person\/18c619be80d4ae2667c702911625f790"},"headline":"Saps que \u00e9s UX, B2B o B2C?","datePublished":"2025-05-04T04:40:44+00:00","mainEntityOfPage":{"@id":"https:\/\/mastorrencito.com\/cat\/saps-que-es-ux-b2b-o-b2c\/"},"wordCount":965,"commentCount":0,"publisher":{"@id":"https:\/\/mastorrencito.com\/#organization"},"image":{"@id":"https:\/\/mastorrencito.com\/cat\/saps-que-es-ux-b2b-o-b2c\/#primaryimage"},"thumbnailUrl":"https:\/\/mastorrencito.com\/cat\/wp-content\/uploads\/sites\/3\/b2b.jpg","articleSection":["Hist\u00f2ries Mastorrencito"],"inLanguage":"es","potentialAction":[{"@type":"CommentAction","name":"Comment","target":["https:\/\/mastorrencito.com\/cat\/saps-que-es-ux-b2b-o-b2c\/#respond"]}]},{"@type":"WebPage","@id":"https:\/\/mastorrencito.com\/cat\/saps-que-es-ux-b2b-o-b2c\/","url":"https:\/\/mastorrencito.com\/cat\/saps-que-es-ux-b2b-o-b2c\/","name":"Saps que \u00e9s UX, B2B o B2C? - Mas Torrencito CAT","isPartOf":{"@id":"https:\/\/mastorrencito.com\/#website"},"primaryImageOfPage":{"@id":"https:\/\/mastorrencito.com\/cat\/saps-que-es-ux-b2b-o-b2c\/#primaryimage"},"image":{"@id":"https:\/\/mastorrencito.com\/cat\/saps-que-es-ux-b2b-o-b2c\/#primaryimage"},"thumbnailUrl":"https:\/\/mastorrencito.com\/cat\/wp-content\/uploads\/sites\/3\/b2b.jpg","datePublished":"2025-05-04T04:40:44+00:00","description":"I \u00e9s que en aix\u00f2 de vendre, o et poses les piles o et mengen... encara que crec que el millor \u00e9s SER AUTENTIC. Saps que \u00e9s UX, B2B o B2C?","breadcrumb":{"@id":"https:\/\/mastorrencito.com\/cat\/saps-que-es-ux-b2b-o-b2c\/#breadcrumb"},"inLanguage":"es","potentialAction":[{"@type":"ReadAction","target":["https:\/\/mastorrencito.com\/cat\/saps-que-es-ux-b2b-o-b2c\/"]}]},{"@type":"ImageObject","inLanguage":"es","@id":"https:\/\/mastorrencito.com\/cat\/saps-que-es-ux-b2b-o-b2c\/#primaryimage","url":"https:\/\/mastorrencito.com\/cat\/wp-content\/uploads\/sites\/3\/b2b.jpg","contentUrl":"https:\/\/mastorrencito.com\/cat\/wp-content\/uploads\/sites\/3\/b2b.jpg","width":1024,"height":1536,"caption":"UX o la experiencia final del cliente by MasTorrencito"},{"@type":"BreadcrumbList","@id":"https:\/\/mastorrencito.com\/cat\/saps-que-es-ux-b2b-o-b2c\/#breadcrumb","itemListElement":[{"@type":"ListItem","position":1,"name":"Portada","item":"https:\/\/mastorrencito.com\/"},{"@type":"ListItem","position":2,"name":"Saps que \u00e9s UX, B2B o B2C?"}]},{"@type":"WebSite","@id":"https:\/\/mastorrencito.com\/#website","url":"https:\/\/mastorrencito.com\/","name":"Mas Torrencito CAT","description":"Casa rural pet friendly en Girona","publisher":{"@id":"https:\/\/mastorrencito.com\/#organization"},"potentialAction":[{"@type":"SearchAction","target":{"@type":"EntryPoint","urlTemplate":"https:\/\/mastorrencito.com\/?s={search_term_string}"},"query-input":{"@type":"PropertyValueSpecification","valueRequired":true,"valueName":"search_term_string"}}],"inLanguage":"es"},{"@type":"Organization","@id":"https:\/\/mastorrencito.com\/#organization","name":"Mas Torrencito CAT","url":"https:\/\/mastorrencito.com\/","logo":{"@type":"ImageObject","inLanguage":"es","@id":"https:\/\/mastorrencito.com\/#\/schema\/logo\/image\/","url":"https:\/\/mastorrencito.com\/cat\/wp-content\/uploads\/sites\/3\/Logo-Mastorrencito-horizontal.webp","contentUrl":"https:\/\/mastorrencito.com\/cat\/wp-content\/uploads\/sites\/3\/Logo-Mastorrencito-horizontal.webp","width":161,"height":54,"caption":"Mas Torrencito CAT"},"image":{"@id":"https:\/\/mastorrencito.com\/#\/schema\/logo\/image\/"}},{"@type":"Person","@id":"https:\/\/mastorrencito.com\/#\/schema\/person\/18c619be80d4ae2667c702911625f790","name":"Mastorrencito","image":{"@type":"ImageObject","inLanguage":"es","@id":"https:\/\/secure.gravatar.com\/avatar\/3ef55e0519f987a734c21caee1423b51df7b760b7d81a38ecd31cab0a5115f6d?s=96&d=mm&r=g","url":"https:\/\/secure.gravatar.com\/avatar\/3ef55e0519f987a734c21caee1423b51df7b760b7d81a38ecd31cab0a5115f6d?s=96&d=mm&r=g","contentUrl":"https:\/\/secure.gravatar.com\/avatar\/3ef55e0519f987a734c21caee1423b51df7b760b7d81a38ecd31cab0a5115f6d?s=96&d=mm&r=g","caption":"Mastorrencito"},"url":"https:\/\/mastorrencito.com\/cat\/author\/mastorrencito\/"}]}},"acf":[],"_links":{"self":[{"href":"https:\/\/mastorrencito.com\/cat\/wp-json\/wp\/v2\/posts\/4157","targetHints":{"allow":["GET"]}}],"collection":[{"href":"https:\/\/mastorrencito.com\/cat\/wp-json\/wp\/v2\/posts"}],"about":[{"href":"https:\/\/mastorrencito.com\/cat\/wp-json\/wp\/v2\/types\/post"}],"author":[{"embeddable":true,"href":"https:\/\/mastorrencito.com\/cat\/wp-json\/wp\/v2\/users\/2"}],"replies":[{"embeddable":true,"href":"https:\/\/mastorrencito.com\/cat\/wp-json\/wp\/v2\/comments?post=4157"}],"version-history":[{"count":0,"href":"https:\/\/mastorrencito.com\/cat\/wp-json\/wp\/v2\/posts\/4157\/revisions"}],"wp:featuredmedia":[{"embeddable":true,"href":"https:\/\/mastorrencito.com\/cat\/wp-json\/wp\/v2\/media\/4144"}],"wp:attachment":[{"href":"https:\/\/mastorrencito.com\/cat\/wp-json\/wp\/v2\/media?parent=4157"}],"wp:term":[{"taxonomy":"category","embeddable":true,"href":"https:\/\/mastorrencito.com\/cat\/wp-json\/wp\/v2\/categories?post=4157"},{"taxonomy":"post_tag","embeddable":true,"href":"https:\/\/mastorrencito.com\/cat\/wp-json\/wp\/v2\/tags?post=4157"}],"curies":[{"name":"wp","href":"https:\/\/api.w.org\/{rel}","templated":true}]}}