{"id":4155,"date":"2025-05-08T07:20:33","date_gmt":"2025-05-08T07:20:33","guid":{"rendered":"https:\/\/casaruralconperrosgirona.com\/lestres-de-tenir-gossa-per-culpa-de-la-gent\/"},"modified":"2025-05-08T07:20:33","modified_gmt":"2025-05-08T07:20:33","slug":"lestres-de-tenir-gossa-per-culpa-de-la-gent","status":"publish","type":"post","link":"https:\/\/mastorrencito.com\/cat\/lestres-de-tenir-gossa-per-culpa-de-la-gent\/","title":{"rendered":"L&#8217;estr\u00e8s de tenir gossa\u2026 per culpa de la gent"},"content":{"rendered":"\n<hr class=\"wp-block-separator has-alpha-channel-opacity\" \/>\n\n<p>Hi ha una cosa que moltes vegades no es diu, per\u00f2 que els que convivim amb gossos sentim di\u00e0riament: l&#8217;estr\u00e8s, la tensi\u00f3 constant pel simple fet de passejar o sortir a prendre alguna cosa amb el nostre company de quatre grapes. I no, no parlo del gos. Parlo de lentorn. De la gent. Dels que miren, jutgen, critiquen o directament se senten amb dret a dir-te com t&#8217;hauries de comportar nom\u00e9s perqu\u00e8 vas acompanyat d&#8217;un animal.    <\/p>\n\n<p>I el m\u00e9s curi\u00f3s de tot \u00e9s que aix\u00f2 no passa a qualsevol lloc. No. Jo ho visc en un lloc que, en teoria, \u00e9s un espai pensat per als amants dels gossos. Un lloc on ells poden estar solts, jugar, c\u00f3rrer, xipollejar, fer el que millor saben fer: ser gossos. Per\u00f2 fins aqu\u00ed arriben els peros. Perqu\u00e8 tot i aix\u00ed, tot i deixar clar que aquest \u00e9s un espai lliure per a ells, et trobes amb persones \u2014sense gos, \u00e9s clar\u2014 que es molesten, que se sorprenen, que t&#8217;increpen perqu\u00e8 el teu gos \u00abt\u00e9 massa llibertat\u00bb.     <\/p>\n<figure class=\"wp-block-post-featured-image\"><img fetchpriority=\"high\" decoding=\"async\" width=\"1024\" height=\"1024\" src=\"https:\/\/mastorrencito.com\/cat\/wp-content\/uploads\/sites\/3\/esytress-1.jpg\" class=\"attachment-post-thumbnail size-post-thumbnail wp-post-image\" alt=\"Nuestro STRESSSS por culpa de &quot;ELL@S&quot;\" style=\"object-fit:cover;\" srcset=\"https:\/\/mastorrencito.com\/cat\/wp-content\/uploads\/sites\/3\/esytress-1.jpg 1024w, https:\/\/mastorrencito.com\/cat\/wp-content\/uploads\/sites\/3\/esytress-1-300x300.jpg 300w, https:\/\/mastorrencito.com\/cat\/wp-content\/uploads\/sites\/3\/esytress-1-150x150.jpg 150w, https:\/\/mastorrencito.com\/cat\/wp-content\/uploads\/sites\/3\/esytress-1-768x768.jpg 768w\" sizes=\"(max-width: 1024px) 100vw, 1024px\" \/><\/figure>\n<p>Massa llibertat? Des de quan la llibertat \u00e9s un problema quan no molesta ning\u00fa? <\/p>\n\n<p>Et creues amb aquesta senyora que arrufa les celles si el gos passa a prop de la seva manta, encara que ni l&#8217;olora. O aquest pare que llan\u00e7a indirectes perqu\u00e8 el seu fill \u201ct\u00e9 por dels gossos\u201d, com si fos culpa teva o del teu gos. I compte, no tots els nens tenen por, per\u00f2 \u00e9s curi\u00f3s com moltes vegades \u00e9s l&#8217;adult el que fica aquesta por, el que fa un drama cada cop que un gos passa trotant a prop. A molts bars, el gos est\u00e0 tranquil\u00b7lament estirat al costat de la taula, mentre un nen corre, crida, llan\u00e7a coberts i els pares ni s&#8217;immuten. Per\u00f2 \u00e9s clar, el problema \u00e9s el gos, no el soroll, no l&#8217;enrenou, no la manca de respecte.    <\/p>\n\n<p>He viscut situacions absurdes: una vegada alg\u00fa es va asseure a prop\u00f2sit a prop nom\u00e9s per despr\u00e9s demanar que lligara el meu gos \u201cperqu\u00e8 l&#8217;incomodava\u201d. Una altra vegada una parella se&#8217;n va anar indignada del bar perqu\u00e8 \u201cno els havien avisat que hi havia gossos\u201d, com si fos un espectacle traum\u00e0tic. Fins i tot hi ha els que xiuxiuegen, els que fan gestos, els que deixen anar comentaris en veu alta com \u201caix\u00f2 ja sembla un zool\u00f2gic\u201d o \u201cels gossos haurien d&#8217;estar prohibits en aquests llocs\u201d.  <\/p>\n\n<p>I el pitjor \u00e9s que un s&#8217;ho pren personal, perqu\u00e8 al final acabes caminant per aqu\u00ed amb les celles arrufades, amb mil ulls, intentant que el teu gos no molesti, que no bordi, que no s&#8217;acosti a ning\u00fa, que no saludi altres gossos\u2026 com si estiguessis passejant amb una bomba a punt d&#8217;explotar. No gaudeixes. Ni tu ni el gos.  <\/p>\n\n<p>S\u00ed, hi ha persones que es desentenen del tot, que no controlen, que deixen el gos fer el que vol. Per\u00f2 aquests s\u00f3n els menys. La majoria estem pendents, portem bosses, respectem espais, eduquem, corregim. Fem lesfor\u00e7. Per\u00f2 potser ens tracten a tots igual: com si estigu\u00e9ssim fent alguna cosa malament simplement per compartir la vida amb un gos.    <\/p>\n\n<p>I \u00e9s aqu\u00ed quan un es cansa. Perqu\u00e8 no es tracta nom\u00e9s de tenir un gos. Es tracta d&#8217;aguantar mirades, comentaris, actituds hostils o passiu-agressives\u2026 tot per triar compartir el teu temps amb un animal que, per cert, moltes vegades t\u00e9 m\u00e9s educaci\u00f3 i respecte que molts humans.  <\/p>\n\n<p>Jo ho tinc clar: prefereixo mil vegades un gos corrent lliure pel camp, feli\u00e7, amb fang fins a les orelles, que un lligat i trist, nom\u00e9s per complir amb les expectatives dels que no entenen ni respecten. I tamb\u00e9 prefereixo mil vegades compartir una terrassa amb diversos gossos tranquils, que amb persones intolerants que creuen que el m\u00f3n els pertany nom\u00e9s a ells. <\/p>\n\n<p>Aix\u00ed que s\u00ed, aix\u00f2 va per als que critiquen, per als que es molesten, per als que creuen que un gos \u00e9s un problema: potser els que s&#8217;han de revisar no s\u00f3n ells\u2026 som nosaltres, com a societat, que hem perdut l&#8217;empatia, la conviv\u00e8ncia i el respecte mutu. Perqu\u00e8 si un gos feli\u00e7 et molesta, potser el problema no \u00e9s al gos. <\/p>\n\n<h2 class=\"wp-block-heading\">Reflexi\u00f3<\/h2>\n\n<p>De vegades fa la sensaci\u00f3 que a certa gent no li molesten els gossos\u2026 els molesta la pau. Hi ha qui surt al carrer amb el radar posat, buscant el m\u00e9s m\u00ednim pretext per discutir, per assenyalar, per imposar la seva opini\u00f3. Si no \u00e9s el gos, ser\u00e0 el nen, la m\u00fasica, el volum de la teva veu o el color de les sabates.  <\/p>\n\n<p>Per\u00f2 quan un gos simplement juga, camina o es tomba tranquil i aix\u00f2 ja \u00e9s motiu de queixes, no parlem de conviv\u00e8ncia. Estem parlant d\u00b4intoler\u00e0ncia. D&#8217;aquesta agressivitat passiva \u2014o de vegades no tan passiva\u2014 dels que viuen buscant el conflicte perqu\u00e8 no saben relacionar-se altrament.  <\/p>\n\n<p>I mentrestant, nosaltres, els que nom\u00e9s volem viure en pau amb els nostres gossos, hem d&#8217;aguantar mirades, retrets i fins i tot insults. Com si gaudir a l&#8217;aire lliure amb un animal feli\u00e7 fos una provocaci\u00f3. <\/p>\n\n<p>La veritable conviv\u00e8ncia es basa en respecte. I respectar tamb\u00e9 significa tolerar que altres visquin de manera diferent de la teva, sense que aix\u00f2 sigui una amena\u00e7a. Perqu\u00e8 quan un gos feli\u00e7 molesta m\u00e9s que una persona amargada buscant baralla, el problema no \u00e9s al gos.  <\/p>\n\n<p>Des de MasTorrencito et desitgem un bon dia i que els teus gossos t&#8217;acompanyin!!<\/p>\n\n<p>\u2014\u2013<br \/> Si vols, pot veure els nostres bons per <a href=\"https:\/\/mastorrencito.com\/\" target=\"_blank\" rel=\"noreferrer noopener\">a<\/a> <strong>caps de setmana, bons jubilats<\/strong> , a un preu incre\u00efble.. entra a <a href=\"https:\/\/www.mastorrencito.com\/\">www.mastorrencito.com<\/a> o si vols podeu llegir m\u00e9s hist\u00f2ria i an\u00e8cdotes que ens <a href=\"https:\/\/mastorrencito.com\/es\/\">han<\/a> passat a MasTorrencito\u2026 Clickea aqui\u2026<\/p>\n","protected":false},"excerpt":{"rendered":"<p>Hi ha una cosa que moltes vegades no es diu, per\u00f2 que els que convivim amb gossos sentim di\u00e0riament: l&#8217;estr\u00e8s, la tensi\u00f3 constant pel simple fet de passejar o sortir a prendre alguna cosa amb el nostre company de quatre grapes. I no, no parlo del gos. Parlo de lentorn. De la gent. Dels que [&hellip;]<\/p>\n","protected":false},"author":2,"featured_media":4151,"comment_status":"open","ping_status":"closed","sticky":false,"template":"","format":"standard","meta":{"_acf_changed":false,"footnotes":""},"categories":[35],"tags":[],"class_list":["post-4155","post","type-post","status-publish","format-standard","has-post-thumbnail","hentry","category-histories-mastorrencito"],"yoast_head":"<!-- This site is optimized with the Yoast SEO Premium plugin v27.3 (Yoast SEO v27.5) - https:\/\/yoast.com\/product\/yoast-seo-premium-wordpress\/ -->\n<title>L&#039;estr\u00e8s de tenir gossa\u2026 per culpa de la gent - Mas Torrencito CAT<\/title>\n<meta name=\"description\" content=\"I \u00e9s que hi ha vegades que t&#039;agradava enganxar alg\u00fa... de deb\u00f2... L&#039;estr\u00e8s de tenir gossa\u2026 per culpa de la gent by MasTorrencito\" \/>\n<meta name=\"robots\" content=\"index, follow, max-snippet:-1, max-image-preview:large, max-video-preview:-1\" \/>\n<link rel=\"canonical\" href=\"https:\/\/mastorrencito.com\/cat\/lestres-de-tenir-gossa-per-culpa-de-la-gent\/\" \/>\n<meta property=\"og:locale\" content=\"es_ES\" \/>\n<meta property=\"og:type\" content=\"article\" \/>\n<meta property=\"og:title\" content=\"L&#039;estr\u00e8s de tenir gossa\u2026 per culpa de la gent\" \/>\n<meta property=\"og:description\" content=\"I \u00e9s que hi ha vegades que t&#039;agradava enganxar alg\u00fa... de deb\u00f2... L&#039;estr\u00e8s de tenir gossa\u2026 per culpa de la gent by MasTorrencito\" \/>\n<meta property=\"og:url\" content=\"https:\/\/mastorrencito.com\/cat\/lestres-de-tenir-gossa-per-culpa-de-la-gent\/\" \/>\n<meta property=\"og:site_name\" content=\"Mas Torrencito CAT\" \/>\n<meta property=\"article:published_time\" content=\"2025-05-08T07:20:33+00:00\" \/>\n<meta property=\"og:image\" content=\"https:\/\/mastorrencito.com\/cat\/wp-content\/uploads\/sites\/3\/esytress-1.jpg\" \/>\n\t<meta property=\"og:image:width\" content=\"1024\" \/>\n\t<meta property=\"og:image:height\" content=\"1024\" \/>\n\t<meta property=\"og:image:type\" content=\"image\/jpeg\" \/>\n<meta name=\"author\" content=\"Mastorrencito\" \/>\n<meta name=\"twitter:card\" content=\"summary_large_image\" \/>\n<meta name=\"twitter:label1\" content=\"Escrito por\" \/>\n\t<meta name=\"twitter:data1\" content=\"Mastorrencito\" \/>\n\t<meta name=\"twitter:label2\" content=\"Tiempo de lectura\" \/>\n\t<meta name=\"twitter:data2\" content=\"5 minutos\" \/>\n<script type=\"application\/ld+json\" class=\"yoast-schema-graph\">{\"@context\":\"https:\\\/\\\/schema.org\",\"@graph\":[{\"@type\":\"Article\",\"@id\":\"https:\\\/\\\/mastorrencito.com\\\/cat\\\/lestres-de-tenir-gossa-per-culpa-de-la-gent\\\/#article\",\"isPartOf\":{\"@id\":\"https:\\\/\\\/mastorrencito.com\\\/cat\\\/lestres-de-tenir-gossa-per-culpa-de-la-gent\\\/\"},\"author\":{\"name\":\"Mastorrencito\",\"@id\":\"https:\\\/\\\/mastorrencito.com\\\/#\\\/schema\\\/person\\\/18c619be80d4ae2667c702911625f790\"},\"headline\":\"L&#8217;estr\u00e8s de tenir gossa\u2026 per culpa de la gent\",\"datePublished\":\"2025-05-08T07:20:33+00:00\",\"mainEntityOfPage\":{\"@id\":\"https:\\\/\\\/mastorrencito.com\\\/cat\\\/lestres-de-tenir-gossa-per-culpa-de-la-gent\\\/\"},\"wordCount\":1005,\"commentCount\":0,\"publisher\":{\"@id\":\"https:\\\/\\\/mastorrencito.com\\\/#organization\"},\"image\":{\"@id\":\"https:\\\/\\\/mastorrencito.com\\\/cat\\\/lestres-de-tenir-gossa-per-culpa-de-la-gent\\\/#primaryimage\"},\"thumbnailUrl\":\"https:\\\/\\\/mastorrencito.com\\\/cat\\\/wp-content\\\/uploads\\\/sites\\\/3\\\/esytress-1.jpg\",\"articleSection\":[\"Hist\u00f2ries Mastorrencito\"],\"inLanguage\":\"es\",\"potentialAction\":[{\"@type\":\"CommentAction\",\"name\":\"Comment\",\"target\":[\"https:\\\/\\\/mastorrencito.com\\\/cat\\\/lestres-de-tenir-gossa-per-culpa-de-la-gent\\\/#respond\"]}]},{\"@type\":\"WebPage\",\"@id\":\"https:\\\/\\\/mastorrencito.com\\\/cat\\\/lestres-de-tenir-gossa-per-culpa-de-la-gent\\\/\",\"url\":\"https:\\\/\\\/mastorrencito.com\\\/cat\\\/lestres-de-tenir-gossa-per-culpa-de-la-gent\\\/\",\"name\":\"L'estr\u00e8s de tenir gossa\u2026 per culpa de la gent - Mas Torrencito CAT\",\"isPartOf\":{\"@id\":\"https:\\\/\\\/mastorrencito.com\\\/#website\"},\"primaryImageOfPage\":{\"@id\":\"https:\\\/\\\/mastorrencito.com\\\/cat\\\/lestres-de-tenir-gossa-per-culpa-de-la-gent\\\/#primaryimage\"},\"image\":{\"@id\":\"https:\\\/\\\/mastorrencito.com\\\/cat\\\/lestres-de-tenir-gossa-per-culpa-de-la-gent\\\/#primaryimage\"},\"thumbnailUrl\":\"https:\\\/\\\/mastorrencito.com\\\/cat\\\/wp-content\\\/uploads\\\/sites\\\/3\\\/esytress-1.jpg\",\"datePublished\":\"2025-05-08T07:20:33+00:00\",\"description\":\"I \u00e9s que hi ha vegades que t'agradava enganxar alg\u00fa... de deb\u00f2... L'estr\u00e8s de tenir gossa\u2026 per culpa de la gent by MasTorrencito\",\"breadcrumb\":{\"@id\":\"https:\\\/\\\/mastorrencito.com\\\/cat\\\/lestres-de-tenir-gossa-per-culpa-de-la-gent\\\/#breadcrumb\"},\"inLanguage\":\"es\",\"potentialAction\":[{\"@type\":\"ReadAction\",\"target\":[\"https:\\\/\\\/mastorrencito.com\\\/cat\\\/lestres-de-tenir-gossa-per-culpa-de-la-gent\\\/\"]}]},{\"@type\":\"ImageObject\",\"inLanguage\":\"es\",\"@id\":\"https:\\\/\\\/mastorrencito.com\\\/cat\\\/lestres-de-tenir-gossa-per-culpa-de-la-gent\\\/#primaryimage\",\"url\":\"https:\\\/\\\/mastorrencito.com\\\/cat\\\/wp-content\\\/uploads\\\/sites\\\/3\\\/esytress-1.jpg\",\"contentUrl\":\"https:\\\/\\\/mastorrencito.com\\\/cat\\\/wp-content\\\/uploads\\\/sites\\\/3\\\/esytress-1.jpg\",\"width\":1024,\"height\":1024,\"caption\":\"Nuestro STRESSSS por culpa de \\\"ELL@S\\\" BY MASTORRENCITO\"},{\"@type\":\"BreadcrumbList\",\"@id\":\"https:\\\/\\\/mastorrencito.com\\\/cat\\\/lestres-de-tenir-gossa-per-culpa-de-la-gent\\\/#breadcrumb\",\"itemListElement\":[{\"@type\":\"ListItem\",\"position\":1,\"name\":\"Portada\",\"item\":\"https:\\\/\\\/mastorrencito.com\\\/\"},{\"@type\":\"ListItem\",\"position\":2,\"name\":\"L&#8217;estr\u00e8s de tenir gossa\u2026 per culpa de la gent\"}]},{\"@type\":\"WebSite\",\"@id\":\"https:\\\/\\\/mastorrencito.com\\\/#website\",\"url\":\"https:\\\/\\\/mastorrencito.com\\\/\",\"name\":\"Mas Torrencito CAT\",\"description\":\"Casa rural pet friendly en Girona\",\"publisher\":{\"@id\":\"https:\\\/\\\/mastorrencito.com\\\/#organization\"},\"potentialAction\":[{\"@type\":\"SearchAction\",\"target\":{\"@type\":\"EntryPoint\",\"urlTemplate\":\"https:\\\/\\\/mastorrencito.com\\\/?s={search_term_string}\"},\"query-input\":{\"@type\":\"PropertyValueSpecification\",\"valueRequired\":true,\"valueName\":\"search_term_string\"}}],\"inLanguage\":\"es\"},{\"@type\":\"Organization\",\"@id\":\"https:\\\/\\\/mastorrencito.com\\\/#organization\",\"name\":\"Mas Torrencito CAT\",\"url\":\"https:\\\/\\\/mastorrencito.com\\\/\",\"logo\":{\"@type\":\"ImageObject\",\"inLanguage\":\"es\",\"@id\":\"https:\\\/\\\/mastorrencito.com\\\/#\\\/schema\\\/logo\\\/image\\\/\",\"url\":\"https:\\\/\\\/mastorrencito.com\\\/cat\\\/wp-content\\\/uploads\\\/sites\\\/3\\\/Logo-Mastorrencito-horizontal.webp\",\"contentUrl\":\"https:\\\/\\\/mastorrencito.com\\\/cat\\\/wp-content\\\/uploads\\\/sites\\\/3\\\/Logo-Mastorrencito-horizontal.webp\",\"width\":161,\"height\":54,\"caption\":\"Mas Torrencito CAT\"},\"image\":{\"@id\":\"https:\\\/\\\/mastorrencito.com\\\/#\\\/schema\\\/logo\\\/image\\\/\"}},{\"@type\":\"Person\",\"@id\":\"https:\\\/\\\/mastorrencito.com\\\/#\\\/schema\\\/person\\\/18c619be80d4ae2667c702911625f790\",\"name\":\"Mastorrencito\",\"image\":{\"@type\":\"ImageObject\",\"inLanguage\":\"es\",\"@id\":\"https:\\\/\\\/secure.gravatar.com\\\/avatar\\\/3ef55e0519f987a734c21caee1423b51df7b760b7d81a38ecd31cab0a5115f6d?s=96&d=mm&r=g\",\"url\":\"https:\\\/\\\/secure.gravatar.com\\\/avatar\\\/3ef55e0519f987a734c21caee1423b51df7b760b7d81a38ecd31cab0a5115f6d?s=96&d=mm&r=g\",\"contentUrl\":\"https:\\\/\\\/secure.gravatar.com\\\/avatar\\\/3ef55e0519f987a734c21caee1423b51df7b760b7d81a38ecd31cab0a5115f6d?s=96&d=mm&r=g\",\"caption\":\"Mastorrencito\"},\"url\":\"https:\\\/\\\/mastorrencito.com\\\/cat\\\/author\\\/mastorrencito\\\/\"}]}<\/script>\n<!-- \/ Yoast SEO Premium plugin. -->","yoast_head_json":{"title":"L'estr\u00e8s de tenir gossa\u2026 per culpa de la gent - Mas Torrencito CAT","description":"I \u00e9s que hi ha vegades que t'agradava enganxar alg\u00fa... de deb\u00f2... L'estr\u00e8s de tenir gossa\u2026 per culpa de la gent by MasTorrencito","robots":{"index":"index","follow":"follow","max-snippet":"max-snippet:-1","max-image-preview":"max-image-preview:large","max-video-preview":"max-video-preview:-1"},"canonical":"https:\/\/mastorrencito.com\/cat\/lestres-de-tenir-gossa-per-culpa-de-la-gent\/","og_locale":"es_ES","og_type":"article","og_title":"L'estr\u00e8s de tenir gossa\u2026 per culpa de la gent","og_description":"I \u00e9s que hi ha vegades que t'agradava enganxar alg\u00fa... de deb\u00f2... L'estr\u00e8s de tenir gossa\u2026 per culpa de la gent by MasTorrencito","og_url":"https:\/\/mastorrencito.com\/cat\/lestres-de-tenir-gossa-per-culpa-de-la-gent\/","og_site_name":"Mas Torrencito CAT","article_published_time":"2025-05-08T07:20:33+00:00","og_image":[{"width":1024,"height":1024,"url":"https:\/\/mastorrencito.com\/cat\/wp-content\/uploads\/sites\/3\/esytress-1.jpg","type":"image\/jpeg"}],"author":"Mastorrencito","twitter_card":"summary_large_image","twitter_misc":{"Escrito por":"Mastorrencito","Tiempo de lectura":"5 minutos"},"schema":{"@context":"https:\/\/schema.org","@graph":[{"@type":"Article","@id":"https:\/\/mastorrencito.com\/cat\/lestres-de-tenir-gossa-per-culpa-de-la-gent\/#article","isPartOf":{"@id":"https:\/\/mastorrencito.com\/cat\/lestres-de-tenir-gossa-per-culpa-de-la-gent\/"},"author":{"name":"Mastorrencito","@id":"https:\/\/mastorrencito.com\/#\/schema\/person\/18c619be80d4ae2667c702911625f790"},"headline":"L&#8217;estr\u00e8s de tenir gossa\u2026 per culpa de la gent","datePublished":"2025-05-08T07:20:33+00:00","mainEntityOfPage":{"@id":"https:\/\/mastorrencito.com\/cat\/lestres-de-tenir-gossa-per-culpa-de-la-gent\/"},"wordCount":1005,"commentCount":0,"publisher":{"@id":"https:\/\/mastorrencito.com\/#organization"},"image":{"@id":"https:\/\/mastorrencito.com\/cat\/lestres-de-tenir-gossa-per-culpa-de-la-gent\/#primaryimage"},"thumbnailUrl":"https:\/\/mastorrencito.com\/cat\/wp-content\/uploads\/sites\/3\/esytress-1.jpg","articleSection":["Hist\u00f2ries Mastorrencito"],"inLanguage":"es","potentialAction":[{"@type":"CommentAction","name":"Comment","target":["https:\/\/mastorrencito.com\/cat\/lestres-de-tenir-gossa-per-culpa-de-la-gent\/#respond"]}]},{"@type":"WebPage","@id":"https:\/\/mastorrencito.com\/cat\/lestres-de-tenir-gossa-per-culpa-de-la-gent\/","url":"https:\/\/mastorrencito.com\/cat\/lestres-de-tenir-gossa-per-culpa-de-la-gent\/","name":"L'estr\u00e8s de tenir gossa\u2026 per culpa de la gent - Mas Torrencito CAT","isPartOf":{"@id":"https:\/\/mastorrencito.com\/#website"},"primaryImageOfPage":{"@id":"https:\/\/mastorrencito.com\/cat\/lestres-de-tenir-gossa-per-culpa-de-la-gent\/#primaryimage"},"image":{"@id":"https:\/\/mastorrencito.com\/cat\/lestres-de-tenir-gossa-per-culpa-de-la-gent\/#primaryimage"},"thumbnailUrl":"https:\/\/mastorrencito.com\/cat\/wp-content\/uploads\/sites\/3\/esytress-1.jpg","datePublished":"2025-05-08T07:20:33+00:00","description":"I \u00e9s que hi ha vegades que t'agradava enganxar alg\u00fa... de deb\u00f2... L'estr\u00e8s de tenir gossa\u2026 per culpa de la gent by MasTorrencito","breadcrumb":{"@id":"https:\/\/mastorrencito.com\/cat\/lestres-de-tenir-gossa-per-culpa-de-la-gent\/#breadcrumb"},"inLanguage":"es","potentialAction":[{"@type":"ReadAction","target":["https:\/\/mastorrencito.com\/cat\/lestres-de-tenir-gossa-per-culpa-de-la-gent\/"]}]},{"@type":"ImageObject","inLanguage":"es","@id":"https:\/\/mastorrencito.com\/cat\/lestres-de-tenir-gossa-per-culpa-de-la-gent\/#primaryimage","url":"https:\/\/mastorrencito.com\/cat\/wp-content\/uploads\/sites\/3\/esytress-1.jpg","contentUrl":"https:\/\/mastorrencito.com\/cat\/wp-content\/uploads\/sites\/3\/esytress-1.jpg","width":1024,"height":1024,"caption":"Nuestro STRESSSS por culpa de \"ELL@S\" BY MASTORRENCITO"},{"@type":"BreadcrumbList","@id":"https:\/\/mastorrencito.com\/cat\/lestres-de-tenir-gossa-per-culpa-de-la-gent\/#breadcrumb","itemListElement":[{"@type":"ListItem","position":1,"name":"Portada","item":"https:\/\/mastorrencito.com\/"},{"@type":"ListItem","position":2,"name":"L&#8217;estr\u00e8s de tenir gossa\u2026 per culpa de la gent"}]},{"@type":"WebSite","@id":"https:\/\/mastorrencito.com\/#website","url":"https:\/\/mastorrencito.com\/","name":"Mas Torrencito CAT","description":"Casa rural pet friendly en Girona","publisher":{"@id":"https:\/\/mastorrencito.com\/#organization"},"potentialAction":[{"@type":"SearchAction","target":{"@type":"EntryPoint","urlTemplate":"https:\/\/mastorrencito.com\/?s={search_term_string}"},"query-input":{"@type":"PropertyValueSpecification","valueRequired":true,"valueName":"search_term_string"}}],"inLanguage":"es"},{"@type":"Organization","@id":"https:\/\/mastorrencito.com\/#organization","name":"Mas Torrencito CAT","url":"https:\/\/mastorrencito.com\/","logo":{"@type":"ImageObject","inLanguage":"es","@id":"https:\/\/mastorrencito.com\/#\/schema\/logo\/image\/","url":"https:\/\/mastorrencito.com\/cat\/wp-content\/uploads\/sites\/3\/Logo-Mastorrencito-horizontal.webp","contentUrl":"https:\/\/mastorrencito.com\/cat\/wp-content\/uploads\/sites\/3\/Logo-Mastorrencito-horizontal.webp","width":161,"height":54,"caption":"Mas Torrencito CAT"},"image":{"@id":"https:\/\/mastorrencito.com\/#\/schema\/logo\/image\/"}},{"@type":"Person","@id":"https:\/\/mastorrencito.com\/#\/schema\/person\/18c619be80d4ae2667c702911625f790","name":"Mastorrencito","image":{"@type":"ImageObject","inLanguage":"es","@id":"https:\/\/secure.gravatar.com\/avatar\/3ef55e0519f987a734c21caee1423b51df7b760b7d81a38ecd31cab0a5115f6d?s=96&d=mm&r=g","url":"https:\/\/secure.gravatar.com\/avatar\/3ef55e0519f987a734c21caee1423b51df7b760b7d81a38ecd31cab0a5115f6d?s=96&d=mm&r=g","contentUrl":"https:\/\/secure.gravatar.com\/avatar\/3ef55e0519f987a734c21caee1423b51df7b760b7d81a38ecd31cab0a5115f6d?s=96&d=mm&r=g","caption":"Mastorrencito"},"url":"https:\/\/mastorrencito.com\/cat\/author\/mastorrencito\/"}]}},"acf":[],"_links":{"self":[{"href":"https:\/\/mastorrencito.com\/cat\/wp-json\/wp\/v2\/posts\/4155","targetHints":{"allow":["GET"]}}],"collection":[{"href":"https:\/\/mastorrencito.com\/cat\/wp-json\/wp\/v2\/posts"}],"about":[{"href":"https:\/\/mastorrencito.com\/cat\/wp-json\/wp\/v2\/types\/post"}],"author":[{"embeddable":true,"href":"https:\/\/mastorrencito.com\/cat\/wp-json\/wp\/v2\/users\/2"}],"replies":[{"embeddable":true,"href":"https:\/\/mastorrencito.com\/cat\/wp-json\/wp\/v2\/comments?post=4155"}],"version-history":[{"count":0,"href":"https:\/\/mastorrencito.com\/cat\/wp-json\/wp\/v2\/posts\/4155\/revisions"}],"wp:featuredmedia":[{"embeddable":true,"href":"https:\/\/mastorrencito.com\/cat\/wp-json\/wp\/v2\/media\/4151"}],"wp:attachment":[{"href":"https:\/\/mastorrencito.com\/cat\/wp-json\/wp\/v2\/media?parent=4155"}],"wp:term":[{"taxonomy":"category","embeddable":true,"href":"https:\/\/mastorrencito.com\/cat\/wp-json\/wp\/v2\/categories?post=4155"},{"taxonomy":"post_tag","embeddable":true,"href":"https:\/\/mastorrencito.com\/cat\/wp-json\/wp\/v2\/tags?post=4155"}],"curies":[{"name":"wp","href":"https:\/\/api.w.org\/{rel}","templated":true}]}}