{"id":4138,"date":"2025-05-02T04:59:56","date_gmt":"2025-05-02T04:59:56","guid":{"rendered":"https:\/\/casaruralconperrosgirona.com\/vuit-el-gos-de-les-0800\/"},"modified":"2025-05-02T04:59:56","modified_gmt":"2025-05-02T04:59:56","slug":"vuit-el-gos-de-les-0800","status":"publish","type":"post","link":"https:\/\/mastorrencito.com\/cat\/vuit-el-gos-de-les-0800\/","title":{"rendered":"\u00abVuit, el gos de les 08:00\u00bb"},"content":{"rendered":"\n<p>Hi ha dies que comencen com qualsevol altre. Despertes, et vesteixes, prens les claus, surts. No hi ha m\u00fasica al cotxe. Nom\u00e9s el brunzit baix del motor i la calor d&#8217;un estiu que encara no \u00e9s oficial, per\u00f2 ja crema. \u00abVuit, el gos de les 08:00\u00bb    <\/p>\n\n<p>El cel ni tan sols est\u00e0 del tot clar encara. Tot fa olor de camp sec. <\/p>\n\n<p>Havia d&#8217;arribar a la B\u00e0scara abans de les vuit. Les noies venien al bus i ja sabia que arribarien adormides, de mal humor, i amb gana. M&#8217;agradava aquell petit ritual. Anar-les a buscar. Riure&#8217;ns. Parlar de qualsevol cosa sense import\u00e0ncia.     <\/p>\n\n<p>Eren les 07:44.<\/p>\n\n<p>Aleshores, el m\u00f3n es va partir.<\/p>\n\n<p>Un bony va creuar la carretera. Petit, brut, amb el cos maldestre. Venia dels camps de l&#8217;esquerra. Anava directament a l&#8217;altra banda, sense mirar, sense entendre.   <\/p>\n\n<p>Fren\u00e9. O ho vaig intentar. <\/p>\n<figure class=\"wp-block-post-featured-image\"><img fetchpriority=\"high\" decoding=\"async\" width=\"1024\" height=\"1024\" src=\"https:\/\/mastorrencito.com\/cat\/wp-content\/uploads\/sites\/3\/duna.jpg\" class=\"attachment-post-thumbnail size-post-thumbnail wp-post-image\" alt=\"Atropello a las 8:00\" style=\"object-fit:cover;\" srcset=\"https:\/\/mastorrencito.com\/cat\/wp-content\/uploads\/sites\/3\/duna.jpg 1024w, https:\/\/mastorrencito.com\/cat\/wp-content\/uploads\/sites\/3\/duna-300x300.jpg 300w, https:\/\/mastorrencito.com\/cat\/wp-content\/uploads\/sites\/3\/duna-150x150.jpg 150w, https:\/\/mastorrencito.com\/cat\/wp-content\/uploads\/sites\/3\/duna-768x768.jpg 768w\" sizes=\"(max-width: 1024px) 100vw, 1024px\" \/><\/figure>\n<p><strong>THUMP!<\/strong><\/p>\n\n<p>No va ser un soroll fort. Va ser com aixafar una fruita madura. El cotxe es va sacsejar i es va quedar quiet.  <\/p>\n\n<p>Em vaig quedar assegut, amb les mans fermes al volant, sense aire als pulmons. No sabia si obrir la porta o recular el temps. <\/p>\n\n<p>Vaig baixar.<\/p>\n\n<p>All\u00e0 hi era.<\/p>\n\n<p>Un cadell. Les potes tortes. Un fil de sang sortint pel musell. Per\u00f2 visc. Tremolant. Mirant-me.     <\/p>\n\n<p>No bordava. Nom\u00e9s respirava a trossos, com si cada al\u00e8 fos prestat. <\/p>\n\n<p>\u2014No&#8230; no, si us plau&#8230; \u2014vaig xiuxiuejar sense saber a qui.<\/p>\n\n<p>El vaig embolicar amb la manta vella del maleter. El cos es deixava agafar, com si ja hagu\u00e9s decidit rendir-se. <\/p>\n\n<p>Vaig treure el m\u00f2bil.<\/p>\n\n<p>\u2014Judith, s\u00f3c jo.<br \/>\u2014Qu\u00e8 passa?<br \/>\u2014He atropellat un gosset. No ho vaig veure. Va sortir del no-res. Est\u00e0 molt malament.   <br \/>\u2014On ets?<br \/>\u2014Cam\u00ed a la B\u00e0scara.<br \/>\u2014Porta&#8217;l ja. Estic a la cl\u00ednica. <\/p>\n\n<hr class=\"wp-block-separator has-alpha-channel-opacity\" \/>\n\n<p>El trajecte va ser com surar. El cotxe anava sol. El cadell a la meva falda amb prou feines es movia. De vegades un gemec, altres res. En un moment vaig pensar que havia mort. Vaig parar. Vaig acariciar la seva orella. Va moure una mica la cua.       <\/p>\n\n<p>\u2014Aguanta, petit&#8230; Si us plau&#8230; <\/p>\n\n<hr class=\"wp-block-separator has-alpha-channel-opacity\" \/>\n\n<p>Judith ho va rebre amb mans fermes. El va portar dins com qui carrega dinamita: sabent que qualsevol moviment ho pot trencar m\u00e9s. <\/p>\n\n<p>\u2014\u00bf T\u00e9 nom? \u2014em va preguntar sense mirar enrere.<br \/> \u2014No&#8230;<br \/> \u2014Ho anomenarem Vuit. <\/p>\n\n<p>Els dies seg\u00fcents van ser de cl\u00ednica i d&#8217;espera. No tenia obligaci\u00f3 d&#8217;anar-hi, per\u00f2 m&#8217;asseia a la sala blanca, buida, amb olor de desinfectant i penso que em deixava entrar cinc minuts.   <\/p>\n\n<p>\u2014No heu menjat.<br \/>\u2014Doleu?<br \/>\u2014No ho sabem. Est\u00e0 sedat la majoria del temps. <\/p>\n\n<p>De vegades obria els ulls quan li parlava.<\/p>\n\n<p>\u2014Hola, Vuit. S\u00f3c jo. Encara s\u00f3c aqu\u00ed. No et rendeixis, petit. Hi ha moltes coses boniques encara. Galetes. Platges. Ombres d&#8217;oliveres.       <\/p>\n\n<p>Ho deia amb veu tranquil\u00b7la, per\u00f2 per dins estava trencat. No dormia b\u00e9. Em despertava imaginant-me el cop. El cos volant. Els ulls&#8230;..   <\/p>\n\n<hr class=\"wp-block-separator has-alpha-channel-opacity\" \/>\n\n<p>Un mat\u00ed, molt aviat, va arribar el missatge.<\/p>\n\n<p><strong>\u00abVine quan puguis. Est\u00e0 molt feble.\u00bb<\/strong><\/p>\n\n<p>Vaig anar corrent. La Judith m&#8217;esperava a la porta. <\/p>\n\n<p>No em va dir res.<\/p>\n\n<p>Nom\u00e9s va moure el cap. Molt a poc a poc. <\/p>\n\n<p>\u2014Ho intentem \u2014va murmurar, sense deixar-me veure els ulls\u2014. Per\u00f2 no&#8230; no va voler continuar. <\/p>\n\n<p>Vaig entrar.<\/p>\n\n<p>Vuit estava sobre una taula, embolicat amb la mateixa manta. Ja no tremolava. Semblava adormit. Per un segon, gaireb\u00e9 vaig somriure. Despr\u00e9s, em vaig desarmar.    <\/p>\n\n<p>Em vaig asseure a terra, al costat de la llitera.<\/p>\n\n<p>\u2014Ho sento. De deb\u00f2. Perd\u00f3 per no haver anat m\u00e9s lent. Perd\u00f3 per no haver-te salvat.   <\/p>\n\n<p>Van passar minuts. O potser una hora. Fora, el rellotge marcava les 08:02. El bus ja hauria arribat a B\u00e0scara. Les noies estarien esperant. Per\u00f2 jo hi era. Amb Vuit.      <\/p>\n\n<hr class=\"wp-block-separator has-alpha-channel-opacity\" \/>\n\n<p><strong>Conclusi\u00f3:<\/strong><\/p>\n\n<p>Hi ha gent que diu: \u201cnom\u00e9s era un gos\u201d.<\/p>\n\n<p>No entenen.<\/p>\n\n<p>No era <em>un<\/em> gos. Era <em>aquell<\/em> gos. Era la Duna. Era una vida que es va creuar al teu cam\u00ed sense demanar perm\u00eds. Que et va mirar una vegada i et va trencar per dins.    <\/p>\n\n<p>El pitjor malson per a qui estima els animals no \u00e9s perdre&#8217;n un de propi.<\/p>\n\n<p>\u00c9s no poder salvar-ne un que mai no va tenir ning\u00fa.<\/p>\n\n<hr class=\"wp-block-separator has-alpha-channel-opacity\" \/>\n\n<p>Des de MasTorrencito et desitgem un bon dia i que els teus gossos t&#8217;acompanyin!!<\/p>\n\n<p>\u2014\u2013<br \/> Si vols, pot veure els nostres bons per <a href=\"https:\/\/mastorrencito.com\/\" target=\"_blank\" rel=\"noreferrer noopener\">a<\/a> <strong>caps de setmana, bons jubilats<\/strong> , a un preu incre\u00efble.. entra a <a href=\"https:\/\/www.mastorrencito.com\/\">www.mastorrencito.com<\/a> o si vols podeu llegir m\u00e9s hist\u00f2ria i an\u00e8cdotes que ens <a href=\"https:\/\/mastorrencito.com\/es\/\">han<\/a> passat a MasTorrencito\u2026 Clickea aqui\u2026<\/p>\n","protected":false},"excerpt":{"rendered":"<p>Hi ha dies que comencen com qualsevol altre. Despertes, et vesteixes, prens les claus, surts. No hi ha m\u00fasica al cotxe. Nom\u00e9s el brunzit baix del motor i la calor d&#8217;un estiu que encara no \u00e9s oficial, per\u00f2 ja crema. \u00abVuit, el gos de les 08:00\u00bb El cel ni tan sols est\u00e0 del tot clar [&hellip;]<\/p>\n","protected":false},"author":2,"featured_media":4134,"comment_status":"open","ping_status":"closed","sticky":false,"template":"","format":"standard","meta":{"_acf_changed":false,"footnotes":""},"categories":[35],"tags":[],"class_list":["post-4138","post","type-post","status-publish","format-standard","has-post-thumbnail","hentry","category-histories-mastorrencito"],"yoast_head":"<!-- This site is optimized with the Yoast SEO Premium plugin v27.3 (Yoast SEO v27.5) - https:\/\/yoast.com\/product\/yoast-seo-premium-wordpress\/ -->\n<title>&quot;Vuit, el gos de les 08:00&quot; - Mas Torrencito CAT<\/title>\n<meta name=\"description\" content=\"I \u00e9s que hi ha dies que \u00e9s millor no aixecar-se... i encara que sigui una hist\u00f2ria... aix\u00f2 passa tots els dies.... &quot;Vuit, el gos de les 08:00&quot;\" \/>\n<meta name=\"robots\" content=\"index, follow, max-snippet:-1, max-image-preview:large, max-video-preview:-1\" \/>\n<link rel=\"canonical\" href=\"https:\/\/mastorrencito.com\/cat\/vuit-el-gos-de-les-0800\/\" \/>\n<meta property=\"og:locale\" content=\"es_ES\" \/>\n<meta property=\"og:type\" content=\"article\" \/>\n<meta property=\"og:title\" content=\"&quot;Vuit, el gos de les 08:00&quot;\" \/>\n<meta property=\"og:description\" content=\"I \u00e9s que hi ha dies que \u00e9s millor no aixecar-se... i encara que sigui una hist\u00f2ria... aix\u00f2 passa tots els dies.... &quot;Vuit, el gos de les 08:00&quot;\" \/>\n<meta property=\"og:url\" content=\"https:\/\/mastorrencito.com\/cat\/vuit-el-gos-de-les-0800\/\" \/>\n<meta property=\"og:site_name\" content=\"Mas Torrencito CAT\" \/>\n<meta property=\"article:published_time\" content=\"2025-05-02T04:59:56+00:00\" \/>\n<meta property=\"og:image\" content=\"https:\/\/mastorrencito.com\/cat\/wp-content\/uploads\/sites\/3\/duna.jpg\" \/>\n\t<meta property=\"og:image:width\" content=\"1024\" \/>\n\t<meta property=\"og:image:height\" content=\"1024\" \/>\n\t<meta property=\"og:image:type\" content=\"image\/jpeg\" \/>\n<meta name=\"author\" content=\"Mastorrencito\" \/>\n<meta name=\"twitter:card\" content=\"summary_large_image\" \/>\n<meta name=\"twitter:label1\" content=\"Escrito por\" \/>\n\t<meta name=\"twitter:data1\" content=\"Mastorrencito\" \/>\n\t<meta name=\"twitter:label2\" content=\"Tiempo de lectura\" \/>\n\t<meta name=\"twitter:data2\" content=\"4 minutos\" \/>\n<script type=\"application\/ld+json\" class=\"yoast-schema-graph\">{\"@context\":\"https:\\\/\\\/schema.org\",\"@graph\":[{\"@type\":\"Article\",\"@id\":\"https:\\\/\\\/mastorrencito.com\\\/cat\\\/vuit-el-gos-de-les-0800\\\/#article\",\"isPartOf\":{\"@id\":\"https:\\\/\\\/mastorrencito.com\\\/cat\\\/vuit-el-gos-de-les-0800\\\/\"},\"author\":{\"name\":\"Mastorrencito\",\"@id\":\"https:\\\/\\\/mastorrencito.com\\\/#\\\/schema\\\/person\\\/18c619be80d4ae2667c702911625f790\"},\"headline\":\"\u00abVuit, el gos de les 08:00\u00bb\",\"datePublished\":\"2025-05-02T04:59:56+00:00\",\"mainEntityOfPage\":{\"@id\":\"https:\\\/\\\/mastorrencito.com\\\/cat\\\/vuit-el-gos-de-les-0800\\\/\"},\"wordCount\":781,\"commentCount\":0,\"publisher\":{\"@id\":\"https:\\\/\\\/mastorrencito.com\\\/#organization\"},\"image\":{\"@id\":\"https:\\\/\\\/mastorrencito.com\\\/cat\\\/vuit-el-gos-de-les-0800\\\/#primaryimage\"},\"thumbnailUrl\":\"https:\\\/\\\/mastorrencito.com\\\/cat\\\/wp-content\\\/uploads\\\/sites\\\/3\\\/duna.jpg\",\"articleSection\":[\"Hist\u00f2ries Mastorrencito\"],\"inLanguage\":\"es\",\"potentialAction\":[{\"@type\":\"CommentAction\",\"name\":\"Comment\",\"target\":[\"https:\\\/\\\/mastorrencito.com\\\/cat\\\/vuit-el-gos-de-les-0800\\\/#respond\"]}]},{\"@type\":\"WebPage\",\"@id\":\"https:\\\/\\\/mastorrencito.com\\\/cat\\\/vuit-el-gos-de-les-0800\\\/\",\"url\":\"https:\\\/\\\/mastorrencito.com\\\/cat\\\/vuit-el-gos-de-les-0800\\\/\",\"name\":\"\\\"Vuit, el gos de les 08:00\\\" - Mas Torrencito CAT\",\"isPartOf\":{\"@id\":\"https:\\\/\\\/mastorrencito.com\\\/#website\"},\"primaryImageOfPage\":{\"@id\":\"https:\\\/\\\/mastorrencito.com\\\/cat\\\/vuit-el-gos-de-les-0800\\\/#primaryimage\"},\"image\":{\"@id\":\"https:\\\/\\\/mastorrencito.com\\\/cat\\\/vuit-el-gos-de-les-0800\\\/#primaryimage\"},\"thumbnailUrl\":\"https:\\\/\\\/mastorrencito.com\\\/cat\\\/wp-content\\\/uploads\\\/sites\\\/3\\\/duna.jpg\",\"datePublished\":\"2025-05-02T04:59:56+00:00\",\"description\":\"I \u00e9s que hi ha dies que \u00e9s millor no aixecar-se... i encara que sigui una hist\u00f2ria... aix\u00f2 passa tots els dies.... \\\"Vuit, el gos de les 08:00\\\"\",\"breadcrumb\":{\"@id\":\"https:\\\/\\\/mastorrencito.com\\\/cat\\\/vuit-el-gos-de-les-0800\\\/#breadcrumb\"},\"inLanguage\":\"es\",\"potentialAction\":[{\"@type\":\"ReadAction\",\"target\":[\"https:\\\/\\\/mastorrencito.com\\\/cat\\\/vuit-el-gos-de-les-0800\\\/\"]}]},{\"@type\":\"ImageObject\",\"inLanguage\":\"es\",\"@id\":\"https:\\\/\\\/mastorrencito.com\\\/cat\\\/vuit-el-gos-de-les-0800\\\/#primaryimage\",\"url\":\"https:\\\/\\\/mastorrencito.com\\\/cat\\\/wp-content\\\/uploads\\\/sites\\\/3\\\/duna.jpg\",\"contentUrl\":\"https:\\\/\\\/mastorrencito.com\\\/cat\\\/wp-content\\\/uploads\\\/sites\\\/3\\\/duna.jpg\",\"width\":1024,\"height\":1024,\"caption\":\"Atropello a las 8:00\"},{\"@type\":\"BreadcrumbList\",\"@id\":\"https:\\\/\\\/mastorrencito.com\\\/cat\\\/vuit-el-gos-de-les-0800\\\/#breadcrumb\",\"itemListElement\":[{\"@type\":\"ListItem\",\"position\":1,\"name\":\"Portada\",\"item\":\"https:\\\/\\\/mastorrencito.com\\\/\"},{\"@type\":\"ListItem\",\"position\":2,\"name\":\"\u00abVuit, el gos de les 08:00\u00bb\"}]},{\"@type\":\"WebSite\",\"@id\":\"https:\\\/\\\/mastorrencito.com\\\/#website\",\"url\":\"https:\\\/\\\/mastorrencito.com\\\/\",\"name\":\"Mas Torrencito CAT\",\"description\":\"Casa rural pet friendly en Girona\",\"publisher\":{\"@id\":\"https:\\\/\\\/mastorrencito.com\\\/#organization\"},\"potentialAction\":[{\"@type\":\"SearchAction\",\"target\":{\"@type\":\"EntryPoint\",\"urlTemplate\":\"https:\\\/\\\/mastorrencito.com\\\/?s={search_term_string}\"},\"query-input\":{\"@type\":\"PropertyValueSpecification\",\"valueRequired\":true,\"valueName\":\"search_term_string\"}}],\"inLanguage\":\"es\"},{\"@type\":\"Organization\",\"@id\":\"https:\\\/\\\/mastorrencito.com\\\/#organization\",\"name\":\"Mas Torrencito CAT\",\"url\":\"https:\\\/\\\/mastorrencito.com\\\/\",\"logo\":{\"@type\":\"ImageObject\",\"inLanguage\":\"es\",\"@id\":\"https:\\\/\\\/mastorrencito.com\\\/#\\\/schema\\\/logo\\\/image\\\/\",\"url\":\"https:\\\/\\\/mastorrencito.com\\\/cat\\\/wp-content\\\/uploads\\\/sites\\\/3\\\/Logo-Mastorrencito-horizontal.webp\",\"contentUrl\":\"https:\\\/\\\/mastorrencito.com\\\/cat\\\/wp-content\\\/uploads\\\/sites\\\/3\\\/Logo-Mastorrencito-horizontal.webp\",\"width\":161,\"height\":54,\"caption\":\"Mas Torrencito CAT\"},\"image\":{\"@id\":\"https:\\\/\\\/mastorrencito.com\\\/#\\\/schema\\\/logo\\\/image\\\/\"}},{\"@type\":\"Person\",\"@id\":\"https:\\\/\\\/mastorrencito.com\\\/#\\\/schema\\\/person\\\/18c619be80d4ae2667c702911625f790\",\"name\":\"Mastorrencito\",\"image\":{\"@type\":\"ImageObject\",\"inLanguage\":\"es\",\"@id\":\"https:\\\/\\\/secure.gravatar.com\\\/avatar\\\/3ef55e0519f987a734c21caee1423b51df7b760b7d81a38ecd31cab0a5115f6d?s=96&d=mm&r=g\",\"url\":\"https:\\\/\\\/secure.gravatar.com\\\/avatar\\\/3ef55e0519f987a734c21caee1423b51df7b760b7d81a38ecd31cab0a5115f6d?s=96&d=mm&r=g\",\"contentUrl\":\"https:\\\/\\\/secure.gravatar.com\\\/avatar\\\/3ef55e0519f987a734c21caee1423b51df7b760b7d81a38ecd31cab0a5115f6d?s=96&d=mm&r=g\",\"caption\":\"Mastorrencito\"},\"url\":\"https:\\\/\\\/mastorrencito.com\\\/cat\\\/author\\\/mastorrencito\\\/\"}]}<\/script>\n<!-- \/ Yoast SEO Premium plugin. -->","yoast_head_json":{"title":"\"Vuit, el gos de les 08:00\" - Mas Torrencito CAT","description":"I \u00e9s que hi ha dies que \u00e9s millor no aixecar-se... i encara que sigui una hist\u00f2ria... aix\u00f2 passa tots els dies.... \"Vuit, el gos de les 08:00\"","robots":{"index":"index","follow":"follow","max-snippet":"max-snippet:-1","max-image-preview":"max-image-preview:large","max-video-preview":"max-video-preview:-1"},"canonical":"https:\/\/mastorrencito.com\/cat\/vuit-el-gos-de-les-0800\/","og_locale":"es_ES","og_type":"article","og_title":"\"Vuit, el gos de les 08:00\"","og_description":"I \u00e9s que hi ha dies que \u00e9s millor no aixecar-se... i encara que sigui una hist\u00f2ria... aix\u00f2 passa tots els dies.... \"Vuit, el gos de les 08:00\"","og_url":"https:\/\/mastorrencito.com\/cat\/vuit-el-gos-de-les-0800\/","og_site_name":"Mas Torrencito CAT","article_published_time":"2025-05-02T04:59:56+00:00","og_image":[{"width":1024,"height":1024,"url":"https:\/\/mastorrencito.com\/cat\/wp-content\/uploads\/sites\/3\/duna.jpg","type":"image\/jpeg"}],"author":"Mastorrencito","twitter_card":"summary_large_image","twitter_misc":{"Escrito por":"Mastorrencito","Tiempo de lectura":"4 minutos"},"schema":{"@context":"https:\/\/schema.org","@graph":[{"@type":"Article","@id":"https:\/\/mastorrencito.com\/cat\/vuit-el-gos-de-les-0800\/#article","isPartOf":{"@id":"https:\/\/mastorrencito.com\/cat\/vuit-el-gos-de-les-0800\/"},"author":{"name":"Mastorrencito","@id":"https:\/\/mastorrencito.com\/#\/schema\/person\/18c619be80d4ae2667c702911625f790"},"headline":"\u00abVuit, el gos de les 08:00\u00bb","datePublished":"2025-05-02T04:59:56+00:00","mainEntityOfPage":{"@id":"https:\/\/mastorrencito.com\/cat\/vuit-el-gos-de-les-0800\/"},"wordCount":781,"commentCount":0,"publisher":{"@id":"https:\/\/mastorrencito.com\/#organization"},"image":{"@id":"https:\/\/mastorrencito.com\/cat\/vuit-el-gos-de-les-0800\/#primaryimage"},"thumbnailUrl":"https:\/\/mastorrencito.com\/cat\/wp-content\/uploads\/sites\/3\/duna.jpg","articleSection":["Hist\u00f2ries Mastorrencito"],"inLanguage":"es","potentialAction":[{"@type":"CommentAction","name":"Comment","target":["https:\/\/mastorrencito.com\/cat\/vuit-el-gos-de-les-0800\/#respond"]}]},{"@type":"WebPage","@id":"https:\/\/mastorrencito.com\/cat\/vuit-el-gos-de-les-0800\/","url":"https:\/\/mastorrencito.com\/cat\/vuit-el-gos-de-les-0800\/","name":"\"Vuit, el gos de les 08:00\" - Mas Torrencito CAT","isPartOf":{"@id":"https:\/\/mastorrencito.com\/#website"},"primaryImageOfPage":{"@id":"https:\/\/mastorrencito.com\/cat\/vuit-el-gos-de-les-0800\/#primaryimage"},"image":{"@id":"https:\/\/mastorrencito.com\/cat\/vuit-el-gos-de-les-0800\/#primaryimage"},"thumbnailUrl":"https:\/\/mastorrencito.com\/cat\/wp-content\/uploads\/sites\/3\/duna.jpg","datePublished":"2025-05-02T04:59:56+00:00","description":"I \u00e9s que hi ha dies que \u00e9s millor no aixecar-se... i encara que sigui una hist\u00f2ria... aix\u00f2 passa tots els dies.... \"Vuit, el gos de les 08:00\"","breadcrumb":{"@id":"https:\/\/mastorrencito.com\/cat\/vuit-el-gos-de-les-0800\/#breadcrumb"},"inLanguage":"es","potentialAction":[{"@type":"ReadAction","target":["https:\/\/mastorrencito.com\/cat\/vuit-el-gos-de-les-0800\/"]}]},{"@type":"ImageObject","inLanguage":"es","@id":"https:\/\/mastorrencito.com\/cat\/vuit-el-gos-de-les-0800\/#primaryimage","url":"https:\/\/mastorrencito.com\/cat\/wp-content\/uploads\/sites\/3\/duna.jpg","contentUrl":"https:\/\/mastorrencito.com\/cat\/wp-content\/uploads\/sites\/3\/duna.jpg","width":1024,"height":1024,"caption":"Atropello a las 8:00"},{"@type":"BreadcrumbList","@id":"https:\/\/mastorrencito.com\/cat\/vuit-el-gos-de-les-0800\/#breadcrumb","itemListElement":[{"@type":"ListItem","position":1,"name":"Portada","item":"https:\/\/mastorrencito.com\/"},{"@type":"ListItem","position":2,"name":"\u00abVuit, el gos de les 08:00\u00bb"}]},{"@type":"WebSite","@id":"https:\/\/mastorrencito.com\/#website","url":"https:\/\/mastorrencito.com\/","name":"Mas Torrencito CAT","description":"Casa rural pet friendly en Girona","publisher":{"@id":"https:\/\/mastorrencito.com\/#organization"},"potentialAction":[{"@type":"SearchAction","target":{"@type":"EntryPoint","urlTemplate":"https:\/\/mastorrencito.com\/?s={search_term_string}"},"query-input":{"@type":"PropertyValueSpecification","valueRequired":true,"valueName":"search_term_string"}}],"inLanguage":"es"},{"@type":"Organization","@id":"https:\/\/mastorrencito.com\/#organization","name":"Mas Torrencito CAT","url":"https:\/\/mastorrencito.com\/","logo":{"@type":"ImageObject","inLanguage":"es","@id":"https:\/\/mastorrencito.com\/#\/schema\/logo\/image\/","url":"https:\/\/mastorrencito.com\/cat\/wp-content\/uploads\/sites\/3\/Logo-Mastorrencito-horizontal.webp","contentUrl":"https:\/\/mastorrencito.com\/cat\/wp-content\/uploads\/sites\/3\/Logo-Mastorrencito-horizontal.webp","width":161,"height":54,"caption":"Mas Torrencito CAT"},"image":{"@id":"https:\/\/mastorrencito.com\/#\/schema\/logo\/image\/"}},{"@type":"Person","@id":"https:\/\/mastorrencito.com\/#\/schema\/person\/18c619be80d4ae2667c702911625f790","name":"Mastorrencito","image":{"@type":"ImageObject","inLanguage":"es","@id":"https:\/\/secure.gravatar.com\/avatar\/3ef55e0519f987a734c21caee1423b51df7b760b7d81a38ecd31cab0a5115f6d?s=96&d=mm&r=g","url":"https:\/\/secure.gravatar.com\/avatar\/3ef55e0519f987a734c21caee1423b51df7b760b7d81a38ecd31cab0a5115f6d?s=96&d=mm&r=g","contentUrl":"https:\/\/secure.gravatar.com\/avatar\/3ef55e0519f987a734c21caee1423b51df7b760b7d81a38ecd31cab0a5115f6d?s=96&d=mm&r=g","caption":"Mastorrencito"},"url":"https:\/\/mastorrencito.com\/cat\/author\/mastorrencito\/"}]}},"acf":[],"_links":{"self":[{"href":"https:\/\/mastorrencito.com\/cat\/wp-json\/wp\/v2\/posts\/4138","targetHints":{"allow":["GET"]}}],"collection":[{"href":"https:\/\/mastorrencito.com\/cat\/wp-json\/wp\/v2\/posts"}],"about":[{"href":"https:\/\/mastorrencito.com\/cat\/wp-json\/wp\/v2\/types\/post"}],"author":[{"embeddable":true,"href":"https:\/\/mastorrencito.com\/cat\/wp-json\/wp\/v2\/users\/2"}],"replies":[{"embeddable":true,"href":"https:\/\/mastorrencito.com\/cat\/wp-json\/wp\/v2\/comments?post=4138"}],"version-history":[{"count":0,"href":"https:\/\/mastorrencito.com\/cat\/wp-json\/wp\/v2\/posts\/4138\/revisions"}],"wp:featuredmedia":[{"embeddable":true,"href":"https:\/\/mastorrencito.com\/cat\/wp-json\/wp\/v2\/media\/4134"}],"wp:attachment":[{"href":"https:\/\/mastorrencito.com\/cat\/wp-json\/wp\/v2\/media?parent=4138"}],"wp:term":[{"taxonomy":"category","embeddable":true,"href":"https:\/\/mastorrencito.com\/cat\/wp-json\/wp\/v2\/categories?post=4138"},{"taxonomy":"post_tag","embeddable":true,"href":"https:\/\/mastorrencito.com\/cat\/wp-json\/wp\/v2\/tags?post=4138"}],"curies":[{"name":"wp","href":"https:\/\/api.w.org\/{rel}","templated":true}]}}