{"id":4128,"date":"2025-05-01T04:39:02","date_gmt":"2025-05-01T04:39:02","guid":{"rendered":"https:\/\/casaruralconperrosgirona.com\/em-cauen-els-guevos-a-terra\/"},"modified":"2025-05-01T04:39:02","modified_gmt":"2025-05-01T04:39:02","slug":"em-cauen-els-guevos-a-terra","status":"publish","type":"post","link":"https:\/\/mastorrencito.com\/cat\/em-cauen-els-guevos-a-terra\/","title":{"rendered":"Em cauen els guevos a terra."},"content":{"rendered":"\n<p>Mira que he vist coses\u2026 per\u00f2 aix\u00f2 de l&#8217;altre dia, se supera.<\/p>\n\n<p>Clients de fora. Arriben. Maleducats no\u2026 el seg\u00fcent.  <\/p>\n\n<p>La reserva se la fa la filla \u2014imagino que perqu\u00e8 deixa anar la pasta\u2014 i, \u00e9s clar, agafa l&#8217;habitaci\u00f3 m\u00e9s barata.<\/p>\n\n<p>El primer que fan en arribar: posar-se a tocar el claxon com si no hi hagu\u00e9s un dem\u00e0. amb cara de males puces.    <\/p>\n\n<p>Em deixa anar alguna cosa en angl\u00e8s \u2014ni idea qu\u00e8\u2014. M&#8217;hi acosto i li pregunto qu\u00e8 passa. Em diu, indignat, que fa 20 minuts que espera. Sense dir-li gaire, li assenyalo un cartell de 2 metres que t\u00e9 davant amb el tel\u00e8fon ben claret. Us pregunto si teniu reserva. A nom de qui?     <\/p>\n\n<p>Em deixa anar un nom. Miro. No en tinc.  <\/p>\n\n<p>\u2014No tinc cap reserva amb aquest nom.<\/p>\n\n<p>\u2014Com que no? Segur que s\u00ed! <\/p>\n\n<p>\u2014Doncs no senyor. Miri, aquests s\u00f3n els clients que arriben avui. No est\u00e0.  <\/p>\n\n<p>Aleshores m&#8217;assenyala amb el dit una reserva a nom d&#8217;una noia.  <\/p>\n\n<p>\u2014Ahhh, d&#8217;acord. Jo he enviat a la seva filla un WhatsApp amb totes les dades i els codis d&#8217;acc\u00e9s. <\/p>\n\n<p>\u2014A mi no m&#8217;ha dit res!<\/p>\n\n<p>\u2014B\u00e9, com comprendr\u00e0, aquest no \u00e9s el meu problema. \u00c9s seu. <\/p>\n\n<p>La dona, mentrestant, amagant la cara.<\/p>\n\n<p>\u2014Doncs parli amb la seva filla. Qu\u00e8 voleu que us digui? Aparqueu i baixeu.  <\/p>\n<figure class=\"wp-block-post-featured-image\"><img fetchpriority=\"high\" decoding=\"async\" width=\"1536\" height=\"1024\" src=\"https:\/\/mastorrencito.com\/cat\/wp-content\/uploads\/sites\/3\/maleducados.jpg\" class=\"attachment-post-thumbnail size-post-thumbnail wp-post-image\" alt=\"Cuando no hay cerebro hay mala educacion.... By masTorrencito\" style=\"object-fit:cover;\" srcset=\"https:\/\/mastorrencito.com\/cat\/wp-content\/uploads\/sites\/3\/maleducados.jpg 1536w, https:\/\/mastorrencito.com\/cat\/wp-content\/uploads\/sites\/3\/maleducados-300x200.jpg 300w, https:\/\/mastorrencito.com\/cat\/wp-content\/uploads\/sites\/3\/maleducados-1024x683.jpg 1024w, https:\/\/mastorrencito.com\/cat\/wp-content\/uploads\/sites\/3\/maleducados-768x512.jpg 768w\" sizes=\"(max-width: 1536px) 100vw, 1536px\" \/><\/figure>\n<p>Baixen. I qu\u00e8 fan? En comptes d&#8217;anar al p\u00e0rquing, aparquen a la mateixa entrada, com si fossin reis. Es baixen i comencen a esquerdar. Els gossos bordant, olorant-los, i l&#8217;oncle apartant-los de males maneres.    <\/p>\n\n<p>\u2014Digueu als vostres gossos que em deixin en pau!<\/p>\n\n<p>\u2014Miri, senyor\u2026 crec que la seva filla s&#8217;ha equivocat en fer la reserva\u2026<\/p>\n\n<p>Baixa la dona i en tres segons es posa a cridar:<\/p>\n\n<p>\u2014Qu\u00e8 \u00e9s aix\u00f2?! On som? La selva!? AYYYYYY!   <\/p>\n\n<p>Xiulo als gossos, que passen d&#8217;ells. Els pregunto qu\u00e8 volen fer. <\/p>\n\n<p>\u2014Ja que som aqu\u00ed\u2026 vegem l&#8217;hotel.<\/p>\n\n<p>\u2014No, senyor. Aix\u00f2 no \u00e9s un hotel. <\/p>\n\n<p>\u2014Llavors qu\u00e8 \u00e9s?<\/p>\n\n<p>\u2014Una masia per a mascotes\u2026 que accepta persones.<\/p>\n\n<p>\u2014Per\u00f2 quines ximpleries diu\u2026<\/p>\n\n<p>Agafo el m\u00f2bil, obro Booking, i els ensenyo exactament el que la seva filla va contractar. Es queden mirant. <\/p>\n\n<p>\u2014B\u00e9, ensenyeu-nos la casa.<\/p>\n\n<p>Jo ja sabia que no els agradaria. Menys amb aquestes maneres. Per\u00f2 b\u00e9.  <\/p>\n\n<p>Els ensenyo la casa. La filla havia triat l&#8217;habitaci\u00f3 m\u00e9s barata. Segona planta, sense ascensor. I mira si ser\u00e0 per opcions\u2026 que tenia un munt buides. Per\u00f2 pels meus collons, els vaig donar la que va triar. Com que n&#8217;hi havia dos iguals, els vaig posar la del llit m\u00e9s petita.     <\/p>\n\n<p>Els va costar pujar les escales. Quan van arribar, la dona suant com si hagu\u00e9s pujat un port de muntanya. <\/p>\n\n<p>I va l&#8217;oncle i em deixa anar:<\/p>\n\n<p>\u2014I no hi ha cap altra habitaci\u00f3?<\/p>\n\n<p>\u2014S\u00ed, \u00e9s clar.<\/p>\n\n<p>\u2014Doncs canvia-me-la.<\/p>\n\n<p>\u2014Sense cap problema. Per\u00f2 el preu \u00e9s un altre. <\/p>\n\n<p>\u2014I a tu qu\u00e8 et d\u00f3na m\u00e9s, si en tens diverses?<\/p>\n\n<p>\u2014Doncs igual que la seva filla. Podia haver triat una altra\u2026 no? <\/p>\n\n<p>Es va quedar sec.<\/p>\n\n<hr class=\"wp-block-separator has-alpha-channel-opacity\" \/>\n\n<p>Total, despr\u00e9s del numeret inicial, accedeixo a ensenyar-los altres habitacions. A veure si aix\u00ed es calmen. <\/p>\n\n<p>Primer els en mostro una a la planta baixa, m\u00e9s gran, amb acc\u00e9s directe al jard\u00ed. Fruixes de celles. Silencis inc\u00f2modes. Despr\u00e9s una altra, amb llit king size i bany privat. M\u00e9s frunces. M\u00e9s sospirs. La dona ja en mode drama, tocant les parets com si oloressin malament.      <\/p>\n\n<p>Al final, despr\u00e9s d&#8217;haver desfilat per totes, quin escullen?<\/p>\n\n<p>La suite. Per suposat. La m\u00e9s cara.  <\/p>\n\n<p>Els hi recalco el preu (per si els havia passat per alt aquest petit detall). Diuen que s\u00ed. Que ja que s\u00f3n aqu\u00ed, que sigui el millor.  <\/p>\n\n<p>Deu minuts. DEU. <\/p>\n\n<p>Aix\u00f2 triguen a trucar-me.<\/p>\n\n<p>Sota pensant que alguna cosa s&#8217;han deixat o que volen m\u00e9s coixins\u2026 i em deixen anar, indignats:<\/p>\n\n<p>\u2014Aix\u00f2 \u00e9s intolerable! No ens quedarem aqu\u00ed! Ens han enganyat! Posarem una queixa per estafa!   <\/p>\n\n<p>Ni un gr\u00e0cies, ni un ho sento, ni un ad\u00e9u. Agafen les maletes, les arrosseguen fins al cotxe i marxen. Jo, flipant. Em dono mitja volta i em torno cap a casa.   <\/p>\n\n<p>I quan per fi crec que m&#8217;he lliurat del circ\u2026 <em>una altra vegada els xiulets<\/em> .<\/p>\n\n<p>Claxon. M\u00e9s cl\u00e0xon. Sota una altra vegada, ja sense ganes de viure, i qu\u00e8 em trobo?  <\/p>\n\n<p>L&#8217;oncle, baixant la finestreta a all\u00f2 mafi\u00f3s:<\/p>\n\n<p>\u2014Obre la puta porta!<\/p>\n\n<p>Respiro profund. I us assenyalo, amb calma (o el m\u00e9s semblant a calma que em queda), una biga groga fosforet, a un metre seu, amb el bot\u00f3 d&#8217;obertura.<\/p>\n\n<p>No ho havia vist. Normal. Est\u00e0 just davant dels seus nassos.<\/p>\n\n<p>Baixa del cotxe amb la mateixa mala llet d&#8217;abans, pega una empenta a la porta, puja, arrenca de cop, accelera com si fos a la F\u00f3rmula 1\u2026 i ZAS.<\/p>\n\n<p>Li fica tanta accelerada que el cotxe derrapa i es raspa tot el lateral amb la columna de formig\u00f3.<\/p>\n\n<p>Qu\u00e8 creus que va fer?<\/p>\n\n<p>Va parar? Va baixar a veure els danys? <\/p>\n\n<p>NO.<\/p>\n\n<p>Ni una mirada enrere. Se&#8217;n van anar. Aix\u00ed, com van venir. Amb soroll, amb sup\u00e8rbia\u2026 i deixant una esgarrapada de record.   <\/p>\n\n<hr class=\"wp-block-separator has-alpha-channel-opacity\" \/>\n\n<h3 class=\"wp-block-heading\">Reflexi\u00f3:<\/h3>\n\n<hr class=\"wp-block-separator has-alpha-channel-opacity\" \/>\n\n<p>I despr\u00e9s diran que el problema \u00e9s que el turisme rural no funciona, que si falta hospitalitat, que si no cuidem el visitant\u2026<\/p>\n\n<p>No. El problema real s\u00f3n els que confonen pagar amb poder trepitjar. Els que arriben creient que han reservat un resort de luxe quan en realitat no han llegit ni una l\u00ednia de la reserva. Els que no pregunten, no escolten ia sobre exigeixen.   <\/p>\n\n<p>I el pitjor no \u00e9s que freguin una columna amb el cotxe. \u00c9s que et freguin la paci\u00e8ncia, et ratllin el dia, et faltin al respecte com si aix\u00f2 vingu\u00e9s incl\u00f2s al preu. Perqu\u00e8 all\u00f2 material s&#8217;arregla. Per\u00f2 el mal rotllo que et deixen\u2026 aix\u00f2 no hi ha plataforma de reserves que ho compensi.   <\/p>\n\n<p>Aix\u00ed estem. De vegades amb bona gent, que n&#8217;hi ha, i d&#8217;altres amb esp\u00e8cimens com aquests. Per\u00f2 b\u00e9\u2026 aix\u00f2 \u00e9s una masia per a mascotes que accepta persones. El problema \u00e9s quan v\u00e9nen persones que no hi arriben ni a aix\u00f2.   <\/p>\n\n<hr class=\"wp-block-separator has-alpha-channel-opacity\" \/>\n\n<p>Des de MasTorrencito et desitgem un bon dia i que els teus gossos t&#8217;acompanyin!!<\/p>\n\n<p>\u2014\u2013<br \/> Si vols, pot veure els nostres bons per <a href=\"https:\/\/mastorrencito.com\/\" target=\"_blank\" rel=\"noreferrer noopener\">a<\/a> <strong>caps de setmana, bons jubilats<\/strong> , a un preu incre\u00efble.. entra a <a href=\"https:\/\/www.mastorrencito.com\/\">www.mastorrencito.com<\/a> o si vols podeu llegir m\u00e9s hist\u00f2ria i an\u00e8cdotes que ens <a href=\"https:\/\/mastorrencito.com\/es\/\">han<\/a> passat a MasTorrencito\u2026 Clickea aqui\u2026<\/p>\n","protected":false},"excerpt":{"rendered":"<p>Mira que he vist coses\u2026 per\u00f2 aix\u00f2 de l&#8217;altre dia, se supera. Clients de fora. Arriben. Maleducats no\u2026 el seg\u00fcent. La reserva se la fa la filla \u2014imagino que perqu\u00e8 deixa anar la pasta\u2014 i, \u00e9s clar, agafa l&#8217;habitaci\u00f3 m\u00e9s barata. El primer que fan en arribar: posar-se a tocar el claxon com si no [&hellip;]<\/p>\n","protected":false},"author":2,"featured_media":4123,"comment_status":"open","ping_status":"closed","sticky":false,"template":"","format":"standard","meta":{"_acf_changed":false,"footnotes":""},"categories":[35],"tags":[],"class_list":["post-4128","post","type-post","status-publish","format-standard","has-post-thumbnail","hentry","category-histories-mastorrencito"],"yoast_head":"<!-- This site is optimized with the Yoast SEO Premium plugin v27.3 (Yoast SEO v27.5) - https:\/\/yoast.com\/product\/yoast-seo-premium-wordpress\/ -->\n<title>Em cauen els guevos a terra. - Mas Torrencito CAT<\/title>\n<meta name=\"description\" content=\"Quan no hi ha educaci\u00f3 i nom\u00e9s hi ha sup\u00e8rbia i prepot\u00e8ncia... \u00e9s el que ens toca aguantar.... Em cauen els g\u00fcevos a terra.\" \/>\n<meta name=\"robots\" content=\"index, follow, max-snippet:-1, max-image-preview:large, max-video-preview:-1\" \/>\n<link rel=\"canonical\" href=\"https:\/\/mastorrencito.com\/cat\/em-cauen-els-guevos-a-terra\/\" \/>\n<meta property=\"og:locale\" content=\"es_ES\" \/>\n<meta property=\"og:type\" content=\"article\" \/>\n<meta property=\"og:title\" content=\"Em cauen els guevos a terra.\" \/>\n<meta property=\"og:description\" content=\"Quan no hi ha educaci\u00f3 i nom\u00e9s hi ha sup\u00e8rbia i prepot\u00e8ncia... \u00e9s el que ens toca aguantar.... Em cauen els g\u00fcevos a terra.\" \/>\n<meta property=\"og:url\" content=\"https:\/\/mastorrencito.com\/cat\/em-cauen-els-guevos-a-terra\/\" \/>\n<meta property=\"og:site_name\" content=\"Mas Torrencito CAT\" \/>\n<meta property=\"article:published_time\" content=\"2025-05-01T04:39:02+00:00\" \/>\n<meta property=\"og:image\" content=\"https:\/\/mastorrencito.com\/cat\/wp-content\/uploads\/sites\/3\/maleducados.jpg\" \/>\n\t<meta property=\"og:image:width\" content=\"1536\" \/>\n\t<meta property=\"og:image:height\" content=\"1024\" \/>\n\t<meta property=\"og:image:type\" content=\"image\/jpeg\" \/>\n<meta name=\"author\" content=\"Mastorrencito\" \/>\n<meta name=\"twitter:card\" content=\"summary_large_image\" \/>\n<meta name=\"twitter:label1\" content=\"Escrito por\" \/>\n\t<meta name=\"twitter:data1\" content=\"Mastorrencito\" \/>\n\t<meta name=\"twitter:label2\" content=\"Tiempo de lectura\" \/>\n\t<meta name=\"twitter:data2\" content=\"5 minutos\" \/>\n<script type=\"application\/ld+json\" class=\"yoast-schema-graph\">{\"@context\":\"https:\\\/\\\/schema.org\",\"@graph\":[{\"@type\":\"Article\",\"@id\":\"https:\\\/\\\/mastorrencito.com\\\/cat\\\/em-cauen-els-guevos-a-terra\\\/#article\",\"isPartOf\":{\"@id\":\"https:\\\/\\\/mastorrencito.com\\\/cat\\\/em-cauen-els-guevos-a-terra\\\/\"},\"author\":{\"name\":\"Mastorrencito\",\"@id\":\"https:\\\/\\\/mastorrencito.com\\\/#\\\/schema\\\/person\\\/18c619be80d4ae2667c702911625f790\"},\"headline\":\"Em cauen els guevos a terra.\",\"datePublished\":\"2025-05-01T04:39:02+00:00\",\"mainEntityOfPage\":{\"@id\":\"https:\\\/\\\/mastorrencito.com\\\/cat\\\/em-cauen-els-guevos-a-terra\\\/\"},\"wordCount\":1129,\"commentCount\":0,\"publisher\":{\"@id\":\"https:\\\/\\\/mastorrencito.com\\\/#organization\"},\"image\":{\"@id\":\"https:\\\/\\\/mastorrencito.com\\\/cat\\\/em-cauen-els-guevos-a-terra\\\/#primaryimage\"},\"thumbnailUrl\":\"https:\\\/\\\/mastorrencito.com\\\/cat\\\/wp-content\\\/uploads\\\/sites\\\/3\\\/maleducados.jpg\",\"articleSection\":[\"Hist\u00f2ries Mastorrencito\"],\"inLanguage\":\"es\",\"potentialAction\":[{\"@type\":\"CommentAction\",\"name\":\"Comment\",\"target\":[\"https:\\\/\\\/mastorrencito.com\\\/cat\\\/em-cauen-els-guevos-a-terra\\\/#respond\"]}]},{\"@type\":\"WebPage\",\"@id\":\"https:\\\/\\\/mastorrencito.com\\\/cat\\\/em-cauen-els-guevos-a-terra\\\/\",\"url\":\"https:\\\/\\\/mastorrencito.com\\\/cat\\\/em-cauen-els-guevos-a-terra\\\/\",\"name\":\"Em cauen els guevos a terra. - Mas Torrencito CAT\",\"isPartOf\":{\"@id\":\"https:\\\/\\\/mastorrencito.com\\\/#website\"},\"primaryImageOfPage\":{\"@id\":\"https:\\\/\\\/mastorrencito.com\\\/cat\\\/em-cauen-els-guevos-a-terra\\\/#primaryimage\"},\"image\":{\"@id\":\"https:\\\/\\\/mastorrencito.com\\\/cat\\\/em-cauen-els-guevos-a-terra\\\/#primaryimage\"},\"thumbnailUrl\":\"https:\\\/\\\/mastorrencito.com\\\/cat\\\/wp-content\\\/uploads\\\/sites\\\/3\\\/maleducados.jpg\",\"datePublished\":\"2025-05-01T04:39:02+00:00\",\"description\":\"Quan no hi ha educaci\u00f3 i nom\u00e9s hi ha sup\u00e8rbia i prepot\u00e8ncia... \u00e9s el que ens toca aguantar.... Em cauen els g\u00fcevos a terra.\",\"breadcrumb\":{\"@id\":\"https:\\\/\\\/mastorrencito.com\\\/cat\\\/em-cauen-els-guevos-a-terra\\\/#breadcrumb\"},\"inLanguage\":\"es\",\"potentialAction\":[{\"@type\":\"ReadAction\",\"target\":[\"https:\\\/\\\/mastorrencito.com\\\/cat\\\/em-cauen-els-guevos-a-terra\\\/\"]}]},{\"@type\":\"ImageObject\",\"inLanguage\":\"es\",\"@id\":\"https:\\\/\\\/mastorrencito.com\\\/cat\\\/em-cauen-els-guevos-a-terra\\\/#primaryimage\",\"url\":\"https:\\\/\\\/mastorrencito.com\\\/cat\\\/wp-content\\\/uploads\\\/sites\\\/3\\\/maleducados.jpg\",\"contentUrl\":\"https:\\\/\\\/mastorrencito.com\\\/cat\\\/wp-content\\\/uploads\\\/sites\\\/3\\\/maleducados.jpg\",\"width\":1536,\"height\":1024,\"caption\":\"Cuando no hay cerebro hay mala educacion.... By masTorrencito\"},{\"@type\":\"BreadcrumbList\",\"@id\":\"https:\\\/\\\/mastorrencito.com\\\/cat\\\/em-cauen-els-guevos-a-terra\\\/#breadcrumb\",\"itemListElement\":[{\"@type\":\"ListItem\",\"position\":1,\"name\":\"Portada\",\"item\":\"https:\\\/\\\/mastorrencito.com\\\/\"},{\"@type\":\"ListItem\",\"position\":2,\"name\":\"Em cauen els guevos a terra.\"}]},{\"@type\":\"WebSite\",\"@id\":\"https:\\\/\\\/mastorrencito.com\\\/#website\",\"url\":\"https:\\\/\\\/mastorrencito.com\\\/\",\"name\":\"Mas Torrencito CAT\",\"description\":\"Casa rural pet friendly en Girona\",\"publisher\":{\"@id\":\"https:\\\/\\\/mastorrencito.com\\\/#organization\"},\"potentialAction\":[{\"@type\":\"SearchAction\",\"target\":{\"@type\":\"EntryPoint\",\"urlTemplate\":\"https:\\\/\\\/mastorrencito.com\\\/?s={search_term_string}\"},\"query-input\":{\"@type\":\"PropertyValueSpecification\",\"valueRequired\":true,\"valueName\":\"search_term_string\"}}],\"inLanguage\":\"es\"},{\"@type\":\"Organization\",\"@id\":\"https:\\\/\\\/mastorrencito.com\\\/#organization\",\"name\":\"Mas Torrencito CAT\",\"url\":\"https:\\\/\\\/mastorrencito.com\\\/\",\"logo\":{\"@type\":\"ImageObject\",\"inLanguage\":\"es\",\"@id\":\"https:\\\/\\\/mastorrencito.com\\\/#\\\/schema\\\/logo\\\/image\\\/\",\"url\":\"https:\\\/\\\/mastorrencito.com\\\/cat\\\/wp-content\\\/uploads\\\/sites\\\/3\\\/Logo-Mastorrencito-horizontal.webp\",\"contentUrl\":\"https:\\\/\\\/mastorrencito.com\\\/cat\\\/wp-content\\\/uploads\\\/sites\\\/3\\\/Logo-Mastorrencito-horizontal.webp\",\"width\":161,\"height\":54,\"caption\":\"Mas Torrencito CAT\"},\"image\":{\"@id\":\"https:\\\/\\\/mastorrencito.com\\\/#\\\/schema\\\/logo\\\/image\\\/\"}},{\"@type\":\"Person\",\"@id\":\"https:\\\/\\\/mastorrencito.com\\\/#\\\/schema\\\/person\\\/18c619be80d4ae2667c702911625f790\",\"name\":\"Mastorrencito\",\"image\":{\"@type\":\"ImageObject\",\"inLanguage\":\"es\",\"@id\":\"https:\\\/\\\/secure.gravatar.com\\\/avatar\\\/3ef55e0519f987a734c21caee1423b51df7b760b7d81a38ecd31cab0a5115f6d?s=96&d=mm&r=g\",\"url\":\"https:\\\/\\\/secure.gravatar.com\\\/avatar\\\/3ef55e0519f987a734c21caee1423b51df7b760b7d81a38ecd31cab0a5115f6d?s=96&d=mm&r=g\",\"contentUrl\":\"https:\\\/\\\/secure.gravatar.com\\\/avatar\\\/3ef55e0519f987a734c21caee1423b51df7b760b7d81a38ecd31cab0a5115f6d?s=96&d=mm&r=g\",\"caption\":\"Mastorrencito\"},\"url\":\"https:\\\/\\\/mastorrencito.com\\\/cat\\\/author\\\/mastorrencito\\\/\"}]}<\/script>\n<!-- \/ Yoast SEO Premium plugin. -->","yoast_head_json":{"title":"Em cauen els guevos a terra. - Mas Torrencito CAT","description":"Quan no hi ha educaci\u00f3 i nom\u00e9s hi ha sup\u00e8rbia i prepot\u00e8ncia... \u00e9s el que ens toca aguantar.... Em cauen els g\u00fcevos a terra.","robots":{"index":"index","follow":"follow","max-snippet":"max-snippet:-1","max-image-preview":"max-image-preview:large","max-video-preview":"max-video-preview:-1"},"canonical":"https:\/\/mastorrencito.com\/cat\/em-cauen-els-guevos-a-terra\/","og_locale":"es_ES","og_type":"article","og_title":"Em cauen els guevos a terra.","og_description":"Quan no hi ha educaci\u00f3 i nom\u00e9s hi ha sup\u00e8rbia i prepot\u00e8ncia... \u00e9s el que ens toca aguantar.... Em cauen els g\u00fcevos a terra.","og_url":"https:\/\/mastorrencito.com\/cat\/em-cauen-els-guevos-a-terra\/","og_site_name":"Mas Torrencito CAT","article_published_time":"2025-05-01T04:39:02+00:00","og_image":[{"width":1536,"height":1024,"url":"https:\/\/mastorrencito.com\/cat\/wp-content\/uploads\/sites\/3\/maleducados.jpg","type":"image\/jpeg"}],"author":"Mastorrencito","twitter_card":"summary_large_image","twitter_misc":{"Escrito por":"Mastorrencito","Tiempo de lectura":"5 minutos"},"schema":{"@context":"https:\/\/schema.org","@graph":[{"@type":"Article","@id":"https:\/\/mastorrencito.com\/cat\/em-cauen-els-guevos-a-terra\/#article","isPartOf":{"@id":"https:\/\/mastorrencito.com\/cat\/em-cauen-els-guevos-a-terra\/"},"author":{"name":"Mastorrencito","@id":"https:\/\/mastorrencito.com\/#\/schema\/person\/18c619be80d4ae2667c702911625f790"},"headline":"Em cauen els guevos a terra.","datePublished":"2025-05-01T04:39:02+00:00","mainEntityOfPage":{"@id":"https:\/\/mastorrencito.com\/cat\/em-cauen-els-guevos-a-terra\/"},"wordCount":1129,"commentCount":0,"publisher":{"@id":"https:\/\/mastorrencito.com\/#organization"},"image":{"@id":"https:\/\/mastorrencito.com\/cat\/em-cauen-els-guevos-a-terra\/#primaryimage"},"thumbnailUrl":"https:\/\/mastorrencito.com\/cat\/wp-content\/uploads\/sites\/3\/maleducados.jpg","articleSection":["Hist\u00f2ries Mastorrencito"],"inLanguage":"es","potentialAction":[{"@type":"CommentAction","name":"Comment","target":["https:\/\/mastorrencito.com\/cat\/em-cauen-els-guevos-a-terra\/#respond"]}]},{"@type":"WebPage","@id":"https:\/\/mastorrencito.com\/cat\/em-cauen-els-guevos-a-terra\/","url":"https:\/\/mastorrencito.com\/cat\/em-cauen-els-guevos-a-terra\/","name":"Em cauen els guevos a terra. - Mas Torrencito CAT","isPartOf":{"@id":"https:\/\/mastorrencito.com\/#website"},"primaryImageOfPage":{"@id":"https:\/\/mastorrencito.com\/cat\/em-cauen-els-guevos-a-terra\/#primaryimage"},"image":{"@id":"https:\/\/mastorrencito.com\/cat\/em-cauen-els-guevos-a-terra\/#primaryimage"},"thumbnailUrl":"https:\/\/mastorrencito.com\/cat\/wp-content\/uploads\/sites\/3\/maleducados.jpg","datePublished":"2025-05-01T04:39:02+00:00","description":"Quan no hi ha educaci\u00f3 i nom\u00e9s hi ha sup\u00e8rbia i prepot\u00e8ncia... \u00e9s el que ens toca aguantar.... Em cauen els g\u00fcevos a terra.","breadcrumb":{"@id":"https:\/\/mastorrencito.com\/cat\/em-cauen-els-guevos-a-terra\/#breadcrumb"},"inLanguage":"es","potentialAction":[{"@type":"ReadAction","target":["https:\/\/mastorrencito.com\/cat\/em-cauen-els-guevos-a-terra\/"]}]},{"@type":"ImageObject","inLanguage":"es","@id":"https:\/\/mastorrencito.com\/cat\/em-cauen-els-guevos-a-terra\/#primaryimage","url":"https:\/\/mastorrencito.com\/cat\/wp-content\/uploads\/sites\/3\/maleducados.jpg","contentUrl":"https:\/\/mastorrencito.com\/cat\/wp-content\/uploads\/sites\/3\/maleducados.jpg","width":1536,"height":1024,"caption":"Cuando no hay cerebro hay mala educacion.... By masTorrencito"},{"@type":"BreadcrumbList","@id":"https:\/\/mastorrencito.com\/cat\/em-cauen-els-guevos-a-terra\/#breadcrumb","itemListElement":[{"@type":"ListItem","position":1,"name":"Portada","item":"https:\/\/mastorrencito.com\/"},{"@type":"ListItem","position":2,"name":"Em cauen els guevos a terra."}]},{"@type":"WebSite","@id":"https:\/\/mastorrencito.com\/#website","url":"https:\/\/mastorrencito.com\/","name":"Mas Torrencito CAT","description":"Casa rural pet friendly en Girona","publisher":{"@id":"https:\/\/mastorrencito.com\/#organization"},"potentialAction":[{"@type":"SearchAction","target":{"@type":"EntryPoint","urlTemplate":"https:\/\/mastorrencito.com\/?s={search_term_string}"},"query-input":{"@type":"PropertyValueSpecification","valueRequired":true,"valueName":"search_term_string"}}],"inLanguage":"es"},{"@type":"Organization","@id":"https:\/\/mastorrencito.com\/#organization","name":"Mas Torrencito CAT","url":"https:\/\/mastorrencito.com\/","logo":{"@type":"ImageObject","inLanguage":"es","@id":"https:\/\/mastorrencito.com\/#\/schema\/logo\/image\/","url":"https:\/\/mastorrencito.com\/cat\/wp-content\/uploads\/sites\/3\/Logo-Mastorrencito-horizontal.webp","contentUrl":"https:\/\/mastorrencito.com\/cat\/wp-content\/uploads\/sites\/3\/Logo-Mastorrencito-horizontal.webp","width":161,"height":54,"caption":"Mas Torrencito CAT"},"image":{"@id":"https:\/\/mastorrencito.com\/#\/schema\/logo\/image\/"}},{"@type":"Person","@id":"https:\/\/mastorrencito.com\/#\/schema\/person\/18c619be80d4ae2667c702911625f790","name":"Mastorrencito","image":{"@type":"ImageObject","inLanguage":"es","@id":"https:\/\/secure.gravatar.com\/avatar\/3ef55e0519f987a734c21caee1423b51df7b760b7d81a38ecd31cab0a5115f6d?s=96&d=mm&r=g","url":"https:\/\/secure.gravatar.com\/avatar\/3ef55e0519f987a734c21caee1423b51df7b760b7d81a38ecd31cab0a5115f6d?s=96&d=mm&r=g","contentUrl":"https:\/\/secure.gravatar.com\/avatar\/3ef55e0519f987a734c21caee1423b51df7b760b7d81a38ecd31cab0a5115f6d?s=96&d=mm&r=g","caption":"Mastorrencito"},"url":"https:\/\/mastorrencito.com\/cat\/author\/mastorrencito\/"}]}},"acf":[],"_links":{"self":[{"href":"https:\/\/mastorrencito.com\/cat\/wp-json\/wp\/v2\/posts\/4128","targetHints":{"allow":["GET"]}}],"collection":[{"href":"https:\/\/mastorrencito.com\/cat\/wp-json\/wp\/v2\/posts"}],"about":[{"href":"https:\/\/mastorrencito.com\/cat\/wp-json\/wp\/v2\/types\/post"}],"author":[{"embeddable":true,"href":"https:\/\/mastorrencito.com\/cat\/wp-json\/wp\/v2\/users\/2"}],"replies":[{"embeddable":true,"href":"https:\/\/mastorrencito.com\/cat\/wp-json\/wp\/v2\/comments?post=4128"}],"version-history":[{"count":0,"href":"https:\/\/mastorrencito.com\/cat\/wp-json\/wp\/v2\/posts\/4128\/revisions"}],"wp:featuredmedia":[{"embeddable":true,"href":"https:\/\/mastorrencito.com\/cat\/wp-json\/wp\/v2\/media\/4123"}],"wp:attachment":[{"href":"https:\/\/mastorrencito.com\/cat\/wp-json\/wp\/v2\/media?parent=4128"}],"wp:term":[{"taxonomy":"category","embeddable":true,"href":"https:\/\/mastorrencito.com\/cat\/wp-json\/wp\/v2\/categories?post=4128"},{"taxonomy":"post_tag","embeddable":true,"href":"https:\/\/mastorrencito.com\/cat\/wp-json\/wp\/v2\/tags?post=4128"}],"curies":[{"name":"wp","href":"https:\/\/api.w.org\/{rel}","templated":true}]}}