{"id":4119,"date":"2025-04-28T09:01:08","date_gmt":"2025-04-28T09:01:08","guid":{"rendered":"https:\/\/casaruralconperrosgirona.com\/mastorret-la-casa-rural-del-germa-del-papa-%f0%9f%8f%a1-%f0%9f%90%be\/"},"modified":"2025-04-28T09:01:08","modified_gmt":"2025-04-28T09:01:08","slug":"mastorret-la-casa-rural-del-germa-del-papa-%f0%9f%8f%a1-%f0%9f%90%be","status":"publish","type":"post","link":"https:\/\/mastorrencito.com\/cat\/mastorret-la-casa-rural-del-germa-del-papa-%f0%9f%8f%a1-%f0%9f%90%be\/","title":{"rendered":"MasTorret&#8230; la casa rural del germ\u00e0 del Papa? \ud83c\udfe1 \ud83d\udc3e"},"content":{"rendered":"\n<p>De vegades la vida et llan\u00e7a pensaments bojos\u2026 d&#8217;aquells que comencen de broma i acaben fent-te somriure tot el dia. \ud83d\ude04<\/p>\n\n<p>Avui m&#8217;he preguntat: <strong>i si el meu germ\u00e0, \u00c1lvaro, fos elegit Papa?<\/strong> \ud83c\udfa9 \ud83d\ude4f<\/p>\n\n<p>Imagineu-vos el panorama: jo, aqu\u00ed al cor de l&#8217;Alt Empord\u00e0, envoltat de gossos feli\u00e7os, mentre a Roma sona el fum blanc&#8230; i anuncien que el meu germ\u00e0 \u00c1lvaro es converteix en Sa Santedat! \ud83d\ude31<\/p>\n\n<p><strong>S\u00f3c el germ\u00e0 del mig<\/strong> en una fam\u00edlia de set germans (2 noies i 4 nois m\u00e9s), i \u00c1lvaro ve <strong>just darrere meu<\/strong> .<\/p>\n\n<p>I compte, que no \u00e9s cap bogeria total: <strong>\u00c1lvaro \u00e9s actualment bisbe a Xile<\/strong> .<\/p>\n\n<p>Aix\u00ed que, encara que soni a bogeria simp\u00e0tica&#8230; no \u00e9s tan lluny de la realitat! \ud83d\ude09<\/p>\n<figure class=\"wp-block-post-featured-image\"><img fetchpriority=\"high\" decoding=\"async\" width=\"1024\" height=\"1024\" src=\"https:\/\/mastorrencito.com\/cat\/wp-content\/uploads\/sites\/3\/mastopapal.jpg\" class=\"attachment-post-thumbnail size-post-thumbnail wp-post-image\" alt=\"MasTorrencito, la casa del hermano del Papa??\" style=\"object-fit:cover;\" srcset=\"https:\/\/mastorrencito.com\/cat\/wp-content\/uploads\/sites\/3\/mastopapal.jpg 1024w, https:\/\/mastorrencito.com\/cat\/wp-content\/uploads\/sites\/3\/mastopapal-300x300.jpg 300w, https:\/\/mastorrencito.com\/cat\/wp-content\/uploads\/sites\/3\/mastopapal-150x150.jpg 150w, https:\/\/mastorrencito.com\/cat\/wp-content\/uploads\/sites\/3\/mastopapal-768x768.jpg 768w\" sizes=\"(max-width: 1024px) 100vw, 1024px\" \/><\/figure>\n<hr class=\"wp-block-separator has-alpha-channel-opacity\" \/>\n\n<h2 class=\"wp-block-heading\">\ud83d\udcde I \u00e9s clar&#8230; comencen les trucades surrealistes<\/h2>\n\n<p>Quan se sab\u00e9s, el m\u00f2bil no pararia de sonar.<br \/> Amics, ve\u00efns, companys de col\u00b7legi, fins i tot coneguts de fa mil anys anomenant-me en pla:<\/p>\n\n<p>\u2014 <strong>\u00abOncle, que el teu germ\u00e0 \u00e9s el Papa! I ara qu\u00e8? Et mudes al Vatic\u00e0?\u00bb<\/strong><br \/> \u2014 <strong>\u00abMas Torrencito es converteix en santuari?\u00bb<\/strong><br \/> \u2014 <strong>\u00abPuc portar el meu gos perqu\u00e8 el beneeixi directament Masto?\u00bb<\/strong> \ud83d\ude02<\/p>\n\n<p>I jo, rient-me:<\/p>\n\n<p><em>\u2014 \u00abTranquils, segueixo aqu\u00ed, en xandall, envoltat de gossos bavejant sobre les meves sabatilles. No me&#8217;n vaig enlloc.\u00bb<\/em><br \/> \u2014 <em>\u00abAix\u00f2 s\u00ed&#8230; potser l&#8217;esmorzar vindr\u00e0 amb benedicci\u00f3 inclosa. I potser pugem una mica la mem\u00f2ria cau!\u00bb<\/em> \ud83d\ude02<\/p>\n\n<hr class=\"wp-block-separator has-alpha-channel-opacity\" \/>\n\n<h2 class=\"wp-block-heading\">\ud83c\udfe1 MasTorrencito: la casa rural m\u00e9s bene\u00efda del m\u00f3n?<\/h2>\n\n<p>Amb un germ\u00e0 convertit en Papa, <strong>Mas Torrencito<\/strong> passaria a ser una cosa absolutament \u00fanica:<br \/><strong>el primer hotel dogfriendly del m\u00f3n amb \u00abbenedicci\u00f3 papal impl\u00edcita\u00bb<\/strong> . \ud83c\udf1f \ud83d\udc3e <\/p>\n\n<p>El cartell seria una mica tipus:<\/p>\n\n<p><em>\u00abBenvinguts a Mas Torrencito: on tots els hostes peluts reben amor, croquetes\u2026 i una mica de benedicci\u00f3 divina.\u00bb<\/em> \ud83d\udc3e \u2728<\/p>\n\n<p>Periodistes, turistes, pelegrins amants dels animals&#8230; ser\u00edem trending topic abans que Masto acab\u00e9s el seu primer entrep\u00e0 matut\u00ed! \ud83d\udcf8 \ud83d\udc15 <\/p>\n\n<p>Fins i tot podr\u00edem organitzar una festa anual: <strong>\u00abLa Gran Benedicci\u00f3 Perruna\u00bb<\/strong> , on els nostres gossets rebrien molt d&#8217;amor, una mica d&#8217;aigua bene\u00efda, i tones de car\u00edcies. \ud83d\udca6 \ud83d\udc36 <\/p>\n\n<p>I a casa, els nostres gossos de sempre \u2014 <strong>Masto, Maky, Mastitwo i Mamas<\/strong> \u2014 passejarien amb encara m\u00e9s orgull.<br \/> Me&#8217;ls imagino en pla:<\/p>\n\n<p>\u2014 <em>\u00abRespecteu-nos, simples humans&#8230; ara som oficialment sants canins.\u00bb<\/em> \ud83d\ude02<\/p>\n\n<hr class=\"wp-block-separator has-alpha-channel-opacity\" \/>\n\n<h2 class=\"wp-block-heading\">\ud83d\ude80 Per\u00f2 de deb\u00f2&#8230; quines conseq\u00fc\u00e8ncies reals tindria tot aix\u00f2?<\/h2>\n\n<p>B\u00e9, si ho penseu b\u00e9, les conseq\u00fc\u00e8ncies serien for\u00e7a curioses:<\/p>\n\n<p>\ud83d\udd39 <strong>M\u00e9s atenci\u00f3 medi\u00e0tica:<\/strong><br \/> Tindr\u00edem mitjans de comunicaci\u00f3 trucant per entrevistar-me: \u201cEl germ\u00e0 del Papa que regenta una casa rural per a gossos\u201d. Bon titular, eh! \ud83d\ude02<\/p>\n\n<p>\ud83d\udd39 <strong>Augment de reserves:<\/strong><br \/> Molts clients nous voldrien venir a allotjar-s&#8217;hi on viu el germ\u00e0 del Papa.<br \/> Tindr\u00edem llista d&#8217;espera fins i tot per als gossos! \ud83d\udc3e<\/p>\n\n<p>\ud83d\udd39 <strong>Esdeveniments especials:<\/strong><br \/> Podr\u00edem fer activitats tem\u00e0tiques: benediccions simb\u00f2liques, dies especials per a adopcions, festes de Sant Roquet\u00edn (el sant patr\u00f3 inventat dels gossets feli\u00e7os).<\/p>\n\n<p>\ud83d\udd39 <strong>Protecci\u00f3 especial:<\/strong><br \/> Tot i que continuaria sent el mateix de sempre, no descarto que en algun moment alg\u00fa del Vatic\u00e0 ens pos\u00e9s una mica de \u00abprotecci\u00f3 discreta\u00bb si la cosa es torn\u00e9s molt p\u00fablica.<\/p>\n\n<p>\ud83d\udd39 <strong>Expectatives socials:<\/strong><br \/> Tamb\u00e9 hi hauria m\u00e9s pressi\u00f3 per ser \u201cexemplar\u201d.<br \/> Res de muntar esc\u00e0ndols, sortir en fotos borratxo en alguna festa o queixar-me que Masto em roba la torrada. \ud83d\ude07<\/p>\n\n<p>\ud83d\udd39 <strong>M\u00e9s responsabilitat:<\/strong><br \/> Amb el focus medi\u00e0tic a sobre, caldria continuar transmetent els valors de respecte, acolliment i amor que sempre han fet de Mas Torrencito un lloc especial.<\/p>\n\n<p>En resum:<br \/><strong>seguir\u00edem sent els mateixos, per\u00f2 amb una mica m\u00e9s de responsabilitat&#8230; i moltes m\u00e9s an\u00e8cdotes per comptar.<\/strong> \ud83d\udc36 \u2764\ufe0f<\/p>\n\n<hr class=\"wp-block-separator has-alpha-channel-opacity\" \/>\n\n<h2 class=\"wp-block-heading\">\ud83d\ude4f Amb tot el respecte (i el cor)<\/h2>\n\n<p>Que ning\u00fa ho malinterpreti: escric aix\u00f2 des del m\u00e0xim afecte i respecte cap a l&#8217;Esgl\u00e9sia i cap all\u00f2 que representa el Papa. \ud83d\ude4c<br \/> Simplement m&#8217;agrada imaginar, amb humor sa i molta admiraci\u00f3, com seria aquesta aventura si la vida decid\u00eds sorprendre&#8217;ns en gran.<\/p>\n\n<p>Perqu\u00e8, al final, <strong>Mas Torrencito<\/strong> continuar\u00e0 sent el que sempre ha estat:<br \/><strong>un petit refugi on cada \u00e9sser, hum\u00e0 o pelut, \u00e9s tractat com a part de la fam\u00edlia.<\/strong><\/p>\n\n<p>I si a m\u00e9s, el que est\u00e0 al capdavant porta a la butxaca una mica de benedicci\u00f3 familiar extra&#8230; doncs sent, \u00a1 millor encara! \ud83d\ude09 \u2728 <\/p>\n\n<hr class=\"wp-block-separator has-alpha-channel-opacity\" \/>\n\n<p><strong>PD:<\/strong><br \/><strong>Mas Torrencito: on fins i tot els lladrucs sonen a gl\u00f2ria bene\u00efda.<\/strong> \ud83d\udc3e \ud83c\udfb6<\/p>\n\n<p>Des de MasTorrencito et desitgem un bon dia i que els teus gossos t&#8217;acompanyin!!<\/p>\n\n<p>\u2014\u2013<br \/> Si vols, pot veure els nostres bons per <a href=\"https:\/\/mastorrencito.com\/\" target=\"_blank\" rel=\"noreferrer noopener\">a<\/a> <strong>caps de setmana, bons jubilats<\/strong> , a un preu incre\u00efble.. entra a <a href=\"https:\/\/www.mastorrencito.com\/\">www.mastorrencito.com<\/a> o si vols podeu llegir m\u00e9s hist\u00f2ria i an\u00e8cdotes que ens <a href=\"https:\/\/mastorrencito.com\/\">han<\/a> passat a MasTorrencito\u2026 Clickea aqui\u2026<\/p>\n","protected":false},"excerpt":{"rendered":"<p>De vegades la vida et llan\u00e7a pensaments bojos\u2026 d&#8217;aquells que comencen de broma i acaben fent-te somriure tot el dia. \ud83d\ude04 Avui m&#8217;he preguntat: i si el meu germ\u00e0, \u00c1lvaro, fos elegit Papa? \ud83c\udfa9 \ud83d\ude4f Imagineu-vos el panorama: jo, aqu\u00ed al cor de l&#8217;Alt Empord\u00e0, envoltat de gossos feli\u00e7os, mentre a Roma sona el fum [&hellip;]<\/p>\n","protected":false},"author":2,"featured_media":4106,"comment_status":"open","ping_status":"closed","sticky":false,"template":"","format":"standard","meta":{"_acf_changed":false,"footnotes":""},"categories":[35],"tags":[],"class_list":["post-4119","post","type-post","status-publish","format-standard","has-post-thumbnail","hentry","category-histories-mastorrencito"],"yoast_head":"<!-- This site is optimized with the Yoast SEO Premium plugin v27.3 (Yoast SEO v27.5) - https:\/\/yoast.com\/product\/yoast-seo-premium-wordpress\/ -->\n<title>MasTorret... la casa rural del germ\u00e0 del Papa? \ud83c\udfe1 \ud83d\udc3e - Mas Torrencito CAT<\/title>\n<meta name=\"description\" content=\"JOOOOOO... imagineu-vos... que bogeria.. per\u00f2 coses m\u00e9s impossibles s&#039;han realitzat. MasTorret... la casa rural del germ\u00e0 del Papa?\" \/>\n<meta name=\"robots\" content=\"index, follow, max-snippet:-1, max-image-preview:large, max-video-preview:-1\" \/>\n<link rel=\"canonical\" href=\"https:\/\/mastorrencito.com\/cat\/mastorret-la-casa-rural-del-germa-del-papa-\ud83c\udfe1-\ud83d\udc3e\/\" \/>\n<meta property=\"og:locale\" content=\"es_ES\" \/>\n<meta property=\"og:type\" content=\"article\" \/>\n<meta property=\"og:title\" content=\"MasTorret... la casa rural del germ\u00e0 del Papa? \ud83c\udfe1 \ud83d\udc3e\" \/>\n<meta property=\"og:description\" content=\"JOOOOOO... imagineu-vos... que bogeria.. per\u00f2 coses m\u00e9s impossibles s&#039;han realitzat. MasTorret... la casa rural del germ\u00e0 del Papa?\" \/>\n<meta property=\"og:url\" content=\"https:\/\/mastorrencito.com\/cat\/mastorret-la-casa-rural-del-germa-del-papa-\ud83c\udfe1-\ud83d\udc3e\/\" \/>\n<meta property=\"og:site_name\" content=\"Mas Torrencito CAT\" \/>\n<meta property=\"article:published_time\" content=\"2025-04-28T09:01:08+00:00\" \/>\n<meta property=\"og:image\" content=\"https:\/\/mastorrencito.com\/cat\/wp-content\/uploads\/sites\/3\/mastopapal.jpg\" \/>\n\t<meta property=\"og:image:width\" content=\"1024\" \/>\n\t<meta property=\"og:image:height\" content=\"1024\" \/>\n\t<meta property=\"og:image:type\" content=\"image\/jpeg\" \/>\n<meta name=\"author\" content=\"Mastorrencito\" \/>\n<meta name=\"twitter:card\" content=\"summary_large_image\" \/>\n<meta name=\"twitter:label1\" content=\"Escrito por\" \/>\n\t<meta name=\"twitter:data1\" content=\"Mastorrencito\" \/>\n\t<meta name=\"twitter:label2\" content=\"Tiempo de lectura\" \/>\n\t<meta name=\"twitter:data2\" content=\"4 minutos\" \/>\n<script type=\"application\/ld+json\" class=\"yoast-schema-graph\">{\"@context\":\"https:\\\/\\\/schema.org\",\"@graph\":[{\"@type\":\"Article\",\"@id\":\"https:\\\/\\\/mastorrencito.com\\\/cat\\\/mastorret-la-casa-rural-del-germa-del-papa-%f0%9f%8f%a1-%f0%9f%90%be\\\/#article\",\"isPartOf\":{\"@id\":\"https:\\\/\\\/mastorrencito.com\\\/cat\\\/mastorret-la-casa-rural-del-germa-del-papa-%f0%9f%8f%a1-%f0%9f%90%be\\\/\"},\"author\":{\"name\":\"Mastorrencito\",\"@id\":\"https:\\\/\\\/mastorrencito.com\\\/#\\\/schema\\\/person\\\/18c619be80d4ae2667c702911625f790\"},\"headline\":\"MasTorret&#8230; la casa rural del germ\u00e0 del Papa? \ud83c\udfe1 \ud83d\udc3e\",\"datePublished\":\"2025-04-28T09:01:08+00:00\",\"mainEntityOfPage\":{\"@id\":\"https:\\\/\\\/mastorrencito.com\\\/cat\\\/mastorret-la-casa-rural-del-germa-del-papa-%f0%9f%8f%a1-%f0%9f%90%be\\\/\"},\"wordCount\":795,\"commentCount\":0,\"publisher\":{\"@id\":\"https:\\\/\\\/mastorrencito.com\\\/#organization\"},\"image\":{\"@id\":\"https:\\\/\\\/mastorrencito.com\\\/cat\\\/mastorret-la-casa-rural-del-germa-del-papa-%f0%9f%8f%a1-%f0%9f%90%be\\\/#primaryimage\"},\"thumbnailUrl\":\"https:\\\/\\\/mastorrencito.com\\\/cat\\\/wp-content\\\/uploads\\\/sites\\\/3\\\/mastopapal.jpg\",\"articleSection\":[\"Hist\u00f2ries Mastorrencito\"],\"inLanguage\":\"es\",\"potentialAction\":[{\"@type\":\"CommentAction\",\"name\":\"Comment\",\"target\":[\"https:\\\/\\\/mastorrencito.com\\\/cat\\\/mastorret-la-casa-rural-del-germa-del-papa-%f0%9f%8f%a1-%f0%9f%90%be\\\/#respond\"]}]},{\"@type\":\"WebPage\",\"@id\":\"https:\\\/\\\/mastorrencito.com\\\/cat\\\/mastorret-la-casa-rural-del-germa-del-papa-%f0%9f%8f%a1-%f0%9f%90%be\\\/\",\"url\":\"https:\\\/\\\/mastorrencito.com\\\/cat\\\/mastorret-la-casa-rural-del-germa-del-papa-%f0%9f%8f%a1-%f0%9f%90%be\\\/\",\"name\":\"MasTorret... la casa rural del germ\u00e0 del Papa? \ud83c\udfe1 \ud83d\udc3e - Mas Torrencito CAT\",\"isPartOf\":{\"@id\":\"https:\\\/\\\/mastorrencito.com\\\/#website\"},\"primaryImageOfPage\":{\"@id\":\"https:\\\/\\\/mastorrencito.com\\\/cat\\\/mastorret-la-casa-rural-del-germa-del-papa-%f0%9f%8f%a1-%f0%9f%90%be\\\/#primaryimage\"},\"image\":{\"@id\":\"https:\\\/\\\/mastorrencito.com\\\/cat\\\/mastorret-la-casa-rural-del-germa-del-papa-%f0%9f%8f%a1-%f0%9f%90%be\\\/#primaryimage\"},\"thumbnailUrl\":\"https:\\\/\\\/mastorrencito.com\\\/cat\\\/wp-content\\\/uploads\\\/sites\\\/3\\\/mastopapal.jpg\",\"datePublished\":\"2025-04-28T09:01:08+00:00\",\"description\":\"JOOOOOO... imagineu-vos... que bogeria.. per\u00f2 coses m\u00e9s impossibles s'han realitzat. MasTorret... la casa rural del germ\u00e0 del Papa?\",\"breadcrumb\":{\"@id\":\"https:\\\/\\\/mastorrencito.com\\\/cat\\\/mastorret-la-casa-rural-del-germa-del-papa-%f0%9f%8f%a1-%f0%9f%90%be\\\/#breadcrumb\"},\"inLanguage\":\"es\",\"potentialAction\":[{\"@type\":\"ReadAction\",\"target\":[\"https:\\\/\\\/mastorrencito.com\\\/cat\\\/mastorret-la-casa-rural-del-germa-del-papa-%f0%9f%8f%a1-%f0%9f%90%be\\\/\"]}]},{\"@type\":\"ImageObject\",\"inLanguage\":\"es\",\"@id\":\"https:\\\/\\\/mastorrencito.com\\\/cat\\\/mastorret-la-casa-rural-del-germa-del-papa-%f0%9f%8f%a1-%f0%9f%90%be\\\/#primaryimage\",\"url\":\"https:\\\/\\\/mastorrencito.com\\\/cat\\\/wp-content\\\/uploads\\\/sites\\\/3\\\/mastopapal.jpg\",\"contentUrl\":\"https:\\\/\\\/mastorrencito.com\\\/cat\\\/wp-content\\\/uploads\\\/sites\\\/3\\\/mastopapal.jpg\",\"width\":1024,\"height\":1024,\"caption\":\"MasTorrencito, la casa del hermano del Papa??\"},{\"@type\":\"BreadcrumbList\",\"@id\":\"https:\\\/\\\/mastorrencito.com\\\/cat\\\/mastorret-la-casa-rural-del-germa-del-papa-%f0%9f%8f%a1-%f0%9f%90%be\\\/#breadcrumb\",\"itemListElement\":[{\"@type\":\"ListItem\",\"position\":1,\"name\":\"Portada\",\"item\":\"https:\\\/\\\/mastorrencito.com\\\/\"},{\"@type\":\"ListItem\",\"position\":2,\"name\":\"MasTorret&#8230; la casa rural del germ\u00e0 del Papa? \ud83c\udfe1 \ud83d\udc3e\"}]},{\"@type\":\"WebSite\",\"@id\":\"https:\\\/\\\/mastorrencito.com\\\/#website\",\"url\":\"https:\\\/\\\/mastorrencito.com\\\/\",\"name\":\"Mas Torrencito CAT\",\"description\":\"Casa rural pet friendly en Girona\",\"publisher\":{\"@id\":\"https:\\\/\\\/mastorrencito.com\\\/#organization\"},\"potentialAction\":[{\"@type\":\"SearchAction\",\"target\":{\"@type\":\"EntryPoint\",\"urlTemplate\":\"https:\\\/\\\/mastorrencito.com\\\/?s={search_term_string}\"},\"query-input\":{\"@type\":\"PropertyValueSpecification\",\"valueRequired\":true,\"valueName\":\"search_term_string\"}}],\"inLanguage\":\"es\"},{\"@type\":\"Organization\",\"@id\":\"https:\\\/\\\/mastorrencito.com\\\/#organization\",\"name\":\"Mas Torrencito CAT\",\"url\":\"https:\\\/\\\/mastorrencito.com\\\/\",\"logo\":{\"@type\":\"ImageObject\",\"inLanguage\":\"es\",\"@id\":\"https:\\\/\\\/mastorrencito.com\\\/#\\\/schema\\\/logo\\\/image\\\/\",\"url\":\"https:\\\/\\\/mastorrencito.com\\\/cat\\\/wp-content\\\/uploads\\\/sites\\\/3\\\/Logo-Mastorrencito-horizontal.webp\",\"contentUrl\":\"https:\\\/\\\/mastorrencito.com\\\/cat\\\/wp-content\\\/uploads\\\/sites\\\/3\\\/Logo-Mastorrencito-horizontal.webp\",\"width\":161,\"height\":54,\"caption\":\"Mas Torrencito CAT\"},\"image\":{\"@id\":\"https:\\\/\\\/mastorrencito.com\\\/#\\\/schema\\\/logo\\\/image\\\/\"}},{\"@type\":\"Person\",\"@id\":\"https:\\\/\\\/mastorrencito.com\\\/#\\\/schema\\\/person\\\/18c619be80d4ae2667c702911625f790\",\"name\":\"Mastorrencito\",\"image\":{\"@type\":\"ImageObject\",\"inLanguage\":\"es\",\"@id\":\"https:\\\/\\\/secure.gravatar.com\\\/avatar\\\/3ef55e0519f987a734c21caee1423b51df7b760b7d81a38ecd31cab0a5115f6d?s=96&d=mm&r=g\",\"url\":\"https:\\\/\\\/secure.gravatar.com\\\/avatar\\\/3ef55e0519f987a734c21caee1423b51df7b760b7d81a38ecd31cab0a5115f6d?s=96&d=mm&r=g\",\"contentUrl\":\"https:\\\/\\\/secure.gravatar.com\\\/avatar\\\/3ef55e0519f987a734c21caee1423b51df7b760b7d81a38ecd31cab0a5115f6d?s=96&d=mm&r=g\",\"caption\":\"Mastorrencito\"},\"url\":\"https:\\\/\\\/mastorrencito.com\\\/cat\\\/author\\\/mastorrencito\\\/\"}]}<\/script>\n<!-- \/ Yoast SEO Premium plugin. -->","yoast_head_json":{"title":"MasTorret... la casa rural del germ\u00e0 del Papa? \ud83c\udfe1 \ud83d\udc3e - Mas Torrencito CAT","description":"JOOOOOO... imagineu-vos... que bogeria.. per\u00f2 coses m\u00e9s impossibles s'han realitzat. MasTorret... la casa rural del germ\u00e0 del Papa?","robots":{"index":"index","follow":"follow","max-snippet":"max-snippet:-1","max-image-preview":"max-image-preview:large","max-video-preview":"max-video-preview:-1"},"canonical":"https:\/\/mastorrencito.com\/cat\/mastorret-la-casa-rural-del-germa-del-papa-\ud83c\udfe1-\ud83d\udc3e\/","og_locale":"es_ES","og_type":"article","og_title":"MasTorret... la casa rural del germ\u00e0 del Papa? \ud83c\udfe1 \ud83d\udc3e","og_description":"JOOOOOO... imagineu-vos... que bogeria.. per\u00f2 coses m\u00e9s impossibles s'han realitzat. MasTorret... la casa rural del germ\u00e0 del Papa?","og_url":"https:\/\/mastorrencito.com\/cat\/mastorret-la-casa-rural-del-germa-del-papa-\ud83c\udfe1-\ud83d\udc3e\/","og_site_name":"Mas Torrencito CAT","article_published_time":"2025-04-28T09:01:08+00:00","og_image":[{"width":1024,"height":1024,"url":"https:\/\/mastorrencito.com\/cat\/wp-content\/uploads\/sites\/3\/mastopapal.jpg","type":"image\/jpeg"}],"author":"Mastorrencito","twitter_card":"summary_large_image","twitter_misc":{"Escrito por":"Mastorrencito","Tiempo de lectura":"4 minutos"},"schema":{"@context":"https:\/\/schema.org","@graph":[{"@type":"Article","@id":"https:\/\/mastorrencito.com\/cat\/mastorret-la-casa-rural-del-germa-del-papa-%f0%9f%8f%a1-%f0%9f%90%be\/#article","isPartOf":{"@id":"https:\/\/mastorrencito.com\/cat\/mastorret-la-casa-rural-del-germa-del-papa-%f0%9f%8f%a1-%f0%9f%90%be\/"},"author":{"name":"Mastorrencito","@id":"https:\/\/mastorrencito.com\/#\/schema\/person\/18c619be80d4ae2667c702911625f790"},"headline":"MasTorret&#8230; la casa rural del germ\u00e0 del Papa? \ud83c\udfe1 \ud83d\udc3e","datePublished":"2025-04-28T09:01:08+00:00","mainEntityOfPage":{"@id":"https:\/\/mastorrencito.com\/cat\/mastorret-la-casa-rural-del-germa-del-papa-%f0%9f%8f%a1-%f0%9f%90%be\/"},"wordCount":795,"commentCount":0,"publisher":{"@id":"https:\/\/mastorrencito.com\/#organization"},"image":{"@id":"https:\/\/mastorrencito.com\/cat\/mastorret-la-casa-rural-del-germa-del-papa-%f0%9f%8f%a1-%f0%9f%90%be\/#primaryimage"},"thumbnailUrl":"https:\/\/mastorrencito.com\/cat\/wp-content\/uploads\/sites\/3\/mastopapal.jpg","articleSection":["Hist\u00f2ries Mastorrencito"],"inLanguage":"es","potentialAction":[{"@type":"CommentAction","name":"Comment","target":["https:\/\/mastorrencito.com\/cat\/mastorret-la-casa-rural-del-germa-del-papa-%f0%9f%8f%a1-%f0%9f%90%be\/#respond"]}]},{"@type":"WebPage","@id":"https:\/\/mastorrencito.com\/cat\/mastorret-la-casa-rural-del-germa-del-papa-%f0%9f%8f%a1-%f0%9f%90%be\/","url":"https:\/\/mastorrencito.com\/cat\/mastorret-la-casa-rural-del-germa-del-papa-%f0%9f%8f%a1-%f0%9f%90%be\/","name":"MasTorret... la casa rural del germ\u00e0 del Papa? \ud83c\udfe1 \ud83d\udc3e - Mas Torrencito CAT","isPartOf":{"@id":"https:\/\/mastorrencito.com\/#website"},"primaryImageOfPage":{"@id":"https:\/\/mastorrencito.com\/cat\/mastorret-la-casa-rural-del-germa-del-papa-%f0%9f%8f%a1-%f0%9f%90%be\/#primaryimage"},"image":{"@id":"https:\/\/mastorrencito.com\/cat\/mastorret-la-casa-rural-del-germa-del-papa-%f0%9f%8f%a1-%f0%9f%90%be\/#primaryimage"},"thumbnailUrl":"https:\/\/mastorrencito.com\/cat\/wp-content\/uploads\/sites\/3\/mastopapal.jpg","datePublished":"2025-04-28T09:01:08+00:00","description":"JOOOOOO... imagineu-vos... que bogeria.. per\u00f2 coses m\u00e9s impossibles s'han realitzat. MasTorret... la casa rural del germ\u00e0 del Papa?","breadcrumb":{"@id":"https:\/\/mastorrencito.com\/cat\/mastorret-la-casa-rural-del-germa-del-papa-%f0%9f%8f%a1-%f0%9f%90%be\/#breadcrumb"},"inLanguage":"es","potentialAction":[{"@type":"ReadAction","target":["https:\/\/mastorrencito.com\/cat\/mastorret-la-casa-rural-del-germa-del-papa-%f0%9f%8f%a1-%f0%9f%90%be\/"]}]},{"@type":"ImageObject","inLanguage":"es","@id":"https:\/\/mastorrencito.com\/cat\/mastorret-la-casa-rural-del-germa-del-papa-%f0%9f%8f%a1-%f0%9f%90%be\/#primaryimage","url":"https:\/\/mastorrencito.com\/cat\/wp-content\/uploads\/sites\/3\/mastopapal.jpg","contentUrl":"https:\/\/mastorrencito.com\/cat\/wp-content\/uploads\/sites\/3\/mastopapal.jpg","width":1024,"height":1024,"caption":"MasTorrencito, la casa del hermano del Papa??"},{"@type":"BreadcrumbList","@id":"https:\/\/mastorrencito.com\/cat\/mastorret-la-casa-rural-del-germa-del-papa-%f0%9f%8f%a1-%f0%9f%90%be\/#breadcrumb","itemListElement":[{"@type":"ListItem","position":1,"name":"Portada","item":"https:\/\/mastorrencito.com\/"},{"@type":"ListItem","position":2,"name":"MasTorret&#8230; la casa rural del germ\u00e0 del Papa? \ud83c\udfe1 \ud83d\udc3e"}]},{"@type":"WebSite","@id":"https:\/\/mastorrencito.com\/#website","url":"https:\/\/mastorrencito.com\/","name":"Mas Torrencito CAT","description":"Casa rural pet friendly en Girona","publisher":{"@id":"https:\/\/mastorrencito.com\/#organization"},"potentialAction":[{"@type":"SearchAction","target":{"@type":"EntryPoint","urlTemplate":"https:\/\/mastorrencito.com\/?s={search_term_string}"},"query-input":{"@type":"PropertyValueSpecification","valueRequired":true,"valueName":"search_term_string"}}],"inLanguage":"es"},{"@type":"Organization","@id":"https:\/\/mastorrencito.com\/#organization","name":"Mas Torrencito CAT","url":"https:\/\/mastorrencito.com\/","logo":{"@type":"ImageObject","inLanguage":"es","@id":"https:\/\/mastorrencito.com\/#\/schema\/logo\/image\/","url":"https:\/\/mastorrencito.com\/cat\/wp-content\/uploads\/sites\/3\/Logo-Mastorrencito-horizontal.webp","contentUrl":"https:\/\/mastorrencito.com\/cat\/wp-content\/uploads\/sites\/3\/Logo-Mastorrencito-horizontal.webp","width":161,"height":54,"caption":"Mas Torrencito CAT"},"image":{"@id":"https:\/\/mastorrencito.com\/#\/schema\/logo\/image\/"}},{"@type":"Person","@id":"https:\/\/mastorrencito.com\/#\/schema\/person\/18c619be80d4ae2667c702911625f790","name":"Mastorrencito","image":{"@type":"ImageObject","inLanguage":"es","@id":"https:\/\/secure.gravatar.com\/avatar\/3ef55e0519f987a734c21caee1423b51df7b760b7d81a38ecd31cab0a5115f6d?s=96&d=mm&r=g","url":"https:\/\/secure.gravatar.com\/avatar\/3ef55e0519f987a734c21caee1423b51df7b760b7d81a38ecd31cab0a5115f6d?s=96&d=mm&r=g","contentUrl":"https:\/\/secure.gravatar.com\/avatar\/3ef55e0519f987a734c21caee1423b51df7b760b7d81a38ecd31cab0a5115f6d?s=96&d=mm&r=g","caption":"Mastorrencito"},"url":"https:\/\/mastorrencito.com\/cat\/author\/mastorrencito\/"}]}},"acf":[],"_links":{"self":[{"href":"https:\/\/mastorrencito.com\/cat\/wp-json\/wp\/v2\/posts\/4119","targetHints":{"allow":["GET"]}}],"collection":[{"href":"https:\/\/mastorrencito.com\/cat\/wp-json\/wp\/v2\/posts"}],"about":[{"href":"https:\/\/mastorrencito.com\/cat\/wp-json\/wp\/v2\/types\/post"}],"author":[{"embeddable":true,"href":"https:\/\/mastorrencito.com\/cat\/wp-json\/wp\/v2\/users\/2"}],"replies":[{"embeddable":true,"href":"https:\/\/mastorrencito.com\/cat\/wp-json\/wp\/v2\/comments?post=4119"}],"version-history":[{"count":0,"href":"https:\/\/mastorrencito.com\/cat\/wp-json\/wp\/v2\/posts\/4119\/revisions"}],"wp:featuredmedia":[{"embeddable":true,"href":"https:\/\/mastorrencito.com\/cat\/wp-json\/wp\/v2\/media\/4106"}],"wp:attachment":[{"href":"https:\/\/mastorrencito.com\/cat\/wp-json\/wp\/v2\/media?parent=4119"}],"wp:term":[{"taxonomy":"category","embeddable":true,"href":"https:\/\/mastorrencito.com\/cat\/wp-json\/wp\/v2\/categories?post=4119"},{"taxonomy":"post_tag","embeddable":true,"href":"https:\/\/mastorrencito.com\/cat\/wp-json\/wp\/v2\/tags?post=4119"}],"curies":[{"name":"wp","href":"https:\/\/api.w.org\/{rel}","templated":true}]}}