{"id":4117,"date":"2025-04-29T07:24:55","date_gmt":"2025-04-29T07:24:55","guid":{"rendered":"https:\/\/casaruralconperrosgirona.com\/la-gran-apagada-by-mastorrencito\/"},"modified":"2025-04-29T07:24:55","modified_gmt":"2025-04-29T07:24:55","slug":"la-gran-apagada-by-mastorrencito","status":"publish","type":"post","link":"https:\/\/mastorrencito.com\/cat\/la-gran-apagada-by-mastorrencito\/","title":{"rendered":"La gran apagada by MasTorrencito"},"content":{"rendered":"\n<hr class=\"wp-block-separator has-alpha-channel-opacity\" \/>\n\n<p>Ayyy, qui ho diria? Un altre moment hist\u00f2ric per a la mem\u00f2ria&#8230; Mare meva. Quatre papes, una pand\u00e8mia, una Gl\u00f2ria, una DANA, viure en dos segles diferents&#8230; Incre\u00efble.    <\/p>\n\n<p>He viscut en una Espanya grisa, una Espanya vermella, una Espanya moderna, una Espanya digital i una Espanya que sempre canvia. I per m\u00e9s coses que passen, sempre hi haur\u00e0 alguna cosa que et sorpr\u00e8n: la societat, l&#8217;\u00e9sser hum\u00e0, capa\u00e7 del millor i del pitjor. Ho vivim constantment en situacions extremes.  <\/p>\n\n<p>Ahir va ser un d&#8217;aquells dies hist\u00f2rics&#8230; Per a gaireb\u00e9 tothom, per\u00f2 no per <em>a nosaltres<\/em> . No ens assabentem de res. Perqu\u00e8 aqu\u00ed, a Mastorrencito, tot va funcionar perfectament: ni apagada el\u00e8ctrica, ni tall d&#8217;aigua, ni error d&#8217;internet.   <\/p>\n\n<p>Tot al contrari que a la resta d&#8217;Espanya. Per\u00f2 b\u00e9, algun dia ens havia de tocar ser nosaltres els que no patissim&#8230; jajajaja. Aix\u00f2 s\u00ed, vam perdre quatre clients que no hi van poder arribar, i aix\u00f2 es va traduir en p\u00e8rdua econ\u00f2mica. Per\u00f2 d&#8217;altra banda, est\u00e0vem al 100%: llum, bateries, wifi (gr\u00e0cies a Starlink)&#8230;   <\/p>\n\n<p>Jo ja havia parlat amb els ve\u00efns, per si de cas l&#8217;apagada durava un parell de dies, per preparar allargaments i que almenys tinguessin llum i poguessin fer vida normal. Encara sort que no va fer falta. Per\u00f2 la intenci\u00f3 hi era. I \u00e9s que, en aquestes situacions, \u00e9s igual si t&#8217;emportes b\u00e9 o malament: cal estar per al que es necessiti. Almenys, jo ho veig aix\u00ed.    <\/p>\n\n<p>M&#8217;imagino el caos a les grans ciutats: ascensors aturats, gent que necessita respiradors, fam\u00edlies sense poder comunicar-se&#8230; Tot i que molts ni tan sols parlen en setmanes, ahir es van preocupar de si estaven b\u00e9.<br \/> I la gent atrapada a la ciutat, sense poder tornar a casa seva, preocupats per les seves mascotes. Demanant a amics i ve\u00efns que les traguessin a passejar&#8230; Per ells aix\u00f2 era el m\u00e9s important. I \u00e9s respectable, al 100%. O no?     <\/p>\n\n<p>Aquestes situacions demostren com de febles podem ser. Un simple tall de llum pot fer caure una ciutat, un pa\u00eds&#8230; No estem preparats per a una cosa aix\u00ed. No.   <\/p>\n\n<p>Tamb\u00e9 surt el pitjor: buidar supermercats, com a la pand\u00e8mia. Si hi ha aigua, la vull tota. No comparteixo. Sempre \u00e9s el mateix.   <\/p>\n\n<hr class=\"wp-block-separator has-alpha-channel-opacity\" \/>\n\n<h4 class=\"wp-block-heading\"><strong>Reflexi\u00f3: Mascotes a Temps de Crisi<\/strong><\/h4>\n\n<p>Quan tot s&#8217;apaga -la llum, l&#8217;aigua, la comunicaci\u00f3- queda a la vista all\u00f2 essencial. No s\u00f3n els objectes, no s\u00f3n els t\u00edtols ni els comptes bancaris. S\u00f3n els lla\u00e7os. I entre ells, els lla\u00e7os invisibles que ens uneixen als que no tenen veu: les nostres mascotes.   <\/p>\n\n<p>Enmig del caos d&#8217;una gran apagada, mentre la societat entrava en p\u00e0nic, molts nom\u00e9s hi pensaven. Als gossos, als gats, als companys de vida. Sense importar la dist\u00e0ncia o la incertesa, va sorgir la necessitat m\u00e9s b\u00e0sica: protegir-los, assegurar-se que no els falt\u00e9s res, que no sentissin por ni soledat.  <\/p>\n\n<p>En un m\u00f3n que presumeix d&#8217;aven\u00e7os tecnol\u00f2gics i de xarxes infinites, va ser el lla\u00e7 m\u00e9s simple \u2014el de l&#8217;afecte pur, desinteressat\u2014 el que va prendre el protagonisme. Mentre altres buidaven supermercats per acumular egoistament, n&#8217;hi havia que demanaven a un ve\u00ed que tragu\u00e9s a passejar el seu gos atrapat a casa, els que s&#8217;organitzaven per portar menjar als animals que en depenien. <\/p>\n\n<p>Aix\u00f2 diu molt de nosaltres. En situacions extremes, el nostre veritable car\u00e0cter es revela: la compassi\u00f3, l&#8217;empatia, el sentit de responsabilitat envers \u00e9ssers m\u00e9s vulnerables que no entenen el perqu\u00e8 dels llums apagats o del silenci abrupte. <\/p>\n\n<p>Les mascotes no entenen les crisis humanes, per\u00f2 depenen de la nostra humanitat per sobreviure-les. I si enmig del desastre alg\u00fa pensa primer en el benestar d&#8217;un \u00e9sser que no es pot defensar, aleshores encara hi ha esperan\u00e7a. <\/p>\n\n<p>Tenir-ne cura en un moment de caos no \u00e9s nom\u00e9s un acte d&#8217;amor: \u00e9s un acte de dignitat. \u00c9s un recordatori de qui som&#8230; o de qui haur\u00edem de ser. <\/p>\n\n<hr class=\"wp-block-separator has-alpha-channel-opacity\" \/>\n\n<p><\/p>\n","protected":false},"excerpt":{"rendered":"<p>Ayyy, qui ho diria? Un altre moment hist\u00f2ric per a la mem\u00f2ria&#8230; Mare meva. Quatre papes, una pand\u00e8mia, una Gl\u00f2ria, una DANA, viure en dos segles diferents&#8230; Incre\u00efble. He viscut en una Espanya grisa, una Espanya vermella, una Espanya moderna, una Espanya digital i una Espanya que sempre canvia. I per m\u00e9s coses que passen, [&hellip;]<\/p>\n","protected":false},"author":2,"featured_media":4112,"comment_status":"open","ping_status":"closed","sticky":false,"template":"","format":"standard","meta":{"_acf_changed":false,"footnotes":""},"categories":[35],"tags":[],"class_list":["post-4117","post","type-post","status-publish","format-standard","has-post-thumbnail","hentry","category-histories-mastorrencito"],"yoast_head":"<!-- This site is optimized with the Yoast SEO Premium plugin v27.3 (Yoast SEO v27.5) - https:\/\/yoast.com\/product\/yoast-seo-premium-wordpress\/ -->\n<title>La gran apagada by MasTorrencito - Mas Torrencito CAT<\/title>\n<meta name=\"description\" content=\"&quot;I \u00e9s que... en situacions com aquesta es veu de qu\u00e8 estem fets... o no? La Gran Apagada \u2014 by MasTorrencito&quot;\" \/>\n<meta name=\"robots\" content=\"index, follow, max-snippet:-1, max-image-preview:large, max-video-preview:-1\" \/>\n<link rel=\"canonical\" href=\"https:\/\/mastorrencito.com\/cat\/la-gran-apagada-by-mastorrencito\/\" \/>\n<meta property=\"og:locale\" content=\"es_ES\" \/>\n<meta property=\"og:type\" content=\"article\" \/>\n<meta property=\"og:title\" content=\"La gran apagada by MasTorrencito\" \/>\n<meta property=\"og:description\" content=\"&quot;I \u00e9s que... en situacions com aquesta es veu de qu\u00e8 estem fets... o no? La Gran Apagada \u2014 by MasTorrencito&quot;\" \/>\n<meta property=\"og:url\" content=\"https:\/\/mastorrencito.com\/cat\/la-gran-apagada-by-mastorrencito\/\" \/>\n<meta property=\"og:site_name\" content=\"Mas Torrencito CAT\" \/>\n<meta property=\"article:published_time\" content=\"2025-04-29T07:24:55+00:00\" \/>\n<meta property=\"og:image\" content=\"https:\/\/mastorrencito.com\/cat\/wp-content\/uploads\/sites\/3\/apagon.jpg\" \/>\n\t<meta property=\"og:image:width\" content=\"1024\" \/>\n\t<meta property=\"og:image:height\" content=\"1024\" \/>\n\t<meta property=\"og:image:type\" content=\"image\/jpeg\" \/>\n<meta name=\"author\" content=\"Mastorrencito\" \/>\n<meta name=\"twitter:card\" content=\"summary_large_image\" \/>\n<meta name=\"twitter:label1\" content=\"Escrito por\" \/>\n\t<meta name=\"twitter:data1\" content=\"Mastorrencito\" \/>\n\t<meta name=\"twitter:label2\" content=\"Tiempo de lectura\" \/>\n\t<meta name=\"twitter:data2\" content=\"3 minutos\" \/>\n<script type=\"application\/ld+json\" class=\"yoast-schema-graph\">{\"@context\":\"https:\\\/\\\/schema.org\",\"@graph\":[{\"@type\":\"Article\",\"@id\":\"https:\\\/\\\/mastorrencito.com\\\/cat\\\/la-gran-apagada-by-mastorrencito\\\/#article\",\"isPartOf\":{\"@id\":\"https:\\\/\\\/mastorrencito.com\\\/cat\\\/la-gran-apagada-by-mastorrencito\\\/\"},\"author\":{\"name\":\"Mastorrencito\",\"@id\":\"https:\\\/\\\/mastorrencito.com\\\/#\\\/schema\\\/person\\\/18c619be80d4ae2667c702911625f790\"},\"headline\":\"La gran apagada by MasTorrencito\",\"datePublished\":\"2025-04-29T07:24:55+00:00\",\"mainEntityOfPage\":{\"@id\":\"https:\\\/\\\/mastorrencito.com\\\/cat\\\/la-gran-apagada-by-mastorrencito\\\/\"},\"wordCount\":702,\"commentCount\":0,\"publisher\":{\"@id\":\"https:\\\/\\\/mastorrencito.com\\\/#organization\"},\"image\":{\"@id\":\"https:\\\/\\\/mastorrencito.com\\\/cat\\\/la-gran-apagada-by-mastorrencito\\\/#primaryimage\"},\"thumbnailUrl\":\"https:\\\/\\\/mastorrencito.com\\\/cat\\\/wp-content\\\/uploads\\\/sites\\\/3\\\/apagon.jpg\",\"articleSection\":[\"Hist\u00f2ries Mastorrencito\"],\"inLanguage\":\"es\",\"potentialAction\":[{\"@type\":\"CommentAction\",\"name\":\"Comment\",\"target\":[\"https:\\\/\\\/mastorrencito.com\\\/cat\\\/la-gran-apagada-by-mastorrencito\\\/#respond\"]}]},{\"@type\":\"WebPage\",\"@id\":\"https:\\\/\\\/mastorrencito.com\\\/cat\\\/la-gran-apagada-by-mastorrencito\\\/\",\"url\":\"https:\\\/\\\/mastorrencito.com\\\/cat\\\/la-gran-apagada-by-mastorrencito\\\/\",\"name\":\"La gran apagada by MasTorrencito - Mas Torrencito CAT\",\"isPartOf\":{\"@id\":\"https:\\\/\\\/mastorrencito.com\\\/#website\"},\"primaryImageOfPage\":{\"@id\":\"https:\\\/\\\/mastorrencito.com\\\/cat\\\/la-gran-apagada-by-mastorrencito\\\/#primaryimage\"},\"image\":{\"@id\":\"https:\\\/\\\/mastorrencito.com\\\/cat\\\/la-gran-apagada-by-mastorrencito\\\/#primaryimage\"},\"thumbnailUrl\":\"https:\\\/\\\/mastorrencito.com\\\/cat\\\/wp-content\\\/uploads\\\/sites\\\/3\\\/apagon.jpg\",\"datePublished\":\"2025-04-29T07:24:55+00:00\",\"description\":\"\\\"I \u00e9s que... en situacions com aquesta es veu de qu\u00e8 estem fets... o no? La Gran Apagada \u2014 by MasTorrencito\\\"\",\"breadcrumb\":{\"@id\":\"https:\\\/\\\/mastorrencito.com\\\/cat\\\/la-gran-apagada-by-mastorrencito\\\/#breadcrumb\"},\"inLanguage\":\"es\",\"potentialAction\":[{\"@type\":\"ReadAction\",\"target\":[\"https:\\\/\\\/mastorrencito.com\\\/cat\\\/la-gran-apagada-by-mastorrencito\\\/\"]}]},{\"@type\":\"ImageObject\",\"inLanguage\":\"es\",\"@id\":\"https:\\\/\\\/mastorrencito.com\\\/cat\\\/la-gran-apagada-by-mastorrencito\\\/#primaryimage\",\"url\":\"https:\\\/\\\/mastorrencito.com\\\/cat\\\/wp-content\\\/uploads\\\/sites\\\/3\\\/apagon.jpg\",\"contentUrl\":\"https:\\\/\\\/mastorrencito.com\\\/cat\\\/wp-content\\\/uploads\\\/sites\\\/3\\\/apagon.jpg\",\"width\":1024,\"height\":1024,\"caption\":\"El gran apag\u00f3n... by MasTorrencito\"},{\"@type\":\"BreadcrumbList\",\"@id\":\"https:\\\/\\\/mastorrencito.com\\\/cat\\\/la-gran-apagada-by-mastorrencito\\\/#breadcrumb\",\"itemListElement\":[{\"@type\":\"ListItem\",\"position\":1,\"name\":\"Portada\",\"item\":\"https:\\\/\\\/mastorrencito.com\\\/\"},{\"@type\":\"ListItem\",\"position\":2,\"name\":\"La gran apagada by MasTorrencito\"}]},{\"@type\":\"WebSite\",\"@id\":\"https:\\\/\\\/mastorrencito.com\\\/#website\",\"url\":\"https:\\\/\\\/mastorrencito.com\\\/\",\"name\":\"Mas Torrencito CAT\",\"description\":\"Casa rural pet friendly en Girona\",\"publisher\":{\"@id\":\"https:\\\/\\\/mastorrencito.com\\\/#organization\"},\"potentialAction\":[{\"@type\":\"SearchAction\",\"target\":{\"@type\":\"EntryPoint\",\"urlTemplate\":\"https:\\\/\\\/mastorrencito.com\\\/?s={search_term_string}\"},\"query-input\":{\"@type\":\"PropertyValueSpecification\",\"valueRequired\":true,\"valueName\":\"search_term_string\"}}],\"inLanguage\":\"es\"},{\"@type\":\"Organization\",\"@id\":\"https:\\\/\\\/mastorrencito.com\\\/#organization\",\"name\":\"Mas Torrencito CAT\",\"url\":\"https:\\\/\\\/mastorrencito.com\\\/\",\"logo\":{\"@type\":\"ImageObject\",\"inLanguage\":\"es\",\"@id\":\"https:\\\/\\\/mastorrencito.com\\\/#\\\/schema\\\/logo\\\/image\\\/\",\"url\":\"https:\\\/\\\/mastorrencito.com\\\/cat\\\/wp-content\\\/uploads\\\/sites\\\/3\\\/Logo-Mastorrencito-horizontal.webp\",\"contentUrl\":\"https:\\\/\\\/mastorrencito.com\\\/cat\\\/wp-content\\\/uploads\\\/sites\\\/3\\\/Logo-Mastorrencito-horizontal.webp\",\"width\":161,\"height\":54,\"caption\":\"Mas Torrencito CAT\"},\"image\":{\"@id\":\"https:\\\/\\\/mastorrencito.com\\\/#\\\/schema\\\/logo\\\/image\\\/\"}},{\"@type\":\"Person\",\"@id\":\"https:\\\/\\\/mastorrencito.com\\\/#\\\/schema\\\/person\\\/18c619be80d4ae2667c702911625f790\",\"name\":\"Mastorrencito\",\"image\":{\"@type\":\"ImageObject\",\"inLanguage\":\"es\",\"@id\":\"https:\\\/\\\/secure.gravatar.com\\\/avatar\\\/3ef55e0519f987a734c21caee1423b51df7b760b7d81a38ecd31cab0a5115f6d?s=96&d=mm&r=g\",\"url\":\"https:\\\/\\\/secure.gravatar.com\\\/avatar\\\/3ef55e0519f987a734c21caee1423b51df7b760b7d81a38ecd31cab0a5115f6d?s=96&d=mm&r=g\",\"contentUrl\":\"https:\\\/\\\/secure.gravatar.com\\\/avatar\\\/3ef55e0519f987a734c21caee1423b51df7b760b7d81a38ecd31cab0a5115f6d?s=96&d=mm&r=g\",\"caption\":\"Mastorrencito\"},\"url\":\"https:\\\/\\\/mastorrencito.com\\\/cat\\\/author\\\/mastorrencito\\\/\"}]}<\/script>\n<!-- \/ Yoast SEO Premium plugin. -->","yoast_head_json":{"title":"La gran apagada by MasTorrencito - Mas Torrencito CAT","description":"\"I \u00e9s que... en situacions com aquesta es veu de qu\u00e8 estem fets... o no? La Gran Apagada \u2014 by MasTorrencito\"","robots":{"index":"index","follow":"follow","max-snippet":"max-snippet:-1","max-image-preview":"max-image-preview:large","max-video-preview":"max-video-preview:-1"},"canonical":"https:\/\/mastorrencito.com\/cat\/la-gran-apagada-by-mastorrencito\/","og_locale":"es_ES","og_type":"article","og_title":"La gran apagada by MasTorrencito","og_description":"\"I \u00e9s que... en situacions com aquesta es veu de qu\u00e8 estem fets... o no? La Gran Apagada \u2014 by MasTorrencito\"","og_url":"https:\/\/mastorrencito.com\/cat\/la-gran-apagada-by-mastorrencito\/","og_site_name":"Mas Torrencito CAT","article_published_time":"2025-04-29T07:24:55+00:00","og_image":[{"width":1024,"height":1024,"url":"https:\/\/mastorrencito.com\/cat\/wp-content\/uploads\/sites\/3\/apagon.jpg","type":"image\/jpeg"}],"author":"Mastorrencito","twitter_card":"summary_large_image","twitter_misc":{"Escrito por":"Mastorrencito","Tiempo de lectura":"3 minutos"},"schema":{"@context":"https:\/\/schema.org","@graph":[{"@type":"Article","@id":"https:\/\/mastorrencito.com\/cat\/la-gran-apagada-by-mastorrencito\/#article","isPartOf":{"@id":"https:\/\/mastorrencito.com\/cat\/la-gran-apagada-by-mastorrencito\/"},"author":{"name":"Mastorrencito","@id":"https:\/\/mastorrencito.com\/#\/schema\/person\/18c619be80d4ae2667c702911625f790"},"headline":"La gran apagada by MasTorrencito","datePublished":"2025-04-29T07:24:55+00:00","mainEntityOfPage":{"@id":"https:\/\/mastorrencito.com\/cat\/la-gran-apagada-by-mastorrencito\/"},"wordCount":702,"commentCount":0,"publisher":{"@id":"https:\/\/mastorrencito.com\/#organization"},"image":{"@id":"https:\/\/mastorrencito.com\/cat\/la-gran-apagada-by-mastorrencito\/#primaryimage"},"thumbnailUrl":"https:\/\/mastorrencito.com\/cat\/wp-content\/uploads\/sites\/3\/apagon.jpg","articleSection":["Hist\u00f2ries Mastorrencito"],"inLanguage":"es","potentialAction":[{"@type":"CommentAction","name":"Comment","target":["https:\/\/mastorrencito.com\/cat\/la-gran-apagada-by-mastorrencito\/#respond"]}]},{"@type":"WebPage","@id":"https:\/\/mastorrencito.com\/cat\/la-gran-apagada-by-mastorrencito\/","url":"https:\/\/mastorrencito.com\/cat\/la-gran-apagada-by-mastorrencito\/","name":"La gran apagada by MasTorrencito - Mas Torrencito CAT","isPartOf":{"@id":"https:\/\/mastorrencito.com\/#website"},"primaryImageOfPage":{"@id":"https:\/\/mastorrencito.com\/cat\/la-gran-apagada-by-mastorrencito\/#primaryimage"},"image":{"@id":"https:\/\/mastorrencito.com\/cat\/la-gran-apagada-by-mastorrencito\/#primaryimage"},"thumbnailUrl":"https:\/\/mastorrencito.com\/cat\/wp-content\/uploads\/sites\/3\/apagon.jpg","datePublished":"2025-04-29T07:24:55+00:00","description":"\"I \u00e9s que... en situacions com aquesta es veu de qu\u00e8 estem fets... o no? La Gran Apagada \u2014 by MasTorrencito\"","breadcrumb":{"@id":"https:\/\/mastorrencito.com\/cat\/la-gran-apagada-by-mastorrencito\/#breadcrumb"},"inLanguage":"es","potentialAction":[{"@type":"ReadAction","target":["https:\/\/mastorrencito.com\/cat\/la-gran-apagada-by-mastorrencito\/"]}]},{"@type":"ImageObject","inLanguage":"es","@id":"https:\/\/mastorrencito.com\/cat\/la-gran-apagada-by-mastorrencito\/#primaryimage","url":"https:\/\/mastorrencito.com\/cat\/wp-content\/uploads\/sites\/3\/apagon.jpg","contentUrl":"https:\/\/mastorrencito.com\/cat\/wp-content\/uploads\/sites\/3\/apagon.jpg","width":1024,"height":1024,"caption":"El gran apag\u00f3n... by MasTorrencito"},{"@type":"BreadcrumbList","@id":"https:\/\/mastorrencito.com\/cat\/la-gran-apagada-by-mastorrencito\/#breadcrumb","itemListElement":[{"@type":"ListItem","position":1,"name":"Portada","item":"https:\/\/mastorrencito.com\/"},{"@type":"ListItem","position":2,"name":"La gran apagada by MasTorrencito"}]},{"@type":"WebSite","@id":"https:\/\/mastorrencito.com\/#website","url":"https:\/\/mastorrencito.com\/","name":"Mas Torrencito CAT","description":"Casa rural pet friendly en Girona","publisher":{"@id":"https:\/\/mastorrencito.com\/#organization"},"potentialAction":[{"@type":"SearchAction","target":{"@type":"EntryPoint","urlTemplate":"https:\/\/mastorrencito.com\/?s={search_term_string}"},"query-input":{"@type":"PropertyValueSpecification","valueRequired":true,"valueName":"search_term_string"}}],"inLanguage":"es"},{"@type":"Organization","@id":"https:\/\/mastorrencito.com\/#organization","name":"Mas Torrencito CAT","url":"https:\/\/mastorrencito.com\/","logo":{"@type":"ImageObject","inLanguage":"es","@id":"https:\/\/mastorrencito.com\/#\/schema\/logo\/image\/","url":"https:\/\/mastorrencito.com\/cat\/wp-content\/uploads\/sites\/3\/Logo-Mastorrencito-horizontal.webp","contentUrl":"https:\/\/mastorrencito.com\/cat\/wp-content\/uploads\/sites\/3\/Logo-Mastorrencito-horizontal.webp","width":161,"height":54,"caption":"Mas Torrencito CAT"},"image":{"@id":"https:\/\/mastorrencito.com\/#\/schema\/logo\/image\/"}},{"@type":"Person","@id":"https:\/\/mastorrencito.com\/#\/schema\/person\/18c619be80d4ae2667c702911625f790","name":"Mastorrencito","image":{"@type":"ImageObject","inLanguage":"es","@id":"https:\/\/secure.gravatar.com\/avatar\/3ef55e0519f987a734c21caee1423b51df7b760b7d81a38ecd31cab0a5115f6d?s=96&d=mm&r=g","url":"https:\/\/secure.gravatar.com\/avatar\/3ef55e0519f987a734c21caee1423b51df7b760b7d81a38ecd31cab0a5115f6d?s=96&d=mm&r=g","contentUrl":"https:\/\/secure.gravatar.com\/avatar\/3ef55e0519f987a734c21caee1423b51df7b760b7d81a38ecd31cab0a5115f6d?s=96&d=mm&r=g","caption":"Mastorrencito"},"url":"https:\/\/mastorrencito.com\/cat\/author\/mastorrencito\/"}]}},"acf":[],"_links":{"self":[{"href":"https:\/\/mastorrencito.com\/cat\/wp-json\/wp\/v2\/posts\/4117","targetHints":{"allow":["GET"]}}],"collection":[{"href":"https:\/\/mastorrencito.com\/cat\/wp-json\/wp\/v2\/posts"}],"about":[{"href":"https:\/\/mastorrencito.com\/cat\/wp-json\/wp\/v2\/types\/post"}],"author":[{"embeddable":true,"href":"https:\/\/mastorrencito.com\/cat\/wp-json\/wp\/v2\/users\/2"}],"replies":[{"embeddable":true,"href":"https:\/\/mastorrencito.com\/cat\/wp-json\/wp\/v2\/comments?post=4117"}],"version-history":[{"count":0,"href":"https:\/\/mastorrencito.com\/cat\/wp-json\/wp\/v2\/posts\/4117\/revisions"}],"wp:featuredmedia":[{"embeddable":true,"href":"https:\/\/mastorrencito.com\/cat\/wp-json\/wp\/v2\/media\/4112"}],"wp:attachment":[{"href":"https:\/\/mastorrencito.com\/cat\/wp-json\/wp\/v2\/media?parent=4117"}],"wp:term":[{"taxonomy":"category","embeddable":true,"href":"https:\/\/mastorrencito.com\/cat\/wp-json\/wp\/v2\/categories?post=4117"},{"taxonomy":"post_tag","embeddable":true,"href":"https:\/\/mastorrencito.com\/cat\/wp-json\/wp\/v2\/tags?post=4117"}],"curies":[{"name":"wp","href":"https:\/\/api.w.org\/{rel}","templated":true}]}}