{"id":4087,"date":"2025-04-21T05:01:04","date_gmt":"2025-04-21T05:01:04","guid":{"rendered":"https:\/\/casaruralconperrosgirona.com\/bye-bye-setmana-santa-hola-realitat\/"},"modified":"2025-04-21T05:01:04","modified_gmt":"2025-04-21T05:01:04","slug":"bye-bye-setmana-santa-hola-realitat","status":"publish","type":"post","link":"https:\/\/mastorrencito.com\/cat\/bye-bye-setmana-santa-hola-realitat\/","title":{"rendered":"Bye Bye Setmana Santa\u2026 hola realitat"},"content":{"rendered":"\n<p>Fotre, sembla mentida. Tant parlar de la Setmana Santa per aqu\u00ed i per all\u00e0, que si plour\u00e0, que si neva, que si aix\u00f2 i all\u00f2 altre\u2026 i pum, se&#8217;n va anar. Ni ens n&#8217;hem assabentat.  <\/p>\n\n<p>I el pitjor \u00e9s que seguim anomenant-li \u00abvacances de Setmana Santa\u00bb, quan en realitat ja \u00e9s un finde llarg. Aix\u00ed de clar. Abans no era aix\u00ed, almenys per als que ens vam dedicar al turisme rural. La Setmana Santa era l&#8217;empenta bona que t&#8217;ajudava a aguantar fins a l&#8217;estiu. Ara, amb sort, us d\u00f3na per arribar a final de mes. Perqu\u00e8 ja no \u00e9s com abans\u2026     <\/p>\n\n<p>Abans eren gaireb\u00e9 15 dies de moviment. Dues setmanes senceres. L&#8217;altre dia mirava les agendes del 2008 o 2010 i, fotre, quina difer\u00e8ncia. Ara omple tres nits i d\u00f3na gr\u00e0cies. I compte, que despr\u00e9s v\u00e9nen els pol\u00edtics i els del telenot\u00edcies amb els seus percentatges d&#8217;ocupaci\u00f3: \u201cEl 98% del sector hostaler ple\u201d. Per\u00f2, d&#8217;on treuen aquests n\u00fameros? Perqu\u00e8 jo no m&#8217;ho crec ni de conya.      <\/p>\n<figure class=\"wp-block-post-featured-image\"><img fetchpriority=\"high\" decoding=\"async\" width=\"1024\" height=\"1024\" src=\"https:\/\/mastorrencito.com\/cat\/wp-content\/uploads\/sites\/3\/semana_santa.jpg\" class=\"attachment-post-thumbnail size-post-thumbnail wp-post-image\" alt=\"bye_bye seman santa by MasTorrencito\" style=\"object-fit:cover;\" srcset=\"https:\/\/mastorrencito.com\/cat\/wp-content\/uploads\/sites\/3\/semana_santa.jpg 1024w, https:\/\/mastorrencito.com\/cat\/wp-content\/uploads\/sites\/3\/semana_santa-300x300.jpg 300w, https:\/\/mastorrencito.com\/cat\/wp-content\/uploads\/sites\/3\/semana_santa-150x150.jpg 150w, https:\/\/mastorrencito.com\/cat\/wp-content\/uploads\/sites\/3\/semana_santa-768x768.jpg 768w\" sizes=\"(max-width: 1024px) 100vw, 1024px\" \/><\/figure>\n<p>Aqu\u00ed diumenge, quan encara era festiu dilluns, ja hi havia cases buides. I hotels, ni t&#8217;explico. L&#8217;operaci\u00f3 sortida va comen\u00e7ar dijous i va acabar divendres a la nit. L&#8217;operaci\u00f3 tornada va comen\u00e7ar ahir diumenge i s&#8217;acaba aquesta nit. Tot expr\u00e9s.    <\/p>\n\n<p>I mira, tampoc no ens podem queixar. Hem omplert les quatre nits. Per\u00f2 ja estem amb la mirada posada al pont de maig\u2026 i no tinc bones sensacions. Alguna cosa em diu que no anir\u00e0 tan b\u00e9.   <\/p>\n\n<p>I \u00e9s que aquesta professi\u00f3 \u00e9s aix\u00ed. Des del desembre esperant que arribi la Setmana Santa per respirar una mica. Nom\u00e9s una mica. Perqu\u00e8 despr\u00e9s toca aguantar fins a Sant Joan, creuant els dits perqu\u00e8 arrenqui una temporada d&#8217;estiu que cada cop \u00e9s m\u00e9s curta. \u00c9s un sense viure. I despr\u00e9s arriba Hisenda i et fica la destralada. Perqu\u00e8 si alguna cosa no s\u00f3n\u2026 \u00e9s ximples.      <\/p>\n\n<p>Et fiquen els impostos cada tres mesos, just despr\u00e9s dels festius, i \u00e9s clar, quan fas n\u00fameros veus que, si no fos per aquests dies, no podries pagar. Ho tenen ben estudiat, ja et dic. <\/p>\n\n<p>I mentrestant, el m\u00f3n se&#8217;n va a la merda i sembla que ens \u00e9s igual\u2026<\/p>\n\n<p>Ahir uns clients em deien que s&#8217;estan carregant a la classe mitjana. Per\u00f2 jo els vaig dir que no. Que no ens l&#8217;estan carregant: l&#8217;hem rebentat nosaltres solets.  <\/p>\n\n<p>Abans, els nostres pares treien endavant set fills, els donaven estudis, casa, cotxe, vacances. Avui diuen que aix\u00f2 \u00e9s impossible. I potser ho sigui\u2026 per\u00f2 tamb\u00e9 \u00e9s veritat que vivim com a marquesos. No ens privem de res. A la meva mare no se li hauria passat pel cap comprar-li al meu pare unes sabatilles de 170 euros. O tenir un m\u00f2bil de 2.000. O una tele de ensopegades polzades.      <\/p>\n\n<p>Abans era classe mitjana perqu\u00e8 no es gastava a aparentar. Nosaltres s\u00ed. B\u00e9, jo almenys, que mai no m&#8217;he privat de res\u2026 i tampoc tinc res.  <\/p>\n\n<p>Ah, per cert: no s\u00e9 si he estat desconnectat del m\u00f3n, per\u00f2 a cap telenot\u00edcies de TV3 he vist <em>ni un sol pas<\/em> de Setmana Santa. Tu? <\/p>\n\n<p><strong>Reflexi\u00f3 post Setmana Santa:<\/strong><\/p>\n\n<p>I aix\u00ed, com qui no vol la cosa, se&#8217;n va anar la Setmana Santa. Va entrar amb amenaces de pluja i va sortir sense fer soroll, com aquell convidat que no ajuda a recollir per\u00f2 s&#8217;emporta un t\u00e0per. <\/p>\n\n<p>Ens van vendre \u201cvacances\u201d i ens van donar un pont amb embussos, habitacions mig plenes i telenot\u00edcies parlant d&#8217;ocupaci\u00f3 r\u00e8cord mentre tu mires el teu compte bancari i et preguntes si han explicat les places de Mart tamb\u00e9.<\/p>\n\n<p>Abans la Setmana Santa et donava for\u00e7a per llen\u00e7ar fins a l&#8217;estiu. Ara, amb sort, et d\u00f3na per pagar l&#8217;IVA del trimestre i una caixa de paracetamol.  <\/p>\n\n<p>Aix\u00f2 s\u00ed, la culpa no \u00e9s del sistema, ni d?Europa, ni dels pol\u00edtics. La culpa \u00e9s nostra. Si ens hem cregut classe mitjana mentre ens hipotequem per tenir un m\u00f2bil que fa fotos a la lluna i unes sabatilles que costen el que abans valia una setmana a la platja.  <\/p>\n\n<p>Vivim de luxe, per\u00f2 no arribem a final de mes. I mentrestant, Hisenda espera amagada, amb m\u00e9s fe que els passos que no van sortir a TV3. <\/p>\n\n<p>I aix\u00ed seguim. Omplint cases rurals tres dies, buidant l&#8217;\u00e0nima la resta de l&#8217;any, i esperant que el pont de maig obre un miracle. Que per aix\u00f2 estem a terra de sants, no?  <\/p>\n\n<hr class=\"wp-block-separator has-alpha-channel-opacity\" \/>\n\n<p>Des de MasTorrencito et desitgem un bon dia i que els teus gossos t&#8217;acompanyin!!<\/p>\n\n<p>\u2014\u2013<br \/> Si vols, pot veure els nostres bons per <a href=\"https:\/\/mastorrencito.com\/\" target=\"_blank\" rel=\"noreferrer noopener\">a<\/a> <strong>caps de setmana, bons jubilats<\/strong> , a un preu incre\u00efble.. entra a <a href=\"https:\/\/www.mastorrencito.com\/\">www.mastorrencito.com<\/a> o si vols podeu llegir m\u00e9s hist\u00f2ria i an\u00e8cdotes que ens <a href=\"https:\/\/mastorrencito.com\/es\/\">han<\/a> passat a MasTorrencito\u2026 Clickea aqui\u2026<\/p>\n\n<p><\/p>\n","protected":false},"excerpt":{"rendered":"<p>Fotre, sembla mentida. Tant parlar de la Setmana Santa per aqu\u00ed i per all\u00e0, que si plour\u00e0, que si neva, que si aix\u00f2 i all\u00f2 altre\u2026 i pum, se&#8217;n va anar. Ni ens n&#8217;hem assabentat. I el pitjor \u00e9s que seguim anomenant-li \u00abvacances de Setmana Santa\u00bb, quan en realitat ja \u00e9s un finde llarg. Aix\u00ed [&hellip;]<\/p>\n","protected":false},"author":2,"featured_media":4081,"comment_status":"open","ping_status":"closed","sticky":false,"template":"","format":"standard","meta":{"_acf_changed":false,"footnotes":""},"categories":[35],"tags":[],"class_list":["post-4087","post","type-post","status-publish","format-standard","has-post-thumbnail","hentry","category-histories-mastorrencito"],"yoast_head":"<!-- This site is optimized with the Yoast SEO Premium plugin v27.3 (Yoast SEO v27.5) - https:\/\/yoast.com\/product\/yoast-seo-premium-wordpress\/ -->\n<title>Bye Bye Setmana Santa\u2026 hola realitat - Mas Torrencito CAT<\/title>\n<meta name=\"description\" content=\"I \u00e9s que de cop i volta tornem a realitat de cada dia... a les nostres vides... Bye Bye Setmana Santa\u2026 hola realitat\" \/>\n<meta name=\"robots\" content=\"index, follow, max-snippet:-1, max-image-preview:large, max-video-preview:-1\" \/>\n<link rel=\"canonical\" href=\"https:\/\/mastorrencito.com\/cat\/bye-bye-setmana-santa-hola-realitat\/\" \/>\n<meta property=\"og:locale\" content=\"es_ES\" \/>\n<meta property=\"og:type\" content=\"article\" \/>\n<meta property=\"og:title\" content=\"Bye Bye Setmana Santa\u2026 hola realitat\" \/>\n<meta property=\"og:description\" content=\"I \u00e9s que de cop i volta tornem a realitat de cada dia... a les nostres vides... Bye Bye Setmana Santa\u2026 hola realitat\" \/>\n<meta property=\"og:url\" content=\"https:\/\/mastorrencito.com\/cat\/bye-bye-setmana-santa-hola-realitat\/\" \/>\n<meta property=\"og:site_name\" content=\"Mas Torrencito CAT\" \/>\n<meta property=\"article:published_time\" content=\"2025-04-21T05:01:04+00:00\" \/>\n<meta property=\"og:image\" content=\"https:\/\/mastorrencito.com\/cat\/wp-content\/uploads\/sites\/3\/semana_santa.jpg\" \/>\n\t<meta property=\"og:image:width\" content=\"1024\" \/>\n\t<meta property=\"og:image:height\" content=\"1024\" \/>\n\t<meta property=\"og:image:type\" content=\"image\/jpeg\" \/>\n<meta name=\"author\" content=\"Mastorrencito\" \/>\n<meta name=\"twitter:card\" content=\"summary_large_image\" \/>\n<meta name=\"twitter:label1\" content=\"Escrito por\" \/>\n\t<meta name=\"twitter:data1\" content=\"Mastorrencito\" \/>\n\t<meta name=\"twitter:label2\" content=\"Tiempo de lectura\" \/>\n\t<meta name=\"twitter:data2\" content=\"4 minutos\" \/>\n<script type=\"application\/ld+json\" class=\"yoast-schema-graph\">{\"@context\":\"https:\\\/\\\/schema.org\",\"@graph\":[{\"@type\":\"Article\",\"@id\":\"https:\\\/\\\/mastorrencito.com\\\/cat\\\/bye-bye-setmana-santa-hola-realitat\\\/#article\",\"isPartOf\":{\"@id\":\"https:\\\/\\\/mastorrencito.com\\\/cat\\\/bye-bye-setmana-santa-hola-realitat\\\/\"},\"author\":{\"name\":\"Mastorrencito\",\"@id\":\"https:\\\/\\\/mastorrencito.com\\\/#\\\/schema\\\/person\\\/18c619be80d4ae2667c702911625f790\"},\"headline\":\"Bye Bye Setmana Santa\u2026 hola realitat\",\"datePublished\":\"2025-04-21T05:01:04+00:00\",\"mainEntityOfPage\":{\"@id\":\"https:\\\/\\\/mastorrencito.com\\\/cat\\\/bye-bye-setmana-santa-hola-realitat\\\/\"},\"wordCount\":845,\"commentCount\":0,\"publisher\":{\"@id\":\"https:\\\/\\\/mastorrencito.com\\\/#organization\"},\"image\":{\"@id\":\"https:\\\/\\\/mastorrencito.com\\\/cat\\\/bye-bye-setmana-santa-hola-realitat\\\/#primaryimage\"},\"thumbnailUrl\":\"https:\\\/\\\/mastorrencito.com\\\/cat\\\/wp-content\\\/uploads\\\/sites\\\/3\\\/semana_santa.jpg\",\"articleSection\":[\"Hist\u00f2ries Mastorrencito\"],\"inLanguage\":\"es\",\"potentialAction\":[{\"@type\":\"CommentAction\",\"name\":\"Comment\",\"target\":[\"https:\\\/\\\/mastorrencito.com\\\/cat\\\/bye-bye-setmana-santa-hola-realitat\\\/#respond\"]}]},{\"@type\":\"WebPage\",\"@id\":\"https:\\\/\\\/mastorrencito.com\\\/cat\\\/bye-bye-setmana-santa-hola-realitat\\\/\",\"url\":\"https:\\\/\\\/mastorrencito.com\\\/cat\\\/bye-bye-setmana-santa-hola-realitat\\\/\",\"name\":\"Bye Bye Setmana Santa\u2026 hola realitat - Mas Torrencito CAT\",\"isPartOf\":{\"@id\":\"https:\\\/\\\/mastorrencito.com\\\/#website\"},\"primaryImageOfPage\":{\"@id\":\"https:\\\/\\\/mastorrencito.com\\\/cat\\\/bye-bye-setmana-santa-hola-realitat\\\/#primaryimage\"},\"image\":{\"@id\":\"https:\\\/\\\/mastorrencito.com\\\/cat\\\/bye-bye-setmana-santa-hola-realitat\\\/#primaryimage\"},\"thumbnailUrl\":\"https:\\\/\\\/mastorrencito.com\\\/cat\\\/wp-content\\\/uploads\\\/sites\\\/3\\\/semana_santa.jpg\",\"datePublished\":\"2025-04-21T05:01:04+00:00\",\"description\":\"I \u00e9s que de cop i volta tornem a realitat de cada dia... a les nostres vides... Bye Bye Setmana Santa\u2026 hola realitat\",\"breadcrumb\":{\"@id\":\"https:\\\/\\\/mastorrencito.com\\\/cat\\\/bye-bye-setmana-santa-hola-realitat\\\/#breadcrumb\"},\"inLanguage\":\"es\",\"potentialAction\":[{\"@type\":\"ReadAction\",\"target\":[\"https:\\\/\\\/mastorrencito.com\\\/cat\\\/bye-bye-setmana-santa-hola-realitat\\\/\"]}]},{\"@type\":\"ImageObject\",\"inLanguage\":\"es\",\"@id\":\"https:\\\/\\\/mastorrencito.com\\\/cat\\\/bye-bye-setmana-santa-hola-realitat\\\/#primaryimage\",\"url\":\"https:\\\/\\\/mastorrencito.com\\\/cat\\\/wp-content\\\/uploads\\\/sites\\\/3\\\/semana_santa.jpg\",\"contentUrl\":\"https:\\\/\\\/mastorrencito.com\\\/cat\\\/wp-content\\\/uploads\\\/sites\\\/3\\\/semana_santa.jpg\",\"width\":1024,\"height\":1024,\"caption\":\"bye_bye seman santa by MasTorrencito\"},{\"@type\":\"BreadcrumbList\",\"@id\":\"https:\\\/\\\/mastorrencito.com\\\/cat\\\/bye-bye-setmana-santa-hola-realitat\\\/#breadcrumb\",\"itemListElement\":[{\"@type\":\"ListItem\",\"position\":1,\"name\":\"Portada\",\"item\":\"https:\\\/\\\/mastorrencito.com\\\/\"},{\"@type\":\"ListItem\",\"position\":2,\"name\":\"Bye Bye Setmana Santa\u2026 hola realitat\"}]},{\"@type\":\"WebSite\",\"@id\":\"https:\\\/\\\/mastorrencito.com\\\/#website\",\"url\":\"https:\\\/\\\/mastorrencito.com\\\/\",\"name\":\"Mas Torrencito CAT\",\"description\":\"Casa rural pet friendly en Girona\",\"publisher\":{\"@id\":\"https:\\\/\\\/mastorrencito.com\\\/#organization\"},\"potentialAction\":[{\"@type\":\"SearchAction\",\"target\":{\"@type\":\"EntryPoint\",\"urlTemplate\":\"https:\\\/\\\/mastorrencito.com\\\/?s={search_term_string}\"},\"query-input\":{\"@type\":\"PropertyValueSpecification\",\"valueRequired\":true,\"valueName\":\"search_term_string\"}}],\"inLanguage\":\"es\"},{\"@type\":\"Organization\",\"@id\":\"https:\\\/\\\/mastorrencito.com\\\/#organization\",\"name\":\"Mas Torrencito CAT\",\"url\":\"https:\\\/\\\/mastorrencito.com\\\/\",\"logo\":{\"@type\":\"ImageObject\",\"inLanguage\":\"es\",\"@id\":\"https:\\\/\\\/mastorrencito.com\\\/#\\\/schema\\\/logo\\\/image\\\/\",\"url\":\"https:\\\/\\\/mastorrencito.com\\\/cat\\\/wp-content\\\/uploads\\\/sites\\\/3\\\/Logo-Mastorrencito-horizontal.webp\",\"contentUrl\":\"https:\\\/\\\/mastorrencito.com\\\/cat\\\/wp-content\\\/uploads\\\/sites\\\/3\\\/Logo-Mastorrencito-horizontal.webp\",\"width\":161,\"height\":54,\"caption\":\"Mas Torrencito CAT\"},\"image\":{\"@id\":\"https:\\\/\\\/mastorrencito.com\\\/#\\\/schema\\\/logo\\\/image\\\/\"}},{\"@type\":\"Person\",\"@id\":\"https:\\\/\\\/mastorrencito.com\\\/#\\\/schema\\\/person\\\/18c619be80d4ae2667c702911625f790\",\"name\":\"Mastorrencito\",\"image\":{\"@type\":\"ImageObject\",\"inLanguage\":\"es\",\"@id\":\"https:\\\/\\\/secure.gravatar.com\\\/avatar\\\/3ef55e0519f987a734c21caee1423b51df7b760b7d81a38ecd31cab0a5115f6d?s=96&d=mm&r=g\",\"url\":\"https:\\\/\\\/secure.gravatar.com\\\/avatar\\\/3ef55e0519f987a734c21caee1423b51df7b760b7d81a38ecd31cab0a5115f6d?s=96&d=mm&r=g\",\"contentUrl\":\"https:\\\/\\\/secure.gravatar.com\\\/avatar\\\/3ef55e0519f987a734c21caee1423b51df7b760b7d81a38ecd31cab0a5115f6d?s=96&d=mm&r=g\",\"caption\":\"Mastorrencito\"},\"url\":\"https:\\\/\\\/mastorrencito.com\\\/cat\\\/author\\\/mastorrencito\\\/\"}]}<\/script>\n<!-- \/ Yoast SEO Premium plugin. -->","yoast_head_json":{"title":"Bye Bye Setmana Santa\u2026 hola realitat - Mas Torrencito CAT","description":"I \u00e9s que de cop i volta tornem a realitat de cada dia... a les nostres vides... Bye Bye Setmana Santa\u2026 hola realitat","robots":{"index":"index","follow":"follow","max-snippet":"max-snippet:-1","max-image-preview":"max-image-preview:large","max-video-preview":"max-video-preview:-1"},"canonical":"https:\/\/mastorrencito.com\/cat\/bye-bye-setmana-santa-hola-realitat\/","og_locale":"es_ES","og_type":"article","og_title":"Bye Bye Setmana Santa\u2026 hola realitat","og_description":"I \u00e9s que de cop i volta tornem a realitat de cada dia... a les nostres vides... Bye Bye Setmana Santa\u2026 hola realitat","og_url":"https:\/\/mastorrencito.com\/cat\/bye-bye-setmana-santa-hola-realitat\/","og_site_name":"Mas Torrencito CAT","article_published_time":"2025-04-21T05:01:04+00:00","og_image":[{"width":1024,"height":1024,"url":"https:\/\/mastorrencito.com\/cat\/wp-content\/uploads\/sites\/3\/semana_santa.jpg","type":"image\/jpeg"}],"author":"Mastorrencito","twitter_card":"summary_large_image","twitter_misc":{"Escrito por":"Mastorrencito","Tiempo de lectura":"4 minutos"},"schema":{"@context":"https:\/\/schema.org","@graph":[{"@type":"Article","@id":"https:\/\/mastorrencito.com\/cat\/bye-bye-setmana-santa-hola-realitat\/#article","isPartOf":{"@id":"https:\/\/mastorrencito.com\/cat\/bye-bye-setmana-santa-hola-realitat\/"},"author":{"name":"Mastorrencito","@id":"https:\/\/mastorrencito.com\/#\/schema\/person\/18c619be80d4ae2667c702911625f790"},"headline":"Bye Bye Setmana Santa\u2026 hola realitat","datePublished":"2025-04-21T05:01:04+00:00","mainEntityOfPage":{"@id":"https:\/\/mastorrencito.com\/cat\/bye-bye-setmana-santa-hola-realitat\/"},"wordCount":845,"commentCount":0,"publisher":{"@id":"https:\/\/mastorrencito.com\/#organization"},"image":{"@id":"https:\/\/mastorrencito.com\/cat\/bye-bye-setmana-santa-hola-realitat\/#primaryimage"},"thumbnailUrl":"https:\/\/mastorrencito.com\/cat\/wp-content\/uploads\/sites\/3\/semana_santa.jpg","articleSection":["Hist\u00f2ries Mastorrencito"],"inLanguage":"es","potentialAction":[{"@type":"CommentAction","name":"Comment","target":["https:\/\/mastorrencito.com\/cat\/bye-bye-setmana-santa-hola-realitat\/#respond"]}]},{"@type":"WebPage","@id":"https:\/\/mastorrencito.com\/cat\/bye-bye-setmana-santa-hola-realitat\/","url":"https:\/\/mastorrencito.com\/cat\/bye-bye-setmana-santa-hola-realitat\/","name":"Bye Bye Setmana Santa\u2026 hola realitat - Mas Torrencito CAT","isPartOf":{"@id":"https:\/\/mastorrencito.com\/#website"},"primaryImageOfPage":{"@id":"https:\/\/mastorrencito.com\/cat\/bye-bye-setmana-santa-hola-realitat\/#primaryimage"},"image":{"@id":"https:\/\/mastorrencito.com\/cat\/bye-bye-setmana-santa-hola-realitat\/#primaryimage"},"thumbnailUrl":"https:\/\/mastorrencito.com\/cat\/wp-content\/uploads\/sites\/3\/semana_santa.jpg","datePublished":"2025-04-21T05:01:04+00:00","description":"I \u00e9s que de cop i volta tornem a realitat de cada dia... a les nostres vides... Bye Bye Setmana Santa\u2026 hola realitat","breadcrumb":{"@id":"https:\/\/mastorrencito.com\/cat\/bye-bye-setmana-santa-hola-realitat\/#breadcrumb"},"inLanguage":"es","potentialAction":[{"@type":"ReadAction","target":["https:\/\/mastorrencito.com\/cat\/bye-bye-setmana-santa-hola-realitat\/"]}]},{"@type":"ImageObject","inLanguage":"es","@id":"https:\/\/mastorrencito.com\/cat\/bye-bye-setmana-santa-hola-realitat\/#primaryimage","url":"https:\/\/mastorrencito.com\/cat\/wp-content\/uploads\/sites\/3\/semana_santa.jpg","contentUrl":"https:\/\/mastorrencito.com\/cat\/wp-content\/uploads\/sites\/3\/semana_santa.jpg","width":1024,"height":1024,"caption":"bye_bye seman santa by MasTorrencito"},{"@type":"BreadcrumbList","@id":"https:\/\/mastorrencito.com\/cat\/bye-bye-setmana-santa-hola-realitat\/#breadcrumb","itemListElement":[{"@type":"ListItem","position":1,"name":"Portada","item":"https:\/\/mastorrencito.com\/"},{"@type":"ListItem","position":2,"name":"Bye Bye Setmana Santa\u2026 hola realitat"}]},{"@type":"WebSite","@id":"https:\/\/mastorrencito.com\/#website","url":"https:\/\/mastorrencito.com\/","name":"Mas Torrencito CAT","description":"Casa rural pet friendly en Girona","publisher":{"@id":"https:\/\/mastorrencito.com\/#organization"},"potentialAction":[{"@type":"SearchAction","target":{"@type":"EntryPoint","urlTemplate":"https:\/\/mastorrencito.com\/?s={search_term_string}"},"query-input":{"@type":"PropertyValueSpecification","valueRequired":true,"valueName":"search_term_string"}}],"inLanguage":"es"},{"@type":"Organization","@id":"https:\/\/mastorrencito.com\/#organization","name":"Mas Torrencito CAT","url":"https:\/\/mastorrencito.com\/","logo":{"@type":"ImageObject","inLanguage":"es","@id":"https:\/\/mastorrencito.com\/#\/schema\/logo\/image\/","url":"https:\/\/mastorrencito.com\/cat\/wp-content\/uploads\/sites\/3\/Logo-Mastorrencito-horizontal.webp","contentUrl":"https:\/\/mastorrencito.com\/cat\/wp-content\/uploads\/sites\/3\/Logo-Mastorrencito-horizontal.webp","width":161,"height":54,"caption":"Mas Torrencito CAT"},"image":{"@id":"https:\/\/mastorrencito.com\/#\/schema\/logo\/image\/"}},{"@type":"Person","@id":"https:\/\/mastorrencito.com\/#\/schema\/person\/18c619be80d4ae2667c702911625f790","name":"Mastorrencito","image":{"@type":"ImageObject","inLanguage":"es","@id":"https:\/\/secure.gravatar.com\/avatar\/3ef55e0519f987a734c21caee1423b51df7b760b7d81a38ecd31cab0a5115f6d?s=96&d=mm&r=g","url":"https:\/\/secure.gravatar.com\/avatar\/3ef55e0519f987a734c21caee1423b51df7b760b7d81a38ecd31cab0a5115f6d?s=96&d=mm&r=g","contentUrl":"https:\/\/secure.gravatar.com\/avatar\/3ef55e0519f987a734c21caee1423b51df7b760b7d81a38ecd31cab0a5115f6d?s=96&d=mm&r=g","caption":"Mastorrencito"},"url":"https:\/\/mastorrencito.com\/cat\/author\/mastorrencito\/"}]}},"acf":[],"_links":{"self":[{"href":"https:\/\/mastorrencito.com\/cat\/wp-json\/wp\/v2\/posts\/4087","targetHints":{"allow":["GET"]}}],"collection":[{"href":"https:\/\/mastorrencito.com\/cat\/wp-json\/wp\/v2\/posts"}],"about":[{"href":"https:\/\/mastorrencito.com\/cat\/wp-json\/wp\/v2\/types\/post"}],"author":[{"embeddable":true,"href":"https:\/\/mastorrencito.com\/cat\/wp-json\/wp\/v2\/users\/2"}],"replies":[{"embeddable":true,"href":"https:\/\/mastorrencito.com\/cat\/wp-json\/wp\/v2\/comments?post=4087"}],"version-history":[{"count":0,"href":"https:\/\/mastorrencito.com\/cat\/wp-json\/wp\/v2\/posts\/4087\/revisions"}],"wp:featuredmedia":[{"embeddable":true,"href":"https:\/\/mastorrencito.com\/cat\/wp-json\/wp\/v2\/media\/4081"}],"wp:attachment":[{"href":"https:\/\/mastorrencito.com\/cat\/wp-json\/wp\/v2\/media?parent=4087"}],"wp:term":[{"taxonomy":"category","embeddable":true,"href":"https:\/\/mastorrencito.com\/cat\/wp-json\/wp\/v2\/categories?post=4087"},{"taxonomy":"post_tag","embeddable":true,"href":"https:\/\/mastorrencito.com\/cat\/wp-json\/wp\/v2\/tags?post=4087"}],"curies":[{"name":"wp","href":"https:\/\/api.w.org\/{rel}","templated":true}]}}