{"id":4064,"date":"2025-04-17T04:07:25","date_gmt":"2025-04-17T04:07:25","guid":{"rendered":"https:\/\/casaruralconperrosgirona.com\/platges-guauuuuu-prop-de-mastorrencito-2025\/"},"modified":"2025-04-17T04:07:25","modified_gmt":"2025-04-17T04:07:25","slug":"platges-guauuuuu-prop-de-mastorrencito-2025","status":"publish","type":"post","link":"https:\/\/mastorrencito.com\/cat\/platges-guauuuuu-prop-de-mastorrencito-2025\/","title":{"rendered":"Platges GUAUUUUU prop de MasTorrencito 2025"},"content":{"rendered":"\n<p>Guau, guau! \ud83d\udc36 Hola, amigues! S\u00f3c <strong>Manuela<\/strong> , la gosseta amfitriona de Mas Torrencito \ud83c\udfe1 \ud83d\udc3e . Avui us vull explicar sobre les platges perrunes m\u00e9s xules de la prov\u00edncia de Girona per a aquest 2025. I per fer-ho m\u00e9s divertit, ho far\u00e9 com una conversa entre <strong>Rocky<\/strong> i Yo, un gosset que va venir a visitar-nos amb el seu hum\u00e0. Anem all\u00e0! \ud83d\udc3e \ud83c\udf0a      <\/p>\n\n<h4 class=\"wp-block-heading\">Platges pet friendly Girona 2025 by MasTorrencito<\/h4>\n\n<hr class=\"wp-block-separator has-alpha-channel-opacity\" \/>\n\n<p><strong>\ud83d\udc3e Manuela:<\/strong> Hola, Rocky! Qu\u00e8 tal la teva estada a Mas Torrencito? <\/p>\n\n<p><strong>\ud83d\udc36 Rocky:<\/strong> Guau, Manuela! Estic encantat. Per\u00f2 m&#8217;encantaria con\u00e8ixer algunes platges on pugui c\u00f3rrer i jugar. En coneixes alguna a prop?   <\/p>\n\n<p><strong>\ud83d\udc3e Manuela:<\/strong> \u00c9s clar que s\u00ed! T&#8217;explico: El primer que vull que s\u00e0pigues \u00e9s que aqu\u00ed tens les millors platges de tot el Pa\u00eds&#8230;. sens dubte&#8230;. i que la m\u00e9s llunyana est\u00e0 a mitja horeta amb cotxe&#8230; de MasTorrencito   <\/p>\n\n<figure class=\"wp-block-image size-full\"><img fetchpriority=\"high\" decoding=\"async\" width=\"1024\" height=\"1024\" src=\"https:\/\/mastorrencito.com\/wp-content\/uploads\/playa.gif\" alt=\"Platges pet friendly Girona 2025 by MasTorrencito\" class=\"wp-image-4056\" \/><figcaption class=\"wp-element-caption\">Platges pet friendly Girona 2025 by MasTorrencito<\/figcaption><\/figure>\n<p><\/p>\n\n<hr class=\"wp-block-separator has-alpha-channel-opacity\" \/>\n\n<h3 class=\"wp-block-heading\">\ud83c\udfd6\ufe0f Platja del Rec del Mol\u00ed, L&#8217;Escala<\/h3>\n\n<ul class=\"wp-block-list\">\n<li><strong>Dist\u00e0ncia des de Mas Torrencito:<\/strong> Aproximadament 27 km \ud83d\ude97 .<\/li>\n\n\n\n<li><strong>Descripci\u00f3:<\/strong> Ubicada en plena natura, aquesta bonica platja de sorra fina \u00e9s ideal per gaudir d&#8217;unes vacances de \ud83d\udeb4\u200d\u2642\ufe0f \ud83c\udf32  <\/li>\n<\/ul>\n\n<p><strong>\ud83d\udc36 Rocky:<\/strong> M&#8217;encanta la idea d&#8217;un passeig entre pins!<\/p>\n\n<h3 class=\"wp-block-heading\">\ud83c\udfd6\ufe0f Platja de La Rubina, a Empuriabrava<\/h3>\n\n<ul class=\"wp-block-list\">\n<li><strong>Dist\u00e0ncia des de Mas Torrencito:<\/strong> Aproximadament 31 km \ud83d\ude97 .<\/li>\n\n\n\n<li><strong>Descripci\u00f3:<\/strong> Va ser la primera platja per a gossos d&#8217;Espanya i continua sent una de les m\u00e9s ben valorades. Sorra fina, aig\u00fces cristal\u00b7lines i molt espai per c\u00f3rrer. A m\u00e9s, a prop hi ha el C\u00e0mping Castellmar, que \u00e9s dog friendly i ofereix tapes per a gossos i dutxes per a mascotes. \ud83d\udc15 \ud83c\udf56 \ud83d\udebf   <\/li>\n<\/ul>\n\n<p><strong>\ud83d\udc36 Rocky:<\/strong> Aix\u00f2 sona genial! I alguna altra opci\u00f3? <\/p>\n\n<hr class=\"wp-block-separator has-alpha-channel-opacity\" \/>\n\n<h3 class=\"wp-block-heading\">\ud83c\udfd6\ufe0f Zona Canina de Platja Els Griells, a L&#8217;Estartit<\/h3>\n\n<ul class=\"wp-block-list\">\n<li><strong>Dist\u00e0ncia des de Mas Torrencito:<\/strong> Aproximadament 32 km \ud83d\ude97 .<\/li>\n\n\n\n<li><strong>Descripci\u00f3:<\/strong> A la zona El Molino, entre els Griells i la Platera, hi ha un espai de 600 m\u00b2 sense limitacions hor\u00e0ries on podem c\u00f3rrer i jugar amb l&#8217;aigua del mar. Est\u00e0 just davant del C\u00e0mping La Sirena. \ud83d\udc3e \ud83c\udf0a  <\/li>\n<\/ul>\n\n<p><strong>\ud83d\udc3e Manuela:<\/strong> \u00c9s perfecta per a un dia de jocs!<\/p>\n\n<hr class=\"wp-block-separator has-alpha-channel-opacity\" \/>\n\n<h3 class=\"wp-block-heading\">\ud83c\udfd6\ufe0f Platja de Sant Jordi, a Llan\u00e7\u00e0<\/h3>\n\n<ul class=\"wp-block-list\">\n<li><strong>Dist\u00e0ncia des de Mas Torrencito:<\/strong> Aproximadament 37 km \ud83d\ude97 .<\/li>\n\n\n\n<li><strong>Descripci\u00f3:<\/strong> Aquesta petita cala de sorra i grava es troba a la Costa Brava Nord, molt a prop de la frontera amb Fran\u00e7a. \u00c9s tranquil\u00b7la i perfecta per a un bany relaxant. \ud83d\udc3e \ud83c\udf05  <\/li>\n<\/ul>\n\n<p><strong>\ud83d\udc3e Manuela:<\/strong> \u00a1 Ideal per a un dia tranquil!<\/p>\n\n<hr class=\"wp-block-separator has-alpha-channel-opacity\" \/>\n\n<h3 class=\"wp-block-heading\">\ud83c\udfd6\ufe0f Platja de les Barques, a Colera<\/h3>\n\n<ul class=\"wp-block-list\">\n<li><strong>Dist\u00e0ncia des de Mas Torrencito:<\/strong> Aproximadament 44 km \ud83d\ude97 .<\/li>\n\n\n\n<li><strong>Descripci\u00f3:<\/strong> Situada al costat de la frontera de Fran\u00e7a, aquesta petita platja de sorra i grava \u00e9s ideal per als amants de la tranquil\u00b7litat. \ud83d\udc15\u200d\ud83e\uddba \ud83c\udf0a <\/li>\n<\/ul>\n\n<p><strong>\ud83d\udc36 Rocky:<\/strong> Perfecta per relaxar-se!<\/p>\n\n<hr class=\"wp-block-separator has-alpha-channel-opacity\" \/>\n\n<h3 class=\"wp-block-heading\">\ud83c\udfd6\ufe0f Platges Port de la Vall i Platja de la Ribera a Port de la Selva<\/h3>\n\n<ul class=\"wp-block-list\">\n<li><strong>Dist\u00e0ncia des de Mas Torrencito:<\/strong> Aproximadament 48 km \ud83d\ude97 .<\/li>\n\n\n\n<li><strong>Descripci\u00f3:<\/strong> Aquests dos espais canins estan ben delimitats, on podreu gaudir d&#8217;unes vacances tranquil\u00b7les. No tota la platja \u00e9s canina; cerca els senyals verds que delimiten la zona especial per a gossos. \ud83d\udc3e \ud83c\udfd6\ufe0f  <\/li>\n<\/ul>\n\n<p><strong>\ud83d\udc3e Manuela:<\/strong> Recorda sempre respectar les zones senyalitzades!<\/p>\n\n<hr class=\"wp-block-separator has-alpha-channel-opacity\" \/>\n\n<p><strong>\ud83d\udc36 Rocky:<\/strong> Guau, Manuela! Gr\u00e0cies per tota la informaci\u00f3! Estic desitjant visitar totes aquestes platges.  <\/p>\n\n<p><strong>\ud83d\udc3e Manuela:<\/strong> De res, Rocky! I recorda, a Mas Torrencito sempre ser\u00e0s benvingut. \ud83d\udc36 \u2764\ufe0f  <\/p>\n\n<blockquote class=\"wp-block-quote is-layout-flow wp-block-quote-is-layout-flow\">\n<p>Des de MasTorrencito et desitgem un bon dia i que els teus gossos t&#8217;acompanyin!!<\/p>\n<\/blockquote>\n\n<p>\u2014\u2013<br \/> Si vols, pot veure els nostres bons per <a href=\"https:\/\/mastorrencito.com\/\" target=\"_blank\" rel=\"noreferrer noopener\">a<\/a> <strong>caps de setmana, bons jubilats<\/strong> , a un preu incre\u00efble.. entra a <a href=\"https:\/\/www.mastorrencito.com\/\">www.mastorrencito.com<\/a> o si vols podeu llegir m\u00e9s hist\u00f2ria i an\u00e8cdotes que ens <a href=\"https:\/\/mastorrencito.com\/es\/\">han<\/a> passat a MasTorrencito\u2026 Clickea aqui\u2026<\/p>\n\n<p><\/p>\n","protected":false},"excerpt":{"rendered":"<p>Guau, guau! \ud83d\udc36 Hola, amigues! S\u00f3c Manuela , la gosseta amfitriona de Mas Torrencito \ud83c\udfe1 \ud83d\udc3e . Avui us vull explicar sobre les platges perrunes m\u00e9s xules de la prov\u00edncia de Girona per a aquest 2025. I per fer-ho m\u00e9s divertit, ho far\u00e9 com una conversa entre Rocky i Yo, un gosset que va venir [&hellip;]<\/p>\n","protected":false},"author":2,"featured_media":4056,"comment_status":"open","ping_status":"closed","sticky":false,"template":"","format":"standard","meta":{"_acf_changed":false,"footnotes":""},"categories":[35],"tags":[],"class_list":["post-4064","post","type-post","status-publish","format-standard","has-post-thumbnail","hentry","category-histories-mastorrencito"],"yoast_head":"<!-- This site is optimized with the Yoast SEO Premium plugin v27.3 (Yoast SEO v27.5) - https:\/\/yoast.com\/product\/yoast-seo-premium-wordpress\/ -->\n<title>Platges GUAUUUUU prop de MasTorrencito 2025 - Mas Torrencito CAT<\/title>\n<meta name=\"description\" content=\"Platges per a mascotes Girona. Platges GUAUUUUU prop de MasTorrencito 2025. A menys de 15 minuts de la casa.. platges immenses......\" \/>\n<meta name=\"robots\" content=\"index, follow, max-snippet:-1, max-image-preview:large, max-video-preview:-1\" \/>\n<link rel=\"canonical\" href=\"https:\/\/mastorrencito.com\/cat\/platges-guauuuuu-prop-de-mastorrencito-2025\/\" \/>\n<meta property=\"og:locale\" content=\"es_ES\" \/>\n<meta property=\"og:type\" content=\"article\" \/>\n<meta property=\"og:title\" content=\"Platges GUAUUUUU prop de MasTorrencito 2025\" \/>\n<meta property=\"og:description\" content=\"Platges per a mascotes Girona. Platges GUAUUUUU prop de MasTorrencito 2025. A menys de 15 minuts de la casa.. platges immenses......\" \/>\n<meta property=\"og:url\" content=\"https:\/\/mastorrencito.com\/cat\/platges-guauuuuu-prop-de-mastorrencito-2025\/\" \/>\n<meta property=\"og:site_name\" content=\"Mas Torrencito CAT\" \/>\n<meta property=\"article:published_time\" content=\"2025-04-17T04:07:25+00:00\" \/>\n<meta property=\"og:image\" content=\"https:\/\/mastorrencito.com\/cat\/wp-content\/uploads\/sites\/3\/playa.gif\" \/>\n\t<meta property=\"og:image:width\" content=\"800\" \/>\n\t<meta property=\"og:image:height\" content=\"800\" \/>\n\t<meta property=\"og:image:type\" content=\"image\/gif\" \/>\n<meta name=\"author\" content=\"Mastorrencito\" \/>\n<meta name=\"twitter:card\" content=\"summary_large_image\" \/>\n<meta name=\"twitter:label1\" content=\"Escrito por\" \/>\n\t<meta name=\"twitter:data1\" content=\"Mastorrencito\" \/>\n\t<meta name=\"twitter:label2\" content=\"Tiempo de lectura\" \/>\n\t<meta name=\"twitter:data2\" content=\"3 minutos\" \/>\n<script type=\"application\/ld+json\" class=\"yoast-schema-graph\">{\"@context\":\"https:\\\/\\\/schema.org\",\"@graph\":[{\"@type\":\"Article\",\"@id\":\"https:\\\/\\\/mastorrencito.com\\\/cat\\\/platges-guauuuuu-prop-de-mastorrencito-2025\\\/#article\",\"isPartOf\":{\"@id\":\"https:\\\/\\\/mastorrencito.com\\\/cat\\\/platges-guauuuuu-prop-de-mastorrencito-2025\\\/\"},\"author\":{\"name\":\"Mastorrencito\",\"@id\":\"https:\\\/\\\/mastorrencito.com\\\/#\\\/schema\\\/person\\\/18c619be80d4ae2667c702911625f790\"},\"headline\":\"Platges GUAUUUUU prop de MasTorrencito 2025\",\"datePublished\":\"2025-04-17T04:07:25+00:00\",\"mainEntityOfPage\":{\"@id\":\"https:\\\/\\\/mastorrencito.com\\\/cat\\\/platges-guauuuuu-prop-de-mastorrencito-2025\\\/\"},\"wordCount\":596,\"commentCount\":0,\"publisher\":{\"@id\":\"https:\\\/\\\/mastorrencito.com\\\/#organization\"},\"image\":{\"@id\":\"https:\\\/\\\/mastorrencito.com\\\/cat\\\/platges-guauuuuu-prop-de-mastorrencito-2025\\\/#primaryimage\"},\"thumbnailUrl\":\"https:\\\/\\\/mastorrencito.com\\\/cat\\\/wp-content\\\/uploads\\\/sites\\\/3\\\/playa.gif\",\"articleSection\":[\"Hist\u00f2ries Mastorrencito\"],\"inLanguage\":\"es\",\"potentialAction\":[{\"@type\":\"CommentAction\",\"name\":\"Comment\",\"target\":[\"https:\\\/\\\/mastorrencito.com\\\/cat\\\/platges-guauuuuu-prop-de-mastorrencito-2025\\\/#respond\"]}]},{\"@type\":\"WebPage\",\"@id\":\"https:\\\/\\\/mastorrencito.com\\\/cat\\\/platges-guauuuuu-prop-de-mastorrencito-2025\\\/\",\"url\":\"https:\\\/\\\/mastorrencito.com\\\/cat\\\/platges-guauuuuu-prop-de-mastorrencito-2025\\\/\",\"name\":\"Platges GUAUUUUU prop de MasTorrencito 2025 - Mas Torrencito CAT\",\"isPartOf\":{\"@id\":\"https:\\\/\\\/mastorrencito.com\\\/#website\"},\"primaryImageOfPage\":{\"@id\":\"https:\\\/\\\/mastorrencito.com\\\/cat\\\/platges-guauuuuu-prop-de-mastorrencito-2025\\\/#primaryimage\"},\"image\":{\"@id\":\"https:\\\/\\\/mastorrencito.com\\\/cat\\\/platges-guauuuuu-prop-de-mastorrencito-2025\\\/#primaryimage\"},\"thumbnailUrl\":\"https:\\\/\\\/mastorrencito.com\\\/cat\\\/wp-content\\\/uploads\\\/sites\\\/3\\\/playa.gif\",\"datePublished\":\"2025-04-17T04:07:25+00:00\",\"description\":\"Platges per a mascotes Girona. Platges GUAUUUUU prop de MasTorrencito 2025. A menys de 15 minuts de la casa.. platges immenses......\",\"breadcrumb\":{\"@id\":\"https:\\\/\\\/mastorrencito.com\\\/cat\\\/platges-guauuuuu-prop-de-mastorrencito-2025\\\/#breadcrumb\"},\"inLanguage\":\"es\",\"potentialAction\":[{\"@type\":\"ReadAction\",\"target\":[\"https:\\\/\\\/mastorrencito.com\\\/cat\\\/platges-guauuuuu-prop-de-mastorrencito-2025\\\/\"]}]},{\"@type\":\"ImageObject\",\"inLanguage\":\"es\",\"@id\":\"https:\\\/\\\/mastorrencito.com\\\/cat\\\/platges-guauuuuu-prop-de-mastorrencito-2025\\\/#primaryimage\",\"url\":\"https:\\\/\\\/mastorrencito.com\\\/cat\\\/wp-content\\\/uploads\\\/sites\\\/3\\\/playa.gif\",\"contentUrl\":\"https:\\\/\\\/mastorrencito.com\\\/cat\\\/wp-content\\\/uploads\\\/sites\\\/3\\\/playa.gif\",\"width\":1024,\"height\":1024,\"caption\":\"Playas pet friendly Girona 2025 by MasTorrencito\"},{\"@type\":\"BreadcrumbList\",\"@id\":\"https:\\\/\\\/mastorrencito.com\\\/cat\\\/platges-guauuuuu-prop-de-mastorrencito-2025\\\/#breadcrumb\",\"itemListElement\":[{\"@type\":\"ListItem\",\"position\":1,\"name\":\"Portada\",\"item\":\"https:\\\/\\\/mastorrencito.com\\\/\"},{\"@type\":\"ListItem\",\"position\":2,\"name\":\"Platges GUAUUUUU prop de MasTorrencito 2025\"}]},{\"@type\":\"WebSite\",\"@id\":\"https:\\\/\\\/mastorrencito.com\\\/#website\",\"url\":\"https:\\\/\\\/mastorrencito.com\\\/\",\"name\":\"Mas Torrencito CAT\",\"description\":\"Casa rural pet friendly en Girona\",\"publisher\":{\"@id\":\"https:\\\/\\\/mastorrencito.com\\\/#organization\"},\"potentialAction\":[{\"@type\":\"SearchAction\",\"target\":{\"@type\":\"EntryPoint\",\"urlTemplate\":\"https:\\\/\\\/mastorrencito.com\\\/?s={search_term_string}\"},\"query-input\":{\"@type\":\"PropertyValueSpecification\",\"valueRequired\":true,\"valueName\":\"search_term_string\"}}],\"inLanguage\":\"es\"},{\"@type\":\"Organization\",\"@id\":\"https:\\\/\\\/mastorrencito.com\\\/#organization\",\"name\":\"Mas Torrencito CAT\",\"url\":\"https:\\\/\\\/mastorrencito.com\\\/\",\"logo\":{\"@type\":\"ImageObject\",\"inLanguage\":\"es\",\"@id\":\"https:\\\/\\\/mastorrencito.com\\\/#\\\/schema\\\/logo\\\/image\\\/\",\"url\":\"https:\\\/\\\/mastorrencito.com\\\/cat\\\/wp-content\\\/uploads\\\/sites\\\/3\\\/Logo-Mastorrencito-horizontal.webp\",\"contentUrl\":\"https:\\\/\\\/mastorrencito.com\\\/cat\\\/wp-content\\\/uploads\\\/sites\\\/3\\\/Logo-Mastorrencito-horizontal.webp\",\"width\":161,\"height\":54,\"caption\":\"Mas Torrencito CAT\"},\"image\":{\"@id\":\"https:\\\/\\\/mastorrencito.com\\\/#\\\/schema\\\/logo\\\/image\\\/\"}},{\"@type\":\"Person\",\"@id\":\"https:\\\/\\\/mastorrencito.com\\\/#\\\/schema\\\/person\\\/18c619be80d4ae2667c702911625f790\",\"name\":\"Mastorrencito\",\"image\":{\"@type\":\"ImageObject\",\"inLanguage\":\"es\",\"@id\":\"https:\\\/\\\/secure.gravatar.com\\\/avatar\\\/3ef55e0519f987a734c21caee1423b51df7b760b7d81a38ecd31cab0a5115f6d?s=96&d=mm&r=g\",\"url\":\"https:\\\/\\\/secure.gravatar.com\\\/avatar\\\/3ef55e0519f987a734c21caee1423b51df7b760b7d81a38ecd31cab0a5115f6d?s=96&d=mm&r=g\",\"contentUrl\":\"https:\\\/\\\/secure.gravatar.com\\\/avatar\\\/3ef55e0519f987a734c21caee1423b51df7b760b7d81a38ecd31cab0a5115f6d?s=96&d=mm&r=g\",\"caption\":\"Mastorrencito\"},\"url\":\"https:\\\/\\\/mastorrencito.com\\\/cat\\\/author\\\/mastorrencito\\\/\"}]}<\/script>\n<!-- \/ Yoast SEO Premium plugin. -->","yoast_head_json":{"title":"Platges GUAUUUUU prop de MasTorrencito 2025 - Mas Torrencito CAT","description":"Platges per a mascotes Girona. Platges GUAUUUUU prop de MasTorrencito 2025. A menys de 15 minuts de la casa.. platges immenses......","robots":{"index":"index","follow":"follow","max-snippet":"max-snippet:-1","max-image-preview":"max-image-preview:large","max-video-preview":"max-video-preview:-1"},"canonical":"https:\/\/mastorrencito.com\/cat\/platges-guauuuuu-prop-de-mastorrencito-2025\/","og_locale":"es_ES","og_type":"article","og_title":"Platges GUAUUUUU prop de MasTorrencito 2025","og_description":"Platges per a mascotes Girona. Platges GUAUUUUU prop de MasTorrencito 2025. A menys de 15 minuts de la casa.. platges immenses......","og_url":"https:\/\/mastorrencito.com\/cat\/platges-guauuuuu-prop-de-mastorrencito-2025\/","og_site_name":"Mas Torrencito CAT","article_published_time":"2025-04-17T04:07:25+00:00","og_image":[{"url":"https:\/\/mastorrencito.com\/cat\/wp-content\/uploads\/sites\/3\/playa.gif","width":800,"height":800,"type":"image\/gif"}],"author":"Mastorrencito","twitter_card":"summary_large_image","twitter_misc":{"Escrito por":"Mastorrencito","Tiempo de lectura":"3 minutos"},"schema":{"@context":"https:\/\/schema.org","@graph":[{"@type":"Article","@id":"https:\/\/mastorrencito.com\/cat\/platges-guauuuuu-prop-de-mastorrencito-2025\/#article","isPartOf":{"@id":"https:\/\/mastorrencito.com\/cat\/platges-guauuuuu-prop-de-mastorrencito-2025\/"},"author":{"name":"Mastorrencito","@id":"https:\/\/mastorrencito.com\/#\/schema\/person\/18c619be80d4ae2667c702911625f790"},"headline":"Platges GUAUUUUU prop de MasTorrencito 2025","datePublished":"2025-04-17T04:07:25+00:00","mainEntityOfPage":{"@id":"https:\/\/mastorrencito.com\/cat\/platges-guauuuuu-prop-de-mastorrencito-2025\/"},"wordCount":596,"commentCount":0,"publisher":{"@id":"https:\/\/mastorrencito.com\/#organization"},"image":{"@id":"https:\/\/mastorrencito.com\/cat\/platges-guauuuuu-prop-de-mastorrencito-2025\/#primaryimage"},"thumbnailUrl":"https:\/\/mastorrencito.com\/cat\/wp-content\/uploads\/sites\/3\/playa.gif","articleSection":["Hist\u00f2ries Mastorrencito"],"inLanguage":"es","potentialAction":[{"@type":"CommentAction","name":"Comment","target":["https:\/\/mastorrencito.com\/cat\/platges-guauuuuu-prop-de-mastorrencito-2025\/#respond"]}]},{"@type":"WebPage","@id":"https:\/\/mastorrencito.com\/cat\/platges-guauuuuu-prop-de-mastorrencito-2025\/","url":"https:\/\/mastorrencito.com\/cat\/platges-guauuuuu-prop-de-mastorrencito-2025\/","name":"Platges GUAUUUUU prop de MasTorrencito 2025 - Mas Torrencito CAT","isPartOf":{"@id":"https:\/\/mastorrencito.com\/#website"},"primaryImageOfPage":{"@id":"https:\/\/mastorrencito.com\/cat\/platges-guauuuuu-prop-de-mastorrencito-2025\/#primaryimage"},"image":{"@id":"https:\/\/mastorrencito.com\/cat\/platges-guauuuuu-prop-de-mastorrencito-2025\/#primaryimage"},"thumbnailUrl":"https:\/\/mastorrencito.com\/cat\/wp-content\/uploads\/sites\/3\/playa.gif","datePublished":"2025-04-17T04:07:25+00:00","description":"Platges per a mascotes Girona. Platges GUAUUUUU prop de MasTorrencito 2025. A menys de 15 minuts de la casa.. platges immenses......","breadcrumb":{"@id":"https:\/\/mastorrencito.com\/cat\/platges-guauuuuu-prop-de-mastorrencito-2025\/#breadcrumb"},"inLanguage":"es","potentialAction":[{"@type":"ReadAction","target":["https:\/\/mastorrencito.com\/cat\/platges-guauuuuu-prop-de-mastorrencito-2025\/"]}]},{"@type":"ImageObject","inLanguage":"es","@id":"https:\/\/mastorrencito.com\/cat\/platges-guauuuuu-prop-de-mastorrencito-2025\/#primaryimage","url":"https:\/\/mastorrencito.com\/cat\/wp-content\/uploads\/sites\/3\/playa.gif","contentUrl":"https:\/\/mastorrencito.com\/cat\/wp-content\/uploads\/sites\/3\/playa.gif","width":1024,"height":1024,"caption":"Playas pet friendly Girona 2025 by MasTorrencito"},{"@type":"BreadcrumbList","@id":"https:\/\/mastorrencito.com\/cat\/platges-guauuuuu-prop-de-mastorrencito-2025\/#breadcrumb","itemListElement":[{"@type":"ListItem","position":1,"name":"Portada","item":"https:\/\/mastorrencito.com\/"},{"@type":"ListItem","position":2,"name":"Platges GUAUUUUU prop de MasTorrencito 2025"}]},{"@type":"WebSite","@id":"https:\/\/mastorrencito.com\/#website","url":"https:\/\/mastorrencito.com\/","name":"Mas Torrencito CAT","description":"Casa rural pet friendly en Girona","publisher":{"@id":"https:\/\/mastorrencito.com\/#organization"},"potentialAction":[{"@type":"SearchAction","target":{"@type":"EntryPoint","urlTemplate":"https:\/\/mastorrencito.com\/?s={search_term_string}"},"query-input":{"@type":"PropertyValueSpecification","valueRequired":true,"valueName":"search_term_string"}}],"inLanguage":"es"},{"@type":"Organization","@id":"https:\/\/mastorrencito.com\/#organization","name":"Mas Torrencito CAT","url":"https:\/\/mastorrencito.com\/","logo":{"@type":"ImageObject","inLanguage":"es","@id":"https:\/\/mastorrencito.com\/#\/schema\/logo\/image\/","url":"https:\/\/mastorrencito.com\/cat\/wp-content\/uploads\/sites\/3\/Logo-Mastorrencito-horizontal.webp","contentUrl":"https:\/\/mastorrencito.com\/cat\/wp-content\/uploads\/sites\/3\/Logo-Mastorrencito-horizontal.webp","width":161,"height":54,"caption":"Mas Torrencito CAT"},"image":{"@id":"https:\/\/mastorrencito.com\/#\/schema\/logo\/image\/"}},{"@type":"Person","@id":"https:\/\/mastorrencito.com\/#\/schema\/person\/18c619be80d4ae2667c702911625f790","name":"Mastorrencito","image":{"@type":"ImageObject","inLanguage":"es","@id":"https:\/\/secure.gravatar.com\/avatar\/3ef55e0519f987a734c21caee1423b51df7b760b7d81a38ecd31cab0a5115f6d?s=96&d=mm&r=g","url":"https:\/\/secure.gravatar.com\/avatar\/3ef55e0519f987a734c21caee1423b51df7b760b7d81a38ecd31cab0a5115f6d?s=96&d=mm&r=g","contentUrl":"https:\/\/secure.gravatar.com\/avatar\/3ef55e0519f987a734c21caee1423b51df7b760b7d81a38ecd31cab0a5115f6d?s=96&d=mm&r=g","caption":"Mastorrencito"},"url":"https:\/\/mastorrencito.com\/cat\/author\/mastorrencito\/"}]}},"acf":[],"_links":{"self":[{"href":"https:\/\/mastorrencito.com\/cat\/wp-json\/wp\/v2\/posts\/4064","targetHints":{"allow":["GET"]}}],"collection":[{"href":"https:\/\/mastorrencito.com\/cat\/wp-json\/wp\/v2\/posts"}],"about":[{"href":"https:\/\/mastorrencito.com\/cat\/wp-json\/wp\/v2\/types\/post"}],"author":[{"embeddable":true,"href":"https:\/\/mastorrencito.com\/cat\/wp-json\/wp\/v2\/users\/2"}],"replies":[{"embeddable":true,"href":"https:\/\/mastorrencito.com\/cat\/wp-json\/wp\/v2\/comments?post=4064"}],"version-history":[{"count":0,"href":"https:\/\/mastorrencito.com\/cat\/wp-json\/wp\/v2\/posts\/4064\/revisions"}],"wp:featuredmedia":[{"embeddable":true,"href":"https:\/\/mastorrencito.com\/cat\/wp-json\/wp\/v2\/media\/4056"}],"wp:attachment":[{"href":"https:\/\/mastorrencito.com\/cat\/wp-json\/wp\/v2\/media?parent=4064"}],"wp:term":[{"taxonomy":"category","embeddable":true,"href":"https:\/\/mastorrencito.com\/cat\/wp-json\/wp\/v2\/categories?post=4064"},{"taxonomy":"post_tag","embeddable":true,"href":"https:\/\/mastorrencito.com\/cat\/wp-json\/wp\/v2\/tags?post=4064"}],"curies":[{"name":"wp","href":"https:\/\/api.w.org\/{rel}","templated":true}]}}