{"id":4052,"date":"2025-04-16T04:12:50","date_gmt":"2025-04-16T04:12:50","guid":{"rendered":"https:\/\/casaruralconperrosgirona.com\/tristesa-la-que-mai-no-va-oblidar\/"},"modified":"2025-04-16T04:12:50","modified_gmt":"2025-04-16T04:12:50","slug":"tristesa-la-que-mai-no-va-oblidar","status":"publish","type":"post","link":"https:\/\/mastorrencito.com\/cat\/tristesa-la-que-mai-no-va-oblidar\/","title":{"rendered":"Tristesa, la que mai no va oblidar"},"content":{"rendered":"\n<h3 class=\"wp-block-heading\">No va ser una passejada qualsevol.<\/h3>\n\n<p>Era un dia ennuvolat, d&#8217;aquells en qu\u00e8 el bosc es posa malenconi\u00f3s i tot sembla parlar baixet. Camin\u00e0vem sense rumb fix, amb l&#8217;\u00e0nima lleugera, quan un so va trencar el silenci: un gemec, gaireb\u00e9 audible. Com un lament que no gosava demanar ajuda.  <\/p>\n\n<p>Ens acostem.<br \/> I all\u00e0 hi era.<\/p>\n\n<p>Una boleta de p\u00e8l enredat, tremolosa, imm\u00f2bil, amb la mirada perduda a l&#8217;escor\u00e7a de l&#8217;arbre a qu\u00e8 estava lligada. Qui deixa un gos lligat al mig d&#8217;un bosc? Quin tipus d&#8217;\u00e9sser hum\u00e0 es pot anar despr\u00e9s de fer aix\u00f2 i dormir tranquil a les nits?  <\/p>\n\n<p>Era petita, fr\u00e0gil, i semblava que havia perdut la fe en tot. Li oferim menjar, aigua, paraules dolces.  Res. Nom\u00e9s ens mirava amb uns ulls tan tristos que feia mal mirar-los. No era por all\u00f2 que sentia. Era <strong>resignaci\u00f3<\/strong> . Com si hagu\u00e9s acceptat que aquell arbre era la seva tomba.   <\/p>\n\n<p>La deslliguem amb compte.<br \/> L&#8217;emboliquem en una manta.<br \/> La portem a casa.<\/p>\n\n<p>I en diem <strong>Tristesa<\/strong> .<br \/> No perqu\u00e8 volgu\u00e9ssim marcar-la amb una ferida eterna, sin\u00f3 perqu\u00e8 aix\u00f2 va ser el que hi vam trobar. Tristesa als ulls, al cos, en la seva forma de caminar sense rumb pel jard\u00ed. Tristesa pel que va perdre. Pel que la va trencar. I pel que ja no s&#8217;esperava.    <\/p>\n<figure class=\"wp-block-post-featured-image\"><img fetchpriority=\"high\" decoding=\"async\" width=\"1024\" height=\"1536\" src=\"https:\/\/mastorrencito.com\/cat\/wp-content\/uploads\/sites\/3\/tristeza.jpg\" class=\"attachment-post-thumbnail size-post-thumbnail wp-post-image\" alt=\"Tristeza, la que nunca olvid\u00f3\" style=\"object-fit:cover;\" srcset=\"https:\/\/mastorrencito.com\/cat\/wp-content\/uploads\/sites\/3\/tristeza.jpg 1024w, https:\/\/mastorrencito.com\/cat\/wp-content\/uploads\/sites\/3\/tristeza-200x300.jpg 200w, https:\/\/mastorrencito.com\/cat\/wp-content\/uploads\/sites\/3\/tristeza-683x1024.jpg 683w, https:\/\/mastorrencito.com\/cat\/wp-content\/uploads\/sites\/3\/tristeza-768x1152.jpg 768w\" sizes=\"(max-width: 1024px) 100vw, 1024px\" \/><\/figure>\n<hr class=\"wp-block-separator has-alpha-channel-opacity\" \/>\n\n<h3 class=\"wp-block-heading\">I si t&#8217;hagu\u00e9s passat a tu?<\/h3>\n\n<p>De vegades cal posar-se a les potes per entendre la crueltat del que alguns fan.<\/p>\n\n<p>Imagina&#8217;t aix\u00f2:<br \/> Et despertes al seient del darrere del cotxe. T&#8217;emociones perqu\u00e8 creus que passejar\u00e0s, o al riu, o jugar\u00e0s. Per\u00f2 el cotxe para al mig d&#8217;un cam\u00ed de terra. No hi ha cases. No hi ha gent. Nom\u00e9s arbres. Et baixen. Et lliguen a un arbre. T&#8217;acaronen per \u00faltima vegada\u2026 o ni aix\u00f2. I se&#8217;n van.         <\/p>\n\n<p>Et quedes quiet, creient que \u00e9s una broma. Que tornaran. Que nom\u00e9s van anar per aigua.<br \/> Per\u00f2 no hi tornen.  <\/p>\n\n<p>Passen les hores.<br \/> Passen els dies.<br \/> La set crema.<br \/> La gana encongeix l&#8217;est\u00f3mac.<br \/> La por es converteix en companyia.<br \/> I l&#8217;esperan\u00e7a, la male\u00efda esperan\u00e7a, no se&#8217;n va. Perqu\u00e8 aix\u00f2 \u00e9s el que fan els gossos. <strong>Esperen<\/strong> . Fins que no s&#8217;apaguen.  <\/p>\n\n<hr class=\"wp-block-separator has-alpha-channel-opacity\" \/>\n\n<h3 class=\"wp-block-heading\">Tristesa va tenir sort. I els altres? <\/h3>\n\n<p>A Tristesa la trobem nosaltres. Li vam donar un llit calent, menjar ric, car\u00edcies sinceres, i una mica m\u00e9s important que tot aix\u00f2: <strong>una segona oportunitat<\/strong> . <\/p>\n\n<p>Per\u00f2 n&#8217;hi ha molts m\u00e9s com ella.<br \/> Molts que no tenen qui els escolti.<br \/> Molts que moren lligats, en silenci, sota la pluja, sense entendre per qu\u00e8.<br \/> Perqu\u00e8 <strong>els gossos no raonen l&#8217;aband\u00f3<\/strong> . No fan llistes derrors. No culpen.<br \/> Nom\u00e9s estimen. Incondicionalment.   <\/p>\n\n<p>I per aix\u00f2, <strong>l&#8217;aband\u00f3 \u00e9s una tra\u00efci\u00f3 que mai no s&#8217;esborra<\/strong> .<\/p>\n\n<hr class=\"wp-block-separator has-alpha-channel-opacity\" \/>\n\n<h3 class=\"wp-block-heading\">Mai no abandonis. Mai.<\/h3>\n\n<p>Adoptar un gos no \u00e9s una moda ni una bonica postal nadalenca. \u00c9s una promesa. Una de les poques promeses que haur\u00edem de fer amb tota l&#8217;\u00e0nima.<br \/> I si no la pots complir, <strong>no la facis<\/strong> .  <\/p>\n\n<p>Perqu\u00e8 abandonar un animal \u00e9s destrossar-li la confian\u00e7a, la seguretat i, moltes vegades, la vida.<br \/> I encara que ho recullin, encara que trobi una altra llar, com Tristeza\u2026<br \/><strong>aquest moment mai s&#8217;oblida<\/strong> .<\/p>\n\n<p>No \u00e9s nom\u00e9s un gos.<br \/> \u00c9s un \u00e9sser viu que nom\u00e9s va demanar una cosa: estar al teu costat.<\/p>\n\n<blockquote class=\"wp-block-quote is-layout-flow wp-block-quote-is-layout-flow\">\n<p>Des de MasTorrencito et desitgem un bon dia i que els teus gossos t&#8217;acompanyin!!<\/p>\n<\/blockquote>\n\n<p>\u2014\u2013<br \/> Si vols, pot veure els nostres bons per <a href=\"https:\/\/mastorrencito.com\/\" target=\"_blank\" rel=\"noreferrer noopener\">a<\/a> <strong>caps de setmana, bons jubilats<\/strong> , a un preu incre\u00efble.. entra a <a href=\"https:\/\/www.mastorrencito.com\/\">www.mastorrencito.com<\/a> o si vols podeu llegir m\u00e9s hist\u00f2ria i an\u00e8cdotes que ens <a href=\"https:\/\/mastorrencito.com\/es\/\">han<\/a> passat a MasTorrencito\u2026 Clickea aqui\u2026<\/p>\n","protected":false},"excerpt":{"rendered":"<p>No va ser una passejada qualsevol. Era un dia ennuvolat, d&#8217;aquells en qu\u00e8 el bosc es posa malenconi\u00f3s i tot sembla parlar baixet. Camin\u00e0vem sense rumb fix, amb l&#8217;\u00e0nima lleugera, quan un so va trencar el silenci: un gemec, gaireb\u00e9 audible. Com un lament que no gosava demanar ajuda. Ens acostem. I all\u00e0 hi era. [&hellip;]<\/p>\n","protected":false},"author":2,"featured_media":4047,"comment_status":"open","ping_status":"closed","sticky":false,"template":"","format":"standard","meta":{"_acf_changed":false,"footnotes":""},"categories":[35],"tags":[],"class_list":["post-4052","post","type-post","status-publish","format-standard","has-post-thumbnail","hentry","category-histories-mastorrencito"],"yoast_head":"<!-- This site is optimized with the Yoast SEO Premium plugin v27.3 (Yoast SEO v27.5) - https:\/\/yoast.com\/product\/yoast-seo-premium-wordpress\/ -->\n<title>Tristesa, la que mai no va oblidar - Mas Torrencito CAT<\/title>\n<meta name=\"description\" content=\"I \u00e9s que cada any en aquest pa\u00eds s&#039;abandonen milers d&#039;orros sense tenir ni idea del que significa... Tristesa, la que mai no va oblidar\" \/>\n<meta name=\"robots\" content=\"index, follow, max-snippet:-1, max-image-preview:large, max-video-preview:-1\" \/>\n<link rel=\"canonical\" href=\"https:\/\/mastorrencito.com\/cat\/tristesa-la-que-mai-no-va-oblidar\/\" \/>\n<meta property=\"og:locale\" content=\"es_ES\" \/>\n<meta property=\"og:type\" content=\"article\" \/>\n<meta property=\"og:title\" content=\"Tristesa, la que mai no va oblidar\" \/>\n<meta property=\"og:description\" content=\"I \u00e9s que cada any en aquest pa\u00eds s&#039;abandonen milers d&#039;orros sense tenir ni idea del que significa... Tristesa, la que mai no va oblidar\" \/>\n<meta property=\"og:url\" content=\"https:\/\/mastorrencito.com\/cat\/tristesa-la-que-mai-no-va-oblidar\/\" \/>\n<meta property=\"og:site_name\" content=\"Mas Torrencito CAT\" \/>\n<meta property=\"article:published_time\" content=\"2025-04-16T04:12:50+00:00\" \/>\n<meta property=\"og:image\" content=\"https:\/\/mastorrencito.com\/cat\/wp-content\/uploads\/sites\/3\/tristeza.jpg\" \/>\n\t<meta property=\"og:image:width\" content=\"1024\" \/>\n\t<meta property=\"og:image:height\" content=\"1536\" \/>\n\t<meta property=\"og:image:type\" content=\"image\/jpeg\" \/>\n<meta name=\"author\" content=\"Mastorrencito\" \/>\n<meta name=\"twitter:card\" content=\"summary_large_image\" \/>\n<meta name=\"twitter:label1\" content=\"Escrito por\" \/>\n\t<meta name=\"twitter:data1\" content=\"Mastorrencito\" \/>\n\t<meta name=\"twitter:label2\" content=\"Tiempo de lectura\" \/>\n\t<meta name=\"twitter:data2\" content=\"3 minutos\" \/>\n<script type=\"application\/ld+json\" class=\"yoast-schema-graph\">{\"@context\":\"https:\\\/\\\/schema.org\",\"@graph\":[{\"@type\":\"Article\",\"@id\":\"https:\\\/\\\/mastorrencito.com\\\/cat\\\/tristesa-la-que-mai-no-va-oblidar\\\/#article\",\"isPartOf\":{\"@id\":\"https:\\\/\\\/mastorrencito.com\\\/cat\\\/tristesa-la-que-mai-no-va-oblidar\\\/\"},\"author\":{\"name\":\"Mastorrencito\",\"@id\":\"https:\\\/\\\/mastorrencito.com\\\/#\\\/schema\\\/person\\\/18c619be80d4ae2667c702911625f790\"},\"headline\":\"Tristesa, la que mai no va oblidar\",\"datePublished\":\"2025-04-16T04:12:50+00:00\",\"mainEntityOfPage\":{\"@id\":\"https:\\\/\\\/mastorrencito.com\\\/cat\\\/tristesa-la-que-mai-no-va-oblidar\\\/\"},\"wordCount\":648,\"commentCount\":0,\"publisher\":{\"@id\":\"https:\\\/\\\/mastorrencito.com\\\/#organization\"},\"image\":{\"@id\":\"https:\\\/\\\/mastorrencito.com\\\/cat\\\/tristesa-la-que-mai-no-va-oblidar\\\/#primaryimage\"},\"thumbnailUrl\":\"https:\\\/\\\/mastorrencito.com\\\/cat\\\/wp-content\\\/uploads\\\/sites\\\/3\\\/tristeza.jpg\",\"articleSection\":[\"Hist\u00f2ries Mastorrencito\"],\"inLanguage\":\"es\",\"potentialAction\":[{\"@type\":\"CommentAction\",\"name\":\"Comment\",\"target\":[\"https:\\\/\\\/mastorrencito.com\\\/cat\\\/tristesa-la-que-mai-no-va-oblidar\\\/#respond\"]}]},{\"@type\":\"WebPage\",\"@id\":\"https:\\\/\\\/mastorrencito.com\\\/cat\\\/tristesa-la-que-mai-no-va-oblidar\\\/\",\"url\":\"https:\\\/\\\/mastorrencito.com\\\/cat\\\/tristesa-la-que-mai-no-va-oblidar\\\/\",\"name\":\"Tristesa, la que mai no va oblidar - Mas Torrencito CAT\",\"isPartOf\":{\"@id\":\"https:\\\/\\\/mastorrencito.com\\\/#website\"},\"primaryImageOfPage\":{\"@id\":\"https:\\\/\\\/mastorrencito.com\\\/cat\\\/tristesa-la-que-mai-no-va-oblidar\\\/#primaryimage\"},\"image\":{\"@id\":\"https:\\\/\\\/mastorrencito.com\\\/cat\\\/tristesa-la-que-mai-no-va-oblidar\\\/#primaryimage\"},\"thumbnailUrl\":\"https:\\\/\\\/mastorrencito.com\\\/cat\\\/wp-content\\\/uploads\\\/sites\\\/3\\\/tristeza.jpg\",\"datePublished\":\"2025-04-16T04:12:50+00:00\",\"description\":\"I \u00e9s que cada any en aquest pa\u00eds s'abandonen milers d'orros sense tenir ni idea del que significa... Tristesa, la que mai no va oblidar\",\"breadcrumb\":{\"@id\":\"https:\\\/\\\/mastorrencito.com\\\/cat\\\/tristesa-la-que-mai-no-va-oblidar\\\/#breadcrumb\"},\"inLanguage\":\"es\",\"potentialAction\":[{\"@type\":\"ReadAction\",\"target\":[\"https:\\\/\\\/mastorrencito.com\\\/cat\\\/tristesa-la-que-mai-no-va-oblidar\\\/\"]}]},{\"@type\":\"ImageObject\",\"inLanguage\":\"es\",\"@id\":\"https:\\\/\\\/mastorrencito.com\\\/cat\\\/tristesa-la-que-mai-no-va-oblidar\\\/#primaryimage\",\"url\":\"https:\\\/\\\/mastorrencito.com\\\/cat\\\/wp-content\\\/uploads\\\/sites\\\/3\\\/tristeza.jpg\",\"contentUrl\":\"https:\\\/\\\/mastorrencito.com\\\/cat\\\/wp-content\\\/uploads\\\/sites\\\/3\\\/tristeza.jpg\",\"width\":1024,\"height\":1536,\"caption\":\"Tristeza, la que nunca olvid\u00f3\"},{\"@type\":\"BreadcrumbList\",\"@id\":\"https:\\\/\\\/mastorrencito.com\\\/cat\\\/tristesa-la-que-mai-no-va-oblidar\\\/#breadcrumb\",\"itemListElement\":[{\"@type\":\"ListItem\",\"position\":1,\"name\":\"Portada\",\"item\":\"https:\\\/\\\/mastorrencito.com\\\/\"},{\"@type\":\"ListItem\",\"position\":2,\"name\":\"Tristesa, la que mai no va oblidar\"}]},{\"@type\":\"WebSite\",\"@id\":\"https:\\\/\\\/mastorrencito.com\\\/#website\",\"url\":\"https:\\\/\\\/mastorrencito.com\\\/\",\"name\":\"Mas Torrencito CAT\",\"description\":\"Casa rural pet friendly en Girona\",\"publisher\":{\"@id\":\"https:\\\/\\\/mastorrencito.com\\\/#organization\"},\"potentialAction\":[{\"@type\":\"SearchAction\",\"target\":{\"@type\":\"EntryPoint\",\"urlTemplate\":\"https:\\\/\\\/mastorrencito.com\\\/?s={search_term_string}\"},\"query-input\":{\"@type\":\"PropertyValueSpecification\",\"valueRequired\":true,\"valueName\":\"search_term_string\"}}],\"inLanguage\":\"es\"},{\"@type\":\"Organization\",\"@id\":\"https:\\\/\\\/mastorrencito.com\\\/#organization\",\"name\":\"Mas Torrencito CAT\",\"url\":\"https:\\\/\\\/mastorrencito.com\\\/\",\"logo\":{\"@type\":\"ImageObject\",\"inLanguage\":\"es\",\"@id\":\"https:\\\/\\\/mastorrencito.com\\\/#\\\/schema\\\/logo\\\/image\\\/\",\"url\":\"https:\\\/\\\/mastorrencito.com\\\/cat\\\/wp-content\\\/uploads\\\/sites\\\/3\\\/Logo-Mastorrencito-horizontal.webp\",\"contentUrl\":\"https:\\\/\\\/mastorrencito.com\\\/cat\\\/wp-content\\\/uploads\\\/sites\\\/3\\\/Logo-Mastorrencito-horizontal.webp\",\"width\":161,\"height\":54,\"caption\":\"Mas Torrencito CAT\"},\"image\":{\"@id\":\"https:\\\/\\\/mastorrencito.com\\\/#\\\/schema\\\/logo\\\/image\\\/\"}},{\"@type\":\"Person\",\"@id\":\"https:\\\/\\\/mastorrencito.com\\\/#\\\/schema\\\/person\\\/18c619be80d4ae2667c702911625f790\",\"name\":\"Mastorrencito\",\"image\":{\"@type\":\"ImageObject\",\"inLanguage\":\"es\",\"@id\":\"https:\\\/\\\/secure.gravatar.com\\\/avatar\\\/3ef55e0519f987a734c21caee1423b51df7b760b7d81a38ecd31cab0a5115f6d?s=96&d=mm&r=g\",\"url\":\"https:\\\/\\\/secure.gravatar.com\\\/avatar\\\/3ef55e0519f987a734c21caee1423b51df7b760b7d81a38ecd31cab0a5115f6d?s=96&d=mm&r=g\",\"contentUrl\":\"https:\\\/\\\/secure.gravatar.com\\\/avatar\\\/3ef55e0519f987a734c21caee1423b51df7b760b7d81a38ecd31cab0a5115f6d?s=96&d=mm&r=g\",\"caption\":\"Mastorrencito\"},\"url\":\"https:\\\/\\\/mastorrencito.com\\\/cat\\\/author\\\/mastorrencito\\\/\"}]}<\/script>\n<!-- \/ Yoast SEO Premium plugin. -->","yoast_head_json":{"title":"Tristesa, la que mai no va oblidar - Mas Torrencito CAT","description":"I \u00e9s que cada any en aquest pa\u00eds s'abandonen milers d'orros sense tenir ni idea del que significa... Tristesa, la que mai no va oblidar","robots":{"index":"index","follow":"follow","max-snippet":"max-snippet:-1","max-image-preview":"max-image-preview:large","max-video-preview":"max-video-preview:-1"},"canonical":"https:\/\/mastorrencito.com\/cat\/tristesa-la-que-mai-no-va-oblidar\/","og_locale":"es_ES","og_type":"article","og_title":"Tristesa, la que mai no va oblidar","og_description":"I \u00e9s que cada any en aquest pa\u00eds s'abandonen milers d'orros sense tenir ni idea del que significa... Tristesa, la que mai no va oblidar","og_url":"https:\/\/mastorrencito.com\/cat\/tristesa-la-que-mai-no-va-oblidar\/","og_site_name":"Mas Torrencito CAT","article_published_time":"2025-04-16T04:12:50+00:00","og_image":[{"width":1024,"height":1536,"url":"https:\/\/mastorrencito.com\/cat\/wp-content\/uploads\/sites\/3\/tristeza.jpg","type":"image\/jpeg"}],"author":"Mastorrencito","twitter_card":"summary_large_image","twitter_misc":{"Escrito por":"Mastorrencito","Tiempo de lectura":"3 minutos"},"schema":{"@context":"https:\/\/schema.org","@graph":[{"@type":"Article","@id":"https:\/\/mastorrencito.com\/cat\/tristesa-la-que-mai-no-va-oblidar\/#article","isPartOf":{"@id":"https:\/\/mastorrencito.com\/cat\/tristesa-la-que-mai-no-va-oblidar\/"},"author":{"name":"Mastorrencito","@id":"https:\/\/mastorrencito.com\/#\/schema\/person\/18c619be80d4ae2667c702911625f790"},"headline":"Tristesa, la que mai no va oblidar","datePublished":"2025-04-16T04:12:50+00:00","mainEntityOfPage":{"@id":"https:\/\/mastorrencito.com\/cat\/tristesa-la-que-mai-no-va-oblidar\/"},"wordCount":648,"commentCount":0,"publisher":{"@id":"https:\/\/mastorrencito.com\/#organization"},"image":{"@id":"https:\/\/mastorrencito.com\/cat\/tristesa-la-que-mai-no-va-oblidar\/#primaryimage"},"thumbnailUrl":"https:\/\/mastorrencito.com\/cat\/wp-content\/uploads\/sites\/3\/tristeza.jpg","articleSection":["Hist\u00f2ries Mastorrencito"],"inLanguage":"es","potentialAction":[{"@type":"CommentAction","name":"Comment","target":["https:\/\/mastorrencito.com\/cat\/tristesa-la-que-mai-no-va-oblidar\/#respond"]}]},{"@type":"WebPage","@id":"https:\/\/mastorrencito.com\/cat\/tristesa-la-que-mai-no-va-oblidar\/","url":"https:\/\/mastorrencito.com\/cat\/tristesa-la-que-mai-no-va-oblidar\/","name":"Tristesa, la que mai no va oblidar - Mas Torrencito CAT","isPartOf":{"@id":"https:\/\/mastorrencito.com\/#website"},"primaryImageOfPage":{"@id":"https:\/\/mastorrencito.com\/cat\/tristesa-la-que-mai-no-va-oblidar\/#primaryimage"},"image":{"@id":"https:\/\/mastorrencito.com\/cat\/tristesa-la-que-mai-no-va-oblidar\/#primaryimage"},"thumbnailUrl":"https:\/\/mastorrencito.com\/cat\/wp-content\/uploads\/sites\/3\/tristeza.jpg","datePublished":"2025-04-16T04:12:50+00:00","description":"I \u00e9s que cada any en aquest pa\u00eds s'abandonen milers d'orros sense tenir ni idea del que significa... Tristesa, la que mai no va oblidar","breadcrumb":{"@id":"https:\/\/mastorrencito.com\/cat\/tristesa-la-que-mai-no-va-oblidar\/#breadcrumb"},"inLanguage":"es","potentialAction":[{"@type":"ReadAction","target":["https:\/\/mastorrencito.com\/cat\/tristesa-la-que-mai-no-va-oblidar\/"]}]},{"@type":"ImageObject","inLanguage":"es","@id":"https:\/\/mastorrencito.com\/cat\/tristesa-la-que-mai-no-va-oblidar\/#primaryimage","url":"https:\/\/mastorrencito.com\/cat\/wp-content\/uploads\/sites\/3\/tristeza.jpg","contentUrl":"https:\/\/mastorrencito.com\/cat\/wp-content\/uploads\/sites\/3\/tristeza.jpg","width":1024,"height":1536,"caption":"Tristeza, la que nunca olvid\u00f3"},{"@type":"BreadcrumbList","@id":"https:\/\/mastorrencito.com\/cat\/tristesa-la-que-mai-no-va-oblidar\/#breadcrumb","itemListElement":[{"@type":"ListItem","position":1,"name":"Portada","item":"https:\/\/mastorrencito.com\/"},{"@type":"ListItem","position":2,"name":"Tristesa, la que mai no va oblidar"}]},{"@type":"WebSite","@id":"https:\/\/mastorrencito.com\/#website","url":"https:\/\/mastorrencito.com\/","name":"Mas Torrencito CAT","description":"Casa rural pet friendly en Girona","publisher":{"@id":"https:\/\/mastorrencito.com\/#organization"},"potentialAction":[{"@type":"SearchAction","target":{"@type":"EntryPoint","urlTemplate":"https:\/\/mastorrencito.com\/?s={search_term_string}"},"query-input":{"@type":"PropertyValueSpecification","valueRequired":true,"valueName":"search_term_string"}}],"inLanguage":"es"},{"@type":"Organization","@id":"https:\/\/mastorrencito.com\/#organization","name":"Mas Torrencito CAT","url":"https:\/\/mastorrencito.com\/","logo":{"@type":"ImageObject","inLanguage":"es","@id":"https:\/\/mastorrencito.com\/#\/schema\/logo\/image\/","url":"https:\/\/mastorrencito.com\/cat\/wp-content\/uploads\/sites\/3\/Logo-Mastorrencito-horizontal.webp","contentUrl":"https:\/\/mastorrencito.com\/cat\/wp-content\/uploads\/sites\/3\/Logo-Mastorrencito-horizontal.webp","width":161,"height":54,"caption":"Mas Torrencito CAT"},"image":{"@id":"https:\/\/mastorrencito.com\/#\/schema\/logo\/image\/"}},{"@type":"Person","@id":"https:\/\/mastorrencito.com\/#\/schema\/person\/18c619be80d4ae2667c702911625f790","name":"Mastorrencito","image":{"@type":"ImageObject","inLanguage":"es","@id":"https:\/\/secure.gravatar.com\/avatar\/3ef55e0519f987a734c21caee1423b51df7b760b7d81a38ecd31cab0a5115f6d?s=96&d=mm&r=g","url":"https:\/\/secure.gravatar.com\/avatar\/3ef55e0519f987a734c21caee1423b51df7b760b7d81a38ecd31cab0a5115f6d?s=96&d=mm&r=g","contentUrl":"https:\/\/secure.gravatar.com\/avatar\/3ef55e0519f987a734c21caee1423b51df7b760b7d81a38ecd31cab0a5115f6d?s=96&d=mm&r=g","caption":"Mastorrencito"},"url":"https:\/\/mastorrencito.com\/cat\/author\/mastorrencito\/"}]}},"acf":[],"_links":{"self":[{"href":"https:\/\/mastorrencito.com\/cat\/wp-json\/wp\/v2\/posts\/4052","targetHints":{"allow":["GET"]}}],"collection":[{"href":"https:\/\/mastorrencito.com\/cat\/wp-json\/wp\/v2\/posts"}],"about":[{"href":"https:\/\/mastorrencito.com\/cat\/wp-json\/wp\/v2\/types\/post"}],"author":[{"embeddable":true,"href":"https:\/\/mastorrencito.com\/cat\/wp-json\/wp\/v2\/users\/2"}],"replies":[{"embeddable":true,"href":"https:\/\/mastorrencito.com\/cat\/wp-json\/wp\/v2\/comments?post=4052"}],"version-history":[{"count":0,"href":"https:\/\/mastorrencito.com\/cat\/wp-json\/wp\/v2\/posts\/4052\/revisions"}],"wp:featuredmedia":[{"embeddable":true,"href":"https:\/\/mastorrencito.com\/cat\/wp-json\/wp\/v2\/media\/4047"}],"wp:attachment":[{"href":"https:\/\/mastorrencito.com\/cat\/wp-json\/wp\/v2\/media?parent=4052"}],"wp:term":[{"taxonomy":"category","embeddable":true,"href":"https:\/\/mastorrencito.com\/cat\/wp-json\/wp\/v2\/categories?post=4052"},{"taxonomy":"post_tag","embeddable":true,"href":"https:\/\/mastorrencito.com\/cat\/wp-json\/wp\/v2\/tags?post=4052"}],"curies":[{"name":"wp","href":"https:\/\/api.w.org\/{rel}","templated":true}]}}