{"id":4041,"date":"2025-04-14T04:23:32","date_gmt":"2025-04-14T04:23:32","guid":{"rendered":"https:\/\/casaruralconperrosgirona.com\/sr-andres-sr-chordi-dr-andres-chordi-pare\/"},"modified":"2025-04-14T04:23:32","modified_gmt":"2025-04-14T04:23:32","slug":"sr-andres-sr-chordi-dr-andres-chordi-pare","status":"publish","type":"post","link":"https:\/\/mastorrencito.com\/cat\/sr-andres-sr-chordi-dr-andres-chordi-pare\/","title":{"rendered":"Sr. Andr\u00e9s, Sr. Chordi, Dr. Andr\u00e9s Chordi\u2026 PARE\u2026"},"content":{"rendered":"\n<p>Ayyy papi&#8230; com descriure&#8217;t? Quina tasca m\u00e9s complicada! Si fos taur\u00ed, diria **Genio i Figura**&#8230; per\u00f2 com que s\u00f3c antitaur\u00ed, et dir\u00e9 **INSPIRACI\u00d3N** i **ADMIRACI\u00d3N**. \u2728 Inspiraci\u00f3 per ser millor, per fer les coses amb cura i per suportar els sots que ens posa el cam\u00ed. Quantes vegades m&#8217;he ensopegat i sempre m&#8217;has ensenyat a aixecar-me, a fer aquest pas extra! Ets inspiraci\u00f3 en cada cosa que fas, des del m\u00e9s gran fins als petits detalls que ning\u00fa no veu.     <\/p>\n<figure class=\"wp-block-post-featured-image\"><img fetchpriority=\"high\" decoding=\"async\" width=\"1333\" height=\"1600\" src=\"https:\/\/mastorrencito.com\/cat\/wp-content\/uploads\/sites\/3\/WhatsApp-Image-2025-04-14-at-06.18.30.jpeg\" class=\"attachment-post-thumbnail size-post-thumbnail wp-post-image\" alt=\"\" style=\"object-fit:cover;\" srcset=\"https:\/\/mastorrencito.com\/cat\/wp-content\/uploads\/sites\/3\/WhatsApp-Image-2025-04-14-at-06.18.30.jpeg 1333w, https:\/\/mastorrencito.com\/cat\/wp-content\/uploads\/sites\/3\/WhatsApp-Image-2025-04-14-at-06.18.30-250x300.jpeg 250w, https:\/\/mastorrencito.com\/cat\/wp-content\/uploads\/sites\/3\/WhatsApp-Image-2025-04-14-at-06.18.30-853x1024.jpeg 853w, https:\/\/mastorrencito.com\/cat\/wp-content\/uploads\/sites\/3\/WhatsApp-Image-2025-04-14-at-06.18.30-768x922.jpeg 768w, https:\/\/mastorrencito.com\/cat\/wp-content\/uploads\/sites\/3\/WhatsApp-Image-2025-04-14-at-06.18.30-1280x1536.jpeg 1280w\" sizes=\"(max-width: 1333px) 100vw, 1333px\" \/><\/figure>\n<p>I **Admiraci\u00f3** \ud83d\ude02 perqu\u00e8 sempre hi has estat, amb els teus alumnes, els teus treballs, els teus projectes, i b\u00e9&#8230; amb la fam\u00edlia tamb\u00e9&#8230; encara que una miqueta menys. veritat? I amb els anys, ho comprenc perfectament. no hi ha qui parli malament de Don Andr\u00e9s! I aix\u00f2, t&#8217;asseguro, \u00e9s un miracle&#8230; fins i tot D\u00e9u t&#8217;ha de tenir en gran estima. Ups! Aqu\u00ed m&#8217;he passat&#8230; Ja s\u00e9 que ets molt cat\u00f2lic i aquestes bromes no t&#8217;agraden, per\u00f2 tamb\u00e9 s\u00e9 que ets humil dins la teva grandesa \ud83c\udf1f .<\/p>\n\n<p>Recordo quan et deien \u00abboig\u00bb per aquests ordinadors que insisties a fer servir per ensenyar Microbiologia a la USAL. Ai, quins temps aquells! Tu, sempre un visionari, persistent i tossut, perqu\u00e8 quan alguna cosa era bona per als altres, no hi havia qui t&#8217;atur\u00e9s.  <\/p>\n\n<p>No puc oblidar quan vas complir 90 anys i vas dir que no podien venir els teus amics perqu\u00e8 ja eren morts o malalts&#8230; i ho vas dir amb aquella espurna d&#8217;humor que et caracteritza! \ud83d\ude02 I mira&#8217;t, amb 91 anys, tan **fresc com un enciam**, amb l&#8217;energia de sempre i el cap tan clar. No tothom pot dir el mateix, papi.  <\/p>\n\n<p>T&#8217;acordes quan \u00e9rem uns xavals, comen\u00e7ant a fumar, i tu, que portaves m\u00e9s de 20 anys sense tocar una cigarreta, ens vas ensenyar a embolicar-ne un&#8230; i \u00e9s clar, \u00a1 et vas tornar a enganxar! \ud83e\udd23<\/p>\n\n<p>Per\u00f2 mira si ets pr\u00e0ctic, que cada vegada que hi ha hagut una prohibici\u00f3, ho deixaves de la nit al dia, com quan van prohibir fumar al bar de la facultat i vas deixar anar: \u00abSi no puc fumar amb el caf\u00e8, ho deixo\u00bb&#8230; i ho vas deixar! I ara, amb 91 anys, quan te&#8217;n fumes un als \u00e0pats, la meva cunyada s&#8217;escandalitza dient que et far\u00e0 malament. Quin mal et far\u00e0 a aquestes al\u00e7ades?! Me&#8217;n recordo que li vaig dir: \u201cDe c\u00e0ncer no ser\u00e0 que et moris ja\u2026\u201d \ud83d\ude02 Gaudeix aquestes cigarretes que vulguis!   <\/p>\n\n<figure class=\"wp-block-image size-full\"><img decoding=\"async\" width=\"1024\" height=\"768\" src=\"https:\/\/mastorrencito.com\/wp-content\/uploads\/WhatsApp-Image-2025-04-14-at-06.18.56.jpeg\" alt=\"\" class=\"wp-image-4031\" srcset=\"https:\/\/mastorrencito.com\/cat\/wp-content\/uploads\/sites\/3\/WhatsApp-Image-2025-04-14-at-06.18.56.jpeg 1024w, https:\/\/mastorrencito.com\/cat\/wp-content\/uploads\/sites\/3\/WhatsApp-Image-2025-04-14-at-06.18.56-300x225.jpeg 300w, https:\/\/mastorrencito.com\/cat\/wp-content\/uploads\/sites\/3\/WhatsApp-Image-2025-04-14-at-06.18.56-768x576.jpeg 768w\" sizes=\"(max-width: 1024px) 100vw, 1024px\" \/><\/figure>\n<p>I quins records aquells de quan ens an\u00e0vem a pescar a les Can\u00e0ries, oa Badajoz a buscar les l\u00e0mpades! Avui dia ni de broma ho far\u00edem, per\u00f2 quines rialles ens f\u00e8iem. Anna, que per ser m\u00e9s petita va rec\u00f3rrer tota Europa amb vosaltres i es va encarregar de gaudir-te com una nena. I no m&#8217;estranya que s&#8217;assembli tant a tu, amb aquesta bondat, dol\u00e7or i honestedat que et caracteritzen. \u2764\ufe0f    <\/p>\n\n<p>Si t&#8217;hagu\u00e9s de definir en una paraula, ho tinc clar\u00edssim: **HONORABLE**. Honrat, honest, \u00edntegre, digne&#8230; i admirat! Poques persones mereixen aquest t\u00edtol tant com tu, pare.  <\/p>\n\n<p>Ai, que lluny queden aquells temps quan ens munt\u00e0vem els 9 al Ford Taurus Familiar XL per anar de Badajoz a Salamanca&#8230; m\u00e9s de 10 hores de viatge! Per\u00f2 quines mem\u00f2ries tan precioses ens queden. <\/p>\n\n<p>En fi, pare&#8230; t&#8217;he de dir que qualsevol fill voldria tenir un pare com tu&#8230; i qualsevol pare estaria encantat de tenir un fill com jo! Jajajajajaja&#8230; \ud83d\ude1c <\/p>\n\n<p>T&#8217;estimo, papi.<\/p>\n\n<blockquote class=\"wp-block-quote is-layout-flow wp-block-quote-is-layout-flow\">\n<p>Des de MasTorrencito et desitgem un bon dia i que els teus gossos t&#8217;acompanyin!!<\/p>\n<\/blockquote>\n\n<p>\u2014\u2013<br \/> Si vols, pot veure els nostres bons per <a href=\"https:\/\/mastorrencito.com\/\" target=\"_blank\" rel=\"noreferrer noopener\">a<\/a> <strong>caps de setmana, bons jubilats<\/strong> , a un preu incre\u00efble.. entra a <a href=\"https:\/\/www.mastorrencito.com\/\">www.mastorrencito.com<\/a> o si vols podeu llegir m\u00e9s hist\u00f2ria i an\u00e8cdotes que ens <a href=\"https:\/\/mastorrencito.com\/es\/\">han<\/a> passat a MasTorrencito\u2026 Clickea aqui\u2026<\/p>\n","protected":false},"excerpt":{"rendered":"<p>Ayyy papi&#8230; com descriure&#8217;t? Quina tasca m\u00e9s complicada! Si fos taur\u00ed, diria **Genio i Figura**&#8230; per\u00f2 com que s\u00f3c antitaur\u00ed, et dir\u00e9 **INSPIRACI\u00d3N** i **ADMIRACI\u00d3N**. \u2728 Inspiraci\u00f3 per ser millor, per fer les coses amb cura i per suportar els sots que ens posa el cam\u00ed. Quantes vegades m&#8217;he ensopegat i sempre m&#8217;has ensenyat a [&hellip;]<\/p>\n","protected":false},"author":2,"featured_media":4028,"comment_status":"open","ping_status":"closed","sticky":false,"template":"","format":"standard","meta":{"_acf_changed":false,"footnotes":""},"categories":[35],"tags":[],"class_list":["post-4041","post","type-post","status-publish","format-standard","has-post-thumbnail","hentry","category-histories-mastorrencito"],"yoast_head":"<!-- This site is optimized with the Yoast SEO Premium plugin v27.3 (Yoast SEO v27.5) - https:\/\/yoast.com\/product\/yoast-seo-premium-wordpress\/ -->\n<title>Sr. Andr\u00e9s, Sr. Chordi, Dr. Andr\u00e9s Chordi\u2026 PARE\u2026 - Mas Torrencito CAT<\/title>\n<meta name=\"description\" content=\"Ayyy .. cal dir-ho mentre visquin... que si no... qui sap... el mateix no et d\u00f3na temps.... D. Andr\u00e9s, Sr. Chordi, Dr. Andr\u00e9s Chordi\u2026 PARE\u2026\" \/>\n<meta name=\"robots\" content=\"index, follow, max-snippet:-1, max-image-preview:large, max-video-preview:-1\" \/>\n<link rel=\"canonical\" href=\"https:\/\/mastorrencito.com\/cat\/sr-andres-sr-chordi-dr-andres-chordi-pare\/\" \/>\n<meta property=\"og:locale\" content=\"es_ES\" \/>\n<meta property=\"og:type\" content=\"article\" \/>\n<meta property=\"og:title\" content=\"Sr. Andr\u00e9s, Sr. Chordi, Dr. Andr\u00e9s Chordi\u2026 PARE\u2026\" \/>\n<meta property=\"og:description\" content=\"Ayyy .. cal dir-ho mentre visquin... que si no... qui sap... el mateix no et d\u00f3na temps.... D. Andr\u00e9s, Sr. Chordi, Dr. Andr\u00e9s Chordi\u2026 PARE\u2026\" \/>\n<meta property=\"og:url\" content=\"https:\/\/mastorrencito.com\/cat\/sr-andres-sr-chordi-dr-andres-chordi-pare\/\" \/>\n<meta property=\"og:site_name\" content=\"Mas Torrencito CAT\" \/>\n<meta property=\"article:published_time\" content=\"2025-04-14T04:23:32+00:00\" \/>\n<meta property=\"og:image\" content=\"https:\/\/mastorrencito.com\/cat\/wp-content\/uploads\/sites\/3\/WhatsApp-Image-2025-04-14-at-06.18.30.jpeg\" \/>\n\t<meta property=\"og:image:width\" content=\"1333\" \/>\n\t<meta property=\"og:image:height\" content=\"1600\" \/>\n\t<meta property=\"og:image:type\" content=\"image\/jpeg\" \/>\n<meta name=\"author\" content=\"Mastorrencito\" \/>\n<meta name=\"twitter:card\" content=\"summary_large_image\" \/>\n<meta name=\"twitter:label1\" content=\"Escrito por\" \/>\n\t<meta name=\"twitter:data1\" content=\"Mastorrencito\" \/>\n\t<meta name=\"twitter:label2\" content=\"Tiempo de lectura\" \/>\n\t<meta name=\"twitter:data2\" content=\"3 minutos\" \/>\n<script type=\"application\/ld+json\" class=\"yoast-schema-graph\">{\"@context\":\"https:\\\/\\\/schema.org\",\"@graph\":[{\"@type\":\"Article\",\"@id\":\"https:\\\/\\\/mastorrencito.com\\\/cat\\\/sr-andres-sr-chordi-dr-andres-chordi-pare\\\/#article\",\"isPartOf\":{\"@id\":\"https:\\\/\\\/mastorrencito.com\\\/cat\\\/sr-andres-sr-chordi-dr-andres-chordi-pare\\\/\"},\"author\":{\"name\":\"Mastorrencito\",\"@id\":\"https:\\\/\\\/mastorrencito.com\\\/#\\\/schema\\\/person\\\/18c619be80d4ae2667c702911625f790\"},\"headline\":\"Sr. Andr\u00e9s, Sr. Chordi, Dr. Andr\u00e9s Chordi\u2026 PARE\u2026\",\"datePublished\":\"2025-04-14T04:23:32+00:00\",\"mainEntityOfPage\":{\"@id\":\"https:\\\/\\\/mastorrencito.com\\\/cat\\\/sr-andres-sr-chordi-dr-andres-chordi-pare\\\/\"},\"wordCount\":669,\"commentCount\":0,\"publisher\":{\"@id\":\"https:\\\/\\\/mastorrencito.com\\\/#organization\"},\"image\":{\"@id\":\"https:\\\/\\\/mastorrencito.com\\\/cat\\\/sr-andres-sr-chordi-dr-andres-chordi-pare\\\/#primaryimage\"},\"thumbnailUrl\":\"https:\\\/\\\/mastorrencito.com\\\/cat\\\/wp-content\\\/uploads\\\/sites\\\/3\\\/WhatsApp-Image-2025-04-14-at-06.18.30.jpeg\",\"articleSection\":[\"Hist\u00f2ries Mastorrencito\"],\"inLanguage\":\"es\",\"potentialAction\":[{\"@type\":\"CommentAction\",\"name\":\"Comment\",\"target\":[\"https:\\\/\\\/mastorrencito.com\\\/cat\\\/sr-andres-sr-chordi-dr-andres-chordi-pare\\\/#respond\"]}]},{\"@type\":\"WebPage\",\"@id\":\"https:\\\/\\\/mastorrencito.com\\\/cat\\\/sr-andres-sr-chordi-dr-andres-chordi-pare\\\/\",\"url\":\"https:\\\/\\\/mastorrencito.com\\\/cat\\\/sr-andres-sr-chordi-dr-andres-chordi-pare\\\/\",\"name\":\"Sr. Andr\u00e9s, Sr. Chordi, Dr. Andr\u00e9s Chordi\u2026 PARE\u2026 - Mas Torrencito CAT\",\"isPartOf\":{\"@id\":\"https:\\\/\\\/mastorrencito.com\\\/#website\"},\"primaryImageOfPage\":{\"@id\":\"https:\\\/\\\/mastorrencito.com\\\/cat\\\/sr-andres-sr-chordi-dr-andres-chordi-pare\\\/#primaryimage\"},\"image\":{\"@id\":\"https:\\\/\\\/mastorrencito.com\\\/cat\\\/sr-andres-sr-chordi-dr-andres-chordi-pare\\\/#primaryimage\"},\"thumbnailUrl\":\"https:\\\/\\\/mastorrencito.com\\\/cat\\\/wp-content\\\/uploads\\\/sites\\\/3\\\/WhatsApp-Image-2025-04-14-at-06.18.30.jpeg\",\"datePublished\":\"2025-04-14T04:23:32+00:00\",\"description\":\"Ayyy .. cal dir-ho mentre visquin... que si no... qui sap... el mateix no et d\u00f3na temps.... D. Andr\u00e9s, Sr. Chordi, Dr. Andr\u00e9s Chordi\u2026 PARE\u2026\",\"breadcrumb\":{\"@id\":\"https:\\\/\\\/mastorrencito.com\\\/cat\\\/sr-andres-sr-chordi-dr-andres-chordi-pare\\\/#breadcrumb\"},\"inLanguage\":\"es\",\"potentialAction\":[{\"@type\":\"ReadAction\",\"target\":[\"https:\\\/\\\/mastorrencito.com\\\/cat\\\/sr-andres-sr-chordi-dr-andres-chordi-pare\\\/\"]}]},{\"@type\":\"ImageObject\",\"inLanguage\":\"es\",\"@id\":\"https:\\\/\\\/mastorrencito.com\\\/cat\\\/sr-andres-sr-chordi-dr-andres-chordi-pare\\\/#primaryimage\",\"url\":\"https:\\\/\\\/mastorrencito.com\\\/cat\\\/wp-content\\\/uploads\\\/sites\\\/3\\\/WhatsApp-Image-2025-04-14-at-06.18.30.jpeg\",\"contentUrl\":\"https:\\\/\\\/mastorrencito.com\\\/cat\\\/wp-content\\\/uploads\\\/sites\\\/3\\\/WhatsApp-Image-2025-04-14-at-06.18.30.jpeg\",\"width\":1333,\"height\":1600},{\"@type\":\"BreadcrumbList\",\"@id\":\"https:\\\/\\\/mastorrencito.com\\\/cat\\\/sr-andres-sr-chordi-dr-andres-chordi-pare\\\/#breadcrumb\",\"itemListElement\":[{\"@type\":\"ListItem\",\"position\":1,\"name\":\"Portada\",\"item\":\"https:\\\/\\\/mastorrencito.com\\\/\"},{\"@type\":\"ListItem\",\"position\":2,\"name\":\"Sr. Andr\u00e9s, Sr. Chordi, Dr. Andr\u00e9s Chordi\u2026 PARE\u2026\"}]},{\"@type\":\"WebSite\",\"@id\":\"https:\\\/\\\/mastorrencito.com\\\/#website\",\"url\":\"https:\\\/\\\/mastorrencito.com\\\/\",\"name\":\"Mas Torrencito CAT\",\"description\":\"Casa rural pet friendly en Girona\",\"publisher\":{\"@id\":\"https:\\\/\\\/mastorrencito.com\\\/#organization\"},\"potentialAction\":[{\"@type\":\"SearchAction\",\"target\":{\"@type\":\"EntryPoint\",\"urlTemplate\":\"https:\\\/\\\/mastorrencito.com\\\/?s={search_term_string}\"},\"query-input\":{\"@type\":\"PropertyValueSpecification\",\"valueRequired\":true,\"valueName\":\"search_term_string\"}}],\"inLanguage\":\"es\"},{\"@type\":\"Organization\",\"@id\":\"https:\\\/\\\/mastorrencito.com\\\/#organization\",\"name\":\"Mas Torrencito CAT\",\"url\":\"https:\\\/\\\/mastorrencito.com\\\/\",\"logo\":{\"@type\":\"ImageObject\",\"inLanguage\":\"es\",\"@id\":\"https:\\\/\\\/mastorrencito.com\\\/#\\\/schema\\\/logo\\\/image\\\/\",\"url\":\"https:\\\/\\\/mastorrencito.com\\\/cat\\\/wp-content\\\/uploads\\\/sites\\\/3\\\/Logo-Mastorrencito-horizontal.webp\",\"contentUrl\":\"https:\\\/\\\/mastorrencito.com\\\/cat\\\/wp-content\\\/uploads\\\/sites\\\/3\\\/Logo-Mastorrencito-horizontal.webp\",\"width\":161,\"height\":54,\"caption\":\"Mas Torrencito CAT\"},\"image\":{\"@id\":\"https:\\\/\\\/mastorrencito.com\\\/#\\\/schema\\\/logo\\\/image\\\/\"}},{\"@type\":\"Person\",\"@id\":\"https:\\\/\\\/mastorrencito.com\\\/#\\\/schema\\\/person\\\/18c619be80d4ae2667c702911625f790\",\"name\":\"Mastorrencito\",\"image\":{\"@type\":\"ImageObject\",\"inLanguage\":\"es\",\"@id\":\"https:\\\/\\\/secure.gravatar.com\\\/avatar\\\/3ef55e0519f987a734c21caee1423b51df7b760b7d81a38ecd31cab0a5115f6d?s=96&d=mm&r=g\",\"url\":\"https:\\\/\\\/secure.gravatar.com\\\/avatar\\\/3ef55e0519f987a734c21caee1423b51df7b760b7d81a38ecd31cab0a5115f6d?s=96&d=mm&r=g\",\"contentUrl\":\"https:\\\/\\\/secure.gravatar.com\\\/avatar\\\/3ef55e0519f987a734c21caee1423b51df7b760b7d81a38ecd31cab0a5115f6d?s=96&d=mm&r=g\",\"caption\":\"Mastorrencito\"},\"url\":\"https:\\\/\\\/mastorrencito.com\\\/cat\\\/author\\\/mastorrencito\\\/\"}]}<\/script>\n<!-- \/ Yoast SEO Premium plugin. -->","yoast_head_json":{"title":"Sr. Andr\u00e9s, Sr. Chordi, Dr. Andr\u00e9s Chordi\u2026 PARE\u2026 - Mas Torrencito CAT","description":"Ayyy .. cal dir-ho mentre visquin... que si no... qui sap... el mateix no et d\u00f3na temps.... D. Andr\u00e9s, Sr. Chordi, Dr. Andr\u00e9s Chordi\u2026 PARE\u2026","robots":{"index":"index","follow":"follow","max-snippet":"max-snippet:-1","max-image-preview":"max-image-preview:large","max-video-preview":"max-video-preview:-1"},"canonical":"https:\/\/mastorrencito.com\/cat\/sr-andres-sr-chordi-dr-andres-chordi-pare\/","og_locale":"es_ES","og_type":"article","og_title":"Sr. Andr\u00e9s, Sr. Chordi, Dr. Andr\u00e9s Chordi\u2026 PARE\u2026","og_description":"Ayyy .. cal dir-ho mentre visquin... que si no... qui sap... el mateix no et d\u00f3na temps.... D. Andr\u00e9s, Sr. Chordi, Dr. Andr\u00e9s Chordi\u2026 PARE\u2026","og_url":"https:\/\/mastorrencito.com\/cat\/sr-andres-sr-chordi-dr-andres-chordi-pare\/","og_site_name":"Mas Torrencito CAT","article_published_time":"2025-04-14T04:23:32+00:00","og_image":[{"width":1333,"height":1600,"url":"https:\/\/mastorrencito.com\/cat\/wp-content\/uploads\/sites\/3\/WhatsApp-Image-2025-04-14-at-06.18.30.jpeg","type":"image\/jpeg"}],"author":"Mastorrencito","twitter_card":"summary_large_image","twitter_misc":{"Escrito por":"Mastorrencito","Tiempo de lectura":"3 minutos"},"schema":{"@context":"https:\/\/schema.org","@graph":[{"@type":"Article","@id":"https:\/\/mastorrencito.com\/cat\/sr-andres-sr-chordi-dr-andres-chordi-pare\/#article","isPartOf":{"@id":"https:\/\/mastorrencito.com\/cat\/sr-andres-sr-chordi-dr-andres-chordi-pare\/"},"author":{"name":"Mastorrencito","@id":"https:\/\/mastorrencito.com\/#\/schema\/person\/18c619be80d4ae2667c702911625f790"},"headline":"Sr. Andr\u00e9s, Sr. Chordi, Dr. Andr\u00e9s Chordi\u2026 PARE\u2026","datePublished":"2025-04-14T04:23:32+00:00","mainEntityOfPage":{"@id":"https:\/\/mastorrencito.com\/cat\/sr-andres-sr-chordi-dr-andres-chordi-pare\/"},"wordCount":669,"commentCount":0,"publisher":{"@id":"https:\/\/mastorrencito.com\/#organization"},"image":{"@id":"https:\/\/mastorrencito.com\/cat\/sr-andres-sr-chordi-dr-andres-chordi-pare\/#primaryimage"},"thumbnailUrl":"https:\/\/mastorrencito.com\/cat\/wp-content\/uploads\/sites\/3\/WhatsApp-Image-2025-04-14-at-06.18.30.jpeg","articleSection":["Hist\u00f2ries Mastorrencito"],"inLanguage":"es","potentialAction":[{"@type":"CommentAction","name":"Comment","target":["https:\/\/mastorrencito.com\/cat\/sr-andres-sr-chordi-dr-andres-chordi-pare\/#respond"]}]},{"@type":"WebPage","@id":"https:\/\/mastorrencito.com\/cat\/sr-andres-sr-chordi-dr-andres-chordi-pare\/","url":"https:\/\/mastorrencito.com\/cat\/sr-andres-sr-chordi-dr-andres-chordi-pare\/","name":"Sr. Andr\u00e9s, Sr. Chordi, Dr. Andr\u00e9s Chordi\u2026 PARE\u2026 - Mas Torrencito CAT","isPartOf":{"@id":"https:\/\/mastorrencito.com\/#website"},"primaryImageOfPage":{"@id":"https:\/\/mastorrencito.com\/cat\/sr-andres-sr-chordi-dr-andres-chordi-pare\/#primaryimage"},"image":{"@id":"https:\/\/mastorrencito.com\/cat\/sr-andres-sr-chordi-dr-andres-chordi-pare\/#primaryimage"},"thumbnailUrl":"https:\/\/mastorrencito.com\/cat\/wp-content\/uploads\/sites\/3\/WhatsApp-Image-2025-04-14-at-06.18.30.jpeg","datePublished":"2025-04-14T04:23:32+00:00","description":"Ayyy .. cal dir-ho mentre visquin... que si no... qui sap... el mateix no et d\u00f3na temps.... D. Andr\u00e9s, Sr. Chordi, Dr. Andr\u00e9s Chordi\u2026 PARE\u2026","breadcrumb":{"@id":"https:\/\/mastorrencito.com\/cat\/sr-andres-sr-chordi-dr-andres-chordi-pare\/#breadcrumb"},"inLanguage":"es","potentialAction":[{"@type":"ReadAction","target":["https:\/\/mastorrencito.com\/cat\/sr-andres-sr-chordi-dr-andres-chordi-pare\/"]}]},{"@type":"ImageObject","inLanguage":"es","@id":"https:\/\/mastorrencito.com\/cat\/sr-andres-sr-chordi-dr-andres-chordi-pare\/#primaryimage","url":"https:\/\/mastorrencito.com\/cat\/wp-content\/uploads\/sites\/3\/WhatsApp-Image-2025-04-14-at-06.18.30.jpeg","contentUrl":"https:\/\/mastorrencito.com\/cat\/wp-content\/uploads\/sites\/3\/WhatsApp-Image-2025-04-14-at-06.18.30.jpeg","width":1333,"height":1600},{"@type":"BreadcrumbList","@id":"https:\/\/mastorrencito.com\/cat\/sr-andres-sr-chordi-dr-andres-chordi-pare\/#breadcrumb","itemListElement":[{"@type":"ListItem","position":1,"name":"Portada","item":"https:\/\/mastorrencito.com\/"},{"@type":"ListItem","position":2,"name":"Sr. Andr\u00e9s, Sr. Chordi, Dr. Andr\u00e9s Chordi\u2026 PARE\u2026"}]},{"@type":"WebSite","@id":"https:\/\/mastorrencito.com\/#website","url":"https:\/\/mastorrencito.com\/","name":"Mas Torrencito CAT","description":"Casa rural pet friendly en Girona","publisher":{"@id":"https:\/\/mastorrencito.com\/#organization"},"potentialAction":[{"@type":"SearchAction","target":{"@type":"EntryPoint","urlTemplate":"https:\/\/mastorrencito.com\/?s={search_term_string}"},"query-input":{"@type":"PropertyValueSpecification","valueRequired":true,"valueName":"search_term_string"}}],"inLanguage":"es"},{"@type":"Organization","@id":"https:\/\/mastorrencito.com\/#organization","name":"Mas Torrencito CAT","url":"https:\/\/mastorrencito.com\/","logo":{"@type":"ImageObject","inLanguage":"es","@id":"https:\/\/mastorrencito.com\/#\/schema\/logo\/image\/","url":"https:\/\/mastorrencito.com\/cat\/wp-content\/uploads\/sites\/3\/Logo-Mastorrencito-horizontal.webp","contentUrl":"https:\/\/mastorrencito.com\/cat\/wp-content\/uploads\/sites\/3\/Logo-Mastorrencito-horizontal.webp","width":161,"height":54,"caption":"Mas Torrencito CAT"},"image":{"@id":"https:\/\/mastorrencito.com\/#\/schema\/logo\/image\/"}},{"@type":"Person","@id":"https:\/\/mastorrencito.com\/#\/schema\/person\/18c619be80d4ae2667c702911625f790","name":"Mastorrencito","image":{"@type":"ImageObject","inLanguage":"es","@id":"https:\/\/secure.gravatar.com\/avatar\/3ef55e0519f987a734c21caee1423b51df7b760b7d81a38ecd31cab0a5115f6d?s=96&d=mm&r=g","url":"https:\/\/secure.gravatar.com\/avatar\/3ef55e0519f987a734c21caee1423b51df7b760b7d81a38ecd31cab0a5115f6d?s=96&d=mm&r=g","contentUrl":"https:\/\/secure.gravatar.com\/avatar\/3ef55e0519f987a734c21caee1423b51df7b760b7d81a38ecd31cab0a5115f6d?s=96&d=mm&r=g","caption":"Mastorrencito"},"url":"https:\/\/mastorrencito.com\/cat\/author\/mastorrencito\/"}]}},"acf":[],"_links":{"self":[{"href":"https:\/\/mastorrencito.com\/cat\/wp-json\/wp\/v2\/posts\/4041","targetHints":{"allow":["GET"]}}],"collection":[{"href":"https:\/\/mastorrencito.com\/cat\/wp-json\/wp\/v2\/posts"}],"about":[{"href":"https:\/\/mastorrencito.com\/cat\/wp-json\/wp\/v2\/types\/post"}],"author":[{"embeddable":true,"href":"https:\/\/mastorrencito.com\/cat\/wp-json\/wp\/v2\/users\/2"}],"replies":[{"embeddable":true,"href":"https:\/\/mastorrencito.com\/cat\/wp-json\/wp\/v2\/comments?post=4041"}],"version-history":[{"count":0,"href":"https:\/\/mastorrencito.com\/cat\/wp-json\/wp\/v2\/posts\/4041\/revisions"}],"wp:featuredmedia":[{"embeddable":true,"href":"https:\/\/mastorrencito.com\/cat\/wp-json\/wp\/v2\/media\/4028"}],"wp:attachment":[{"href":"https:\/\/mastorrencito.com\/cat\/wp-json\/wp\/v2\/media?parent=4041"}],"wp:term":[{"taxonomy":"category","embeddable":true,"href":"https:\/\/mastorrencito.com\/cat\/wp-json\/wp\/v2\/categories?post=4041"},{"taxonomy":"post_tag","embeddable":true,"href":"https:\/\/mastorrencito.com\/cat\/wp-json\/wp\/v2\/tags?post=4041"}],"curies":[{"name":"wp","href":"https:\/\/api.w.org\/{rel}","templated":true}]}}