{"id":4024,"date":"2025-04-06T05:00:36","date_gmt":"2025-04-06T05:00:36","guid":{"rendered":"https:\/\/casaruralconperrosgirona.com\/el-dia-que-vaig-decidir-matar-part-1\/"},"modified":"2025-04-06T05:00:36","modified_gmt":"2025-04-06T05:00:36","slug":"el-dia-que-vaig-decidir-matar-part-1","status":"publish","type":"post","link":"https:\/\/mastorrencito.com\/cat\/el-dia-que-vaig-decidir-matar-part-1\/","title":{"rendered":"El dia que vaig decidir matar\u2026 (Part 1)"},"content":{"rendered":"\n<p>Ayyy\u2026 que no s\u00e9 ni per on comen\u00e7ar.<\/p>\n\n<p>A veure\u2026 tamb\u00e9 cal posar-se en situaci\u00f3. Tornar mentalment a aquell moment exacte. Perqu\u00e8 si ho penso ara, amb calma, amb el sol fora i un caf\u00e8 a la m\u00e0, ni se m&#8217;hauria passat pel cap. Per\u00f2 \u00e9s clar\u2026 quan ets a dins, quan ets amb la sang calenta i el cos enc\u00e8s\u2026 aqu\u00ed \u00e9s una altra hist\u00f2ria.   <\/p>\n\n<p>Per\u00f2 comencem.<\/p>\n\n<p>Tot va comen\u00e7ar un mat\u00ed d&#8217;hivern, aqu\u00ed, a MasTorrencito. Un mat\u00ed com tantes altres. M&#8217;aixeco a les cinc. Em faig un caf\u00e8. Despr\u00e9s un altre. Obro l&#8217;ordinador. Miro reserves, contesto mails, llegeixo els whatsapps dels que volen saber si poden venir amb gos, amb gat o amb sogra (que en el fons, de vegades \u00e9s el mateix).      <\/p>\n\n<p>I despr\u00e9s, aix\u00f2 de sempre: em poso a fer els bescuits. Pa de pessic de iogurt, de xocolata, de poma\u2026 el de sempre. El forn enc\u00e8s, l&#8217;Spotify amb alguna llista tranquil\u00b7la, i jo, en pau.  <\/p>\n\n<p>Baixo a muntar les taules per esmorzar. Col\u00b7loco tovallons, coberts, melmelades, somriu per a mi mateix perqu\u00e8 s\u00e9 que els de l&#8217;habitaci\u00f3 3 em demanaran \u201cllet de civada\u201d i despr\u00e9s es menjaran tres croissants de mantega. Tot b\u00e9. Tot flueix.  <\/p>\n<figure class=\"wp-block-post-featured-image\"><img fetchpriority=\"high\" decoding=\"async\" width=\"1024\" height=\"1024\" src=\"https:\/\/mastorrencito.com\/cat\/wp-content\/uploads\/sites\/3\/asesinato.jpg\" class=\"attachment-post-thumbnail size-post-thumbnail wp-post-image\" alt=\"El d\u00eda que decid\u00ed matar a\u2026\" style=\"object-fit:cover;\" srcset=\"https:\/\/mastorrencito.com\/cat\/wp-content\/uploads\/sites\/3\/asesinato.jpg 1024w, https:\/\/mastorrencito.com\/cat\/wp-content\/uploads\/sites\/3\/asesinato-300x300.jpg 300w, https:\/\/mastorrencito.com\/cat\/wp-content\/uploads\/sites\/3\/asesinato-150x150.jpg 150w, https:\/\/mastorrencito.com\/cat\/wp-content\/uploads\/sites\/3\/asesinato-768x768.jpg 768w\" sizes=\"(max-width: 1024px) 100vw, 1024px\" \/><\/figure>\n<p>I de sobte\u2026 <em>ping!<\/em><br \/> Notificaci\u00f3 de Booking.<\/p>\n\n<p><strong>\u201cTens una nova ressenya.\u201d<\/strong><\/p>\n\n<p>B\u00e9, aix\u00f2 passa cada dia. Les ressenyes s\u00f3n com els xurros: unes surten millor, altres pitjor. Per\u00f2 aquesta tenia alguna cosa estranya. Aquest to. Aquesta vibraci\u00f3 estranya a l&#8217;est\u00f3mac, com quan saps que alguna cosa no va b\u00e9.    <\/p>\n\n<p>Entro.<br \/> Un 1.<\/p>\n\n<p>UN UN.<\/p>\n\n<p>I em dic: <em>\u201cPer\u00f2 qu\u00e8 ha passat?\u201d<\/em><br \/> Comen\u00e7o a llegir. <\/p>\n\n<p>El text era gandul, com escrit per alg\u00fa amb sanya per\u00f2 sense valor. Ni una queixa concreta. Res \u00fatil. Nom\u00e9s frases del tipus:   <br \/><em>\u00abNo era el que esper\u00e0vem.\u00bb<\/em><br \/><em>\u00abMassa fred.\u00bb<\/em><br \/><em>\u00abL&#8217;amfitri\u00f3 sembla simp\u00e0tic, per\u00f2&#8230;\u00bb<\/em><\/p>\n\n<p>Aquest male\u00eft \u201cper\u00f2\u201d.<\/p>\n\n<p>Veig qui l&#8217;ha escrit\u2026 i veig aix\u00f2:<br \/><strong>An\u00f2nim.<\/strong><\/p>\n\n<p>COM QUE AN\u00d2NIM?<\/p>\n\n<p>I aqu\u00ed em comen\u00e7a a bullir tot. El caf\u00e8, la sang, el forn, la playlist de Spotify, TOT. <\/p>\n\n<p>Comen\u00e7o a lligar caps. Miro dates. Miro quins hostes tinc avui. I aqu\u00ed ho veig. \u00c9s ELL.<br \/> Un oncle que continua allotjat a la casa. En aquell moment. En una de les habitacions. Un amb qui havia parlat la nit anterior, que em va demanar recomanacions de restaurant, que em va dir que li encantava l&#8217;entorn, que havia dormit com una rata.       <\/p>\n\n<p>Un oncle que aquell mateix mat\u00ed (el d&#8217;ahir) m&#8217;havia dit \u201cbon dia\u201d amb un somriure.<\/p>\n\n<p>\u00a1\u00a1 I resulta que m&#8217;ha clavat un UNO a Booking!<br \/>I a sobre s&#8217;amaga darrere d&#8217;un \u201can\u00f2nim\u201d?<\/p>\n\n<p>All\u00e0 vaig anar directe al despatx, amb el m\u00f2bil tremolant a la m\u00e0. Em vaig asseure. Em vaig tornar a fer un altre caf\u00e8 que ja no sabia res. I li vaig escriure. Perqu\u00e8 jo, abans d&#8217;imaginar coses, intento entendre&#8217;l. Aix\u00ed que li envio un missatget educat:     <br \/><em>\u00abHola! He vist una ressenya recent que crec que \u00e9s teva. M&#8217;ha sorpr\u00e8s, la veritat&#8230; ha passat alguna cosa? Hi ha alguna cosa que no t&#8217;hagi agradat?\u00bb<\/em><\/p>\n\n<p>Van passar cinc minuts.<br \/> Deu.<br \/> Mitja hora.<\/p>\n\n<p>Res.<br \/> Silenci.<\/p>\n\n<p>Ni llegit.<\/p>\n\n<p>I aqu\u00ed, exactament, va ser quan em va canviar la cara. Se&#8217;m va esborrar el somriure d&#8217;amfitri\u00f3 zen.<br \/> Perqu\u00e8 no va ser la ressenya en si. No va ser el n\u00famero. Va ser la tra\u00efci\u00f3. El teatret. El tot b\u00e9 de front i el punyal per l&#8217;esquena.     <\/p>\n\n<p>I amics, us ho juro, aquest va ser el moment.<br \/> El moment exacte en qu\u00e8 vaig pensar:<\/p>\n\n<p><strong>\u201cAvui mato alg\u00fa.\u201d<\/strong><\/p>\n\n<p>Per\u00f2 \u00e9s clar\u2026 el que va passar despr\u00e9s ja \u00e9s una altra hist\u00f2ria.<br \/> I no s\u00e9 si esteu preparats per aix\u00f2.<br \/><br \/> Qu\u00e8 far\u00e9&#8230;?<br \/><br \/> Li mirar\u00e9 malament, em posar traveta, li&#8230;.??????<\/p>\n\n<hr class=\"wp-block-separator has-alpha-channel-opacity\" \/>\n\n<blockquote class=\"wp-block-quote is-layout-flow wp-block-quote-is-layout-flow\">\n<p>Des de MasTorrencito et desitgem un bon dia i que els teus gossos t&#8217;acompanyin!!<\/p>\n<\/blockquote>\n\n<p>\u2014\u2013<br \/> Si vols, pot veure els nostres bons per <a href=\"https:\/\/mastorrencito.com\/\" target=\"_blank\" rel=\"noreferrer noopener\">a<\/a> <strong>caps de setmana, bons jubilats<\/strong> , a un preu incre\u00efble.. entra a <a href=\"https:\/\/www.mastorrencito.com\/\">www.mastorrencito.com<\/a> o si vols podeu llegir m\u00e9s hist\u00f2ria i an\u00e8cdotes que ens <a href=\"https:\/\/mastorrencito.com\/\">han<\/a> passat a MasTorrencito\u2026 Clickea aqui\u2026<\/p>\n\n<p><\/p>\n","protected":false},"excerpt":{"rendered":"<p>Ayyy\u2026 que no s\u00e9 ni per on comen\u00e7ar. A veure\u2026 tamb\u00e9 cal posar-se en situaci\u00f3. Tornar mentalment a aquell moment exacte. Perqu\u00e8 si ho penso ara, amb calma, amb el sol fora i un caf\u00e8 a la m\u00e0, ni se m&#8217;hauria passat pel cap. Per\u00f2 \u00e9s clar\u2026 quan ets a dins, quan ets amb la [&hellip;]<\/p>\n","protected":false},"author":2,"featured_media":4009,"comment_status":"open","ping_status":"closed","sticky":false,"template":"","format":"standard","meta":{"_acf_changed":false,"footnotes":""},"categories":[35],"tags":[],"class_list":["post-4024","post","type-post","status-publish","format-standard","has-post-thumbnail","hentry","category-histories-mastorrencito"],"yoast_head":"<!-- This site is optimized with the Yoast SEO Premium plugin v27.3 (Yoast SEO v27.5) - https:\/\/yoast.com\/product\/yoast-seo-premium-wordpress\/ -->\n<title>El dia que vaig decidir matar\u2026 (Part 1) - Mas Torrencito CAT<\/title>\n<meta name=\"description\" content=\"I \u00e9s que hi ha matins que t&#039;aixeques i no saps perqu\u00e8 per\u00f2 et passa pel cap... El dia que vaig decidir matar\u2026\" \/>\n<meta name=\"robots\" content=\"index, follow, max-snippet:-1, max-image-preview:large, max-video-preview:-1\" \/>\n<link rel=\"canonical\" href=\"https:\/\/mastorrencito.com\/cat\/el-dia-que-vaig-decidir-matar-part-1\/\" \/>\n<meta property=\"og:locale\" content=\"es_ES\" \/>\n<meta property=\"og:type\" content=\"article\" \/>\n<meta property=\"og:title\" content=\"El dia que vaig decidir matar\u2026 (Part 1)\" \/>\n<meta property=\"og:description\" content=\"I \u00e9s que hi ha matins que t&#039;aixeques i no saps perqu\u00e8 per\u00f2 et passa pel cap... El dia que vaig decidir matar\u2026\" \/>\n<meta property=\"og:url\" content=\"https:\/\/mastorrencito.com\/cat\/el-dia-que-vaig-decidir-matar-part-1\/\" \/>\n<meta property=\"og:site_name\" content=\"Mas Torrencito CAT\" \/>\n<meta property=\"article:published_time\" content=\"2025-04-06T05:00:36+00:00\" \/>\n<meta property=\"og:image\" content=\"https:\/\/mastorrencito.com\/cat\/wp-content\/uploads\/sites\/3\/asesinato.jpg\" \/>\n\t<meta property=\"og:image:width\" content=\"1024\" \/>\n\t<meta property=\"og:image:height\" content=\"1024\" \/>\n\t<meta property=\"og:image:type\" content=\"image\/jpeg\" \/>\n<meta name=\"author\" content=\"Mastorrencito\" \/>\n<meta name=\"twitter:card\" content=\"summary_large_image\" \/>\n<meta name=\"twitter:label1\" content=\"Escrito por\" \/>\n\t<meta name=\"twitter:data1\" content=\"Mastorrencito\" \/>\n\t<meta name=\"twitter:label2\" content=\"Tiempo de lectura\" \/>\n\t<meta name=\"twitter:data2\" content=\"3 minutos\" \/>\n<script type=\"application\/ld+json\" class=\"yoast-schema-graph\">{\"@context\":\"https:\\\/\\\/schema.org\",\"@graph\":[{\"@type\":\"Article\",\"@id\":\"https:\\\/\\\/mastorrencito.com\\\/cat\\\/el-dia-que-vaig-decidir-matar-part-1\\\/#article\",\"isPartOf\":{\"@id\":\"https:\\\/\\\/mastorrencito.com\\\/cat\\\/el-dia-que-vaig-decidir-matar-part-1\\\/\"},\"author\":{\"name\":\"Mastorrencito\",\"@id\":\"https:\\\/\\\/mastorrencito.com\\\/#\\\/schema\\\/person\\\/18c619be80d4ae2667c702911625f790\"},\"headline\":\"El dia que vaig decidir matar\u2026 (Part 1)\",\"datePublished\":\"2025-04-06T05:00:36+00:00\",\"mainEntityOfPage\":{\"@id\":\"https:\\\/\\\/mastorrencito.com\\\/cat\\\/el-dia-que-vaig-decidir-matar-part-1\\\/\"},\"wordCount\":719,\"commentCount\":0,\"publisher\":{\"@id\":\"https:\\\/\\\/mastorrencito.com\\\/#organization\"},\"image\":{\"@id\":\"https:\\\/\\\/mastorrencito.com\\\/cat\\\/el-dia-que-vaig-decidir-matar-part-1\\\/#primaryimage\"},\"thumbnailUrl\":\"https:\\\/\\\/mastorrencito.com\\\/cat\\\/wp-content\\\/uploads\\\/sites\\\/3\\\/asesinato.jpg\",\"articleSection\":[\"Hist\u00f2ries Mastorrencito\"],\"inLanguage\":\"es\",\"potentialAction\":[{\"@type\":\"CommentAction\",\"name\":\"Comment\",\"target\":[\"https:\\\/\\\/mastorrencito.com\\\/cat\\\/el-dia-que-vaig-decidir-matar-part-1\\\/#respond\"]}]},{\"@type\":\"WebPage\",\"@id\":\"https:\\\/\\\/mastorrencito.com\\\/cat\\\/el-dia-que-vaig-decidir-matar-part-1\\\/\",\"url\":\"https:\\\/\\\/mastorrencito.com\\\/cat\\\/el-dia-que-vaig-decidir-matar-part-1\\\/\",\"name\":\"El dia que vaig decidir matar\u2026 (Part 1) - Mas Torrencito CAT\",\"isPartOf\":{\"@id\":\"https:\\\/\\\/mastorrencito.com\\\/#website\"},\"primaryImageOfPage\":{\"@id\":\"https:\\\/\\\/mastorrencito.com\\\/cat\\\/el-dia-que-vaig-decidir-matar-part-1\\\/#primaryimage\"},\"image\":{\"@id\":\"https:\\\/\\\/mastorrencito.com\\\/cat\\\/el-dia-que-vaig-decidir-matar-part-1\\\/#primaryimage\"},\"thumbnailUrl\":\"https:\\\/\\\/mastorrencito.com\\\/cat\\\/wp-content\\\/uploads\\\/sites\\\/3\\\/asesinato.jpg\",\"datePublished\":\"2025-04-06T05:00:36+00:00\",\"description\":\"I \u00e9s que hi ha matins que t'aixeques i no saps perqu\u00e8 per\u00f2 et passa pel cap... El dia que vaig decidir matar\u2026\",\"breadcrumb\":{\"@id\":\"https:\\\/\\\/mastorrencito.com\\\/cat\\\/el-dia-que-vaig-decidir-matar-part-1\\\/#breadcrumb\"},\"inLanguage\":\"es\",\"potentialAction\":[{\"@type\":\"ReadAction\",\"target\":[\"https:\\\/\\\/mastorrencito.com\\\/cat\\\/el-dia-que-vaig-decidir-matar-part-1\\\/\"]}]},{\"@type\":\"ImageObject\",\"inLanguage\":\"es\",\"@id\":\"https:\\\/\\\/mastorrencito.com\\\/cat\\\/el-dia-que-vaig-decidir-matar-part-1\\\/#primaryimage\",\"url\":\"https:\\\/\\\/mastorrencito.com\\\/cat\\\/wp-content\\\/uploads\\\/sites\\\/3\\\/asesinato.jpg\",\"contentUrl\":\"https:\\\/\\\/mastorrencito.com\\\/cat\\\/wp-content\\\/uploads\\\/sites\\\/3\\\/asesinato.jpg\",\"width\":1024,\"height\":1024,\"caption\":\"El d\u00eda que decid\u00ed matar a\u2026\"},{\"@type\":\"BreadcrumbList\",\"@id\":\"https:\\\/\\\/mastorrencito.com\\\/cat\\\/el-dia-que-vaig-decidir-matar-part-1\\\/#breadcrumb\",\"itemListElement\":[{\"@type\":\"ListItem\",\"position\":1,\"name\":\"Portada\",\"item\":\"https:\\\/\\\/mastorrencito.com\\\/\"},{\"@type\":\"ListItem\",\"position\":2,\"name\":\"El dia que vaig decidir matar\u2026 (Part 1)\"}]},{\"@type\":\"WebSite\",\"@id\":\"https:\\\/\\\/mastorrencito.com\\\/#website\",\"url\":\"https:\\\/\\\/mastorrencito.com\\\/\",\"name\":\"Mas Torrencito CAT\",\"description\":\"Casa rural pet friendly en Girona\",\"publisher\":{\"@id\":\"https:\\\/\\\/mastorrencito.com\\\/#organization\"},\"potentialAction\":[{\"@type\":\"SearchAction\",\"target\":{\"@type\":\"EntryPoint\",\"urlTemplate\":\"https:\\\/\\\/mastorrencito.com\\\/?s={search_term_string}\"},\"query-input\":{\"@type\":\"PropertyValueSpecification\",\"valueRequired\":true,\"valueName\":\"search_term_string\"}}],\"inLanguage\":\"es\"},{\"@type\":\"Organization\",\"@id\":\"https:\\\/\\\/mastorrencito.com\\\/#organization\",\"name\":\"Mas Torrencito CAT\",\"url\":\"https:\\\/\\\/mastorrencito.com\\\/\",\"logo\":{\"@type\":\"ImageObject\",\"inLanguage\":\"es\",\"@id\":\"https:\\\/\\\/mastorrencito.com\\\/#\\\/schema\\\/logo\\\/image\\\/\",\"url\":\"https:\\\/\\\/mastorrencito.com\\\/cat\\\/wp-content\\\/uploads\\\/sites\\\/3\\\/Logo-Mastorrencito-horizontal.webp\",\"contentUrl\":\"https:\\\/\\\/mastorrencito.com\\\/cat\\\/wp-content\\\/uploads\\\/sites\\\/3\\\/Logo-Mastorrencito-horizontal.webp\",\"width\":161,\"height\":54,\"caption\":\"Mas Torrencito CAT\"},\"image\":{\"@id\":\"https:\\\/\\\/mastorrencito.com\\\/#\\\/schema\\\/logo\\\/image\\\/\"}},{\"@type\":\"Person\",\"@id\":\"https:\\\/\\\/mastorrencito.com\\\/#\\\/schema\\\/person\\\/18c619be80d4ae2667c702911625f790\",\"name\":\"Mastorrencito\",\"image\":{\"@type\":\"ImageObject\",\"inLanguage\":\"es\",\"@id\":\"https:\\\/\\\/secure.gravatar.com\\\/avatar\\\/3ef55e0519f987a734c21caee1423b51df7b760b7d81a38ecd31cab0a5115f6d?s=96&d=mm&r=g\",\"url\":\"https:\\\/\\\/secure.gravatar.com\\\/avatar\\\/3ef55e0519f987a734c21caee1423b51df7b760b7d81a38ecd31cab0a5115f6d?s=96&d=mm&r=g\",\"contentUrl\":\"https:\\\/\\\/secure.gravatar.com\\\/avatar\\\/3ef55e0519f987a734c21caee1423b51df7b760b7d81a38ecd31cab0a5115f6d?s=96&d=mm&r=g\",\"caption\":\"Mastorrencito\"},\"url\":\"https:\\\/\\\/mastorrencito.com\\\/cat\\\/author\\\/mastorrencito\\\/\"}]}<\/script>\n<!-- \/ Yoast SEO Premium plugin. -->","yoast_head_json":{"title":"El dia que vaig decidir matar\u2026 (Part 1) - Mas Torrencito CAT","description":"I \u00e9s que hi ha matins que t'aixeques i no saps perqu\u00e8 per\u00f2 et passa pel cap... El dia que vaig decidir matar\u2026","robots":{"index":"index","follow":"follow","max-snippet":"max-snippet:-1","max-image-preview":"max-image-preview:large","max-video-preview":"max-video-preview:-1"},"canonical":"https:\/\/mastorrencito.com\/cat\/el-dia-que-vaig-decidir-matar-part-1\/","og_locale":"es_ES","og_type":"article","og_title":"El dia que vaig decidir matar\u2026 (Part 1)","og_description":"I \u00e9s que hi ha matins que t'aixeques i no saps perqu\u00e8 per\u00f2 et passa pel cap... El dia que vaig decidir matar\u2026","og_url":"https:\/\/mastorrencito.com\/cat\/el-dia-que-vaig-decidir-matar-part-1\/","og_site_name":"Mas Torrencito CAT","article_published_time":"2025-04-06T05:00:36+00:00","og_image":[{"width":1024,"height":1024,"url":"https:\/\/mastorrencito.com\/cat\/wp-content\/uploads\/sites\/3\/asesinato.jpg","type":"image\/jpeg"}],"author":"Mastorrencito","twitter_card":"summary_large_image","twitter_misc":{"Escrito por":"Mastorrencito","Tiempo de lectura":"3 minutos"},"schema":{"@context":"https:\/\/schema.org","@graph":[{"@type":"Article","@id":"https:\/\/mastorrencito.com\/cat\/el-dia-que-vaig-decidir-matar-part-1\/#article","isPartOf":{"@id":"https:\/\/mastorrencito.com\/cat\/el-dia-que-vaig-decidir-matar-part-1\/"},"author":{"name":"Mastorrencito","@id":"https:\/\/mastorrencito.com\/#\/schema\/person\/18c619be80d4ae2667c702911625f790"},"headline":"El dia que vaig decidir matar\u2026 (Part 1)","datePublished":"2025-04-06T05:00:36+00:00","mainEntityOfPage":{"@id":"https:\/\/mastorrencito.com\/cat\/el-dia-que-vaig-decidir-matar-part-1\/"},"wordCount":719,"commentCount":0,"publisher":{"@id":"https:\/\/mastorrencito.com\/#organization"},"image":{"@id":"https:\/\/mastorrencito.com\/cat\/el-dia-que-vaig-decidir-matar-part-1\/#primaryimage"},"thumbnailUrl":"https:\/\/mastorrencito.com\/cat\/wp-content\/uploads\/sites\/3\/asesinato.jpg","articleSection":["Hist\u00f2ries Mastorrencito"],"inLanguage":"es","potentialAction":[{"@type":"CommentAction","name":"Comment","target":["https:\/\/mastorrencito.com\/cat\/el-dia-que-vaig-decidir-matar-part-1\/#respond"]}]},{"@type":"WebPage","@id":"https:\/\/mastorrencito.com\/cat\/el-dia-que-vaig-decidir-matar-part-1\/","url":"https:\/\/mastorrencito.com\/cat\/el-dia-que-vaig-decidir-matar-part-1\/","name":"El dia que vaig decidir matar\u2026 (Part 1) - Mas Torrencito CAT","isPartOf":{"@id":"https:\/\/mastorrencito.com\/#website"},"primaryImageOfPage":{"@id":"https:\/\/mastorrencito.com\/cat\/el-dia-que-vaig-decidir-matar-part-1\/#primaryimage"},"image":{"@id":"https:\/\/mastorrencito.com\/cat\/el-dia-que-vaig-decidir-matar-part-1\/#primaryimage"},"thumbnailUrl":"https:\/\/mastorrencito.com\/cat\/wp-content\/uploads\/sites\/3\/asesinato.jpg","datePublished":"2025-04-06T05:00:36+00:00","description":"I \u00e9s que hi ha matins que t'aixeques i no saps perqu\u00e8 per\u00f2 et passa pel cap... El dia que vaig decidir matar\u2026","breadcrumb":{"@id":"https:\/\/mastorrencito.com\/cat\/el-dia-que-vaig-decidir-matar-part-1\/#breadcrumb"},"inLanguage":"es","potentialAction":[{"@type":"ReadAction","target":["https:\/\/mastorrencito.com\/cat\/el-dia-que-vaig-decidir-matar-part-1\/"]}]},{"@type":"ImageObject","inLanguage":"es","@id":"https:\/\/mastorrencito.com\/cat\/el-dia-que-vaig-decidir-matar-part-1\/#primaryimage","url":"https:\/\/mastorrencito.com\/cat\/wp-content\/uploads\/sites\/3\/asesinato.jpg","contentUrl":"https:\/\/mastorrencito.com\/cat\/wp-content\/uploads\/sites\/3\/asesinato.jpg","width":1024,"height":1024,"caption":"El d\u00eda que decid\u00ed matar a\u2026"},{"@type":"BreadcrumbList","@id":"https:\/\/mastorrencito.com\/cat\/el-dia-que-vaig-decidir-matar-part-1\/#breadcrumb","itemListElement":[{"@type":"ListItem","position":1,"name":"Portada","item":"https:\/\/mastorrencito.com\/"},{"@type":"ListItem","position":2,"name":"El dia que vaig decidir matar\u2026 (Part 1)"}]},{"@type":"WebSite","@id":"https:\/\/mastorrencito.com\/#website","url":"https:\/\/mastorrencito.com\/","name":"Mas Torrencito CAT","description":"Casa rural pet friendly en Girona","publisher":{"@id":"https:\/\/mastorrencito.com\/#organization"},"potentialAction":[{"@type":"SearchAction","target":{"@type":"EntryPoint","urlTemplate":"https:\/\/mastorrencito.com\/?s={search_term_string}"},"query-input":{"@type":"PropertyValueSpecification","valueRequired":true,"valueName":"search_term_string"}}],"inLanguage":"es"},{"@type":"Organization","@id":"https:\/\/mastorrencito.com\/#organization","name":"Mas Torrencito CAT","url":"https:\/\/mastorrencito.com\/","logo":{"@type":"ImageObject","inLanguage":"es","@id":"https:\/\/mastorrencito.com\/#\/schema\/logo\/image\/","url":"https:\/\/mastorrencito.com\/cat\/wp-content\/uploads\/sites\/3\/Logo-Mastorrencito-horizontal.webp","contentUrl":"https:\/\/mastorrencito.com\/cat\/wp-content\/uploads\/sites\/3\/Logo-Mastorrencito-horizontal.webp","width":161,"height":54,"caption":"Mas Torrencito CAT"},"image":{"@id":"https:\/\/mastorrencito.com\/#\/schema\/logo\/image\/"}},{"@type":"Person","@id":"https:\/\/mastorrencito.com\/#\/schema\/person\/18c619be80d4ae2667c702911625f790","name":"Mastorrencito","image":{"@type":"ImageObject","inLanguage":"es","@id":"https:\/\/secure.gravatar.com\/avatar\/3ef55e0519f987a734c21caee1423b51df7b760b7d81a38ecd31cab0a5115f6d?s=96&d=mm&r=g","url":"https:\/\/secure.gravatar.com\/avatar\/3ef55e0519f987a734c21caee1423b51df7b760b7d81a38ecd31cab0a5115f6d?s=96&d=mm&r=g","contentUrl":"https:\/\/secure.gravatar.com\/avatar\/3ef55e0519f987a734c21caee1423b51df7b760b7d81a38ecd31cab0a5115f6d?s=96&d=mm&r=g","caption":"Mastorrencito"},"url":"https:\/\/mastorrencito.com\/cat\/author\/mastorrencito\/"}]}},"acf":[],"_links":{"self":[{"href":"https:\/\/mastorrencito.com\/cat\/wp-json\/wp\/v2\/posts\/4024","targetHints":{"allow":["GET"]}}],"collection":[{"href":"https:\/\/mastorrencito.com\/cat\/wp-json\/wp\/v2\/posts"}],"about":[{"href":"https:\/\/mastorrencito.com\/cat\/wp-json\/wp\/v2\/types\/post"}],"author":[{"embeddable":true,"href":"https:\/\/mastorrencito.com\/cat\/wp-json\/wp\/v2\/users\/2"}],"replies":[{"embeddable":true,"href":"https:\/\/mastorrencito.com\/cat\/wp-json\/wp\/v2\/comments?post=4024"}],"version-history":[{"count":0,"href":"https:\/\/mastorrencito.com\/cat\/wp-json\/wp\/v2\/posts\/4024\/revisions"}],"wp:featuredmedia":[{"embeddable":true,"href":"https:\/\/mastorrencito.com\/cat\/wp-json\/wp\/v2\/media\/4009"}],"wp:attachment":[{"href":"https:\/\/mastorrencito.com\/cat\/wp-json\/wp\/v2\/media?parent=4024"}],"wp:term":[{"taxonomy":"category","embeddable":true,"href":"https:\/\/mastorrencito.com\/cat\/wp-json\/wp\/v2\/categories?post=4024"},{"taxonomy":"post_tag","embeddable":true,"href":"https:\/\/mastorrencito.com\/cat\/wp-json\/wp\/v2\/tags?post=4024"}],"curies":[{"name":"wp","href":"https:\/\/api.w.org\/{rel}","templated":true}]}}