{"id":4022,"date":"2025-04-08T05:57:24","date_gmt":"2025-04-08T05:57:24","guid":{"rendered":"https:\/\/casaruralconperrosgirona.com\/comencar-de-0-by-mastorrencito\/"},"modified":"2025-04-08T05:57:24","modified_gmt":"2025-04-08T05:57:24","slug":"comencar-de-0-by-mastorrencito","status":"publish","type":"post","link":"https:\/\/mastorrencito.com\/cat\/comencar-de-0-by-mastorrencito\/","title":{"rendered":"Comen\u00e7ar de 0&#8230; by MasTorrencito"},"content":{"rendered":"\n<hr class=\"wp-block-separator has-alpha-channel-opacity\" \/>\n\n<p><strong>MANUELA<\/strong> (mestissera de mirada s\u00e0via, panxa caiguda i orelles suaus) s&#8217;asseu al seu rac\u00f3 favorit del porxo, on el sol li escalfa just el maluc vell sense abra\u00e7ar-lo. Al seu costat, es tomben <strong>Coco<\/strong> , un chihuahua nervi\u00f3s, i <strong>Tana<\/strong> , una galga jubilada de carreres. El dia cau lent. El vent fa olor de camp, de pinso humit, de coses tranquil\u00b7les.   <\/p>\n\n<p>\u2014Us far\u00e9 una pregunta \u2014diu la Manuela, sense mirar-los\u2014. I no \u00e9s una d&#8217;aquelles de si preferiu salsitxa o pollastre. \u00c9s seriosa.  <\/p>\n\n<p>Coco aixeca el cap, alerta, com si hagu\u00e9s sentit la paraula \u00abveterinari\u00bb.<\/p>\n\n<p>\u2014Seria tipus qu\u00e8?<\/p>\n\n<p>\u2014Tipus\u2026 vosaltres deixar\u00edeu tot enrere per comen\u00e7ar de zero? \u2014pregunta la Manuela, gratant-se una orella amb parsim\u00f2nia\u2014. Em refereixo a deixar Mastorrencito, a deixar tot aix\u00f2\u2026 les mantes, les olors, els humans que ja ens coneixen, les passejades que ja tenim memoritzades\u2026 i anar-nos-en lluny. A un altre lloc. On ning\u00fa no ens conegui. On no hi hagi ning\u00fa dels nostres.     <\/p>\n<figure class=\"wp-block-post-featured-image\"><img fetchpriority=\"high\" decoding=\"async\" width=\"1920\" height=\"2560\" src=\"https:\/\/mastorrencito.com\/cat\/wp-content\/uploads\/sites\/3\/20171214_224406-scaled-1.jpg\" class=\"attachment-post-thumbnail size-post-thumbnail wp-post-image\" alt=\"\" style=\"object-fit:cover;\" srcset=\"https:\/\/mastorrencito.com\/cat\/wp-content\/uploads\/sites\/3\/20171214_224406-scaled-1.jpg 1920w, https:\/\/mastorrencito.com\/cat\/wp-content\/uploads\/sites\/3\/20171214_224406-scaled-1-225x300.jpg 225w, https:\/\/mastorrencito.com\/cat\/wp-content\/uploads\/sites\/3\/20171214_224406-scaled-1-768x1024.jpg 768w, https:\/\/mastorrencito.com\/cat\/wp-content\/uploads\/sites\/3\/20171214_224406-scaled-1-1152x1536.jpg 1152w, https:\/\/mastorrencito.com\/cat\/wp-content\/uploads\/sites\/3\/20171214_224406-scaled-1-1536x2048.jpg 1536w\" sizes=\"(max-width: 1920px) 100vw, 1920px\" \/><\/figure>\n<p>Tana arrufa el musell.<\/p>\n\n<p>\u2014I per qu\u00e8? Qui es vol anar d&#8217;aqu\u00ed? <\/p>\n\n<p>\u2014No ho s\u00e9 \u2014diu la Manuela\u2014. Vaig veure una pel\u00b7li amb MIguel. D&#8217;aquells humans que es fiquen en una c\u00e0psula i dormen cent anys. Quan desperten, estan sols, en un altre planeta. Tot el que coneixien ja no existeix.    <\/p>\n\n<p>Silenci. Nom\u00e9s se sent de lluny els cadells bordant com si el m\u00f3n fos nou i est\u00fapid cada cinc minuts.<\/p>\n\n<p>\u2014Jo no me n&#8217;aniria \u2014respon Coco, seri\u00f3s per primera vegada\u2014. Aqu\u00ed tinc el meu llitet, els meus horaris, els meus cantons. All\u00e0 qu\u00e8 hi hauria? Catifes que no fan olor a mi?   <\/p>\n\n<p>Tana assenteix.<\/p>\n\n<p>\u2014Nosaltres, les galgues, ja comencem de zero una vegada. Ens van treure de l&#8217;infern i vam venir aqu\u00ed. I s\u00ed, al principi va ser estrany. No feia olor de llar. Per\u00f2 a poc a poc ho vam fer nostre. No s\u00e9 si tindria forces per a un altre \u201czero\u201d.     <\/p>\n\n<p>Manuela els escolta, tranquil\u00b7la.<\/p>\n\n<p>\u2014Jo tampoc no crec que me n&#8217;aniria. Per\u00f2 de vegades ho penso. Perqu\u00e8 si el que tenim ens fa mal\u2026 no seria millor esborrar-ho tot? Anar-se&#8217;n, dormir cent anys, i despertar sense records.   <\/p>\n\n<p>\u2014Per\u00f2, Manu \u2014diu la Tana, amb tendresa\u2014, els records no s&#8217;esborren aix\u00ed. Ni adormida. Es queden enganxats als cabells. A l&#8217;\u00e0nima. Vagis on vagis, borren amb tu.    <\/p>\n\n<p>Manuela sospira. Recolza el musell sobre les potes davanteres. Tanca els ulls, per\u00f2 no dorm. El vent li porta l&#8217;olor de Miquel, de Mireia, del sopar que ja gaireb\u00e9 est\u00e0 a punt.   <\/p>\n\n<p>\u2014Encara que tamb\u00e9 us dic una cosa\u2026 \u2014diu de sobte, obrint un ull\u2014 si en cent anys hi ha un altre Mastorret\u2026 un altre camp obert, un altre porxo on fer-se fora, i hi ha Miguel i Mireia esperant-me amb el mateix somriure i el mateix sac de pinso\u2026 llavors s\u00ed. Em muntaria en aquesta nau. M&#8217;adormiria tranquil\u00b7la. Perqu\u00e8 Mastorrencito no \u00e9s nom\u00e9s aquest lloc. \u00c9s on siguin ells. \u00c9s llibertat. \u00c9s la joia d&#8217;existir sense demanar perm\u00eds. \u00c9s amor sense condicions.       <\/p>\n\n<p>Coco la mira, una mica emocionat. Tana mou la cua, lenta, com entenent de deb\u00f2. <\/p>\n\n<p>\u2014Aix\u00ed que si s&#8217;han de dormir cent anys i despertar-se en un altre Mastorret\u2026 que vingui la nau. Tant me fa el planeta. Mentre estigui amb la gent que vull i em vol\u2026 tota la resta em sobra.  <\/p>\n\n<p>I aix\u00ed, amb el sol baixant i el m\u00f3n olorant a calma, tots tres segueixen all\u00e0. Sense naus. Sense presses. Nom\u00e9s sabent que la llar no \u00e9s un lloc. \u00c9s un sentiment que et segueix, encara que passin cent anys.    <\/p>\n\n<hr class=\"wp-block-separator has-alpha-channel-opacity\" \/>\n\n<p><strong>Reflexi\u00f3<\/strong><\/p>\n\n<p>De vegades creiem que comen\u00e7ar de zero \u00e9s deixar-ho tot: les persones, els llocs, els records. Per\u00f2 els gossos ens ensenyen una altra cosa. Ells no carreguen amb el passat com una maleta, sin\u00f3 com una olor suau que els acompanya sense pesar. No necessiten entendre el m\u00f3n per saber si s\u00f3n estimats. Ho senten. Ho fan olor. Ho viuen.      <\/p>\n\n<p>Manuela, Coco i Tana no somien amb planetes llunyans. El seu univers cap a una manta, un raig de sol i una mirada coneguda. Per\u00f2 si la vida els port\u00e9s lluny, si un dia despertessin en un altre temps, en un altre lloc&#8230; no tindrien por, sempre que hi fos l&#8217;amor. Perqu\u00e8 <em>la llar<\/em> no \u00e9s un lloc. \u00c9s qui t?espera. Qui et cuida sense demanar res. Qui coneix les teves manies i t&#8217;estima m\u00e9s per elles.      <\/p>\n\n<p>Mastorret no \u00e9s nom\u00e9s un refugi. \u00c9s un tros de llibertat envoltat d&#8217;afecte. \u00c9s el m\u00e9s semblant que hi ha a un parad\u00eds per als que ja han patit for\u00e7a. I si el futur el reconstru\u00eds en un altre rac\u00f3 de l&#8217;univers&#8230; no importaria quan ni on. Mentre estiguin els que estimen com Miguel i Mireia, mentre hi hagi panxa plena, moixaines sinceres i camp on c\u00f3rrer\u2026 ser\u00e0 llar.    <\/p>\n\n<p>I aix\u00f2 \u2014aix\u00f2 de veritat\u2014 no es perd mai, ni que passin cent anys.<\/p>\n\n<blockquote class=\"wp-block-quote is-layout-flow wp-block-quote-is-layout-flow\">\n<p>Des de MasTorrencito et desitgem un bon dia i que els teus gossos t&#8217;acompanyin!!<\/p>\n<\/blockquote>\n\n<p>\u2014\u2013<br \/> Si vols, pot veure els nostres bons per <a href=\"https:\/\/mastorrencito.com\/\" target=\"_blank\" rel=\"noreferrer noopener\">a<\/a> <strong>caps de setmana, bons jubilats<\/strong> , a un preu incre\u00efble.. entra a <a href=\"https:\/\/www.mastorrencito.com\/\">www.mastorrencito.com<\/a> o si vols podeu llegir m\u00e9s hist\u00f2ria i an\u00e8cdotes que ens <a href=\"https:\/\/mastorrencito.com\/es\/\">han<\/a> passat a MasTorrencito\u2026 Clickea aqui\u2026<\/p>\n","protected":false},"excerpt":{"rendered":"<p>MANUELA (mestissera de mirada s\u00e0via, panxa caiguda i orelles suaus) s&#8217;asseu al seu rac\u00f3 favorit del porxo, on el sol li escalfa just el maluc vell sense abra\u00e7ar-lo. Al seu costat, es tomben Coco , un chihuahua nervi\u00f3s, i Tana , una galga jubilada de carreres. El dia cau lent. El vent fa olor de [&hellip;]<\/p>\n","protected":false},"author":2,"featured_media":4017,"comment_status":"open","ping_status":"closed","sticky":false,"template":"","format":"standard","meta":{"_acf_changed":false,"footnotes":""},"categories":[72,35],"tags":[47,55,41,42,43,56],"class_list":["post-4022","post","type-post","status-publish","format-standard","has-post-thumbnail","hentry","category-articles-dinteres","category-histories-mastorrencito","tag-gironaconmascotas","tag-turismecostabrava","tag-turismeruralcostabrava","tag-turismoconmascotas","tag-tursmeambgossos","tag-viatjar-amb-gossos"],"yoast_head":"<!-- This site is optimized with the Yoast SEO Premium plugin v27.3 (Yoast SEO v27.5) - https:\/\/yoast.com\/product\/yoast-seo-premium-wordpress\/ -->\n<title>Comen\u00e7ar de 0... by MasTorrencito - Mas Torrencito CAT<\/title>\n<meta name=\"description\" content=\"I \u00e9s que a qui no se li ha passat pel cap alguna vegada.... Comen\u00e7ar de 0... by MasTorrencito... I TU,... HO FARIES???\" \/>\n<meta name=\"robots\" content=\"index, follow, max-snippet:-1, max-image-preview:large, max-video-preview:-1\" \/>\n<link rel=\"canonical\" href=\"https:\/\/mastorrencito.com\/cat\/comencar-de-0-by-mastorrencito\/\" \/>\n<meta property=\"og:locale\" content=\"es_ES\" \/>\n<meta property=\"og:type\" content=\"article\" \/>\n<meta property=\"og:title\" content=\"Comen\u00e7ar de 0... by MasTorrencito\" \/>\n<meta property=\"og:description\" content=\"I \u00e9s que a qui no se li ha passat pel cap alguna vegada.... Comen\u00e7ar de 0... by MasTorrencito... I TU,... HO FARIES???\" \/>\n<meta property=\"og:url\" content=\"https:\/\/mastorrencito.com\/cat\/comencar-de-0-by-mastorrencito\/\" \/>\n<meta property=\"og:site_name\" content=\"Mas Torrencito CAT\" \/>\n<meta property=\"article:published_time\" content=\"2025-04-08T05:57:24+00:00\" \/>\n<meta property=\"og:image\" content=\"https:\/\/mastorrencito.com\/cat\/wp-content\/uploads\/sites\/3\/20171214_224406-scaled-1.jpg\" \/>\n\t<meta property=\"og:image:width\" content=\"1920\" \/>\n\t<meta property=\"og:image:height\" content=\"2560\" \/>\n\t<meta property=\"og:image:type\" content=\"image\/jpeg\" \/>\n<meta name=\"author\" content=\"Mastorrencito\" \/>\n<meta name=\"twitter:card\" content=\"summary_large_image\" \/>\n<meta name=\"twitter:label1\" content=\"Escrito por\" \/>\n\t<meta name=\"twitter:data1\" content=\"Mastorrencito\" \/>\n\t<meta name=\"twitter:label2\" content=\"Tiempo de lectura\" \/>\n\t<meta name=\"twitter:data2\" content=\"4 minutos\" \/>\n<script type=\"application\/ld+json\" class=\"yoast-schema-graph\">{\"@context\":\"https:\\\/\\\/schema.org\",\"@graph\":[{\"@type\":\"Article\",\"@id\":\"https:\\\/\\\/mastorrencito.com\\\/cat\\\/comencar-de-0-by-mastorrencito\\\/#article\",\"isPartOf\":{\"@id\":\"https:\\\/\\\/mastorrencito.com\\\/cat\\\/comencar-de-0-by-mastorrencito\\\/\"},\"author\":{\"name\":\"Mastorrencito\",\"@id\":\"https:\\\/\\\/mastorrencito.com\\\/#\\\/schema\\\/person\\\/18c619be80d4ae2667c702911625f790\"},\"headline\":\"Comen\u00e7ar de 0&#8230; by MasTorrencito\",\"datePublished\":\"2025-04-08T05:57:24+00:00\",\"mainEntityOfPage\":{\"@id\":\"https:\\\/\\\/mastorrencito.com\\\/cat\\\/comencar-de-0-by-mastorrencito\\\/\"},\"wordCount\":918,\"commentCount\":0,\"publisher\":{\"@id\":\"https:\\\/\\\/mastorrencito.com\\\/#organization\"},\"image\":{\"@id\":\"https:\\\/\\\/mastorrencito.com\\\/cat\\\/comencar-de-0-by-mastorrencito\\\/#primaryimage\"},\"thumbnailUrl\":\"https:\\\/\\\/mastorrencito.com\\\/cat\\\/wp-content\\\/uploads\\\/sites\\\/3\\\/20171214_224406-scaled-1.jpg\",\"keywords\":[\"Gironaconmascotas\",\"turismecostabrava\",\"Turismeruralcostabrava\",\"turismoconmascotas\",\"Tursmeambgossos\",\"viatjar amb gossos\"],\"articleSection\":[\"Articles d'Interes\",\"Hist\u00f2ries Mastorrencito\"],\"inLanguage\":\"es\",\"potentialAction\":[{\"@type\":\"CommentAction\",\"name\":\"Comment\",\"target\":[\"https:\\\/\\\/mastorrencito.com\\\/cat\\\/comencar-de-0-by-mastorrencito\\\/#respond\"]}]},{\"@type\":\"WebPage\",\"@id\":\"https:\\\/\\\/mastorrencito.com\\\/cat\\\/comencar-de-0-by-mastorrencito\\\/\",\"url\":\"https:\\\/\\\/mastorrencito.com\\\/cat\\\/comencar-de-0-by-mastorrencito\\\/\",\"name\":\"Comen\u00e7ar de 0... by MasTorrencito - Mas Torrencito CAT\",\"isPartOf\":{\"@id\":\"https:\\\/\\\/mastorrencito.com\\\/#website\"},\"primaryImageOfPage\":{\"@id\":\"https:\\\/\\\/mastorrencito.com\\\/cat\\\/comencar-de-0-by-mastorrencito\\\/#primaryimage\"},\"image\":{\"@id\":\"https:\\\/\\\/mastorrencito.com\\\/cat\\\/comencar-de-0-by-mastorrencito\\\/#primaryimage\"},\"thumbnailUrl\":\"https:\\\/\\\/mastorrencito.com\\\/cat\\\/wp-content\\\/uploads\\\/sites\\\/3\\\/20171214_224406-scaled-1.jpg\",\"datePublished\":\"2025-04-08T05:57:24+00:00\",\"description\":\"I \u00e9s que a qui no se li ha passat pel cap alguna vegada.... Comen\u00e7ar de 0... by MasTorrencito... I TU,... HO FARIES???\",\"breadcrumb\":{\"@id\":\"https:\\\/\\\/mastorrencito.com\\\/cat\\\/comencar-de-0-by-mastorrencito\\\/#breadcrumb\"},\"inLanguage\":\"es\",\"potentialAction\":[{\"@type\":\"ReadAction\",\"target\":[\"https:\\\/\\\/mastorrencito.com\\\/cat\\\/comencar-de-0-by-mastorrencito\\\/\"]}]},{\"@type\":\"ImageObject\",\"inLanguage\":\"es\",\"@id\":\"https:\\\/\\\/mastorrencito.com\\\/cat\\\/comencar-de-0-by-mastorrencito\\\/#primaryimage\",\"url\":\"https:\\\/\\\/mastorrencito.com\\\/cat\\\/wp-content\\\/uploads\\\/sites\\\/3\\\/20171214_224406-scaled-1.jpg\",\"contentUrl\":\"https:\\\/\\\/mastorrencito.com\\\/cat\\\/wp-content\\\/uploads\\\/sites\\\/3\\\/20171214_224406-scaled-1.jpg\",\"width\":1920,\"height\":2560},{\"@type\":\"BreadcrumbList\",\"@id\":\"https:\\\/\\\/mastorrencito.com\\\/cat\\\/comencar-de-0-by-mastorrencito\\\/#breadcrumb\",\"itemListElement\":[{\"@type\":\"ListItem\",\"position\":1,\"name\":\"Portada\",\"item\":\"https:\\\/\\\/mastorrencito.com\\\/\"},{\"@type\":\"ListItem\",\"position\":2,\"name\":\"Comen\u00e7ar de 0&#8230; by MasTorrencito\"}]},{\"@type\":\"WebSite\",\"@id\":\"https:\\\/\\\/mastorrencito.com\\\/#website\",\"url\":\"https:\\\/\\\/mastorrencito.com\\\/\",\"name\":\"Mas Torrencito CAT\",\"description\":\"Casa rural pet friendly en Girona\",\"publisher\":{\"@id\":\"https:\\\/\\\/mastorrencito.com\\\/#organization\"},\"potentialAction\":[{\"@type\":\"SearchAction\",\"target\":{\"@type\":\"EntryPoint\",\"urlTemplate\":\"https:\\\/\\\/mastorrencito.com\\\/?s={search_term_string}\"},\"query-input\":{\"@type\":\"PropertyValueSpecification\",\"valueRequired\":true,\"valueName\":\"search_term_string\"}}],\"inLanguage\":\"es\"},{\"@type\":\"Organization\",\"@id\":\"https:\\\/\\\/mastorrencito.com\\\/#organization\",\"name\":\"Mas Torrencito CAT\",\"url\":\"https:\\\/\\\/mastorrencito.com\\\/\",\"logo\":{\"@type\":\"ImageObject\",\"inLanguage\":\"es\",\"@id\":\"https:\\\/\\\/mastorrencito.com\\\/#\\\/schema\\\/logo\\\/image\\\/\",\"url\":\"https:\\\/\\\/mastorrencito.com\\\/cat\\\/wp-content\\\/uploads\\\/sites\\\/3\\\/Logo-Mastorrencito-horizontal.webp\",\"contentUrl\":\"https:\\\/\\\/mastorrencito.com\\\/cat\\\/wp-content\\\/uploads\\\/sites\\\/3\\\/Logo-Mastorrencito-horizontal.webp\",\"width\":161,\"height\":54,\"caption\":\"Mas Torrencito CAT\"},\"image\":{\"@id\":\"https:\\\/\\\/mastorrencito.com\\\/#\\\/schema\\\/logo\\\/image\\\/\"}},{\"@type\":\"Person\",\"@id\":\"https:\\\/\\\/mastorrencito.com\\\/#\\\/schema\\\/person\\\/18c619be80d4ae2667c702911625f790\",\"name\":\"Mastorrencito\",\"image\":{\"@type\":\"ImageObject\",\"inLanguage\":\"es\",\"@id\":\"https:\\\/\\\/secure.gravatar.com\\\/avatar\\\/3ef55e0519f987a734c21caee1423b51df7b760b7d81a38ecd31cab0a5115f6d?s=96&d=mm&r=g\",\"url\":\"https:\\\/\\\/secure.gravatar.com\\\/avatar\\\/3ef55e0519f987a734c21caee1423b51df7b760b7d81a38ecd31cab0a5115f6d?s=96&d=mm&r=g\",\"contentUrl\":\"https:\\\/\\\/secure.gravatar.com\\\/avatar\\\/3ef55e0519f987a734c21caee1423b51df7b760b7d81a38ecd31cab0a5115f6d?s=96&d=mm&r=g\",\"caption\":\"Mastorrencito\"},\"url\":\"https:\\\/\\\/mastorrencito.com\\\/cat\\\/author\\\/mastorrencito\\\/\"}]}<\/script>\n<!-- \/ Yoast SEO Premium plugin. -->","yoast_head_json":{"title":"Comen\u00e7ar de 0... by MasTorrencito - Mas Torrencito CAT","description":"I \u00e9s que a qui no se li ha passat pel cap alguna vegada.... Comen\u00e7ar de 0... by MasTorrencito... I TU,... HO FARIES???","robots":{"index":"index","follow":"follow","max-snippet":"max-snippet:-1","max-image-preview":"max-image-preview:large","max-video-preview":"max-video-preview:-1"},"canonical":"https:\/\/mastorrencito.com\/cat\/comencar-de-0-by-mastorrencito\/","og_locale":"es_ES","og_type":"article","og_title":"Comen\u00e7ar de 0... by MasTorrencito","og_description":"I \u00e9s que a qui no se li ha passat pel cap alguna vegada.... Comen\u00e7ar de 0... by MasTorrencito... I TU,... HO FARIES???","og_url":"https:\/\/mastorrencito.com\/cat\/comencar-de-0-by-mastorrencito\/","og_site_name":"Mas Torrencito CAT","article_published_time":"2025-04-08T05:57:24+00:00","og_image":[{"width":1920,"height":2560,"url":"https:\/\/mastorrencito.com\/cat\/wp-content\/uploads\/sites\/3\/20171214_224406-scaled-1.jpg","type":"image\/jpeg"}],"author":"Mastorrencito","twitter_card":"summary_large_image","twitter_misc":{"Escrito por":"Mastorrencito","Tiempo de lectura":"4 minutos"},"schema":{"@context":"https:\/\/schema.org","@graph":[{"@type":"Article","@id":"https:\/\/mastorrencito.com\/cat\/comencar-de-0-by-mastorrencito\/#article","isPartOf":{"@id":"https:\/\/mastorrencito.com\/cat\/comencar-de-0-by-mastorrencito\/"},"author":{"name":"Mastorrencito","@id":"https:\/\/mastorrencito.com\/#\/schema\/person\/18c619be80d4ae2667c702911625f790"},"headline":"Comen\u00e7ar de 0&#8230; by MasTorrencito","datePublished":"2025-04-08T05:57:24+00:00","mainEntityOfPage":{"@id":"https:\/\/mastorrencito.com\/cat\/comencar-de-0-by-mastorrencito\/"},"wordCount":918,"commentCount":0,"publisher":{"@id":"https:\/\/mastorrencito.com\/#organization"},"image":{"@id":"https:\/\/mastorrencito.com\/cat\/comencar-de-0-by-mastorrencito\/#primaryimage"},"thumbnailUrl":"https:\/\/mastorrencito.com\/cat\/wp-content\/uploads\/sites\/3\/20171214_224406-scaled-1.jpg","keywords":["Gironaconmascotas","turismecostabrava","Turismeruralcostabrava","turismoconmascotas","Tursmeambgossos","viatjar amb gossos"],"articleSection":["Articles d'Interes","Hist\u00f2ries Mastorrencito"],"inLanguage":"es","potentialAction":[{"@type":"CommentAction","name":"Comment","target":["https:\/\/mastorrencito.com\/cat\/comencar-de-0-by-mastorrencito\/#respond"]}]},{"@type":"WebPage","@id":"https:\/\/mastorrencito.com\/cat\/comencar-de-0-by-mastorrencito\/","url":"https:\/\/mastorrencito.com\/cat\/comencar-de-0-by-mastorrencito\/","name":"Comen\u00e7ar de 0... by MasTorrencito - Mas Torrencito CAT","isPartOf":{"@id":"https:\/\/mastorrencito.com\/#website"},"primaryImageOfPage":{"@id":"https:\/\/mastorrencito.com\/cat\/comencar-de-0-by-mastorrencito\/#primaryimage"},"image":{"@id":"https:\/\/mastorrencito.com\/cat\/comencar-de-0-by-mastorrencito\/#primaryimage"},"thumbnailUrl":"https:\/\/mastorrencito.com\/cat\/wp-content\/uploads\/sites\/3\/20171214_224406-scaled-1.jpg","datePublished":"2025-04-08T05:57:24+00:00","description":"I \u00e9s que a qui no se li ha passat pel cap alguna vegada.... Comen\u00e7ar de 0... by MasTorrencito... I TU,... HO FARIES???","breadcrumb":{"@id":"https:\/\/mastorrencito.com\/cat\/comencar-de-0-by-mastorrencito\/#breadcrumb"},"inLanguage":"es","potentialAction":[{"@type":"ReadAction","target":["https:\/\/mastorrencito.com\/cat\/comencar-de-0-by-mastorrencito\/"]}]},{"@type":"ImageObject","inLanguage":"es","@id":"https:\/\/mastorrencito.com\/cat\/comencar-de-0-by-mastorrencito\/#primaryimage","url":"https:\/\/mastorrencito.com\/cat\/wp-content\/uploads\/sites\/3\/20171214_224406-scaled-1.jpg","contentUrl":"https:\/\/mastorrencito.com\/cat\/wp-content\/uploads\/sites\/3\/20171214_224406-scaled-1.jpg","width":1920,"height":2560},{"@type":"BreadcrumbList","@id":"https:\/\/mastorrencito.com\/cat\/comencar-de-0-by-mastorrencito\/#breadcrumb","itemListElement":[{"@type":"ListItem","position":1,"name":"Portada","item":"https:\/\/mastorrencito.com\/"},{"@type":"ListItem","position":2,"name":"Comen\u00e7ar de 0&#8230; by MasTorrencito"}]},{"@type":"WebSite","@id":"https:\/\/mastorrencito.com\/#website","url":"https:\/\/mastorrencito.com\/","name":"Mas Torrencito CAT","description":"Casa rural pet friendly en Girona","publisher":{"@id":"https:\/\/mastorrencito.com\/#organization"},"potentialAction":[{"@type":"SearchAction","target":{"@type":"EntryPoint","urlTemplate":"https:\/\/mastorrencito.com\/?s={search_term_string}"},"query-input":{"@type":"PropertyValueSpecification","valueRequired":true,"valueName":"search_term_string"}}],"inLanguage":"es"},{"@type":"Organization","@id":"https:\/\/mastorrencito.com\/#organization","name":"Mas Torrencito CAT","url":"https:\/\/mastorrencito.com\/","logo":{"@type":"ImageObject","inLanguage":"es","@id":"https:\/\/mastorrencito.com\/#\/schema\/logo\/image\/","url":"https:\/\/mastorrencito.com\/cat\/wp-content\/uploads\/sites\/3\/Logo-Mastorrencito-horizontal.webp","contentUrl":"https:\/\/mastorrencito.com\/cat\/wp-content\/uploads\/sites\/3\/Logo-Mastorrencito-horizontal.webp","width":161,"height":54,"caption":"Mas Torrencito CAT"},"image":{"@id":"https:\/\/mastorrencito.com\/#\/schema\/logo\/image\/"}},{"@type":"Person","@id":"https:\/\/mastorrencito.com\/#\/schema\/person\/18c619be80d4ae2667c702911625f790","name":"Mastorrencito","image":{"@type":"ImageObject","inLanguage":"es","@id":"https:\/\/secure.gravatar.com\/avatar\/3ef55e0519f987a734c21caee1423b51df7b760b7d81a38ecd31cab0a5115f6d?s=96&d=mm&r=g","url":"https:\/\/secure.gravatar.com\/avatar\/3ef55e0519f987a734c21caee1423b51df7b760b7d81a38ecd31cab0a5115f6d?s=96&d=mm&r=g","contentUrl":"https:\/\/secure.gravatar.com\/avatar\/3ef55e0519f987a734c21caee1423b51df7b760b7d81a38ecd31cab0a5115f6d?s=96&d=mm&r=g","caption":"Mastorrencito"},"url":"https:\/\/mastorrencito.com\/cat\/author\/mastorrencito\/"}]}},"acf":[],"_links":{"self":[{"href":"https:\/\/mastorrencito.com\/cat\/wp-json\/wp\/v2\/posts\/4022","targetHints":{"allow":["GET"]}}],"collection":[{"href":"https:\/\/mastorrencito.com\/cat\/wp-json\/wp\/v2\/posts"}],"about":[{"href":"https:\/\/mastorrencito.com\/cat\/wp-json\/wp\/v2\/types\/post"}],"author":[{"embeddable":true,"href":"https:\/\/mastorrencito.com\/cat\/wp-json\/wp\/v2\/users\/2"}],"replies":[{"embeddable":true,"href":"https:\/\/mastorrencito.com\/cat\/wp-json\/wp\/v2\/comments?post=4022"}],"version-history":[{"count":0,"href":"https:\/\/mastorrencito.com\/cat\/wp-json\/wp\/v2\/posts\/4022\/revisions"}],"wp:featuredmedia":[{"embeddable":true,"href":"https:\/\/mastorrencito.com\/cat\/wp-json\/wp\/v2\/media\/4017"}],"wp:attachment":[{"href":"https:\/\/mastorrencito.com\/cat\/wp-json\/wp\/v2\/media?parent=4022"}],"wp:term":[{"taxonomy":"category","embeddable":true,"href":"https:\/\/mastorrencito.com\/cat\/wp-json\/wp\/v2\/categories?post=4022"},{"taxonomy":"post_tag","embeddable":true,"href":"https:\/\/mastorrencito.com\/cat\/wp-json\/wp\/v2\/tags?post=4022"}],"curies":[{"name":"wp","href":"https:\/\/api.w.org\/{rel}","templated":true}]}}