{"id":3999,"date":"2025-04-05T05:19:33","date_gmt":"2025-04-05T05:19:33","guid":{"rendered":"https:\/\/casaruralconperrosgirona.com\/els-les-amics-amigues-by-mastorrencito\/"},"modified":"2025-04-05T05:19:33","modified_gmt":"2025-04-05T05:19:33","slug":"els-les-amics-amigues-by-mastorrencito","status":"publish","type":"post","link":"https:\/\/mastorrencito.com\/cat\/els-les-amics-amigues-by-mastorrencito\/","title":{"rendered":"Els\/les amics\/amigues by MasTorrencito"},"content":{"rendered":"\n<p>Ah\u2026 aquesta paraula que es fa servir amb tanta lleugeresa. \u201cAmic\u201d es diu massa f\u00e0cil avui dia, com si no signifiqu\u00e9s res. Es diu amic el company de feina, el conegut de sempre, fins i tot alg\u00fa amb qui amb prou feines has compartit una xerrada. Per\u00f2 aix\u00f2 no \u00e9s amistat. \u00c9s simplement conviv\u00e8ncia o simpatia circumstancial.    <\/p>\n\n<p>La veritable amistat no \u00e9s una cosa que vingui donat, com la fam\u00edlia. A la fam\u00edlia no la tries, et toca. Per\u00f2 als amics s\u00ed. Per aix\u00f2 encara tenen m\u00e9s valor. Perqu\u00e8 els tries i ells t&#8217;escullen a tu. I, com tot all\u00f2 valu\u00f3s, l&#8217;amistat cal cuidar-la, alimentar-la, protegir-la\u2026 o tamb\u00e9, arribat el moment, deixar-la anar.     <\/p>\n\n<p>Un amic no \u00e9s qui est\u00e0 sol als bons moments. No \u00e9s qui riu les gr\u00e0cies ni t&#8217;acompanya de festa. Un amic, de deb\u00f2, \u00e9s qui es queda quan tot va malament. Qui t&#8217;aguanta quan est\u00e0s insuportable. Qui et diu all\u00f2 que no vols sentir, per\u00f2 ho fa perqu\u00e8 li importes. Qui no necessita estar cada dia, per\u00f2 hi \u00e9s quan realment cal.     <\/p>\n<figure class=\"wp-block-post-featured-image\"><img fetchpriority=\"high\" decoding=\"async\" width=\"1024\" height=\"1024\" src=\"https:\/\/mastorrencito.com\/cat\/wp-content\/uploads\/sites\/3\/amistad.jpg\" class=\"attachment-post-thumbnail size-post-thumbnail wp-post-image\" alt=\"amist\u00e1d... que palabra y que mal se usa... by MasTorrencito\" style=\"object-fit:cover;\" srcset=\"https:\/\/mastorrencito.com\/cat\/wp-content\/uploads\/sites\/3\/amistad.jpg 1024w, https:\/\/mastorrencito.com\/cat\/wp-content\/uploads\/sites\/3\/amistad-300x300.jpg 300w, https:\/\/mastorrencito.com\/cat\/wp-content\/uploads\/sites\/3\/amistad-150x150.jpg 150w, https:\/\/mastorrencito.com\/cat\/wp-content\/uploads\/sites\/3\/amistad-768x768.jpg 768w\" sizes=\"(max-width: 1024px) 100vw, 1024px\" \/><\/figure>\n<p><\/p>\n\n<p>Per mi, l&#8217;amistat s&#8217;assembla molt a la fidelitat d&#8217;un gos cap a l&#8217;amo. I tots sabem que no hi ha lleialtat m\u00e9s neta que aquesta. Un gos no us demana explicacions. No et guarda ranc\u00fania. No t&#8217;exigeix \u200b\u200bres a canvi de l&#8217;afecte. Et segueix, t&#8217;espera, et cuida. Encara que li fallis. Encara que no estigueu a l&#8217;al\u00e7ada. El seu amor \u00e9s incondicional, i aix\u00f2 \u00e9s el que ens commou m\u00e9s.        <\/p>\n\n<p>Aquesta \u00e9s l?ess\u00e8ncia de la veritable amistat: estar sense condicions, voler sense reserves, acompanyar sense segones intencions. Per\u00f2 no tothom sap valorar aix\u00f2. N&#8217;hi ha que ho confonen amb depend\u00e8ncia, amb costum, o simplement ho donen per fet. I quan no es cuida, es trenca.   <\/p>\n\n<p>Amb el temps, hom apr\u00e8n a distingir. A separar els coneguts dels veritables amics. I, normalment, aquests veritables compten amb els dits d&#8217;una m\u00e0\u2026 i sobren dits. Perqu\u00e8 no es tracta de quantitat, sin\u00f3 de qualitat. I els que valen, valen or.    <\/p>\n\n<p>L&#8217;amistat no es mant\u00e9 sola. Requereix cura, paci\u00e8ncia, sinceritat i respecte. Per\u00f2 tamb\u00e9 requereix llibertat. Saber estar sense envair. Saber marxar sense desapar\u00e8ixer. Saber tornar sense retrets.     <\/p>\n\n<p>Jo no necessito gaires amics. Per\u00f2 els pocs que tinc els cuido com es cuida all\u00f2 que no t\u00e9 preu. Perqu\u00e8 s\u00e9 que, si un dia tot s&#8217;ensorra, hi seran. En silenci, al meu costat, com aquell gos fidel que no necessita paraules per demostrar-te que no est\u00e0s sol.   <\/p>\n\n<p>Aix\u00f2, per mi, \u00e9s l?amistat.<\/p>\n\n<hr class=\"wp-block-separator has-alpha-channel-opacity\" \/>\n\n<h2 class=\"wp-block-heading\">Reflexi\u00f3&#8230; Quina amistat hi ha m\u00e9s pura que la d&#8217;un gos cap al seu amo? <\/h2>\n\n<h6 class=\"wp-block-heading\">Bona pregunta. I no \u00e9s nom\u00e9s ret\u00f2rica. Si ho penses b\u00e9, poques amistats s&#8217;acosten a aquest nivell de puresa.  <\/h6>\n\n<p>Un gos no et jutja. No et mesura per all\u00f2 que tens, ni per all\u00f2 que aconsegueixes. No espera que siguis perfecte. No et guarda ranc\u00fania si un dia est\u00e0s de mal humor. Hi \u00e9s, simplement hi \u00e9s. Alegre quan est\u00e0s b\u00e9, tranquil quan est\u00e0s malament, i sempre disposat a acompanyar-te encara que no entengui del tot qu\u00e8 et passa.     <\/p>\n\n<p>L\u00b4amistat d\u00b4un gos no necessita paraules. No necessita cap explicaci\u00f3. No necessita demostracions p\u00fabliques ni likes. \u00c9s lleialtat callada, di\u00e0ria, constant. I aix\u00f2, en un m\u00f3n on tot sembla tenir condicions, cl\u00e0usules i recompenses, \u00e9s extraordinari.    <\/p>\n\n<p>Potser per aix\u00f2 ens fa tant de mal perdre un gos. Perqu\u00e8 ens adonem que la seva manera de voler-nos era la m\u00e9s sincera que vam con\u00e8ixer. <\/p>\n\n<p><strong>AQUI US DEIXO DIVERSES FRASES QUE SI HO DIUEN TOT:<\/strong><\/p>\n\n<p>Qui abandona un gos no ent\u00e9n qu\u00e8 \u00e9s la lleialtat.<\/p>\n\n<p>Si deixa enrere el gos, qu\u00e8 no deixar\u00e0 enrere?<\/p>\n\n<p>Una persona que traeix un gos no pot ser un veritable amic.<\/p>\n\n<p>Qui \u00e9s capa\u00e7 de deixar anar el seu gos&#8230; alguna cosa amaga.<\/p>\n\n<p>L&#8217;amistat es demostra en all\u00f2 m\u00e9s simple: si no cuida el seu gos, no cuidar\u00e0 ning\u00fa.<\/p>\n\n<p>Si se separa i deixa de veure el gos, el problema no \u00e9s la dist\u00e0ncia, \u00e9s el cor.<\/p>\n\n<p>El qui abandona qui l&#8217;estima sense condicions no sap voler.<\/p>\n\n<p>Si no \u00e9s fidel al seu gos, a qui ho ser\u00e0?<\/p>\n\n<p>Un gos et seguiria fins al final&#8230; no tothom mereix aquest tipus d&#8217;amor.<\/p>\n\n<p>Qui no sap qu\u00e8 val un gos, dif\u00edcilment sabr\u00e0 valorar una persona.<\/p>\n\n<hr class=\"wp-block-separator has-alpha-channel-opacity\" \/>\n\n<blockquote class=\"wp-block-quote is-layout-flow wp-block-quote-is-layout-flow\">\n<p>Des de MasTorrencito et desitgem un bon dia i que els teus gossos t&#8217;acompanyin!!<\/p>\n<\/blockquote>\n\n<p>\u2014\u2013<br \/> Si vols, pot <a href=\"https:\/\/mastorrencito.com\/es\/\">veure<\/a> els nostres bons <a href=\"https:\/\/mastorrencito.com\/\" target=\"_blank\" rel=\"noreferrer noopener\">per<\/a> <a href=\"https:\/\/www.mastorrencito.com\/\">a<\/a> <strong>caps de setmana, bons jubilats<\/strong> , a un preu incre\u00efble.<\/p>\n\n<p><\/p>\n","protected":false},"excerpt":{"rendered":"<p>Ah\u2026 aquesta paraula que es fa servir amb tanta lleugeresa. \u201cAmic\u201d es diu massa f\u00e0cil avui dia, com si no signifiqu\u00e9s res. Es diu amic el company de feina, el conegut de sempre, fins i tot alg\u00fa amb qui amb prou feines has compartit una xerrada. Per\u00f2 aix\u00f2 no \u00e9s amistat. \u00c9s simplement conviv\u00e8ncia o [&hellip;]<\/p>\n","protected":false},"author":2,"featured_media":3995,"comment_status":"open","ping_status":"closed","sticky":false,"template":"","format":"standard","meta":{"_acf_changed":false,"footnotes":""},"categories":[35],"tags":[55,42,49,43,56],"class_list":["post-3999","post","type-post","status-publish","format-standard","has-post-thumbnail","hentry","category-histories-mastorrencito","tag-turismecostabrava","tag-turismoconmascotas","tag-turismoruralconperros","tag-tursmeambgossos","tag-viatjar-amb-gossos"],"yoast_head":"<!-- This site is optimized with the Yoast SEO Premium plugin v27.3 (Yoast SEO v27.5) - https:\/\/yoast.com\/product\/yoast-seo-premium-wordpress\/ -->\n<title>Els\/les amics\/amigues by MasTorrencito - Mas Torrencito CAT<\/title>\n<meta name=\"description\" content=\"Ayyy quina paraula que es diu amb tanta alegria i despreocupaci\u00f3 i pot significar TAN POC.... Els\/les amics\/amigues by MasTorrencito\" \/>\n<meta name=\"robots\" content=\"index, follow, max-snippet:-1, max-image-preview:large, max-video-preview:-1\" \/>\n<link rel=\"canonical\" href=\"https:\/\/mastorrencito.com\/cat\/els-les-amics-amigues-by-mastorrencito\/\" \/>\n<meta property=\"og:locale\" content=\"es_ES\" \/>\n<meta property=\"og:type\" content=\"article\" \/>\n<meta property=\"og:title\" content=\"Els\/les amics\/amigues by MasTorrencito\" \/>\n<meta property=\"og:description\" content=\"Ayyy quina paraula que es diu amb tanta alegria i despreocupaci\u00f3 i pot significar TAN POC.... Els\/les amics\/amigues by MasTorrencito\" \/>\n<meta property=\"og:url\" content=\"https:\/\/mastorrencito.com\/cat\/els-les-amics-amigues-by-mastorrencito\/\" \/>\n<meta property=\"og:site_name\" content=\"Mas Torrencito CAT\" \/>\n<meta property=\"article:published_time\" content=\"2025-04-05T05:19:33+00:00\" \/>\n<meta property=\"og:image\" content=\"https:\/\/mastorrencito.com\/cat\/wp-content\/uploads\/sites\/3\/amistad.jpg\" \/>\n\t<meta property=\"og:image:width\" content=\"1024\" \/>\n\t<meta property=\"og:image:height\" content=\"1024\" \/>\n\t<meta property=\"og:image:type\" content=\"image\/jpeg\" \/>\n<meta name=\"author\" content=\"Mastorrencito\" \/>\n<meta name=\"twitter:card\" content=\"summary_large_image\" \/>\n<meta name=\"twitter:label1\" content=\"Escrito por\" \/>\n\t<meta name=\"twitter:data1\" content=\"Mastorrencito\" \/>\n\t<meta name=\"twitter:label2\" content=\"Tiempo de lectura\" \/>\n\t<meta name=\"twitter:data2\" content=\"4 minutos\" \/>\n<script type=\"application\/ld+json\" class=\"yoast-schema-graph\">{\"@context\":\"https:\\\/\\\/schema.org\",\"@graph\":[{\"@type\":\"Article\",\"@id\":\"https:\\\/\\\/mastorrencito.com\\\/cat\\\/els-les-amics-amigues-by-mastorrencito\\\/#article\",\"isPartOf\":{\"@id\":\"https:\\\/\\\/mastorrencito.com\\\/cat\\\/els-les-amics-amigues-by-mastorrencito\\\/\"},\"author\":{\"name\":\"Mastorrencito\",\"@id\":\"https:\\\/\\\/mastorrencito.com\\\/#\\\/schema\\\/person\\\/18c619be80d4ae2667c702911625f790\"},\"headline\":\"Els\\\/les amics\\\/amigues by MasTorrencito\",\"datePublished\":\"2025-04-05T05:19:33+00:00\",\"mainEntityOfPage\":{\"@id\":\"https:\\\/\\\/mastorrencito.com\\\/cat\\\/els-les-amics-amigues-by-mastorrencito\\\/\"},\"wordCount\":805,\"commentCount\":0,\"publisher\":{\"@id\":\"https:\\\/\\\/mastorrencito.com\\\/#organization\"},\"image\":{\"@id\":\"https:\\\/\\\/mastorrencito.com\\\/cat\\\/els-les-amics-amigues-by-mastorrencito\\\/#primaryimage\"},\"thumbnailUrl\":\"https:\\\/\\\/mastorrencito.com\\\/cat\\\/wp-content\\\/uploads\\\/sites\\\/3\\\/amistad.jpg\",\"keywords\":[\"turismecostabrava\",\"turismoconmascotas\",\"Turismoruralconperros\",\"Tursmeambgossos\",\"viatjar amb gossos\"],\"articleSection\":[\"Hist\u00f2ries Mastorrencito\"],\"inLanguage\":\"es\",\"potentialAction\":[{\"@type\":\"CommentAction\",\"name\":\"Comment\",\"target\":[\"https:\\\/\\\/mastorrencito.com\\\/cat\\\/els-les-amics-amigues-by-mastorrencito\\\/#respond\"]}]},{\"@type\":\"WebPage\",\"@id\":\"https:\\\/\\\/mastorrencito.com\\\/cat\\\/els-les-amics-amigues-by-mastorrencito\\\/\",\"url\":\"https:\\\/\\\/mastorrencito.com\\\/cat\\\/els-les-amics-amigues-by-mastorrencito\\\/\",\"name\":\"Els\\\/les amics\\\/amigues by MasTorrencito - Mas Torrencito CAT\",\"isPartOf\":{\"@id\":\"https:\\\/\\\/mastorrencito.com\\\/#website\"},\"primaryImageOfPage\":{\"@id\":\"https:\\\/\\\/mastorrencito.com\\\/cat\\\/els-les-amics-amigues-by-mastorrencito\\\/#primaryimage\"},\"image\":{\"@id\":\"https:\\\/\\\/mastorrencito.com\\\/cat\\\/els-les-amics-amigues-by-mastorrencito\\\/#primaryimage\"},\"thumbnailUrl\":\"https:\\\/\\\/mastorrencito.com\\\/cat\\\/wp-content\\\/uploads\\\/sites\\\/3\\\/amistad.jpg\",\"datePublished\":\"2025-04-05T05:19:33+00:00\",\"description\":\"Ayyy quina paraula que es diu amb tanta alegria i despreocupaci\u00f3 i pot significar TAN POC.... Els\\\/les amics\\\/amigues by MasTorrencito\",\"breadcrumb\":{\"@id\":\"https:\\\/\\\/mastorrencito.com\\\/cat\\\/els-les-amics-amigues-by-mastorrencito\\\/#breadcrumb\"},\"inLanguage\":\"es\",\"potentialAction\":[{\"@type\":\"ReadAction\",\"target\":[\"https:\\\/\\\/mastorrencito.com\\\/cat\\\/els-les-amics-amigues-by-mastorrencito\\\/\"]}]},{\"@type\":\"ImageObject\",\"inLanguage\":\"es\",\"@id\":\"https:\\\/\\\/mastorrencito.com\\\/cat\\\/els-les-amics-amigues-by-mastorrencito\\\/#primaryimage\",\"url\":\"https:\\\/\\\/mastorrencito.com\\\/cat\\\/wp-content\\\/uploads\\\/sites\\\/3\\\/amistad.jpg\",\"contentUrl\":\"https:\\\/\\\/mastorrencito.com\\\/cat\\\/wp-content\\\/uploads\\\/sites\\\/3\\\/amistad.jpg\",\"width\":1024,\"height\":1024,\"caption\":\"amist\u00e1d... que palabra y que mal se usa... by MasTorrencito\"},{\"@type\":\"BreadcrumbList\",\"@id\":\"https:\\\/\\\/mastorrencito.com\\\/cat\\\/els-les-amics-amigues-by-mastorrencito\\\/#breadcrumb\",\"itemListElement\":[{\"@type\":\"ListItem\",\"position\":1,\"name\":\"Portada\",\"item\":\"https:\\\/\\\/mastorrencito.com\\\/\"},{\"@type\":\"ListItem\",\"position\":2,\"name\":\"Els\\\/les amics\\\/amigues by MasTorrencito\"}]},{\"@type\":\"WebSite\",\"@id\":\"https:\\\/\\\/mastorrencito.com\\\/#website\",\"url\":\"https:\\\/\\\/mastorrencito.com\\\/\",\"name\":\"Mas Torrencito CAT\",\"description\":\"Casa rural pet friendly en Girona\",\"publisher\":{\"@id\":\"https:\\\/\\\/mastorrencito.com\\\/#organization\"},\"potentialAction\":[{\"@type\":\"SearchAction\",\"target\":{\"@type\":\"EntryPoint\",\"urlTemplate\":\"https:\\\/\\\/mastorrencito.com\\\/?s={search_term_string}\"},\"query-input\":{\"@type\":\"PropertyValueSpecification\",\"valueRequired\":true,\"valueName\":\"search_term_string\"}}],\"inLanguage\":\"es\"},{\"@type\":\"Organization\",\"@id\":\"https:\\\/\\\/mastorrencito.com\\\/#organization\",\"name\":\"Mas Torrencito CAT\",\"url\":\"https:\\\/\\\/mastorrencito.com\\\/\",\"logo\":{\"@type\":\"ImageObject\",\"inLanguage\":\"es\",\"@id\":\"https:\\\/\\\/mastorrencito.com\\\/#\\\/schema\\\/logo\\\/image\\\/\",\"url\":\"https:\\\/\\\/mastorrencito.com\\\/cat\\\/wp-content\\\/uploads\\\/sites\\\/3\\\/Logo-Mastorrencito-horizontal.webp\",\"contentUrl\":\"https:\\\/\\\/mastorrencito.com\\\/cat\\\/wp-content\\\/uploads\\\/sites\\\/3\\\/Logo-Mastorrencito-horizontal.webp\",\"width\":161,\"height\":54,\"caption\":\"Mas Torrencito CAT\"},\"image\":{\"@id\":\"https:\\\/\\\/mastorrencito.com\\\/#\\\/schema\\\/logo\\\/image\\\/\"}},{\"@type\":\"Person\",\"@id\":\"https:\\\/\\\/mastorrencito.com\\\/#\\\/schema\\\/person\\\/18c619be80d4ae2667c702911625f790\",\"name\":\"Mastorrencito\",\"image\":{\"@type\":\"ImageObject\",\"inLanguage\":\"es\",\"@id\":\"https:\\\/\\\/secure.gravatar.com\\\/avatar\\\/3ef55e0519f987a734c21caee1423b51df7b760b7d81a38ecd31cab0a5115f6d?s=96&d=mm&r=g\",\"url\":\"https:\\\/\\\/secure.gravatar.com\\\/avatar\\\/3ef55e0519f987a734c21caee1423b51df7b760b7d81a38ecd31cab0a5115f6d?s=96&d=mm&r=g\",\"contentUrl\":\"https:\\\/\\\/secure.gravatar.com\\\/avatar\\\/3ef55e0519f987a734c21caee1423b51df7b760b7d81a38ecd31cab0a5115f6d?s=96&d=mm&r=g\",\"caption\":\"Mastorrencito\"},\"url\":\"https:\\\/\\\/mastorrencito.com\\\/cat\\\/author\\\/mastorrencito\\\/\"}]}<\/script>\n<!-- \/ Yoast SEO Premium plugin. -->","yoast_head_json":{"title":"Els\/les amics\/amigues by MasTorrencito - Mas Torrencito CAT","description":"Ayyy quina paraula que es diu amb tanta alegria i despreocupaci\u00f3 i pot significar TAN POC.... Els\/les amics\/amigues by MasTorrencito","robots":{"index":"index","follow":"follow","max-snippet":"max-snippet:-1","max-image-preview":"max-image-preview:large","max-video-preview":"max-video-preview:-1"},"canonical":"https:\/\/mastorrencito.com\/cat\/els-les-amics-amigues-by-mastorrencito\/","og_locale":"es_ES","og_type":"article","og_title":"Els\/les amics\/amigues by MasTorrencito","og_description":"Ayyy quina paraula que es diu amb tanta alegria i despreocupaci\u00f3 i pot significar TAN POC.... Els\/les amics\/amigues by MasTorrencito","og_url":"https:\/\/mastorrencito.com\/cat\/els-les-amics-amigues-by-mastorrencito\/","og_site_name":"Mas Torrencito CAT","article_published_time":"2025-04-05T05:19:33+00:00","og_image":[{"width":1024,"height":1024,"url":"https:\/\/mastorrencito.com\/cat\/wp-content\/uploads\/sites\/3\/amistad.jpg","type":"image\/jpeg"}],"author":"Mastorrencito","twitter_card":"summary_large_image","twitter_misc":{"Escrito por":"Mastorrencito","Tiempo de lectura":"4 minutos"},"schema":{"@context":"https:\/\/schema.org","@graph":[{"@type":"Article","@id":"https:\/\/mastorrencito.com\/cat\/els-les-amics-amigues-by-mastorrencito\/#article","isPartOf":{"@id":"https:\/\/mastorrencito.com\/cat\/els-les-amics-amigues-by-mastorrencito\/"},"author":{"name":"Mastorrencito","@id":"https:\/\/mastorrencito.com\/#\/schema\/person\/18c619be80d4ae2667c702911625f790"},"headline":"Els\/les amics\/amigues by MasTorrencito","datePublished":"2025-04-05T05:19:33+00:00","mainEntityOfPage":{"@id":"https:\/\/mastorrencito.com\/cat\/els-les-amics-amigues-by-mastorrencito\/"},"wordCount":805,"commentCount":0,"publisher":{"@id":"https:\/\/mastorrencito.com\/#organization"},"image":{"@id":"https:\/\/mastorrencito.com\/cat\/els-les-amics-amigues-by-mastorrencito\/#primaryimage"},"thumbnailUrl":"https:\/\/mastorrencito.com\/cat\/wp-content\/uploads\/sites\/3\/amistad.jpg","keywords":["turismecostabrava","turismoconmascotas","Turismoruralconperros","Tursmeambgossos","viatjar amb gossos"],"articleSection":["Hist\u00f2ries Mastorrencito"],"inLanguage":"es","potentialAction":[{"@type":"CommentAction","name":"Comment","target":["https:\/\/mastorrencito.com\/cat\/els-les-amics-amigues-by-mastorrencito\/#respond"]}]},{"@type":"WebPage","@id":"https:\/\/mastorrencito.com\/cat\/els-les-amics-amigues-by-mastorrencito\/","url":"https:\/\/mastorrencito.com\/cat\/els-les-amics-amigues-by-mastorrencito\/","name":"Els\/les amics\/amigues by MasTorrencito - Mas Torrencito CAT","isPartOf":{"@id":"https:\/\/mastorrencito.com\/#website"},"primaryImageOfPage":{"@id":"https:\/\/mastorrencito.com\/cat\/els-les-amics-amigues-by-mastorrencito\/#primaryimage"},"image":{"@id":"https:\/\/mastorrencito.com\/cat\/els-les-amics-amigues-by-mastorrencito\/#primaryimage"},"thumbnailUrl":"https:\/\/mastorrencito.com\/cat\/wp-content\/uploads\/sites\/3\/amistad.jpg","datePublished":"2025-04-05T05:19:33+00:00","description":"Ayyy quina paraula que es diu amb tanta alegria i despreocupaci\u00f3 i pot significar TAN POC.... Els\/les amics\/amigues by MasTorrencito","breadcrumb":{"@id":"https:\/\/mastorrencito.com\/cat\/els-les-amics-amigues-by-mastorrencito\/#breadcrumb"},"inLanguage":"es","potentialAction":[{"@type":"ReadAction","target":["https:\/\/mastorrencito.com\/cat\/els-les-amics-amigues-by-mastorrencito\/"]}]},{"@type":"ImageObject","inLanguage":"es","@id":"https:\/\/mastorrencito.com\/cat\/els-les-amics-amigues-by-mastorrencito\/#primaryimage","url":"https:\/\/mastorrencito.com\/cat\/wp-content\/uploads\/sites\/3\/amistad.jpg","contentUrl":"https:\/\/mastorrencito.com\/cat\/wp-content\/uploads\/sites\/3\/amistad.jpg","width":1024,"height":1024,"caption":"amist\u00e1d... que palabra y que mal se usa... by MasTorrencito"},{"@type":"BreadcrumbList","@id":"https:\/\/mastorrencito.com\/cat\/els-les-amics-amigues-by-mastorrencito\/#breadcrumb","itemListElement":[{"@type":"ListItem","position":1,"name":"Portada","item":"https:\/\/mastorrencito.com\/"},{"@type":"ListItem","position":2,"name":"Els\/les amics\/amigues by MasTorrencito"}]},{"@type":"WebSite","@id":"https:\/\/mastorrencito.com\/#website","url":"https:\/\/mastorrencito.com\/","name":"Mas Torrencito CAT","description":"Casa rural pet friendly en Girona","publisher":{"@id":"https:\/\/mastorrencito.com\/#organization"},"potentialAction":[{"@type":"SearchAction","target":{"@type":"EntryPoint","urlTemplate":"https:\/\/mastorrencito.com\/?s={search_term_string}"},"query-input":{"@type":"PropertyValueSpecification","valueRequired":true,"valueName":"search_term_string"}}],"inLanguage":"es"},{"@type":"Organization","@id":"https:\/\/mastorrencito.com\/#organization","name":"Mas Torrencito CAT","url":"https:\/\/mastorrencito.com\/","logo":{"@type":"ImageObject","inLanguage":"es","@id":"https:\/\/mastorrencito.com\/#\/schema\/logo\/image\/","url":"https:\/\/mastorrencito.com\/cat\/wp-content\/uploads\/sites\/3\/Logo-Mastorrencito-horizontal.webp","contentUrl":"https:\/\/mastorrencito.com\/cat\/wp-content\/uploads\/sites\/3\/Logo-Mastorrencito-horizontal.webp","width":161,"height":54,"caption":"Mas Torrencito CAT"},"image":{"@id":"https:\/\/mastorrencito.com\/#\/schema\/logo\/image\/"}},{"@type":"Person","@id":"https:\/\/mastorrencito.com\/#\/schema\/person\/18c619be80d4ae2667c702911625f790","name":"Mastorrencito","image":{"@type":"ImageObject","inLanguage":"es","@id":"https:\/\/secure.gravatar.com\/avatar\/3ef55e0519f987a734c21caee1423b51df7b760b7d81a38ecd31cab0a5115f6d?s=96&d=mm&r=g","url":"https:\/\/secure.gravatar.com\/avatar\/3ef55e0519f987a734c21caee1423b51df7b760b7d81a38ecd31cab0a5115f6d?s=96&d=mm&r=g","contentUrl":"https:\/\/secure.gravatar.com\/avatar\/3ef55e0519f987a734c21caee1423b51df7b760b7d81a38ecd31cab0a5115f6d?s=96&d=mm&r=g","caption":"Mastorrencito"},"url":"https:\/\/mastorrencito.com\/cat\/author\/mastorrencito\/"}]}},"acf":[],"_links":{"self":[{"href":"https:\/\/mastorrencito.com\/cat\/wp-json\/wp\/v2\/posts\/3999","targetHints":{"allow":["GET"]}}],"collection":[{"href":"https:\/\/mastorrencito.com\/cat\/wp-json\/wp\/v2\/posts"}],"about":[{"href":"https:\/\/mastorrencito.com\/cat\/wp-json\/wp\/v2\/types\/post"}],"author":[{"embeddable":true,"href":"https:\/\/mastorrencito.com\/cat\/wp-json\/wp\/v2\/users\/2"}],"replies":[{"embeddable":true,"href":"https:\/\/mastorrencito.com\/cat\/wp-json\/wp\/v2\/comments?post=3999"}],"version-history":[{"count":0,"href":"https:\/\/mastorrencito.com\/cat\/wp-json\/wp\/v2\/posts\/3999\/revisions"}],"wp:featuredmedia":[{"embeddable":true,"href":"https:\/\/mastorrencito.com\/cat\/wp-json\/wp\/v2\/media\/3995"}],"wp:attachment":[{"href":"https:\/\/mastorrencito.com\/cat\/wp-json\/wp\/v2\/media?parent=3999"}],"wp:term":[{"taxonomy":"category","embeddable":true,"href":"https:\/\/mastorrencito.com\/cat\/wp-json\/wp\/v2\/categories?post=3999"},{"taxonomy":"post_tag","embeddable":true,"href":"https:\/\/mastorrencito.com\/cat\/wp-json\/wp\/v2\/tags?post=3999"}],"curies":[{"name":"wp","href":"https:\/\/api.w.org\/{rel}","templated":true}]}}